{"id":7014,"date":"2013-10-01T10:29:26","date_gmt":"2013-10-01T13:29:26","guid":{"rendered":"http:\/\/www.deputadovander.com.br\/website\/?p=7014"},"modified":"2015-05-26T22:20:56","modified_gmt":"2015-05-27T01:20:56","slug":"vander-reitera-cobranca-pela-votacao-da-pec-que-acaba-com-contribuicao-dos-inativos","status":"publish","type":"post","link":"https:\/\/vanderloubet.com.br\/deputado\/vander-reitera-cobranca-pela-votacao-da-pec-que-acaba-com-contribuicao-dos-inativos\/","title":{"rendered":"Vander reitera cobran\u00e7a por PEC que acaba com contribui\u00e7\u00e3o dos inativos"},"content":{"rendered":"<figure id=\"attachment_7782\" aria-describedby=\"caption-attachment-7782\" style=\"width: 700px\" class=\"wp-caption alignnone\"><img decoding=\"async\" class=\"wp-image-7782 size-large\" title=\"Deputado Vander Loubet no Plen\u00e1rio da C\u00e2mara\" src=\"http:\/\/vanderloubet.com.br\/deputado\/wp-content\/uploads\/2014\/02\/foto-2013-06-11-deputado-vander-loubet-plenario-700x467.jpg\" alt=\"Deputado Vander Loubet no Plen\u00e1rio da C\u00e2mara\" width=\"700\" height=\"467\" srcset=\"https:\/\/vanderloubet.com.br\/deputado\/wp-content\/uploads\/2014\/02\/foto-2013-06-11-deputado-vander-loubet-plenario-700x467.jpg 700w, https:\/\/vanderloubet.com.br\/deputado\/wp-content\/uploads\/2014\/02\/foto-2013-06-11-deputado-vander-loubet-plenario-350x233.jpg 350w, https:\/\/vanderloubet.com.br\/deputado\/wp-content\/uploads\/2014\/02\/foto-2013-06-11-deputado-vander-loubet-plenario-768x512.jpg 768w, https:\/\/vanderloubet.com.br\/deputado\/wp-content\/uploads\/2014\/02\/foto-2013-06-11-deputado-vander-loubet-plenario-630x420.jpg 630w, https:\/\/vanderloubet.com.br\/deputado\/wp-content\/uploads\/2014\/02\/foto-2013-06-11-deputado-vander-loubet-plenario-696x464.jpg 696w, https:\/\/vanderloubet.com.br\/deputado\/wp-content\/uploads\/2014\/02\/foto-2013-06-11-deputado-vander-loubet-plenario-1068x712.jpg 1068w, https:\/\/vanderloubet.com.br\/deputado\/wp-content\/uploads\/2014\/02\/foto-2013-06-11-deputado-vander-loubet-plenario.jpg 1200w\" sizes=\"(max-width: 700px) 100vw, 700px\" \/><figcaption id=\"caption-attachment-7782\" class=\"wp-caption-text\">Deputado Vander Loubet no Plen\u00e1rio da C\u00e2mara<\/figcaption><\/figure>\n<p>No dia 30 de setembro, um dia antes da data na qual se comemora o Dia do Idoso (1\u00ba de outubro), o deputado federal Vander Loubet voltou a se manifestar pela vota\u00e7\u00e3o da PEC 555\/2006, que revoga o artigo 4\u00ba da Emenda Constitucional 41\/2003 (Reforma da Previd\u00eancia), para acabar com a cobran\u00e7a de contribui\u00e7\u00e3o previdenci\u00e1ria sobre os proventos dos servidores p\u00fablicos aposentados.<\/p>\n<p>Em mar\u00e7o, Vander j\u00e1 havia protocolado na Mesa Diretora da C\u00e2mara um requerimento (REQ 7045\/2013) solicitando a inclus\u00e3o da PEC na pauta de vota\u00e7\u00f5es.<\/p>\n<p>&#8220;O governo vem procurando desonerar o bolso do cidad\u00e3o. Nessa linha, acredito que a Uni\u00e3o poderia abrir m\u00e3o dos valores arrecadados com a contribui\u00e7\u00e3o dos inativos sem que isso cause impacto negativo no or\u00e7amento&#8221;, defendeu.<\/p>\n<p><em>(\u00c9der Yanaguita &#8211; Ascom\/Deputado Vander)<\/em><\/p>\n","protected":false},"excerpt":{"rendered":"<p>Em mar\u00e7o, Vander j\u00e1 havia protocolado um requerimento solicitando a inclus\u00e3o da PEC na pauta de vota\u00e7\u00f5es.<\/p>\n","protected":false},"author":2,"featured_media":7782,"comment_status":"closed","ping_status":"open","sticky":false,"template":"","format":"standard","meta":{"jetpack_post_was_ever_published":false,"_jetpack_newsletter_access":"","_jetpack_dont_email_post_to_subs":false,"_jetpack_newsletter_tier_id":0,"_jetpack_memberships_contains_paywalled_content":false,"_jetpack_memberships_contains_paid_content":false,"footnotes":""},"categories":[2098,10],"tags":[155,2333,2300],"class_list":{"0":"post-7014","1":"post","2":"type-post","3":"status-publish","4":"format-standard","5":"has-post-thumbnail","7":"category-brasil-noticias","8":"category-noticias","9":"tag-aposentadoria","10":"tag-contribuicao-dos-inativos","11":"tag-proposta-de-emenda-a-constituicao"},"yoast_head":"<!-- This site is optimized with the Yoast SEO plugin v27.4 - https:\/\/yoast.com\/product\/yoast-seo-wordpress\/ -->\n<title>Vander reitera cobran\u00e7a por PEC que acaba com contribui\u00e7\u00e3o dos inativos<\/title>\n<meta name=\"robots\" content=\"index, follow, max-snippet:-1, max-image-preview:large, max-video-preview:-1\" \/>\n<link rel=\"canonical\" href=\"https:\/\/vanderloubet.com.br\/deputado\/vander-reitera-cobranca-pela-votacao-da-pec-que-acaba-com-contribuicao-dos-inativos\/\" \/>\n<meta property=\"og:locale\" content=\"pt_BR\" \/>\n<meta property=\"og:type\" content=\"article\" \/>\n<meta property=\"og:title\" content=\"Vander reitera cobran\u00e7a por PEC que acaba com contribui\u00e7\u00e3o dos inativos\" \/>\n<meta property=\"og:description\" content=\"Em mar\u00e7o, Vander j\u00e1 havia protocolado um requerimento solicitando a inclus\u00e3o da PEC na pauta de vota\u00e7\u00f5es.\" \/>\n<meta property=\"og:url\" content=\"https:\/\/vanderloubet.com.br\/deputado\/vander-reitera-cobranca-pela-votacao-da-pec-que-acaba-com-contribuicao-dos-inativos\/\" \/>\n<meta property=\"og:site_name\" content=\"Deputado Federal Vander Loubet\" \/>\n<meta property=\"article:publisher\" content=\"https:\/\/facebook.com\/deputadovander\" \/>\n<meta property=\"article:published_time\" content=\"2013-10-01T13:29:26+00:00\" \/>\n<meta property=\"article:modified_time\" content=\"2015-05-27T01:20:56+00:00\" \/>\n<meta property=\"og:image\" content=\"https:\/\/vanderloubet.com.br\/deputado\/wp-content\/uploads\/2014\/02\/foto-2013-06-11-deputado-vander-loubet-plenario.jpg\" \/>\n\t<meta property=\"og:image:width\" content=\"1200\" \/>\n\t<meta property=\"og:image:height\" content=\"800\" \/>\n\t<meta property=\"og:image:type\" content=\"image\/jpeg\" \/>\n<meta name=\"author\" content=\"\u00c9der\" \/>\n<meta name=\"twitter:card\" content=\"summary_large_image\" \/>\n<meta name=\"twitter:creator\" content=\"@vanderloubet\" \/>\n<meta name=\"twitter:site\" content=\"@vanderloubet\" \/>\n<script type=\"application\/ld+json\" class=\"yoast-schema-graph\">{\"@context\":\"https:\\\/\\\/schema.org\",\"@graph\":[{\"@type\":\"Article\",\"@id\":\"https:\\\/\\\/vanderloubet.com.br\\\/deputado\\\/vander-reitera-cobranca-pela-votacao-da-pec-que-acaba-com-contribuicao-dos-inativos\\\/#article\",\"isPartOf\":{\"@id\":\"https:\\\/\\\/vanderloubet.com.br\\\/deputado\\\/vander-reitera-cobranca-pela-votacao-da-pec-que-acaba-com-contribuicao-dos-inativos\\\/\"},\"author\":{\"name\":\"\u00c9der\",\"@id\":\"https:\\\/\\\/vanderloubet.com.br\\\/deputado\\\/#\\\/schema\\\/person\\\/15b51bd564532a8a68d9dec1b8eb890e\"},\"headline\":\"Vander reitera cobran\u00e7a por PEC que acaba com contribui\u00e7\u00e3o dos inativos\",\"datePublished\":\"2013-10-01T13:29:26+00:00\",\"dateModified\":\"2015-05-27T01:20:56+00:00\",\"mainEntityOfPage\":{\"@id\":\"https:\\\/\\\/vanderloubet.com.br\\\/deputado\\\/vander-reitera-cobranca-pela-votacao-da-pec-que-acaba-com-contribuicao-dos-inativos\\\/\"},\"wordCount\":165,\"publisher\":{\"@id\":\"https:\\\/\\\/vanderloubet.com.br\\\/deputado\\\/#organization\"},\"image\":{\"@id\":\"https:\\\/\\\/vanderloubet.com.br\\\/deputado\\\/vander-reitera-cobranca-pela-votacao-da-pec-que-acaba-com-contribuicao-dos-inativos\\\/#primaryimage\"},\"thumbnailUrl\":\"https:\\\/\\\/vanderloubet.com.br\\\/deputado\\\/wp-content\\\/uploads\\\/2014\\\/02\\\/foto-2013-06-11-deputado-vander-loubet-plenario.jpg\",\"keywords\":[\"aposentadoria\",\"contribui\u00e7\u00e3o dos inativos\",\"proposta de emenda \u00e0 constitui\u00e7\u00e3o\"],\"articleSection\":[\"Brasil\",\"Not\u00edcias\"],\"inLanguage\":\"pt-BR\"},{\"@type\":\"WebPage\",\"@id\":\"https:\\\/\\\/vanderloubet.com.br\\\/deputado\\\/vander-reitera-cobranca-pela-votacao-da-pec-que-acaba-com-contribuicao-dos-inativos\\\/\",\"url\":\"https:\\\/\\\/vanderloubet.com.br\\\/deputado\\\/vander-reitera-cobranca-pela-votacao-da-pec-que-acaba-com-contribuicao-dos-inativos\\\/\",\"name\":\"Vander reitera cobran\u00e7a por PEC que acaba com contribui\u00e7\u00e3o dos inativos\",\"isPartOf\":{\"@id\":\"https:\\\/\\\/vanderloubet.com.br\\\/deputado\\\/#website\"},\"primaryImageOfPage\":{\"@id\":\"https:\\\/\\\/vanderloubet.com.br\\\/deputado\\\/vander-reitera-cobranca-pela-votacao-da-pec-que-acaba-com-contribuicao-dos-inativos\\\/#primaryimage\"},\"image\":{\"@id\":\"https:\\\/\\\/vanderloubet.com.br\\\/deputado\\\/vander-reitera-cobranca-pela-votacao-da-pec-que-acaba-com-contribuicao-dos-inativos\\\/#primaryimage\"},\"thumbnailUrl\":\"https:\\\/\\\/vanderloubet.com.br\\\/deputado\\\/wp-content\\\/uploads\\\/2014\\\/02\\\/foto-2013-06-11-deputado-vander-loubet-plenario.jpg\",\"datePublished\":\"2013-10-01T13:29:26+00:00\",\"dateModified\":\"2015-05-27T01:20:56+00:00\",\"breadcrumb\":{\"@id\":\"https:\\\/\\\/vanderloubet.com.br\\\/deputado\\\/vander-reitera-cobranca-pela-votacao-da-pec-que-acaba-com-contribuicao-dos-inativos\\\/#breadcrumb\"},\"inLanguage\":\"pt-BR\",\"potentialAction\":[{\"@type\":\"ReadAction\",\"target\":[\"https:\\\/\\\/vanderloubet.com.br\\\/deputado\\\/vander-reitera-cobranca-pela-votacao-da-pec-que-acaba-com-contribuicao-dos-inativos\\\/\"]}]},{\"@type\":\"ImageObject\",\"inLanguage\":\"pt-BR\",\"@id\":\"https:\\\/\\\/vanderloubet.com.br\\\/deputado\\\/vander-reitera-cobranca-pela-votacao-da-pec-que-acaba-com-contribuicao-dos-inativos\\\/#primaryimage\",\"url\":\"https:\\\/\\\/vanderloubet.com.br\\\/deputado\\\/wp-content\\\/uploads\\\/2014\\\/02\\\/foto-2013-06-11-deputado-vander-loubet-plenario.jpg\",\"contentUrl\":\"https:\\\/\\\/vanderloubet.com.br\\\/deputado\\\/wp-content\\\/uploads\\\/2014\\\/02\\\/foto-2013-06-11-deputado-vander-loubet-plenario.jpg\",\"width\":1200,\"height\":800,\"caption\":\"Deputado Vander Loubet no Plen\u00e1rio da C\u00e2mara\"},{\"@type\":\"BreadcrumbList\",\"@id\":\"https:\\\/\\\/vanderloubet.com.br\\\/deputado\\\/vander-reitera-cobranca-pela-votacao-da-pec-que-acaba-com-contribuicao-dos-inativos\\\/#breadcrumb\",\"itemListElement\":[{\"@type\":\"ListItem\",\"position\":1,\"name\":\"In\u00edcio\",\"item\":\"https:\\\/\\\/vanderloubet.com.br\\\/deputado\\\/\"},{\"@type\":\"ListItem\",\"position\":2,\"name\":\"Vander reitera cobran\u00e7a por PEC que acaba com contribui\u00e7\u00e3o dos inativos\"}]},{\"@type\":\"WebSite\",\"@id\":\"https:\\\/\\\/vanderloubet.com.br\\\/deputado\\\/#website\",\"url\":\"https:\\\/\\\/vanderloubet.com.br\\\/deputado\\\/\",\"name\":\"Deputado Federal Vander Loubet\",\"description\":\"O Federal de MS\",\"publisher\":{\"@id\":\"https:\\\/\\\/vanderloubet.com.br\\\/deputado\\\/#organization\"},\"alternateName\":\"Deputado Vander\",\"potentialAction\":[{\"@type\":\"SearchAction\",\"target\":{\"@type\":\"EntryPoint\",\"urlTemplate\":\"https:\\\/\\\/vanderloubet.com.br\\\/deputado\\\/?s={search_term_string}\"},\"query-input\":{\"@type\":\"PropertyValueSpecification\",\"valueRequired\":true,\"valueName\":\"search_term_string\"}}],\"inLanguage\":\"pt-BR\"},{\"@type\":\"Organization\",\"@id\":\"https:\\\/\\\/vanderloubet.com.br\\\/deputado\\\/#organization\",\"name\":\"Deputado Federal Vander Loubet\",\"alternateName\":\"Deputado Vander\",\"url\":\"https:\\\/\\\/vanderloubet.com.br\\\/deputado\\\/\",\"logo\":{\"@type\":\"ImageObject\",\"inLanguage\":\"pt-BR\",\"@id\":\"https:\\\/\\\/vanderloubet.com.br\\\/deputado\\\/#\\\/schema\\\/logo\\\/image\\\/\",\"url\":\"https:\\\/\\\/vanderloubet.com.br\\\/deputado\\\/wp-content\\\/uploads\\\/2023\\\/06\\\/foto-2023-06-19-mandato-deputado-vander.jpg\",\"contentUrl\":\"https:\\\/\\\/vanderloubet.com.br\\\/deputado\\\/wp-content\\\/uploads\\\/2023\\\/06\\\/foto-2023-06-19-mandato-deputado-vander.jpg\",\"width\":1080,\"height\":1080,\"caption\":\"Deputado Federal Vander Loubet\"},\"image\":{\"@id\":\"https:\\\/\\\/vanderloubet.com.br\\\/deputado\\\/#\\\/schema\\\/logo\\\/image\\\/\"},\"sameAs\":[\"https:\\\/\\\/facebook.com\\\/deputadovander\",\"https:\\\/\\\/x.com\\\/vanderloubet\",\"https:\\\/\\\/instagram.com\\\/vanderloubet\",\"https:\\\/\\\/youtube.com\\\/vanderloubet\",\"https:\\\/\\\/tiktok.com\\\/@vanderloubetms\"]},{\"@type\":\"Person\",\"@id\":\"https:\\\/\\\/vanderloubet.com.br\\\/deputado\\\/#\\\/schema\\\/person\\\/15b51bd564532a8a68d9dec1b8eb890e\",\"name\":\"\u00c9der\",\"image\":{\"@type\":\"ImageObject\",\"inLanguage\":\"pt-BR\",\"@id\":\"https:\\\/\\\/vanderloubet.com.br\\\/deputado\\\/wp-content\\\/litespeed\\\/avatar\\\/88ca4090d9d5ab1c9495f6ca03b68efa.jpg?ver=1777058957\",\"url\":\"https:\\\/\\\/vanderloubet.com.br\\\/deputado\\\/wp-content\\\/litespeed\\\/avatar\\\/88ca4090d9d5ab1c9495f6ca03b68efa.jpg?ver=1777058957\",\"contentUrl\":\"https:\\\/\\\/vanderloubet.com.br\\\/deputado\\\/wp-content\\\/litespeed\\\/avatar\\\/88ca4090d9d5ab1c9495f6ca03b68efa.jpg?ver=1777058957\",\"caption\":\"\u00c9der\"}}]}<\/script>\n<!-- \/ Yoast SEO plugin. -->","yoast_head_json":{"title":"Vander reitera cobran\u00e7a por PEC que acaba com contribui\u00e7\u00e3o dos inativos","robots":{"index":"index","follow":"follow","max-snippet":"max-snippet:-1","max-image-preview":"max-image-preview:large","max-video-preview":"max-video-preview:-1"},"canonical":"https:\/\/vanderloubet.com.br\/deputado\/vander-reitera-cobranca-pela-votacao-da-pec-que-acaba-com-contribuicao-dos-inativos\/","og_locale":"pt_BR","og_type":"article","og_title":"Vander reitera cobran\u00e7a por PEC que acaba com contribui\u00e7\u00e3o dos inativos","og_description":"Em mar\u00e7o, Vander j\u00e1 havia protocolado um requerimento solicitando a inclus\u00e3o da PEC na pauta de vota\u00e7\u00f5es.","og_url":"https:\/\/vanderloubet.com.br\/deputado\/vander-reitera-cobranca-pela-votacao-da-pec-que-acaba-com-contribuicao-dos-inativos\/","og_site_name":"Deputado Federal Vander Loubet","article_publisher":"https:\/\/facebook.com\/deputadovander","article_published_time":"2013-10-01T13:29:26+00:00","article_modified_time":"2015-05-27T01:20:56+00:00","og_image":[{"width":1200,"height":800,"url":"https:\/\/vanderloubet.com.br\/deputado\/wp-content\/uploads\/2014\/02\/foto-2013-06-11-deputado-vander-loubet-plenario.jpg","type":"image\/jpeg"}],"author":"\u00c9der","twitter_card":"summary_large_image","twitter_creator":"@vanderloubet","twitter_site":"@vanderloubet","schema":{"@context":"https:\/\/schema.org","@graph":[{"@type":"Article","@id":"https:\/\/vanderloubet.com.br\/deputado\/vander-reitera-cobranca-pela-votacao-da-pec-que-acaba-com-contribuicao-dos-inativos\/#article","isPartOf":{"@id":"https:\/\/vanderloubet.com.br\/deputado\/vander-reitera-cobranca-pela-votacao-da-pec-que-acaba-com-contribuicao-dos-inativos\/"},"author":{"name":"\u00c9der","@id":"https:\/\/vanderloubet.com.br\/deputado\/#\/schema\/person\/15b51bd564532a8a68d9dec1b8eb890e"},"headline":"Vander reitera cobran\u00e7a por PEC que acaba com contribui\u00e7\u00e3o dos inativos","datePublished":"2013-10-01T13:29:26+00:00","dateModified":"2015-05-27T01:20:56+00:00","mainEntityOfPage":{"@id":"https:\/\/vanderloubet.com.br\/deputado\/vander-reitera-cobranca-pela-votacao-da-pec-que-acaba-com-contribuicao-dos-inativos\/"},"wordCount":165,"publisher":{"@id":"https:\/\/vanderloubet.com.br\/deputado\/#organization"},"image":{"@id":"https:\/\/vanderloubet.com.br\/deputado\/vander-reitera-cobranca-pela-votacao-da-pec-que-acaba-com-contribuicao-dos-inativos\/#primaryimage"},"thumbnailUrl":"https:\/\/vanderloubet.com.br\/deputado\/wp-content\/uploads\/2014\/02\/foto-2013-06-11-deputado-vander-loubet-plenario.jpg","keywords":["aposentadoria","contribui\u00e7\u00e3o dos inativos","proposta de emenda \u00e0 constitui\u00e7\u00e3o"],"articleSection":["Brasil","Not\u00edcias"],"inLanguage":"pt-BR"},{"@type":"WebPage","@id":"https:\/\/vanderloubet.com.br\/deputado\/vander-reitera-cobranca-pela-votacao-da-pec-que-acaba-com-contribuicao-dos-inativos\/","url":"https:\/\/vanderloubet.com.br\/deputado\/vander-reitera-cobranca-pela-votacao-da-pec-que-acaba-com-contribuicao-dos-inativos\/","name":"Vander reitera cobran\u00e7a por PEC que acaba com contribui\u00e7\u00e3o dos inativos","isPartOf":{"@id":"https:\/\/vanderloubet.com.br\/deputado\/#website"},"primaryImageOfPage":{"@id":"https:\/\/vanderloubet.com.br\/deputado\/vander-reitera-cobranca-pela-votacao-da-pec-que-acaba-com-contribuicao-dos-inativos\/#primaryimage"},"image":{"@id":"https:\/\/vanderloubet.com.br\/deputado\/vander-reitera-cobranca-pela-votacao-da-pec-que-acaba-com-contribuicao-dos-inativos\/#primaryimage"},"thumbnailUrl":"https:\/\/vanderloubet.com.br\/deputado\/wp-content\/uploads\/2014\/02\/foto-2013-06-11-deputado-vander-loubet-plenario.jpg","datePublished":"2013-10-01T13:29:26+00:00","dateModified":"2015-05-27T01:20:56+00:00","breadcrumb":{"@id":"https:\/\/vanderloubet.com.br\/deputado\/vander-reitera-cobranca-pela-votacao-da-pec-que-acaba-com-contribuicao-dos-inativos\/#breadcrumb"},"inLanguage":"pt-BR","potentialAction":[{"@type":"ReadAction","target":["https:\/\/vanderloubet.com.br\/deputado\/vander-reitera-cobranca-pela-votacao-da-pec-que-acaba-com-contribuicao-dos-inativos\/"]}]},{"@type":"ImageObject","inLanguage":"pt-BR","@id":"https:\/\/vanderloubet.com.br\/deputado\/vander-reitera-cobranca-pela-votacao-da-pec-que-acaba-com-contribuicao-dos-inativos\/#primaryimage","url":"https:\/\/vanderloubet.com.br\/deputado\/wp-content\/uploads\/2014\/02\/foto-2013-06-11-deputado-vander-loubet-plenario.jpg","contentUrl":"https:\/\/vanderloubet.com.br\/deputado\/wp-content\/uploads\/2014\/02\/foto-2013-06-11-deputado-vander-loubet-plenario.jpg","width":1200,"height":800,"caption":"Deputado Vander Loubet no Plen\u00e1rio da C\u00e2mara"},{"@type":"BreadcrumbList","@id":"https:\/\/vanderloubet.com.br\/deputado\/vander-reitera-cobranca-pela-votacao-da-pec-que-acaba-com-contribuicao-dos-inativos\/#breadcrumb","itemListElement":[{"@type":"ListItem","position":1,"name":"In\u00edcio","item":"https:\/\/vanderloubet.com.br\/deputado\/"},{"@type":"ListItem","position":2,"name":"Vander reitera cobran\u00e7a por PEC que acaba com contribui\u00e7\u00e3o dos inativos"}]},{"@type":"WebSite","@id":"https:\/\/vanderloubet.com.br\/deputado\/#website","url":"https:\/\/vanderloubet.com.br\/deputado\/","name":"Deputado Federal Vander Loubet","description":"O Federal de MS","publisher":{"@id":"https:\/\/vanderloubet.com.br\/deputado\/#organization"},"alternateName":"Deputado Vander","potentialAction":[{"@type":"SearchAction","target":{"@type":"EntryPoint","urlTemplate":"https:\/\/vanderloubet.com.br\/deputado\/?s={search_term_string}"},"query-input":{"@type":"PropertyValueSpecification","valueRequired":true,"valueName":"search_term_string"}}],"inLanguage":"pt-BR"},{"@type":"Organization","@id":"https:\/\/vanderloubet.com.br\/deputado\/#organization","name":"Deputado Federal Vander Loubet","alternateName":"Deputado Vander","url":"https:\/\/vanderloubet.com.br\/deputado\/","logo":{"@type":"ImageObject","inLanguage":"pt-BR","@id":"https:\/\/vanderloubet.com.br\/deputado\/#\/schema\/logo\/image\/","url":"https:\/\/vanderloubet.com.br\/deputado\/wp-content\/uploads\/2023\/06\/foto-2023-06-19-mandato-deputado-vander.jpg","contentUrl":"https:\/\/vanderloubet.com.br\/deputado\/wp-content\/uploads\/2023\/06\/foto-2023-06-19-mandato-deputado-vander.jpg","width":1080,"height":1080,"caption":"Deputado Federal Vander Loubet"},"image":{"@id":"https:\/\/vanderloubet.com.br\/deputado\/#\/schema\/logo\/image\/"},"sameAs":["https:\/\/facebook.com\/deputadovander","https:\/\/x.com\/vanderloubet","https:\/\/instagram.com\/vanderloubet","https:\/\/youtube.com\/vanderloubet","https:\/\/tiktok.com\/@vanderloubetms"]},{"@type":"Person","@id":"https:\/\/vanderloubet.com.br\/deputado\/#\/schema\/person\/15b51bd564532a8a68d9dec1b8eb890e","name":"\u00c9der","image":{"@type":"ImageObject","inLanguage":"pt-BR","@id":"https:\/\/vanderloubet.com.br\/deputado\/wp-content\/litespeed\/avatar\/88ca4090d9d5ab1c9495f6ca03b68efa.jpg?ver=1777058957","url":"https:\/\/vanderloubet.com.br\/deputado\/wp-content\/litespeed\/avatar\/88ca4090d9d5ab1c9495f6ca03b68efa.jpg?ver=1777058957","contentUrl":"https:\/\/vanderloubet.com.br\/deputado\/wp-content\/litespeed\/avatar\/88ca4090d9d5ab1c9495f6ca03b68efa.jpg?ver=1777058957","caption":"\u00c9der"}}]}},"jetpack_featured_media_url":"https:\/\/vanderloubet.com.br\/deputado\/wp-content\/uploads\/2014\/02\/foto-2013-06-11-deputado-vander-loubet-plenario.jpg","jetpack_sharing_enabled":true,"_links":{"self":[{"href":"https:\/\/vanderloubet.com.br\/deputado\/wp-json\/wp\/v2\/posts\/7014","targetHints":{"allow":["GET"]}}],"collection":[{"href":"https:\/\/vanderloubet.com.br\/deputado\/wp-json\/wp\/v2\/posts"}],"about":[{"href":"https:\/\/vanderloubet.com.br\/deputado\/wp-json\/wp\/v2\/types\/post"}],"author":[{"embeddable":true,"href":"https:\/\/vanderloubet.com.br\/deputado\/wp-json\/wp\/v2\/users\/2"}],"replies":[{"embeddable":true,"href":"https:\/\/vanderloubet.com.br\/deputado\/wp-json\/wp\/v2\/comments?post=7014"}],"version-history":[{"count":0,"href":"https:\/\/vanderloubet.com.br\/deputado\/wp-json\/wp\/v2\/posts\/7014\/revisions"}],"wp:featuredmedia":[{"embeddable":true,"href":"https:\/\/vanderloubet.com.br\/deputado\/wp-json\/wp\/v2\/media\/7782"}],"wp:attachment":[{"href":"https:\/\/vanderloubet.com.br\/deputado\/wp-json\/wp\/v2\/media?parent=7014"}],"wp:term":[{"taxonomy":"category","embeddable":true,"href":"https:\/\/vanderloubet.com.br\/deputado\/wp-json\/wp\/v2\/categories?post=7014"},{"taxonomy":"post_tag","embeddable":true,"href":"https:\/\/vanderloubet.com.br\/deputado\/wp-json\/wp\/v2\/tags?post=7014"}],"curies":[{"name":"wp","href":"https:\/\/api.w.org\/{rel}","templated":true}]}}