{"id":700,"date":"2010-05-03T09:47:27","date_gmt":"2010-05-03T13:47:27","guid":{"rendered":"http:\/\/www.deputadovander.com.br\/website\/?p=700"},"modified":"2010-05-03T09:47:27","modified_gmt":"2010-05-03T13:47:27","slug":"vander-apresenta-pl-51052005-e-pl-24172003-no-plenario-da-camara","status":"publish","type":"post","link":"https:\/\/vanderloubet.com.br\/deputado\/vander-apresenta-pl-51052005-e-pl-24172003-no-plenario-da-camara\/","title":{"rendered":"PLs defendem entidades sem fins lucrativos e inclus\u00e3o digital"},"content":{"rendered":"<p style=\"text-align: center;\">\n<figure id=\"attachment_240\" aria-describedby=\"caption-attachment-240\" style=\"width: 300px\" class=\"wp-caption aligncenter\"><a href=\"http:\/\/deputadovander.com.br\/website\/wp-content\/uploads\/2010\/03\/foto-2010-03-02-discurso-brasilia1.jpg\" target=\"_blank\"><img decoding=\"async\" class=\"size-medium wp-image-240 \" title=\"foto-2010-03-02-discurso-brasilia\" src=\"http:\/\/www.deputadovander.com.br\/website\/wp-content\/uploads\/2010\/03\/foto-2010-03-02-discurso-brasilia-300x225.jpg\" alt=\"Deputado Vander em Bras\u00edlia\" width=\"300\" height=\"225\" \/><\/a><figcaption id=\"caption-attachment-240\" class=\"wp-caption-text\">Deputado Vander em Bras\u00edlia<\/figcaption><\/figure>\n<p>O deputado federal Vander Loubet (PT-MS) tem, tramitando na C\u00e2mara, dois Projetos de Lei &#8211; 5105\/2005 e 2417\/2003 &#8211; nos quais busca a isen\u00e7\u00e3o de pagamento de direitos autorais a execu\u00e7\u00e3o p\u00fablica de obras musicais ou l\u00edtero-musicais em eventos beneficentes, realizados por entidades sem fins lucrativos; e a promo\u00e7\u00e3o da inclus\u00e3o digital e da capacita\u00e7\u00e3o em tecnologias de tratamento da informa\u00e7\u00e3o.<\/p>\n<p>Sobre a isen\u00e7\u00e3o de pagamento de direitos autorais, o parlamentar afirma que a medida se justifica por pressupostos constitucionais, como o que prev\u00ea a constru\u00e7\u00e3o de uma sociedade solid\u00e1ria e a promo\u00e7\u00e3o do bem de todos. &#8220;Vale lembrar que h\u00e1 decis\u00f5es antigas do STJ [Superior Tribunal de Justi\u00e7a] que declararam indevida a cobran\u00e7a, pelo Ecad [Escrit\u00f3rio Central de Arrecada\u00e7\u00e3o e Distribui\u00e7\u00e3o], de direitos autorais de munic\u00edpios que promoviam eventos gratuitos com execu\u00e7\u00e3o de m\u00fasicas. S\u00f3 que a jurisprud\u00eancia do STJ hoje \u00e9 no sentido contr\u00e1rio, porque houve altera\u00e7\u00e3o legislativa, ampliando as hip\u00f3teses em que os direitos autorais sobre execu\u00e7\u00e3o musical podem ser cobrados&#8221;, destaca Vander.<\/p>\n<p>Em rela\u00e7\u00e3o ao PL-2417\/2003, o deputado federal ressalta que, durante o governo Lula, a quantidade de pessoas com acesso \u00e0 web cresceu bastante (estima-se que 30% da popula\u00e7\u00e3o brasileira tenha acesso \u00e0 internet), mas que a maior parte dos brasileiros ainda est\u00e1 exclu\u00edda desse processo. Vander Loubet pretende ampliar o acesso \u00e0 rede de computadores: &#8220;Queremos fomentar o treinamento e o acesso das comunidades de baixa renda \u00e0 Internet, seja pela oferta de cursos, seja pela disponibiliza\u00e7\u00e3o de centros de atendimento ou quiosques para uso de computadores. Esperamos contribuir para o surgimento de uma sociedade da informa\u00e7\u00e3o moderna no Brasil&#8221;, diz o deputado.<\/p>\n<p>Entre as determina\u00e7\u00f5es do Projeto est\u00e1 a quest\u00e3o do Fundo de Universaliza\u00e7\u00e3o dos Servi\u00e7os de Telecomunica\u00e7\u00f5es (Fust). O Poder Executivo reservar\u00e1 5% dos recursos do fundo para a instala\u00e7\u00e3o e opera\u00e7\u00e3o de espa\u00e7os p\u00fablicos dotados de equipamentos de acesso a redes de computadores e para a forma\u00e7\u00e3o e treinamento de comunidades de baixa renda no uso da inform\u00e1tica.<\/p>\n<p>\u00cdntegra da proposta: <strong><a title=\"Link\" href=\"http:\/\/www.camara.gov.br\/sileg\/Prop_Detalhe.asp?id=283283\" target=\"_blank\">PL-5105\/2005<\/a><\/strong> e <a title=\"Link\" href=\"http:\/\/www.camara.gov.br\/sileg\/Prop_Detalhe.asp?id=140822\" target=\"_blank\"><strong>PL-2417\/2003<\/strong><\/a><\/p>\n<p><small>(\u00c9der Yanaguita &#8211; Assessoria de Comunica\u00e7\u00e3o)<\/small><\/p>\n","protected":false},"excerpt":{"rendered":"<p>PL-5105\/2005 prev\u00ea isen\u00e7\u00e3o da taxa de direitos autorais para entidades sem fins lucrativos; PL-2417\/2003 trata da inclus\u00e3o digital.<\/p>\n","protected":false},"author":2,"featured_media":0,"comment_status":"closed","ping_status":"open","sticky":false,"template":"","format":"standard","meta":{"jetpack_post_was_ever_published":false,"_jetpack_newsletter_access":"","_jetpack_dont_email_post_to_subs":false,"_jetpack_newsletter_tier_id":0,"_jetpack_memberships_contains_paywalled_content":false,"_jetpack_memberships_contains_paid_content":false,"footnotes":""},"categories":[10],"tags":[332,643,684,1012,1559,1635,2035],"class_list":{"0":"post-700","1":"post","2":"type-post","3":"status-publish","4":"format-standard","6":"category-noticias","7":"tag-camara","8":"tag-direitos-autorais","9":"tag-ecad","10":"tag-inclusao-digital","11":"tag-plenario","12":"tag-projeto-de-lei","13":"tag-vander-loubet"},"yoast_head":"<!-- This site is optimized with the Yoast SEO plugin v27.4 - https:\/\/yoast.com\/product\/yoast-seo-wordpress\/ -->\n<title>PLs defendem entidades sem fins lucrativos e inclus\u00e3o digital<\/title>\n<meta name=\"robots\" content=\"index, follow, max-snippet:-1, max-image-preview:large, max-video-preview:-1\" \/>\n<link rel=\"canonical\" href=\"https:\/\/vanderloubet.com.br\/deputado\/vander-apresenta-pl-51052005-e-pl-24172003-no-plenario-da-camara\/\" \/>\n<meta property=\"og:locale\" content=\"pt_BR\" \/>\n<meta property=\"og:type\" content=\"article\" \/>\n<meta property=\"og:title\" content=\"PLs defendem entidades sem fins lucrativos e inclus\u00e3o digital\" \/>\n<meta property=\"og:description\" content=\"PL-5105\/2005 prev\u00ea isen\u00e7\u00e3o da taxa de direitos autorais para entidades sem fins lucrativos; PL-2417\/2003 trata da inclus\u00e3o digital.\" \/>\n<meta property=\"og:url\" content=\"https:\/\/vanderloubet.com.br\/deputado\/vander-apresenta-pl-51052005-e-pl-24172003-no-plenario-da-camara\/\" \/>\n<meta property=\"og:site_name\" content=\"Deputado Federal Vander Loubet\" \/>\n<meta property=\"article:publisher\" content=\"https:\/\/facebook.com\/deputadovander\" \/>\n<meta property=\"article:published_time\" content=\"2010-05-03T13:47:27+00:00\" \/>\n<meta property=\"og:image\" content=\"http:\/\/www.deputadovander.com.br\/website\/wp-content\/uploads\/2010\/03\/foto-2010-03-02-discurso-brasilia-300x225.jpg\" \/>\n<meta name=\"author\" content=\"\u00c9der\" \/>\n<meta name=\"twitter:card\" content=\"summary_large_image\" \/>\n<meta name=\"twitter:creator\" content=\"@vanderloubet\" \/>\n<meta name=\"twitter:site\" content=\"@vanderloubet\" \/>\n<script type=\"application\/ld+json\" class=\"yoast-schema-graph\">{\"@context\":\"https:\\\/\\\/schema.org\",\"@graph\":[{\"@type\":\"Article\",\"@id\":\"https:\\\/\\\/vanderloubet.com.br\\\/deputado\\\/vander-apresenta-pl-51052005-e-pl-24172003-no-plenario-da-camara\\\/#article\",\"isPartOf\":{\"@id\":\"https:\\\/\\\/vanderloubet.com.br\\\/deputado\\\/vander-apresenta-pl-51052005-e-pl-24172003-no-plenario-da-camara\\\/\"},\"author\":{\"name\":\"\u00c9der\",\"@id\":\"https:\\\/\\\/vanderloubet.com.br\\\/deputado\\\/#\\\/schema\\\/person\\\/15b51bd564532a8a68d9dec1b8eb890e\"},\"headline\":\"PLs defendem entidades sem fins lucrativos e inclus\u00e3o digital\",\"datePublished\":\"2010-05-03T13:47:27+00:00\",\"mainEntityOfPage\":{\"@id\":\"https:\\\/\\\/vanderloubet.com.br\\\/deputado\\\/vander-apresenta-pl-51052005-e-pl-24172003-no-plenario-da-camara\\\/\"},\"wordCount\":397,\"publisher\":{\"@id\":\"https:\\\/\\\/vanderloubet.com.br\\\/deputado\\\/#organization\"},\"image\":{\"@id\":\"https:\\\/\\\/vanderloubet.com.br\\\/deputado\\\/vander-apresenta-pl-51052005-e-pl-24172003-no-plenario-da-camara\\\/#primaryimage\"},\"thumbnailUrl\":\"http:\\\/\\\/www.deputadovander.com.br\\\/website\\\/wp-content\\\/uploads\\\/2010\\\/03\\\/foto-2010-03-02-discurso-brasilia-300x225.jpg\",\"keywords\":[\"c\u00e2mara\",\"direitos autorais\",\"ecad\",\"inclus\u00e3o digital\",\"plen\u00e1rio\",\"projeto de lei\",\"vander loubet\"],\"articleSection\":[\"Not\u00edcias\"],\"inLanguage\":\"pt-BR\"},{\"@type\":\"WebPage\",\"@id\":\"https:\\\/\\\/vanderloubet.com.br\\\/deputado\\\/vander-apresenta-pl-51052005-e-pl-24172003-no-plenario-da-camara\\\/\",\"url\":\"https:\\\/\\\/vanderloubet.com.br\\\/deputado\\\/vander-apresenta-pl-51052005-e-pl-24172003-no-plenario-da-camara\\\/\",\"name\":\"PLs defendem entidades sem fins lucrativos e inclus\u00e3o digital\",\"isPartOf\":{\"@id\":\"https:\\\/\\\/vanderloubet.com.br\\\/deputado\\\/#website\"},\"primaryImageOfPage\":{\"@id\":\"https:\\\/\\\/vanderloubet.com.br\\\/deputado\\\/vander-apresenta-pl-51052005-e-pl-24172003-no-plenario-da-camara\\\/#primaryimage\"},\"image\":{\"@id\":\"https:\\\/\\\/vanderloubet.com.br\\\/deputado\\\/vander-apresenta-pl-51052005-e-pl-24172003-no-plenario-da-camara\\\/#primaryimage\"},\"thumbnailUrl\":\"http:\\\/\\\/www.deputadovander.com.br\\\/website\\\/wp-content\\\/uploads\\\/2010\\\/03\\\/foto-2010-03-02-discurso-brasilia-300x225.jpg\",\"datePublished\":\"2010-05-03T13:47:27+00:00\",\"breadcrumb\":{\"@id\":\"https:\\\/\\\/vanderloubet.com.br\\\/deputado\\\/vander-apresenta-pl-51052005-e-pl-24172003-no-plenario-da-camara\\\/#breadcrumb\"},\"inLanguage\":\"pt-BR\",\"potentialAction\":[{\"@type\":\"ReadAction\",\"target\":[\"https:\\\/\\\/vanderloubet.com.br\\\/deputado\\\/vander-apresenta-pl-51052005-e-pl-24172003-no-plenario-da-camara\\\/\"]}]},{\"@type\":\"ImageObject\",\"inLanguage\":\"pt-BR\",\"@id\":\"https:\\\/\\\/vanderloubet.com.br\\\/deputado\\\/vander-apresenta-pl-51052005-e-pl-24172003-no-plenario-da-camara\\\/#primaryimage\",\"url\":\"http:\\\/\\\/www.deputadovander.com.br\\\/website\\\/wp-content\\\/uploads\\\/2010\\\/03\\\/foto-2010-03-02-discurso-brasilia-300x225.jpg\",\"contentUrl\":\"http:\\\/\\\/www.deputadovander.com.br\\\/website\\\/wp-content\\\/uploads\\\/2010\\\/03\\\/foto-2010-03-02-discurso-brasilia-300x225.jpg\"},{\"@type\":\"BreadcrumbList\",\"@id\":\"https:\\\/\\\/vanderloubet.com.br\\\/deputado\\\/vander-apresenta-pl-51052005-e-pl-24172003-no-plenario-da-camara\\\/#breadcrumb\",\"itemListElement\":[{\"@type\":\"ListItem\",\"position\":1,\"name\":\"In\u00edcio\",\"item\":\"https:\\\/\\\/vanderloubet.com.br\\\/deputado\\\/\"},{\"@type\":\"ListItem\",\"position\":2,\"name\":\"PLs defendem entidades sem fins lucrativos e inclus\u00e3o digital\"}]},{\"@type\":\"WebSite\",\"@id\":\"https:\\\/\\\/vanderloubet.com.br\\\/deputado\\\/#website\",\"url\":\"https:\\\/\\\/vanderloubet.com.br\\\/deputado\\\/\",\"name\":\"Deputado Federal Vander Loubet\",\"description\":\"O Federal de MS\",\"publisher\":{\"@id\":\"https:\\\/\\\/vanderloubet.com.br\\\/deputado\\\/#organization\"},\"alternateName\":\"Deputado Vander\",\"potentialAction\":[{\"@type\":\"SearchAction\",\"target\":{\"@type\":\"EntryPoint\",\"urlTemplate\":\"https:\\\/\\\/vanderloubet.com.br\\\/deputado\\\/?s={search_term_string}\"},\"query-input\":{\"@type\":\"PropertyValueSpecification\",\"valueRequired\":true,\"valueName\":\"search_term_string\"}}],\"inLanguage\":\"pt-BR\"},{\"@type\":\"Organization\",\"@id\":\"https:\\\/\\\/vanderloubet.com.br\\\/deputado\\\/#organization\",\"name\":\"Deputado Federal Vander Loubet\",\"alternateName\":\"Deputado Vander\",\"url\":\"https:\\\/\\\/vanderloubet.com.br\\\/deputado\\\/\",\"logo\":{\"@type\":\"ImageObject\",\"inLanguage\":\"pt-BR\",\"@id\":\"https:\\\/\\\/vanderloubet.com.br\\\/deputado\\\/#\\\/schema\\\/logo\\\/image\\\/\",\"url\":\"https:\\\/\\\/vanderloubet.com.br\\\/deputado\\\/wp-content\\\/uploads\\\/2023\\\/06\\\/foto-2023-06-19-mandato-deputado-vander.jpg\",\"contentUrl\":\"https:\\\/\\\/vanderloubet.com.br\\\/deputado\\\/wp-content\\\/uploads\\\/2023\\\/06\\\/foto-2023-06-19-mandato-deputado-vander.jpg\",\"width\":1080,\"height\":1080,\"caption\":\"Deputado Federal Vander Loubet\"},\"image\":{\"@id\":\"https:\\\/\\\/vanderloubet.com.br\\\/deputado\\\/#\\\/schema\\\/logo\\\/image\\\/\"},\"sameAs\":[\"https:\\\/\\\/facebook.com\\\/deputadovander\",\"https:\\\/\\\/x.com\\\/vanderloubet\",\"https:\\\/\\\/instagram.com\\\/vanderloubet\",\"https:\\\/\\\/youtube.com\\\/vanderloubet\",\"https:\\\/\\\/tiktok.com\\\/@vanderloubetms\"]},{\"@type\":\"Person\",\"@id\":\"https:\\\/\\\/vanderloubet.com.br\\\/deputado\\\/#\\\/schema\\\/person\\\/15b51bd564532a8a68d9dec1b8eb890e\",\"name\":\"\u00c9der\",\"image\":{\"@type\":\"ImageObject\",\"inLanguage\":\"pt-BR\",\"@id\":\"https:\\\/\\\/vanderloubet.com.br\\\/deputado\\\/wp-content\\\/litespeed\\\/avatar\\\/88ca4090d9d5ab1c9495f6ca03b68efa.jpg?ver=1777058957\",\"url\":\"https:\\\/\\\/vanderloubet.com.br\\\/deputado\\\/wp-content\\\/litespeed\\\/avatar\\\/88ca4090d9d5ab1c9495f6ca03b68efa.jpg?ver=1777058957\",\"contentUrl\":\"https:\\\/\\\/vanderloubet.com.br\\\/deputado\\\/wp-content\\\/litespeed\\\/avatar\\\/88ca4090d9d5ab1c9495f6ca03b68efa.jpg?ver=1777058957\",\"caption\":\"\u00c9der\"}}]}<\/script>\n<!-- \/ Yoast SEO plugin. -->","yoast_head_json":{"title":"PLs defendem entidades sem fins lucrativos e inclus\u00e3o digital","robots":{"index":"index","follow":"follow","max-snippet":"max-snippet:-1","max-image-preview":"max-image-preview:large","max-video-preview":"max-video-preview:-1"},"canonical":"https:\/\/vanderloubet.com.br\/deputado\/vander-apresenta-pl-51052005-e-pl-24172003-no-plenario-da-camara\/","og_locale":"pt_BR","og_type":"article","og_title":"PLs defendem entidades sem fins lucrativos e inclus\u00e3o digital","og_description":"PL-5105\/2005 prev\u00ea isen\u00e7\u00e3o da taxa de direitos autorais para entidades sem fins lucrativos; PL-2417\/2003 trata da inclus\u00e3o digital.","og_url":"https:\/\/vanderloubet.com.br\/deputado\/vander-apresenta-pl-51052005-e-pl-24172003-no-plenario-da-camara\/","og_site_name":"Deputado Federal Vander Loubet","article_publisher":"https:\/\/facebook.com\/deputadovander","article_published_time":"2010-05-03T13:47:27+00:00","og_image":[{"url":"http:\/\/www.deputadovander.com.br\/website\/wp-content\/uploads\/2010\/03\/foto-2010-03-02-discurso-brasilia-300x225.jpg","type":"","width":"","height":""}],"author":"\u00c9der","twitter_card":"summary_large_image","twitter_creator":"@vanderloubet","twitter_site":"@vanderloubet","schema":{"@context":"https:\/\/schema.org","@graph":[{"@type":"Article","@id":"https:\/\/vanderloubet.com.br\/deputado\/vander-apresenta-pl-51052005-e-pl-24172003-no-plenario-da-camara\/#article","isPartOf":{"@id":"https:\/\/vanderloubet.com.br\/deputado\/vander-apresenta-pl-51052005-e-pl-24172003-no-plenario-da-camara\/"},"author":{"name":"\u00c9der","@id":"https:\/\/vanderloubet.com.br\/deputado\/#\/schema\/person\/15b51bd564532a8a68d9dec1b8eb890e"},"headline":"PLs defendem entidades sem fins lucrativos e inclus\u00e3o digital","datePublished":"2010-05-03T13:47:27+00:00","mainEntityOfPage":{"@id":"https:\/\/vanderloubet.com.br\/deputado\/vander-apresenta-pl-51052005-e-pl-24172003-no-plenario-da-camara\/"},"wordCount":397,"publisher":{"@id":"https:\/\/vanderloubet.com.br\/deputado\/#organization"},"image":{"@id":"https:\/\/vanderloubet.com.br\/deputado\/vander-apresenta-pl-51052005-e-pl-24172003-no-plenario-da-camara\/#primaryimage"},"thumbnailUrl":"http:\/\/www.deputadovander.com.br\/website\/wp-content\/uploads\/2010\/03\/foto-2010-03-02-discurso-brasilia-300x225.jpg","keywords":["c\u00e2mara","direitos autorais","ecad","inclus\u00e3o digital","plen\u00e1rio","projeto de lei","vander loubet"],"articleSection":["Not\u00edcias"],"inLanguage":"pt-BR"},{"@type":"WebPage","@id":"https:\/\/vanderloubet.com.br\/deputado\/vander-apresenta-pl-51052005-e-pl-24172003-no-plenario-da-camara\/","url":"https:\/\/vanderloubet.com.br\/deputado\/vander-apresenta-pl-51052005-e-pl-24172003-no-plenario-da-camara\/","name":"PLs defendem entidades sem fins lucrativos e inclus\u00e3o digital","isPartOf":{"@id":"https:\/\/vanderloubet.com.br\/deputado\/#website"},"primaryImageOfPage":{"@id":"https:\/\/vanderloubet.com.br\/deputado\/vander-apresenta-pl-51052005-e-pl-24172003-no-plenario-da-camara\/#primaryimage"},"image":{"@id":"https:\/\/vanderloubet.com.br\/deputado\/vander-apresenta-pl-51052005-e-pl-24172003-no-plenario-da-camara\/#primaryimage"},"thumbnailUrl":"http:\/\/www.deputadovander.com.br\/website\/wp-content\/uploads\/2010\/03\/foto-2010-03-02-discurso-brasilia-300x225.jpg","datePublished":"2010-05-03T13:47:27+00:00","breadcrumb":{"@id":"https:\/\/vanderloubet.com.br\/deputado\/vander-apresenta-pl-51052005-e-pl-24172003-no-plenario-da-camara\/#breadcrumb"},"inLanguage":"pt-BR","potentialAction":[{"@type":"ReadAction","target":["https:\/\/vanderloubet.com.br\/deputado\/vander-apresenta-pl-51052005-e-pl-24172003-no-plenario-da-camara\/"]}]},{"@type":"ImageObject","inLanguage":"pt-BR","@id":"https:\/\/vanderloubet.com.br\/deputado\/vander-apresenta-pl-51052005-e-pl-24172003-no-plenario-da-camara\/#primaryimage","url":"http:\/\/www.deputadovander.com.br\/website\/wp-content\/uploads\/2010\/03\/foto-2010-03-02-discurso-brasilia-300x225.jpg","contentUrl":"http:\/\/www.deputadovander.com.br\/website\/wp-content\/uploads\/2010\/03\/foto-2010-03-02-discurso-brasilia-300x225.jpg"},{"@type":"BreadcrumbList","@id":"https:\/\/vanderloubet.com.br\/deputado\/vander-apresenta-pl-51052005-e-pl-24172003-no-plenario-da-camara\/#breadcrumb","itemListElement":[{"@type":"ListItem","position":1,"name":"In\u00edcio","item":"https:\/\/vanderloubet.com.br\/deputado\/"},{"@type":"ListItem","position":2,"name":"PLs defendem entidades sem fins lucrativos e inclus\u00e3o digital"}]},{"@type":"WebSite","@id":"https:\/\/vanderloubet.com.br\/deputado\/#website","url":"https:\/\/vanderloubet.com.br\/deputado\/","name":"Deputado Federal Vander Loubet","description":"O Federal de MS","publisher":{"@id":"https:\/\/vanderloubet.com.br\/deputado\/#organization"},"alternateName":"Deputado Vander","potentialAction":[{"@type":"SearchAction","target":{"@type":"EntryPoint","urlTemplate":"https:\/\/vanderloubet.com.br\/deputado\/?s={search_term_string}"},"query-input":{"@type":"PropertyValueSpecification","valueRequired":true,"valueName":"search_term_string"}}],"inLanguage":"pt-BR"},{"@type":"Organization","@id":"https:\/\/vanderloubet.com.br\/deputado\/#organization","name":"Deputado Federal Vander Loubet","alternateName":"Deputado Vander","url":"https:\/\/vanderloubet.com.br\/deputado\/","logo":{"@type":"ImageObject","inLanguage":"pt-BR","@id":"https:\/\/vanderloubet.com.br\/deputado\/#\/schema\/logo\/image\/","url":"https:\/\/vanderloubet.com.br\/deputado\/wp-content\/uploads\/2023\/06\/foto-2023-06-19-mandato-deputado-vander.jpg","contentUrl":"https:\/\/vanderloubet.com.br\/deputado\/wp-content\/uploads\/2023\/06\/foto-2023-06-19-mandato-deputado-vander.jpg","width":1080,"height":1080,"caption":"Deputado Federal Vander Loubet"},"image":{"@id":"https:\/\/vanderloubet.com.br\/deputado\/#\/schema\/logo\/image\/"},"sameAs":["https:\/\/facebook.com\/deputadovander","https:\/\/x.com\/vanderloubet","https:\/\/instagram.com\/vanderloubet","https:\/\/youtube.com\/vanderloubet","https:\/\/tiktok.com\/@vanderloubetms"]},{"@type":"Person","@id":"https:\/\/vanderloubet.com.br\/deputado\/#\/schema\/person\/15b51bd564532a8a68d9dec1b8eb890e","name":"\u00c9der","image":{"@type":"ImageObject","inLanguage":"pt-BR","@id":"https:\/\/vanderloubet.com.br\/deputado\/wp-content\/litespeed\/avatar\/88ca4090d9d5ab1c9495f6ca03b68efa.jpg?ver=1777058957","url":"https:\/\/vanderloubet.com.br\/deputado\/wp-content\/litespeed\/avatar\/88ca4090d9d5ab1c9495f6ca03b68efa.jpg?ver=1777058957","contentUrl":"https:\/\/vanderloubet.com.br\/deputado\/wp-content\/litespeed\/avatar\/88ca4090d9d5ab1c9495f6ca03b68efa.jpg?ver=1777058957","caption":"\u00c9der"}}]}},"jetpack_featured_media_url":"","jetpack_sharing_enabled":true,"_links":{"self":[{"href":"https:\/\/vanderloubet.com.br\/deputado\/wp-json\/wp\/v2\/posts\/700","targetHints":{"allow":["GET"]}}],"collection":[{"href":"https:\/\/vanderloubet.com.br\/deputado\/wp-json\/wp\/v2\/posts"}],"about":[{"href":"https:\/\/vanderloubet.com.br\/deputado\/wp-json\/wp\/v2\/types\/post"}],"author":[{"embeddable":true,"href":"https:\/\/vanderloubet.com.br\/deputado\/wp-json\/wp\/v2\/users\/2"}],"replies":[{"embeddable":true,"href":"https:\/\/vanderloubet.com.br\/deputado\/wp-json\/wp\/v2\/comments?post=700"}],"version-history":[{"count":0,"href":"https:\/\/vanderloubet.com.br\/deputado\/wp-json\/wp\/v2\/posts\/700\/revisions"}],"wp:attachment":[{"href":"https:\/\/vanderloubet.com.br\/deputado\/wp-json\/wp\/v2\/media?parent=700"}],"wp:term":[{"taxonomy":"category","embeddable":true,"href":"https:\/\/vanderloubet.com.br\/deputado\/wp-json\/wp\/v2\/categories?post=700"},{"taxonomy":"post_tag","embeddable":true,"href":"https:\/\/vanderloubet.com.br\/deputado\/wp-json\/wp\/v2\/tags?post=700"}],"curies":[{"name":"wp","href":"https:\/\/api.w.org\/{rel}","templated":true}]}}