{"id":6978,"date":"2013-10-04T09:30:50","date_gmt":"2013-10-04T13:30:50","guid":{"rendered":"http:\/\/www.deputadovander.com.br\/website\/?p=6978"},"modified":"2015-02-13T23:48:04","modified_gmt":"2015-02-14T02:48:04","slug":"o-pt-e-o-pmdb-nas-eleicoes-de-2014-em-ms","status":"publish","type":"post","link":"https:\/\/vanderloubet.com.br\/deputado\/o-pt-e-o-pmdb-nas-eleicoes-de-2014-em-ms\/","title":{"rendered":"O PT e o PMDB nas elei\u00e7\u00f5es de 2014 em MS"},"content":{"rendered":"<figure id=\"attachment_8966\" aria-describedby=\"caption-attachment-8966\" style=\"width: 700px\" class=\"wp-caption alignnone\"><img decoding=\"async\" class=\"wp-image-8966 size-large\" title=\"Existe a possibilidade de alian\u00e7a entre PT e PMDB, rivais hist\u00f3ricos\" src=\"http:\/\/vanderloubet.com.br\/deputado\/wp-content\/uploads\/2013\/10\/foto-2013-10-04-pt-pmdb-ms-700x467.jpg\" alt=\"Existe a possibilidade de alian\u00e7a entre PT e PMDB, rivais hist\u00f3ricos\" width=\"700\" height=\"467\" srcset=\"https:\/\/vanderloubet.com.br\/deputado\/wp-content\/uploads\/2013\/10\/foto-2013-10-04-pt-pmdb-ms-700x467.jpg 700w, https:\/\/vanderloubet.com.br\/deputado\/wp-content\/uploads\/2013\/10\/foto-2013-10-04-pt-pmdb-ms-350x233.jpg 350w, https:\/\/vanderloubet.com.br\/deputado\/wp-content\/uploads\/2013\/10\/foto-2013-10-04-pt-pmdb-ms-768x512.jpg 768w, https:\/\/vanderloubet.com.br\/deputado\/wp-content\/uploads\/2013\/10\/foto-2013-10-04-pt-pmdb-ms-630x420.jpg 630w, https:\/\/vanderloubet.com.br\/deputado\/wp-content\/uploads\/2013\/10\/foto-2013-10-04-pt-pmdb-ms-696x464.jpg 696w, https:\/\/vanderloubet.com.br\/deputado\/wp-content\/uploads\/2013\/10\/foto-2013-10-04-pt-pmdb-ms.jpg 900w\" sizes=\"(max-width: 700px) 100vw, 700px\" \/><figcaption id=\"caption-attachment-8966\" class=\"wp-caption-text\">Existe a possibilidade de alian\u00e7a entre PT e PMDB, rivais hist\u00f3ricos<\/figcaption><\/figure>\n<p><em>Vander Loubet*<\/em><\/p>\n<p>No dia 5 de outubro termina o prazo para filia\u00e7\u00f5es partid\u00e1rias de pessoas que almejam se candidatar a um cargo eletivo em 2014. A pr\u00f3xima semana colocar\u00e1 um ponto final em muitas especula\u00e7\u00f5es. Jos\u00e9 Serra pode sair do PSDB para disputar a Presid\u00eancia pelo PPS? Marina Silva conseguir\u00e1 a aprova\u00e7\u00e3o do seu novo partido ou se filiar\u00e1 a outro? Em Mato Grosso do Sul, Reinaldo Azambuja deixar\u00e1 o PSDB para facilitar uma alian\u00e7a com o PT?<\/p>\n<p>Fato \u00e9 que, at\u00e9 o momento, o que se apresenta mais bem encaminhada \u00e9 a possibilidade in\u00e9dita de uma composi\u00e7\u00e3o entre PT e PMDB para as elei\u00e7\u00f5es em nosso estado. At\u00e9 porque a alian\u00e7a nacional dos dois partidos vai seguir adiante na busca pela reelei\u00e7\u00e3o de Dilma Rousseff e Michel Temer.<\/p>\n<p>Vejo a pol\u00edtica como ferramenta necess\u00e1ria para a democracia. A democracia pressup\u00f5e sempre a capacidade de conciliar, negociar, flexibilizar e chegar a consensos, tendo como objetivo n\u00e3o apenas a pol\u00edtica pela pol\u00edtica, mas a concretiza\u00e7\u00e3o de avan\u00e7os e melhorias para a popula\u00e7\u00e3o. Isso vale para qualquer pa\u00eds, \u00e9 assim no Brasil, na Alemanha ou nos Estados Unidos, onde os l\u00edderes precisam de aliados para governar.<\/p>\n<p>Ali\u00e1s, que fique registrado, \u00e9 exatamente isso que o prefeito Alcides Bernal ainda n\u00e3o entendeu e por isso enfrenta profundas dificuldades para governar Campo Grande, sob pena inclusive de sofrer um processo de impeachment por absoluta incapacidade de dialogar politicamente com aliados e advers\u00e1rios.<\/p>\n<p>Em Mato Grosso do Sul, PT e PMDB s\u00e3o e sempre foram advers\u00e1rios hist\u00f3ricos, especialmente a partir de 1996, na disputa pela Prefeitura da Capital.<\/p>\n<p>O PT governou MS entre 1999 e 2006, com Zeca do PT, per\u00edodo no qual as novas bases econ\u00f4micas e de gest\u00e3o foram iniciadas, de forma in\u00e9dita, no Estado, tais como a reforma administrativa e a cria\u00e7\u00e3o dos fundos de investimentos no social (FIS), na cultura (FIC) e no esporte (FIE) e a nova lei de incentivos \u00e0s ind\u00fastrias, que ampliou, diversificou e modernizou a economia de MS. O PT ainda trouxe, para o centro da administra\u00e7\u00e3o estadual, a preocupa\u00e7\u00e3o com as quest\u00f5es sociais.<\/p>\n<p>O governo de Andr\u00e9 Puccinelli deu continuidade \u00e0 parte desse processo e ampliou muitas dessas a\u00e7\u00f5es.<\/p>\n<p>Contudo, apesar dos enfrentamentos eleitorais, interesses comuns acabaram aproximando PT e PMDB. Os deputados federais e senadores de ambos os partidos, independente das diferen\u00e7as, trabalharam de forma incans\u00e1vel pelos interesses de Mato Grosso do Sul, ajudando a garantir muitos investimentos e obras do governo federal no estado e nos munic\u00edpios.<\/p>\n<p>Outro fato que mostrou essa aproxima\u00e7\u00e3o se deve \u00e0 atua\u00e7\u00e3o do senador Delc\u00eddio do Amaral, que a partir de 2010 passou a usar o slogan &#8220;o senador de todos&#8221; e que inclusive amealhou muitos votos de eleitores do PMDB.<\/p>\n<p>Uma alian\u00e7a entre PT e PMDB em MS poderia indicar uma nova tend\u00eancia pol\u00edtica no estado: o t\u00e9rmino das polaridades pol\u00edticas, assentadas, principalmente, nas disputas pol\u00edticas de Pedro Pedrossian versus Wilson Martins e de Zeca do PT versus Andr\u00e9 Puccinelli. Seria o in\u00edcio de um per\u00edodo no qual as orienta\u00e7\u00f5es program\u00e1ticas e partid\u00e1rias superariam as personalidades pol\u00edticas.<\/p>\n<p>Delc\u00eddio \u00e9 nosso candidato, o candidato do PT, para governador nas elei\u00e7\u00f5es de 2014. Eleg\u00ea-lo \u00e9 nossa prioridade n\u00famero um, bem como eleger uma boa bancada de deputados estaduais e federais para ajud\u00e1-lo na tarefa de administrar o Estado. Para as composi\u00e7\u00f5es partid\u00e1rias, temos para os aliados as vagas de vice-governador(a) e de senador(a). E dentro desse contexto, da possibilidade efetiva de alian\u00e7a entre PT e PMDB em MS, existe a chance de um convite para que o governador Andr\u00e9 venha a assumir o Minist\u00e9rio da Agricultura, Pecu\u00e1ria e Abastecimento, a partir da reforma ministerial prevista para abril de 2014.<\/p>\n<p><em>*Deputado federal (PT-MS)<\/em><\/p>\n","protected":false},"excerpt":{"rendered":"<p>Artigo do deputado federal Vander Loubet sobre as conversas em torno da possibilidade de alian\u00e7a entre PT e PMDB em Mato Grosso do Sul, apesar da rivalidade hist\u00f3rica.<\/p>\n","protected":false},"author":2,"featured_media":8966,"comment_status":"closed","ping_status":"open","sticky":false,"template":"","format":"standard","meta":{"jetpack_post_was_ever_published":false,"_jetpack_newsletter_access":"","_jetpack_dont_email_post_to_subs":false,"_jetpack_newsletter_tier_id":0,"_jetpack_memberships_contains_paywalled_content":false,"_jetpack_memberships_contains_paid_content":false,"footnotes":""},"categories":[11],"tags":[701],"class_list":{"0":"post-6978","1":"post","2":"type-post","3":"status-publish","4":"format-standard","5":"has-post-thumbnail","7":"category-opinioes","8":"tag-eleicoes"},"yoast_head":"<!-- This site is optimized with the Yoast SEO plugin v27.4 - https:\/\/yoast.com\/product\/yoast-seo-wordpress\/ -->\n<title>O PT e o PMDB nas elei\u00e7\u00f5es de 2014 em MS<\/title>\n<meta name=\"robots\" content=\"index, follow, max-snippet:-1, max-image-preview:large, max-video-preview:-1\" \/>\n<link rel=\"canonical\" href=\"https:\/\/vanderloubet.com.br\/deputado\/o-pt-e-o-pmdb-nas-eleicoes-de-2014-em-ms\/\" \/>\n<meta property=\"og:locale\" content=\"pt_BR\" \/>\n<meta property=\"og:type\" content=\"article\" \/>\n<meta property=\"og:title\" content=\"O PT e o PMDB nas elei\u00e7\u00f5es de 2014 em MS\" \/>\n<meta property=\"og:description\" content=\"Artigo do deputado federal Vander Loubet sobre as conversas em torno da possibilidade de alian\u00e7a entre PT e PMDB em Mato Grosso do Sul, apesar da rivalidade hist\u00f3rica.\" \/>\n<meta property=\"og:url\" content=\"https:\/\/vanderloubet.com.br\/deputado\/o-pt-e-o-pmdb-nas-eleicoes-de-2014-em-ms\/\" \/>\n<meta property=\"og:site_name\" content=\"Deputado Federal Vander Loubet\" \/>\n<meta property=\"article:publisher\" content=\"https:\/\/facebook.com\/deputadovander\" \/>\n<meta property=\"article:published_time\" content=\"2013-10-04T13:30:50+00:00\" \/>\n<meta property=\"article:modified_time\" content=\"2015-02-14T02:48:04+00:00\" \/>\n<meta property=\"og:image\" content=\"https:\/\/vanderloubet.com.br\/deputado\/wp-content\/uploads\/2013\/10\/foto-2013-10-04-pt-pmdb-ms.jpg\" \/>\n\t<meta property=\"og:image:width\" content=\"900\" \/>\n\t<meta property=\"og:image:height\" content=\"600\" \/>\n\t<meta property=\"og:image:type\" content=\"image\/jpeg\" \/>\n<meta name=\"author\" content=\"\u00c9der\" \/>\n<meta name=\"twitter:card\" content=\"summary_large_image\" \/>\n<meta name=\"twitter:creator\" content=\"@vanderloubet\" \/>\n<meta name=\"twitter:site\" content=\"@vanderloubet\" \/>\n<script type=\"application\/ld+json\" class=\"yoast-schema-graph\">{\"@context\":\"https:\\\/\\\/schema.org\",\"@graph\":[{\"@type\":\"Article\",\"@id\":\"https:\\\/\\\/vanderloubet.com.br\\\/deputado\\\/o-pt-e-o-pmdb-nas-eleicoes-de-2014-em-ms\\\/#article\",\"isPartOf\":{\"@id\":\"https:\\\/\\\/vanderloubet.com.br\\\/deputado\\\/o-pt-e-o-pmdb-nas-eleicoes-de-2014-em-ms\\\/\"},\"author\":{\"name\":\"\u00c9der\",\"@id\":\"https:\\\/\\\/vanderloubet.com.br\\\/deputado\\\/#\\\/schema\\\/person\\\/15b51bd564532a8a68d9dec1b8eb890e\"},\"headline\":\"O PT e o PMDB nas elei\u00e7\u00f5es de 2014 em MS\",\"datePublished\":\"2013-10-04T13:30:50+00:00\",\"dateModified\":\"2015-02-14T02:48:04+00:00\",\"mainEntityOfPage\":{\"@id\":\"https:\\\/\\\/vanderloubet.com.br\\\/deputado\\\/o-pt-e-o-pmdb-nas-eleicoes-de-2014-em-ms\\\/\"},\"wordCount\":696,\"publisher\":{\"@id\":\"https:\\\/\\\/vanderloubet.com.br\\\/deputado\\\/#organization\"},\"image\":{\"@id\":\"https:\\\/\\\/vanderloubet.com.br\\\/deputado\\\/o-pt-e-o-pmdb-nas-eleicoes-de-2014-em-ms\\\/#primaryimage\"},\"thumbnailUrl\":\"https:\\\/\\\/vanderloubet.com.br\\\/deputado\\\/wp-content\\\/uploads\\\/2013\\\/10\\\/foto-2013-10-04-pt-pmdb-ms.jpg\",\"keywords\":[\"elei\u00e7\u00f5es\"],\"articleSection\":[\"Opini\u00e3o\"],\"inLanguage\":\"pt-BR\"},{\"@type\":\"WebPage\",\"@id\":\"https:\\\/\\\/vanderloubet.com.br\\\/deputado\\\/o-pt-e-o-pmdb-nas-eleicoes-de-2014-em-ms\\\/\",\"url\":\"https:\\\/\\\/vanderloubet.com.br\\\/deputado\\\/o-pt-e-o-pmdb-nas-eleicoes-de-2014-em-ms\\\/\",\"name\":\"O PT e o PMDB nas elei\u00e7\u00f5es de 2014 em MS\",\"isPartOf\":{\"@id\":\"https:\\\/\\\/vanderloubet.com.br\\\/deputado\\\/#website\"},\"primaryImageOfPage\":{\"@id\":\"https:\\\/\\\/vanderloubet.com.br\\\/deputado\\\/o-pt-e-o-pmdb-nas-eleicoes-de-2014-em-ms\\\/#primaryimage\"},\"image\":{\"@id\":\"https:\\\/\\\/vanderloubet.com.br\\\/deputado\\\/o-pt-e-o-pmdb-nas-eleicoes-de-2014-em-ms\\\/#primaryimage\"},\"thumbnailUrl\":\"https:\\\/\\\/vanderloubet.com.br\\\/deputado\\\/wp-content\\\/uploads\\\/2013\\\/10\\\/foto-2013-10-04-pt-pmdb-ms.jpg\",\"datePublished\":\"2013-10-04T13:30:50+00:00\",\"dateModified\":\"2015-02-14T02:48:04+00:00\",\"breadcrumb\":{\"@id\":\"https:\\\/\\\/vanderloubet.com.br\\\/deputado\\\/o-pt-e-o-pmdb-nas-eleicoes-de-2014-em-ms\\\/#breadcrumb\"},\"inLanguage\":\"pt-BR\",\"potentialAction\":[{\"@type\":\"ReadAction\",\"target\":[\"https:\\\/\\\/vanderloubet.com.br\\\/deputado\\\/o-pt-e-o-pmdb-nas-eleicoes-de-2014-em-ms\\\/\"]}]},{\"@type\":\"ImageObject\",\"inLanguage\":\"pt-BR\",\"@id\":\"https:\\\/\\\/vanderloubet.com.br\\\/deputado\\\/o-pt-e-o-pmdb-nas-eleicoes-de-2014-em-ms\\\/#primaryimage\",\"url\":\"https:\\\/\\\/vanderloubet.com.br\\\/deputado\\\/wp-content\\\/uploads\\\/2013\\\/10\\\/foto-2013-10-04-pt-pmdb-ms.jpg\",\"contentUrl\":\"https:\\\/\\\/vanderloubet.com.br\\\/deputado\\\/wp-content\\\/uploads\\\/2013\\\/10\\\/foto-2013-10-04-pt-pmdb-ms.jpg\",\"width\":900,\"height\":600,\"caption\":\"Existe a possibilidade de alian\u00e7a entre PT e PMDB, rivais hist\u00f3ricos\"},{\"@type\":\"BreadcrumbList\",\"@id\":\"https:\\\/\\\/vanderloubet.com.br\\\/deputado\\\/o-pt-e-o-pmdb-nas-eleicoes-de-2014-em-ms\\\/#breadcrumb\",\"itemListElement\":[{\"@type\":\"ListItem\",\"position\":1,\"name\":\"In\u00edcio\",\"item\":\"https:\\\/\\\/vanderloubet.com.br\\\/deputado\\\/\"},{\"@type\":\"ListItem\",\"position\":2,\"name\":\"O PT e o PMDB nas elei\u00e7\u00f5es de 2014 em MS\"}]},{\"@type\":\"WebSite\",\"@id\":\"https:\\\/\\\/vanderloubet.com.br\\\/deputado\\\/#website\",\"url\":\"https:\\\/\\\/vanderloubet.com.br\\\/deputado\\\/\",\"name\":\"Deputado Federal Vander Loubet\",\"description\":\"O Federal de MS\",\"publisher\":{\"@id\":\"https:\\\/\\\/vanderloubet.com.br\\\/deputado\\\/#organization\"},\"alternateName\":\"Deputado Vander\",\"potentialAction\":[{\"@type\":\"SearchAction\",\"target\":{\"@type\":\"EntryPoint\",\"urlTemplate\":\"https:\\\/\\\/vanderloubet.com.br\\\/deputado\\\/?s={search_term_string}\"},\"query-input\":{\"@type\":\"PropertyValueSpecification\",\"valueRequired\":true,\"valueName\":\"search_term_string\"}}],\"inLanguage\":\"pt-BR\"},{\"@type\":\"Organization\",\"@id\":\"https:\\\/\\\/vanderloubet.com.br\\\/deputado\\\/#organization\",\"name\":\"Deputado Federal Vander Loubet\",\"alternateName\":\"Deputado Vander\",\"url\":\"https:\\\/\\\/vanderloubet.com.br\\\/deputado\\\/\",\"logo\":{\"@type\":\"ImageObject\",\"inLanguage\":\"pt-BR\",\"@id\":\"https:\\\/\\\/vanderloubet.com.br\\\/deputado\\\/#\\\/schema\\\/logo\\\/image\\\/\",\"url\":\"https:\\\/\\\/vanderloubet.com.br\\\/deputado\\\/wp-content\\\/uploads\\\/2023\\\/06\\\/foto-2023-06-19-mandato-deputado-vander.jpg\",\"contentUrl\":\"https:\\\/\\\/vanderloubet.com.br\\\/deputado\\\/wp-content\\\/uploads\\\/2023\\\/06\\\/foto-2023-06-19-mandato-deputado-vander.jpg\",\"width\":1080,\"height\":1080,\"caption\":\"Deputado Federal Vander Loubet\"},\"image\":{\"@id\":\"https:\\\/\\\/vanderloubet.com.br\\\/deputado\\\/#\\\/schema\\\/logo\\\/image\\\/\"},\"sameAs\":[\"https:\\\/\\\/facebook.com\\\/deputadovander\",\"https:\\\/\\\/x.com\\\/vanderloubet\",\"https:\\\/\\\/instagram.com\\\/vanderloubet\",\"https:\\\/\\\/youtube.com\\\/vanderloubet\",\"https:\\\/\\\/tiktok.com\\\/@vanderloubetms\"]},{\"@type\":\"Person\",\"@id\":\"https:\\\/\\\/vanderloubet.com.br\\\/deputado\\\/#\\\/schema\\\/person\\\/15b51bd564532a8a68d9dec1b8eb890e\",\"name\":\"\u00c9der\",\"image\":{\"@type\":\"ImageObject\",\"inLanguage\":\"pt-BR\",\"@id\":\"https:\\\/\\\/vanderloubet.com.br\\\/deputado\\\/wp-content\\\/litespeed\\\/avatar\\\/88ca4090d9d5ab1c9495f6ca03b68efa.jpg?ver=1777058957\",\"url\":\"https:\\\/\\\/vanderloubet.com.br\\\/deputado\\\/wp-content\\\/litespeed\\\/avatar\\\/88ca4090d9d5ab1c9495f6ca03b68efa.jpg?ver=1777058957\",\"contentUrl\":\"https:\\\/\\\/vanderloubet.com.br\\\/deputado\\\/wp-content\\\/litespeed\\\/avatar\\\/88ca4090d9d5ab1c9495f6ca03b68efa.jpg?ver=1777058957\",\"caption\":\"\u00c9der\"}}]}<\/script>\n<!-- \/ Yoast SEO plugin. -->","yoast_head_json":{"title":"O PT e o PMDB nas elei\u00e7\u00f5es de 2014 em MS","robots":{"index":"index","follow":"follow","max-snippet":"max-snippet:-1","max-image-preview":"max-image-preview:large","max-video-preview":"max-video-preview:-1"},"canonical":"https:\/\/vanderloubet.com.br\/deputado\/o-pt-e-o-pmdb-nas-eleicoes-de-2014-em-ms\/","og_locale":"pt_BR","og_type":"article","og_title":"O PT e o PMDB nas elei\u00e7\u00f5es de 2014 em MS","og_description":"Artigo do deputado federal Vander Loubet sobre as conversas em torno da possibilidade de alian\u00e7a entre PT e PMDB em Mato Grosso do Sul, apesar da rivalidade hist\u00f3rica.","og_url":"https:\/\/vanderloubet.com.br\/deputado\/o-pt-e-o-pmdb-nas-eleicoes-de-2014-em-ms\/","og_site_name":"Deputado Federal Vander Loubet","article_publisher":"https:\/\/facebook.com\/deputadovander","article_published_time":"2013-10-04T13:30:50+00:00","article_modified_time":"2015-02-14T02:48:04+00:00","og_image":[{"width":900,"height":600,"url":"https:\/\/vanderloubet.com.br\/deputado\/wp-content\/uploads\/2013\/10\/foto-2013-10-04-pt-pmdb-ms.jpg","type":"image\/jpeg"}],"author":"\u00c9der","twitter_card":"summary_large_image","twitter_creator":"@vanderloubet","twitter_site":"@vanderloubet","schema":{"@context":"https:\/\/schema.org","@graph":[{"@type":"Article","@id":"https:\/\/vanderloubet.com.br\/deputado\/o-pt-e-o-pmdb-nas-eleicoes-de-2014-em-ms\/#article","isPartOf":{"@id":"https:\/\/vanderloubet.com.br\/deputado\/o-pt-e-o-pmdb-nas-eleicoes-de-2014-em-ms\/"},"author":{"name":"\u00c9der","@id":"https:\/\/vanderloubet.com.br\/deputado\/#\/schema\/person\/15b51bd564532a8a68d9dec1b8eb890e"},"headline":"O PT e o PMDB nas elei\u00e7\u00f5es de 2014 em MS","datePublished":"2013-10-04T13:30:50+00:00","dateModified":"2015-02-14T02:48:04+00:00","mainEntityOfPage":{"@id":"https:\/\/vanderloubet.com.br\/deputado\/o-pt-e-o-pmdb-nas-eleicoes-de-2014-em-ms\/"},"wordCount":696,"publisher":{"@id":"https:\/\/vanderloubet.com.br\/deputado\/#organization"},"image":{"@id":"https:\/\/vanderloubet.com.br\/deputado\/o-pt-e-o-pmdb-nas-eleicoes-de-2014-em-ms\/#primaryimage"},"thumbnailUrl":"https:\/\/vanderloubet.com.br\/deputado\/wp-content\/uploads\/2013\/10\/foto-2013-10-04-pt-pmdb-ms.jpg","keywords":["elei\u00e7\u00f5es"],"articleSection":["Opini\u00e3o"],"inLanguage":"pt-BR"},{"@type":"WebPage","@id":"https:\/\/vanderloubet.com.br\/deputado\/o-pt-e-o-pmdb-nas-eleicoes-de-2014-em-ms\/","url":"https:\/\/vanderloubet.com.br\/deputado\/o-pt-e-o-pmdb-nas-eleicoes-de-2014-em-ms\/","name":"O PT e o PMDB nas elei\u00e7\u00f5es de 2014 em MS","isPartOf":{"@id":"https:\/\/vanderloubet.com.br\/deputado\/#website"},"primaryImageOfPage":{"@id":"https:\/\/vanderloubet.com.br\/deputado\/o-pt-e-o-pmdb-nas-eleicoes-de-2014-em-ms\/#primaryimage"},"image":{"@id":"https:\/\/vanderloubet.com.br\/deputado\/o-pt-e-o-pmdb-nas-eleicoes-de-2014-em-ms\/#primaryimage"},"thumbnailUrl":"https:\/\/vanderloubet.com.br\/deputado\/wp-content\/uploads\/2013\/10\/foto-2013-10-04-pt-pmdb-ms.jpg","datePublished":"2013-10-04T13:30:50+00:00","dateModified":"2015-02-14T02:48:04+00:00","breadcrumb":{"@id":"https:\/\/vanderloubet.com.br\/deputado\/o-pt-e-o-pmdb-nas-eleicoes-de-2014-em-ms\/#breadcrumb"},"inLanguage":"pt-BR","potentialAction":[{"@type":"ReadAction","target":["https:\/\/vanderloubet.com.br\/deputado\/o-pt-e-o-pmdb-nas-eleicoes-de-2014-em-ms\/"]}]},{"@type":"ImageObject","inLanguage":"pt-BR","@id":"https:\/\/vanderloubet.com.br\/deputado\/o-pt-e-o-pmdb-nas-eleicoes-de-2014-em-ms\/#primaryimage","url":"https:\/\/vanderloubet.com.br\/deputado\/wp-content\/uploads\/2013\/10\/foto-2013-10-04-pt-pmdb-ms.jpg","contentUrl":"https:\/\/vanderloubet.com.br\/deputado\/wp-content\/uploads\/2013\/10\/foto-2013-10-04-pt-pmdb-ms.jpg","width":900,"height":600,"caption":"Existe a possibilidade de alian\u00e7a entre PT e PMDB, rivais hist\u00f3ricos"},{"@type":"BreadcrumbList","@id":"https:\/\/vanderloubet.com.br\/deputado\/o-pt-e-o-pmdb-nas-eleicoes-de-2014-em-ms\/#breadcrumb","itemListElement":[{"@type":"ListItem","position":1,"name":"In\u00edcio","item":"https:\/\/vanderloubet.com.br\/deputado\/"},{"@type":"ListItem","position":2,"name":"O PT e o PMDB nas elei\u00e7\u00f5es de 2014 em MS"}]},{"@type":"WebSite","@id":"https:\/\/vanderloubet.com.br\/deputado\/#website","url":"https:\/\/vanderloubet.com.br\/deputado\/","name":"Deputado Federal Vander Loubet","description":"O Federal de MS","publisher":{"@id":"https:\/\/vanderloubet.com.br\/deputado\/#organization"},"alternateName":"Deputado Vander","potentialAction":[{"@type":"SearchAction","target":{"@type":"EntryPoint","urlTemplate":"https:\/\/vanderloubet.com.br\/deputado\/?s={search_term_string}"},"query-input":{"@type":"PropertyValueSpecification","valueRequired":true,"valueName":"search_term_string"}}],"inLanguage":"pt-BR"},{"@type":"Organization","@id":"https:\/\/vanderloubet.com.br\/deputado\/#organization","name":"Deputado Federal Vander Loubet","alternateName":"Deputado Vander","url":"https:\/\/vanderloubet.com.br\/deputado\/","logo":{"@type":"ImageObject","inLanguage":"pt-BR","@id":"https:\/\/vanderloubet.com.br\/deputado\/#\/schema\/logo\/image\/","url":"https:\/\/vanderloubet.com.br\/deputado\/wp-content\/uploads\/2023\/06\/foto-2023-06-19-mandato-deputado-vander.jpg","contentUrl":"https:\/\/vanderloubet.com.br\/deputado\/wp-content\/uploads\/2023\/06\/foto-2023-06-19-mandato-deputado-vander.jpg","width":1080,"height":1080,"caption":"Deputado Federal Vander Loubet"},"image":{"@id":"https:\/\/vanderloubet.com.br\/deputado\/#\/schema\/logo\/image\/"},"sameAs":["https:\/\/facebook.com\/deputadovander","https:\/\/x.com\/vanderloubet","https:\/\/instagram.com\/vanderloubet","https:\/\/youtube.com\/vanderloubet","https:\/\/tiktok.com\/@vanderloubetms"]},{"@type":"Person","@id":"https:\/\/vanderloubet.com.br\/deputado\/#\/schema\/person\/15b51bd564532a8a68d9dec1b8eb890e","name":"\u00c9der","image":{"@type":"ImageObject","inLanguage":"pt-BR","@id":"https:\/\/vanderloubet.com.br\/deputado\/wp-content\/litespeed\/avatar\/88ca4090d9d5ab1c9495f6ca03b68efa.jpg?ver=1777058957","url":"https:\/\/vanderloubet.com.br\/deputado\/wp-content\/litespeed\/avatar\/88ca4090d9d5ab1c9495f6ca03b68efa.jpg?ver=1777058957","contentUrl":"https:\/\/vanderloubet.com.br\/deputado\/wp-content\/litespeed\/avatar\/88ca4090d9d5ab1c9495f6ca03b68efa.jpg?ver=1777058957","caption":"\u00c9der"}}]}},"jetpack_featured_media_url":"https:\/\/vanderloubet.com.br\/deputado\/wp-content\/uploads\/2013\/10\/foto-2013-10-04-pt-pmdb-ms.jpg","jetpack_sharing_enabled":true,"_links":{"self":[{"href":"https:\/\/vanderloubet.com.br\/deputado\/wp-json\/wp\/v2\/posts\/6978","targetHints":{"allow":["GET"]}}],"collection":[{"href":"https:\/\/vanderloubet.com.br\/deputado\/wp-json\/wp\/v2\/posts"}],"about":[{"href":"https:\/\/vanderloubet.com.br\/deputado\/wp-json\/wp\/v2\/types\/post"}],"author":[{"embeddable":true,"href":"https:\/\/vanderloubet.com.br\/deputado\/wp-json\/wp\/v2\/users\/2"}],"replies":[{"embeddable":true,"href":"https:\/\/vanderloubet.com.br\/deputado\/wp-json\/wp\/v2\/comments?post=6978"}],"version-history":[{"count":0,"href":"https:\/\/vanderloubet.com.br\/deputado\/wp-json\/wp\/v2\/posts\/6978\/revisions"}],"wp:featuredmedia":[{"embeddable":true,"href":"https:\/\/vanderloubet.com.br\/deputado\/wp-json\/wp\/v2\/media\/8966"}],"wp:attachment":[{"href":"https:\/\/vanderloubet.com.br\/deputado\/wp-json\/wp\/v2\/media?parent=6978"}],"wp:term":[{"taxonomy":"category","embeddable":true,"href":"https:\/\/vanderloubet.com.br\/deputado\/wp-json\/wp\/v2\/categories?post=6978"},{"taxonomy":"post_tag","embeddable":true,"href":"https:\/\/vanderloubet.com.br\/deputado\/wp-json\/wp\/v2\/tags?post=6978"}],"curies":[{"name":"wp","href":"https:\/\/api.w.org\/{rel}","templated":true}]}}