{"id":6968,"date":"2013-10-02T18:11:27","date_gmt":"2013-10-02T22:11:27","guid":{"rendered":"http:\/\/www.deputadovander.com.br\/website\/?p=6968"},"modified":"2015-05-26T14:37:21","modified_gmt":"2015-05-26T17:37:21","slug":"governo-federal-investira-r-93-milhoes-no-saneamento-basico-de-33-municipios-de-ms","status":"publish","type":"post","link":"https:\/\/vanderloubet.com.br\/deputado\/governo-federal-investira-r-93-milhoes-no-saneamento-basico-de-33-municipios-de-ms\/","title":{"rendered":"A\u00e7\u00e3o de Delc\u00eddio e Vander viabiliza R$ 93 milh\u00f5es do PAC 2 para saneamento em 33 munic\u00edpios"},"content":{"rendered":"\r\n                <style type=\"text\/css\">\r\n                    \r\n                    #tdi_1  .td-doubleSlider-2 .td-item1 {\r\n                        background: url(https:\/\/vanderloubet.com.br\/deputado\/wp-content\/uploads\/2013\/10\/foto-2012-04-04-vander-delcidio-gleisi-ideli-80x60.jpg) 0 0 no-repeat;\r\n                    }\r\n                    #tdi_1  .td-doubleSlider-2 .td-item2 {\r\n                        background: url(https:\/\/vanderloubet.com.br\/deputado\/wp-content\/uploads\/2013\/10\/foto-2013-10-02-pac-funasa-rede-esgoto-80x60.jpg) 0 0 no-repeat;\r\n                    }\r\n                <\/style>\r\n\r\n                <div id=\"tdi_1\" class=\"td-gallery td-slide-on-2-columns\">\r\n                    <div class=\"post_td_gallery\">\r\n                        <div class=\"td-gallery-slide-top\">\r\n                           <div class=\"td-gallery-title\"><\/div>\r\n\r\n                            <div class=\"td-gallery-controls-wrapper\">\r\n                                <div class=\"td-gallery-slide-count\"><span class=\"td-gallery-slide-item-focus\">1<\/span> de 2<\/div>\r\n                                <div class=\"td-gallery-slide-prev-next-but\">\r\n                                    <i class = \"td-icon-left doubleSliderPrevButton\"><\/i>\r\n                                    <i class = \"td-icon-right doubleSliderNextButton\"><\/i>\r\n                                <\/div>\r\n                            <\/div>\r\n                        <\/div>\r\n\r\n                        <div class = \"td-doubleSlider-1 \">\r\n                            <div class = \"td-slider\">\r\n                                \r\n                    <div class = \"td-slide-item td-item1\">\r\n                        <figure class=\"td-slide-galery-figure td-slide-popup-gallery\">\r\n                            <a class=\"slide-gallery-image-link\" href=\"https:\/\/vanderloubet.com.br\/deputado\/wp-content\/uploads\/2013\/10\/foto-2012-04-04-vander-delcidio-gleisi-ideli.jpg\" title=\"Delcidio e Vander com ministras Gleisi e Ideli buscando recursos para MS\"  data-caption=\"\"  data-description=\"Delcidio e Vander com ministras Gleisi e Ideli buscando recursos para MS\">\r\n                                <img decoding=\"async\" src=\"https:\/\/vanderloubet.com.br\/deputado\/wp-content\/uploads\/2013\/10\/foto-2012-04-04-vander-delcidio-gleisi-ideli-825x420.jpg\" srcset=\"https:\/\/vanderloubet.com.br\/deputado\/wp-content\/uploads\/2013\/10\/foto-2012-04-04-vander-delcidio-gleisi-ideli-825x420.jpg 825w, https:\/\/vanderloubet.com.br\/deputado\/wp-content\/uploads\/2013\/10\/foto-2012-04-04-vander-delcidio-gleisi-ideli-350x178.jpg 350w, https:\/\/vanderloubet.com.br\/deputado\/wp-content\/uploads\/2013\/10\/foto-2012-04-04-vander-delcidio-gleisi-ideli-768x391.jpg 768w, https:\/\/vanderloubet.com.br\/deputado\/wp-content\/uploads\/2013\/10\/foto-2012-04-04-vander-delcidio-gleisi-ideli-700x356.jpg 700w, https:\/\/vanderloubet.com.br\/deputado\/wp-content\/uploads\/2013\/10\/foto-2012-04-04-vander-delcidio-gleisi-ideli-696x354.jpg 696w, https:\/\/vanderloubet.com.br\/deputado\/wp-content\/uploads\/2013\/10\/foto-2012-04-04-vander-delcidio-gleisi-ideli-1068x543.jpg 1068w, https:\/\/vanderloubet.com.br\/deputado\/wp-content\/uploads\/2013\/10\/foto-2012-04-04-vander-delcidio-gleisi-ideli.jpg 900w\" sizes=\"(max-width: 825px) 100vw, 825px\" alt=\"Delcidio e Vander com ministras Gleisi e Ideli buscando recursos para MS\">\r\n                            <\/a>\r\n                            <figcaption class = \"td-slide-caption td-gallery-slide-content\"><span>Delcidio e Vander com ministras Gleisi e Ideli buscando recursos para MS<\/span><\/figcaption>\r\n                        <\/figure>\r\n                    <\/div>\r\n                    <div class = \"td-slide-item td-item2\">\r\n                        <figure class=\"td-slide-galery-figure td-slide-popup-gallery\">\r\n                            <a class=\"slide-gallery-image-link\" href=\"https:\/\/vanderloubet.com.br\/deputado\/wp-content\/uploads\/2013\/10\/foto-2013-10-02-pac-funasa-rede-esgoto.jpg\" title=\"PAC Funasa \u00e9 destinado a a\u00e7\u00f5es de saneamento b\u00e1sico\"  data-caption=\"\"  data-description=\"PAC Funasa &eacute; destinado a a&ccedil;&otilde;es de saneamento b&aacute;sico\">\r\n                                <img decoding=\"async\" src=\"https:\/\/vanderloubet.com.br\/deputado\/wp-content\/uploads\/2013\/10\/foto-2013-10-02-pac-funasa-rede-esgoto-825x420.jpg\" srcset=\"https:\/\/vanderloubet.com.br\/deputado\/wp-content\/uploads\/2013\/10\/foto-2013-10-02-pac-funasa-rede-esgoto-825x420.jpg 825w, https:\/\/vanderloubet.com.br\/deputado\/wp-content\/uploads\/2013\/10\/foto-2013-10-02-pac-funasa-rede-esgoto-350x178.jpg 350w, https:\/\/vanderloubet.com.br\/deputado\/wp-content\/uploads\/2013\/10\/foto-2013-10-02-pac-funasa-rede-esgoto-768x391.jpg 768w, https:\/\/vanderloubet.com.br\/deputado\/wp-content\/uploads\/2013\/10\/foto-2013-10-02-pac-funasa-rede-esgoto-700x356.jpg 700w, https:\/\/vanderloubet.com.br\/deputado\/wp-content\/uploads\/2013\/10\/foto-2013-10-02-pac-funasa-rede-esgoto-696x354.jpg 696w, https:\/\/vanderloubet.com.br\/deputado\/wp-content\/uploads\/2013\/10\/foto-2013-10-02-pac-funasa-rede-esgoto-1068x543.jpg 1068w, https:\/\/vanderloubet.com.br\/deputado\/wp-content\/uploads\/2013\/10\/foto-2013-10-02-pac-funasa-rede-esgoto.jpg 900w\" sizes=\"(max-width: 825px) 100vw, 825px\" alt=\"PAC Funasa &eacute; destinado a a&ccedil;&otilde;es de saneamento b&aacute;sico\">\r\n                            <\/a>\r\n                            <figcaption class = \"td-slide-caption td-gallery-slide-content\"><span>PAC Funasa \u00e9 destinado a a\u00e7\u00f5es de saneamento b\u00e1sico<\/span><\/figcaption>\r\n                        <\/figure>\r\n                    <\/div>\r\n                            <\/div>\r\n                        <\/div>\r\n\r\n                        <div class = \"td-doubleSlider-2\">\r\n                            <div class = \"td-slider\">\r\n                                \r\n                    <div class = \"td-button td-item1\">\r\n                        <div class = \"td-border\"><\/div>\r\n                    <\/div>\r\n                    <div class = \"td-button td-item2\">\r\n                        <div class = \"td-border\"><\/div>\r\n                    <\/div>\r\n                            <\/div>\r\n                        <\/div>\r\n\r\n                    <\/div>\r\n\r\n                <\/div>\r\n                \n<p>O senador Delc\u00eddio do Amaral (PT-MS) anunciou nesta quarta-feira (2) que o governo federal selecionou projetos de 33 munic\u00edpios de Mato Grosso do Sul para receber recursos da segunda fase do Programa de Acelera\u00e7\u00e3o do Crescimento do setor de saneamento b\u00e1sico, conhecido como PAC Funasa. Ao todo, ser\u00e3o disponibilizados R$ 93 milh\u00f5es para o governo do Estado e as prefeituras investirem na implanta\u00e7\u00e3o de redes de coleta e tratamento de esgoto.<\/p>\n<p>&#8220;Essa \u00e9 mais uma grande vit\u00f3ria do trabalho conjunto dos senadores e deputados federais que representam Mato Grosso do Sul em Bras\u00edlia. Eu mesmo estive v\u00e1rias vezes com o deputado federal Vander Loubet [PT-MS], tanto na Presid\u00eancia da Rep\u00fablica quanto na dire\u00e7\u00e3o da Funda\u00e7\u00e3o Nacional da Sa\u00fade [Funasa], mostrando a import\u00e2ncia desses recursos para a melhoria da qualidade de vida da nossa popula\u00e7\u00e3o, porque investir em saneamento significa investir em sa\u00fade. Estou muito contente com o atendimento do nosso pedido&#8221;, afirmou Delc\u00eddio.<\/p>\n<p>J\u00e1 o deputado Vander ressaltou que o governo federal segue focado na municipalidade. &#8220;Desde o governo do Lula ficou percept\u00edvel que o foco dos investimentos passou a ser as cidades, a melhoria da qualidade de vida das pessoas. E a Dilma vem mantendo esse foco. N\u00e3o \u00e9 \u00e0 toa que nunca se viu tantos investimentos federais em Mato Grosso do Sul e nos nossos munic\u00edpios como nos \u00faltimos 10 anos&#8221;, afirmou.<\/p>\n<p>De acordo com o senador Delc\u00eddio, na semana que vem, t\u00e9cnicos da Funasa come\u00e7am a fazer as vistorias t\u00e9cnicas nos munic\u00edpios contemplados. O montante final a ser liberado depender\u00e1 dessa vistoria. Em algumas cidades, as obras ser\u00e3o feitas pelas prefeituras. Em outras ficar\u00e3o a cargo do governo do estado, atrav\u00e9s da Empresa de Saneamento de Mato Grosso do Sul (Sanesul).<\/p>\n<p>O PAC Funasa \u00e9 destinado a atender cidades com at\u00e9 50 mil habitantes. Por isso, os maiores munic\u00edpios do estado, como Campo Grande, Dourados, Tr\u00eas Lagoas, Corumb\u00e1 e Ponta Por\u00e3, n\u00e3o recebem recursos desse programa. A rela\u00e7\u00e3o completa dos contemplados, com o respectivo valor m\u00e1ximo a ser investido, \u00e9 a seguinte:<\/p>\n<ul>\n<li>Alcin\u00f3polis &#8211; R$ 2,1 milh\u00f5es<\/li>\n<li>Amambai &#8211; R$ 3,7 milh\u00f5es<\/li>\n<li>Anauril\u00e2ndia &#8211; R$ 2,4 milh\u00f5es<\/li>\n<li>Ang\u00e9lica &#8211; R$ 9 milh\u00f5es<\/li>\n<li>Ant\u00f4nio Jo\u00e3o &#8211; R$ 2,4 milh\u00f5es<\/li>\n<li>Bataguassu &#8211; R$ 4,1 milh\u00f5es<\/li>\n<li>Bataypor\u00e3 &#8211; R$ 2,6 milh\u00f5es<\/li>\n<li>Bela Vista &#8211; R$ 1,8 milh\u00e3o<\/li>\n<li>Bonito &#8211; R$ 2,1 milh\u00f5es<\/li>\n<li>Caarap\u00f3 &#8211; R$ 2,8 milh\u00f5es<\/li>\n<li>Caracol &#8211; R$ 2,9 milh\u00f5es<\/li>\n<li>Cassil\u00e2ndia &#8211; R$ 4,9 milh\u00f5es<\/li>\n<li>Corguinho &#8211; R$ 1,2 milh\u00e3o<\/li>\n<li>Costa Rica &#8211; R$ 3,4 milh\u00f5es<\/li>\n<li>Coxim &#8211; R$ 4,9 milh\u00f5es<\/li>\n<li>Deod\u00e1polis &#8211; R$ 1,4 milh\u00e3o<\/li>\n<li>Dois Irm\u00e3os do Buriti &#8211; R$ 2,7 milh\u00f5es<\/li>\n<li>Eldorado &#8211; R$ 4,2 milh\u00f5es<\/li>\n<li>Figueir\u00e3o &#8211; R$ 3,3 milh\u00f5es<\/li>\n<li>Gl\u00f3ria de Dourados &#8211; R$ 1 milh\u00e3o<\/li>\n<li>Guia Lopes da Laguna &#8211; R$ 1,9 milh\u00e3o<\/li>\n<li>Iguatemi &#8211; R$ 3,2 milh\u00f5es<\/li>\n<li>Itaquira\u00ed &#8211; R$ 4,4 milh\u00f5es<\/li>\n<li>Japor\u00e3 &#8211; R$ 1,2 milh\u00e3o<\/li>\n<li>Jut\u00ed &#8211; R$ 2,6 milh\u00f5es<\/li>\n<li>Novo Horizonte do Sul &#8211; R$ 2,3 milh\u00f5es<\/li>\n<li>Pedro Gomes &#8211; R$ 2,4 milh\u00f5es<\/li>\n<li>Rio Negro &#8211; R$ 1,2 milh\u00e3o<\/li>\n<li>Rio Verde de Mato Grosso &#8211; R$ 2,2 milh\u00f5es<\/li>\n<li>Santa Rita do Pardo &#8211; R$ 1,7 milh\u00e3o<\/li>\n<li>Sete Quedas &#8211; R$ 2,6 milh\u00f5es<\/li>\n<li>Sidrol\u00e2ndia &#8211; R$ 2,4 milh\u00f5es<\/li>\n<li>Terenos &#8211; R$ 1,4 milh\u00e3o<\/li>\n<\/ul>\n<p><em>(Fonte: Ascom\/Senador Delc\u00eddio)<\/em><\/p>\n","protected":false},"excerpt":{"rendered":"<p>Recursos ser\u00e3o disponibilizados para o governo do Estado e as prefeituras investirem na implanta\u00e7\u00e3o de redes de coleta e tratamento de esgoto.<\/p>\n","protected":false},"author":2,"featured_media":9742,"comment_status":"closed","ping_status":"open","sticky":false,"template":"","format":"standard","meta":{"jetpack_post_was_ever_published":false,"_jetpack_newsletter_access":"","_jetpack_dont_email_post_to_subs":false,"_jetpack_newsletter_tier_id":0,"_jetpack_memberships_contains_paywalled_content":false,"_jetpack_memberships_contains_paid_content":false,"footnotes":""},"categories":[2097,10],"tags":[1445,2281],"class_list":{"0":"post-6968","1":"post","2":"type-post","3":"status-publish","4":"format-standard","5":"has-post-thumbnail","7":"category-municipios-noticias","8":"category-noticias","9":"tag-pac","10":"tag-saneamento-basico"},"yoast_head":"<!-- This site is optimized with the Yoast SEO plugin v27.4 - https:\/\/yoast.com\/product\/yoast-seo-wordpress\/ -->\n<title>A\u00e7\u00e3o de Delc\u00eddio e Vander viabiliza R$ 93 milh\u00f5es do PAC 2 para saneamento em 33 munic\u00edpios<\/title>\n<meta name=\"robots\" content=\"index, follow, max-snippet:-1, max-image-preview:large, max-video-preview:-1\" \/>\n<link rel=\"canonical\" href=\"http:\/\/vanderloubet.com.br\/deputado\/governo-federal-investira-r-93-milhoes-no-saneamento-basico-de-33-municipios-de-ms\/\" \/>\n<meta property=\"og:locale\" content=\"pt_BR\" \/>\n<meta property=\"og:type\" content=\"article\" \/>\n<meta property=\"og:title\" content=\"A\u00e7\u00e3o de Delc\u00eddio e Vander viabiliza R$ 93 milh\u00f5es do PAC 2 para saneamento em 33 munic\u00edpios\" \/>\n<meta property=\"og:description\" content=\"Recursos ser\u00e3o disponibilizados para o governo do Estado e as prefeituras investirem na implanta\u00e7\u00e3o de redes de coleta e tratamento de esgoto.\" \/>\n<meta property=\"og:url\" content=\"http:\/\/vanderloubet.com.br\/deputado\/governo-federal-investira-r-93-milhoes-no-saneamento-basico-de-33-municipios-de-ms\/\" \/>\n<meta property=\"og:site_name\" content=\"Deputado Federal Vander Loubet\" \/>\n<meta property=\"article:publisher\" content=\"https:\/\/facebook.com\/deputadovander\" \/>\n<meta property=\"article:published_time\" content=\"2013-10-02T22:11:27+00:00\" \/>\n<meta property=\"article:modified_time\" content=\"2015-05-26T17:37:21+00:00\" \/>\n<meta property=\"og:image\" content=\"http:\/\/vanderloubet.com.br\/deputado\/wp-content\/uploads\/2013\/10\/foto-2013-10-02-pac-funasa-rede-esgoto.jpg\" \/>\n\t<meta property=\"og:image:width\" content=\"1200\" \/>\n\t<meta property=\"og:image:height\" content=\"610\" \/>\n\t<meta property=\"og:image:type\" content=\"image\/jpeg\" \/>\n<meta name=\"author\" content=\"\u00c9der\" \/>\n<meta name=\"twitter:card\" content=\"summary_large_image\" \/>\n<meta name=\"twitter:creator\" content=\"@vanderloubet\" \/>\n<meta name=\"twitter:site\" content=\"@vanderloubet\" \/>\n<script type=\"application\/ld+json\" class=\"yoast-schema-graph\">{\"@context\":\"https:\\\/\\\/schema.org\",\"@graph\":[{\"@type\":\"Article\",\"@id\":\"http:\\\/\\\/vanderloubet.com.br\\\/deputado\\\/governo-federal-investira-r-93-milhoes-no-saneamento-basico-de-33-municipios-de-ms\\\/#article\",\"isPartOf\":{\"@id\":\"http:\\\/\\\/vanderloubet.com.br\\\/deputado\\\/governo-federal-investira-r-93-milhoes-no-saneamento-basico-de-33-municipios-de-ms\\\/\"},\"author\":{\"name\":\"\u00c9der\",\"@id\":\"https:\\\/\\\/vanderloubet.com.br\\\/deputado\\\/#\\\/schema\\\/person\\\/15b51bd564532a8a68d9dec1b8eb890e\"},\"headline\":\"A\u00e7\u00e3o de Delc\u00eddio e Vander viabiliza R$ 93 milh\u00f5es do PAC 2 para saneamento em 33 munic\u00edpios\",\"datePublished\":\"2013-10-02T22:11:27+00:00\",\"dateModified\":\"2015-05-26T17:37:21+00:00\",\"mainEntityOfPage\":{\"@id\":\"http:\\\/\\\/vanderloubet.com.br\\\/deputado\\\/governo-federal-investira-r-93-milhoes-no-saneamento-basico-de-33-municipios-de-ms\\\/\"},\"wordCount\":592,\"publisher\":{\"@id\":\"https:\\\/\\\/vanderloubet.com.br\\\/deputado\\\/#organization\"},\"image\":{\"@id\":\"http:\\\/\\\/vanderloubet.com.br\\\/deputado\\\/governo-federal-investira-r-93-milhoes-no-saneamento-basico-de-33-municipios-de-ms\\\/#primaryimage\"},\"thumbnailUrl\":\"https:\\\/\\\/vanderloubet.com.br\\\/deputado\\\/wp-content\\\/uploads\\\/2013\\\/10\\\/foto-2013-10-02-pac-funasa-rede-esgoto.jpg\",\"keywords\":[\"pac\",\"saneamento b\u00e1sico\"],\"articleSection\":[\"Munic\u00edpios\",\"Not\u00edcias\"],\"inLanguage\":\"pt-BR\"},{\"@type\":\"WebPage\",\"@id\":\"http:\\\/\\\/vanderloubet.com.br\\\/deputado\\\/governo-federal-investira-r-93-milhoes-no-saneamento-basico-de-33-municipios-de-ms\\\/\",\"url\":\"http:\\\/\\\/vanderloubet.com.br\\\/deputado\\\/governo-federal-investira-r-93-milhoes-no-saneamento-basico-de-33-municipios-de-ms\\\/\",\"name\":\"A\u00e7\u00e3o de Delc\u00eddio e Vander viabiliza R$ 93 milh\u00f5es do PAC 2 para saneamento em 33 munic\u00edpios\",\"isPartOf\":{\"@id\":\"https:\\\/\\\/vanderloubet.com.br\\\/deputado\\\/#website\"},\"primaryImageOfPage\":{\"@id\":\"http:\\\/\\\/vanderloubet.com.br\\\/deputado\\\/governo-federal-investira-r-93-milhoes-no-saneamento-basico-de-33-municipios-de-ms\\\/#primaryimage\"},\"image\":{\"@id\":\"http:\\\/\\\/vanderloubet.com.br\\\/deputado\\\/governo-federal-investira-r-93-milhoes-no-saneamento-basico-de-33-municipios-de-ms\\\/#primaryimage\"},\"thumbnailUrl\":\"https:\\\/\\\/vanderloubet.com.br\\\/deputado\\\/wp-content\\\/uploads\\\/2013\\\/10\\\/foto-2013-10-02-pac-funasa-rede-esgoto.jpg\",\"datePublished\":\"2013-10-02T22:11:27+00:00\",\"dateModified\":\"2015-05-26T17:37:21+00:00\",\"breadcrumb\":{\"@id\":\"http:\\\/\\\/vanderloubet.com.br\\\/deputado\\\/governo-federal-investira-r-93-milhoes-no-saneamento-basico-de-33-municipios-de-ms\\\/#breadcrumb\"},\"inLanguage\":\"pt-BR\",\"potentialAction\":[{\"@type\":\"ReadAction\",\"target\":[\"http:\\\/\\\/vanderloubet.com.br\\\/deputado\\\/governo-federal-investira-r-93-milhoes-no-saneamento-basico-de-33-municipios-de-ms\\\/\"]}]},{\"@type\":\"ImageObject\",\"inLanguage\":\"pt-BR\",\"@id\":\"http:\\\/\\\/vanderloubet.com.br\\\/deputado\\\/governo-federal-investira-r-93-milhoes-no-saneamento-basico-de-33-municipios-de-ms\\\/#primaryimage\",\"url\":\"https:\\\/\\\/vanderloubet.com.br\\\/deputado\\\/wp-content\\\/uploads\\\/2013\\\/10\\\/foto-2013-10-02-pac-funasa-rede-esgoto.jpg\",\"contentUrl\":\"https:\\\/\\\/vanderloubet.com.br\\\/deputado\\\/wp-content\\\/uploads\\\/2013\\\/10\\\/foto-2013-10-02-pac-funasa-rede-esgoto.jpg\",\"width\":900,\"height\":458,\"caption\":\"PAC Funasa \u00e9 destinado a a\u00e7\u00f5es de saneamento b\u00e1sico\"},{\"@type\":\"BreadcrumbList\",\"@id\":\"http:\\\/\\\/vanderloubet.com.br\\\/deputado\\\/governo-federal-investira-r-93-milhoes-no-saneamento-basico-de-33-municipios-de-ms\\\/#breadcrumb\",\"itemListElement\":[{\"@type\":\"ListItem\",\"position\":1,\"name\":\"In\u00edcio\",\"item\":\"https:\\\/\\\/vanderloubet.com.br\\\/deputado\\\/\"},{\"@type\":\"ListItem\",\"position\":2,\"name\":\"A\u00e7\u00e3o de Delc\u00eddio e Vander viabiliza R$ 93 milh\u00f5es do PAC 2 para saneamento em 33 munic\u00edpios\"}]},{\"@type\":\"WebSite\",\"@id\":\"https:\\\/\\\/vanderloubet.com.br\\\/deputado\\\/#website\",\"url\":\"https:\\\/\\\/vanderloubet.com.br\\\/deputado\\\/\",\"name\":\"Deputado Federal Vander Loubet\",\"description\":\"O Federal de MS\",\"publisher\":{\"@id\":\"https:\\\/\\\/vanderloubet.com.br\\\/deputado\\\/#organization\"},\"alternateName\":\"Deputado Vander\",\"potentialAction\":[{\"@type\":\"SearchAction\",\"target\":{\"@type\":\"EntryPoint\",\"urlTemplate\":\"https:\\\/\\\/vanderloubet.com.br\\\/deputado\\\/?s={search_term_string}\"},\"query-input\":{\"@type\":\"PropertyValueSpecification\",\"valueRequired\":true,\"valueName\":\"search_term_string\"}}],\"inLanguage\":\"pt-BR\"},{\"@type\":\"Organization\",\"@id\":\"https:\\\/\\\/vanderloubet.com.br\\\/deputado\\\/#organization\",\"name\":\"Deputado Federal Vander Loubet\",\"alternateName\":\"Deputado Vander\",\"url\":\"https:\\\/\\\/vanderloubet.com.br\\\/deputado\\\/\",\"logo\":{\"@type\":\"ImageObject\",\"inLanguage\":\"pt-BR\",\"@id\":\"https:\\\/\\\/vanderloubet.com.br\\\/deputado\\\/#\\\/schema\\\/logo\\\/image\\\/\",\"url\":\"https:\\\/\\\/vanderloubet.com.br\\\/deputado\\\/wp-content\\\/uploads\\\/2023\\\/06\\\/foto-2023-06-19-mandato-deputado-vander.jpg\",\"contentUrl\":\"https:\\\/\\\/vanderloubet.com.br\\\/deputado\\\/wp-content\\\/uploads\\\/2023\\\/06\\\/foto-2023-06-19-mandato-deputado-vander.jpg\",\"width\":1080,\"height\":1080,\"caption\":\"Deputado Federal Vander Loubet\"},\"image\":{\"@id\":\"https:\\\/\\\/vanderloubet.com.br\\\/deputado\\\/#\\\/schema\\\/logo\\\/image\\\/\"},\"sameAs\":[\"https:\\\/\\\/facebook.com\\\/deputadovander\",\"https:\\\/\\\/x.com\\\/vanderloubet\",\"https:\\\/\\\/instagram.com\\\/vanderloubet\",\"https:\\\/\\\/youtube.com\\\/vanderloubet\",\"https:\\\/\\\/tiktok.com\\\/@vanderloubetms\"]},{\"@type\":\"Person\",\"@id\":\"https:\\\/\\\/vanderloubet.com.br\\\/deputado\\\/#\\\/schema\\\/person\\\/15b51bd564532a8a68d9dec1b8eb890e\",\"name\":\"\u00c9der\",\"image\":{\"@type\":\"ImageObject\",\"inLanguage\":\"pt-BR\",\"@id\":\"https:\\\/\\\/vanderloubet.com.br\\\/deputado\\\/wp-content\\\/litespeed\\\/avatar\\\/88ca4090d9d5ab1c9495f6ca03b68efa.jpg?ver=1777058957\",\"url\":\"https:\\\/\\\/vanderloubet.com.br\\\/deputado\\\/wp-content\\\/litespeed\\\/avatar\\\/88ca4090d9d5ab1c9495f6ca03b68efa.jpg?ver=1777058957\",\"contentUrl\":\"https:\\\/\\\/vanderloubet.com.br\\\/deputado\\\/wp-content\\\/litespeed\\\/avatar\\\/88ca4090d9d5ab1c9495f6ca03b68efa.jpg?ver=1777058957\",\"caption\":\"\u00c9der\"}}]}<\/script>\n<!-- \/ Yoast SEO plugin. -->","yoast_head_json":{"title":"A\u00e7\u00e3o de Delc\u00eddio e Vander viabiliza R$ 93 milh\u00f5es do PAC 2 para saneamento em 33 munic\u00edpios","robots":{"index":"index","follow":"follow","max-snippet":"max-snippet:-1","max-image-preview":"max-image-preview:large","max-video-preview":"max-video-preview:-1"},"canonical":"http:\/\/vanderloubet.com.br\/deputado\/governo-federal-investira-r-93-milhoes-no-saneamento-basico-de-33-municipios-de-ms\/","og_locale":"pt_BR","og_type":"article","og_title":"A\u00e7\u00e3o de Delc\u00eddio e Vander viabiliza R$ 93 milh\u00f5es do PAC 2 para saneamento em 33 munic\u00edpios","og_description":"Recursos ser\u00e3o disponibilizados para o governo do Estado e as prefeituras investirem na implanta\u00e7\u00e3o de redes de coleta e tratamento de esgoto.","og_url":"http:\/\/vanderloubet.com.br\/deputado\/governo-federal-investira-r-93-milhoes-no-saneamento-basico-de-33-municipios-de-ms\/","og_site_name":"Deputado Federal Vander Loubet","article_publisher":"https:\/\/facebook.com\/deputadovander","article_published_time":"2013-10-02T22:11:27+00:00","article_modified_time":"2015-05-26T17:37:21+00:00","og_image":[{"width":1200,"height":610,"url":"http:\/\/vanderloubet.com.br\/deputado\/wp-content\/uploads\/2013\/10\/foto-2013-10-02-pac-funasa-rede-esgoto.jpg","type":"image\/jpeg"}],"author":"\u00c9der","twitter_card":"summary_large_image","twitter_creator":"@vanderloubet","twitter_site":"@vanderloubet","schema":{"@context":"https:\/\/schema.org","@graph":[{"@type":"Article","@id":"http:\/\/vanderloubet.com.br\/deputado\/governo-federal-investira-r-93-milhoes-no-saneamento-basico-de-33-municipios-de-ms\/#article","isPartOf":{"@id":"http:\/\/vanderloubet.com.br\/deputado\/governo-federal-investira-r-93-milhoes-no-saneamento-basico-de-33-municipios-de-ms\/"},"author":{"name":"\u00c9der","@id":"https:\/\/vanderloubet.com.br\/deputado\/#\/schema\/person\/15b51bd564532a8a68d9dec1b8eb890e"},"headline":"A\u00e7\u00e3o de Delc\u00eddio e Vander viabiliza R$ 93 milh\u00f5es do PAC 2 para saneamento em 33 munic\u00edpios","datePublished":"2013-10-02T22:11:27+00:00","dateModified":"2015-05-26T17:37:21+00:00","mainEntityOfPage":{"@id":"http:\/\/vanderloubet.com.br\/deputado\/governo-federal-investira-r-93-milhoes-no-saneamento-basico-de-33-municipios-de-ms\/"},"wordCount":592,"publisher":{"@id":"https:\/\/vanderloubet.com.br\/deputado\/#organization"},"image":{"@id":"http:\/\/vanderloubet.com.br\/deputado\/governo-federal-investira-r-93-milhoes-no-saneamento-basico-de-33-municipios-de-ms\/#primaryimage"},"thumbnailUrl":"https:\/\/vanderloubet.com.br\/deputado\/wp-content\/uploads\/2013\/10\/foto-2013-10-02-pac-funasa-rede-esgoto.jpg","keywords":["pac","saneamento b\u00e1sico"],"articleSection":["Munic\u00edpios","Not\u00edcias"],"inLanguage":"pt-BR"},{"@type":"WebPage","@id":"http:\/\/vanderloubet.com.br\/deputado\/governo-federal-investira-r-93-milhoes-no-saneamento-basico-de-33-municipios-de-ms\/","url":"http:\/\/vanderloubet.com.br\/deputado\/governo-federal-investira-r-93-milhoes-no-saneamento-basico-de-33-municipios-de-ms\/","name":"A\u00e7\u00e3o de Delc\u00eddio e Vander viabiliza R$ 93 milh\u00f5es do PAC 2 para saneamento em 33 munic\u00edpios","isPartOf":{"@id":"https:\/\/vanderloubet.com.br\/deputado\/#website"},"primaryImageOfPage":{"@id":"http:\/\/vanderloubet.com.br\/deputado\/governo-federal-investira-r-93-milhoes-no-saneamento-basico-de-33-municipios-de-ms\/#primaryimage"},"image":{"@id":"http:\/\/vanderloubet.com.br\/deputado\/governo-federal-investira-r-93-milhoes-no-saneamento-basico-de-33-municipios-de-ms\/#primaryimage"},"thumbnailUrl":"https:\/\/vanderloubet.com.br\/deputado\/wp-content\/uploads\/2013\/10\/foto-2013-10-02-pac-funasa-rede-esgoto.jpg","datePublished":"2013-10-02T22:11:27+00:00","dateModified":"2015-05-26T17:37:21+00:00","breadcrumb":{"@id":"http:\/\/vanderloubet.com.br\/deputado\/governo-federal-investira-r-93-milhoes-no-saneamento-basico-de-33-municipios-de-ms\/#breadcrumb"},"inLanguage":"pt-BR","potentialAction":[{"@type":"ReadAction","target":["http:\/\/vanderloubet.com.br\/deputado\/governo-federal-investira-r-93-milhoes-no-saneamento-basico-de-33-municipios-de-ms\/"]}]},{"@type":"ImageObject","inLanguage":"pt-BR","@id":"http:\/\/vanderloubet.com.br\/deputado\/governo-federal-investira-r-93-milhoes-no-saneamento-basico-de-33-municipios-de-ms\/#primaryimage","url":"https:\/\/vanderloubet.com.br\/deputado\/wp-content\/uploads\/2013\/10\/foto-2013-10-02-pac-funasa-rede-esgoto.jpg","contentUrl":"https:\/\/vanderloubet.com.br\/deputado\/wp-content\/uploads\/2013\/10\/foto-2013-10-02-pac-funasa-rede-esgoto.jpg","width":900,"height":458,"caption":"PAC Funasa \u00e9 destinado a a\u00e7\u00f5es de saneamento b\u00e1sico"},{"@type":"BreadcrumbList","@id":"http:\/\/vanderloubet.com.br\/deputado\/governo-federal-investira-r-93-milhoes-no-saneamento-basico-de-33-municipios-de-ms\/#breadcrumb","itemListElement":[{"@type":"ListItem","position":1,"name":"In\u00edcio","item":"https:\/\/vanderloubet.com.br\/deputado\/"},{"@type":"ListItem","position":2,"name":"A\u00e7\u00e3o de Delc\u00eddio e Vander viabiliza R$ 93 milh\u00f5es do PAC 2 para saneamento em 33 munic\u00edpios"}]},{"@type":"WebSite","@id":"https:\/\/vanderloubet.com.br\/deputado\/#website","url":"https:\/\/vanderloubet.com.br\/deputado\/","name":"Deputado Federal Vander Loubet","description":"O Federal de MS","publisher":{"@id":"https:\/\/vanderloubet.com.br\/deputado\/#organization"},"alternateName":"Deputado Vander","potentialAction":[{"@type":"SearchAction","target":{"@type":"EntryPoint","urlTemplate":"https:\/\/vanderloubet.com.br\/deputado\/?s={search_term_string}"},"query-input":{"@type":"PropertyValueSpecification","valueRequired":true,"valueName":"search_term_string"}}],"inLanguage":"pt-BR"},{"@type":"Organization","@id":"https:\/\/vanderloubet.com.br\/deputado\/#organization","name":"Deputado Federal Vander Loubet","alternateName":"Deputado Vander","url":"https:\/\/vanderloubet.com.br\/deputado\/","logo":{"@type":"ImageObject","inLanguage":"pt-BR","@id":"https:\/\/vanderloubet.com.br\/deputado\/#\/schema\/logo\/image\/","url":"https:\/\/vanderloubet.com.br\/deputado\/wp-content\/uploads\/2023\/06\/foto-2023-06-19-mandato-deputado-vander.jpg","contentUrl":"https:\/\/vanderloubet.com.br\/deputado\/wp-content\/uploads\/2023\/06\/foto-2023-06-19-mandato-deputado-vander.jpg","width":1080,"height":1080,"caption":"Deputado Federal Vander Loubet"},"image":{"@id":"https:\/\/vanderloubet.com.br\/deputado\/#\/schema\/logo\/image\/"},"sameAs":["https:\/\/facebook.com\/deputadovander","https:\/\/x.com\/vanderloubet","https:\/\/instagram.com\/vanderloubet","https:\/\/youtube.com\/vanderloubet","https:\/\/tiktok.com\/@vanderloubetms"]},{"@type":"Person","@id":"https:\/\/vanderloubet.com.br\/deputado\/#\/schema\/person\/15b51bd564532a8a68d9dec1b8eb890e","name":"\u00c9der","image":{"@type":"ImageObject","inLanguage":"pt-BR","@id":"https:\/\/vanderloubet.com.br\/deputado\/wp-content\/litespeed\/avatar\/88ca4090d9d5ab1c9495f6ca03b68efa.jpg?ver=1777058957","url":"https:\/\/vanderloubet.com.br\/deputado\/wp-content\/litespeed\/avatar\/88ca4090d9d5ab1c9495f6ca03b68efa.jpg?ver=1777058957","contentUrl":"https:\/\/vanderloubet.com.br\/deputado\/wp-content\/litespeed\/avatar\/88ca4090d9d5ab1c9495f6ca03b68efa.jpg?ver=1777058957","caption":"\u00c9der"}}]}},"jetpack_featured_media_url":"https:\/\/vanderloubet.com.br\/deputado\/wp-content\/uploads\/2013\/10\/foto-2013-10-02-pac-funasa-rede-esgoto.jpg","jetpack_sharing_enabled":true,"_links":{"self":[{"href":"https:\/\/vanderloubet.com.br\/deputado\/wp-json\/wp\/v2\/posts\/6968","targetHints":{"allow":["GET"]}}],"collection":[{"href":"https:\/\/vanderloubet.com.br\/deputado\/wp-json\/wp\/v2\/posts"}],"about":[{"href":"https:\/\/vanderloubet.com.br\/deputado\/wp-json\/wp\/v2\/types\/post"}],"author":[{"embeddable":true,"href":"https:\/\/vanderloubet.com.br\/deputado\/wp-json\/wp\/v2\/users\/2"}],"replies":[{"embeddable":true,"href":"https:\/\/vanderloubet.com.br\/deputado\/wp-json\/wp\/v2\/comments?post=6968"}],"version-history":[{"count":0,"href":"https:\/\/vanderloubet.com.br\/deputado\/wp-json\/wp\/v2\/posts\/6968\/revisions"}],"wp:featuredmedia":[{"embeddable":true,"href":"https:\/\/vanderloubet.com.br\/deputado\/wp-json\/wp\/v2\/media\/9742"}],"wp:attachment":[{"href":"https:\/\/vanderloubet.com.br\/deputado\/wp-json\/wp\/v2\/media?parent=6968"}],"wp:term":[{"taxonomy":"category","embeddable":true,"href":"https:\/\/vanderloubet.com.br\/deputado\/wp-json\/wp\/v2\/categories?post=6968"},{"taxonomy":"post_tag","embeddable":true,"href":"https:\/\/vanderloubet.com.br\/deputado\/wp-json\/wp\/v2\/tags?post=6968"}],"curies":[{"name":"wp","href":"https:\/\/api.w.org\/{rel}","templated":true}]}}