{"id":6830,"date":"2013-08-16T16:37:42","date_gmt":"2013-08-16T20:37:42","guid":{"rendered":"http:\/\/www.deputadovander.com.br\/website\/?p=6830"},"modified":"2013-08-16T16:37:42","modified_gmt":"2013-08-16T20:37:42","slug":"mais-quatro-municipios-vao-receber-patrulhas-mecanizadas-viabilizadas-por-moka-e-vander","status":"publish","type":"post","link":"https:\/\/vanderloubet.com.br\/deputado\/mais-quatro-municipios-vao-receber-patrulhas-mecanizadas-viabilizadas-por-moka-e-vander\/","title":{"rendered":"Mais quatro munic\u00edpios ter\u00e3o maquin\u00e1rio viabilizado por Moka e Vander"},"content":{"rendered":"<figure id=\"attachment_6831\" aria-describedby=\"caption-attachment-6831\" style=\"width: 420px\" class=\"wp-caption aligncenter\"><a href=\"http:\/\/www.deputadovander.com.br\/website\/wp-content\/uploads\/2013\/08\/foto-2013-08-16-escavadeira-hidraulica-mpa.jpg\" target=\"_blank\"><img decoding=\"async\" class=\"size-medium wp-image-6831 \" title=\"Escavadeira \u00e9 equipamento imprescind\u00edvel para constru\u00e7\u00e3o de tanques\" alt=\"Escavadeira \u00e9 equipamento imprescind\u00edvel para constru\u00e7\u00e3o de tanques\" src=\"http:\/\/www.deputadovander.com.br\/website\/wp-content\/uploads\/2013\/08\/foto-2013-08-16-escavadeira-hidraulica-mpa-420x280.jpg\" width=\"420\" height=\"280\" \/><\/a><figcaption id=\"caption-attachment-6831\" class=\"wp-caption-text\">Escavadeira \u00e9 equipamento imprescind\u00edvel para constru\u00e7\u00e3o de tanques<\/figcaption><\/figure>\n<p>O Minist\u00e9rio da Pesca e Aquicultura (MPA) divulgou esta semana uma <a title=\"Link\" href=\"http:\/\/www.mpa.gov.br\/images\/Docs\/Outros\/Portaria%2002-2013-SEPOA-Propostas_Classificadas.pdf\" target=\"_blank\">portaria<\/a> na qual consta a rela\u00e7\u00e3o final de munic\u00edpios contemplados com a patrulha mecanizada &#8211; composta por uma escavadeira hidr\u00e1ulica e um trator de esteira &#8211; para fomento e apoio \u00e0 fomento \u00e0 aquicultura familiar. Em Mato Grosso do Sul, 14 munic\u00edpios j\u00e1 haviam sido habilitados para receber o benef\u00edcio: Aral Moreira, Bataguassu, Bela Vista, Bodoquena, Caracol, Costa Rica, Iguatemi, Inoc\u00eancia, Itapor\u00e3, Itaquira\u00ed, Nioaque, Nova Andradina, Pedro Gomes e S\u00e3o Gabriel do Oeste. Ap\u00f3s an\u00e1lise de recursos administrativos, mais quatro munic\u00edpios entraram para a lista: Navira\u00ed, Paranhos, Sidrol\u00e2ndia e Tr\u00eas Lagoas.<\/p>\n<p>A habilita\u00e7\u00e3o dos munic\u00edpios n\u00e3o assegura o atendimento da demanda, que ser\u00e1 realizado de forma regionalizada ou por etapas, de acordo com a disponibilidade or\u00e7ament\u00e1ria e financeira. No caso de Mato Grosso do Sul, a disponibilidade or\u00e7ament\u00e1ria est\u00e1 garantida gra\u00e7as a duas fontes: uma emenda apresentada na Comiss\u00e3o de Agricultura e Reforma Agr\u00e1ria (CRA) do Senado pelo senador Waldemir Moka (PMDB-MS) e uma emenda de bancada na C\u00e2mara apresentada pelo deputado federal Vander Loubet (PT-MS) com o apoio dos deputados federais Reinaldo Azambuja (PSDB-MS) e Luiz Henrique Mandetta (DEM-MS).<\/p>\n<p>Moka e Vander acompanharam de perto o processo de an\u00e1lise dos recursos apresentados pelos quatro munic\u00edpios e comemoraram a decis\u00e3o do Minist\u00e9rio da Pesca. &#8220;O objetivo \u00e9 sempre esse: garantir que o maior n\u00famero poss\u00edvel de munic\u00edpios do nosso estado sejam contemplados com as a\u00e7\u00f5es do governo federal&#8221;, afirmou Vander.<\/p>\n<figure id=\"attachment_6832\" aria-describedby=\"caption-attachment-6832\" style=\"width: 420px\" class=\"wp-caption aligncenter\"><a href=\"http:\/\/www.deputadovander.com.br\/website\/wp-content\/uploads\/2013\/08\/foto-2013-08-16-trator-esteira-mpa.jpg\" target=\"_blank\"><img decoding=\"async\" class=\"size-medium wp-image-6832 \" title=\"Trator de esteira \u00e9 outro maquin\u00e1rio importante para piscicultura\" alt=\"Trator de esteira \u00e9 outro maquin\u00e1rio importante para piscicultura\" src=\"http:\/\/www.deputadovander.com.br\/website\/wp-content\/uploads\/2013\/08\/foto-2013-08-16-trator-esteira-mpa-420x280.jpg\" width=\"420\" height=\"280\" \/><\/a><figcaption id=\"caption-attachment-6832\" class=\"wp-caption-text\">Trator de esteira \u00e9 outro maquin\u00e1rio importante para piscicultura<\/figcaption><\/figure>\n<p><strong>Aumento da produ\u00e7\u00e3o<\/strong> &#8211; Segundo o senador Moka, os equipamentos, avaliados em R$ 900 mil cada conjunto, v\u00e3o ser utilizados na constru\u00e7\u00e3o e adequa\u00e7\u00e3o de viveiros e tanques para a produ\u00e7\u00e3o de pescado. &#8220;Sempre valorizei muito esse tipo de investimento. \u00c9 um dinheiro muito bem aplicado, valioso. Com pouco recurso, atende-se grande parcela de trabalhadores&#8221;, argumenta o senador.<\/p>\n<p>J\u00e1 o deputado Vander destaca que essa e outras a\u00e7\u00f5es para desenvolver a piscicultura em Mato Grosso do Sul s\u00e3o necess\u00e1rias para aumentar a produ\u00e7\u00e3o e o consumo de pescado no estado, que est\u00e1 abaixo da m\u00e9dia nacional. &#8220;Nosso pa\u00eds consome pouco peixe. S\u00e3o cerca de 9 quilos por habitante por ano enquanto que a m\u00e9dia mundial \u00e9 16 quilos e o m\u00ednimo ideal \u00e9 12 quilos. E no nosso estado esse consumo \u00e9 ainda menor: apenas 3 quilos por habitante por ano. Da\u00ed a import\u00e2ncia de aumentar a produ\u00e7\u00e3o, o que permitiria pre\u00e7os mais acess\u00edveis \u00e0 popula\u00e7\u00e3o e o consequente aumento do consumo&#8221;, assinalou o deputado.<\/p>\n<p>Com o incentivo \u00e0 aquicultura, especialmente por conta do Plano Safra da Pesca e Aquicultura iniciado em 2012, o MPA espera que a produ\u00e7\u00e3o nacional alcance pelo menos 1 milh\u00e3o de toneladas ao ano j\u00e1 em 2014. Hoje, o Brasil produz cerca de 470 mil toneladas\/ano e Mato Grosso do Sul, 14 mil toneladas\/ano.<\/p>\n","protected":false},"excerpt":{"rendered":"<p>Em MS, 14 munic\u00edpios j\u00e1 haviam sido habilitados para receber o benef\u00edcio. Agora, ap\u00f3s an\u00e1lise de recursos, ser\u00e3o 18.<\/p>\n","protected":false},"author":2,"featured_media":0,"comment_status":"closed","ping_status":"open","sticky":false,"template":"","format":"standard","meta":{"jetpack_post_was_ever_published":false,"_jetpack_newsletter_access":"","_jetpack_dont_email_post_to_subs":false,"_jetpack_newsletter_tier_id":0,"_jetpack_memberships_contains_paywalled_content":false,"_jetpack_memberships_contains_paid_content":false,"footnotes":""},"categories":[10],"tags":[731,749,964,1302,1333,1536,1537,1549,1976],"class_list":{"0":"post-6830","1":"post","2":"type-post","3":"status-publish","4":"format-standard","6":"category-noticias","7":"tag-escavadeira","8":"tag-esteira","9":"tag-hidraulica","10":"tag-ministerio","11":"tag-mpa","12":"tag-pesca","13":"tag-pescado","14":"tag-piscicultura","15":"tag-trator"},"yoast_head":"<!-- This site is optimized with the Yoast SEO plugin v27.4 - https:\/\/yoast.com\/product\/yoast-seo-wordpress\/ -->\n<title>Mais quatro munic\u00edpios ter\u00e3o maquin\u00e1rio viabilizado por Moka e Vander<\/title>\n<meta name=\"robots\" content=\"index, follow, max-snippet:-1, max-image-preview:large, max-video-preview:-1\" \/>\n<link rel=\"canonical\" href=\"https:\/\/vanderloubet.com.br\/deputado\/mais-quatro-municipios-vao-receber-patrulhas-mecanizadas-viabilizadas-por-moka-e-vander\/\" \/>\n<meta property=\"og:locale\" content=\"pt_BR\" \/>\n<meta property=\"og:type\" content=\"article\" \/>\n<meta property=\"og:title\" content=\"Mais quatro munic\u00edpios ter\u00e3o maquin\u00e1rio viabilizado por Moka e Vander\" \/>\n<meta property=\"og:description\" content=\"Em MS, 14 munic\u00edpios j\u00e1 haviam sido habilitados para receber o benef\u00edcio. Agora, ap\u00f3s an\u00e1lise de recursos, ser\u00e3o 18.\" \/>\n<meta property=\"og:url\" content=\"https:\/\/vanderloubet.com.br\/deputado\/mais-quatro-municipios-vao-receber-patrulhas-mecanizadas-viabilizadas-por-moka-e-vander\/\" \/>\n<meta property=\"og:site_name\" content=\"Deputado Federal Vander Loubet\" \/>\n<meta property=\"article:publisher\" content=\"https:\/\/facebook.com\/deputadovander\" \/>\n<meta property=\"article:published_time\" content=\"2013-08-16T20:37:42+00:00\" \/>\n<meta property=\"og:image\" content=\"http:\/\/www.deputadovander.com.br\/website\/wp-content\/uploads\/2013\/08\/foto-2013-08-16-escavadeira-hidraulica-mpa-420x280.jpg\" \/>\n<meta name=\"author\" content=\"\u00c9der\" \/>\n<meta name=\"twitter:card\" content=\"summary_large_image\" \/>\n<meta name=\"twitter:creator\" content=\"@vanderloubet\" \/>\n<meta name=\"twitter:site\" content=\"@vanderloubet\" \/>\n<script type=\"application\/ld+json\" class=\"yoast-schema-graph\">{\"@context\":\"https:\\\/\\\/schema.org\",\"@graph\":[{\"@type\":\"Article\",\"@id\":\"https:\\\/\\\/vanderloubet.com.br\\\/deputado\\\/mais-quatro-municipios-vao-receber-patrulhas-mecanizadas-viabilizadas-por-moka-e-vander\\\/#article\",\"isPartOf\":{\"@id\":\"https:\\\/\\\/vanderloubet.com.br\\\/deputado\\\/mais-quatro-municipios-vao-receber-patrulhas-mecanizadas-viabilizadas-por-moka-e-vander\\\/\"},\"author\":{\"name\":\"\u00c9der\",\"@id\":\"https:\\\/\\\/vanderloubet.com.br\\\/deputado\\\/#\\\/schema\\\/person\\\/15b51bd564532a8a68d9dec1b8eb890e\"},\"headline\":\"Mais quatro munic\u00edpios ter\u00e3o maquin\u00e1rio viabilizado por Moka e Vander\",\"datePublished\":\"2013-08-16T20:37:42+00:00\",\"mainEntityOfPage\":{\"@id\":\"https:\\\/\\\/vanderloubet.com.br\\\/deputado\\\/mais-quatro-municipios-vao-receber-patrulhas-mecanizadas-viabilizadas-por-moka-e-vander\\\/\"},\"wordCount\":540,\"publisher\":{\"@id\":\"https:\\\/\\\/vanderloubet.com.br\\\/deputado\\\/#organization\"},\"image\":{\"@id\":\"https:\\\/\\\/vanderloubet.com.br\\\/deputado\\\/mais-quatro-municipios-vao-receber-patrulhas-mecanizadas-viabilizadas-por-moka-e-vander\\\/#primaryimage\"},\"thumbnailUrl\":\"http:\\\/\\\/www.deputadovander.com.br\\\/website\\\/wp-content\\\/uploads\\\/2013\\\/08\\\/foto-2013-08-16-escavadeira-hidraulica-mpa-420x280.jpg\",\"keywords\":[\"escavadeira\",\"esteira\",\"hidr\u00e1ulica\",\"minist\u00e9rio\",\"mpa\",\"pesca\",\"pescado\",\"piscicultura\",\"trator\"],\"articleSection\":[\"Not\u00edcias\"],\"inLanguage\":\"pt-BR\"},{\"@type\":\"WebPage\",\"@id\":\"https:\\\/\\\/vanderloubet.com.br\\\/deputado\\\/mais-quatro-municipios-vao-receber-patrulhas-mecanizadas-viabilizadas-por-moka-e-vander\\\/\",\"url\":\"https:\\\/\\\/vanderloubet.com.br\\\/deputado\\\/mais-quatro-municipios-vao-receber-patrulhas-mecanizadas-viabilizadas-por-moka-e-vander\\\/\",\"name\":\"Mais quatro munic\u00edpios ter\u00e3o maquin\u00e1rio viabilizado por Moka e Vander\",\"isPartOf\":{\"@id\":\"https:\\\/\\\/vanderloubet.com.br\\\/deputado\\\/#website\"},\"primaryImageOfPage\":{\"@id\":\"https:\\\/\\\/vanderloubet.com.br\\\/deputado\\\/mais-quatro-municipios-vao-receber-patrulhas-mecanizadas-viabilizadas-por-moka-e-vander\\\/#primaryimage\"},\"image\":{\"@id\":\"https:\\\/\\\/vanderloubet.com.br\\\/deputado\\\/mais-quatro-municipios-vao-receber-patrulhas-mecanizadas-viabilizadas-por-moka-e-vander\\\/#primaryimage\"},\"thumbnailUrl\":\"http:\\\/\\\/www.deputadovander.com.br\\\/website\\\/wp-content\\\/uploads\\\/2013\\\/08\\\/foto-2013-08-16-escavadeira-hidraulica-mpa-420x280.jpg\",\"datePublished\":\"2013-08-16T20:37:42+00:00\",\"breadcrumb\":{\"@id\":\"https:\\\/\\\/vanderloubet.com.br\\\/deputado\\\/mais-quatro-municipios-vao-receber-patrulhas-mecanizadas-viabilizadas-por-moka-e-vander\\\/#breadcrumb\"},\"inLanguage\":\"pt-BR\",\"potentialAction\":[{\"@type\":\"ReadAction\",\"target\":[\"https:\\\/\\\/vanderloubet.com.br\\\/deputado\\\/mais-quatro-municipios-vao-receber-patrulhas-mecanizadas-viabilizadas-por-moka-e-vander\\\/\"]}]},{\"@type\":\"ImageObject\",\"inLanguage\":\"pt-BR\",\"@id\":\"https:\\\/\\\/vanderloubet.com.br\\\/deputado\\\/mais-quatro-municipios-vao-receber-patrulhas-mecanizadas-viabilizadas-por-moka-e-vander\\\/#primaryimage\",\"url\":\"http:\\\/\\\/www.deputadovander.com.br\\\/website\\\/wp-content\\\/uploads\\\/2013\\\/08\\\/foto-2013-08-16-escavadeira-hidraulica-mpa-420x280.jpg\",\"contentUrl\":\"http:\\\/\\\/www.deputadovander.com.br\\\/website\\\/wp-content\\\/uploads\\\/2013\\\/08\\\/foto-2013-08-16-escavadeira-hidraulica-mpa-420x280.jpg\"},{\"@type\":\"BreadcrumbList\",\"@id\":\"https:\\\/\\\/vanderloubet.com.br\\\/deputado\\\/mais-quatro-municipios-vao-receber-patrulhas-mecanizadas-viabilizadas-por-moka-e-vander\\\/#breadcrumb\",\"itemListElement\":[{\"@type\":\"ListItem\",\"position\":1,\"name\":\"In\u00edcio\",\"item\":\"https:\\\/\\\/vanderloubet.com.br\\\/deputado\\\/\"},{\"@type\":\"ListItem\",\"position\":2,\"name\":\"Mais quatro munic\u00edpios ter\u00e3o maquin\u00e1rio viabilizado por Moka e Vander\"}]},{\"@type\":\"WebSite\",\"@id\":\"https:\\\/\\\/vanderloubet.com.br\\\/deputado\\\/#website\",\"url\":\"https:\\\/\\\/vanderloubet.com.br\\\/deputado\\\/\",\"name\":\"Deputado Federal Vander Loubet\",\"description\":\"O Federal de MS\",\"publisher\":{\"@id\":\"https:\\\/\\\/vanderloubet.com.br\\\/deputado\\\/#organization\"},\"alternateName\":\"Deputado Vander\",\"potentialAction\":[{\"@type\":\"SearchAction\",\"target\":{\"@type\":\"EntryPoint\",\"urlTemplate\":\"https:\\\/\\\/vanderloubet.com.br\\\/deputado\\\/?s={search_term_string}\"},\"query-input\":{\"@type\":\"PropertyValueSpecification\",\"valueRequired\":true,\"valueName\":\"search_term_string\"}}],\"inLanguage\":\"pt-BR\"},{\"@type\":\"Organization\",\"@id\":\"https:\\\/\\\/vanderloubet.com.br\\\/deputado\\\/#organization\",\"name\":\"Deputado Federal Vander Loubet\",\"alternateName\":\"Deputado Vander\",\"url\":\"https:\\\/\\\/vanderloubet.com.br\\\/deputado\\\/\",\"logo\":{\"@type\":\"ImageObject\",\"inLanguage\":\"pt-BR\",\"@id\":\"https:\\\/\\\/vanderloubet.com.br\\\/deputado\\\/#\\\/schema\\\/logo\\\/image\\\/\",\"url\":\"https:\\\/\\\/vanderloubet.com.br\\\/deputado\\\/wp-content\\\/uploads\\\/2023\\\/06\\\/foto-2023-06-19-mandato-deputado-vander.jpg\",\"contentUrl\":\"https:\\\/\\\/vanderloubet.com.br\\\/deputado\\\/wp-content\\\/uploads\\\/2023\\\/06\\\/foto-2023-06-19-mandato-deputado-vander.jpg\",\"width\":1080,\"height\":1080,\"caption\":\"Deputado Federal Vander Loubet\"},\"image\":{\"@id\":\"https:\\\/\\\/vanderloubet.com.br\\\/deputado\\\/#\\\/schema\\\/logo\\\/image\\\/\"},\"sameAs\":[\"https:\\\/\\\/facebook.com\\\/deputadovander\",\"https:\\\/\\\/x.com\\\/vanderloubet\",\"https:\\\/\\\/instagram.com\\\/vanderloubet\",\"https:\\\/\\\/youtube.com\\\/vanderloubet\",\"https:\\\/\\\/tiktok.com\\\/@vanderloubetms\"]},{\"@type\":\"Person\",\"@id\":\"https:\\\/\\\/vanderloubet.com.br\\\/deputado\\\/#\\\/schema\\\/person\\\/15b51bd564532a8a68d9dec1b8eb890e\",\"name\":\"\u00c9der\",\"image\":{\"@type\":\"ImageObject\",\"inLanguage\":\"pt-BR\",\"@id\":\"https:\\\/\\\/vanderloubet.com.br\\\/deputado\\\/wp-content\\\/litespeed\\\/avatar\\\/88ca4090d9d5ab1c9495f6ca03b68efa.jpg?ver=1777058957\",\"url\":\"https:\\\/\\\/vanderloubet.com.br\\\/deputado\\\/wp-content\\\/litespeed\\\/avatar\\\/88ca4090d9d5ab1c9495f6ca03b68efa.jpg?ver=1777058957\",\"contentUrl\":\"https:\\\/\\\/vanderloubet.com.br\\\/deputado\\\/wp-content\\\/litespeed\\\/avatar\\\/88ca4090d9d5ab1c9495f6ca03b68efa.jpg?ver=1777058957\",\"caption\":\"\u00c9der\"}}]}<\/script>\n<!-- \/ Yoast SEO plugin. -->","yoast_head_json":{"title":"Mais quatro munic\u00edpios ter\u00e3o maquin\u00e1rio viabilizado por Moka e Vander","robots":{"index":"index","follow":"follow","max-snippet":"max-snippet:-1","max-image-preview":"max-image-preview:large","max-video-preview":"max-video-preview:-1"},"canonical":"https:\/\/vanderloubet.com.br\/deputado\/mais-quatro-municipios-vao-receber-patrulhas-mecanizadas-viabilizadas-por-moka-e-vander\/","og_locale":"pt_BR","og_type":"article","og_title":"Mais quatro munic\u00edpios ter\u00e3o maquin\u00e1rio viabilizado por Moka e Vander","og_description":"Em MS, 14 munic\u00edpios j\u00e1 haviam sido habilitados para receber o benef\u00edcio. Agora, ap\u00f3s an\u00e1lise de recursos, ser\u00e3o 18.","og_url":"https:\/\/vanderloubet.com.br\/deputado\/mais-quatro-municipios-vao-receber-patrulhas-mecanizadas-viabilizadas-por-moka-e-vander\/","og_site_name":"Deputado Federal Vander Loubet","article_publisher":"https:\/\/facebook.com\/deputadovander","article_published_time":"2013-08-16T20:37:42+00:00","og_image":[{"url":"http:\/\/www.deputadovander.com.br\/website\/wp-content\/uploads\/2013\/08\/foto-2013-08-16-escavadeira-hidraulica-mpa-420x280.jpg","type":"","width":"","height":""}],"author":"\u00c9der","twitter_card":"summary_large_image","twitter_creator":"@vanderloubet","twitter_site":"@vanderloubet","schema":{"@context":"https:\/\/schema.org","@graph":[{"@type":"Article","@id":"https:\/\/vanderloubet.com.br\/deputado\/mais-quatro-municipios-vao-receber-patrulhas-mecanizadas-viabilizadas-por-moka-e-vander\/#article","isPartOf":{"@id":"https:\/\/vanderloubet.com.br\/deputado\/mais-quatro-municipios-vao-receber-patrulhas-mecanizadas-viabilizadas-por-moka-e-vander\/"},"author":{"name":"\u00c9der","@id":"https:\/\/vanderloubet.com.br\/deputado\/#\/schema\/person\/15b51bd564532a8a68d9dec1b8eb890e"},"headline":"Mais quatro munic\u00edpios ter\u00e3o maquin\u00e1rio viabilizado por Moka e Vander","datePublished":"2013-08-16T20:37:42+00:00","mainEntityOfPage":{"@id":"https:\/\/vanderloubet.com.br\/deputado\/mais-quatro-municipios-vao-receber-patrulhas-mecanizadas-viabilizadas-por-moka-e-vander\/"},"wordCount":540,"publisher":{"@id":"https:\/\/vanderloubet.com.br\/deputado\/#organization"},"image":{"@id":"https:\/\/vanderloubet.com.br\/deputado\/mais-quatro-municipios-vao-receber-patrulhas-mecanizadas-viabilizadas-por-moka-e-vander\/#primaryimage"},"thumbnailUrl":"http:\/\/www.deputadovander.com.br\/website\/wp-content\/uploads\/2013\/08\/foto-2013-08-16-escavadeira-hidraulica-mpa-420x280.jpg","keywords":["escavadeira","esteira","hidr\u00e1ulica","minist\u00e9rio","mpa","pesca","pescado","piscicultura","trator"],"articleSection":["Not\u00edcias"],"inLanguage":"pt-BR"},{"@type":"WebPage","@id":"https:\/\/vanderloubet.com.br\/deputado\/mais-quatro-municipios-vao-receber-patrulhas-mecanizadas-viabilizadas-por-moka-e-vander\/","url":"https:\/\/vanderloubet.com.br\/deputado\/mais-quatro-municipios-vao-receber-patrulhas-mecanizadas-viabilizadas-por-moka-e-vander\/","name":"Mais quatro munic\u00edpios ter\u00e3o maquin\u00e1rio viabilizado por Moka e Vander","isPartOf":{"@id":"https:\/\/vanderloubet.com.br\/deputado\/#website"},"primaryImageOfPage":{"@id":"https:\/\/vanderloubet.com.br\/deputado\/mais-quatro-municipios-vao-receber-patrulhas-mecanizadas-viabilizadas-por-moka-e-vander\/#primaryimage"},"image":{"@id":"https:\/\/vanderloubet.com.br\/deputado\/mais-quatro-municipios-vao-receber-patrulhas-mecanizadas-viabilizadas-por-moka-e-vander\/#primaryimage"},"thumbnailUrl":"http:\/\/www.deputadovander.com.br\/website\/wp-content\/uploads\/2013\/08\/foto-2013-08-16-escavadeira-hidraulica-mpa-420x280.jpg","datePublished":"2013-08-16T20:37:42+00:00","breadcrumb":{"@id":"https:\/\/vanderloubet.com.br\/deputado\/mais-quatro-municipios-vao-receber-patrulhas-mecanizadas-viabilizadas-por-moka-e-vander\/#breadcrumb"},"inLanguage":"pt-BR","potentialAction":[{"@type":"ReadAction","target":["https:\/\/vanderloubet.com.br\/deputado\/mais-quatro-municipios-vao-receber-patrulhas-mecanizadas-viabilizadas-por-moka-e-vander\/"]}]},{"@type":"ImageObject","inLanguage":"pt-BR","@id":"https:\/\/vanderloubet.com.br\/deputado\/mais-quatro-municipios-vao-receber-patrulhas-mecanizadas-viabilizadas-por-moka-e-vander\/#primaryimage","url":"http:\/\/www.deputadovander.com.br\/website\/wp-content\/uploads\/2013\/08\/foto-2013-08-16-escavadeira-hidraulica-mpa-420x280.jpg","contentUrl":"http:\/\/www.deputadovander.com.br\/website\/wp-content\/uploads\/2013\/08\/foto-2013-08-16-escavadeira-hidraulica-mpa-420x280.jpg"},{"@type":"BreadcrumbList","@id":"https:\/\/vanderloubet.com.br\/deputado\/mais-quatro-municipios-vao-receber-patrulhas-mecanizadas-viabilizadas-por-moka-e-vander\/#breadcrumb","itemListElement":[{"@type":"ListItem","position":1,"name":"In\u00edcio","item":"https:\/\/vanderloubet.com.br\/deputado\/"},{"@type":"ListItem","position":2,"name":"Mais quatro munic\u00edpios ter\u00e3o maquin\u00e1rio viabilizado por Moka e Vander"}]},{"@type":"WebSite","@id":"https:\/\/vanderloubet.com.br\/deputado\/#website","url":"https:\/\/vanderloubet.com.br\/deputado\/","name":"Deputado Federal Vander Loubet","description":"O Federal de MS","publisher":{"@id":"https:\/\/vanderloubet.com.br\/deputado\/#organization"},"alternateName":"Deputado Vander","potentialAction":[{"@type":"SearchAction","target":{"@type":"EntryPoint","urlTemplate":"https:\/\/vanderloubet.com.br\/deputado\/?s={search_term_string}"},"query-input":{"@type":"PropertyValueSpecification","valueRequired":true,"valueName":"search_term_string"}}],"inLanguage":"pt-BR"},{"@type":"Organization","@id":"https:\/\/vanderloubet.com.br\/deputado\/#organization","name":"Deputado Federal Vander Loubet","alternateName":"Deputado Vander","url":"https:\/\/vanderloubet.com.br\/deputado\/","logo":{"@type":"ImageObject","inLanguage":"pt-BR","@id":"https:\/\/vanderloubet.com.br\/deputado\/#\/schema\/logo\/image\/","url":"https:\/\/vanderloubet.com.br\/deputado\/wp-content\/uploads\/2023\/06\/foto-2023-06-19-mandato-deputado-vander.jpg","contentUrl":"https:\/\/vanderloubet.com.br\/deputado\/wp-content\/uploads\/2023\/06\/foto-2023-06-19-mandato-deputado-vander.jpg","width":1080,"height":1080,"caption":"Deputado Federal Vander Loubet"},"image":{"@id":"https:\/\/vanderloubet.com.br\/deputado\/#\/schema\/logo\/image\/"},"sameAs":["https:\/\/facebook.com\/deputadovander","https:\/\/x.com\/vanderloubet","https:\/\/instagram.com\/vanderloubet","https:\/\/youtube.com\/vanderloubet","https:\/\/tiktok.com\/@vanderloubetms"]},{"@type":"Person","@id":"https:\/\/vanderloubet.com.br\/deputado\/#\/schema\/person\/15b51bd564532a8a68d9dec1b8eb890e","name":"\u00c9der","image":{"@type":"ImageObject","inLanguage":"pt-BR","@id":"https:\/\/vanderloubet.com.br\/deputado\/wp-content\/litespeed\/avatar\/88ca4090d9d5ab1c9495f6ca03b68efa.jpg?ver=1777058957","url":"https:\/\/vanderloubet.com.br\/deputado\/wp-content\/litespeed\/avatar\/88ca4090d9d5ab1c9495f6ca03b68efa.jpg?ver=1777058957","contentUrl":"https:\/\/vanderloubet.com.br\/deputado\/wp-content\/litespeed\/avatar\/88ca4090d9d5ab1c9495f6ca03b68efa.jpg?ver=1777058957","caption":"\u00c9der"}}]}},"jetpack_featured_media_url":"","jetpack_sharing_enabled":true,"_links":{"self":[{"href":"https:\/\/vanderloubet.com.br\/deputado\/wp-json\/wp\/v2\/posts\/6830","targetHints":{"allow":["GET"]}}],"collection":[{"href":"https:\/\/vanderloubet.com.br\/deputado\/wp-json\/wp\/v2\/posts"}],"about":[{"href":"https:\/\/vanderloubet.com.br\/deputado\/wp-json\/wp\/v2\/types\/post"}],"author":[{"embeddable":true,"href":"https:\/\/vanderloubet.com.br\/deputado\/wp-json\/wp\/v2\/users\/2"}],"replies":[{"embeddable":true,"href":"https:\/\/vanderloubet.com.br\/deputado\/wp-json\/wp\/v2\/comments?post=6830"}],"version-history":[{"count":0,"href":"https:\/\/vanderloubet.com.br\/deputado\/wp-json\/wp\/v2\/posts\/6830\/revisions"}],"wp:attachment":[{"href":"https:\/\/vanderloubet.com.br\/deputado\/wp-json\/wp\/v2\/media?parent=6830"}],"wp:term":[{"taxonomy":"category","embeddable":true,"href":"https:\/\/vanderloubet.com.br\/deputado\/wp-json\/wp\/v2\/categories?post=6830"},{"taxonomy":"post_tag","embeddable":true,"href":"https:\/\/vanderloubet.com.br\/deputado\/wp-json\/wp\/v2\/tags?post=6830"}],"curies":[{"name":"wp","href":"https:\/\/api.w.org\/{rel}","templated":true}]}}