{"id":6806,"date":"2013-08-12T09:39:41","date_gmt":"2013-08-12T13:39:41","guid":{"rendered":"http:\/\/www.deputadovander.com.br\/website\/?p=6806"},"modified":"2013-08-12T09:39:41","modified_gmt":"2013-08-12T13:39:41","slug":"vander-critica-retirada-das-brs-262-e-267-de-edital-e-afirma-que-vai-buscar-recursos-do-pac-2","status":"publish","type":"post","link":"https:\/\/vanderloubet.com.br\/deputado\/vander-critica-retirada-das-brs-262-e-267-de-edital-e-afirma-que-vai-buscar-recursos-do-pac-2\/","title":{"rendered":"Vander critica retirada de BRs 262 e 267 de edital e fala em recursos do PAC 2"},"content":{"rendered":"<figure id=\"attachment_6807\" aria-describedby=\"caption-attachment-6807\" style=\"width: 420px\" class=\"wp-caption aligncenter\"><a href=\"http:\/\/www.deputadovander.com.br\/website\/wp-content\/uploads\/2013\/08\/foto-2013-08-12-audiencia-antt.jpg\" target=\"_blank\"><img decoding=\"async\" class=\"size-medium wp-image-6807 \" title=\"Audi\u00eancia da ANTT estava vazia mas Vander marcou presen\u00e7a\" alt=\"Audi\u00eancia da ANTT estava vazia mas Vander marcou presen\u00e7a\" src=\"http:\/\/www.deputadovander.com.br\/website\/wp-content\/uploads\/2013\/08\/foto-2013-08-12-audiencia-antt-420x280.jpg\" width=\"420\" height=\"280\" \/><\/a><figcaption id=\"caption-attachment-6807\" class=\"wp-caption-text\">Audi\u00eancia da ANTT estava vazia mas Vander marcou presen\u00e7a<\/figcaption><\/figure>\n<p>A Ag\u00eancia Nacional de Transportes Terrestres (ANTT) realizou na manh\u00e3 de sexta-feira (9), em audit\u00f3rio do Hotel Jandaia, em Campo Grande, a Audi\u00eancia P\u00fablica 141\/2013, cujo objetivo foi debater a exclus\u00e3o dos trechos das rodovias BR-262 e BR-267 &#8211; ambos dos respectivos entroncamentos com a BR-163 at\u00e9 a divisa com S\u00e3o Paulo &#8211; do edital de concess\u00e3o integrante da Fase III da 3\u00aa Etapa do Programa de Concess\u00e3o de Rodovias Federais. Apesar de esvaziado, o evento contou com a presen\u00e7a do deputado federal Vander Loubet (PT-MS), que desde janeiro deste ano vem acompanhando de perto o processo no estado.<\/p>\n<p>Durante a apresenta\u00e7\u00e3o, feita pelo especialista em regula\u00e7\u00e3o da Ag\u00eancia, St\u00e9phane Quebaud, foi explicitada a preocupa\u00e7\u00e3o do governo federal com um poss\u00edvel desinteresse dos empres\u00e1rios com o Lote 6 (que era composto justamente pelas BRs 163, 262 e 267 em Mato Grosso do Sul) por conta de fatores que encarecem o investimento inicial e o custo de manuten\u00e7\u00e3o, como a enorme quantidade de pista a ser duplicada em um per\u00edodo de cinco anos (1.352 km). Al\u00e9m disso, segundo a ANTT, o grande volume de investimentos a serem feitos, da ordem de R$ 11 bilh\u00f5es, leva a valores elevados no que diz respeito a exig\u00eancias relativas a garantia de execu\u00e7\u00e3o contratual (R$ 1,5 bilh\u00e3o at\u00e9 o quinto ano), capital social m\u00ednimo (R$ 573 milh\u00f5es) e patrim\u00f4nio l\u00edquido (R$ 1,1 bilh\u00e3o), fatores que podem ocasionar o fracasso do leil\u00e3o.<\/p>\n<figure id=\"attachment_6811\" aria-describedby=\"caption-attachment-6811\" style=\"width: 420px\" class=\"wp-caption aligncenter\"><a href=\"http:\/\/www.deputadovander.com.br\/website\/wp-content\/uploads\/2013\/08\/foto-2013-08-12-stephane-quebaud-vander-loubet.jpg\" target=\"_blank\"><img decoding=\"async\" class=\"size-medium wp-image-6811 \" title=\"Quebaud exp\u00f4s justificativas da exclus\u00e3o; Vander criticou a medida\" alt=\"Quebaud exp\u00f4s justificativas da exclus\u00e3o; Vander criticou a medida\" src=\"http:\/\/www.deputadovander.com.br\/website\/wp-content\/uploads\/2013\/08\/foto-2013-08-12-stephane-quebaud-vander-loubet-420x280.jpg\" width=\"420\" height=\"280\" \/><\/a><figcaption id=\"caption-attachment-6811\" class=\"wp-caption-text\">Quebaud exp\u00f4s justificativas da exclus\u00e3o; Vander criticou a medida<\/figcaption><\/figure>\n<p>Ao fazer uso da palavra na audi\u00eancia, o deputado Vander afirmou compreender a preocupa\u00e7\u00e3o do governo com uma poss\u00edvel falta de interesse pelos leil\u00f5es, mas criticou a decis\u00e3o de excluir rodovias do edital. &#8220;Acredito que o governo poderia ter insistido num leil\u00e3o que contemplasse as tr\u00eas rodovias juntas, porque tanto a 262 quanto a 267 s\u00e3o rodovias importantes para nosso estado&#8221;, afirmou. &#8220;Essa decis\u00e3o de retirar as duas rodovias do edital com certeza frustra as expectativas de nove munic\u00edpios que esperavam pela duplica\u00e7\u00e3o e por todos os benef\u00edcios que isso traria. Por isso, pretendo, em breve, me reunir com os prefeitos desses munic\u00edpios para que possamos buscar junto ao governo federal alguma compensa\u00e7\u00e3o como, por exemplo, investimentos do PAC 2 na 262 e na 267&#8221;, concluiu Vander.<\/p>\n<p>De acordo com Quebaud, as modifica\u00e7\u00f5es no projeto de concess\u00e3o se restringem apenas \u00e0 exclus\u00e3o das BRs 262 e 267. Todos os benef\u00edcios e investimentos previstos para a BR-163 foram mantidos. Al\u00e9m disso, o especialista da ANTT afirmou que o governo federal &#8220;est\u00e1 correndo contra o tempo&#8221; para realizar o leil\u00e3o ainda neste ano. &#8220;Queremos melhorias de infraestrutura nas rodovias e o estudo completa um ano agora em agosto. Preferimos dar continuidade ao projeto mesmo sem duas rodovias&#8221;, justificou.<\/p>\n<p><span style=\"font-size: 11px;\">(\u00c9der Yanaguita &#8211; Assessoria\/Deputado Vander, com informa\u00e7\u00f5es do Correio do Estado)<\/span><\/p>\n","protected":false},"excerpt":{"rendered":"<p>Durante audi\u00eancia p\u00fablica da ANTT na Capital, deputado defendeu que governo poderia insistir em edital com as duas rodovias.<\/p>\n","protected":false},"author":2,"featured_media":0,"comment_status":"closed","ping_status":"open","sticky":false,"template":"","format":"standard","meta":{"jetpack_post_was_ever_published":false,"_jetpack_newsletter_access":"","_jetpack_dont_email_post_to_subs":false,"_jetpack_newsletter_tier_id":0,"_jetpack_memberships_contains_paywalled_content":false,"_jetpack_memberships_contains_paid_content":false,"footnotes":""},"categories":[10],"tags":[17,24,25,62,147,292,493,691,1142,1353,1631,1745,1943,1973],"class_list":{"0":"post-6806","1":"post","2":"type-post","3":"status-publish","4":"format-standard","6":"category-noticias","7":"tag-17","8":"tag-24","9":"tag-25","10":"tag-agencia","11":"tag-antt","12":"tag-br","13":"tag-concessao","14":"tag-edital","15":"tag-leilao","16":"tag-nacional","17":"tag-programa","18":"tag-rodovias","19":"tag-terrestres","20":"tag-transportes"},"yoast_head":"<!-- This site is optimized with the Yoast SEO plugin v27.4 - https:\/\/yoast.com\/product\/yoast-seo-wordpress\/ -->\n<title>Vander critica retirada de BRs 262 e 267 de edital e fala em recursos do PAC 2<\/title>\n<meta name=\"robots\" content=\"index, follow, max-snippet:-1, max-image-preview:large, max-video-preview:-1\" \/>\n<link rel=\"canonical\" href=\"https:\/\/vanderloubet.com.br\/deputado\/vander-critica-retirada-das-brs-262-e-267-de-edital-e-afirma-que-vai-buscar-recursos-do-pac-2\/\" \/>\n<meta property=\"og:locale\" content=\"pt_BR\" \/>\n<meta property=\"og:type\" content=\"article\" \/>\n<meta property=\"og:title\" content=\"Vander critica retirada de BRs 262 e 267 de edital e fala em recursos do PAC 2\" \/>\n<meta property=\"og:description\" content=\"Durante audi\u00eancia p\u00fablica da ANTT na Capital, deputado defendeu que governo poderia insistir em edital com as duas rodovias.\" \/>\n<meta property=\"og:url\" content=\"https:\/\/vanderloubet.com.br\/deputado\/vander-critica-retirada-das-brs-262-e-267-de-edital-e-afirma-que-vai-buscar-recursos-do-pac-2\/\" \/>\n<meta property=\"og:site_name\" content=\"Deputado Federal Vander Loubet\" \/>\n<meta property=\"article:publisher\" content=\"https:\/\/facebook.com\/deputadovander\" \/>\n<meta property=\"article:published_time\" content=\"2013-08-12T13:39:41+00:00\" \/>\n<meta property=\"og:image\" content=\"http:\/\/www.deputadovander.com.br\/website\/wp-content\/uploads\/2013\/08\/foto-2013-08-12-audiencia-antt-420x280.jpg\" \/>\n<meta name=\"author\" content=\"\u00c9der\" \/>\n<meta name=\"twitter:card\" content=\"summary_large_image\" \/>\n<meta name=\"twitter:creator\" content=\"@vanderloubet\" \/>\n<meta name=\"twitter:site\" content=\"@vanderloubet\" \/>\n<script type=\"application\/ld+json\" class=\"yoast-schema-graph\">{\"@context\":\"https:\\\/\\\/schema.org\",\"@graph\":[{\"@type\":\"Article\",\"@id\":\"https:\\\/\\\/vanderloubet.com.br\\\/deputado\\\/vander-critica-retirada-das-brs-262-e-267-de-edital-e-afirma-que-vai-buscar-recursos-do-pac-2\\\/#article\",\"isPartOf\":{\"@id\":\"https:\\\/\\\/vanderloubet.com.br\\\/deputado\\\/vander-critica-retirada-das-brs-262-e-267-de-edital-e-afirma-que-vai-buscar-recursos-do-pac-2\\\/\"},\"author\":{\"name\":\"\u00c9der\",\"@id\":\"https:\\\/\\\/vanderloubet.com.br\\\/deputado\\\/#\\\/schema\\\/person\\\/15b51bd564532a8a68d9dec1b8eb890e\"},\"headline\":\"Vander critica retirada de BRs 262 e 267 de edital e fala em recursos do PAC 2\",\"datePublished\":\"2013-08-12T13:39:41+00:00\",\"mainEntityOfPage\":{\"@id\":\"https:\\\/\\\/vanderloubet.com.br\\\/deputado\\\/vander-critica-retirada-das-brs-262-e-267-de-edital-e-afirma-que-vai-buscar-recursos-do-pac-2\\\/\"},\"wordCount\":534,\"publisher\":{\"@id\":\"https:\\\/\\\/vanderloubet.com.br\\\/deputado\\\/#organization\"},\"image\":{\"@id\":\"https:\\\/\\\/vanderloubet.com.br\\\/deputado\\\/vander-critica-retirada-das-brs-262-e-267-de-edital-e-afirma-que-vai-buscar-recursos-do-pac-2\\\/#primaryimage\"},\"thumbnailUrl\":\"http:\\\/\\\/www.deputadovander.com.br\\\/website\\\/wp-content\\\/uploads\\\/2013\\\/08\\\/foto-2013-08-12-audiencia-antt-420x280.jpg\",\"keywords\":[\"163\",\"262\",\"267\",\"ag\u00eancia\",\"antt\",\"br\",\"concess\u00e3o\",\"edital\",\"leil\u00e3o\",\"nacional\",\"programa\",\"rodovias\",\"terrestres\",\"transportes\"],\"articleSection\":[\"Not\u00edcias\"],\"inLanguage\":\"pt-BR\"},{\"@type\":\"WebPage\",\"@id\":\"https:\\\/\\\/vanderloubet.com.br\\\/deputado\\\/vander-critica-retirada-das-brs-262-e-267-de-edital-e-afirma-que-vai-buscar-recursos-do-pac-2\\\/\",\"url\":\"https:\\\/\\\/vanderloubet.com.br\\\/deputado\\\/vander-critica-retirada-das-brs-262-e-267-de-edital-e-afirma-que-vai-buscar-recursos-do-pac-2\\\/\",\"name\":\"Vander critica retirada de BRs 262 e 267 de edital e fala em recursos do PAC 2\",\"isPartOf\":{\"@id\":\"https:\\\/\\\/vanderloubet.com.br\\\/deputado\\\/#website\"},\"primaryImageOfPage\":{\"@id\":\"https:\\\/\\\/vanderloubet.com.br\\\/deputado\\\/vander-critica-retirada-das-brs-262-e-267-de-edital-e-afirma-que-vai-buscar-recursos-do-pac-2\\\/#primaryimage\"},\"image\":{\"@id\":\"https:\\\/\\\/vanderloubet.com.br\\\/deputado\\\/vander-critica-retirada-das-brs-262-e-267-de-edital-e-afirma-que-vai-buscar-recursos-do-pac-2\\\/#primaryimage\"},\"thumbnailUrl\":\"http:\\\/\\\/www.deputadovander.com.br\\\/website\\\/wp-content\\\/uploads\\\/2013\\\/08\\\/foto-2013-08-12-audiencia-antt-420x280.jpg\",\"datePublished\":\"2013-08-12T13:39:41+00:00\",\"breadcrumb\":{\"@id\":\"https:\\\/\\\/vanderloubet.com.br\\\/deputado\\\/vander-critica-retirada-das-brs-262-e-267-de-edital-e-afirma-que-vai-buscar-recursos-do-pac-2\\\/#breadcrumb\"},\"inLanguage\":\"pt-BR\",\"potentialAction\":[{\"@type\":\"ReadAction\",\"target\":[\"https:\\\/\\\/vanderloubet.com.br\\\/deputado\\\/vander-critica-retirada-das-brs-262-e-267-de-edital-e-afirma-que-vai-buscar-recursos-do-pac-2\\\/\"]}]},{\"@type\":\"ImageObject\",\"inLanguage\":\"pt-BR\",\"@id\":\"https:\\\/\\\/vanderloubet.com.br\\\/deputado\\\/vander-critica-retirada-das-brs-262-e-267-de-edital-e-afirma-que-vai-buscar-recursos-do-pac-2\\\/#primaryimage\",\"url\":\"http:\\\/\\\/www.deputadovander.com.br\\\/website\\\/wp-content\\\/uploads\\\/2013\\\/08\\\/foto-2013-08-12-audiencia-antt-420x280.jpg\",\"contentUrl\":\"http:\\\/\\\/www.deputadovander.com.br\\\/website\\\/wp-content\\\/uploads\\\/2013\\\/08\\\/foto-2013-08-12-audiencia-antt-420x280.jpg\"},{\"@type\":\"BreadcrumbList\",\"@id\":\"https:\\\/\\\/vanderloubet.com.br\\\/deputado\\\/vander-critica-retirada-das-brs-262-e-267-de-edital-e-afirma-que-vai-buscar-recursos-do-pac-2\\\/#breadcrumb\",\"itemListElement\":[{\"@type\":\"ListItem\",\"position\":1,\"name\":\"In\u00edcio\",\"item\":\"https:\\\/\\\/vanderloubet.com.br\\\/deputado\\\/\"},{\"@type\":\"ListItem\",\"position\":2,\"name\":\"Vander critica retirada de BRs 262 e 267 de edital e fala em recursos do PAC 2\"}]},{\"@type\":\"WebSite\",\"@id\":\"https:\\\/\\\/vanderloubet.com.br\\\/deputado\\\/#website\",\"url\":\"https:\\\/\\\/vanderloubet.com.br\\\/deputado\\\/\",\"name\":\"Deputado Federal Vander Loubet\",\"description\":\"O Federal de MS\",\"publisher\":{\"@id\":\"https:\\\/\\\/vanderloubet.com.br\\\/deputado\\\/#organization\"},\"alternateName\":\"Deputado Vander\",\"potentialAction\":[{\"@type\":\"SearchAction\",\"target\":{\"@type\":\"EntryPoint\",\"urlTemplate\":\"https:\\\/\\\/vanderloubet.com.br\\\/deputado\\\/?s={search_term_string}\"},\"query-input\":{\"@type\":\"PropertyValueSpecification\",\"valueRequired\":true,\"valueName\":\"search_term_string\"}}],\"inLanguage\":\"pt-BR\"},{\"@type\":\"Organization\",\"@id\":\"https:\\\/\\\/vanderloubet.com.br\\\/deputado\\\/#organization\",\"name\":\"Deputado Federal Vander Loubet\",\"alternateName\":\"Deputado Vander\",\"url\":\"https:\\\/\\\/vanderloubet.com.br\\\/deputado\\\/\",\"logo\":{\"@type\":\"ImageObject\",\"inLanguage\":\"pt-BR\",\"@id\":\"https:\\\/\\\/vanderloubet.com.br\\\/deputado\\\/#\\\/schema\\\/logo\\\/image\\\/\",\"url\":\"https:\\\/\\\/vanderloubet.com.br\\\/deputado\\\/wp-content\\\/uploads\\\/2023\\\/06\\\/foto-2023-06-19-mandato-deputado-vander.jpg\",\"contentUrl\":\"https:\\\/\\\/vanderloubet.com.br\\\/deputado\\\/wp-content\\\/uploads\\\/2023\\\/06\\\/foto-2023-06-19-mandato-deputado-vander.jpg\",\"width\":1080,\"height\":1080,\"caption\":\"Deputado Federal Vander Loubet\"},\"image\":{\"@id\":\"https:\\\/\\\/vanderloubet.com.br\\\/deputado\\\/#\\\/schema\\\/logo\\\/image\\\/\"},\"sameAs\":[\"https:\\\/\\\/facebook.com\\\/deputadovander\",\"https:\\\/\\\/x.com\\\/vanderloubet\",\"https:\\\/\\\/instagram.com\\\/vanderloubet\",\"https:\\\/\\\/youtube.com\\\/vanderloubet\",\"https:\\\/\\\/tiktok.com\\\/@vanderloubetms\"]},{\"@type\":\"Person\",\"@id\":\"https:\\\/\\\/vanderloubet.com.br\\\/deputado\\\/#\\\/schema\\\/person\\\/15b51bd564532a8a68d9dec1b8eb890e\",\"name\":\"\u00c9der\",\"image\":{\"@type\":\"ImageObject\",\"inLanguage\":\"pt-BR\",\"@id\":\"https:\\\/\\\/vanderloubet.com.br\\\/deputado\\\/wp-content\\\/litespeed\\\/avatar\\\/88ca4090d9d5ab1c9495f6ca03b68efa.jpg?ver=1777058957\",\"url\":\"https:\\\/\\\/vanderloubet.com.br\\\/deputado\\\/wp-content\\\/litespeed\\\/avatar\\\/88ca4090d9d5ab1c9495f6ca03b68efa.jpg?ver=1777058957\",\"contentUrl\":\"https:\\\/\\\/vanderloubet.com.br\\\/deputado\\\/wp-content\\\/litespeed\\\/avatar\\\/88ca4090d9d5ab1c9495f6ca03b68efa.jpg?ver=1777058957\",\"caption\":\"\u00c9der\"}}]}<\/script>\n<!-- \/ Yoast SEO plugin. -->","yoast_head_json":{"title":"Vander critica retirada de BRs 262 e 267 de edital e fala em recursos do PAC 2","robots":{"index":"index","follow":"follow","max-snippet":"max-snippet:-1","max-image-preview":"max-image-preview:large","max-video-preview":"max-video-preview:-1"},"canonical":"https:\/\/vanderloubet.com.br\/deputado\/vander-critica-retirada-das-brs-262-e-267-de-edital-e-afirma-que-vai-buscar-recursos-do-pac-2\/","og_locale":"pt_BR","og_type":"article","og_title":"Vander critica retirada de BRs 262 e 267 de edital e fala em recursos do PAC 2","og_description":"Durante audi\u00eancia p\u00fablica da ANTT na Capital, deputado defendeu que governo poderia insistir em edital com as duas rodovias.","og_url":"https:\/\/vanderloubet.com.br\/deputado\/vander-critica-retirada-das-brs-262-e-267-de-edital-e-afirma-que-vai-buscar-recursos-do-pac-2\/","og_site_name":"Deputado Federal Vander Loubet","article_publisher":"https:\/\/facebook.com\/deputadovander","article_published_time":"2013-08-12T13:39:41+00:00","og_image":[{"url":"http:\/\/www.deputadovander.com.br\/website\/wp-content\/uploads\/2013\/08\/foto-2013-08-12-audiencia-antt-420x280.jpg","type":"","width":"","height":""}],"author":"\u00c9der","twitter_card":"summary_large_image","twitter_creator":"@vanderloubet","twitter_site":"@vanderloubet","schema":{"@context":"https:\/\/schema.org","@graph":[{"@type":"Article","@id":"https:\/\/vanderloubet.com.br\/deputado\/vander-critica-retirada-das-brs-262-e-267-de-edital-e-afirma-que-vai-buscar-recursos-do-pac-2\/#article","isPartOf":{"@id":"https:\/\/vanderloubet.com.br\/deputado\/vander-critica-retirada-das-brs-262-e-267-de-edital-e-afirma-que-vai-buscar-recursos-do-pac-2\/"},"author":{"name":"\u00c9der","@id":"https:\/\/vanderloubet.com.br\/deputado\/#\/schema\/person\/15b51bd564532a8a68d9dec1b8eb890e"},"headline":"Vander critica retirada de BRs 262 e 267 de edital e fala em recursos do PAC 2","datePublished":"2013-08-12T13:39:41+00:00","mainEntityOfPage":{"@id":"https:\/\/vanderloubet.com.br\/deputado\/vander-critica-retirada-das-brs-262-e-267-de-edital-e-afirma-que-vai-buscar-recursos-do-pac-2\/"},"wordCount":534,"publisher":{"@id":"https:\/\/vanderloubet.com.br\/deputado\/#organization"},"image":{"@id":"https:\/\/vanderloubet.com.br\/deputado\/vander-critica-retirada-das-brs-262-e-267-de-edital-e-afirma-que-vai-buscar-recursos-do-pac-2\/#primaryimage"},"thumbnailUrl":"http:\/\/www.deputadovander.com.br\/website\/wp-content\/uploads\/2013\/08\/foto-2013-08-12-audiencia-antt-420x280.jpg","keywords":["163","262","267","ag\u00eancia","antt","br","concess\u00e3o","edital","leil\u00e3o","nacional","programa","rodovias","terrestres","transportes"],"articleSection":["Not\u00edcias"],"inLanguage":"pt-BR"},{"@type":"WebPage","@id":"https:\/\/vanderloubet.com.br\/deputado\/vander-critica-retirada-das-brs-262-e-267-de-edital-e-afirma-que-vai-buscar-recursos-do-pac-2\/","url":"https:\/\/vanderloubet.com.br\/deputado\/vander-critica-retirada-das-brs-262-e-267-de-edital-e-afirma-que-vai-buscar-recursos-do-pac-2\/","name":"Vander critica retirada de BRs 262 e 267 de edital e fala em recursos do PAC 2","isPartOf":{"@id":"https:\/\/vanderloubet.com.br\/deputado\/#website"},"primaryImageOfPage":{"@id":"https:\/\/vanderloubet.com.br\/deputado\/vander-critica-retirada-das-brs-262-e-267-de-edital-e-afirma-que-vai-buscar-recursos-do-pac-2\/#primaryimage"},"image":{"@id":"https:\/\/vanderloubet.com.br\/deputado\/vander-critica-retirada-das-brs-262-e-267-de-edital-e-afirma-que-vai-buscar-recursos-do-pac-2\/#primaryimage"},"thumbnailUrl":"http:\/\/www.deputadovander.com.br\/website\/wp-content\/uploads\/2013\/08\/foto-2013-08-12-audiencia-antt-420x280.jpg","datePublished":"2013-08-12T13:39:41+00:00","breadcrumb":{"@id":"https:\/\/vanderloubet.com.br\/deputado\/vander-critica-retirada-das-brs-262-e-267-de-edital-e-afirma-que-vai-buscar-recursos-do-pac-2\/#breadcrumb"},"inLanguage":"pt-BR","potentialAction":[{"@type":"ReadAction","target":["https:\/\/vanderloubet.com.br\/deputado\/vander-critica-retirada-das-brs-262-e-267-de-edital-e-afirma-que-vai-buscar-recursos-do-pac-2\/"]}]},{"@type":"ImageObject","inLanguage":"pt-BR","@id":"https:\/\/vanderloubet.com.br\/deputado\/vander-critica-retirada-das-brs-262-e-267-de-edital-e-afirma-que-vai-buscar-recursos-do-pac-2\/#primaryimage","url":"http:\/\/www.deputadovander.com.br\/website\/wp-content\/uploads\/2013\/08\/foto-2013-08-12-audiencia-antt-420x280.jpg","contentUrl":"http:\/\/www.deputadovander.com.br\/website\/wp-content\/uploads\/2013\/08\/foto-2013-08-12-audiencia-antt-420x280.jpg"},{"@type":"BreadcrumbList","@id":"https:\/\/vanderloubet.com.br\/deputado\/vander-critica-retirada-das-brs-262-e-267-de-edital-e-afirma-que-vai-buscar-recursos-do-pac-2\/#breadcrumb","itemListElement":[{"@type":"ListItem","position":1,"name":"In\u00edcio","item":"https:\/\/vanderloubet.com.br\/deputado\/"},{"@type":"ListItem","position":2,"name":"Vander critica retirada de BRs 262 e 267 de edital e fala em recursos do PAC 2"}]},{"@type":"WebSite","@id":"https:\/\/vanderloubet.com.br\/deputado\/#website","url":"https:\/\/vanderloubet.com.br\/deputado\/","name":"Deputado Federal Vander Loubet","description":"O Federal de MS","publisher":{"@id":"https:\/\/vanderloubet.com.br\/deputado\/#organization"},"alternateName":"Deputado Vander","potentialAction":[{"@type":"SearchAction","target":{"@type":"EntryPoint","urlTemplate":"https:\/\/vanderloubet.com.br\/deputado\/?s={search_term_string}"},"query-input":{"@type":"PropertyValueSpecification","valueRequired":true,"valueName":"search_term_string"}}],"inLanguage":"pt-BR"},{"@type":"Organization","@id":"https:\/\/vanderloubet.com.br\/deputado\/#organization","name":"Deputado Federal Vander Loubet","alternateName":"Deputado Vander","url":"https:\/\/vanderloubet.com.br\/deputado\/","logo":{"@type":"ImageObject","inLanguage":"pt-BR","@id":"https:\/\/vanderloubet.com.br\/deputado\/#\/schema\/logo\/image\/","url":"https:\/\/vanderloubet.com.br\/deputado\/wp-content\/uploads\/2023\/06\/foto-2023-06-19-mandato-deputado-vander.jpg","contentUrl":"https:\/\/vanderloubet.com.br\/deputado\/wp-content\/uploads\/2023\/06\/foto-2023-06-19-mandato-deputado-vander.jpg","width":1080,"height":1080,"caption":"Deputado Federal Vander Loubet"},"image":{"@id":"https:\/\/vanderloubet.com.br\/deputado\/#\/schema\/logo\/image\/"},"sameAs":["https:\/\/facebook.com\/deputadovander","https:\/\/x.com\/vanderloubet","https:\/\/instagram.com\/vanderloubet","https:\/\/youtube.com\/vanderloubet","https:\/\/tiktok.com\/@vanderloubetms"]},{"@type":"Person","@id":"https:\/\/vanderloubet.com.br\/deputado\/#\/schema\/person\/15b51bd564532a8a68d9dec1b8eb890e","name":"\u00c9der","image":{"@type":"ImageObject","inLanguage":"pt-BR","@id":"https:\/\/vanderloubet.com.br\/deputado\/wp-content\/litespeed\/avatar\/88ca4090d9d5ab1c9495f6ca03b68efa.jpg?ver=1777058957","url":"https:\/\/vanderloubet.com.br\/deputado\/wp-content\/litespeed\/avatar\/88ca4090d9d5ab1c9495f6ca03b68efa.jpg?ver=1777058957","contentUrl":"https:\/\/vanderloubet.com.br\/deputado\/wp-content\/litespeed\/avatar\/88ca4090d9d5ab1c9495f6ca03b68efa.jpg?ver=1777058957","caption":"\u00c9der"}}]}},"jetpack_featured_media_url":"","jetpack_sharing_enabled":true,"_links":{"self":[{"href":"https:\/\/vanderloubet.com.br\/deputado\/wp-json\/wp\/v2\/posts\/6806","targetHints":{"allow":["GET"]}}],"collection":[{"href":"https:\/\/vanderloubet.com.br\/deputado\/wp-json\/wp\/v2\/posts"}],"about":[{"href":"https:\/\/vanderloubet.com.br\/deputado\/wp-json\/wp\/v2\/types\/post"}],"author":[{"embeddable":true,"href":"https:\/\/vanderloubet.com.br\/deputado\/wp-json\/wp\/v2\/users\/2"}],"replies":[{"embeddable":true,"href":"https:\/\/vanderloubet.com.br\/deputado\/wp-json\/wp\/v2\/comments?post=6806"}],"version-history":[{"count":0,"href":"https:\/\/vanderloubet.com.br\/deputado\/wp-json\/wp\/v2\/posts\/6806\/revisions"}],"wp:attachment":[{"href":"https:\/\/vanderloubet.com.br\/deputado\/wp-json\/wp\/v2\/media?parent=6806"}],"wp:term":[{"taxonomy":"category","embeddable":true,"href":"https:\/\/vanderloubet.com.br\/deputado\/wp-json\/wp\/v2\/categories?post=6806"},{"taxonomy":"post_tag","embeddable":true,"href":"https:\/\/vanderloubet.com.br\/deputado\/wp-json\/wp\/v2\/tags?post=6806"}],"curies":[{"name":"wp","href":"https:\/\/api.w.org\/{rel}","templated":true}]}}