{"id":6770,"date":"2013-07-26T17:55:17","date_gmt":"2013-07-26T21:55:17","guid":{"rendered":"http:\/\/www.deputadovander.com.br\/website\/?p=6770"},"modified":"2013-07-26T17:55:17","modified_gmt":"2013-07-26T21:55:17","slug":"itaipu-vai-apoiar-criacao-de-centro-tecnologico-em-ponta-pora","status":"publish","type":"post","link":"https:\/\/vanderloubet.com.br\/deputado\/itaipu-vai-apoiar-criacao-de-centro-tecnologico-em-ponta-pora\/","title":{"rendered":"Itaipu vai apoiar cria\u00e7\u00e3o de centro tecnol\u00f3gico em Ponta Por\u00e3"},"content":{"rendered":"<figure id=\"attachment_6771\" aria-describedby=\"caption-attachment-6771\" style=\"width: 420px\" class=\"wp-caption aligncenter\"><a href=\"http:\/\/www.deputadovander.com.br\/website\/wp-content\/uploads\/2013\/07\/foto-2013-07-26-visita-vander-moka-pti-01.jpg\" target=\"_blank\"><img decoding=\"async\" class=\"size-medium wp-image-6771 \" title=\"Comitiva reunida no PTI para debater centro em MS\" alt=\"Comitiva reunida no PTI para debater centro em MS\" src=\"http:\/\/www.deputadovander.com.br\/website\/wp-content\/uploads\/2013\/07\/foto-2013-07-26-visita-vander-moka-pti-01-420x280.jpg\" width=\"420\" height=\"280\" \/><\/a><figcaption id=\"caption-attachment-6771\" class=\"wp-caption-text\">Comitiva reunida no PTI para debater centro em MS<\/figcaption><\/figure>\n<p>A cria\u00e7\u00e3o de um centro de qualifica\u00e7\u00e3o em tecnologia na regi\u00e3o da fronteira de Mato Grosso do Sul com o Paraguai para forma\u00e7\u00e3o e inser\u00e7\u00e3o de jovens no mercado de trabalho deu mais um passo na quarta-feira (24). Uma comitiva de parlamentares, gestores municipais e representantes de entidades empresariais e de \u00f3rg\u00e3os p\u00fablicos fez uma visita \u00e0s instala\u00e7\u00f5es do Parque Tecnol\u00f3gico Itaipu (PTI), em Foz do Igua\u00e7u (PR). O objetivo da visita foi conhecer o funcionamento do parque, que servir\u00e1 de modelo para um projeto semelhante a ser desenvolvido em Ponta Por\u00e3.<\/p>\n<p>A comitiva foi recepcionada pelo diretor geral brasileiro da Itaipu Binacional, Jorge Samek, e pelo diretor do Parque Tecnol\u00f3gico, Juan Carlos Sotuyo.<\/p>\n<p>Criado em 2003 e localizado ao lado da Usina Hidrel\u00e9trica de Itaipu, o PTI conta com espa\u00e7os que possibilitam a promo\u00e7\u00e3o do conhecimento de forma integrada para a forma\u00e7\u00e3o de adolescentes e jovens. Com a\u00e7\u00f5es voltadas para o desenvolvimento do conhecimento, o instituto se destaca por ser um ambiente de constantes avan\u00e7os cient\u00edficos e tecnol\u00f3gicos nas \u00e1reas de energia, \u00e1gua e turismo.<\/p>\n<p>&#8220;Essas visitas t\u00eam o objetivo de mostrar a todos os setores envolvidos, p\u00fablico e privado, a import\u00e2ncia de termos um parque tecnol\u00f3gico que permita a forma\u00e7\u00e3o de jovens, retirando-os das ruas e levando-os para dentro de um projeto com esse alcance&#8221;, analisou o senador Waldemir Moka (PMDB-MS), presidente da Comiss\u00e3o de Assuntos Sociais (CAS) do Senado e um dos organizadores da comitiva.<\/p>\n<p>J\u00e1 para o deputado federal Vander Loubet (PT-MS), que tamb\u00e9m esteve em Foz do Igua\u00e7u, o grande desafio atual dos munic\u00edpios de Mato Grosso do Sul \u00e9 formar m\u00e3o de obra qualificada para preencher os postos de trabalho que s\u00e3o ofertados pelo mercado. &#8220;Nos \u00faltimos 10 anos, nosso pa\u00eds praticamente solucionou o problema do desemprego. Vivemos uma situa\u00e7ao de quase pleno emprego. Agora o desafio \u00e9 outro: as vagas surgem no mercado mas nem sempre h\u00e1 pessoas qualificadas para assumir. Da\u00ed a import\u00e2ncia de o poder p\u00fablico, em parceria com entidades e empresas, investir na qualifica\u00e7\u00e3o de m\u00e3o de obra&#8221;, pontuou.<\/p>\n<figure id=\"attachment_6772\" aria-describedby=\"caption-attachment-6772\" style=\"width: 420px\" class=\"wp-caption aligncenter\"><a href=\"http:\/\/www.deputadovander.com.br\/website\/wp-content\/uploads\/2013\/07\/foto-2013-07-26-visita-vander-moka-pti-02.jpg\" target=\"_blank\"><img decoding=\"async\" class=\"size-medium wp-image-6772 \" title=\"Vander, Samek e Ludimar no PTI\" alt=\"Vander, Samek e Ludimar no PTI\" src=\"http:\/\/www.deputadovander.com.br\/website\/wp-content\/uploads\/2013\/07\/foto-2013-07-26-visita-vander-moka-pti-02-420x280.jpg\" width=\"420\" height=\"280\" \/><\/a><figcaption id=\"caption-attachment-6772\" class=\"wp-caption-text\">Vander, Samek e Ludimar no PTI<\/figcaption><\/figure>\n<p><strong>Envolvimento &#8211;<\/strong> Segundo o senador Moka, a ideia de fazer com que Ponta Por\u00e3 tenha condi\u00e7\u00f5es de p\u00f4r em pr\u00e1tica um projeto semelhante ao de Itaipu surgiu de conversa com o ent\u00e3o prefeito Fl\u00e1vio Kayatt (PSDB) sobre a falta de oportunidades para a popula\u00e7\u00e3o jovem na fronteira. O apoio ao projeto foi mantido pelo atual prefeito, Ludimar Novais. &#8220;Nosso munic\u00edpio tem as mesmas caracter\u00edsticas de Foz do Igua\u00e7u por estar localizado na fronteira, onde a car\u00eancia de cursos t\u00e9cnicos \u00e9 muito grande. Por isso, esse projeto \u00e9 muito importante para nossa popula\u00e7\u00e3o, sobretudo a juventude&#8221;, afirmou Novais.<\/p>\n<p>Al\u00e9m da Prefeitura de Ponta Por\u00e3, outras institui\u00e7\u00f5es integram o projeto do Centro de Qualifica\u00e7\u00e3o Social e Profissional da Fronteira. S\u00e3o elas: a Universidade Estadual de Mato Grosso do Sul (UEMS), o Servi\u00e7o de Apoio \u00e0s Micro e Pequenas Empresas (Sebrae\/MS), a Federa\u00e7\u00e3o das Ind\u00fastrias (Fiems), a Federa\u00e7\u00e3o do Com\u00e9rcio (Fecomercio\/MS), a Superintend\u00eancia do Desenvolvimento do Centro-Oeste (Sudeco) e a Associa\u00e7\u00e3o dos Produtores de Soja (Aprosoja\/MS). A implanta\u00e7\u00e3o do centro em Mato Grosso do Sul deve ser acompanhado pela Itaipu Binacional a fim de garantir ao projeto o selo do Parque Tecnol\u00f3gico Itaipu.<\/p>\n<p>Uma comiss\u00e3o foi formada com representantes de todas as entidades e, dentro de 90 dias, ser\u00e1 apresentado um plano de trabalho para o projeto contendo um plano de a\u00e7\u00f5es para os pr\u00f3ximos cinco anos. Os recursos para construir e equipar o Centro ser\u00e3o viabilizados por meio do Fundo de Desenvolvimento do Centro-Oeste (FDCO), administrado pela Sudeco.<\/p>\n","protected":false},"excerpt":{"rendered":"<p>Deputado Vander e senador Moka visitaram o Parque Tecnol\u00f3gico Itaipu, em Foz do Igua\u00e7u, que servir\u00e1 de modelo para Ponta Por\u00e3.<\/p>\n","protected":false},"author":2,"featured_media":0,"comment_status":"closed","ping_status":"open","sticky":false,"template":"","format":"standard","meta":{"jetpack_post_was_ever_published":false,"_jetpack_newsletter_access":"","_jetpack_dont_email_post_to_subs":false,"_jetpack_newsletter_tier_id":0,"_jetpack_memberships_contains_paywalled_content":false,"_jetpack_memberships_contains_paid_content":false,"footnotes":""},"categories":[10],"tags":[160,802,804,838,869,992,1048,1484,1579,1585,1804,1899,1927,1960,2000],"class_list":{"0":"post-6770","1":"post","2":"type-post","3":"status-publish","4":"format-standard","6":"category-noticias","7":"tag-aprosoja","8":"tag-fdco","9":"tag-fecomercio","10":"tag-fiems","11":"tag-foz","12":"tag-iguacu","13":"tag-itaipu","14":"tag-parque","15":"tag-ponta","16":"tag-pora","17":"tag-sebrae","18":"tag-sudeco","19":"tag-tecnologico","20":"tag-tpi","21":"tag-uems"},"yoast_head":"<!-- This site is optimized with the Yoast SEO plugin v27.4 - https:\/\/yoast.com\/product\/yoast-seo-wordpress\/ -->\n<title>Itaipu vai apoiar cria\u00e7\u00e3o de centro tecnol\u00f3gico em Ponta Por\u00e3<\/title>\n<meta name=\"robots\" content=\"index, follow, max-snippet:-1, max-image-preview:large, max-video-preview:-1\" \/>\n<link rel=\"canonical\" href=\"https:\/\/vanderloubet.com.br\/deputado\/itaipu-vai-apoiar-criacao-de-centro-tecnologico-em-ponta-pora\/\" \/>\n<meta property=\"og:locale\" content=\"pt_BR\" \/>\n<meta property=\"og:type\" content=\"article\" \/>\n<meta property=\"og:title\" content=\"Itaipu vai apoiar cria\u00e7\u00e3o de centro tecnol\u00f3gico em Ponta Por\u00e3\" \/>\n<meta property=\"og:description\" content=\"Deputado Vander e senador Moka visitaram o Parque Tecnol\u00f3gico Itaipu, em Foz do Igua\u00e7u, que servir\u00e1 de modelo para Ponta Por\u00e3.\" \/>\n<meta property=\"og:url\" content=\"https:\/\/vanderloubet.com.br\/deputado\/itaipu-vai-apoiar-criacao-de-centro-tecnologico-em-ponta-pora\/\" \/>\n<meta property=\"og:site_name\" content=\"Deputado Federal Vander Loubet\" \/>\n<meta property=\"article:publisher\" content=\"https:\/\/facebook.com\/deputadovander\" \/>\n<meta property=\"article:published_time\" content=\"2013-07-26T21:55:17+00:00\" \/>\n<meta property=\"og:image\" content=\"http:\/\/www.deputadovander.com.br\/website\/wp-content\/uploads\/2013\/07\/foto-2013-07-26-visita-vander-moka-pti-01-420x280.jpg\" \/>\n<meta name=\"author\" content=\"\u00c9der\" \/>\n<meta name=\"twitter:card\" content=\"summary_large_image\" \/>\n<meta name=\"twitter:creator\" content=\"@vanderloubet\" \/>\n<meta name=\"twitter:site\" content=\"@vanderloubet\" \/>\n<script type=\"application\/ld+json\" class=\"yoast-schema-graph\">{\"@context\":\"https:\\\/\\\/schema.org\",\"@graph\":[{\"@type\":\"Article\",\"@id\":\"https:\\\/\\\/vanderloubet.com.br\\\/deputado\\\/itaipu-vai-apoiar-criacao-de-centro-tecnologico-em-ponta-pora\\\/#article\",\"isPartOf\":{\"@id\":\"https:\\\/\\\/vanderloubet.com.br\\\/deputado\\\/itaipu-vai-apoiar-criacao-de-centro-tecnologico-em-ponta-pora\\\/\"},\"author\":{\"name\":\"\u00c9der\",\"@id\":\"https:\\\/\\\/vanderloubet.com.br\\\/deputado\\\/#\\\/schema\\\/person\\\/15b51bd564532a8a68d9dec1b8eb890e\"},\"headline\":\"Itaipu vai apoiar cria\u00e7\u00e3o de centro tecnol\u00f3gico em Ponta Por\u00e3\",\"datePublished\":\"2013-07-26T21:55:17+00:00\",\"mainEntityOfPage\":{\"@id\":\"https:\\\/\\\/vanderloubet.com.br\\\/deputado\\\/itaipu-vai-apoiar-criacao-de-centro-tecnologico-em-ponta-pora\\\/\"},\"wordCount\":686,\"publisher\":{\"@id\":\"https:\\\/\\\/vanderloubet.com.br\\\/deputado\\\/#organization\"},\"image\":{\"@id\":\"https:\\\/\\\/vanderloubet.com.br\\\/deputado\\\/itaipu-vai-apoiar-criacao-de-centro-tecnologico-em-ponta-pora\\\/#primaryimage\"},\"thumbnailUrl\":\"http:\\\/\\\/www.deputadovander.com.br\\\/website\\\/wp-content\\\/uploads\\\/2013\\\/07\\\/foto-2013-07-26-visita-vander-moka-pti-01-420x280.jpg\",\"keywords\":[\"aprosoja\",\"fdco\",\"fecomercio\",\"fiems\",\"foz\",\"igua\u00e7u\",\"itaipu\",\"parque\",\"ponta\",\"por\u00e3\",\"sebrae\",\"sudeco\",\"tecnologico\",\"tpi\",\"uems\"],\"articleSection\":[\"Not\u00edcias\"],\"inLanguage\":\"pt-BR\"},{\"@type\":\"WebPage\",\"@id\":\"https:\\\/\\\/vanderloubet.com.br\\\/deputado\\\/itaipu-vai-apoiar-criacao-de-centro-tecnologico-em-ponta-pora\\\/\",\"url\":\"https:\\\/\\\/vanderloubet.com.br\\\/deputado\\\/itaipu-vai-apoiar-criacao-de-centro-tecnologico-em-ponta-pora\\\/\",\"name\":\"Itaipu vai apoiar cria\u00e7\u00e3o de centro tecnol\u00f3gico em Ponta Por\u00e3\",\"isPartOf\":{\"@id\":\"https:\\\/\\\/vanderloubet.com.br\\\/deputado\\\/#website\"},\"primaryImageOfPage\":{\"@id\":\"https:\\\/\\\/vanderloubet.com.br\\\/deputado\\\/itaipu-vai-apoiar-criacao-de-centro-tecnologico-em-ponta-pora\\\/#primaryimage\"},\"image\":{\"@id\":\"https:\\\/\\\/vanderloubet.com.br\\\/deputado\\\/itaipu-vai-apoiar-criacao-de-centro-tecnologico-em-ponta-pora\\\/#primaryimage\"},\"thumbnailUrl\":\"http:\\\/\\\/www.deputadovander.com.br\\\/website\\\/wp-content\\\/uploads\\\/2013\\\/07\\\/foto-2013-07-26-visita-vander-moka-pti-01-420x280.jpg\",\"datePublished\":\"2013-07-26T21:55:17+00:00\",\"breadcrumb\":{\"@id\":\"https:\\\/\\\/vanderloubet.com.br\\\/deputado\\\/itaipu-vai-apoiar-criacao-de-centro-tecnologico-em-ponta-pora\\\/#breadcrumb\"},\"inLanguage\":\"pt-BR\",\"potentialAction\":[{\"@type\":\"ReadAction\",\"target\":[\"https:\\\/\\\/vanderloubet.com.br\\\/deputado\\\/itaipu-vai-apoiar-criacao-de-centro-tecnologico-em-ponta-pora\\\/\"]}]},{\"@type\":\"ImageObject\",\"inLanguage\":\"pt-BR\",\"@id\":\"https:\\\/\\\/vanderloubet.com.br\\\/deputado\\\/itaipu-vai-apoiar-criacao-de-centro-tecnologico-em-ponta-pora\\\/#primaryimage\",\"url\":\"http:\\\/\\\/www.deputadovander.com.br\\\/website\\\/wp-content\\\/uploads\\\/2013\\\/07\\\/foto-2013-07-26-visita-vander-moka-pti-01-420x280.jpg\",\"contentUrl\":\"http:\\\/\\\/www.deputadovander.com.br\\\/website\\\/wp-content\\\/uploads\\\/2013\\\/07\\\/foto-2013-07-26-visita-vander-moka-pti-01-420x280.jpg\"},{\"@type\":\"BreadcrumbList\",\"@id\":\"https:\\\/\\\/vanderloubet.com.br\\\/deputado\\\/itaipu-vai-apoiar-criacao-de-centro-tecnologico-em-ponta-pora\\\/#breadcrumb\",\"itemListElement\":[{\"@type\":\"ListItem\",\"position\":1,\"name\":\"In\u00edcio\",\"item\":\"https:\\\/\\\/vanderloubet.com.br\\\/deputado\\\/\"},{\"@type\":\"ListItem\",\"position\":2,\"name\":\"Itaipu vai apoiar cria\u00e7\u00e3o de centro tecnol\u00f3gico em Ponta Por\u00e3\"}]},{\"@type\":\"WebSite\",\"@id\":\"https:\\\/\\\/vanderloubet.com.br\\\/deputado\\\/#website\",\"url\":\"https:\\\/\\\/vanderloubet.com.br\\\/deputado\\\/\",\"name\":\"Deputado Federal Vander Loubet\",\"description\":\"O Federal de MS\",\"publisher\":{\"@id\":\"https:\\\/\\\/vanderloubet.com.br\\\/deputado\\\/#organization\"},\"alternateName\":\"Deputado Vander\",\"potentialAction\":[{\"@type\":\"SearchAction\",\"target\":{\"@type\":\"EntryPoint\",\"urlTemplate\":\"https:\\\/\\\/vanderloubet.com.br\\\/deputado\\\/?s={search_term_string}\"},\"query-input\":{\"@type\":\"PropertyValueSpecification\",\"valueRequired\":true,\"valueName\":\"search_term_string\"}}],\"inLanguage\":\"pt-BR\"},{\"@type\":\"Organization\",\"@id\":\"https:\\\/\\\/vanderloubet.com.br\\\/deputado\\\/#organization\",\"name\":\"Deputado Federal Vander Loubet\",\"alternateName\":\"Deputado Vander\",\"url\":\"https:\\\/\\\/vanderloubet.com.br\\\/deputado\\\/\",\"logo\":{\"@type\":\"ImageObject\",\"inLanguage\":\"pt-BR\",\"@id\":\"https:\\\/\\\/vanderloubet.com.br\\\/deputado\\\/#\\\/schema\\\/logo\\\/image\\\/\",\"url\":\"https:\\\/\\\/vanderloubet.com.br\\\/deputado\\\/wp-content\\\/uploads\\\/2023\\\/06\\\/foto-2023-06-19-mandato-deputado-vander.jpg\",\"contentUrl\":\"https:\\\/\\\/vanderloubet.com.br\\\/deputado\\\/wp-content\\\/uploads\\\/2023\\\/06\\\/foto-2023-06-19-mandato-deputado-vander.jpg\",\"width\":1080,\"height\":1080,\"caption\":\"Deputado Federal Vander Loubet\"},\"image\":{\"@id\":\"https:\\\/\\\/vanderloubet.com.br\\\/deputado\\\/#\\\/schema\\\/logo\\\/image\\\/\"},\"sameAs\":[\"https:\\\/\\\/facebook.com\\\/deputadovander\",\"https:\\\/\\\/x.com\\\/vanderloubet\",\"https:\\\/\\\/instagram.com\\\/vanderloubet\",\"https:\\\/\\\/youtube.com\\\/vanderloubet\",\"https:\\\/\\\/tiktok.com\\\/@vanderloubetms\"]},{\"@type\":\"Person\",\"@id\":\"https:\\\/\\\/vanderloubet.com.br\\\/deputado\\\/#\\\/schema\\\/person\\\/15b51bd564532a8a68d9dec1b8eb890e\",\"name\":\"\u00c9der\",\"image\":{\"@type\":\"ImageObject\",\"inLanguage\":\"pt-BR\",\"@id\":\"https:\\\/\\\/vanderloubet.com.br\\\/deputado\\\/wp-content\\\/litespeed\\\/avatar\\\/88ca4090d9d5ab1c9495f6ca03b68efa.jpg?ver=1777058957\",\"url\":\"https:\\\/\\\/vanderloubet.com.br\\\/deputado\\\/wp-content\\\/litespeed\\\/avatar\\\/88ca4090d9d5ab1c9495f6ca03b68efa.jpg?ver=1777058957\",\"contentUrl\":\"https:\\\/\\\/vanderloubet.com.br\\\/deputado\\\/wp-content\\\/litespeed\\\/avatar\\\/88ca4090d9d5ab1c9495f6ca03b68efa.jpg?ver=1777058957\",\"caption\":\"\u00c9der\"}}]}<\/script>\n<!-- \/ Yoast SEO plugin. -->","yoast_head_json":{"title":"Itaipu vai apoiar cria\u00e7\u00e3o de centro tecnol\u00f3gico em Ponta Por\u00e3","robots":{"index":"index","follow":"follow","max-snippet":"max-snippet:-1","max-image-preview":"max-image-preview:large","max-video-preview":"max-video-preview:-1"},"canonical":"https:\/\/vanderloubet.com.br\/deputado\/itaipu-vai-apoiar-criacao-de-centro-tecnologico-em-ponta-pora\/","og_locale":"pt_BR","og_type":"article","og_title":"Itaipu vai apoiar cria\u00e7\u00e3o de centro tecnol\u00f3gico em Ponta Por\u00e3","og_description":"Deputado Vander e senador Moka visitaram o Parque Tecnol\u00f3gico Itaipu, em Foz do Igua\u00e7u, que servir\u00e1 de modelo para Ponta Por\u00e3.","og_url":"https:\/\/vanderloubet.com.br\/deputado\/itaipu-vai-apoiar-criacao-de-centro-tecnologico-em-ponta-pora\/","og_site_name":"Deputado Federal Vander Loubet","article_publisher":"https:\/\/facebook.com\/deputadovander","article_published_time":"2013-07-26T21:55:17+00:00","og_image":[{"url":"http:\/\/www.deputadovander.com.br\/website\/wp-content\/uploads\/2013\/07\/foto-2013-07-26-visita-vander-moka-pti-01-420x280.jpg","type":"","width":"","height":""}],"author":"\u00c9der","twitter_card":"summary_large_image","twitter_creator":"@vanderloubet","twitter_site":"@vanderloubet","schema":{"@context":"https:\/\/schema.org","@graph":[{"@type":"Article","@id":"https:\/\/vanderloubet.com.br\/deputado\/itaipu-vai-apoiar-criacao-de-centro-tecnologico-em-ponta-pora\/#article","isPartOf":{"@id":"https:\/\/vanderloubet.com.br\/deputado\/itaipu-vai-apoiar-criacao-de-centro-tecnologico-em-ponta-pora\/"},"author":{"name":"\u00c9der","@id":"https:\/\/vanderloubet.com.br\/deputado\/#\/schema\/person\/15b51bd564532a8a68d9dec1b8eb890e"},"headline":"Itaipu vai apoiar cria\u00e7\u00e3o de centro tecnol\u00f3gico em Ponta Por\u00e3","datePublished":"2013-07-26T21:55:17+00:00","mainEntityOfPage":{"@id":"https:\/\/vanderloubet.com.br\/deputado\/itaipu-vai-apoiar-criacao-de-centro-tecnologico-em-ponta-pora\/"},"wordCount":686,"publisher":{"@id":"https:\/\/vanderloubet.com.br\/deputado\/#organization"},"image":{"@id":"https:\/\/vanderloubet.com.br\/deputado\/itaipu-vai-apoiar-criacao-de-centro-tecnologico-em-ponta-pora\/#primaryimage"},"thumbnailUrl":"http:\/\/www.deputadovander.com.br\/website\/wp-content\/uploads\/2013\/07\/foto-2013-07-26-visita-vander-moka-pti-01-420x280.jpg","keywords":["aprosoja","fdco","fecomercio","fiems","foz","igua\u00e7u","itaipu","parque","ponta","por\u00e3","sebrae","sudeco","tecnologico","tpi","uems"],"articleSection":["Not\u00edcias"],"inLanguage":"pt-BR"},{"@type":"WebPage","@id":"https:\/\/vanderloubet.com.br\/deputado\/itaipu-vai-apoiar-criacao-de-centro-tecnologico-em-ponta-pora\/","url":"https:\/\/vanderloubet.com.br\/deputado\/itaipu-vai-apoiar-criacao-de-centro-tecnologico-em-ponta-pora\/","name":"Itaipu vai apoiar cria\u00e7\u00e3o de centro tecnol\u00f3gico em Ponta Por\u00e3","isPartOf":{"@id":"https:\/\/vanderloubet.com.br\/deputado\/#website"},"primaryImageOfPage":{"@id":"https:\/\/vanderloubet.com.br\/deputado\/itaipu-vai-apoiar-criacao-de-centro-tecnologico-em-ponta-pora\/#primaryimage"},"image":{"@id":"https:\/\/vanderloubet.com.br\/deputado\/itaipu-vai-apoiar-criacao-de-centro-tecnologico-em-ponta-pora\/#primaryimage"},"thumbnailUrl":"http:\/\/www.deputadovander.com.br\/website\/wp-content\/uploads\/2013\/07\/foto-2013-07-26-visita-vander-moka-pti-01-420x280.jpg","datePublished":"2013-07-26T21:55:17+00:00","breadcrumb":{"@id":"https:\/\/vanderloubet.com.br\/deputado\/itaipu-vai-apoiar-criacao-de-centro-tecnologico-em-ponta-pora\/#breadcrumb"},"inLanguage":"pt-BR","potentialAction":[{"@type":"ReadAction","target":["https:\/\/vanderloubet.com.br\/deputado\/itaipu-vai-apoiar-criacao-de-centro-tecnologico-em-ponta-pora\/"]}]},{"@type":"ImageObject","inLanguage":"pt-BR","@id":"https:\/\/vanderloubet.com.br\/deputado\/itaipu-vai-apoiar-criacao-de-centro-tecnologico-em-ponta-pora\/#primaryimage","url":"http:\/\/www.deputadovander.com.br\/website\/wp-content\/uploads\/2013\/07\/foto-2013-07-26-visita-vander-moka-pti-01-420x280.jpg","contentUrl":"http:\/\/www.deputadovander.com.br\/website\/wp-content\/uploads\/2013\/07\/foto-2013-07-26-visita-vander-moka-pti-01-420x280.jpg"},{"@type":"BreadcrumbList","@id":"https:\/\/vanderloubet.com.br\/deputado\/itaipu-vai-apoiar-criacao-de-centro-tecnologico-em-ponta-pora\/#breadcrumb","itemListElement":[{"@type":"ListItem","position":1,"name":"In\u00edcio","item":"https:\/\/vanderloubet.com.br\/deputado\/"},{"@type":"ListItem","position":2,"name":"Itaipu vai apoiar cria\u00e7\u00e3o de centro tecnol\u00f3gico em Ponta Por\u00e3"}]},{"@type":"WebSite","@id":"https:\/\/vanderloubet.com.br\/deputado\/#website","url":"https:\/\/vanderloubet.com.br\/deputado\/","name":"Deputado Federal Vander Loubet","description":"O Federal de MS","publisher":{"@id":"https:\/\/vanderloubet.com.br\/deputado\/#organization"},"alternateName":"Deputado Vander","potentialAction":[{"@type":"SearchAction","target":{"@type":"EntryPoint","urlTemplate":"https:\/\/vanderloubet.com.br\/deputado\/?s={search_term_string}"},"query-input":{"@type":"PropertyValueSpecification","valueRequired":true,"valueName":"search_term_string"}}],"inLanguage":"pt-BR"},{"@type":"Organization","@id":"https:\/\/vanderloubet.com.br\/deputado\/#organization","name":"Deputado Federal Vander Loubet","alternateName":"Deputado Vander","url":"https:\/\/vanderloubet.com.br\/deputado\/","logo":{"@type":"ImageObject","inLanguage":"pt-BR","@id":"https:\/\/vanderloubet.com.br\/deputado\/#\/schema\/logo\/image\/","url":"https:\/\/vanderloubet.com.br\/deputado\/wp-content\/uploads\/2023\/06\/foto-2023-06-19-mandato-deputado-vander.jpg","contentUrl":"https:\/\/vanderloubet.com.br\/deputado\/wp-content\/uploads\/2023\/06\/foto-2023-06-19-mandato-deputado-vander.jpg","width":1080,"height":1080,"caption":"Deputado Federal Vander Loubet"},"image":{"@id":"https:\/\/vanderloubet.com.br\/deputado\/#\/schema\/logo\/image\/"},"sameAs":["https:\/\/facebook.com\/deputadovander","https:\/\/x.com\/vanderloubet","https:\/\/instagram.com\/vanderloubet","https:\/\/youtube.com\/vanderloubet","https:\/\/tiktok.com\/@vanderloubetms"]},{"@type":"Person","@id":"https:\/\/vanderloubet.com.br\/deputado\/#\/schema\/person\/15b51bd564532a8a68d9dec1b8eb890e","name":"\u00c9der","image":{"@type":"ImageObject","inLanguage":"pt-BR","@id":"https:\/\/vanderloubet.com.br\/deputado\/wp-content\/litespeed\/avatar\/88ca4090d9d5ab1c9495f6ca03b68efa.jpg?ver=1777058957","url":"https:\/\/vanderloubet.com.br\/deputado\/wp-content\/litespeed\/avatar\/88ca4090d9d5ab1c9495f6ca03b68efa.jpg?ver=1777058957","contentUrl":"https:\/\/vanderloubet.com.br\/deputado\/wp-content\/litespeed\/avatar\/88ca4090d9d5ab1c9495f6ca03b68efa.jpg?ver=1777058957","caption":"\u00c9der"}}]}},"jetpack_featured_media_url":"","jetpack_sharing_enabled":true,"_links":{"self":[{"href":"https:\/\/vanderloubet.com.br\/deputado\/wp-json\/wp\/v2\/posts\/6770","targetHints":{"allow":["GET"]}}],"collection":[{"href":"https:\/\/vanderloubet.com.br\/deputado\/wp-json\/wp\/v2\/posts"}],"about":[{"href":"https:\/\/vanderloubet.com.br\/deputado\/wp-json\/wp\/v2\/types\/post"}],"author":[{"embeddable":true,"href":"https:\/\/vanderloubet.com.br\/deputado\/wp-json\/wp\/v2\/users\/2"}],"replies":[{"embeddable":true,"href":"https:\/\/vanderloubet.com.br\/deputado\/wp-json\/wp\/v2\/comments?post=6770"}],"version-history":[{"count":0,"href":"https:\/\/vanderloubet.com.br\/deputado\/wp-json\/wp\/v2\/posts\/6770\/revisions"}],"wp:attachment":[{"href":"https:\/\/vanderloubet.com.br\/deputado\/wp-json\/wp\/v2\/media?parent=6770"}],"wp:term":[{"taxonomy":"category","embeddable":true,"href":"https:\/\/vanderloubet.com.br\/deputado\/wp-json\/wp\/v2\/categories?post=6770"},{"taxonomy":"post_tag","embeddable":true,"href":"https:\/\/vanderloubet.com.br\/deputado\/wp-json\/wp\/v2\/tags?post=6770"}],"curies":[{"name":"wp","href":"https:\/\/api.w.org\/{rel}","templated":true}]}}