{"id":6738,"date":"2013-07-16T11:19:15","date_gmt":"2013-07-16T15:19:15","guid":{"rendered":"http:\/\/www.deputadovander.com.br\/website\/?p=6738"},"modified":"2013-07-16T11:19:15","modified_gmt":"2013-07-16T15:19:15","slug":"governo-inclui-rodovias-federais-de-ms-no-programa-nacional-de-desestatizacao","status":"publish","type":"post","link":"https:\/\/vanderloubet.com.br\/deputado\/governo-inclui-rodovias-federais-de-ms-no-programa-nacional-de-desestatizacao\/","title":{"rendered":"Governo inclui rodovias federais de MS no Programa Nacional de Desestatiza\u00e7\u00e3o"},"content":{"rendered":"<figure id=\"attachment_6739\" aria-describedby=\"caption-attachment-6739\" style=\"width: 420px\" class=\"wp-caption aligncenter\"><a href=\"http:\/\/www.deputadovander.com.br\/website\/wp-content\/uploads\/2013\/07\/foto-2013-07-16-br267-ribas-rio-pardo.jpg\" target=\"_blank\"><img decoding=\"async\" class=\"size-medium wp-image-6739 \" title=\"Trecho da BR-267 pr\u00f3ximo a Ribas do Rio Pardo\" alt=\"Trecho da BR-267 pr\u00f3ximo a Ribas do Rio Pardo\" src=\"http:\/\/www.deputadovander.com.br\/website\/wp-content\/uploads\/2013\/07\/foto-2013-07-16-br267-ribas-rio-pardo-420x280.jpg\" width=\"420\" height=\"280\" \/><\/a><figcaption id=\"caption-attachment-6739\" class=\"wp-caption-text\">Trecho da BR-267 pr\u00f3ximo a Ribas do Rio Pardo<\/figcaption><\/figure>\n<p>O Di\u00e1rio Oficial da Uni\u00e3o (DPU) desta ter\u00e7a-feira (16) trouxe a publica\u00e7\u00e3o do <a title=\"Link\" href=\"http:\/\/www.planalto.gov.br\/CCIVIL_03\/_Ato2011-2014\/2013\/Decreto\/D8054.htm\" target=\"_blank\">Decreto 8.054<\/a>, de 15 de julho de 2013, assinado pela presidenta da Rep\u00fablica, Dilma Rousseff, no qual o governo inclui novas rodovias federais no Programa Nacional de Desestatiza\u00e7\u00e3o (PND), entre elas a BR-262, em Mato Grosso do Sul, no trecho que vai do entroncamento com a BR-163 (em Campo Grande) at\u00e9 a divisa MS\/SP (Tr\u00eas Lagoas\/Castilho). Trata-se de mais uma fase da 3\u00aa Etapa das Concess\u00f5es Rodovi\u00e1rias Federais.<\/p>\n<p>O decreto publicado hoje altera o <a title=\"Link\" href=\"http:\/\/www.planalto.gov.br\/CCIVIL_03\/decreto\/1997\/D2444.htm\" target=\"_blank\">Decreto 2.444<\/a>, de 30 de dezembro de 1997, no qual j\u00e1 estavam inclu\u00eddas a BR-163 &#8211; do entroncamento com a BR-070, em Cuiab\u00e1 (MT), at\u00e9 S\u00e3o Gabriel do Oeste (MS) e de S\u00e3o Gabriel do Oeste at\u00e9 a divisa MS\/PR (Mundo Novo\/Gua\u00edra) &#8211; e a BR-267 &#8211; do entroncamento com a BR-163 (em Nova Alvorada do Sul) at\u00e9 a divisa MS\/SP (Bataguassu\/Presidente Epit\u00e1cio).<\/p>\n<p>De acordo com o deputado federal Vander Loubet (PT-MS), a expectativa agora \u00e9 pelo lan\u00e7amento dos editais de concess\u00e3o, que devem trazer uma previs\u00e3o de investimentos de quase R$ 9 bilh\u00f5es em Mato Grosso do Sul nos pr\u00f3ximos anos. &#8220;Essa, provavelmente, \u00e9 uma das obras mais importantes que ser\u00e3o realizadas em nosso estado nos pr\u00f3ximos 10 anos. Envolve 29 dos 79 munic\u00edpios e representa uma profunda transforma\u00e7\u00e3o no sistema rodovi\u00e1rio&#8221;, complementa o parlamentar.<\/p>\n<p><strong>Reivindica\u00e7\u00f5es entregues &#8211;<\/strong> Em 14 de maio deste ano, por solicita\u00e7\u00e3o do deputado Vander, a Ag\u00eancia Nacional de Transportes Terrestres (ANTT) recebeu, em Bras\u00edlia, 16 prefeitos de munic\u00edpios de Mato Grosso do Sul a serem afetados pela 3\u00aa Etapa das Concess\u00f5es Rodovi\u00e1rias Federais. Com a presen\u00e7a do deputado e do senador Delc\u00eddio do Amaral (PT-MS), foi apresentado o detalhamento das obras a serem feitas nas rodovias. Al\u00e9m disso, o diretor geral da Ag\u00eancia, Jorge Luiz Macedo Bastos, abriu um prazo suplementar para que as prefeituras enviassem sugest\u00f5es e propostas em rela\u00e7\u00e3o ao projeto das obras previstas.<\/p>\n<p>&#8220;Isso \u00e9 muito importante. Os investimentos nas rodovias far\u00e3o com que elas ofere\u00e7am mais seguran\u00e7a a todos que trafegarem por ali. E n\u00e3o podemos esquecer que rodovia em bom estado de conserva\u00e7\u00e3o \u00e9 garantia de que toda a nossa produ\u00e7\u00e3o, seja ela agropecu\u00e1ria ou industrial, ser\u00e1 escoada com maior rapidez e menor risco&#8221;, lembrou o senador.<\/p>\n<figure id=\"attachment_6442\" aria-describedby=\"caption-attachment-6442\" style=\"width: 420px\" class=\"wp-caption aligncenter\"><a href=\"http:\/\/www.deputadovander.com.br\/website\/wp-content\/uploads\/2013\/05\/foto-2013-05-28-antt-saraiva-vander-stephane-01.jpg\" target=\"_blank\"><img decoding=\"async\" class=\"size-medium wp-image-6442 \" title=\"Saraiva e Quebaud recebem de Vander demandas dos munic\u00edpios\" alt=\"Saraiva e Quebaud recebem de Vander demandas dos munic\u00edpios\" src=\"http:\/\/www.deputadovander.com.br\/website\/wp-content\/uploads\/2013\/05\/foto-2013-05-28-antt-saraiva-vander-stephane-01-420x280.jpg\" width=\"420\" height=\"280\" \/><\/a><figcaption id=\"caption-attachment-6442\" class=\"wp-caption-text\">Saraiva e Quebaud recebem de Vander demandas dos munic\u00edpios<\/figcaption><\/figure>\n<p>No final de maio, em audi\u00eancia na ANTT, Vander Loubet entregou a lista de reivindica\u00e7\u00f5es dos munic\u00edpios de Mato Grosso do Sul que t\u00eam o per\u00edmetro urbano cortado pelas rodovias BR-163, BR-262 e BR-267. Ao chefe de gabinete da Diretoria Geral, Paulo Eduardo Improta Saraiva, e ao especialista em regula\u00e7\u00e3o da Ag\u00eancia, St\u00e9phane Quebaud, o deputado protocolou as demandas das prefeituras de \u00c1gua Clara, Bandeirantes, Bataguassu, Caarap\u00f3, Campo Grande, Coxim, Dourados, Eldorado, Itaquira\u00ed, Jaraguari, Juti, Mundo Novo, Navira\u00ed, Nova Alvorada do Sul, Ribas do Rio Pardo, Rio Brilhante, Rio Verde de Mato Grosso, S\u00e3o Gabriel do Oeste, Sonora e Tr\u00eas Lagoas. As demandas se referem a interven\u00e7\u00f5es como pontes, t\u00faneis, passarelas para pedestres, rotat\u00f3rias e acessos a estradas vicinais e grandes empreendimentos, entre outras.<\/p>\n<p>&#8220;Todas as demandas est\u00e3o sendo estudadas pela ANTT. Recebemos o compromisso da \u00e1rea t\u00e9cnica de que, em breve, ser\u00e1 dado retorno ao nosso gabinete sobre quais das reivindica\u00e7\u00f5es poder\u00e3o ser atendidas&#8221;, explicou Vander.<\/p>\n<p><strong>ISS reateado &#8211;<\/strong> Em Mato Grosso do Sul, o Programa de Concess\u00e3o de Rodovias Federais prev\u00ea que sejam administradas pela iniciativa privada as rodovias BR-163 (da divisa MS\/MT \u00e0 divisa MS\/PR), BR-267 (do entroncamento com a BR-163 at\u00e9 a divisa MS\/SP) e BR-262 (do entroncamento com a BR-163 at\u00e9 a divisa MS\/SP). Como contrapartida pela cobran\u00e7a de ped\u00e1gio, os investimentos obrigat\u00f3rios nas rodovias ser\u00e3o de quase R$ 9 bilh\u00f5es e devem incluir a duplica\u00e7\u00e3o de 1.369 dos 1.423 quil\u00f4metros de rodovia (uma pequena parte j\u00e1 \u00e9 duplicada); a adequa\u00e7\u00e3o de toda a sinaliza\u00e7\u00e3o; a reforma de pontes, viadutos e tubula\u00e7\u00f5es de drenagem; a disponibiliza\u00e7\u00e3o do Servi\u00e7o de Apoio ao Usu\u00e1rio (SAU) com ambul\u00e2ncia para atendimento m\u00e9dico de emerg\u00eancia, atendimento mec\u00e2nico, brigada para combater inc\u00eandios e servi\u00e7o de apreens\u00e3o de animais que possam invadir a pista; e um sistema de monitoramento por c\u00e2meras, instaladas a cada dois quil\u00f4metros.<\/p>\n<p>Esses investimentos, segundo o deputado Vander, v\u00e3o impactar positivamente na arrecada\u00e7\u00e3o dos munic\u00edpios. &#8220;A divis\u00e3o do ISS [Imposto sobre Servi\u00e7os de Qualquer Natureza] gerado pelos ped\u00e1gios ser\u00e1 feita de forma proporcional ao tamanho da malha rodovi\u00e1ria dentro do limite territorial de cada munic\u00edpio. Al\u00e9m disso, de acordo com estudos da ANTT, os investimentos a serem feitos pelas empresas em contrapartida \u00e0 concess\u00e3o devem gerar de R$ 250 milh\u00f5es a R$ 350 milh\u00f5es em ISS a serem rateados entre os munic\u00edpios envolvidos&#8221;, concluiu o parlamentar.<\/p>\n<p><span style=\"font-size: 11px;\">(\u00c9der Yanaguita &#8211; Assessoria\/Deputado Vander)<\/span><\/p>\n","protected":false},"excerpt":{"rendered":"<p>Inclus\u00e3o da BR-262 \u00e9 mais uma fase da 3\u00aa Etapa das Concess\u00f5es Rodovi\u00e1rias Federais em MS, que abrange tamb\u00e9m BRs 163 e 267.<\/p>\n","protected":false},"author":2,"featured_media":0,"comment_status":"closed","ping_status":"open","sticky":false,"template":"","format":"standard","meta":{"jetpack_post_was_ever_published":false,"_jetpack_newsletter_access":"","_jetpack_dont_email_post_to_subs":false,"_jetpack_newsletter_tier_id":0,"_jetpack_memberships_contains_paywalled_content":false,"_jetpack_memberships_contains_paid_content":false,"footnotes":""},"categories":[10],"tags":[17,24,25,62,147,292,493,806,1353,1745,1943,1973],"class_list":{"0":"post-6738","1":"post","2":"type-post","3":"status-publish","4":"format-standard","6":"category-noticias","7":"tag-17","8":"tag-24","9":"tag-25","10":"tag-agencia","11":"tag-antt","12":"tag-br","13":"tag-concessao","14":"tag-federais","15":"tag-nacional","16":"tag-rodovias","17":"tag-terrestres","18":"tag-transportes"},"yoast_head":"<!-- This site is optimized with the Yoast SEO plugin v27.4 - https:\/\/yoast.com\/product\/yoast-seo-wordpress\/ -->\n<title>Governo inclui rodovias federais de MS no Programa Nacional de Desestatiza\u00e7\u00e3o<\/title>\n<meta name=\"robots\" content=\"index, follow, max-snippet:-1, max-image-preview:large, max-video-preview:-1\" \/>\n<link rel=\"canonical\" href=\"https:\/\/vanderloubet.com.br\/deputado\/governo-inclui-rodovias-federais-de-ms-no-programa-nacional-de-desestatizacao\/\" \/>\n<meta property=\"og:locale\" content=\"pt_BR\" \/>\n<meta property=\"og:type\" content=\"article\" \/>\n<meta property=\"og:title\" content=\"Governo inclui rodovias federais de MS no Programa Nacional de Desestatiza\u00e7\u00e3o\" \/>\n<meta property=\"og:description\" content=\"Inclus\u00e3o da BR-262 \u00e9 mais uma fase da 3\u00aa Etapa das Concess\u00f5es Rodovi\u00e1rias Federais em MS, que abrange tamb\u00e9m BRs 163 e 267.\" \/>\n<meta property=\"og:url\" content=\"https:\/\/vanderloubet.com.br\/deputado\/governo-inclui-rodovias-federais-de-ms-no-programa-nacional-de-desestatizacao\/\" \/>\n<meta property=\"og:site_name\" content=\"Deputado Federal Vander Loubet\" \/>\n<meta property=\"article:publisher\" content=\"https:\/\/facebook.com\/deputadovander\" \/>\n<meta property=\"article:published_time\" content=\"2013-07-16T15:19:15+00:00\" \/>\n<meta property=\"og:image\" content=\"http:\/\/www.deputadovander.com.br\/website\/wp-content\/uploads\/2013\/07\/foto-2013-07-16-br267-ribas-rio-pardo-420x280.jpg\" \/>\n<meta name=\"author\" content=\"\u00c9der\" \/>\n<meta name=\"twitter:card\" content=\"summary_large_image\" \/>\n<meta name=\"twitter:creator\" content=\"@vanderloubet\" \/>\n<meta name=\"twitter:site\" content=\"@vanderloubet\" \/>\n<script type=\"application\/ld+json\" class=\"yoast-schema-graph\">{\"@context\":\"https:\\\/\\\/schema.org\",\"@graph\":[{\"@type\":\"Article\",\"@id\":\"https:\\\/\\\/vanderloubet.com.br\\\/deputado\\\/governo-inclui-rodovias-federais-de-ms-no-programa-nacional-de-desestatizacao\\\/#article\",\"isPartOf\":{\"@id\":\"https:\\\/\\\/vanderloubet.com.br\\\/deputado\\\/governo-inclui-rodovias-federais-de-ms-no-programa-nacional-de-desestatizacao\\\/\"},\"author\":{\"name\":\"\u00c9der\",\"@id\":\"https:\\\/\\\/vanderloubet.com.br\\\/deputado\\\/#\\\/schema\\\/person\\\/15b51bd564532a8a68d9dec1b8eb890e\"},\"headline\":\"Governo inclui rodovias federais de MS no Programa Nacional de Desestatiza\u00e7\u00e3o\",\"datePublished\":\"2013-07-16T15:19:15+00:00\",\"mainEntityOfPage\":{\"@id\":\"https:\\\/\\\/vanderloubet.com.br\\\/deputado\\\/governo-inclui-rodovias-federais-de-ms-no-programa-nacional-de-desestatizacao\\\/\"},\"wordCount\":895,\"publisher\":{\"@id\":\"https:\\\/\\\/vanderloubet.com.br\\\/deputado\\\/#organization\"},\"image\":{\"@id\":\"https:\\\/\\\/vanderloubet.com.br\\\/deputado\\\/governo-inclui-rodovias-federais-de-ms-no-programa-nacional-de-desestatizacao\\\/#primaryimage\"},\"thumbnailUrl\":\"http:\\\/\\\/www.deputadovander.com.br\\\/website\\\/wp-content\\\/uploads\\\/2013\\\/07\\\/foto-2013-07-16-br267-ribas-rio-pardo-420x280.jpg\",\"keywords\":[\"163\",\"262\",\"267\",\"ag\u00eancia\",\"antt\",\"br\",\"concess\u00e3o\",\"federais\",\"nacional\",\"rodovias\",\"terrestres\",\"transportes\"],\"articleSection\":[\"Not\u00edcias\"],\"inLanguage\":\"pt-BR\"},{\"@type\":\"WebPage\",\"@id\":\"https:\\\/\\\/vanderloubet.com.br\\\/deputado\\\/governo-inclui-rodovias-federais-de-ms-no-programa-nacional-de-desestatizacao\\\/\",\"url\":\"https:\\\/\\\/vanderloubet.com.br\\\/deputado\\\/governo-inclui-rodovias-federais-de-ms-no-programa-nacional-de-desestatizacao\\\/\",\"name\":\"Governo inclui rodovias federais de MS no Programa Nacional de Desestatiza\u00e7\u00e3o\",\"isPartOf\":{\"@id\":\"https:\\\/\\\/vanderloubet.com.br\\\/deputado\\\/#website\"},\"primaryImageOfPage\":{\"@id\":\"https:\\\/\\\/vanderloubet.com.br\\\/deputado\\\/governo-inclui-rodovias-federais-de-ms-no-programa-nacional-de-desestatizacao\\\/#primaryimage\"},\"image\":{\"@id\":\"https:\\\/\\\/vanderloubet.com.br\\\/deputado\\\/governo-inclui-rodovias-federais-de-ms-no-programa-nacional-de-desestatizacao\\\/#primaryimage\"},\"thumbnailUrl\":\"http:\\\/\\\/www.deputadovander.com.br\\\/website\\\/wp-content\\\/uploads\\\/2013\\\/07\\\/foto-2013-07-16-br267-ribas-rio-pardo-420x280.jpg\",\"datePublished\":\"2013-07-16T15:19:15+00:00\",\"breadcrumb\":{\"@id\":\"https:\\\/\\\/vanderloubet.com.br\\\/deputado\\\/governo-inclui-rodovias-federais-de-ms-no-programa-nacional-de-desestatizacao\\\/#breadcrumb\"},\"inLanguage\":\"pt-BR\",\"potentialAction\":[{\"@type\":\"ReadAction\",\"target\":[\"https:\\\/\\\/vanderloubet.com.br\\\/deputado\\\/governo-inclui-rodovias-federais-de-ms-no-programa-nacional-de-desestatizacao\\\/\"]}]},{\"@type\":\"ImageObject\",\"inLanguage\":\"pt-BR\",\"@id\":\"https:\\\/\\\/vanderloubet.com.br\\\/deputado\\\/governo-inclui-rodovias-federais-de-ms-no-programa-nacional-de-desestatizacao\\\/#primaryimage\",\"url\":\"http:\\\/\\\/www.deputadovander.com.br\\\/website\\\/wp-content\\\/uploads\\\/2013\\\/07\\\/foto-2013-07-16-br267-ribas-rio-pardo-420x280.jpg\",\"contentUrl\":\"http:\\\/\\\/www.deputadovander.com.br\\\/website\\\/wp-content\\\/uploads\\\/2013\\\/07\\\/foto-2013-07-16-br267-ribas-rio-pardo-420x280.jpg\"},{\"@type\":\"BreadcrumbList\",\"@id\":\"https:\\\/\\\/vanderloubet.com.br\\\/deputado\\\/governo-inclui-rodovias-federais-de-ms-no-programa-nacional-de-desestatizacao\\\/#breadcrumb\",\"itemListElement\":[{\"@type\":\"ListItem\",\"position\":1,\"name\":\"In\u00edcio\",\"item\":\"https:\\\/\\\/vanderloubet.com.br\\\/deputado\\\/\"},{\"@type\":\"ListItem\",\"position\":2,\"name\":\"Governo inclui rodovias federais de MS no Programa Nacional de Desestatiza\u00e7\u00e3o\"}]},{\"@type\":\"WebSite\",\"@id\":\"https:\\\/\\\/vanderloubet.com.br\\\/deputado\\\/#website\",\"url\":\"https:\\\/\\\/vanderloubet.com.br\\\/deputado\\\/\",\"name\":\"Deputado Federal Vander Loubet\",\"description\":\"O Federal de MS\",\"publisher\":{\"@id\":\"https:\\\/\\\/vanderloubet.com.br\\\/deputado\\\/#organization\"},\"alternateName\":\"Deputado Vander\",\"potentialAction\":[{\"@type\":\"SearchAction\",\"target\":{\"@type\":\"EntryPoint\",\"urlTemplate\":\"https:\\\/\\\/vanderloubet.com.br\\\/deputado\\\/?s={search_term_string}\"},\"query-input\":{\"@type\":\"PropertyValueSpecification\",\"valueRequired\":true,\"valueName\":\"search_term_string\"}}],\"inLanguage\":\"pt-BR\"},{\"@type\":\"Organization\",\"@id\":\"https:\\\/\\\/vanderloubet.com.br\\\/deputado\\\/#organization\",\"name\":\"Deputado Federal Vander Loubet\",\"alternateName\":\"Deputado Vander\",\"url\":\"https:\\\/\\\/vanderloubet.com.br\\\/deputado\\\/\",\"logo\":{\"@type\":\"ImageObject\",\"inLanguage\":\"pt-BR\",\"@id\":\"https:\\\/\\\/vanderloubet.com.br\\\/deputado\\\/#\\\/schema\\\/logo\\\/image\\\/\",\"url\":\"https:\\\/\\\/vanderloubet.com.br\\\/deputado\\\/wp-content\\\/uploads\\\/2023\\\/06\\\/foto-2023-06-19-mandato-deputado-vander.jpg\",\"contentUrl\":\"https:\\\/\\\/vanderloubet.com.br\\\/deputado\\\/wp-content\\\/uploads\\\/2023\\\/06\\\/foto-2023-06-19-mandato-deputado-vander.jpg\",\"width\":1080,\"height\":1080,\"caption\":\"Deputado Federal Vander Loubet\"},\"image\":{\"@id\":\"https:\\\/\\\/vanderloubet.com.br\\\/deputado\\\/#\\\/schema\\\/logo\\\/image\\\/\"},\"sameAs\":[\"https:\\\/\\\/facebook.com\\\/deputadovander\",\"https:\\\/\\\/x.com\\\/vanderloubet\",\"https:\\\/\\\/instagram.com\\\/vanderloubet\",\"https:\\\/\\\/youtube.com\\\/vanderloubet\",\"https:\\\/\\\/tiktok.com\\\/@vanderloubetms\"]},{\"@type\":\"Person\",\"@id\":\"https:\\\/\\\/vanderloubet.com.br\\\/deputado\\\/#\\\/schema\\\/person\\\/15b51bd564532a8a68d9dec1b8eb890e\",\"name\":\"\u00c9der\",\"image\":{\"@type\":\"ImageObject\",\"inLanguage\":\"pt-BR\",\"@id\":\"https:\\\/\\\/vanderloubet.com.br\\\/deputado\\\/wp-content\\\/litespeed\\\/avatar\\\/88ca4090d9d5ab1c9495f6ca03b68efa.jpg?ver=1777058957\",\"url\":\"https:\\\/\\\/vanderloubet.com.br\\\/deputado\\\/wp-content\\\/litespeed\\\/avatar\\\/88ca4090d9d5ab1c9495f6ca03b68efa.jpg?ver=1777058957\",\"contentUrl\":\"https:\\\/\\\/vanderloubet.com.br\\\/deputado\\\/wp-content\\\/litespeed\\\/avatar\\\/88ca4090d9d5ab1c9495f6ca03b68efa.jpg?ver=1777058957\",\"caption\":\"\u00c9der\"}}]}<\/script>\n<!-- \/ Yoast SEO plugin. -->","yoast_head_json":{"title":"Governo inclui rodovias federais de MS no Programa Nacional de Desestatiza\u00e7\u00e3o","robots":{"index":"index","follow":"follow","max-snippet":"max-snippet:-1","max-image-preview":"max-image-preview:large","max-video-preview":"max-video-preview:-1"},"canonical":"https:\/\/vanderloubet.com.br\/deputado\/governo-inclui-rodovias-federais-de-ms-no-programa-nacional-de-desestatizacao\/","og_locale":"pt_BR","og_type":"article","og_title":"Governo inclui rodovias federais de MS no Programa Nacional de Desestatiza\u00e7\u00e3o","og_description":"Inclus\u00e3o da BR-262 \u00e9 mais uma fase da 3\u00aa Etapa das Concess\u00f5es Rodovi\u00e1rias Federais em MS, que abrange tamb\u00e9m BRs 163 e 267.","og_url":"https:\/\/vanderloubet.com.br\/deputado\/governo-inclui-rodovias-federais-de-ms-no-programa-nacional-de-desestatizacao\/","og_site_name":"Deputado Federal Vander Loubet","article_publisher":"https:\/\/facebook.com\/deputadovander","article_published_time":"2013-07-16T15:19:15+00:00","og_image":[{"url":"http:\/\/www.deputadovander.com.br\/website\/wp-content\/uploads\/2013\/07\/foto-2013-07-16-br267-ribas-rio-pardo-420x280.jpg","type":"","width":"","height":""}],"author":"\u00c9der","twitter_card":"summary_large_image","twitter_creator":"@vanderloubet","twitter_site":"@vanderloubet","schema":{"@context":"https:\/\/schema.org","@graph":[{"@type":"Article","@id":"https:\/\/vanderloubet.com.br\/deputado\/governo-inclui-rodovias-federais-de-ms-no-programa-nacional-de-desestatizacao\/#article","isPartOf":{"@id":"https:\/\/vanderloubet.com.br\/deputado\/governo-inclui-rodovias-federais-de-ms-no-programa-nacional-de-desestatizacao\/"},"author":{"name":"\u00c9der","@id":"https:\/\/vanderloubet.com.br\/deputado\/#\/schema\/person\/15b51bd564532a8a68d9dec1b8eb890e"},"headline":"Governo inclui rodovias federais de MS no Programa Nacional de Desestatiza\u00e7\u00e3o","datePublished":"2013-07-16T15:19:15+00:00","mainEntityOfPage":{"@id":"https:\/\/vanderloubet.com.br\/deputado\/governo-inclui-rodovias-federais-de-ms-no-programa-nacional-de-desestatizacao\/"},"wordCount":895,"publisher":{"@id":"https:\/\/vanderloubet.com.br\/deputado\/#organization"},"image":{"@id":"https:\/\/vanderloubet.com.br\/deputado\/governo-inclui-rodovias-federais-de-ms-no-programa-nacional-de-desestatizacao\/#primaryimage"},"thumbnailUrl":"http:\/\/www.deputadovander.com.br\/website\/wp-content\/uploads\/2013\/07\/foto-2013-07-16-br267-ribas-rio-pardo-420x280.jpg","keywords":["163","262","267","ag\u00eancia","antt","br","concess\u00e3o","federais","nacional","rodovias","terrestres","transportes"],"articleSection":["Not\u00edcias"],"inLanguage":"pt-BR"},{"@type":"WebPage","@id":"https:\/\/vanderloubet.com.br\/deputado\/governo-inclui-rodovias-federais-de-ms-no-programa-nacional-de-desestatizacao\/","url":"https:\/\/vanderloubet.com.br\/deputado\/governo-inclui-rodovias-federais-de-ms-no-programa-nacional-de-desestatizacao\/","name":"Governo inclui rodovias federais de MS no Programa Nacional de Desestatiza\u00e7\u00e3o","isPartOf":{"@id":"https:\/\/vanderloubet.com.br\/deputado\/#website"},"primaryImageOfPage":{"@id":"https:\/\/vanderloubet.com.br\/deputado\/governo-inclui-rodovias-federais-de-ms-no-programa-nacional-de-desestatizacao\/#primaryimage"},"image":{"@id":"https:\/\/vanderloubet.com.br\/deputado\/governo-inclui-rodovias-federais-de-ms-no-programa-nacional-de-desestatizacao\/#primaryimage"},"thumbnailUrl":"http:\/\/www.deputadovander.com.br\/website\/wp-content\/uploads\/2013\/07\/foto-2013-07-16-br267-ribas-rio-pardo-420x280.jpg","datePublished":"2013-07-16T15:19:15+00:00","breadcrumb":{"@id":"https:\/\/vanderloubet.com.br\/deputado\/governo-inclui-rodovias-federais-de-ms-no-programa-nacional-de-desestatizacao\/#breadcrumb"},"inLanguage":"pt-BR","potentialAction":[{"@type":"ReadAction","target":["https:\/\/vanderloubet.com.br\/deputado\/governo-inclui-rodovias-federais-de-ms-no-programa-nacional-de-desestatizacao\/"]}]},{"@type":"ImageObject","inLanguage":"pt-BR","@id":"https:\/\/vanderloubet.com.br\/deputado\/governo-inclui-rodovias-federais-de-ms-no-programa-nacional-de-desestatizacao\/#primaryimage","url":"http:\/\/www.deputadovander.com.br\/website\/wp-content\/uploads\/2013\/07\/foto-2013-07-16-br267-ribas-rio-pardo-420x280.jpg","contentUrl":"http:\/\/www.deputadovander.com.br\/website\/wp-content\/uploads\/2013\/07\/foto-2013-07-16-br267-ribas-rio-pardo-420x280.jpg"},{"@type":"BreadcrumbList","@id":"https:\/\/vanderloubet.com.br\/deputado\/governo-inclui-rodovias-federais-de-ms-no-programa-nacional-de-desestatizacao\/#breadcrumb","itemListElement":[{"@type":"ListItem","position":1,"name":"In\u00edcio","item":"https:\/\/vanderloubet.com.br\/deputado\/"},{"@type":"ListItem","position":2,"name":"Governo inclui rodovias federais de MS no Programa Nacional de Desestatiza\u00e7\u00e3o"}]},{"@type":"WebSite","@id":"https:\/\/vanderloubet.com.br\/deputado\/#website","url":"https:\/\/vanderloubet.com.br\/deputado\/","name":"Deputado Federal Vander Loubet","description":"O Federal de MS","publisher":{"@id":"https:\/\/vanderloubet.com.br\/deputado\/#organization"},"alternateName":"Deputado Vander","potentialAction":[{"@type":"SearchAction","target":{"@type":"EntryPoint","urlTemplate":"https:\/\/vanderloubet.com.br\/deputado\/?s={search_term_string}"},"query-input":{"@type":"PropertyValueSpecification","valueRequired":true,"valueName":"search_term_string"}}],"inLanguage":"pt-BR"},{"@type":"Organization","@id":"https:\/\/vanderloubet.com.br\/deputado\/#organization","name":"Deputado Federal Vander Loubet","alternateName":"Deputado Vander","url":"https:\/\/vanderloubet.com.br\/deputado\/","logo":{"@type":"ImageObject","inLanguage":"pt-BR","@id":"https:\/\/vanderloubet.com.br\/deputado\/#\/schema\/logo\/image\/","url":"https:\/\/vanderloubet.com.br\/deputado\/wp-content\/uploads\/2023\/06\/foto-2023-06-19-mandato-deputado-vander.jpg","contentUrl":"https:\/\/vanderloubet.com.br\/deputado\/wp-content\/uploads\/2023\/06\/foto-2023-06-19-mandato-deputado-vander.jpg","width":1080,"height":1080,"caption":"Deputado Federal Vander Loubet"},"image":{"@id":"https:\/\/vanderloubet.com.br\/deputado\/#\/schema\/logo\/image\/"},"sameAs":["https:\/\/facebook.com\/deputadovander","https:\/\/x.com\/vanderloubet","https:\/\/instagram.com\/vanderloubet","https:\/\/youtube.com\/vanderloubet","https:\/\/tiktok.com\/@vanderloubetms"]},{"@type":"Person","@id":"https:\/\/vanderloubet.com.br\/deputado\/#\/schema\/person\/15b51bd564532a8a68d9dec1b8eb890e","name":"\u00c9der","image":{"@type":"ImageObject","inLanguage":"pt-BR","@id":"https:\/\/vanderloubet.com.br\/deputado\/wp-content\/litespeed\/avatar\/88ca4090d9d5ab1c9495f6ca03b68efa.jpg?ver=1777058957","url":"https:\/\/vanderloubet.com.br\/deputado\/wp-content\/litespeed\/avatar\/88ca4090d9d5ab1c9495f6ca03b68efa.jpg?ver=1777058957","contentUrl":"https:\/\/vanderloubet.com.br\/deputado\/wp-content\/litespeed\/avatar\/88ca4090d9d5ab1c9495f6ca03b68efa.jpg?ver=1777058957","caption":"\u00c9der"}}]}},"jetpack_featured_media_url":"","jetpack_sharing_enabled":true,"_links":{"self":[{"href":"https:\/\/vanderloubet.com.br\/deputado\/wp-json\/wp\/v2\/posts\/6738","targetHints":{"allow":["GET"]}}],"collection":[{"href":"https:\/\/vanderloubet.com.br\/deputado\/wp-json\/wp\/v2\/posts"}],"about":[{"href":"https:\/\/vanderloubet.com.br\/deputado\/wp-json\/wp\/v2\/types\/post"}],"author":[{"embeddable":true,"href":"https:\/\/vanderloubet.com.br\/deputado\/wp-json\/wp\/v2\/users\/2"}],"replies":[{"embeddable":true,"href":"https:\/\/vanderloubet.com.br\/deputado\/wp-json\/wp\/v2\/comments?post=6738"}],"version-history":[{"count":0,"href":"https:\/\/vanderloubet.com.br\/deputado\/wp-json\/wp\/v2\/posts\/6738\/revisions"}],"wp:attachment":[{"href":"https:\/\/vanderloubet.com.br\/deputado\/wp-json\/wp\/v2\/media?parent=6738"}],"wp:term":[{"taxonomy":"category","embeddable":true,"href":"https:\/\/vanderloubet.com.br\/deputado\/wp-json\/wp\/v2\/categories?post=6738"},{"taxonomy":"post_tag","embeddable":true,"href":"https:\/\/vanderloubet.com.br\/deputado\/wp-json\/wp\/v2\/tags?post=6738"}],"curies":[{"name":"wp","href":"https:\/\/api.w.org\/{rel}","templated":true}]}}