{"id":6726,"date":"2013-07-11T08:45:12","date_gmt":"2013-07-11T12:45:12","guid":{"rendered":"http:\/\/www.deputadovander.com.br\/website\/?p=6726"},"modified":"2013-07-11T08:45:12","modified_gmt":"2013-07-11T12:45:12","slug":"vander-apresenta-projeto-para-desonerar-impostos-de-racoes-para-piscicultura","status":"publish","type":"post","link":"https:\/\/vanderloubet.com.br\/deputado\/vander-apresenta-projeto-para-desonerar-impostos-de-racoes-para-piscicultura\/","title":{"rendered":"Vander apresenta projeto para desonerar ra\u00e7\u00f5es para piscicultura"},"content":{"rendered":"<figure id=\"attachment_6727\" aria-describedby=\"caption-attachment-6727\" style=\"width: 420px\" class=\"wp-caption aligncenter\"><a href=\"http:\/\/www.deputadovander.com.br\/website\/wp-content\/uploads\/2013\/07\/foto-2013-07-11-projeto-desoneracao-piscicultura.jpg\" target=\"_blank\"><img decoding=\"async\" class=\"size-medium wp-image-6727 \" title=\"Ra\u00e7\u00e3o \u00e9 principal item da composi\u00e7\u00e3o de custos da atividade aqu\u00edfera\" alt=\"Ra\u00e7\u00e3o \u00e9 principal item da composi\u00e7\u00e3o de custos da atividade aqu\u00edfera\" src=\"http:\/\/www.deputadovander.com.br\/website\/wp-content\/uploads\/2013\/07\/foto-2013-07-11-projeto-desoneracao-piscicultura-420x280.jpg\" width=\"420\" height=\"280\" \/><\/a><figcaption id=\"caption-attachment-6727\" class=\"wp-caption-text\">Ra\u00e7\u00e3o \u00e9 principal item da composi\u00e7\u00e3o de custos da atividade aqu\u00edfera<\/figcaption><\/figure>\n<p>Na \u00faltima segunda-feira (8), a Mesa Diretora da C\u00e2mara deu andamento ao o Projeto de Lei (PL) 5872\/2013, de autoria do deputado federal Vander Loubet (PT-MS), que pede a suspens\u00e3o da incid\u00eancia do Programa de Integra\u00e7\u00e3o Social\/Programa de Forma\u00e7\u00e3o do Patrim\u00f4nio do Servidor P\u00fablico (PIS\/Pasep) e da Contribui\u00e7\u00e3o para o Financiamento da Seguridade Social (Cofins) sobre a receita decorrente das vendas de ra\u00e7\u00f5es utilizadas na cria\u00e7\u00e3o aqu\u00e1tica.<\/p>\n<p>O projeto foi encaminhado para a Comiss\u00e3o de Agricultura, Pecu\u00e1ria, Abastecimento e Desenvolvimento Rural (CAPADR) e ainda deve tramitar pelas comiss\u00f5es de Finan\u00e7as e Tributa\u00e7\u00e3o (CFT) e de Constitui\u00e7\u00e3o e Justi\u00e7a e de Cidadania (CCJC). A mat\u00e9ria est\u00e1 sujeita \u00e0 aprecia\u00e7\u00e3o conclusiva, ou seja para ser aprovado n\u00e3o requer vota\u00e7\u00e3o no Plen\u00e1rio.<\/p>\n<p>De acordo com Vander Loubet, o objetivo da proposta \u00e9 estimular a piscicultura no Brasil. &#8220;Apesar da imensa disponibilidade de \u00e1gua doce e da variedade de esp\u00e9cies nativas, a produ\u00e7\u00e3o e o consumo de pescado no Brasil \u00e9 pequeno. Al\u00e9m disso, esse consumo se concentra em esp\u00e9cies n\u00e3o nativas, como o salm\u00e3o e o bacalhau, produtos importados e que dificilmente ter\u00e3o produ\u00e7\u00e3o nacional j\u00e1 que n\u00e3o temos ambientes clim\u00e1ticos adequados para seu cultivo. Ou seja, o pa\u00eds tem um enorme potencial a ser explorado&#8221;, destaca.<\/p>\n<p>Ainda segundo o parlamentar sul-mato-grossense, desonerar as prepara\u00e7\u00f5es aliment\u00edcias utilizadas na piscicultura seria de grande valia para aumentar a produ\u00e7\u00e3o, j\u00e1 que a ra\u00e7\u00e3o \u00e9 o principal item da composi\u00e7\u00e3o de custos da atividade aqu\u00edfera. &#8220;Somada \u00e0s recentes a\u00e7\u00f5es e programas adotados pelo governo federal, a aprova\u00e7\u00e3o desse projeto fortaleceria a pol\u00edtica p\u00fablica voltada para a aquicultura&#8221;, defende o deputado, referindo-se ao Plano Safra da Pesca e Aquicultura, lan\u00e7ado no in\u00edcio deste ano, que destina R$ 4,1 bilh\u00f5es em cr\u00e9dito e investimentos para o setor.<\/p>\n<figure id=\"attachment_5344\" aria-describedby=\"caption-attachment-5344\" style=\"width: 420px\" class=\"wp-caption aligncenter\"><a href=\"http:\/\/www.deputadovander.com.br\/website\/wp-content\/uploads\/2012\/05\/foto-2012-05-09-deputado-vander-loubet.jpg\" target=\"_blank\"><img decoding=\"async\" class=\"size-medium wp-image-5344 \" title=\"Deputado Vander Loubet na tribuna da C\u00e2mara\" alt=\"Deputado Vander Loubet na tribuna da C\u00e2mara\" src=\"http:\/\/www.deputadovander.com.br\/website\/wp-content\/uploads\/2012\/05\/foto-2012-05-09-deputado-vander-loubet-420x280.jpg\" width=\"420\" height=\"280\" \/><\/a><figcaption id=\"caption-attachment-5344\" class=\"wp-caption-text\">Deputado Vander Loubet na tribuna da C\u00e2mara<\/figcaption><\/figure>\n<p><strong>Emprego e renda &#8211;<\/strong> Dados do Minist\u00e9rio da Pesca e Aquicultura (MPA) apontam que cada brasileiro consome em m\u00e9dia apenas 9 kg de peixe por ano. Esse n\u00famero est\u00e1 abaixo do recomendado pela Organiza\u00e7\u00e3o Mundial da Sa\u00fade (OMS), que \u00e9 de 12 kg\/habitante\/ano, e muito abaixo do consumo em outros pa\u00edses, como o Jap\u00e3o, onde cada habitante se alimenta em m\u00e9dia com 60 kg de peixe por ano.<\/p>\n<p>Quanto \u00e0 produ\u00e7\u00e3o, anu\u00e1rios estat\u00edsticos do MPA apontam que a produ\u00e7\u00e3o de pescado vem crescendo no Brasil: era de 1,15 milh\u00e3o de toneladas em 2008 e atingiu 1,26 milh\u00e3o de toneladas em 2010. Com o Plano Safra da Pesca e Aquicultura, a estimativa \u00e9 que a produ\u00e7\u00e3o nacional do pescado atinja 2 milh\u00f5es de toneladas at\u00e9 2014. Mas essa produ\u00e7\u00e3o est\u00e1 muito abaixo do potencial estimado pela Organiza\u00e7\u00e3o das Na\u00e7\u00f5es Unidas para Alimenta\u00e7\u00e3o e Agricultura (FAO) e pelo Minist\u00e9rio da Agricultura, Pecu\u00e1ria e Abastecimento (Mapa), que \u00e9 de 20 milh\u00f5es de toneladas anuais.<\/p>\n<p>Para Vander, h\u00e1 esp\u00e9cies, como a merluza, por exemplo, que atualmente s\u00e3o importadas e que poderiam ser substituidas por esp\u00e9cies nativas. &#8220;Isso traria ganhos para o Brasil n\u00e3o apenas no equil\u00edbrio da balan\u00e7a comercial, mas tamb\u00e9m na gera\u00e7\u00e3o de empregos. A aquicultura brasileira se caracteriza por ter grande pulveriza\u00e7\u00e3o de produtores, ou seja prov\u00ea emprego e renda a um n\u00famero muito significativo de fam\u00edlias&#8221;, conclui o deputado.<\/p>\n<p><span style=\"font-size: 11px;\">(\u00c9der Yanaguita &#8211; Assessoria\/Deputado Vander)<\/span><\/p>\n","protected":false},"excerpt":{"rendered":"<p>De acordo com o deputado, o objetivo da proposta \u00e9 estimular a produ\u00e7\u00e3o de peixe em cativeiro no Brasil.<\/p>\n","protected":false},"author":2,"featured_media":0,"comment_status":"closed","ping_status":"open","sticky":false,"template":"","format":"standard","meta":{"jetpack_post_was_ever_published":false,"_jetpack_newsletter_access":"","_jetpack_dont_email_post_to_subs":false,"_jetpack_newsletter_tier_id":0,"_jetpack_memberships_contains_paywalled_content":false,"_jetpack_memberships_contains_paid_content":false,"footnotes":""},"categories":[10],"tags":[165,470,1000,1492,1525,1536,1537,1548,1549],"class_list":{"0":"post-6726","1":"post","2":"type-post","3":"status-publish","4":"format-standard","6":"category-noticias","7":"tag-aquicultura","8":"tag-cofins","9":"tag-impostos","10":"tag-pasep","11":"tag-peixe","12":"tag-pesca","13":"tag-pescado","14":"tag-pis","15":"tag-piscicultura"},"yoast_head":"<!-- This site is optimized with the Yoast SEO plugin v27.4 - https:\/\/yoast.com\/product\/yoast-seo-wordpress\/ -->\n<title>Vander apresenta projeto para desonerar ra\u00e7\u00f5es para piscicultura<\/title>\n<meta name=\"robots\" content=\"index, follow, max-snippet:-1, max-image-preview:large, max-video-preview:-1\" \/>\n<link rel=\"canonical\" href=\"https:\/\/vanderloubet.com.br\/deputado\/vander-apresenta-projeto-para-desonerar-impostos-de-racoes-para-piscicultura\/\" \/>\n<meta property=\"og:locale\" content=\"pt_BR\" \/>\n<meta property=\"og:type\" content=\"article\" \/>\n<meta property=\"og:title\" content=\"Vander apresenta projeto para desonerar ra\u00e7\u00f5es para piscicultura\" \/>\n<meta property=\"og:description\" content=\"De acordo com o deputado, o objetivo da proposta \u00e9 estimular a produ\u00e7\u00e3o de peixe em cativeiro no Brasil.\" \/>\n<meta property=\"og:url\" content=\"https:\/\/vanderloubet.com.br\/deputado\/vander-apresenta-projeto-para-desonerar-impostos-de-racoes-para-piscicultura\/\" \/>\n<meta property=\"og:site_name\" content=\"Deputado Federal Vander Loubet\" \/>\n<meta property=\"article:publisher\" content=\"https:\/\/facebook.com\/deputadovander\" \/>\n<meta property=\"article:published_time\" content=\"2013-07-11T12:45:12+00:00\" \/>\n<meta property=\"og:image\" content=\"http:\/\/www.deputadovander.com.br\/website\/wp-content\/uploads\/2013\/07\/foto-2013-07-11-projeto-desoneracao-piscicultura-420x280.jpg\" \/>\n<meta name=\"author\" content=\"\u00c9der\" \/>\n<meta name=\"twitter:card\" content=\"summary_large_image\" \/>\n<meta name=\"twitter:creator\" content=\"@vanderloubet\" \/>\n<meta name=\"twitter:site\" content=\"@vanderloubet\" \/>\n<script type=\"application\/ld+json\" class=\"yoast-schema-graph\">{\"@context\":\"https:\\\/\\\/schema.org\",\"@graph\":[{\"@type\":\"Article\",\"@id\":\"https:\\\/\\\/vanderloubet.com.br\\\/deputado\\\/vander-apresenta-projeto-para-desonerar-impostos-de-racoes-para-piscicultura\\\/#article\",\"isPartOf\":{\"@id\":\"https:\\\/\\\/vanderloubet.com.br\\\/deputado\\\/vander-apresenta-projeto-para-desonerar-impostos-de-racoes-para-piscicultura\\\/\"},\"author\":{\"name\":\"\u00c9der\",\"@id\":\"https:\\\/\\\/vanderloubet.com.br\\\/deputado\\\/#\\\/schema\\\/person\\\/15b51bd564532a8a68d9dec1b8eb890e\"},\"headline\":\"Vander apresenta projeto para desonerar ra\u00e7\u00f5es para piscicultura\",\"datePublished\":\"2013-07-11T12:45:12+00:00\",\"mainEntityOfPage\":{\"@id\":\"https:\\\/\\\/vanderloubet.com.br\\\/deputado\\\/vander-apresenta-projeto-para-desonerar-impostos-de-racoes-para-piscicultura\\\/\"},\"wordCount\":632,\"publisher\":{\"@id\":\"https:\\\/\\\/vanderloubet.com.br\\\/deputado\\\/#organization\"},\"image\":{\"@id\":\"https:\\\/\\\/vanderloubet.com.br\\\/deputado\\\/vander-apresenta-projeto-para-desonerar-impostos-de-racoes-para-piscicultura\\\/#primaryimage\"},\"thumbnailUrl\":\"http:\\\/\\\/www.deputadovander.com.br\\\/website\\\/wp-content\\\/uploads\\\/2013\\\/07\\\/foto-2013-07-11-projeto-desoneracao-piscicultura-420x280.jpg\",\"keywords\":[\"aquicultura\",\"cofins\",\"impostos\",\"pasep\",\"peixe\",\"pesca\",\"pescado\",\"pis\",\"piscicultura\"],\"articleSection\":[\"Not\u00edcias\"],\"inLanguage\":\"pt-BR\"},{\"@type\":\"WebPage\",\"@id\":\"https:\\\/\\\/vanderloubet.com.br\\\/deputado\\\/vander-apresenta-projeto-para-desonerar-impostos-de-racoes-para-piscicultura\\\/\",\"url\":\"https:\\\/\\\/vanderloubet.com.br\\\/deputado\\\/vander-apresenta-projeto-para-desonerar-impostos-de-racoes-para-piscicultura\\\/\",\"name\":\"Vander apresenta projeto para desonerar ra\u00e7\u00f5es para piscicultura\",\"isPartOf\":{\"@id\":\"https:\\\/\\\/vanderloubet.com.br\\\/deputado\\\/#website\"},\"primaryImageOfPage\":{\"@id\":\"https:\\\/\\\/vanderloubet.com.br\\\/deputado\\\/vander-apresenta-projeto-para-desonerar-impostos-de-racoes-para-piscicultura\\\/#primaryimage\"},\"image\":{\"@id\":\"https:\\\/\\\/vanderloubet.com.br\\\/deputado\\\/vander-apresenta-projeto-para-desonerar-impostos-de-racoes-para-piscicultura\\\/#primaryimage\"},\"thumbnailUrl\":\"http:\\\/\\\/www.deputadovander.com.br\\\/website\\\/wp-content\\\/uploads\\\/2013\\\/07\\\/foto-2013-07-11-projeto-desoneracao-piscicultura-420x280.jpg\",\"datePublished\":\"2013-07-11T12:45:12+00:00\",\"breadcrumb\":{\"@id\":\"https:\\\/\\\/vanderloubet.com.br\\\/deputado\\\/vander-apresenta-projeto-para-desonerar-impostos-de-racoes-para-piscicultura\\\/#breadcrumb\"},\"inLanguage\":\"pt-BR\",\"potentialAction\":[{\"@type\":\"ReadAction\",\"target\":[\"https:\\\/\\\/vanderloubet.com.br\\\/deputado\\\/vander-apresenta-projeto-para-desonerar-impostos-de-racoes-para-piscicultura\\\/\"]}]},{\"@type\":\"ImageObject\",\"inLanguage\":\"pt-BR\",\"@id\":\"https:\\\/\\\/vanderloubet.com.br\\\/deputado\\\/vander-apresenta-projeto-para-desonerar-impostos-de-racoes-para-piscicultura\\\/#primaryimage\",\"url\":\"http:\\\/\\\/www.deputadovander.com.br\\\/website\\\/wp-content\\\/uploads\\\/2013\\\/07\\\/foto-2013-07-11-projeto-desoneracao-piscicultura-420x280.jpg\",\"contentUrl\":\"http:\\\/\\\/www.deputadovander.com.br\\\/website\\\/wp-content\\\/uploads\\\/2013\\\/07\\\/foto-2013-07-11-projeto-desoneracao-piscicultura-420x280.jpg\"},{\"@type\":\"BreadcrumbList\",\"@id\":\"https:\\\/\\\/vanderloubet.com.br\\\/deputado\\\/vander-apresenta-projeto-para-desonerar-impostos-de-racoes-para-piscicultura\\\/#breadcrumb\",\"itemListElement\":[{\"@type\":\"ListItem\",\"position\":1,\"name\":\"In\u00edcio\",\"item\":\"https:\\\/\\\/vanderloubet.com.br\\\/deputado\\\/\"},{\"@type\":\"ListItem\",\"position\":2,\"name\":\"Vander apresenta projeto para desonerar ra\u00e7\u00f5es para piscicultura\"}]},{\"@type\":\"WebSite\",\"@id\":\"https:\\\/\\\/vanderloubet.com.br\\\/deputado\\\/#website\",\"url\":\"https:\\\/\\\/vanderloubet.com.br\\\/deputado\\\/\",\"name\":\"Deputado Federal Vander Loubet\",\"description\":\"O Federal de MS\",\"publisher\":{\"@id\":\"https:\\\/\\\/vanderloubet.com.br\\\/deputado\\\/#organization\"},\"alternateName\":\"Deputado Vander\",\"potentialAction\":[{\"@type\":\"SearchAction\",\"target\":{\"@type\":\"EntryPoint\",\"urlTemplate\":\"https:\\\/\\\/vanderloubet.com.br\\\/deputado\\\/?s={search_term_string}\"},\"query-input\":{\"@type\":\"PropertyValueSpecification\",\"valueRequired\":true,\"valueName\":\"search_term_string\"}}],\"inLanguage\":\"pt-BR\"},{\"@type\":\"Organization\",\"@id\":\"https:\\\/\\\/vanderloubet.com.br\\\/deputado\\\/#organization\",\"name\":\"Deputado Federal Vander Loubet\",\"alternateName\":\"Deputado Vander\",\"url\":\"https:\\\/\\\/vanderloubet.com.br\\\/deputado\\\/\",\"logo\":{\"@type\":\"ImageObject\",\"inLanguage\":\"pt-BR\",\"@id\":\"https:\\\/\\\/vanderloubet.com.br\\\/deputado\\\/#\\\/schema\\\/logo\\\/image\\\/\",\"url\":\"https:\\\/\\\/vanderloubet.com.br\\\/deputado\\\/wp-content\\\/uploads\\\/2023\\\/06\\\/foto-2023-06-19-mandato-deputado-vander.jpg\",\"contentUrl\":\"https:\\\/\\\/vanderloubet.com.br\\\/deputado\\\/wp-content\\\/uploads\\\/2023\\\/06\\\/foto-2023-06-19-mandato-deputado-vander.jpg\",\"width\":1080,\"height\":1080,\"caption\":\"Deputado Federal Vander Loubet\"},\"image\":{\"@id\":\"https:\\\/\\\/vanderloubet.com.br\\\/deputado\\\/#\\\/schema\\\/logo\\\/image\\\/\"},\"sameAs\":[\"https:\\\/\\\/facebook.com\\\/deputadovander\",\"https:\\\/\\\/x.com\\\/vanderloubet\",\"https:\\\/\\\/instagram.com\\\/vanderloubet\",\"https:\\\/\\\/youtube.com\\\/vanderloubet\",\"https:\\\/\\\/tiktok.com\\\/@vanderloubetms\"]},{\"@type\":\"Person\",\"@id\":\"https:\\\/\\\/vanderloubet.com.br\\\/deputado\\\/#\\\/schema\\\/person\\\/15b51bd564532a8a68d9dec1b8eb890e\",\"name\":\"\u00c9der\",\"image\":{\"@type\":\"ImageObject\",\"inLanguage\":\"pt-BR\",\"@id\":\"https:\\\/\\\/vanderloubet.com.br\\\/deputado\\\/wp-content\\\/litespeed\\\/avatar\\\/88ca4090d9d5ab1c9495f6ca03b68efa.jpg?ver=1777058957\",\"url\":\"https:\\\/\\\/vanderloubet.com.br\\\/deputado\\\/wp-content\\\/litespeed\\\/avatar\\\/88ca4090d9d5ab1c9495f6ca03b68efa.jpg?ver=1777058957\",\"contentUrl\":\"https:\\\/\\\/vanderloubet.com.br\\\/deputado\\\/wp-content\\\/litespeed\\\/avatar\\\/88ca4090d9d5ab1c9495f6ca03b68efa.jpg?ver=1777058957\",\"caption\":\"\u00c9der\"}}]}<\/script>\n<!-- \/ Yoast SEO plugin. -->","yoast_head_json":{"title":"Vander apresenta projeto para desonerar ra\u00e7\u00f5es para piscicultura","robots":{"index":"index","follow":"follow","max-snippet":"max-snippet:-1","max-image-preview":"max-image-preview:large","max-video-preview":"max-video-preview:-1"},"canonical":"https:\/\/vanderloubet.com.br\/deputado\/vander-apresenta-projeto-para-desonerar-impostos-de-racoes-para-piscicultura\/","og_locale":"pt_BR","og_type":"article","og_title":"Vander apresenta projeto para desonerar ra\u00e7\u00f5es para piscicultura","og_description":"De acordo com o deputado, o objetivo da proposta \u00e9 estimular a produ\u00e7\u00e3o de peixe em cativeiro no Brasil.","og_url":"https:\/\/vanderloubet.com.br\/deputado\/vander-apresenta-projeto-para-desonerar-impostos-de-racoes-para-piscicultura\/","og_site_name":"Deputado Federal Vander Loubet","article_publisher":"https:\/\/facebook.com\/deputadovander","article_published_time":"2013-07-11T12:45:12+00:00","og_image":[{"url":"http:\/\/www.deputadovander.com.br\/website\/wp-content\/uploads\/2013\/07\/foto-2013-07-11-projeto-desoneracao-piscicultura-420x280.jpg","type":"","width":"","height":""}],"author":"\u00c9der","twitter_card":"summary_large_image","twitter_creator":"@vanderloubet","twitter_site":"@vanderloubet","schema":{"@context":"https:\/\/schema.org","@graph":[{"@type":"Article","@id":"https:\/\/vanderloubet.com.br\/deputado\/vander-apresenta-projeto-para-desonerar-impostos-de-racoes-para-piscicultura\/#article","isPartOf":{"@id":"https:\/\/vanderloubet.com.br\/deputado\/vander-apresenta-projeto-para-desonerar-impostos-de-racoes-para-piscicultura\/"},"author":{"name":"\u00c9der","@id":"https:\/\/vanderloubet.com.br\/deputado\/#\/schema\/person\/15b51bd564532a8a68d9dec1b8eb890e"},"headline":"Vander apresenta projeto para desonerar ra\u00e7\u00f5es para piscicultura","datePublished":"2013-07-11T12:45:12+00:00","mainEntityOfPage":{"@id":"https:\/\/vanderloubet.com.br\/deputado\/vander-apresenta-projeto-para-desonerar-impostos-de-racoes-para-piscicultura\/"},"wordCount":632,"publisher":{"@id":"https:\/\/vanderloubet.com.br\/deputado\/#organization"},"image":{"@id":"https:\/\/vanderloubet.com.br\/deputado\/vander-apresenta-projeto-para-desonerar-impostos-de-racoes-para-piscicultura\/#primaryimage"},"thumbnailUrl":"http:\/\/www.deputadovander.com.br\/website\/wp-content\/uploads\/2013\/07\/foto-2013-07-11-projeto-desoneracao-piscicultura-420x280.jpg","keywords":["aquicultura","cofins","impostos","pasep","peixe","pesca","pescado","pis","piscicultura"],"articleSection":["Not\u00edcias"],"inLanguage":"pt-BR"},{"@type":"WebPage","@id":"https:\/\/vanderloubet.com.br\/deputado\/vander-apresenta-projeto-para-desonerar-impostos-de-racoes-para-piscicultura\/","url":"https:\/\/vanderloubet.com.br\/deputado\/vander-apresenta-projeto-para-desonerar-impostos-de-racoes-para-piscicultura\/","name":"Vander apresenta projeto para desonerar ra\u00e7\u00f5es para piscicultura","isPartOf":{"@id":"https:\/\/vanderloubet.com.br\/deputado\/#website"},"primaryImageOfPage":{"@id":"https:\/\/vanderloubet.com.br\/deputado\/vander-apresenta-projeto-para-desonerar-impostos-de-racoes-para-piscicultura\/#primaryimage"},"image":{"@id":"https:\/\/vanderloubet.com.br\/deputado\/vander-apresenta-projeto-para-desonerar-impostos-de-racoes-para-piscicultura\/#primaryimage"},"thumbnailUrl":"http:\/\/www.deputadovander.com.br\/website\/wp-content\/uploads\/2013\/07\/foto-2013-07-11-projeto-desoneracao-piscicultura-420x280.jpg","datePublished":"2013-07-11T12:45:12+00:00","breadcrumb":{"@id":"https:\/\/vanderloubet.com.br\/deputado\/vander-apresenta-projeto-para-desonerar-impostos-de-racoes-para-piscicultura\/#breadcrumb"},"inLanguage":"pt-BR","potentialAction":[{"@type":"ReadAction","target":["https:\/\/vanderloubet.com.br\/deputado\/vander-apresenta-projeto-para-desonerar-impostos-de-racoes-para-piscicultura\/"]}]},{"@type":"ImageObject","inLanguage":"pt-BR","@id":"https:\/\/vanderloubet.com.br\/deputado\/vander-apresenta-projeto-para-desonerar-impostos-de-racoes-para-piscicultura\/#primaryimage","url":"http:\/\/www.deputadovander.com.br\/website\/wp-content\/uploads\/2013\/07\/foto-2013-07-11-projeto-desoneracao-piscicultura-420x280.jpg","contentUrl":"http:\/\/www.deputadovander.com.br\/website\/wp-content\/uploads\/2013\/07\/foto-2013-07-11-projeto-desoneracao-piscicultura-420x280.jpg"},{"@type":"BreadcrumbList","@id":"https:\/\/vanderloubet.com.br\/deputado\/vander-apresenta-projeto-para-desonerar-impostos-de-racoes-para-piscicultura\/#breadcrumb","itemListElement":[{"@type":"ListItem","position":1,"name":"In\u00edcio","item":"https:\/\/vanderloubet.com.br\/deputado\/"},{"@type":"ListItem","position":2,"name":"Vander apresenta projeto para desonerar ra\u00e7\u00f5es para piscicultura"}]},{"@type":"WebSite","@id":"https:\/\/vanderloubet.com.br\/deputado\/#website","url":"https:\/\/vanderloubet.com.br\/deputado\/","name":"Deputado Federal Vander Loubet","description":"O Federal de MS","publisher":{"@id":"https:\/\/vanderloubet.com.br\/deputado\/#organization"},"alternateName":"Deputado Vander","potentialAction":[{"@type":"SearchAction","target":{"@type":"EntryPoint","urlTemplate":"https:\/\/vanderloubet.com.br\/deputado\/?s={search_term_string}"},"query-input":{"@type":"PropertyValueSpecification","valueRequired":true,"valueName":"search_term_string"}}],"inLanguage":"pt-BR"},{"@type":"Organization","@id":"https:\/\/vanderloubet.com.br\/deputado\/#organization","name":"Deputado Federal Vander Loubet","alternateName":"Deputado Vander","url":"https:\/\/vanderloubet.com.br\/deputado\/","logo":{"@type":"ImageObject","inLanguage":"pt-BR","@id":"https:\/\/vanderloubet.com.br\/deputado\/#\/schema\/logo\/image\/","url":"https:\/\/vanderloubet.com.br\/deputado\/wp-content\/uploads\/2023\/06\/foto-2023-06-19-mandato-deputado-vander.jpg","contentUrl":"https:\/\/vanderloubet.com.br\/deputado\/wp-content\/uploads\/2023\/06\/foto-2023-06-19-mandato-deputado-vander.jpg","width":1080,"height":1080,"caption":"Deputado Federal Vander Loubet"},"image":{"@id":"https:\/\/vanderloubet.com.br\/deputado\/#\/schema\/logo\/image\/"},"sameAs":["https:\/\/facebook.com\/deputadovander","https:\/\/x.com\/vanderloubet","https:\/\/instagram.com\/vanderloubet","https:\/\/youtube.com\/vanderloubet","https:\/\/tiktok.com\/@vanderloubetms"]},{"@type":"Person","@id":"https:\/\/vanderloubet.com.br\/deputado\/#\/schema\/person\/15b51bd564532a8a68d9dec1b8eb890e","name":"\u00c9der","image":{"@type":"ImageObject","inLanguage":"pt-BR","@id":"https:\/\/vanderloubet.com.br\/deputado\/wp-content\/litespeed\/avatar\/88ca4090d9d5ab1c9495f6ca03b68efa.jpg?ver=1777058957","url":"https:\/\/vanderloubet.com.br\/deputado\/wp-content\/litespeed\/avatar\/88ca4090d9d5ab1c9495f6ca03b68efa.jpg?ver=1777058957","contentUrl":"https:\/\/vanderloubet.com.br\/deputado\/wp-content\/litespeed\/avatar\/88ca4090d9d5ab1c9495f6ca03b68efa.jpg?ver=1777058957","caption":"\u00c9der"}}]}},"jetpack_featured_media_url":"","jetpack_sharing_enabled":true,"_links":{"self":[{"href":"https:\/\/vanderloubet.com.br\/deputado\/wp-json\/wp\/v2\/posts\/6726","targetHints":{"allow":["GET"]}}],"collection":[{"href":"https:\/\/vanderloubet.com.br\/deputado\/wp-json\/wp\/v2\/posts"}],"about":[{"href":"https:\/\/vanderloubet.com.br\/deputado\/wp-json\/wp\/v2\/types\/post"}],"author":[{"embeddable":true,"href":"https:\/\/vanderloubet.com.br\/deputado\/wp-json\/wp\/v2\/users\/2"}],"replies":[{"embeddable":true,"href":"https:\/\/vanderloubet.com.br\/deputado\/wp-json\/wp\/v2\/comments?post=6726"}],"version-history":[{"count":0,"href":"https:\/\/vanderloubet.com.br\/deputado\/wp-json\/wp\/v2\/posts\/6726\/revisions"}],"wp:attachment":[{"href":"https:\/\/vanderloubet.com.br\/deputado\/wp-json\/wp\/v2\/media?parent=6726"}],"wp:term":[{"taxonomy":"category","embeddable":true,"href":"https:\/\/vanderloubet.com.br\/deputado\/wp-json\/wp\/v2\/categories?post=6726"},{"taxonomy":"post_tag","embeddable":true,"href":"https:\/\/vanderloubet.com.br\/deputado\/wp-json\/wp\/v2\/tags?post=6726"}],"curies":[{"name":"wp","href":"https:\/\/api.w.org\/{rel}","templated":true}]}}