{"id":6683,"date":"2013-06-29T19:01:27","date_gmt":"2013-06-29T23:01:27","guid":{"rendered":"http:\/\/www.deputadovander.com.br\/website\/?p=6683"},"modified":"2013-06-29T19:01:27","modified_gmt":"2013-06-29T23:01:27","slug":"agricultores-familiares-de-nova-andradina-recebem-titulos-de-propriedade-e-credito-para-producao","status":"publish","type":"post","link":"https:\/\/vanderloubet.com.br\/deputado\/agricultores-familiares-de-nova-andradina-recebem-titulos-de-propriedade-e-credito-para-producao\/","title":{"rendered":"Agricultores familiares de Nova Andradina recebem t\u00edtulos de propriedade e cr\u00e9dito para produ\u00e7\u00e3o"},"content":{"rendered":"<figure id=\"attachment_6684\" aria-describedby=\"caption-attachment-6684\" style=\"width: 420px\" class=\"wp-caption aligncenter\"><a href=\"http:\/\/www.deputadovander.com.br\/website\/wp-content\/uploads\/2013\/06\/foto-2013-06-29-distrito-nova-casa-verde.jpg\" target=\"_blank\"><img decoding=\"async\" class=\"size-medium wp-image-6684 \" title=\"Solenidade teve entrega de TPs e DAPs para agricultores (foto: Rachid Waqued)\" alt=\"Solenidade teve entrega de TPs e DAPs para agricultores (foto: Rachid Waqued)\" src=\"http:\/\/www.deputadovander.com.br\/website\/wp-content\/uploads\/2013\/06\/foto-2013-06-29-distrito-nova-casa-verde-420x280.jpg\" width=\"420\" height=\"280\" \/><\/a><figcaption id=\"caption-attachment-6684\" class=\"wp-caption-text\">Solenidade teve entrega de TPs e DAPs para agricultores (foto: Rachid Waqued)<\/figcaption><\/figure>\n<p>O Distrito de Nova Casa Verde, no munic\u00edpio de Nova Andradina, foi sede hoje (29) do &#8220;Mutir\u00e3o da Cidadania&#8221;, promovido pelo Instituto Nacional de Coloniza\u00e7\u00e3o e Reforma Agr\u00e1ria (Incra) com o apoio da Prefeitura. A atividade levou servi\u00e7os gratuitos \u00e0 popula\u00e7\u00e3o como a emiss\u00e3o de documentos b\u00e1sicos (CPF, CTPS e RG). Al\u00e9m disso, as fam\u00edlias puderam se inscrever em programas sociais como o Cadastro \u00danico para Programas Sociais (Cad\u00danico) e Bolsa Fam\u00edlia. Elas realizaram tamb\u00e9m exames como aferi\u00e7\u00e3o de press\u00e3o arterial e de glicose, vacina\u00e7\u00e3o contra a gripe e poliomielite.<\/p>\n<p>Durante o evento, no Clube do La\u00e7o, o deputado federal Vander Loubet (PT-MS) participou da solenidade de entrega de t\u00edtulos de propriedade (TP) do Assentamento Casa Verde e de declara\u00e7\u00f5es de aptid\u00e3o ao Pronaf (DAP) para o Assentamento Teijin.<\/p>\n<p>O Distrito de Nova Casa Verde est\u00e1 localizado no entroncamento das rodovias BR 267 e MS 134, distante 250 quil\u00f4metros de Campo Grande e 58 quil\u00f4metros da sede do munic\u00edpio de Nova Andradina. No Assentamento Casa Verde vivem hoje 471 fam\u00edlias de pequenos agricultores. Na solenidade, 59 fam\u00edlias receberam o t\u00edtulo definitivo de propriedade. Isso significa que os grupos familiares ser\u00e3o emancipados, ou seja, ter\u00e3o autonomia para administrar seus lotes sem a depend\u00eancia das a\u00e7\u00f5es do Incra.<\/p>\n<p>H\u00e1 12 anos, Aloizio Eduardo Teodoro e sua esposa Ang\u00e9lica esperavam pelo t\u00e3o sonhado t\u00edtulo de propriedade. A dificuldade, segundo ele, era buscar financiamento junto ao banco, j\u00e1 que n\u00e3o tinham nada em seu nome. &#8220;\u00c9 uma grande conquista porque a gente n\u00e3o tinha acesso, por exemplo, ao Pronaf. O que ajudava mesmo era plantar uma coisa aqui, outra ali, a nossa produ\u00e7\u00e3o de leite, e o que entrava de dinheiro era para apenas o nosso sustento&#8221;, comentou. Agora, como dono da terra, o objetivo \u00e9 buscar recursos para melhorar a estrutura da propriedade. &#8220;Quero reformar o mangueiro, o curral e o pasto&#8221;, informou o agricultor.<\/p>\n<p><strong>Mais produ\u00e7\u00e3o<\/strong><\/p>\n<p>Pelo menos R$ 8 milh\u00f5es ser\u00e3o liberados para 300 agricultores do Assentamento Teijin com a entrega da Declara\u00e7\u00e3o de Aptid\u00e3o ao Pronaf. A DAP permite que cada fam\u00edlia tome junto ao Banco do Brasil empr\u00e9stimo de R$ 20 mil para serem aplicados em melhorias na sua propriedade e na produ\u00e7\u00e3o.<\/p>\n<p>Na propriedade de cerca de 60 hectares de Valter Andr\u00e9 Grilo os recursos ser\u00e3o utilizados para a melhoria da qualidade da produ\u00e7\u00e3o leiteira. H\u00e1 seis anos no assentamento, o produtor mant\u00e9m 15 vacas leiteiras e investe tamb\u00e9m na produ\u00e7\u00e3o do abacaxi. &#8220;Com esse dinheiro quero vender as vacas fracas e comprar outras com mais qualidade. Quero um gado melhor que vai dar maior produ\u00e7\u00e3o de leite&#8221;, disse. Contando com o aux\u00edlio de resfriadores, a produ\u00e7\u00e3o di\u00e1ria de cerca de 80 litros de leite \u00e9 vendido em Nova Andradina.<\/p>\n<p>De acordo com o superintendente regional do Incra, Celso Cestari, o evento mostra que a sociedade perdeu o preconceito com os assentados e o resultado \u00e9 fruto de parcerias e do apoio da classe pol\u00edtica. &#8220;A falta de documento com a declara\u00e7\u00e3o de acesso ao Pronaf n\u00e3o permite a fixa\u00e7\u00e3o do assentado na sua parcela. S\u00e3o documentos necess\u00e1rios para a consolida\u00e7\u00e3o do assentamento. Sozinhos n\u00e3o constru\u00edmos pol\u00edticas p\u00fablicas e aqui em Mato Grosso do Sul estamos formando grandes parcerias&#8221;, salientou.<\/p>\n<p><strong>Mais infraestrutura<\/strong><\/p>\n<p>Em mar\u00e7o deste ano, durante audi\u00eancia p\u00fablica promovida pela C\u00e2mara Municipal de Nova Andradina, por iniciativa do vereador Edson Tolotti (PT), o deputado Vander se comprometeu a viabilizar uma emenda de R$ 700 mil para pavimenta\u00e7\u00e3o asf\u00e1ltica na regi\u00e3o. A audi\u00eancia foi realizada para discutir a regulariza\u00e7\u00e3o do n\u00facleo urbano de Nova Casa Verde (na \u00e1rea do assentamento Casa Verde) como distrito. Hoje, durante o &#8220;Mutir\u00e3o da Cidadania&#8221;, Vander reafirmou seu compromisso com a localidade.<\/p>\n<p>&#8220;Com a regulariza\u00e7\u00e3o do n\u00facleo urbano como distrito ser\u00e1 poss\u00edvel viabilizar recurso junto \u00e0 Uni\u00e3o para investimentos na melhoria da qualidade de vida da comunidade. Toda a \u00e1rea que passou pelo processo de reforma agr\u00e1ria costuma ser carente de investimentos em infraestrutura. Por isso, tenho certeza que esses recursos e outros que vamos buscar ser\u00e3o importantes para garantir mais bem-estar para a popula\u00e7\u00e3o do distrito&#8221;, afirmou o parlamentar.<\/p>\n<p><span style=\"font-size: 11px;\">(\u00c9der Yanaguita &#8211; Assessoria\/Deputado Vander, com informa\u00e7\u00f5es do Not\u00edcias MS)<\/span><\/p>\n","protected":false},"excerpt":{"rendered":"<p>Vander reafirmou seu compromisso de trabalho com a comunidade de Nova Casa Verde.<\/p>\n","protected":false},"author":2,"featured_media":0,"comment_status":"closed","ping_status":"open","sticky":false,"template":"","format":"standard","meta":{"jetpack_post_was_ever_published":false,"_jetpack_newsletter_access":"","_jetpack_dont_email_post_to_subs":false,"_jetpack_newsletter_tier_id":0,"_jetpack_memberships_contains_paywalled_content":false,"_jetpack_memberships_contains_paid_content":false,"footnotes":""},"categories":[10],"tags":[130,195,375,572,1013,1400,1636,1641,1928,1952,2046],"class_list":{"0":"post-6683","1":"post","2":"type-post","3":"status-publish","4":"format-standard","6":"category-noticias","7":"tag-andradina","8":"tag-assentamento","9":"tag-casa","10":"tag-dap","11":"tag-incra","12":"tag-nova","13":"tag-pronaf","14":"tag-propriedade","15":"tag-teijin","16":"tag-titulo","17":"tag-verde"},"yoast_head":"<!-- This site is optimized with the Yoast SEO plugin v27.4 - https:\/\/yoast.com\/product\/yoast-seo-wordpress\/ -->\n<title>Agricultores familiares de Nova Andradina recebem t\u00edtulos de propriedade e cr\u00e9dito para produ\u00e7\u00e3o<\/title>\n<meta name=\"robots\" content=\"index, follow, max-snippet:-1, max-image-preview:large, max-video-preview:-1\" \/>\n<link rel=\"canonical\" href=\"https:\/\/vanderloubet.com.br\/deputado\/agricultores-familiares-de-nova-andradina-recebem-titulos-de-propriedade-e-credito-para-producao\/\" \/>\n<meta property=\"og:locale\" content=\"pt_BR\" \/>\n<meta property=\"og:type\" content=\"article\" \/>\n<meta property=\"og:title\" content=\"Agricultores familiares de Nova Andradina recebem t\u00edtulos de propriedade e cr\u00e9dito para produ\u00e7\u00e3o\" \/>\n<meta property=\"og:description\" content=\"Vander reafirmou seu compromisso de trabalho com a comunidade de Nova Casa Verde.\" \/>\n<meta property=\"og:url\" content=\"https:\/\/vanderloubet.com.br\/deputado\/agricultores-familiares-de-nova-andradina-recebem-titulos-de-propriedade-e-credito-para-producao\/\" \/>\n<meta property=\"og:site_name\" content=\"Deputado Federal Vander Loubet\" \/>\n<meta property=\"article:publisher\" content=\"https:\/\/facebook.com\/deputadovander\" \/>\n<meta property=\"article:published_time\" content=\"2013-06-29T23:01:27+00:00\" \/>\n<meta property=\"og:image\" content=\"http:\/\/www.deputadovander.com.br\/website\/wp-content\/uploads\/2013\/06\/foto-2013-06-29-distrito-nova-casa-verde-420x280.jpg\" \/>\n<meta name=\"author\" content=\"\u00c9der\" \/>\n<meta name=\"twitter:card\" content=\"summary_large_image\" \/>\n<meta name=\"twitter:creator\" content=\"@vanderloubet\" \/>\n<meta name=\"twitter:site\" content=\"@vanderloubet\" \/>\n<script type=\"application\/ld+json\" class=\"yoast-schema-graph\">{\"@context\":\"https:\\\/\\\/schema.org\",\"@graph\":[{\"@type\":\"Article\",\"@id\":\"https:\\\/\\\/vanderloubet.com.br\\\/deputado\\\/agricultores-familiares-de-nova-andradina-recebem-titulos-de-propriedade-e-credito-para-producao\\\/#article\",\"isPartOf\":{\"@id\":\"https:\\\/\\\/vanderloubet.com.br\\\/deputado\\\/agricultores-familiares-de-nova-andradina-recebem-titulos-de-propriedade-e-credito-para-producao\\\/\"},\"author\":{\"name\":\"\u00c9der\",\"@id\":\"https:\\\/\\\/vanderloubet.com.br\\\/deputado\\\/#\\\/schema\\\/person\\\/15b51bd564532a8a68d9dec1b8eb890e\"},\"headline\":\"Agricultores familiares de Nova Andradina recebem t\u00edtulos de propriedade e cr\u00e9dito para produ\u00e7\u00e3o\",\"datePublished\":\"2013-06-29T23:01:27+00:00\",\"mainEntityOfPage\":{\"@id\":\"https:\\\/\\\/vanderloubet.com.br\\\/deputado\\\/agricultores-familiares-de-nova-andradina-recebem-titulos-de-propriedade-e-credito-para-producao\\\/\"},\"wordCount\":786,\"publisher\":{\"@id\":\"https:\\\/\\\/vanderloubet.com.br\\\/deputado\\\/#organization\"},\"image\":{\"@id\":\"https:\\\/\\\/vanderloubet.com.br\\\/deputado\\\/agricultores-familiares-de-nova-andradina-recebem-titulos-de-propriedade-e-credito-para-producao\\\/#primaryimage\"},\"thumbnailUrl\":\"http:\\\/\\\/www.deputadovander.com.br\\\/website\\\/wp-content\\\/uploads\\\/2013\\\/06\\\/foto-2013-06-29-distrito-nova-casa-verde-420x280.jpg\",\"keywords\":[\"andradina\",\"assentamento\",\"casa\",\"dap\",\"incra\",\"nova\",\"pronaf\",\"propriedade\",\"teijin\",\"t\u00edtulo\",\"verde\"],\"articleSection\":[\"Not\u00edcias\"],\"inLanguage\":\"pt-BR\"},{\"@type\":\"WebPage\",\"@id\":\"https:\\\/\\\/vanderloubet.com.br\\\/deputado\\\/agricultores-familiares-de-nova-andradina-recebem-titulos-de-propriedade-e-credito-para-producao\\\/\",\"url\":\"https:\\\/\\\/vanderloubet.com.br\\\/deputado\\\/agricultores-familiares-de-nova-andradina-recebem-titulos-de-propriedade-e-credito-para-producao\\\/\",\"name\":\"Agricultores familiares de Nova Andradina recebem t\u00edtulos de propriedade e cr\u00e9dito para produ\u00e7\u00e3o\",\"isPartOf\":{\"@id\":\"https:\\\/\\\/vanderloubet.com.br\\\/deputado\\\/#website\"},\"primaryImageOfPage\":{\"@id\":\"https:\\\/\\\/vanderloubet.com.br\\\/deputado\\\/agricultores-familiares-de-nova-andradina-recebem-titulos-de-propriedade-e-credito-para-producao\\\/#primaryimage\"},\"image\":{\"@id\":\"https:\\\/\\\/vanderloubet.com.br\\\/deputado\\\/agricultores-familiares-de-nova-andradina-recebem-titulos-de-propriedade-e-credito-para-producao\\\/#primaryimage\"},\"thumbnailUrl\":\"http:\\\/\\\/www.deputadovander.com.br\\\/website\\\/wp-content\\\/uploads\\\/2013\\\/06\\\/foto-2013-06-29-distrito-nova-casa-verde-420x280.jpg\",\"datePublished\":\"2013-06-29T23:01:27+00:00\",\"breadcrumb\":{\"@id\":\"https:\\\/\\\/vanderloubet.com.br\\\/deputado\\\/agricultores-familiares-de-nova-andradina-recebem-titulos-de-propriedade-e-credito-para-producao\\\/#breadcrumb\"},\"inLanguage\":\"pt-BR\",\"potentialAction\":[{\"@type\":\"ReadAction\",\"target\":[\"https:\\\/\\\/vanderloubet.com.br\\\/deputado\\\/agricultores-familiares-de-nova-andradina-recebem-titulos-de-propriedade-e-credito-para-producao\\\/\"]}]},{\"@type\":\"ImageObject\",\"inLanguage\":\"pt-BR\",\"@id\":\"https:\\\/\\\/vanderloubet.com.br\\\/deputado\\\/agricultores-familiares-de-nova-andradina-recebem-titulos-de-propriedade-e-credito-para-producao\\\/#primaryimage\",\"url\":\"http:\\\/\\\/www.deputadovander.com.br\\\/website\\\/wp-content\\\/uploads\\\/2013\\\/06\\\/foto-2013-06-29-distrito-nova-casa-verde-420x280.jpg\",\"contentUrl\":\"http:\\\/\\\/www.deputadovander.com.br\\\/website\\\/wp-content\\\/uploads\\\/2013\\\/06\\\/foto-2013-06-29-distrito-nova-casa-verde-420x280.jpg\"},{\"@type\":\"BreadcrumbList\",\"@id\":\"https:\\\/\\\/vanderloubet.com.br\\\/deputado\\\/agricultores-familiares-de-nova-andradina-recebem-titulos-de-propriedade-e-credito-para-producao\\\/#breadcrumb\",\"itemListElement\":[{\"@type\":\"ListItem\",\"position\":1,\"name\":\"In\u00edcio\",\"item\":\"https:\\\/\\\/vanderloubet.com.br\\\/deputado\\\/\"},{\"@type\":\"ListItem\",\"position\":2,\"name\":\"Agricultores familiares de Nova Andradina recebem t\u00edtulos de propriedade e cr\u00e9dito para produ\u00e7\u00e3o\"}]},{\"@type\":\"WebSite\",\"@id\":\"https:\\\/\\\/vanderloubet.com.br\\\/deputado\\\/#website\",\"url\":\"https:\\\/\\\/vanderloubet.com.br\\\/deputado\\\/\",\"name\":\"Deputado Federal Vander Loubet\",\"description\":\"O Federal de MS\",\"publisher\":{\"@id\":\"https:\\\/\\\/vanderloubet.com.br\\\/deputado\\\/#organization\"},\"alternateName\":\"Deputado Vander\",\"potentialAction\":[{\"@type\":\"SearchAction\",\"target\":{\"@type\":\"EntryPoint\",\"urlTemplate\":\"https:\\\/\\\/vanderloubet.com.br\\\/deputado\\\/?s={search_term_string}\"},\"query-input\":{\"@type\":\"PropertyValueSpecification\",\"valueRequired\":true,\"valueName\":\"search_term_string\"}}],\"inLanguage\":\"pt-BR\"},{\"@type\":\"Organization\",\"@id\":\"https:\\\/\\\/vanderloubet.com.br\\\/deputado\\\/#organization\",\"name\":\"Deputado Federal Vander Loubet\",\"alternateName\":\"Deputado Vander\",\"url\":\"https:\\\/\\\/vanderloubet.com.br\\\/deputado\\\/\",\"logo\":{\"@type\":\"ImageObject\",\"inLanguage\":\"pt-BR\",\"@id\":\"https:\\\/\\\/vanderloubet.com.br\\\/deputado\\\/#\\\/schema\\\/logo\\\/image\\\/\",\"url\":\"https:\\\/\\\/vanderloubet.com.br\\\/deputado\\\/wp-content\\\/uploads\\\/2023\\\/06\\\/foto-2023-06-19-mandato-deputado-vander.jpg\",\"contentUrl\":\"https:\\\/\\\/vanderloubet.com.br\\\/deputado\\\/wp-content\\\/uploads\\\/2023\\\/06\\\/foto-2023-06-19-mandato-deputado-vander.jpg\",\"width\":1080,\"height\":1080,\"caption\":\"Deputado Federal Vander Loubet\"},\"image\":{\"@id\":\"https:\\\/\\\/vanderloubet.com.br\\\/deputado\\\/#\\\/schema\\\/logo\\\/image\\\/\"},\"sameAs\":[\"https:\\\/\\\/facebook.com\\\/deputadovander\",\"https:\\\/\\\/x.com\\\/vanderloubet\",\"https:\\\/\\\/instagram.com\\\/vanderloubet\",\"https:\\\/\\\/youtube.com\\\/vanderloubet\",\"https:\\\/\\\/tiktok.com\\\/@vanderloubetms\"]},{\"@type\":\"Person\",\"@id\":\"https:\\\/\\\/vanderloubet.com.br\\\/deputado\\\/#\\\/schema\\\/person\\\/15b51bd564532a8a68d9dec1b8eb890e\",\"name\":\"\u00c9der\",\"image\":{\"@type\":\"ImageObject\",\"inLanguage\":\"pt-BR\",\"@id\":\"https:\\\/\\\/vanderloubet.com.br\\\/deputado\\\/wp-content\\\/litespeed\\\/avatar\\\/88ca4090d9d5ab1c9495f6ca03b68efa.jpg?ver=1777058957\",\"url\":\"https:\\\/\\\/vanderloubet.com.br\\\/deputado\\\/wp-content\\\/litespeed\\\/avatar\\\/88ca4090d9d5ab1c9495f6ca03b68efa.jpg?ver=1777058957\",\"contentUrl\":\"https:\\\/\\\/vanderloubet.com.br\\\/deputado\\\/wp-content\\\/litespeed\\\/avatar\\\/88ca4090d9d5ab1c9495f6ca03b68efa.jpg?ver=1777058957\",\"caption\":\"\u00c9der\"}}]}<\/script>\n<!-- \/ Yoast SEO plugin. -->","yoast_head_json":{"title":"Agricultores familiares de Nova Andradina recebem t\u00edtulos de propriedade e cr\u00e9dito para produ\u00e7\u00e3o","robots":{"index":"index","follow":"follow","max-snippet":"max-snippet:-1","max-image-preview":"max-image-preview:large","max-video-preview":"max-video-preview:-1"},"canonical":"https:\/\/vanderloubet.com.br\/deputado\/agricultores-familiares-de-nova-andradina-recebem-titulos-de-propriedade-e-credito-para-producao\/","og_locale":"pt_BR","og_type":"article","og_title":"Agricultores familiares de Nova Andradina recebem t\u00edtulos de propriedade e cr\u00e9dito para produ\u00e7\u00e3o","og_description":"Vander reafirmou seu compromisso de trabalho com a comunidade de Nova Casa Verde.","og_url":"https:\/\/vanderloubet.com.br\/deputado\/agricultores-familiares-de-nova-andradina-recebem-titulos-de-propriedade-e-credito-para-producao\/","og_site_name":"Deputado Federal Vander Loubet","article_publisher":"https:\/\/facebook.com\/deputadovander","article_published_time":"2013-06-29T23:01:27+00:00","og_image":[{"url":"http:\/\/www.deputadovander.com.br\/website\/wp-content\/uploads\/2013\/06\/foto-2013-06-29-distrito-nova-casa-verde-420x280.jpg","type":"","width":"","height":""}],"author":"\u00c9der","twitter_card":"summary_large_image","twitter_creator":"@vanderloubet","twitter_site":"@vanderloubet","schema":{"@context":"https:\/\/schema.org","@graph":[{"@type":"Article","@id":"https:\/\/vanderloubet.com.br\/deputado\/agricultores-familiares-de-nova-andradina-recebem-titulos-de-propriedade-e-credito-para-producao\/#article","isPartOf":{"@id":"https:\/\/vanderloubet.com.br\/deputado\/agricultores-familiares-de-nova-andradina-recebem-titulos-de-propriedade-e-credito-para-producao\/"},"author":{"name":"\u00c9der","@id":"https:\/\/vanderloubet.com.br\/deputado\/#\/schema\/person\/15b51bd564532a8a68d9dec1b8eb890e"},"headline":"Agricultores familiares de Nova Andradina recebem t\u00edtulos de propriedade e cr\u00e9dito para produ\u00e7\u00e3o","datePublished":"2013-06-29T23:01:27+00:00","mainEntityOfPage":{"@id":"https:\/\/vanderloubet.com.br\/deputado\/agricultores-familiares-de-nova-andradina-recebem-titulos-de-propriedade-e-credito-para-producao\/"},"wordCount":786,"publisher":{"@id":"https:\/\/vanderloubet.com.br\/deputado\/#organization"},"image":{"@id":"https:\/\/vanderloubet.com.br\/deputado\/agricultores-familiares-de-nova-andradina-recebem-titulos-de-propriedade-e-credito-para-producao\/#primaryimage"},"thumbnailUrl":"http:\/\/www.deputadovander.com.br\/website\/wp-content\/uploads\/2013\/06\/foto-2013-06-29-distrito-nova-casa-verde-420x280.jpg","keywords":["andradina","assentamento","casa","dap","incra","nova","pronaf","propriedade","teijin","t\u00edtulo","verde"],"articleSection":["Not\u00edcias"],"inLanguage":"pt-BR"},{"@type":"WebPage","@id":"https:\/\/vanderloubet.com.br\/deputado\/agricultores-familiares-de-nova-andradina-recebem-titulos-de-propriedade-e-credito-para-producao\/","url":"https:\/\/vanderloubet.com.br\/deputado\/agricultores-familiares-de-nova-andradina-recebem-titulos-de-propriedade-e-credito-para-producao\/","name":"Agricultores familiares de Nova Andradina recebem t\u00edtulos de propriedade e cr\u00e9dito para produ\u00e7\u00e3o","isPartOf":{"@id":"https:\/\/vanderloubet.com.br\/deputado\/#website"},"primaryImageOfPage":{"@id":"https:\/\/vanderloubet.com.br\/deputado\/agricultores-familiares-de-nova-andradina-recebem-titulos-de-propriedade-e-credito-para-producao\/#primaryimage"},"image":{"@id":"https:\/\/vanderloubet.com.br\/deputado\/agricultores-familiares-de-nova-andradina-recebem-titulos-de-propriedade-e-credito-para-producao\/#primaryimage"},"thumbnailUrl":"http:\/\/www.deputadovander.com.br\/website\/wp-content\/uploads\/2013\/06\/foto-2013-06-29-distrito-nova-casa-verde-420x280.jpg","datePublished":"2013-06-29T23:01:27+00:00","breadcrumb":{"@id":"https:\/\/vanderloubet.com.br\/deputado\/agricultores-familiares-de-nova-andradina-recebem-titulos-de-propriedade-e-credito-para-producao\/#breadcrumb"},"inLanguage":"pt-BR","potentialAction":[{"@type":"ReadAction","target":["https:\/\/vanderloubet.com.br\/deputado\/agricultores-familiares-de-nova-andradina-recebem-titulos-de-propriedade-e-credito-para-producao\/"]}]},{"@type":"ImageObject","inLanguage":"pt-BR","@id":"https:\/\/vanderloubet.com.br\/deputado\/agricultores-familiares-de-nova-andradina-recebem-titulos-de-propriedade-e-credito-para-producao\/#primaryimage","url":"http:\/\/www.deputadovander.com.br\/website\/wp-content\/uploads\/2013\/06\/foto-2013-06-29-distrito-nova-casa-verde-420x280.jpg","contentUrl":"http:\/\/www.deputadovander.com.br\/website\/wp-content\/uploads\/2013\/06\/foto-2013-06-29-distrito-nova-casa-verde-420x280.jpg"},{"@type":"BreadcrumbList","@id":"https:\/\/vanderloubet.com.br\/deputado\/agricultores-familiares-de-nova-andradina-recebem-titulos-de-propriedade-e-credito-para-producao\/#breadcrumb","itemListElement":[{"@type":"ListItem","position":1,"name":"In\u00edcio","item":"https:\/\/vanderloubet.com.br\/deputado\/"},{"@type":"ListItem","position":2,"name":"Agricultores familiares de Nova Andradina recebem t\u00edtulos de propriedade e cr\u00e9dito para produ\u00e7\u00e3o"}]},{"@type":"WebSite","@id":"https:\/\/vanderloubet.com.br\/deputado\/#website","url":"https:\/\/vanderloubet.com.br\/deputado\/","name":"Deputado Federal Vander Loubet","description":"O Federal de MS","publisher":{"@id":"https:\/\/vanderloubet.com.br\/deputado\/#organization"},"alternateName":"Deputado Vander","potentialAction":[{"@type":"SearchAction","target":{"@type":"EntryPoint","urlTemplate":"https:\/\/vanderloubet.com.br\/deputado\/?s={search_term_string}"},"query-input":{"@type":"PropertyValueSpecification","valueRequired":true,"valueName":"search_term_string"}}],"inLanguage":"pt-BR"},{"@type":"Organization","@id":"https:\/\/vanderloubet.com.br\/deputado\/#organization","name":"Deputado Federal Vander Loubet","alternateName":"Deputado Vander","url":"https:\/\/vanderloubet.com.br\/deputado\/","logo":{"@type":"ImageObject","inLanguage":"pt-BR","@id":"https:\/\/vanderloubet.com.br\/deputado\/#\/schema\/logo\/image\/","url":"https:\/\/vanderloubet.com.br\/deputado\/wp-content\/uploads\/2023\/06\/foto-2023-06-19-mandato-deputado-vander.jpg","contentUrl":"https:\/\/vanderloubet.com.br\/deputado\/wp-content\/uploads\/2023\/06\/foto-2023-06-19-mandato-deputado-vander.jpg","width":1080,"height":1080,"caption":"Deputado Federal Vander Loubet"},"image":{"@id":"https:\/\/vanderloubet.com.br\/deputado\/#\/schema\/logo\/image\/"},"sameAs":["https:\/\/facebook.com\/deputadovander","https:\/\/x.com\/vanderloubet","https:\/\/instagram.com\/vanderloubet","https:\/\/youtube.com\/vanderloubet","https:\/\/tiktok.com\/@vanderloubetms"]},{"@type":"Person","@id":"https:\/\/vanderloubet.com.br\/deputado\/#\/schema\/person\/15b51bd564532a8a68d9dec1b8eb890e","name":"\u00c9der","image":{"@type":"ImageObject","inLanguage":"pt-BR","@id":"https:\/\/vanderloubet.com.br\/deputado\/wp-content\/litespeed\/avatar\/88ca4090d9d5ab1c9495f6ca03b68efa.jpg?ver=1777058957","url":"https:\/\/vanderloubet.com.br\/deputado\/wp-content\/litespeed\/avatar\/88ca4090d9d5ab1c9495f6ca03b68efa.jpg?ver=1777058957","contentUrl":"https:\/\/vanderloubet.com.br\/deputado\/wp-content\/litespeed\/avatar\/88ca4090d9d5ab1c9495f6ca03b68efa.jpg?ver=1777058957","caption":"\u00c9der"}}]}},"jetpack_featured_media_url":"","jetpack_sharing_enabled":true,"_links":{"self":[{"href":"https:\/\/vanderloubet.com.br\/deputado\/wp-json\/wp\/v2\/posts\/6683","targetHints":{"allow":["GET"]}}],"collection":[{"href":"https:\/\/vanderloubet.com.br\/deputado\/wp-json\/wp\/v2\/posts"}],"about":[{"href":"https:\/\/vanderloubet.com.br\/deputado\/wp-json\/wp\/v2\/types\/post"}],"author":[{"embeddable":true,"href":"https:\/\/vanderloubet.com.br\/deputado\/wp-json\/wp\/v2\/users\/2"}],"replies":[{"embeddable":true,"href":"https:\/\/vanderloubet.com.br\/deputado\/wp-json\/wp\/v2\/comments?post=6683"}],"version-history":[{"count":0,"href":"https:\/\/vanderloubet.com.br\/deputado\/wp-json\/wp\/v2\/posts\/6683\/revisions"}],"wp:attachment":[{"href":"https:\/\/vanderloubet.com.br\/deputado\/wp-json\/wp\/v2\/media?parent=6683"}],"wp:term":[{"taxonomy":"category","embeddable":true,"href":"https:\/\/vanderloubet.com.br\/deputado\/wp-json\/wp\/v2\/categories?post=6683"},{"taxonomy":"post_tag","embeddable":true,"href":"https:\/\/vanderloubet.com.br\/deputado\/wp-json\/wp\/v2\/tags?post=6683"}],"curies":[{"name":"wp","href":"https:\/\/api.w.org\/{rel}","templated":true}]}}