{"id":6530,"date":"2013-06-27T11:40:54","date_gmt":"2013-06-27T15:40:54","guid":{"rendered":"http:\/\/www.deputadovander.com.br\/website\/?p=6530"},"modified":"2013-06-27T11:40:54","modified_gmt":"2013-06-27T15:40:54","slug":"para-vander-poderes-e-esferas-precisam-assumir-suas-responsabilidades-por-um-brasil-melhor","status":"publish","type":"post","link":"https:\/\/vanderloubet.com.br\/deputado\/para-vander-poderes-e-esferas-precisam-assumir-suas-responsabilidades-por-um-brasil-melhor\/","title":{"rendered":"Para Vander, poderes e esferas precisam assumir suas responsabilidades por um Brasil melhor"},"content":{"rendered":"<figure id=\"attachment_3954\" aria-describedby=\"caption-attachment-3954\" style=\"width: 420px\" class=\"wp-caption aligncenter\"><a href=\"http:\/\/www.deputadovander.com.br\/website\/wp-content\/uploads\/2011\/11\/foto-2011-11-02-vander-loubet-pt-ms1.jpg\" target=\"_blank\"><img decoding=\"async\" class=\"size-medium wp-image-3954 \" title=\"Deputado Vander Loubet\" alt=\"Deputado Vander Loubet\" src=\"http:\/\/www.deputadovander.com.br\/website\/wp-content\/uploads\/2011\/11\/foto-2011-11-02-vander-loubet-pt-ms1-420x280.jpg\" width=\"420\" height=\"280\" \/><\/a><figcaption id=\"caption-attachment-3954\" class=\"wp-caption-text\">Deputado Vander Loubet<\/figcaption><\/figure>\n<p>O deputado federal Vander Loubet (PT-MS) comentou na manh\u00e3 desta quinta-feira (27), em Bras\u00edlia, as propostas da presidenta Dilma Rousseff para as demandas apresentadas nas manifesta\u00e7\u00f5es das \u00faltimas semanas. Em reuni\u00e3o na segunda-feira (24) com governadores e prefeitos no Pal\u00e1cio do Planalto, a presidenta prop\u00f4s cinco pactos em favor do Pa\u00eds, com medidas nas seguintes \u00e1reas: responsabilidade fiscal, reforma pol\u00edtica, sa\u00fade, transporte p\u00fablico e educa\u00e7\u00e3o. De acordo com o parlamentar, est\u00e1 claro que \u00e9 um momento em que cada poder e cada ente governamental precisa assumir suas responsabilidades para o Brasil avan\u00e7ar no atendimento aos anseios da popula\u00e7\u00e3o.<\/p>\n<p>&#8220;Esses pactos defendidos pela Dilma envolvem todos os setores, n\u00e3o \u00e9 nem vai poder ser uma a\u00e7\u00e3o isolada do governo federal. Nessa conta v\u00e3o ter que entrar o Executivo, Legislativo e Judici\u00e1rio das tr\u00eas esferas: federal, estadual e municipal&#8221;, pontuou Vander. &#8220;Em rela\u00e7\u00e3o ao Congresso, j\u00e1 estamos vendo os l\u00edderes dos partidos colocando em vota\u00e7\u00e3o projetos que garantem avan\u00e7os nas quest\u00f5es que foram defendidas nos protestos. \u00c9 importante que esse trabalho seja permanente daqui para frente&#8221;, complementou.<\/p>\n<p>Na C\u00e2mara Federal, os deputados se mobilizaram esta semana para votar projetos que, de alguma forma, atendem reivindica\u00e7\u00f5es explicitadas durante as manifesta\u00e7\u00f5es. Na noite de ter\u00e7a-feira (25) e na madrugada de quarta-feira (26), o Plen\u00e1rio rejeitou a Proposta de Emenda \u00e0 Constitui\u00e7\u00e3o (PEC) 37\/2011 por 430 votos a 9; aprovou o Projeto de Lei (PL) 323\/2007, na forma de substitutivo, que destina 75% dos recursos dos royalties do petr\u00f3leo para a educa\u00e7\u00e3o e 25% para a sa\u00fade; e aprovou o PL 2729\/2011, que reduz a zero as al\u00edquotas do PIS\/Pasep e da Cofins incidentes sobre os servi\u00e7os de transporte p\u00fablico coletivo municipal rodovi\u00e1rio, metrovi\u00e1rio, ferrovi\u00e1rio e aquavi\u00e1rio de passageiros.<\/p>\n<p>Na Comiss\u00e3o de Constitui\u00e7\u00e3o e Justi\u00e7a e de Cidadania (CCJC), foi aprovada a admissibilidade da PEC 90\/2011, que inclui o transporte no grupo de direitos sociais, destinados a todas as pessoas, estabelecidos pela Constitui\u00e7\u00e3o. Tamb\u00e9m foi aprovada a admissibilidade da PEC 196\/2012, que institui o voto aberto para processos de cassa\u00e7\u00e3o de mandato parlamentar por falta de decoro e por condena\u00e7\u00e3o criminal com senten\u00e7a transitada em julgado. As duas propostas ser\u00e3o analisadas por uma comiss\u00e3o especial antes de seguir para o Plen\u00e1rio.<\/p>\n<p>A C\u00e2mara tamb\u00e9m come\u00e7a a analisar nos pr\u00f3ximos dias um projeto (PLS 204\/11) aprovado pelo Senado nesta semana, que torna crime hediondo a corrup\u00e7\u00e3o ativa e passiva. A proposta inclui delitos contra a administra\u00e7\u00e3o p\u00fablica como crimes hediondos, aumentando suas penas e dificultando a concess\u00e3o de benef\u00edcios para os condenados. Medidas de combate \u00e0 corrup\u00e7\u00e3o t\u00eam sido a principal reivindica\u00e7\u00e3o dos manifestantes.<\/p>\n<p><span style=\"font-size: 11px;\">(\u00c9der Yanaguita &#8211; Assessoria\/Deputado Vander, com informa\u00e7\u00f5es da C\u00e2mara Not\u00edcias)<\/span><\/p>\n","protected":false},"excerpt":{"rendered":"<p>C\u00e2mara se mobilizou para votar projetos que atendem reivindica\u00e7\u00f5es dos protestos.<\/p>\n","protected":false},"author":2,"featured_media":0,"comment_status":"closed","ping_status":"open","sticky":false,"template":"","format":"standard","meta":{"jetpack_post_was_ever_published":false,"_jetpack_newsletter_access":"","_jetpack_dont_email_post_to_subs":false,"_jetpack_newsletter_tier_id":0,"_jetpack_memberships_contains_paywalled_content":false,"_jetpack_memberships_contains_paid_content":false,"footnotes":""},"categories":[10],"tags":[470,474,697,1541,1548,1559,1758,1803,1972],"class_list":{"0":"post-6530","1":"post","2":"type-post","3":"status-publish","4":"format-standard","6":"category-noticias","7":"tag-cofins","8":"tag-coletivo","9":"tag-educacao","10":"tag-petroleo","11":"tag-pis","12":"tag-plenario","13":"tag-royalties","14":"tag-saude","15":"tag-transporte"},"yoast_head":"<!-- This site is optimized with the Yoast SEO plugin v27.4 - https:\/\/yoast.com\/product\/yoast-seo-wordpress\/ -->\n<title>Para Vander, poderes e esferas precisam assumir suas responsabilidades por um Brasil melhor<\/title>\n<meta name=\"robots\" content=\"index, follow, max-snippet:-1, max-image-preview:large, max-video-preview:-1\" \/>\n<link rel=\"canonical\" href=\"https:\/\/vanderloubet.com.br\/deputado\/para-vander-poderes-e-esferas-precisam-assumir-suas-responsabilidades-por-um-brasil-melhor\/\" \/>\n<meta property=\"og:locale\" content=\"pt_BR\" \/>\n<meta property=\"og:type\" content=\"article\" \/>\n<meta property=\"og:title\" content=\"Para Vander, poderes e esferas precisam assumir suas responsabilidades por um Brasil melhor\" \/>\n<meta property=\"og:description\" content=\"C\u00e2mara se mobilizou para votar projetos que atendem reivindica\u00e7\u00f5es dos protestos.\" \/>\n<meta property=\"og:url\" content=\"https:\/\/vanderloubet.com.br\/deputado\/para-vander-poderes-e-esferas-precisam-assumir-suas-responsabilidades-por-um-brasil-melhor\/\" \/>\n<meta property=\"og:site_name\" content=\"Deputado Federal Vander Loubet\" \/>\n<meta property=\"article:publisher\" content=\"https:\/\/facebook.com\/deputadovander\" \/>\n<meta property=\"article:published_time\" content=\"2013-06-27T15:40:54+00:00\" \/>\n<meta property=\"og:image\" content=\"http:\/\/www.deputadovander.com.br\/website\/wp-content\/uploads\/2011\/11\/foto-2011-11-02-vander-loubet-pt-ms1-420x280.jpg\" \/>\n<meta name=\"author\" content=\"\u00c9der\" \/>\n<meta name=\"twitter:card\" content=\"summary_large_image\" \/>\n<meta name=\"twitter:creator\" content=\"@vanderloubet\" \/>\n<meta name=\"twitter:site\" content=\"@vanderloubet\" \/>\n<script type=\"application\/ld+json\" class=\"yoast-schema-graph\">{\"@context\":\"https:\\\/\\\/schema.org\",\"@graph\":[{\"@type\":\"Article\",\"@id\":\"https:\\\/\\\/vanderloubet.com.br\\\/deputado\\\/para-vander-poderes-e-esferas-precisam-assumir-suas-responsabilidades-por-um-brasil-melhor\\\/#article\",\"isPartOf\":{\"@id\":\"https:\\\/\\\/vanderloubet.com.br\\\/deputado\\\/para-vander-poderes-e-esferas-precisam-assumir-suas-responsabilidades-por-um-brasil-melhor\\\/\"},\"author\":{\"name\":\"\u00c9der\",\"@id\":\"https:\\\/\\\/vanderloubet.com.br\\\/deputado\\\/#\\\/schema\\\/person\\\/15b51bd564532a8a68d9dec1b8eb890e\"},\"headline\":\"Para Vander, poderes e esferas precisam assumir suas responsabilidades por um Brasil melhor\",\"datePublished\":\"2013-06-27T15:40:54+00:00\",\"mainEntityOfPage\":{\"@id\":\"https:\\\/\\\/vanderloubet.com.br\\\/deputado\\\/para-vander-poderes-e-esferas-precisam-assumir-suas-responsabilidades-por-um-brasil-melhor\\\/\"},\"wordCount\":508,\"publisher\":{\"@id\":\"https:\\\/\\\/vanderloubet.com.br\\\/deputado\\\/#organization\"},\"image\":{\"@id\":\"https:\\\/\\\/vanderloubet.com.br\\\/deputado\\\/para-vander-poderes-e-esferas-precisam-assumir-suas-responsabilidades-por-um-brasil-melhor\\\/#primaryimage\"},\"thumbnailUrl\":\"http:\\\/\\\/www.deputadovander.com.br\\\/website\\\/wp-content\\\/uploads\\\/2011\\\/11\\\/foto-2011-11-02-vander-loubet-pt-ms1-420x280.jpg\",\"keywords\":[\"cofins\",\"coletivo\",\"educa\u00e7\u00e3o\",\"petr\u00f3leo\",\"pis\",\"plen\u00e1rio\",\"royalties\",\"sa\u00fade\",\"transporte\"],\"articleSection\":[\"Not\u00edcias\"],\"inLanguage\":\"pt-BR\"},{\"@type\":\"WebPage\",\"@id\":\"https:\\\/\\\/vanderloubet.com.br\\\/deputado\\\/para-vander-poderes-e-esferas-precisam-assumir-suas-responsabilidades-por-um-brasil-melhor\\\/\",\"url\":\"https:\\\/\\\/vanderloubet.com.br\\\/deputado\\\/para-vander-poderes-e-esferas-precisam-assumir-suas-responsabilidades-por-um-brasil-melhor\\\/\",\"name\":\"Para Vander, poderes e esferas precisam assumir suas responsabilidades por um Brasil melhor\",\"isPartOf\":{\"@id\":\"https:\\\/\\\/vanderloubet.com.br\\\/deputado\\\/#website\"},\"primaryImageOfPage\":{\"@id\":\"https:\\\/\\\/vanderloubet.com.br\\\/deputado\\\/para-vander-poderes-e-esferas-precisam-assumir-suas-responsabilidades-por-um-brasil-melhor\\\/#primaryimage\"},\"image\":{\"@id\":\"https:\\\/\\\/vanderloubet.com.br\\\/deputado\\\/para-vander-poderes-e-esferas-precisam-assumir-suas-responsabilidades-por-um-brasil-melhor\\\/#primaryimage\"},\"thumbnailUrl\":\"http:\\\/\\\/www.deputadovander.com.br\\\/website\\\/wp-content\\\/uploads\\\/2011\\\/11\\\/foto-2011-11-02-vander-loubet-pt-ms1-420x280.jpg\",\"datePublished\":\"2013-06-27T15:40:54+00:00\",\"breadcrumb\":{\"@id\":\"https:\\\/\\\/vanderloubet.com.br\\\/deputado\\\/para-vander-poderes-e-esferas-precisam-assumir-suas-responsabilidades-por-um-brasil-melhor\\\/#breadcrumb\"},\"inLanguage\":\"pt-BR\",\"potentialAction\":[{\"@type\":\"ReadAction\",\"target\":[\"https:\\\/\\\/vanderloubet.com.br\\\/deputado\\\/para-vander-poderes-e-esferas-precisam-assumir-suas-responsabilidades-por-um-brasil-melhor\\\/\"]}]},{\"@type\":\"ImageObject\",\"inLanguage\":\"pt-BR\",\"@id\":\"https:\\\/\\\/vanderloubet.com.br\\\/deputado\\\/para-vander-poderes-e-esferas-precisam-assumir-suas-responsabilidades-por-um-brasil-melhor\\\/#primaryimage\",\"url\":\"http:\\\/\\\/www.deputadovander.com.br\\\/website\\\/wp-content\\\/uploads\\\/2011\\\/11\\\/foto-2011-11-02-vander-loubet-pt-ms1-420x280.jpg\",\"contentUrl\":\"http:\\\/\\\/www.deputadovander.com.br\\\/website\\\/wp-content\\\/uploads\\\/2011\\\/11\\\/foto-2011-11-02-vander-loubet-pt-ms1-420x280.jpg\"},{\"@type\":\"BreadcrumbList\",\"@id\":\"https:\\\/\\\/vanderloubet.com.br\\\/deputado\\\/para-vander-poderes-e-esferas-precisam-assumir-suas-responsabilidades-por-um-brasil-melhor\\\/#breadcrumb\",\"itemListElement\":[{\"@type\":\"ListItem\",\"position\":1,\"name\":\"In\u00edcio\",\"item\":\"https:\\\/\\\/vanderloubet.com.br\\\/deputado\\\/\"},{\"@type\":\"ListItem\",\"position\":2,\"name\":\"Para Vander, poderes e esferas precisam assumir suas responsabilidades por um Brasil melhor\"}]},{\"@type\":\"WebSite\",\"@id\":\"https:\\\/\\\/vanderloubet.com.br\\\/deputado\\\/#website\",\"url\":\"https:\\\/\\\/vanderloubet.com.br\\\/deputado\\\/\",\"name\":\"Deputado Federal Vander Loubet\",\"description\":\"O Federal de MS\",\"publisher\":{\"@id\":\"https:\\\/\\\/vanderloubet.com.br\\\/deputado\\\/#organization\"},\"alternateName\":\"Deputado Vander\",\"potentialAction\":[{\"@type\":\"SearchAction\",\"target\":{\"@type\":\"EntryPoint\",\"urlTemplate\":\"https:\\\/\\\/vanderloubet.com.br\\\/deputado\\\/?s={search_term_string}\"},\"query-input\":{\"@type\":\"PropertyValueSpecification\",\"valueRequired\":true,\"valueName\":\"search_term_string\"}}],\"inLanguage\":\"pt-BR\"},{\"@type\":\"Organization\",\"@id\":\"https:\\\/\\\/vanderloubet.com.br\\\/deputado\\\/#organization\",\"name\":\"Deputado Federal Vander Loubet\",\"alternateName\":\"Deputado Vander\",\"url\":\"https:\\\/\\\/vanderloubet.com.br\\\/deputado\\\/\",\"logo\":{\"@type\":\"ImageObject\",\"inLanguage\":\"pt-BR\",\"@id\":\"https:\\\/\\\/vanderloubet.com.br\\\/deputado\\\/#\\\/schema\\\/logo\\\/image\\\/\",\"url\":\"https:\\\/\\\/vanderloubet.com.br\\\/deputado\\\/wp-content\\\/uploads\\\/2023\\\/06\\\/foto-2023-06-19-mandato-deputado-vander.jpg\",\"contentUrl\":\"https:\\\/\\\/vanderloubet.com.br\\\/deputado\\\/wp-content\\\/uploads\\\/2023\\\/06\\\/foto-2023-06-19-mandato-deputado-vander.jpg\",\"width\":1080,\"height\":1080,\"caption\":\"Deputado Federal Vander Loubet\"},\"image\":{\"@id\":\"https:\\\/\\\/vanderloubet.com.br\\\/deputado\\\/#\\\/schema\\\/logo\\\/image\\\/\"},\"sameAs\":[\"https:\\\/\\\/facebook.com\\\/deputadovander\",\"https:\\\/\\\/x.com\\\/vanderloubet\",\"https:\\\/\\\/instagram.com\\\/vanderloubet\",\"https:\\\/\\\/youtube.com\\\/vanderloubet\",\"https:\\\/\\\/tiktok.com\\\/@vanderloubetms\"]},{\"@type\":\"Person\",\"@id\":\"https:\\\/\\\/vanderloubet.com.br\\\/deputado\\\/#\\\/schema\\\/person\\\/15b51bd564532a8a68d9dec1b8eb890e\",\"name\":\"\u00c9der\",\"image\":{\"@type\":\"ImageObject\",\"inLanguage\":\"pt-BR\",\"@id\":\"https:\\\/\\\/vanderloubet.com.br\\\/deputado\\\/wp-content\\\/litespeed\\\/avatar\\\/88ca4090d9d5ab1c9495f6ca03b68efa.jpg?ver=1777058957\",\"url\":\"https:\\\/\\\/vanderloubet.com.br\\\/deputado\\\/wp-content\\\/litespeed\\\/avatar\\\/88ca4090d9d5ab1c9495f6ca03b68efa.jpg?ver=1777058957\",\"contentUrl\":\"https:\\\/\\\/vanderloubet.com.br\\\/deputado\\\/wp-content\\\/litespeed\\\/avatar\\\/88ca4090d9d5ab1c9495f6ca03b68efa.jpg?ver=1777058957\",\"caption\":\"\u00c9der\"}}]}<\/script>\n<!-- \/ Yoast SEO plugin. -->","yoast_head_json":{"title":"Para Vander, poderes e esferas precisam assumir suas responsabilidades por um Brasil melhor","robots":{"index":"index","follow":"follow","max-snippet":"max-snippet:-1","max-image-preview":"max-image-preview:large","max-video-preview":"max-video-preview:-1"},"canonical":"https:\/\/vanderloubet.com.br\/deputado\/para-vander-poderes-e-esferas-precisam-assumir-suas-responsabilidades-por-um-brasil-melhor\/","og_locale":"pt_BR","og_type":"article","og_title":"Para Vander, poderes e esferas precisam assumir suas responsabilidades por um Brasil melhor","og_description":"C\u00e2mara se mobilizou para votar projetos que atendem reivindica\u00e7\u00f5es dos protestos.","og_url":"https:\/\/vanderloubet.com.br\/deputado\/para-vander-poderes-e-esferas-precisam-assumir-suas-responsabilidades-por-um-brasil-melhor\/","og_site_name":"Deputado Federal Vander Loubet","article_publisher":"https:\/\/facebook.com\/deputadovander","article_published_time":"2013-06-27T15:40:54+00:00","og_image":[{"url":"http:\/\/www.deputadovander.com.br\/website\/wp-content\/uploads\/2011\/11\/foto-2011-11-02-vander-loubet-pt-ms1-420x280.jpg","type":"","width":"","height":""}],"author":"\u00c9der","twitter_card":"summary_large_image","twitter_creator":"@vanderloubet","twitter_site":"@vanderloubet","schema":{"@context":"https:\/\/schema.org","@graph":[{"@type":"Article","@id":"https:\/\/vanderloubet.com.br\/deputado\/para-vander-poderes-e-esferas-precisam-assumir-suas-responsabilidades-por-um-brasil-melhor\/#article","isPartOf":{"@id":"https:\/\/vanderloubet.com.br\/deputado\/para-vander-poderes-e-esferas-precisam-assumir-suas-responsabilidades-por-um-brasil-melhor\/"},"author":{"name":"\u00c9der","@id":"https:\/\/vanderloubet.com.br\/deputado\/#\/schema\/person\/15b51bd564532a8a68d9dec1b8eb890e"},"headline":"Para Vander, poderes e esferas precisam assumir suas responsabilidades por um Brasil melhor","datePublished":"2013-06-27T15:40:54+00:00","mainEntityOfPage":{"@id":"https:\/\/vanderloubet.com.br\/deputado\/para-vander-poderes-e-esferas-precisam-assumir-suas-responsabilidades-por-um-brasil-melhor\/"},"wordCount":508,"publisher":{"@id":"https:\/\/vanderloubet.com.br\/deputado\/#organization"},"image":{"@id":"https:\/\/vanderloubet.com.br\/deputado\/para-vander-poderes-e-esferas-precisam-assumir-suas-responsabilidades-por-um-brasil-melhor\/#primaryimage"},"thumbnailUrl":"http:\/\/www.deputadovander.com.br\/website\/wp-content\/uploads\/2011\/11\/foto-2011-11-02-vander-loubet-pt-ms1-420x280.jpg","keywords":["cofins","coletivo","educa\u00e7\u00e3o","petr\u00f3leo","pis","plen\u00e1rio","royalties","sa\u00fade","transporte"],"articleSection":["Not\u00edcias"],"inLanguage":"pt-BR"},{"@type":"WebPage","@id":"https:\/\/vanderloubet.com.br\/deputado\/para-vander-poderes-e-esferas-precisam-assumir-suas-responsabilidades-por-um-brasil-melhor\/","url":"https:\/\/vanderloubet.com.br\/deputado\/para-vander-poderes-e-esferas-precisam-assumir-suas-responsabilidades-por-um-brasil-melhor\/","name":"Para Vander, poderes e esferas precisam assumir suas responsabilidades por um Brasil melhor","isPartOf":{"@id":"https:\/\/vanderloubet.com.br\/deputado\/#website"},"primaryImageOfPage":{"@id":"https:\/\/vanderloubet.com.br\/deputado\/para-vander-poderes-e-esferas-precisam-assumir-suas-responsabilidades-por-um-brasil-melhor\/#primaryimage"},"image":{"@id":"https:\/\/vanderloubet.com.br\/deputado\/para-vander-poderes-e-esferas-precisam-assumir-suas-responsabilidades-por-um-brasil-melhor\/#primaryimage"},"thumbnailUrl":"http:\/\/www.deputadovander.com.br\/website\/wp-content\/uploads\/2011\/11\/foto-2011-11-02-vander-loubet-pt-ms1-420x280.jpg","datePublished":"2013-06-27T15:40:54+00:00","breadcrumb":{"@id":"https:\/\/vanderloubet.com.br\/deputado\/para-vander-poderes-e-esferas-precisam-assumir-suas-responsabilidades-por-um-brasil-melhor\/#breadcrumb"},"inLanguage":"pt-BR","potentialAction":[{"@type":"ReadAction","target":["https:\/\/vanderloubet.com.br\/deputado\/para-vander-poderes-e-esferas-precisam-assumir-suas-responsabilidades-por-um-brasil-melhor\/"]}]},{"@type":"ImageObject","inLanguage":"pt-BR","@id":"https:\/\/vanderloubet.com.br\/deputado\/para-vander-poderes-e-esferas-precisam-assumir-suas-responsabilidades-por-um-brasil-melhor\/#primaryimage","url":"http:\/\/www.deputadovander.com.br\/website\/wp-content\/uploads\/2011\/11\/foto-2011-11-02-vander-loubet-pt-ms1-420x280.jpg","contentUrl":"http:\/\/www.deputadovander.com.br\/website\/wp-content\/uploads\/2011\/11\/foto-2011-11-02-vander-loubet-pt-ms1-420x280.jpg"},{"@type":"BreadcrumbList","@id":"https:\/\/vanderloubet.com.br\/deputado\/para-vander-poderes-e-esferas-precisam-assumir-suas-responsabilidades-por-um-brasil-melhor\/#breadcrumb","itemListElement":[{"@type":"ListItem","position":1,"name":"In\u00edcio","item":"https:\/\/vanderloubet.com.br\/deputado\/"},{"@type":"ListItem","position":2,"name":"Para Vander, poderes e esferas precisam assumir suas responsabilidades por um Brasil melhor"}]},{"@type":"WebSite","@id":"https:\/\/vanderloubet.com.br\/deputado\/#website","url":"https:\/\/vanderloubet.com.br\/deputado\/","name":"Deputado Federal Vander Loubet","description":"O Federal de MS","publisher":{"@id":"https:\/\/vanderloubet.com.br\/deputado\/#organization"},"alternateName":"Deputado Vander","potentialAction":[{"@type":"SearchAction","target":{"@type":"EntryPoint","urlTemplate":"https:\/\/vanderloubet.com.br\/deputado\/?s={search_term_string}"},"query-input":{"@type":"PropertyValueSpecification","valueRequired":true,"valueName":"search_term_string"}}],"inLanguage":"pt-BR"},{"@type":"Organization","@id":"https:\/\/vanderloubet.com.br\/deputado\/#organization","name":"Deputado Federal Vander Loubet","alternateName":"Deputado Vander","url":"https:\/\/vanderloubet.com.br\/deputado\/","logo":{"@type":"ImageObject","inLanguage":"pt-BR","@id":"https:\/\/vanderloubet.com.br\/deputado\/#\/schema\/logo\/image\/","url":"https:\/\/vanderloubet.com.br\/deputado\/wp-content\/uploads\/2023\/06\/foto-2023-06-19-mandato-deputado-vander.jpg","contentUrl":"https:\/\/vanderloubet.com.br\/deputado\/wp-content\/uploads\/2023\/06\/foto-2023-06-19-mandato-deputado-vander.jpg","width":1080,"height":1080,"caption":"Deputado Federal Vander Loubet"},"image":{"@id":"https:\/\/vanderloubet.com.br\/deputado\/#\/schema\/logo\/image\/"},"sameAs":["https:\/\/facebook.com\/deputadovander","https:\/\/x.com\/vanderloubet","https:\/\/instagram.com\/vanderloubet","https:\/\/youtube.com\/vanderloubet","https:\/\/tiktok.com\/@vanderloubetms"]},{"@type":"Person","@id":"https:\/\/vanderloubet.com.br\/deputado\/#\/schema\/person\/15b51bd564532a8a68d9dec1b8eb890e","name":"\u00c9der","image":{"@type":"ImageObject","inLanguage":"pt-BR","@id":"https:\/\/vanderloubet.com.br\/deputado\/wp-content\/litespeed\/avatar\/88ca4090d9d5ab1c9495f6ca03b68efa.jpg?ver=1777058957","url":"https:\/\/vanderloubet.com.br\/deputado\/wp-content\/litespeed\/avatar\/88ca4090d9d5ab1c9495f6ca03b68efa.jpg?ver=1777058957","contentUrl":"https:\/\/vanderloubet.com.br\/deputado\/wp-content\/litespeed\/avatar\/88ca4090d9d5ab1c9495f6ca03b68efa.jpg?ver=1777058957","caption":"\u00c9der"}}]}},"jetpack_featured_media_url":"","jetpack_sharing_enabled":true,"_links":{"self":[{"href":"https:\/\/vanderloubet.com.br\/deputado\/wp-json\/wp\/v2\/posts\/6530","targetHints":{"allow":["GET"]}}],"collection":[{"href":"https:\/\/vanderloubet.com.br\/deputado\/wp-json\/wp\/v2\/posts"}],"about":[{"href":"https:\/\/vanderloubet.com.br\/deputado\/wp-json\/wp\/v2\/types\/post"}],"author":[{"embeddable":true,"href":"https:\/\/vanderloubet.com.br\/deputado\/wp-json\/wp\/v2\/users\/2"}],"replies":[{"embeddable":true,"href":"https:\/\/vanderloubet.com.br\/deputado\/wp-json\/wp\/v2\/comments?post=6530"}],"version-history":[{"count":0,"href":"https:\/\/vanderloubet.com.br\/deputado\/wp-json\/wp\/v2\/posts\/6530\/revisions"}],"wp:attachment":[{"href":"https:\/\/vanderloubet.com.br\/deputado\/wp-json\/wp\/v2\/media?parent=6530"}],"wp:term":[{"taxonomy":"category","embeddable":true,"href":"https:\/\/vanderloubet.com.br\/deputado\/wp-json\/wp\/v2\/categories?post=6530"},{"taxonomy":"post_tag","embeddable":true,"href":"https:\/\/vanderloubet.com.br\/deputado\/wp-json\/wp\/v2\/tags?post=6530"}],"curies":[{"name":"wp","href":"https:\/\/api.w.org\/{rel}","templated":true}]}}