{"id":649,"date":"2010-04-16T10:45:22","date_gmt":"2010-04-16T14:45:22","guid":{"rendered":"http:\/\/www.deputadovander.com.br\/website\/?p=649"},"modified":"2010-04-16T10:45:22","modified_gmt":"2010-04-16T14:45:22","slug":"vander-faz-indicacao-para-sicredi-ser-agente-de-recursos-publicos","status":"publish","type":"post","link":"https:\/\/vanderloubet.com.br\/deputado\/vander-faz-indicacao-para-sicredi-ser-agente-de-recursos-publicos\/","title":{"rendered":"Vander faz indica\u00e7\u00e3o para Sicredi ser agente de recursos p\u00fablicos"},"content":{"rendered":"<p style=\"text-align: center;\">\n<figure id=\"attachment_650\" aria-describedby=\"caption-attachment-650\" style=\"width: 300px\" class=\"wp-caption aligncenter\"><a href=\"http:\/\/deputadovander.com.br\/website\/wp-content\/uploads\/2010\/04\/foto-2010-04-16-indicacao-sicredi1.jpg\" target=\"_blank\"><img decoding=\"async\" class=\"size-medium wp-image-650 \" title=\"foto-2010-04-16-indicacao-sicredi\" src=\"http:\/\/www.deputadovander.com.br\/website\/wp-content\/uploads\/2010\/04\/foto-2010-04-16-indicacao-sicredi-300x225.jpg\" alt=\"Sicredi est\u00e1 presente em 10 estados\" width=\"300\" height=\"225\" \/><\/a><figcaption id=\"caption-attachment-650\" class=\"wp-caption-text\">Sicredi est\u00e1 presente em 10 estados<\/figcaption><\/figure>\n<p>Ontem, quinta-feira (15), o deputado federal Vander Loubet fez uma indica\u00e7\u00e3o (6323\/2010) na C\u00e2mara e encaminhou requerimento aos ministros da Fazenda; do Planejamento, Or\u00e7amento e Gest\u00e3o; e da Agricultura, Pecu\u00e1ria e Abastecimento, sugerindo que o Banco Cooperativo Sicredi seja credenciado para atuar como agente financeiro administrador de contratos e conv\u00eanios oriundos de recursos p\u00fablicos federais.<\/p>\n<p>Segundo o deputado Vander, o Sicredi \u00e9 uma institui\u00e7\u00e3o com grande reconhecimento em todo o Pa\u00eds e o cooperativismo desponta como uma importante ferramenta de desenvolvimento. &#8220;O cooperativismo no Brasil \u00e9 fundamental para agricultores familiares e pequenas e micro empresas. Nesse contexto, o Sicredi tem alavancado a gera\u00e7\u00e3o de renda e a inclus\u00e3o social e cultural das pessoas que se utilizam das linhas de cr\u00e9dito oferecidas pelas cooperativas vinculadas&#8221;, destacou.<\/p>\n<p>O Sicredi (Sistema de Cr\u00e9dito Cooperativo) compreende um conjunto de 128 cooperativas de cr\u00e9dito e cerca de 1,5 milh\u00e3o de cooperados, al\u00e9m de dispor de mais de 1.000 pontos de atendimento em dez estados brasileiros (Rio Grande do Sul, Santa Catarina, Paran\u00e1, Mato Grosso, Mato Grosso do Sul, Tocantins, Par\u00e1, Rond\u00f4nia, Goi\u00e1s e S\u00e3o Paulo). Em MS, o banco est\u00e1 presente em 35 munic\u00edpios.<\/p>\n<p>Com o credenciamento como agente financeiro de recursos p\u00fablicos, o Banco Cooperativo SICREDI poder\u00e1 ampliar e fortalecer seu papel de indutor do desenvolvimento socioecon\u00f4mico, atuando no mercado e na sociedade nos moldes do Banco do Brasil e da Caixa Econ\u00f4mica Federal.<\/p>\n<p><small>(\u00c9der Yanaguita &#8211; Assessoria de Comunica\u00e7\u00e3o)<\/small><\/p>\n","protected":false},"excerpt":{"rendered":"<p>Para o deputado, o banco cooperativo \u00e9 importante para gera\u00e7\u00e3o de renda e inclus\u00e3o social no campo e na cidade.<\/p>\n","protected":false},"author":2,"featured_media":0,"comment_status":"closed","ping_status":"open","sticky":false,"template":"","format":"standard","meta":{"jetpack_post_was_ever_published":false,"_jetpack_newsletter_access":"","_jetpack_dont_email_post_to_subs":false,"_jetpack_newsletter_tier_id":0,"_jetpack_memberships_contains_paywalled_content":false,"_jetpack_memberships_contains_paid_content":false,"footnotes":""},"categories":[10],"tags":[332,523,1015,1715,1843,2035],"class_list":{"0":"post-649","1":"post","2":"type-post","3":"status-publish","4":"format-standard","6":"category-noticias","7":"tag-camara","8":"tag-cooperativismo","9":"tag-indicacao","10":"tag-requerimento","11":"tag-sicredi","12":"tag-vander-loubet"},"yoast_head":"<!-- This site is optimized with the Yoast SEO plugin v27.4 - https:\/\/yoast.com\/product\/yoast-seo-wordpress\/ -->\n<title>Vander faz indica\u00e7\u00e3o para Sicredi ser agente de recursos p\u00fablicos<\/title>\n<meta name=\"robots\" content=\"index, follow, max-snippet:-1, max-image-preview:large, max-video-preview:-1\" \/>\n<link rel=\"canonical\" href=\"https:\/\/vanderloubet.com.br\/deputado\/vander-faz-indicacao-para-sicredi-ser-agente-de-recursos-publicos\/\" \/>\n<meta property=\"og:locale\" content=\"pt_BR\" \/>\n<meta property=\"og:type\" content=\"article\" \/>\n<meta property=\"og:title\" content=\"Vander faz indica\u00e7\u00e3o para Sicredi ser agente de recursos p\u00fablicos\" \/>\n<meta property=\"og:description\" content=\"Para o deputado, o banco cooperativo \u00e9 importante para gera\u00e7\u00e3o de renda e inclus\u00e3o social no campo e na cidade.\" \/>\n<meta property=\"og:url\" content=\"https:\/\/vanderloubet.com.br\/deputado\/vander-faz-indicacao-para-sicredi-ser-agente-de-recursos-publicos\/\" \/>\n<meta property=\"og:site_name\" content=\"Deputado Federal Vander Loubet\" \/>\n<meta property=\"article:publisher\" content=\"https:\/\/facebook.com\/deputadovander\" \/>\n<meta property=\"article:published_time\" content=\"2010-04-16T14:45:22+00:00\" \/>\n<meta property=\"og:image\" content=\"http:\/\/www.deputadovander.com.br\/website\/wp-content\/uploads\/2010\/04\/foto-2010-04-16-indicacao-sicredi-300x225.jpg\" \/>\n<meta name=\"author\" content=\"\u00c9der\" \/>\n<meta name=\"twitter:card\" content=\"summary_large_image\" \/>\n<meta name=\"twitter:creator\" content=\"@vanderloubet\" \/>\n<meta name=\"twitter:site\" content=\"@vanderloubet\" \/>\n<script type=\"application\/ld+json\" class=\"yoast-schema-graph\">{\"@context\":\"https:\\\/\\\/schema.org\",\"@graph\":[{\"@type\":\"Article\",\"@id\":\"https:\\\/\\\/vanderloubet.com.br\\\/deputado\\\/vander-faz-indicacao-para-sicredi-ser-agente-de-recursos-publicos\\\/#article\",\"isPartOf\":{\"@id\":\"https:\\\/\\\/vanderloubet.com.br\\\/deputado\\\/vander-faz-indicacao-para-sicredi-ser-agente-de-recursos-publicos\\\/\"},\"author\":{\"name\":\"\u00c9der\",\"@id\":\"https:\\\/\\\/vanderloubet.com.br\\\/deputado\\\/#\\\/schema\\\/person\\\/15b51bd564532a8a68d9dec1b8eb890e\"},\"headline\":\"Vander faz indica\u00e7\u00e3o para Sicredi ser agente de recursos p\u00fablicos\",\"datePublished\":\"2010-04-16T14:45:22+00:00\",\"mainEntityOfPage\":{\"@id\":\"https:\\\/\\\/vanderloubet.com.br\\\/deputado\\\/vander-faz-indicacao-para-sicredi-ser-agente-de-recursos-publicos\\\/\"},\"wordCount\":277,\"publisher\":{\"@id\":\"https:\\\/\\\/vanderloubet.com.br\\\/deputado\\\/#organization\"},\"image\":{\"@id\":\"https:\\\/\\\/vanderloubet.com.br\\\/deputado\\\/vander-faz-indicacao-para-sicredi-ser-agente-de-recursos-publicos\\\/#primaryimage\"},\"thumbnailUrl\":\"http:\\\/\\\/www.deputadovander.com.br\\\/website\\\/wp-content\\\/uploads\\\/2010\\\/04\\\/foto-2010-04-16-indicacao-sicredi-300x225.jpg\",\"keywords\":[\"c\u00e2mara\",\"cooperativismo\",\"indica\u00e7\u00e3o\",\"requerimento\",\"sicredi\",\"vander loubet\"],\"articleSection\":[\"Not\u00edcias\"],\"inLanguage\":\"pt-BR\"},{\"@type\":\"WebPage\",\"@id\":\"https:\\\/\\\/vanderloubet.com.br\\\/deputado\\\/vander-faz-indicacao-para-sicredi-ser-agente-de-recursos-publicos\\\/\",\"url\":\"https:\\\/\\\/vanderloubet.com.br\\\/deputado\\\/vander-faz-indicacao-para-sicredi-ser-agente-de-recursos-publicos\\\/\",\"name\":\"Vander faz indica\u00e7\u00e3o para Sicredi ser agente de recursos p\u00fablicos\",\"isPartOf\":{\"@id\":\"https:\\\/\\\/vanderloubet.com.br\\\/deputado\\\/#website\"},\"primaryImageOfPage\":{\"@id\":\"https:\\\/\\\/vanderloubet.com.br\\\/deputado\\\/vander-faz-indicacao-para-sicredi-ser-agente-de-recursos-publicos\\\/#primaryimage\"},\"image\":{\"@id\":\"https:\\\/\\\/vanderloubet.com.br\\\/deputado\\\/vander-faz-indicacao-para-sicredi-ser-agente-de-recursos-publicos\\\/#primaryimage\"},\"thumbnailUrl\":\"http:\\\/\\\/www.deputadovander.com.br\\\/website\\\/wp-content\\\/uploads\\\/2010\\\/04\\\/foto-2010-04-16-indicacao-sicredi-300x225.jpg\",\"datePublished\":\"2010-04-16T14:45:22+00:00\",\"breadcrumb\":{\"@id\":\"https:\\\/\\\/vanderloubet.com.br\\\/deputado\\\/vander-faz-indicacao-para-sicredi-ser-agente-de-recursos-publicos\\\/#breadcrumb\"},\"inLanguage\":\"pt-BR\",\"potentialAction\":[{\"@type\":\"ReadAction\",\"target\":[\"https:\\\/\\\/vanderloubet.com.br\\\/deputado\\\/vander-faz-indicacao-para-sicredi-ser-agente-de-recursos-publicos\\\/\"]}]},{\"@type\":\"ImageObject\",\"inLanguage\":\"pt-BR\",\"@id\":\"https:\\\/\\\/vanderloubet.com.br\\\/deputado\\\/vander-faz-indicacao-para-sicredi-ser-agente-de-recursos-publicos\\\/#primaryimage\",\"url\":\"http:\\\/\\\/www.deputadovander.com.br\\\/website\\\/wp-content\\\/uploads\\\/2010\\\/04\\\/foto-2010-04-16-indicacao-sicredi-300x225.jpg\",\"contentUrl\":\"http:\\\/\\\/www.deputadovander.com.br\\\/website\\\/wp-content\\\/uploads\\\/2010\\\/04\\\/foto-2010-04-16-indicacao-sicredi-300x225.jpg\"},{\"@type\":\"BreadcrumbList\",\"@id\":\"https:\\\/\\\/vanderloubet.com.br\\\/deputado\\\/vander-faz-indicacao-para-sicredi-ser-agente-de-recursos-publicos\\\/#breadcrumb\",\"itemListElement\":[{\"@type\":\"ListItem\",\"position\":1,\"name\":\"In\u00edcio\",\"item\":\"https:\\\/\\\/vanderloubet.com.br\\\/deputado\\\/\"},{\"@type\":\"ListItem\",\"position\":2,\"name\":\"Vander faz indica\u00e7\u00e3o para Sicredi ser agente de recursos p\u00fablicos\"}]},{\"@type\":\"WebSite\",\"@id\":\"https:\\\/\\\/vanderloubet.com.br\\\/deputado\\\/#website\",\"url\":\"https:\\\/\\\/vanderloubet.com.br\\\/deputado\\\/\",\"name\":\"Deputado Federal Vander Loubet\",\"description\":\"O Federal de MS\",\"publisher\":{\"@id\":\"https:\\\/\\\/vanderloubet.com.br\\\/deputado\\\/#organization\"},\"alternateName\":\"Deputado Vander\",\"potentialAction\":[{\"@type\":\"SearchAction\",\"target\":{\"@type\":\"EntryPoint\",\"urlTemplate\":\"https:\\\/\\\/vanderloubet.com.br\\\/deputado\\\/?s={search_term_string}\"},\"query-input\":{\"@type\":\"PropertyValueSpecification\",\"valueRequired\":true,\"valueName\":\"search_term_string\"}}],\"inLanguage\":\"pt-BR\"},{\"@type\":\"Organization\",\"@id\":\"https:\\\/\\\/vanderloubet.com.br\\\/deputado\\\/#organization\",\"name\":\"Deputado Federal Vander Loubet\",\"alternateName\":\"Deputado Vander\",\"url\":\"https:\\\/\\\/vanderloubet.com.br\\\/deputado\\\/\",\"logo\":{\"@type\":\"ImageObject\",\"inLanguage\":\"pt-BR\",\"@id\":\"https:\\\/\\\/vanderloubet.com.br\\\/deputado\\\/#\\\/schema\\\/logo\\\/image\\\/\",\"url\":\"https:\\\/\\\/vanderloubet.com.br\\\/deputado\\\/wp-content\\\/uploads\\\/2023\\\/06\\\/foto-2023-06-19-mandato-deputado-vander.jpg\",\"contentUrl\":\"https:\\\/\\\/vanderloubet.com.br\\\/deputado\\\/wp-content\\\/uploads\\\/2023\\\/06\\\/foto-2023-06-19-mandato-deputado-vander.jpg\",\"width\":1080,\"height\":1080,\"caption\":\"Deputado Federal Vander Loubet\"},\"image\":{\"@id\":\"https:\\\/\\\/vanderloubet.com.br\\\/deputado\\\/#\\\/schema\\\/logo\\\/image\\\/\"},\"sameAs\":[\"https:\\\/\\\/facebook.com\\\/deputadovander\",\"https:\\\/\\\/x.com\\\/vanderloubet\",\"https:\\\/\\\/instagram.com\\\/vanderloubet\",\"https:\\\/\\\/youtube.com\\\/vanderloubet\",\"https:\\\/\\\/tiktok.com\\\/@vanderloubetms\"]},{\"@type\":\"Person\",\"@id\":\"https:\\\/\\\/vanderloubet.com.br\\\/deputado\\\/#\\\/schema\\\/person\\\/15b51bd564532a8a68d9dec1b8eb890e\",\"name\":\"\u00c9der\",\"image\":{\"@type\":\"ImageObject\",\"inLanguage\":\"pt-BR\",\"@id\":\"https:\\\/\\\/vanderloubet.com.br\\\/deputado\\\/wp-content\\\/litespeed\\\/avatar\\\/88ca4090d9d5ab1c9495f6ca03b68efa.jpg?ver=1777058957\",\"url\":\"https:\\\/\\\/vanderloubet.com.br\\\/deputado\\\/wp-content\\\/litespeed\\\/avatar\\\/88ca4090d9d5ab1c9495f6ca03b68efa.jpg?ver=1777058957\",\"contentUrl\":\"https:\\\/\\\/vanderloubet.com.br\\\/deputado\\\/wp-content\\\/litespeed\\\/avatar\\\/88ca4090d9d5ab1c9495f6ca03b68efa.jpg?ver=1777058957\",\"caption\":\"\u00c9der\"}}]}<\/script>\n<!-- \/ Yoast SEO plugin. -->","yoast_head_json":{"title":"Vander faz indica\u00e7\u00e3o para Sicredi ser agente de recursos p\u00fablicos","robots":{"index":"index","follow":"follow","max-snippet":"max-snippet:-1","max-image-preview":"max-image-preview:large","max-video-preview":"max-video-preview:-1"},"canonical":"https:\/\/vanderloubet.com.br\/deputado\/vander-faz-indicacao-para-sicredi-ser-agente-de-recursos-publicos\/","og_locale":"pt_BR","og_type":"article","og_title":"Vander faz indica\u00e7\u00e3o para Sicredi ser agente de recursos p\u00fablicos","og_description":"Para o deputado, o banco cooperativo \u00e9 importante para gera\u00e7\u00e3o de renda e inclus\u00e3o social no campo e na cidade.","og_url":"https:\/\/vanderloubet.com.br\/deputado\/vander-faz-indicacao-para-sicredi-ser-agente-de-recursos-publicos\/","og_site_name":"Deputado Federal Vander Loubet","article_publisher":"https:\/\/facebook.com\/deputadovander","article_published_time":"2010-04-16T14:45:22+00:00","og_image":[{"url":"http:\/\/www.deputadovander.com.br\/website\/wp-content\/uploads\/2010\/04\/foto-2010-04-16-indicacao-sicredi-300x225.jpg","type":"","width":"","height":""}],"author":"\u00c9der","twitter_card":"summary_large_image","twitter_creator":"@vanderloubet","twitter_site":"@vanderloubet","schema":{"@context":"https:\/\/schema.org","@graph":[{"@type":"Article","@id":"https:\/\/vanderloubet.com.br\/deputado\/vander-faz-indicacao-para-sicredi-ser-agente-de-recursos-publicos\/#article","isPartOf":{"@id":"https:\/\/vanderloubet.com.br\/deputado\/vander-faz-indicacao-para-sicredi-ser-agente-de-recursos-publicos\/"},"author":{"name":"\u00c9der","@id":"https:\/\/vanderloubet.com.br\/deputado\/#\/schema\/person\/15b51bd564532a8a68d9dec1b8eb890e"},"headline":"Vander faz indica\u00e7\u00e3o para Sicredi ser agente de recursos p\u00fablicos","datePublished":"2010-04-16T14:45:22+00:00","mainEntityOfPage":{"@id":"https:\/\/vanderloubet.com.br\/deputado\/vander-faz-indicacao-para-sicredi-ser-agente-de-recursos-publicos\/"},"wordCount":277,"publisher":{"@id":"https:\/\/vanderloubet.com.br\/deputado\/#organization"},"image":{"@id":"https:\/\/vanderloubet.com.br\/deputado\/vander-faz-indicacao-para-sicredi-ser-agente-de-recursos-publicos\/#primaryimage"},"thumbnailUrl":"http:\/\/www.deputadovander.com.br\/website\/wp-content\/uploads\/2010\/04\/foto-2010-04-16-indicacao-sicredi-300x225.jpg","keywords":["c\u00e2mara","cooperativismo","indica\u00e7\u00e3o","requerimento","sicredi","vander loubet"],"articleSection":["Not\u00edcias"],"inLanguage":"pt-BR"},{"@type":"WebPage","@id":"https:\/\/vanderloubet.com.br\/deputado\/vander-faz-indicacao-para-sicredi-ser-agente-de-recursos-publicos\/","url":"https:\/\/vanderloubet.com.br\/deputado\/vander-faz-indicacao-para-sicredi-ser-agente-de-recursos-publicos\/","name":"Vander faz indica\u00e7\u00e3o para Sicredi ser agente de recursos p\u00fablicos","isPartOf":{"@id":"https:\/\/vanderloubet.com.br\/deputado\/#website"},"primaryImageOfPage":{"@id":"https:\/\/vanderloubet.com.br\/deputado\/vander-faz-indicacao-para-sicredi-ser-agente-de-recursos-publicos\/#primaryimage"},"image":{"@id":"https:\/\/vanderloubet.com.br\/deputado\/vander-faz-indicacao-para-sicredi-ser-agente-de-recursos-publicos\/#primaryimage"},"thumbnailUrl":"http:\/\/www.deputadovander.com.br\/website\/wp-content\/uploads\/2010\/04\/foto-2010-04-16-indicacao-sicredi-300x225.jpg","datePublished":"2010-04-16T14:45:22+00:00","breadcrumb":{"@id":"https:\/\/vanderloubet.com.br\/deputado\/vander-faz-indicacao-para-sicredi-ser-agente-de-recursos-publicos\/#breadcrumb"},"inLanguage":"pt-BR","potentialAction":[{"@type":"ReadAction","target":["https:\/\/vanderloubet.com.br\/deputado\/vander-faz-indicacao-para-sicredi-ser-agente-de-recursos-publicos\/"]}]},{"@type":"ImageObject","inLanguage":"pt-BR","@id":"https:\/\/vanderloubet.com.br\/deputado\/vander-faz-indicacao-para-sicredi-ser-agente-de-recursos-publicos\/#primaryimage","url":"http:\/\/www.deputadovander.com.br\/website\/wp-content\/uploads\/2010\/04\/foto-2010-04-16-indicacao-sicredi-300x225.jpg","contentUrl":"http:\/\/www.deputadovander.com.br\/website\/wp-content\/uploads\/2010\/04\/foto-2010-04-16-indicacao-sicredi-300x225.jpg"},{"@type":"BreadcrumbList","@id":"https:\/\/vanderloubet.com.br\/deputado\/vander-faz-indicacao-para-sicredi-ser-agente-de-recursos-publicos\/#breadcrumb","itemListElement":[{"@type":"ListItem","position":1,"name":"In\u00edcio","item":"https:\/\/vanderloubet.com.br\/deputado\/"},{"@type":"ListItem","position":2,"name":"Vander faz indica\u00e7\u00e3o para Sicredi ser agente de recursos p\u00fablicos"}]},{"@type":"WebSite","@id":"https:\/\/vanderloubet.com.br\/deputado\/#website","url":"https:\/\/vanderloubet.com.br\/deputado\/","name":"Deputado Federal Vander Loubet","description":"O Federal de MS","publisher":{"@id":"https:\/\/vanderloubet.com.br\/deputado\/#organization"},"alternateName":"Deputado Vander","potentialAction":[{"@type":"SearchAction","target":{"@type":"EntryPoint","urlTemplate":"https:\/\/vanderloubet.com.br\/deputado\/?s={search_term_string}"},"query-input":{"@type":"PropertyValueSpecification","valueRequired":true,"valueName":"search_term_string"}}],"inLanguage":"pt-BR"},{"@type":"Organization","@id":"https:\/\/vanderloubet.com.br\/deputado\/#organization","name":"Deputado Federal Vander Loubet","alternateName":"Deputado Vander","url":"https:\/\/vanderloubet.com.br\/deputado\/","logo":{"@type":"ImageObject","inLanguage":"pt-BR","@id":"https:\/\/vanderloubet.com.br\/deputado\/#\/schema\/logo\/image\/","url":"https:\/\/vanderloubet.com.br\/deputado\/wp-content\/uploads\/2023\/06\/foto-2023-06-19-mandato-deputado-vander.jpg","contentUrl":"https:\/\/vanderloubet.com.br\/deputado\/wp-content\/uploads\/2023\/06\/foto-2023-06-19-mandato-deputado-vander.jpg","width":1080,"height":1080,"caption":"Deputado Federal Vander Loubet"},"image":{"@id":"https:\/\/vanderloubet.com.br\/deputado\/#\/schema\/logo\/image\/"},"sameAs":["https:\/\/facebook.com\/deputadovander","https:\/\/x.com\/vanderloubet","https:\/\/instagram.com\/vanderloubet","https:\/\/youtube.com\/vanderloubet","https:\/\/tiktok.com\/@vanderloubetms"]},{"@type":"Person","@id":"https:\/\/vanderloubet.com.br\/deputado\/#\/schema\/person\/15b51bd564532a8a68d9dec1b8eb890e","name":"\u00c9der","image":{"@type":"ImageObject","inLanguage":"pt-BR","@id":"https:\/\/vanderloubet.com.br\/deputado\/wp-content\/litespeed\/avatar\/88ca4090d9d5ab1c9495f6ca03b68efa.jpg?ver=1777058957","url":"https:\/\/vanderloubet.com.br\/deputado\/wp-content\/litespeed\/avatar\/88ca4090d9d5ab1c9495f6ca03b68efa.jpg?ver=1777058957","contentUrl":"https:\/\/vanderloubet.com.br\/deputado\/wp-content\/litespeed\/avatar\/88ca4090d9d5ab1c9495f6ca03b68efa.jpg?ver=1777058957","caption":"\u00c9der"}}]}},"jetpack_featured_media_url":"","jetpack_sharing_enabled":true,"_links":{"self":[{"href":"https:\/\/vanderloubet.com.br\/deputado\/wp-json\/wp\/v2\/posts\/649","targetHints":{"allow":["GET"]}}],"collection":[{"href":"https:\/\/vanderloubet.com.br\/deputado\/wp-json\/wp\/v2\/posts"}],"about":[{"href":"https:\/\/vanderloubet.com.br\/deputado\/wp-json\/wp\/v2\/types\/post"}],"author":[{"embeddable":true,"href":"https:\/\/vanderloubet.com.br\/deputado\/wp-json\/wp\/v2\/users\/2"}],"replies":[{"embeddable":true,"href":"https:\/\/vanderloubet.com.br\/deputado\/wp-json\/wp\/v2\/comments?post=649"}],"version-history":[{"count":0,"href":"https:\/\/vanderloubet.com.br\/deputado\/wp-json\/wp\/v2\/posts\/649\/revisions"}],"wp:attachment":[{"href":"https:\/\/vanderloubet.com.br\/deputado\/wp-json\/wp\/v2\/media?parent=649"}],"wp:term":[{"taxonomy":"category","embeddable":true,"href":"https:\/\/vanderloubet.com.br\/deputado\/wp-json\/wp\/v2\/categories?post=649"},{"taxonomy":"post_tag","embeddable":true,"href":"https:\/\/vanderloubet.com.br\/deputado\/wp-json\/wp\/v2\/tags?post=649"}],"curies":[{"name":"wp","href":"https:\/\/api.w.org\/{rel}","templated":true}]}}