{"id":6450,"date":"2013-05-29T16:04:13","date_gmt":"2013-05-29T20:04:13","guid":{"rendered":"http:\/\/www.deputadovander.com.br\/website\/?p=6450"},"modified":"2013-05-29T16:04:13","modified_gmt":"2013-05-29T20:04:13","slug":"acao-de-moka-e-vander-garante-patrulhas-mecanizadas-para-piscicultura","status":"publish","type":"post","link":"https:\/\/vanderloubet.com.br\/deputado\/acao-de-moka-e-vander-garante-patrulhas-mecanizadas-para-piscicultura\/","title":{"rendered":"A\u00e7\u00e3o de Moka e Vander garante patrulhas mecanizadas para piscicultura"},"content":{"rendered":"<figure id=\"attachment_6451\" aria-describedby=\"caption-attachment-6451\" style=\"width: 420px\" class=\"wp-caption aligncenter\"><a href=\"http:\/\/www.deputadovander.com.br\/website\/wp-content\/uploads\/2013\/05\/foto-2013-05-29-deputado-vander-senador-moka-01.jpg\" target=\"_blank\"><img decoding=\"async\" class=\"size-medium wp-image-6451 \" title=\"Cada kit viabilizado por Vander e Moka representa R$ 900 mil em equipamentos (foto: Assessoria\/Senador Moka)\" alt=\"Cada kit viabilizado por Vander e Moka representa R$ 900 mil em equipamentos (foto: Assessoria\/Senador Moka)\" src=\"http:\/\/www.deputadovander.com.br\/website\/wp-content\/uploads\/2013\/05\/foto-2013-05-29-deputado-vander-senador-moka-01-420x280.jpg\" width=\"420\" height=\"280\" \/><\/a><figcaption id=\"caption-attachment-6451\" class=\"wp-caption-text\">Cada kit viabilizado por Vander e Moka representa R$ 900 mil em equipamentos (foto: Assessoria\/Senador Moka)<\/figcaption><\/figure>\n<p>O Minist\u00e9rio da Pesca e Aquicultura (MPA) deve publicar no Di\u00e1rio Oficial da Uni\u00e3o (DOU) da pr\u00f3xima ter\u00e7a-feira, 4 de junho, a lista dos munic\u00edpios contemplados com a patrulha mecanizada &#8211; composta por uma escavadeira hidr\u00e1ulica e um trator de esteira &#8211; para fomento e apoio \u00e0 fomento \u00e0 aquicultura familiar.<\/p>\n<p>A aquisi\u00e7\u00e3o do maquin\u00e1rio \u00e9 resultado de articula\u00e7\u00e3o pol\u00edtica entre o senador Waldemir Moka (PMDB-MS) e o deputado federal Vander Loubet (PT-MS) e contar\u00e1 com recursos provenientes de emenda apresentada na Comiss\u00e3o de Agricultura e Reforma Agr\u00e1ria (CRA) do Senado.<\/p>\n<p>Segundo Moka, os equipamentos, avaliados em R$ 900 mil cada conjunto, v\u00e3o ser utilizados na constru\u00e7\u00e3o e adequa\u00e7\u00e3o de viveiros e tanques para a produ\u00e7\u00e3o de pescado. &#8220;Sempre valorizei muito esse tipo de investimento. \u00c9 um dinheiro muito bem aplicado, valioso. Com pouco recurso, atende-se grande parcela de trabalhadores&#8221;, argumenta o senador.<\/p>\n<p>J\u00e1 Vander destaca que essa e outras a\u00e7\u00f5es para desenvolver a piscicultura em Mato Grosso do Sul s\u00e3o necess\u00e1rias para aumentar a produ\u00e7\u00e3o e o consumo de pescado no estado, que est\u00e1 abaixo da m\u00e9dia nacional. &#8220;Nosso pa\u00eds consome pouco peixe. S\u00e3o cerca de 9 quilos por habitante por ano enquanto que a m\u00e9dia mundial \u00e9 16 quilos e o m\u00ednimo ideal \u00e9 12 quilos. E no nosso estado esse consumo \u00e9 ainda menor: apenas 3 quilos por habitante por ano. Da\u00ed a import\u00e2ncia de aumentar a produ\u00e7\u00e3o, o que permitiria pre\u00e7os mais acess\u00edveis \u00e0 popula\u00e7\u00e3o e o consequente aumento do consumo&#8221;, assinalou o deputado.<\/p>\n<p>Com o incentivo \u00e0 aquicultura, especialmente por conta do Plano Safra da Pesca e Aquicultura iniciado em 2012, o MPA espera que a produ\u00e7\u00e3o nacional alcance pelo menos 1 milh\u00e3o de toneladas ao ano j\u00e1 em 2014. Hoje, o Brasil produz cerca de 470 mil toneladas\/ano e Mato Grosso do Sul, 14 mil toneladas\/ano.<\/p>\n","protected":false},"excerpt":{"rendered":"<p>Rela\u00e7\u00e3o dos munic\u00edpios que receber\u00e3o R$ 900 mil em maquin\u00e1rio seja divulgada no Di\u00e1rio Oficial da Uni\u00e3o de 4 de junho.<\/p>\n","protected":false},"author":2,"featured_media":0,"comment_status":"closed","ping_status":"open","sticky":false,"template":"","format":"standard","meta":{"jetpack_post_was_ever_published":false,"_jetpack_newsletter_access":"","_jetpack_dont_email_post_to_subs":false,"_jetpack_newsletter_tier_id":0,"_jetpack_memberships_contains_paywalled_content":false,"_jetpack_memberships_contains_paid_content":false,"footnotes":""},"categories":[10],"tags":[70,731,749,793,964,1302,1313,1333,1536,1823,1976],"class_list":{"0":"post-6450","1":"post","2":"type-post","3":"status-publish","4":"format-standard","6":"category-noticias","7":"tag-agricultura","8":"tag-escavadeira","9":"tag-esteira","10":"tag-familiar","11":"tag-hidraulica","12":"tag-ministerio","13":"tag-moka","14":"tag-mpa","15":"tag-pesca","16":"tag-senador","17":"tag-trator"},"yoast_head":"<!-- This site is optimized with the Yoast SEO plugin v27.4 - https:\/\/yoast.com\/product\/yoast-seo-wordpress\/ -->\n<title>A\u00e7\u00e3o de Moka e Vander garante patrulhas mecanizadas para piscicultura<\/title>\n<meta name=\"robots\" content=\"index, follow, max-snippet:-1, max-image-preview:large, max-video-preview:-1\" \/>\n<link rel=\"canonical\" href=\"https:\/\/vanderloubet.com.br\/deputado\/acao-de-moka-e-vander-garante-patrulhas-mecanizadas-para-piscicultura\/\" \/>\n<meta property=\"og:locale\" content=\"pt_BR\" \/>\n<meta property=\"og:type\" content=\"article\" \/>\n<meta property=\"og:title\" content=\"A\u00e7\u00e3o de Moka e Vander garante patrulhas mecanizadas para piscicultura\" \/>\n<meta property=\"og:description\" content=\"Rela\u00e7\u00e3o dos munic\u00edpios que receber\u00e3o R$ 900 mil em maquin\u00e1rio seja divulgada no Di\u00e1rio Oficial da Uni\u00e3o de 4 de junho.\" \/>\n<meta property=\"og:url\" content=\"https:\/\/vanderloubet.com.br\/deputado\/acao-de-moka-e-vander-garante-patrulhas-mecanizadas-para-piscicultura\/\" \/>\n<meta property=\"og:site_name\" content=\"Deputado Federal Vander Loubet\" \/>\n<meta property=\"article:publisher\" content=\"https:\/\/facebook.com\/deputadovander\" \/>\n<meta property=\"article:published_time\" content=\"2013-05-29T20:04:13+00:00\" \/>\n<meta property=\"og:image\" content=\"http:\/\/www.deputadovander.com.br\/website\/wp-content\/uploads\/2013\/05\/foto-2013-05-29-deputado-vander-senador-moka-01-420x280.jpg\" \/>\n<meta name=\"author\" content=\"\u00c9der\" \/>\n<meta name=\"twitter:card\" content=\"summary_large_image\" \/>\n<meta name=\"twitter:creator\" content=\"@vanderloubet\" \/>\n<meta name=\"twitter:site\" content=\"@vanderloubet\" \/>\n<script type=\"application\/ld+json\" class=\"yoast-schema-graph\">{\"@context\":\"https:\\\/\\\/schema.org\",\"@graph\":[{\"@type\":\"Article\",\"@id\":\"https:\\\/\\\/vanderloubet.com.br\\\/deputado\\\/acao-de-moka-e-vander-garante-patrulhas-mecanizadas-para-piscicultura\\\/#article\",\"isPartOf\":{\"@id\":\"https:\\\/\\\/vanderloubet.com.br\\\/deputado\\\/acao-de-moka-e-vander-garante-patrulhas-mecanizadas-para-piscicultura\\\/\"},\"author\":{\"name\":\"\u00c9der\",\"@id\":\"https:\\\/\\\/vanderloubet.com.br\\\/deputado\\\/#\\\/schema\\\/person\\\/15b51bd564532a8a68d9dec1b8eb890e\"},\"headline\":\"A\u00e7\u00e3o de Moka e Vander garante patrulhas mecanizadas para piscicultura\",\"datePublished\":\"2013-05-29T20:04:13+00:00\",\"mainEntityOfPage\":{\"@id\":\"https:\\\/\\\/vanderloubet.com.br\\\/deputado\\\/acao-de-moka-e-vander-garante-patrulhas-mecanizadas-para-piscicultura\\\/\"},\"wordCount\":351,\"publisher\":{\"@id\":\"https:\\\/\\\/vanderloubet.com.br\\\/deputado\\\/#organization\"},\"image\":{\"@id\":\"https:\\\/\\\/vanderloubet.com.br\\\/deputado\\\/acao-de-moka-e-vander-garante-patrulhas-mecanizadas-para-piscicultura\\\/#primaryimage\"},\"thumbnailUrl\":\"http:\\\/\\\/www.deputadovander.com.br\\\/website\\\/wp-content\\\/uploads\\\/2013\\\/05\\\/foto-2013-05-29-deputado-vander-senador-moka-01-420x280.jpg\",\"keywords\":[\"agricultura\",\"escavadeira\",\"esteira\",\"familiar\",\"hidr\u00e1ulica\",\"minist\u00e9rio\",\"moka\",\"mpa\",\"pesca\",\"senador\",\"trator\"],\"articleSection\":[\"Not\u00edcias\"],\"inLanguage\":\"pt-BR\"},{\"@type\":\"WebPage\",\"@id\":\"https:\\\/\\\/vanderloubet.com.br\\\/deputado\\\/acao-de-moka-e-vander-garante-patrulhas-mecanizadas-para-piscicultura\\\/\",\"url\":\"https:\\\/\\\/vanderloubet.com.br\\\/deputado\\\/acao-de-moka-e-vander-garante-patrulhas-mecanizadas-para-piscicultura\\\/\",\"name\":\"A\u00e7\u00e3o de Moka e Vander garante patrulhas mecanizadas para piscicultura\",\"isPartOf\":{\"@id\":\"https:\\\/\\\/vanderloubet.com.br\\\/deputado\\\/#website\"},\"primaryImageOfPage\":{\"@id\":\"https:\\\/\\\/vanderloubet.com.br\\\/deputado\\\/acao-de-moka-e-vander-garante-patrulhas-mecanizadas-para-piscicultura\\\/#primaryimage\"},\"image\":{\"@id\":\"https:\\\/\\\/vanderloubet.com.br\\\/deputado\\\/acao-de-moka-e-vander-garante-patrulhas-mecanizadas-para-piscicultura\\\/#primaryimage\"},\"thumbnailUrl\":\"http:\\\/\\\/www.deputadovander.com.br\\\/website\\\/wp-content\\\/uploads\\\/2013\\\/05\\\/foto-2013-05-29-deputado-vander-senador-moka-01-420x280.jpg\",\"datePublished\":\"2013-05-29T20:04:13+00:00\",\"breadcrumb\":{\"@id\":\"https:\\\/\\\/vanderloubet.com.br\\\/deputado\\\/acao-de-moka-e-vander-garante-patrulhas-mecanizadas-para-piscicultura\\\/#breadcrumb\"},\"inLanguage\":\"pt-BR\",\"potentialAction\":[{\"@type\":\"ReadAction\",\"target\":[\"https:\\\/\\\/vanderloubet.com.br\\\/deputado\\\/acao-de-moka-e-vander-garante-patrulhas-mecanizadas-para-piscicultura\\\/\"]}]},{\"@type\":\"ImageObject\",\"inLanguage\":\"pt-BR\",\"@id\":\"https:\\\/\\\/vanderloubet.com.br\\\/deputado\\\/acao-de-moka-e-vander-garante-patrulhas-mecanizadas-para-piscicultura\\\/#primaryimage\",\"url\":\"http:\\\/\\\/www.deputadovander.com.br\\\/website\\\/wp-content\\\/uploads\\\/2013\\\/05\\\/foto-2013-05-29-deputado-vander-senador-moka-01-420x280.jpg\",\"contentUrl\":\"http:\\\/\\\/www.deputadovander.com.br\\\/website\\\/wp-content\\\/uploads\\\/2013\\\/05\\\/foto-2013-05-29-deputado-vander-senador-moka-01-420x280.jpg\"},{\"@type\":\"BreadcrumbList\",\"@id\":\"https:\\\/\\\/vanderloubet.com.br\\\/deputado\\\/acao-de-moka-e-vander-garante-patrulhas-mecanizadas-para-piscicultura\\\/#breadcrumb\",\"itemListElement\":[{\"@type\":\"ListItem\",\"position\":1,\"name\":\"In\u00edcio\",\"item\":\"https:\\\/\\\/vanderloubet.com.br\\\/deputado\\\/\"},{\"@type\":\"ListItem\",\"position\":2,\"name\":\"A\u00e7\u00e3o de Moka e Vander garante patrulhas mecanizadas para piscicultura\"}]},{\"@type\":\"WebSite\",\"@id\":\"https:\\\/\\\/vanderloubet.com.br\\\/deputado\\\/#website\",\"url\":\"https:\\\/\\\/vanderloubet.com.br\\\/deputado\\\/\",\"name\":\"Deputado Federal Vander Loubet\",\"description\":\"O Federal de MS\",\"publisher\":{\"@id\":\"https:\\\/\\\/vanderloubet.com.br\\\/deputado\\\/#organization\"},\"alternateName\":\"Deputado Vander\",\"potentialAction\":[{\"@type\":\"SearchAction\",\"target\":{\"@type\":\"EntryPoint\",\"urlTemplate\":\"https:\\\/\\\/vanderloubet.com.br\\\/deputado\\\/?s={search_term_string}\"},\"query-input\":{\"@type\":\"PropertyValueSpecification\",\"valueRequired\":true,\"valueName\":\"search_term_string\"}}],\"inLanguage\":\"pt-BR\"},{\"@type\":\"Organization\",\"@id\":\"https:\\\/\\\/vanderloubet.com.br\\\/deputado\\\/#organization\",\"name\":\"Deputado Federal Vander Loubet\",\"alternateName\":\"Deputado Vander\",\"url\":\"https:\\\/\\\/vanderloubet.com.br\\\/deputado\\\/\",\"logo\":{\"@type\":\"ImageObject\",\"inLanguage\":\"pt-BR\",\"@id\":\"https:\\\/\\\/vanderloubet.com.br\\\/deputado\\\/#\\\/schema\\\/logo\\\/image\\\/\",\"url\":\"https:\\\/\\\/vanderloubet.com.br\\\/deputado\\\/wp-content\\\/uploads\\\/2023\\\/06\\\/foto-2023-06-19-mandato-deputado-vander.jpg\",\"contentUrl\":\"https:\\\/\\\/vanderloubet.com.br\\\/deputado\\\/wp-content\\\/uploads\\\/2023\\\/06\\\/foto-2023-06-19-mandato-deputado-vander.jpg\",\"width\":1080,\"height\":1080,\"caption\":\"Deputado Federal Vander Loubet\"},\"image\":{\"@id\":\"https:\\\/\\\/vanderloubet.com.br\\\/deputado\\\/#\\\/schema\\\/logo\\\/image\\\/\"},\"sameAs\":[\"https:\\\/\\\/facebook.com\\\/deputadovander\",\"https:\\\/\\\/x.com\\\/vanderloubet\",\"https:\\\/\\\/instagram.com\\\/vanderloubet\",\"https:\\\/\\\/youtube.com\\\/vanderloubet\",\"https:\\\/\\\/tiktok.com\\\/@vanderloubetms\"]},{\"@type\":\"Person\",\"@id\":\"https:\\\/\\\/vanderloubet.com.br\\\/deputado\\\/#\\\/schema\\\/person\\\/15b51bd564532a8a68d9dec1b8eb890e\",\"name\":\"\u00c9der\",\"image\":{\"@type\":\"ImageObject\",\"inLanguage\":\"pt-BR\",\"@id\":\"https:\\\/\\\/vanderloubet.com.br\\\/deputado\\\/wp-content\\\/litespeed\\\/avatar\\\/88ca4090d9d5ab1c9495f6ca03b68efa.jpg?ver=1777058957\",\"url\":\"https:\\\/\\\/vanderloubet.com.br\\\/deputado\\\/wp-content\\\/litespeed\\\/avatar\\\/88ca4090d9d5ab1c9495f6ca03b68efa.jpg?ver=1777058957\",\"contentUrl\":\"https:\\\/\\\/vanderloubet.com.br\\\/deputado\\\/wp-content\\\/litespeed\\\/avatar\\\/88ca4090d9d5ab1c9495f6ca03b68efa.jpg?ver=1777058957\",\"caption\":\"\u00c9der\"}}]}<\/script>\n<!-- \/ Yoast SEO plugin. -->","yoast_head_json":{"title":"A\u00e7\u00e3o de Moka e Vander garante patrulhas mecanizadas para piscicultura","robots":{"index":"index","follow":"follow","max-snippet":"max-snippet:-1","max-image-preview":"max-image-preview:large","max-video-preview":"max-video-preview:-1"},"canonical":"https:\/\/vanderloubet.com.br\/deputado\/acao-de-moka-e-vander-garante-patrulhas-mecanizadas-para-piscicultura\/","og_locale":"pt_BR","og_type":"article","og_title":"A\u00e7\u00e3o de Moka e Vander garante patrulhas mecanizadas para piscicultura","og_description":"Rela\u00e7\u00e3o dos munic\u00edpios que receber\u00e3o R$ 900 mil em maquin\u00e1rio seja divulgada no Di\u00e1rio Oficial da Uni\u00e3o de 4 de junho.","og_url":"https:\/\/vanderloubet.com.br\/deputado\/acao-de-moka-e-vander-garante-patrulhas-mecanizadas-para-piscicultura\/","og_site_name":"Deputado Federal Vander Loubet","article_publisher":"https:\/\/facebook.com\/deputadovander","article_published_time":"2013-05-29T20:04:13+00:00","og_image":[{"url":"http:\/\/www.deputadovander.com.br\/website\/wp-content\/uploads\/2013\/05\/foto-2013-05-29-deputado-vander-senador-moka-01-420x280.jpg","type":"","width":"","height":""}],"author":"\u00c9der","twitter_card":"summary_large_image","twitter_creator":"@vanderloubet","twitter_site":"@vanderloubet","schema":{"@context":"https:\/\/schema.org","@graph":[{"@type":"Article","@id":"https:\/\/vanderloubet.com.br\/deputado\/acao-de-moka-e-vander-garante-patrulhas-mecanizadas-para-piscicultura\/#article","isPartOf":{"@id":"https:\/\/vanderloubet.com.br\/deputado\/acao-de-moka-e-vander-garante-patrulhas-mecanizadas-para-piscicultura\/"},"author":{"name":"\u00c9der","@id":"https:\/\/vanderloubet.com.br\/deputado\/#\/schema\/person\/15b51bd564532a8a68d9dec1b8eb890e"},"headline":"A\u00e7\u00e3o de Moka e Vander garante patrulhas mecanizadas para piscicultura","datePublished":"2013-05-29T20:04:13+00:00","mainEntityOfPage":{"@id":"https:\/\/vanderloubet.com.br\/deputado\/acao-de-moka-e-vander-garante-patrulhas-mecanizadas-para-piscicultura\/"},"wordCount":351,"publisher":{"@id":"https:\/\/vanderloubet.com.br\/deputado\/#organization"},"image":{"@id":"https:\/\/vanderloubet.com.br\/deputado\/acao-de-moka-e-vander-garante-patrulhas-mecanizadas-para-piscicultura\/#primaryimage"},"thumbnailUrl":"http:\/\/www.deputadovander.com.br\/website\/wp-content\/uploads\/2013\/05\/foto-2013-05-29-deputado-vander-senador-moka-01-420x280.jpg","keywords":["agricultura","escavadeira","esteira","familiar","hidr\u00e1ulica","minist\u00e9rio","moka","mpa","pesca","senador","trator"],"articleSection":["Not\u00edcias"],"inLanguage":"pt-BR"},{"@type":"WebPage","@id":"https:\/\/vanderloubet.com.br\/deputado\/acao-de-moka-e-vander-garante-patrulhas-mecanizadas-para-piscicultura\/","url":"https:\/\/vanderloubet.com.br\/deputado\/acao-de-moka-e-vander-garante-patrulhas-mecanizadas-para-piscicultura\/","name":"A\u00e7\u00e3o de Moka e Vander garante patrulhas mecanizadas para piscicultura","isPartOf":{"@id":"https:\/\/vanderloubet.com.br\/deputado\/#website"},"primaryImageOfPage":{"@id":"https:\/\/vanderloubet.com.br\/deputado\/acao-de-moka-e-vander-garante-patrulhas-mecanizadas-para-piscicultura\/#primaryimage"},"image":{"@id":"https:\/\/vanderloubet.com.br\/deputado\/acao-de-moka-e-vander-garante-patrulhas-mecanizadas-para-piscicultura\/#primaryimage"},"thumbnailUrl":"http:\/\/www.deputadovander.com.br\/website\/wp-content\/uploads\/2013\/05\/foto-2013-05-29-deputado-vander-senador-moka-01-420x280.jpg","datePublished":"2013-05-29T20:04:13+00:00","breadcrumb":{"@id":"https:\/\/vanderloubet.com.br\/deputado\/acao-de-moka-e-vander-garante-patrulhas-mecanizadas-para-piscicultura\/#breadcrumb"},"inLanguage":"pt-BR","potentialAction":[{"@type":"ReadAction","target":["https:\/\/vanderloubet.com.br\/deputado\/acao-de-moka-e-vander-garante-patrulhas-mecanizadas-para-piscicultura\/"]}]},{"@type":"ImageObject","inLanguage":"pt-BR","@id":"https:\/\/vanderloubet.com.br\/deputado\/acao-de-moka-e-vander-garante-patrulhas-mecanizadas-para-piscicultura\/#primaryimage","url":"http:\/\/www.deputadovander.com.br\/website\/wp-content\/uploads\/2013\/05\/foto-2013-05-29-deputado-vander-senador-moka-01-420x280.jpg","contentUrl":"http:\/\/www.deputadovander.com.br\/website\/wp-content\/uploads\/2013\/05\/foto-2013-05-29-deputado-vander-senador-moka-01-420x280.jpg"},{"@type":"BreadcrumbList","@id":"https:\/\/vanderloubet.com.br\/deputado\/acao-de-moka-e-vander-garante-patrulhas-mecanizadas-para-piscicultura\/#breadcrumb","itemListElement":[{"@type":"ListItem","position":1,"name":"In\u00edcio","item":"https:\/\/vanderloubet.com.br\/deputado\/"},{"@type":"ListItem","position":2,"name":"A\u00e7\u00e3o de Moka e Vander garante patrulhas mecanizadas para piscicultura"}]},{"@type":"WebSite","@id":"https:\/\/vanderloubet.com.br\/deputado\/#website","url":"https:\/\/vanderloubet.com.br\/deputado\/","name":"Deputado Federal Vander Loubet","description":"O Federal de MS","publisher":{"@id":"https:\/\/vanderloubet.com.br\/deputado\/#organization"},"alternateName":"Deputado Vander","potentialAction":[{"@type":"SearchAction","target":{"@type":"EntryPoint","urlTemplate":"https:\/\/vanderloubet.com.br\/deputado\/?s={search_term_string}"},"query-input":{"@type":"PropertyValueSpecification","valueRequired":true,"valueName":"search_term_string"}}],"inLanguage":"pt-BR"},{"@type":"Organization","@id":"https:\/\/vanderloubet.com.br\/deputado\/#organization","name":"Deputado Federal Vander Loubet","alternateName":"Deputado Vander","url":"https:\/\/vanderloubet.com.br\/deputado\/","logo":{"@type":"ImageObject","inLanguage":"pt-BR","@id":"https:\/\/vanderloubet.com.br\/deputado\/#\/schema\/logo\/image\/","url":"https:\/\/vanderloubet.com.br\/deputado\/wp-content\/uploads\/2023\/06\/foto-2023-06-19-mandato-deputado-vander.jpg","contentUrl":"https:\/\/vanderloubet.com.br\/deputado\/wp-content\/uploads\/2023\/06\/foto-2023-06-19-mandato-deputado-vander.jpg","width":1080,"height":1080,"caption":"Deputado Federal Vander Loubet"},"image":{"@id":"https:\/\/vanderloubet.com.br\/deputado\/#\/schema\/logo\/image\/"},"sameAs":["https:\/\/facebook.com\/deputadovander","https:\/\/x.com\/vanderloubet","https:\/\/instagram.com\/vanderloubet","https:\/\/youtube.com\/vanderloubet","https:\/\/tiktok.com\/@vanderloubetms"]},{"@type":"Person","@id":"https:\/\/vanderloubet.com.br\/deputado\/#\/schema\/person\/15b51bd564532a8a68d9dec1b8eb890e","name":"\u00c9der","image":{"@type":"ImageObject","inLanguage":"pt-BR","@id":"https:\/\/vanderloubet.com.br\/deputado\/wp-content\/litespeed\/avatar\/88ca4090d9d5ab1c9495f6ca03b68efa.jpg?ver=1777058957","url":"https:\/\/vanderloubet.com.br\/deputado\/wp-content\/litespeed\/avatar\/88ca4090d9d5ab1c9495f6ca03b68efa.jpg?ver=1777058957","contentUrl":"https:\/\/vanderloubet.com.br\/deputado\/wp-content\/litespeed\/avatar\/88ca4090d9d5ab1c9495f6ca03b68efa.jpg?ver=1777058957","caption":"\u00c9der"}}]}},"jetpack_featured_media_url":"","jetpack_sharing_enabled":true,"_links":{"self":[{"href":"https:\/\/vanderloubet.com.br\/deputado\/wp-json\/wp\/v2\/posts\/6450","targetHints":{"allow":["GET"]}}],"collection":[{"href":"https:\/\/vanderloubet.com.br\/deputado\/wp-json\/wp\/v2\/posts"}],"about":[{"href":"https:\/\/vanderloubet.com.br\/deputado\/wp-json\/wp\/v2\/types\/post"}],"author":[{"embeddable":true,"href":"https:\/\/vanderloubet.com.br\/deputado\/wp-json\/wp\/v2\/users\/2"}],"replies":[{"embeddable":true,"href":"https:\/\/vanderloubet.com.br\/deputado\/wp-json\/wp\/v2\/comments?post=6450"}],"version-history":[{"count":0,"href":"https:\/\/vanderloubet.com.br\/deputado\/wp-json\/wp\/v2\/posts\/6450\/revisions"}],"wp:attachment":[{"href":"https:\/\/vanderloubet.com.br\/deputado\/wp-json\/wp\/v2\/media?parent=6450"}],"wp:term":[{"taxonomy":"category","embeddable":true,"href":"https:\/\/vanderloubet.com.br\/deputado\/wp-json\/wp\/v2\/categories?post=6450"},{"taxonomy":"post_tag","embeddable":true,"href":"https:\/\/vanderloubet.com.br\/deputado\/wp-json\/wp\/v2\/tags?post=6450"}],"curies":[{"name":"wp","href":"https:\/\/api.w.org\/{rel}","templated":true}]}}