{"id":6441,"date":"2013-05-28T10:59:30","date_gmt":"2013-05-28T14:59:30","guid":{"rendered":"http:\/\/www.deputadovander.com.br\/website\/?p=6441"},"modified":"2013-05-28T10:59:30","modified_gmt":"2013-05-28T14:59:30","slug":"vander-entrega-na-antt-reivindicacoes-de-municipios-a-concessao-da-163-262-e-267","status":"publish","type":"post","link":"https:\/\/vanderloubet.com.br\/deputado\/vander-entrega-na-antt-reivindicacoes-de-municipios-a-concessao-da-163-262-e-267\/","title":{"rendered":"Vander entrega na ANTT reivindica\u00e7\u00f5es \u00e0 concess\u00e3o da 163, 262 e 267"},"content":{"rendered":"<figure id=\"attachment_6442\" aria-describedby=\"caption-attachment-6442\" style=\"width: 420px\" class=\"wp-caption aligncenter\"><a href=\"http:\/\/www.deputadovander.com.br\/website\/wp-content\/uploads\/2013\/05\/foto-2013-05-28-antt-saraiva-vander-stephane-01.jpg\" target=\"_blank\"><img decoding=\"async\" class=\"size-medium wp-image-6442 \" title=\"Saraiva e Quebaud recebem de Vander demandas dos munic\u00edpios (foto: Sandro Omar)\" alt=\"Saraiva e Quebaud recebem de Vander demandas dos munic\u00edpios (foto: Sandro Omar)\" src=\"http:\/\/www.deputadovander.com.br\/website\/wp-content\/uploads\/2013\/05\/foto-2013-05-28-antt-saraiva-vander-stephane-01-420x280.jpg\" width=\"420\" height=\"280\" \/><\/a><figcaption id=\"caption-attachment-6442\" class=\"wp-caption-text\">Saraiva e Quebaud recebem de Vander demandas dos munic\u00edpios (foto: Sandro Omar)<\/figcaption><\/figure>\n<p>Na manh\u00e3 desta ter\u00e7a-feira (28), o deputado federal Vander Loubet (PT-MS) teve audi\u00eancia na Ag\u00eancia Nacional de Transportes Terrestres (ANTT), em Bras\u00edlia (DF), para a entrega da lista de reivindica\u00e7\u00f5es dos munic\u00edpios de Mato Grosso do Sul que t\u00eam o per\u00edmetro urbano cortado pelas rodovias BR-163, BR-262 e BR-267, nos trechos que receber\u00e3o obras relativas \u00e0 3\u00aa Etapa das Concess\u00f5es Rodovi\u00e1rias Federais. A audi\u00eancia \u00e9 um desdobramento da <a title=\"Link\" href=\"http:\/\/www.deputadovander.com.br\/website\/2013\/05\/14\/antt-abre-prazo-para-municipios-enviarem-sugestoes-sobre-concessao-de-rodovias-em-ms\/\" target=\"_blank\">reuni\u00e3o realizada no dia 14 de maio<\/a> com prefeitos e o diretor geral da ag\u00eancia, Jorge Luiz Macedo Bastos.<\/p>\n<p>Ao chefe de gabinete da Diretoria Geral, Paulo Eduardo Improta Saraiva, e ao especialista em regula\u00e7\u00e3o da Ag\u00eancia, St\u00e9phane Quebaud, o deputado entregou as demandas das prefeituras de \u00c1gua Clara, Bandeirantes, Bataguassu, Caarap\u00f3, Campo Grande, Coxim, Dourados, Eldorado, Itaquira\u00ed, Jaraguari, Juti, Mundo Novo, Navira\u00ed, Nova Alvorada do Sul, Ribas do Rio Pardo, Rio Brilhante, Rio Verde de Mato Grosso, S\u00e3o Gabriel do Oeste, Sonora e Tr\u00eas Lagoas. As demandas se referem a interven\u00e7\u00f5es como pontes, t\u00faneis, passarelas para pedestres, rotat\u00f3rias e acessos a estradas vicinais e grandes empreendimentos, entre outras.<\/p>\n<p>&#8220;Todas essas demandas agora ser\u00e3o estudadas pela ANTT. Recebemos o compromisso da \u00e1rea t\u00e9cnica de que, em um curto prazo de tempo, ser\u00e1 dado retorno ao nosso gabinete sobre quais das reivindica\u00e7\u00f5es poder\u00e3o ser atendidas. Aquilo que for vi\u00e1vel sob o ponto de vista da ANTT far\u00e1 parte dos editais de concess\u00e3o das rodovias. Nesse sentido batalhamos junto ao diretor geral para que o m\u00e1ximo de pedidos sejam contemplados, defendendo cada interven\u00e7\u00e3o solicitada pelos prefeitos&#8221;, explicou Vander.<\/p>\n<p><strong>Particularidades<\/strong><\/p>\n<p>Na reuni\u00e3o de 14 de maio, durante a apresenta\u00e7\u00e3o do detalhamento das obras previstas para serem executadas, v\u00e1rios prefeitos se manifestaram para expor as particularidades de seus munic\u00edpios. Foram os casos de Coxim, Ribas do Rio Pardo e Eldorado. No caso de Coxim, o prefeito Aluizio S\u00e3o Jos\u00e9 (PSB) cobrou a constru\u00e7\u00e3o de acessos para facilitar a mobilidade dos caminh\u00f5es boiadeiros. &#8220;O traf\u00e9go desses ve\u00edculos \u00e9 intenso e o projeto atual dificultaria a entrada e sa\u00edda dos caminh\u00f5es \u00e0s \u00e1reas rurais, o que acabaria gerando inseguran\u00e7a na rodovia&#8221;, afirmou. O prefeito Z\u00e9 Cabelo, de Ribas do Rio Pardo, explicou que a passagem da BR-262 pelo per\u00edmetro urbano por meio de cruzamento em n\u00edvel \u00e9 muito perigosa e solicitou que essa passagem seja feita por meio de t\u00fanel subterr\u00e2neo.<\/p>\n<p>J\u00e1 a prefeita Marta Ara\u00fajo, de Eldorado, parabenizou a a\u00e7\u00e3o de Vander juntou \u00e0 ANTT e destacou a preocupa\u00e7\u00e3o com a seguran\u00e7a no tr\u00e2nsito da BR-163 por conta da usina de \u00e1lcool e a\u00e7\u00facar existente no munic\u00edpio. &#8220;A duplica\u00e7\u00e3o da BR-163 ser\u00e1 extraordin\u00e1ria para todo o nosso estado e acredito que todos n\u00f3s, prefeitos e prefeitas, estamos muito satisfeitos pela articula\u00e7\u00e3o e pela mobiliza\u00e7\u00e3o feita pelo deputado Vander Loubet em prol das nossas reivindica\u00e7\u00f5es. No caso do nosso munic\u00edpio, precisamos que a ANTT contemple o acesso \u00e0 usina, prevendo inclusive o intenso fluxo de grandes caminh\u00f5es. Todas as obras e a sinaliza\u00e7\u00e3o desse trecho precisam estar adequadas a esse intenso tr\u00e1fego&#8221;, avaliou.<\/p>\n<figure id=\"attachment_6384\" aria-describedby=\"caption-attachment-6384\" style=\"width: 420px\" class=\"wp-caption aligncenter\"><a href=\"http:\/\/www.deputadovander.com.br\/website\/wp-content\/uploads\/2013\/05\/foto-2013-05-14-reuniao-vander-prefeitos-antt-03.jpg\" target=\"_blank\"><img decoding=\"async\" class=\"size-medium wp-image-6384 \" title=\"Vander, Delc\u00eddio e prefeitos posam ao final da reuni\u00e3o (foto: Guilherme Martimon)\" alt=\"Vander, Delc\u00eddio e prefeitos posam ao final da reuni\u00e3o (foto: Guilherme Martimon)\" src=\"http:\/\/www.deputadovander.com.br\/website\/wp-content\/uploads\/2013\/05\/foto-2013-05-14-reuniao-vander-prefeitos-antt-03-420x231.jpg\" width=\"420\" height=\"231\" \/><\/a><figcaption id=\"caption-attachment-6384\" class=\"wp-caption-text\">Vander, Delc\u00eddio e prefeitos posam ao final da reuni\u00e3o (foto: Guilherme Martimon)<\/figcaption><\/figure>\n<p><strong>Investimentos<\/strong><\/p>\n<p>Em Mato Grosso do Sul, o Programa de Concess\u00e3o de Rodovias Federais prev\u00ea que sejam administradas pela iniciativa privada as rodovias BR-163 (da divisa MS\/MT \u00e0 divisa MS\/PR), BR-267 (do entroncamento com a BR-163 at\u00e9 a divisa MS\/SP) e BR-262 (do entroncamento com a BR-163 at\u00e9 a divisa MS\/SP). Como contrapartida pela cobran\u00e7a de ped\u00e1gio, os investimentos obrigat\u00f3rios nas rodovias ser\u00e3o de quase R$ 9 bilh\u00f5es e devem incluir a duplica\u00e7\u00e3o de 1.369 dos 1.423 quil\u00f4metros de rodovia (uma pequena parte j\u00e1 \u00e9 duplicada); a adequa\u00e7\u00e3o de toda a sinaliza\u00e7\u00e3o; a reforma de pontes, viadutos e tubula\u00e7\u00f5es de drenagem; a disponibiliza\u00e7\u00e3o do Servi\u00e7o de Apoio ao Usu\u00e1rio (SAU) com ambul\u00e2ncia para atendimento m\u00e9dico de emerg\u00eancia, atendimento mec\u00e2nico, brigada para combater inc\u00eandios e servi\u00e7o de apreens\u00e3o de animais que possam invadir a pista; e um sistema de monitoramento por c\u00e2meras, instaladas a cada dois quil\u00f4metros.<\/p>\n<p>Esses investimentos, segundo o deputado Vander, v\u00e3o impactar positivamente na arrecada\u00e7\u00e3o dos munic\u00edpios. &#8220;A divis\u00e3o do ISS [Imposto sobre Servi\u00e7os de Qualquer Natureza] gerado pelos ped\u00e1gios ser\u00e1 feita de forma proporcional ao tamanho da malha rodovi\u00e1ria dentro do limite territorial de cada munic\u00edpio. Al\u00e9m disso, de acordo com estudos da ANTT, os investimentos a serem feitos pelas empresas em contrapartida \u00e0 concess\u00e3o devem gerar de R$ 250 milh\u00f5es a R$ 350 milh\u00f5es em ISS a serem rateados entre os munic\u00edpios envolvidos&#8221;, concluiu o parlamentar.<\/p>\n<p><span style=\"font-size: 11px;\">(\u00c9der Yanaguita &#8211; Assessoria\/Deputado Vander)<\/span><\/p>\n","protected":false},"excerpt":{"rendered":"<p>Demandas de munic\u00edpios incluem pontes, t\u00faneis, passarelas, rotat\u00f3rias e acessos a estradas vicinais.<\/p>\n","protected":false},"author":2,"featured_media":0,"comment_status":"closed","ping_status":"open","sticky":false,"template":"","format":"standard","meta":{"jetpack_post_was_ever_published":false,"_jetpack_newsletter_access":"","_jetpack_dont_email_post_to_subs":false,"_jetpack_newsletter_tier_id":0,"_jetpack_memberships_contains_paywalled_content":false,"_jetpack_memberships_contains_paid_content":false,"footnotes":""},"categories":[10],"tags":[17,24,25,147,248,292,493,806,1003,1082,1193,1502,1631,1745,1798],"class_list":{"0":"post-6441","1":"post","2":"type-post","3":"status-publish","4":"format-standard","6":"category-noticias","7":"tag-17","8":"tag-24","9":"tag-25","10":"tag-antt","11":"tag-bastos","12":"tag-br","13":"tag-concessao","14":"tag-federais","15":"tag-improta","16":"tag-jorge","17":"tag-macedo","18":"tag-paulo","19":"tag-programa","20":"tag-rodovias","21":"tag-saraiva"},"yoast_head":"<!-- This site is optimized with the Yoast SEO plugin v27.4 - https:\/\/yoast.com\/product\/yoast-seo-wordpress\/ -->\n<title>Vander entrega na ANTT reivindica\u00e7\u00f5es \u00e0 concess\u00e3o da 163, 262 e 267<\/title>\n<meta name=\"robots\" content=\"index, follow, max-snippet:-1, max-image-preview:large, max-video-preview:-1\" \/>\n<link rel=\"canonical\" href=\"https:\/\/vanderloubet.com.br\/deputado\/vander-entrega-na-antt-reivindicacoes-de-municipios-a-concessao-da-163-262-e-267\/\" \/>\n<meta property=\"og:locale\" content=\"pt_BR\" \/>\n<meta property=\"og:type\" content=\"article\" \/>\n<meta property=\"og:title\" content=\"Vander entrega na ANTT reivindica\u00e7\u00f5es \u00e0 concess\u00e3o da 163, 262 e 267\" \/>\n<meta property=\"og:description\" content=\"Demandas de munic\u00edpios incluem pontes, t\u00faneis, passarelas, rotat\u00f3rias e acessos a estradas vicinais.\" \/>\n<meta property=\"og:url\" content=\"https:\/\/vanderloubet.com.br\/deputado\/vander-entrega-na-antt-reivindicacoes-de-municipios-a-concessao-da-163-262-e-267\/\" \/>\n<meta property=\"og:site_name\" content=\"Deputado Federal Vander Loubet\" \/>\n<meta property=\"article:publisher\" content=\"https:\/\/facebook.com\/deputadovander\" \/>\n<meta property=\"article:published_time\" content=\"2013-05-28T14:59:30+00:00\" \/>\n<meta property=\"og:image\" content=\"http:\/\/www.deputadovander.com.br\/website\/wp-content\/uploads\/2013\/05\/foto-2013-05-28-antt-saraiva-vander-stephane-01-420x280.jpg\" \/>\n<meta name=\"author\" content=\"\u00c9der\" \/>\n<meta name=\"twitter:card\" content=\"summary_large_image\" \/>\n<meta name=\"twitter:creator\" content=\"@vanderloubet\" \/>\n<meta name=\"twitter:site\" content=\"@vanderloubet\" \/>\n<script type=\"application\/ld+json\" class=\"yoast-schema-graph\">{\"@context\":\"https:\\\/\\\/schema.org\",\"@graph\":[{\"@type\":\"Article\",\"@id\":\"https:\\\/\\\/vanderloubet.com.br\\\/deputado\\\/vander-entrega-na-antt-reivindicacoes-de-municipios-a-concessao-da-163-262-e-267\\\/#article\",\"isPartOf\":{\"@id\":\"https:\\\/\\\/vanderloubet.com.br\\\/deputado\\\/vander-entrega-na-antt-reivindicacoes-de-municipios-a-concessao-da-163-262-e-267\\\/\"},\"author\":{\"name\":\"\u00c9der\",\"@id\":\"https:\\\/\\\/vanderloubet.com.br\\\/deputado\\\/#\\\/schema\\\/person\\\/15b51bd564532a8a68d9dec1b8eb890e\"},\"headline\":\"Vander entrega na ANTT reivindica\u00e7\u00f5es \u00e0 concess\u00e3o da 163, 262 e 267\",\"datePublished\":\"2013-05-28T14:59:30+00:00\",\"mainEntityOfPage\":{\"@id\":\"https:\\\/\\\/vanderloubet.com.br\\\/deputado\\\/vander-entrega-na-antt-reivindicacoes-de-municipios-a-concessao-da-163-262-e-267\\\/\"},\"wordCount\":866,\"publisher\":{\"@id\":\"https:\\\/\\\/vanderloubet.com.br\\\/deputado\\\/#organization\"},\"image\":{\"@id\":\"https:\\\/\\\/vanderloubet.com.br\\\/deputado\\\/vander-entrega-na-antt-reivindicacoes-de-municipios-a-concessao-da-163-262-e-267\\\/#primaryimage\"},\"thumbnailUrl\":\"http:\\\/\\\/www.deputadovander.com.br\\\/website\\\/wp-content\\\/uploads\\\/2013\\\/05\\\/foto-2013-05-28-antt-saraiva-vander-stephane-01-420x280.jpg\",\"keywords\":[\"163\",\"262\",\"267\",\"antt\",\"bastos\",\"br\",\"concess\u00e3o\",\"federais\",\"improta\",\"jorge\",\"macedo\",\"paulo\",\"programa\",\"rodovias\",\"saraiva\"],\"articleSection\":[\"Not\u00edcias\"],\"inLanguage\":\"pt-BR\"},{\"@type\":\"WebPage\",\"@id\":\"https:\\\/\\\/vanderloubet.com.br\\\/deputado\\\/vander-entrega-na-antt-reivindicacoes-de-municipios-a-concessao-da-163-262-e-267\\\/\",\"url\":\"https:\\\/\\\/vanderloubet.com.br\\\/deputado\\\/vander-entrega-na-antt-reivindicacoes-de-municipios-a-concessao-da-163-262-e-267\\\/\",\"name\":\"Vander entrega na ANTT reivindica\u00e7\u00f5es \u00e0 concess\u00e3o da 163, 262 e 267\",\"isPartOf\":{\"@id\":\"https:\\\/\\\/vanderloubet.com.br\\\/deputado\\\/#website\"},\"primaryImageOfPage\":{\"@id\":\"https:\\\/\\\/vanderloubet.com.br\\\/deputado\\\/vander-entrega-na-antt-reivindicacoes-de-municipios-a-concessao-da-163-262-e-267\\\/#primaryimage\"},\"image\":{\"@id\":\"https:\\\/\\\/vanderloubet.com.br\\\/deputado\\\/vander-entrega-na-antt-reivindicacoes-de-municipios-a-concessao-da-163-262-e-267\\\/#primaryimage\"},\"thumbnailUrl\":\"http:\\\/\\\/www.deputadovander.com.br\\\/website\\\/wp-content\\\/uploads\\\/2013\\\/05\\\/foto-2013-05-28-antt-saraiva-vander-stephane-01-420x280.jpg\",\"datePublished\":\"2013-05-28T14:59:30+00:00\",\"breadcrumb\":{\"@id\":\"https:\\\/\\\/vanderloubet.com.br\\\/deputado\\\/vander-entrega-na-antt-reivindicacoes-de-municipios-a-concessao-da-163-262-e-267\\\/#breadcrumb\"},\"inLanguage\":\"pt-BR\",\"potentialAction\":[{\"@type\":\"ReadAction\",\"target\":[\"https:\\\/\\\/vanderloubet.com.br\\\/deputado\\\/vander-entrega-na-antt-reivindicacoes-de-municipios-a-concessao-da-163-262-e-267\\\/\"]}]},{\"@type\":\"ImageObject\",\"inLanguage\":\"pt-BR\",\"@id\":\"https:\\\/\\\/vanderloubet.com.br\\\/deputado\\\/vander-entrega-na-antt-reivindicacoes-de-municipios-a-concessao-da-163-262-e-267\\\/#primaryimage\",\"url\":\"http:\\\/\\\/www.deputadovander.com.br\\\/website\\\/wp-content\\\/uploads\\\/2013\\\/05\\\/foto-2013-05-28-antt-saraiva-vander-stephane-01-420x280.jpg\",\"contentUrl\":\"http:\\\/\\\/www.deputadovander.com.br\\\/website\\\/wp-content\\\/uploads\\\/2013\\\/05\\\/foto-2013-05-28-antt-saraiva-vander-stephane-01-420x280.jpg\"},{\"@type\":\"BreadcrumbList\",\"@id\":\"https:\\\/\\\/vanderloubet.com.br\\\/deputado\\\/vander-entrega-na-antt-reivindicacoes-de-municipios-a-concessao-da-163-262-e-267\\\/#breadcrumb\",\"itemListElement\":[{\"@type\":\"ListItem\",\"position\":1,\"name\":\"In\u00edcio\",\"item\":\"https:\\\/\\\/vanderloubet.com.br\\\/deputado\\\/\"},{\"@type\":\"ListItem\",\"position\":2,\"name\":\"Vander entrega na ANTT reivindica\u00e7\u00f5es \u00e0 concess\u00e3o da 163, 262 e 267\"}]},{\"@type\":\"WebSite\",\"@id\":\"https:\\\/\\\/vanderloubet.com.br\\\/deputado\\\/#website\",\"url\":\"https:\\\/\\\/vanderloubet.com.br\\\/deputado\\\/\",\"name\":\"Deputado Federal Vander Loubet\",\"description\":\"O Federal de MS\",\"publisher\":{\"@id\":\"https:\\\/\\\/vanderloubet.com.br\\\/deputado\\\/#organization\"},\"alternateName\":\"Deputado Vander\",\"potentialAction\":[{\"@type\":\"SearchAction\",\"target\":{\"@type\":\"EntryPoint\",\"urlTemplate\":\"https:\\\/\\\/vanderloubet.com.br\\\/deputado\\\/?s={search_term_string}\"},\"query-input\":{\"@type\":\"PropertyValueSpecification\",\"valueRequired\":true,\"valueName\":\"search_term_string\"}}],\"inLanguage\":\"pt-BR\"},{\"@type\":\"Organization\",\"@id\":\"https:\\\/\\\/vanderloubet.com.br\\\/deputado\\\/#organization\",\"name\":\"Deputado Federal Vander Loubet\",\"alternateName\":\"Deputado Vander\",\"url\":\"https:\\\/\\\/vanderloubet.com.br\\\/deputado\\\/\",\"logo\":{\"@type\":\"ImageObject\",\"inLanguage\":\"pt-BR\",\"@id\":\"https:\\\/\\\/vanderloubet.com.br\\\/deputado\\\/#\\\/schema\\\/logo\\\/image\\\/\",\"url\":\"https:\\\/\\\/vanderloubet.com.br\\\/deputado\\\/wp-content\\\/uploads\\\/2023\\\/06\\\/foto-2023-06-19-mandato-deputado-vander.jpg\",\"contentUrl\":\"https:\\\/\\\/vanderloubet.com.br\\\/deputado\\\/wp-content\\\/uploads\\\/2023\\\/06\\\/foto-2023-06-19-mandato-deputado-vander.jpg\",\"width\":1080,\"height\":1080,\"caption\":\"Deputado Federal Vander Loubet\"},\"image\":{\"@id\":\"https:\\\/\\\/vanderloubet.com.br\\\/deputado\\\/#\\\/schema\\\/logo\\\/image\\\/\"},\"sameAs\":[\"https:\\\/\\\/facebook.com\\\/deputadovander\",\"https:\\\/\\\/x.com\\\/vanderloubet\",\"https:\\\/\\\/instagram.com\\\/vanderloubet\",\"https:\\\/\\\/youtube.com\\\/vanderloubet\",\"https:\\\/\\\/tiktok.com\\\/@vanderloubetms\"]},{\"@type\":\"Person\",\"@id\":\"https:\\\/\\\/vanderloubet.com.br\\\/deputado\\\/#\\\/schema\\\/person\\\/15b51bd564532a8a68d9dec1b8eb890e\",\"name\":\"\u00c9der\",\"image\":{\"@type\":\"ImageObject\",\"inLanguage\":\"pt-BR\",\"@id\":\"https:\\\/\\\/vanderloubet.com.br\\\/deputado\\\/wp-content\\\/litespeed\\\/avatar\\\/88ca4090d9d5ab1c9495f6ca03b68efa.jpg?ver=1777058957\",\"url\":\"https:\\\/\\\/vanderloubet.com.br\\\/deputado\\\/wp-content\\\/litespeed\\\/avatar\\\/88ca4090d9d5ab1c9495f6ca03b68efa.jpg?ver=1777058957\",\"contentUrl\":\"https:\\\/\\\/vanderloubet.com.br\\\/deputado\\\/wp-content\\\/litespeed\\\/avatar\\\/88ca4090d9d5ab1c9495f6ca03b68efa.jpg?ver=1777058957\",\"caption\":\"\u00c9der\"}}]}<\/script>\n<!-- \/ Yoast SEO plugin. -->","yoast_head_json":{"title":"Vander entrega na ANTT reivindica\u00e7\u00f5es \u00e0 concess\u00e3o da 163, 262 e 267","robots":{"index":"index","follow":"follow","max-snippet":"max-snippet:-1","max-image-preview":"max-image-preview:large","max-video-preview":"max-video-preview:-1"},"canonical":"https:\/\/vanderloubet.com.br\/deputado\/vander-entrega-na-antt-reivindicacoes-de-municipios-a-concessao-da-163-262-e-267\/","og_locale":"pt_BR","og_type":"article","og_title":"Vander entrega na ANTT reivindica\u00e7\u00f5es \u00e0 concess\u00e3o da 163, 262 e 267","og_description":"Demandas de munic\u00edpios incluem pontes, t\u00faneis, passarelas, rotat\u00f3rias e acessos a estradas vicinais.","og_url":"https:\/\/vanderloubet.com.br\/deputado\/vander-entrega-na-antt-reivindicacoes-de-municipios-a-concessao-da-163-262-e-267\/","og_site_name":"Deputado Federal Vander Loubet","article_publisher":"https:\/\/facebook.com\/deputadovander","article_published_time":"2013-05-28T14:59:30+00:00","og_image":[{"url":"http:\/\/www.deputadovander.com.br\/website\/wp-content\/uploads\/2013\/05\/foto-2013-05-28-antt-saraiva-vander-stephane-01-420x280.jpg","type":"","width":"","height":""}],"author":"\u00c9der","twitter_card":"summary_large_image","twitter_creator":"@vanderloubet","twitter_site":"@vanderloubet","schema":{"@context":"https:\/\/schema.org","@graph":[{"@type":"Article","@id":"https:\/\/vanderloubet.com.br\/deputado\/vander-entrega-na-antt-reivindicacoes-de-municipios-a-concessao-da-163-262-e-267\/#article","isPartOf":{"@id":"https:\/\/vanderloubet.com.br\/deputado\/vander-entrega-na-antt-reivindicacoes-de-municipios-a-concessao-da-163-262-e-267\/"},"author":{"name":"\u00c9der","@id":"https:\/\/vanderloubet.com.br\/deputado\/#\/schema\/person\/15b51bd564532a8a68d9dec1b8eb890e"},"headline":"Vander entrega na ANTT reivindica\u00e7\u00f5es \u00e0 concess\u00e3o da 163, 262 e 267","datePublished":"2013-05-28T14:59:30+00:00","mainEntityOfPage":{"@id":"https:\/\/vanderloubet.com.br\/deputado\/vander-entrega-na-antt-reivindicacoes-de-municipios-a-concessao-da-163-262-e-267\/"},"wordCount":866,"publisher":{"@id":"https:\/\/vanderloubet.com.br\/deputado\/#organization"},"image":{"@id":"https:\/\/vanderloubet.com.br\/deputado\/vander-entrega-na-antt-reivindicacoes-de-municipios-a-concessao-da-163-262-e-267\/#primaryimage"},"thumbnailUrl":"http:\/\/www.deputadovander.com.br\/website\/wp-content\/uploads\/2013\/05\/foto-2013-05-28-antt-saraiva-vander-stephane-01-420x280.jpg","keywords":["163","262","267","antt","bastos","br","concess\u00e3o","federais","improta","jorge","macedo","paulo","programa","rodovias","saraiva"],"articleSection":["Not\u00edcias"],"inLanguage":"pt-BR"},{"@type":"WebPage","@id":"https:\/\/vanderloubet.com.br\/deputado\/vander-entrega-na-antt-reivindicacoes-de-municipios-a-concessao-da-163-262-e-267\/","url":"https:\/\/vanderloubet.com.br\/deputado\/vander-entrega-na-antt-reivindicacoes-de-municipios-a-concessao-da-163-262-e-267\/","name":"Vander entrega na ANTT reivindica\u00e7\u00f5es \u00e0 concess\u00e3o da 163, 262 e 267","isPartOf":{"@id":"https:\/\/vanderloubet.com.br\/deputado\/#website"},"primaryImageOfPage":{"@id":"https:\/\/vanderloubet.com.br\/deputado\/vander-entrega-na-antt-reivindicacoes-de-municipios-a-concessao-da-163-262-e-267\/#primaryimage"},"image":{"@id":"https:\/\/vanderloubet.com.br\/deputado\/vander-entrega-na-antt-reivindicacoes-de-municipios-a-concessao-da-163-262-e-267\/#primaryimage"},"thumbnailUrl":"http:\/\/www.deputadovander.com.br\/website\/wp-content\/uploads\/2013\/05\/foto-2013-05-28-antt-saraiva-vander-stephane-01-420x280.jpg","datePublished":"2013-05-28T14:59:30+00:00","breadcrumb":{"@id":"https:\/\/vanderloubet.com.br\/deputado\/vander-entrega-na-antt-reivindicacoes-de-municipios-a-concessao-da-163-262-e-267\/#breadcrumb"},"inLanguage":"pt-BR","potentialAction":[{"@type":"ReadAction","target":["https:\/\/vanderloubet.com.br\/deputado\/vander-entrega-na-antt-reivindicacoes-de-municipios-a-concessao-da-163-262-e-267\/"]}]},{"@type":"ImageObject","inLanguage":"pt-BR","@id":"https:\/\/vanderloubet.com.br\/deputado\/vander-entrega-na-antt-reivindicacoes-de-municipios-a-concessao-da-163-262-e-267\/#primaryimage","url":"http:\/\/www.deputadovander.com.br\/website\/wp-content\/uploads\/2013\/05\/foto-2013-05-28-antt-saraiva-vander-stephane-01-420x280.jpg","contentUrl":"http:\/\/www.deputadovander.com.br\/website\/wp-content\/uploads\/2013\/05\/foto-2013-05-28-antt-saraiva-vander-stephane-01-420x280.jpg"},{"@type":"BreadcrumbList","@id":"https:\/\/vanderloubet.com.br\/deputado\/vander-entrega-na-antt-reivindicacoes-de-municipios-a-concessao-da-163-262-e-267\/#breadcrumb","itemListElement":[{"@type":"ListItem","position":1,"name":"In\u00edcio","item":"https:\/\/vanderloubet.com.br\/deputado\/"},{"@type":"ListItem","position":2,"name":"Vander entrega na ANTT reivindica\u00e7\u00f5es \u00e0 concess\u00e3o da 163, 262 e 267"}]},{"@type":"WebSite","@id":"https:\/\/vanderloubet.com.br\/deputado\/#website","url":"https:\/\/vanderloubet.com.br\/deputado\/","name":"Deputado Federal Vander Loubet","description":"O Federal de MS","publisher":{"@id":"https:\/\/vanderloubet.com.br\/deputado\/#organization"},"alternateName":"Deputado Vander","potentialAction":[{"@type":"SearchAction","target":{"@type":"EntryPoint","urlTemplate":"https:\/\/vanderloubet.com.br\/deputado\/?s={search_term_string}"},"query-input":{"@type":"PropertyValueSpecification","valueRequired":true,"valueName":"search_term_string"}}],"inLanguage":"pt-BR"},{"@type":"Organization","@id":"https:\/\/vanderloubet.com.br\/deputado\/#organization","name":"Deputado Federal Vander Loubet","alternateName":"Deputado Vander","url":"https:\/\/vanderloubet.com.br\/deputado\/","logo":{"@type":"ImageObject","inLanguage":"pt-BR","@id":"https:\/\/vanderloubet.com.br\/deputado\/#\/schema\/logo\/image\/","url":"https:\/\/vanderloubet.com.br\/deputado\/wp-content\/uploads\/2023\/06\/foto-2023-06-19-mandato-deputado-vander.jpg","contentUrl":"https:\/\/vanderloubet.com.br\/deputado\/wp-content\/uploads\/2023\/06\/foto-2023-06-19-mandato-deputado-vander.jpg","width":1080,"height":1080,"caption":"Deputado Federal Vander Loubet"},"image":{"@id":"https:\/\/vanderloubet.com.br\/deputado\/#\/schema\/logo\/image\/"},"sameAs":["https:\/\/facebook.com\/deputadovander","https:\/\/x.com\/vanderloubet","https:\/\/instagram.com\/vanderloubet","https:\/\/youtube.com\/vanderloubet","https:\/\/tiktok.com\/@vanderloubetms"]},{"@type":"Person","@id":"https:\/\/vanderloubet.com.br\/deputado\/#\/schema\/person\/15b51bd564532a8a68d9dec1b8eb890e","name":"\u00c9der","image":{"@type":"ImageObject","inLanguage":"pt-BR","@id":"https:\/\/vanderloubet.com.br\/deputado\/wp-content\/litespeed\/avatar\/88ca4090d9d5ab1c9495f6ca03b68efa.jpg?ver=1777058957","url":"https:\/\/vanderloubet.com.br\/deputado\/wp-content\/litespeed\/avatar\/88ca4090d9d5ab1c9495f6ca03b68efa.jpg?ver=1777058957","contentUrl":"https:\/\/vanderloubet.com.br\/deputado\/wp-content\/litespeed\/avatar\/88ca4090d9d5ab1c9495f6ca03b68efa.jpg?ver=1777058957","caption":"\u00c9der"}}]}},"jetpack_featured_media_url":"","jetpack_sharing_enabled":true,"_links":{"self":[{"href":"https:\/\/vanderloubet.com.br\/deputado\/wp-json\/wp\/v2\/posts\/6441","targetHints":{"allow":["GET"]}}],"collection":[{"href":"https:\/\/vanderloubet.com.br\/deputado\/wp-json\/wp\/v2\/posts"}],"about":[{"href":"https:\/\/vanderloubet.com.br\/deputado\/wp-json\/wp\/v2\/types\/post"}],"author":[{"embeddable":true,"href":"https:\/\/vanderloubet.com.br\/deputado\/wp-json\/wp\/v2\/users\/2"}],"replies":[{"embeddable":true,"href":"https:\/\/vanderloubet.com.br\/deputado\/wp-json\/wp\/v2\/comments?post=6441"}],"version-history":[{"count":0,"href":"https:\/\/vanderloubet.com.br\/deputado\/wp-json\/wp\/v2\/posts\/6441\/revisions"}],"wp:attachment":[{"href":"https:\/\/vanderloubet.com.br\/deputado\/wp-json\/wp\/v2\/media?parent=6441"}],"wp:term":[{"taxonomy":"category","embeddable":true,"href":"https:\/\/vanderloubet.com.br\/deputado\/wp-json\/wp\/v2\/categories?post=6441"},{"taxonomy":"post_tag","embeddable":true,"href":"https:\/\/vanderloubet.com.br\/deputado\/wp-json\/wp\/v2\/tags?post=6441"}],"curies":[{"name":"wp","href":"https:\/\/api.w.org\/{rel}","templated":true}]}}