{"id":6409,"date":"2013-05-17T14:52:11","date_gmt":"2013-05-17T18:52:11","guid":{"rendered":"http:\/\/www.deputadovander.com.br\/website\/?p=6409"},"modified":"2013-05-17T14:52:11","modified_gmt":"2013-05-17T18:52:11","slug":"pac-2-entrega-motoniveladoras-para-21-municipios-de-ms","status":"publish","type":"post","link":"https:\/\/vanderloubet.com.br\/deputado\/pac-2-entrega-motoniveladoras-para-21-municipios-de-ms\/","title":{"rendered":"PAC 2 entrega motoniveladoras para 21 munic\u00edpios de MS"},"content":{"rendered":"<figure id=\"attachment_6410\" aria-describedby=\"caption-attachment-6410\" style=\"width: 420px\" class=\"wp-caption aligncenter\"><a href=\"http:\/\/www.deputadovander.com.br\/website\/wp-content\/uploads\/2013\/05\/foto-2013-05-17-motoniveladora-pac2.jpg\" target=\"_blank\"><img decoding=\"async\" class=\"size-medium wp-image-6410 \" title=\"Motoniveladora cumpre papel fundamental para manuten\u00e7\u00e3o de estradas\" alt=\"Motoniveladora cumpre papel fundamental para manuten\u00e7\u00e3o de estradas\" src=\"http:\/\/www.deputadovander.com.br\/website\/wp-content\/uploads\/2013\/05\/foto-2013-05-17-motoniveladora-pac2-420x279.jpg\" width=\"420\" height=\"279\" \/><\/a><figcaption id=\"caption-attachment-6410\" class=\"wp-caption-text\">Motoniveladora cumpre papel fundamental para manuten\u00e7\u00e3o de estradas<\/figcaption><\/figure>\n<p>Cerca de 140 mil moradores da zona rural de Mato Grosso do Sul ser\u00e3o beneficiados pelas 21 motoniveladoras entregues pelo governo federal em solenidade realizada na manh\u00e3 desta sexta-feira (17), em Eldorado. A a\u00e7\u00e3o faz parte da segunda etapa do Programa de Acelera\u00e7\u00e3o do Crescimento (PAC 2). As m\u00e1quinas v\u00e3o auxiliar os agricultores familiares no escoamento da produ\u00e7\u00e3o e na constru\u00e7\u00e3o e manuten\u00e7\u00e3o de estradas vicinais.<\/p>\n<p>As motoniveladoras complementam o trabalho das retroescavadeiras j\u00e1 entregues e v\u00e3o dar continuidade a uma pol\u00edtica do governo federal, que por meio dessa a\u00e7\u00e3o promove a inclus\u00e3o social. &#8220;Essas m\u00e1quinas ajudam a garantir renda para o pequeno agricultor pois permitem melhorar as estradas por onde s\u00e3o escoadas a produ\u00e7\u00e3o da agricultura familiar. Com estradas vicinais em melhores condi\u00e7\u00f5es diminui-se o gasto com transporte e isso beneficia o produtor&#8221;, explicou o deputado federal Vander Loubet (PT-MS), que esteve presente \u00e0 solenidade e ajudou as prefeituras a viabilizar as m\u00e1quinas junto ao Minist\u00e9rio do Desenvolvimento Agr\u00e1rio (MDA).<\/p>\n<p>Foram contemplados os munic\u00edpios de Amambai, Anast\u00e1cio, Aquidauana, Aral Moreira, Caarap\u00f3, Deod\u00e1polis, Eldorado, F\u00e1tima do Sul, Iguatemi, Itapor\u00e3, Itaquira\u00ed, Ivinhema, Maracaju, Miranda, Navira\u00ed, Nova Alvorada do Sul, Nova Andradina, Porto Murtinho, Rio Brilhante, Sidrol\u00e2ndia e Terenos.<\/p>\n<p>De acordo com o prefeito de Amambai, S\u00e9rgio Barbosa (PMDB), a motoniveladora ser\u00e1 importante j\u00e1 que o munic\u00edpio t\u00eam 1,5 mil quil\u00f4metros de estradas de terra, que abrigam tr\u00eas assentamentos rurais e tr\u00eas aldeias ind\u00edgenas. &#8220;A motoniveladora d\u00e1 mais efici\u00eancia ao trabalho. A retroescavadeira faz abertura de caixas, microbacias, mas o nivelamento das estradas depende da motoniveladora. Sem ela n\u00e3o tem como fazer a manuten\u00e7\u00e3o das estradas&#8221;, destaca. &#8220;Tem chovido bastante e temos seis quil\u00f4metros de estrada onde s\u00e3o feitos o transporte das crian\u00e7as para as escolas. Com a chuva, a situa\u00e7\u00e3o fica cr\u00edtica. Agora, poderemos dar mais agilidade para o servi\u00e7o, porque uma m\u00e1quina vai \u00e0 frente e a outra faz monitoramento. Assim o trabalho rende&#8221;, complementa.<\/p>\n<p><span style=\"font-size: 11px;\">(\u00c9der Yanaguita &#8211; Assessoria\/Deputado Vander, com informa\u00e7\u00f5es do MDA)<\/span><\/p>\n","protected":false},"excerpt":{"rendered":"<p>&#8220;Com estradas vicinais em melhores condi\u00e7\u00f5es diminui-se o gasto com transporte e isso beneficia o produtor&#8221;, explicou o deputado Vander.<\/p>\n","protected":false},"author":2,"featured_media":0,"comment_status":"closed","ping_status":"open","sticky":false,"template":"","format":"standard","meta":{"jetpack_post_was_ever_published":false,"_jetpack_newsletter_access":"","_jetpack_dont_email_post_to_subs":false,"_jetpack_newsletter_tier_id":0,"_jetpack_memberships_contains_paywalled_content":false,"_jetpack_memberships_contains_paid_content":false,"footnotes":""},"categories":[10],"tags":[70,699,755,793,1251,1326,1445,1725,2059],"class_list":{"0":"post-6409","1":"post","2":"type-post","3":"status-publish","4":"format-standard","6":"category-noticias","7":"tag-agricultura","8":"tag-eldorado","9":"tag-estrada","10":"tag-familiar","11":"tag-mda","12":"tag-motoniveladora","13":"tag-pac","14":"tag-retroescavadeira","15":"tag-vicinal"},"yoast_head":"<!-- This site is optimized with the Yoast SEO plugin v27.4 - https:\/\/yoast.com\/product\/yoast-seo-wordpress\/ -->\n<title>PAC 2 entrega motoniveladoras para 21 munic\u00edpios de MS<\/title>\n<meta name=\"robots\" content=\"index, follow, max-snippet:-1, max-image-preview:large, max-video-preview:-1\" \/>\n<link rel=\"canonical\" href=\"https:\/\/vanderloubet.com.br\/deputado\/pac-2-entrega-motoniveladoras-para-21-municipios-de-ms\/\" \/>\n<meta property=\"og:locale\" content=\"pt_BR\" \/>\n<meta property=\"og:type\" content=\"article\" \/>\n<meta property=\"og:title\" content=\"PAC 2 entrega motoniveladoras para 21 munic\u00edpios de MS\" \/>\n<meta property=\"og:description\" content=\"&quot;Com estradas vicinais em melhores condi\u00e7\u00f5es diminui-se o gasto com transporte e isso beneficia o produtor&quot;, explicou o deputado Vander.\" \/>\n<meta property=\"og:url\" content=\"https:\/\/vanderloubet.com.br\/deputado\/pac-2-entrega-motoniveladoras-para-21-municipios-de-ms\/\" \/>\n<meta property=\"og:site_name\" content=\"Deputado Federal Vander Loubet\" \/>\n<meta property=\"article:publisher\" content=\"https:\/\/facebook.com\/deputadovander\" \/>\n<meta property=\"article:published_time\" content=\"2013-05-17T18:52:11+00:00\" \/>\n<meta property=\"og:image\" content=\"http:\/\/www.deputadovander.com.br\/website\/wp-content\/uploads\/2013\/05\/foto-2013-05-17-motoniveladora-pac2-420x279.jpg\" \/>\n<meta name=\"author\" content=\"\u00c9der\" \/>\n<meta name=\"twitter:card\" content=\"summary_large_image\" \/>\n<meta name=\"twitter:creator\" content=\"@vanderloubet\" \/>\n<meta name=\"twitter:site\" content=\"@vanderloubet\" \/>\n<script type=\"application\/ld+json\" class=\"yoast-schema-graph\">{\"@context\":\"https:\\\/\\\/schema.org\",\"@graph\":[{\"@type\":\"Article\",\"@id\":\"https:\\\/\\\/vanderloubet.com.br\\\/deputado\\\/pac-2-entrega-motoniveladoras-para-21-municipios-de-ms\\\/#article\",\"isPartOf\":{\"@id\":\"https:\\\/\\\/vanderloubet.com.br\\\/deputado\\\/pac-2-entrega-motoniveladoras-para-21-municipios-de-ms\\\/\"},\"author\":{\"name\":\"\u00c9der\",\"@id\":\"https:\\\/\\\/vanderloubet.com.br\\\/deputado\\\/#\\\/schema\\\/person\\\/15b51bd564532a8a68d9dec1b8eb890e\"},\"headline\":\"PAC 2 entrega motoniveladoras para 21 munic\u00edpios de MS\",\"datePublished\":\"2013-05-17T18:52:11+00:00\",\"mainEntityOfPage\":{\"@id\":\"https:\\\/\\\/vanderloubet.com.br\\\/deputado\\\/pac-2-entrega-motoniveladoras-para-21-municipios-de-ms\\\/\"},\"wordCount\":384,\"publisher\":{\"@id\":\"https:\\\/\\\/vanderloubet.com.br\\\/deputado\\\/#organization\"},\"image\":{\"@id\":\"https:\\\/\\\/vanderloubet.com.br\\\/deputado\\\/pac-2-entrega-motoniveladoras-para-21-municipios-de-ms\\\/#primaryimage\"},\"thumbnailUrl\":\"http:\\\/\\\/www.deputadovander.com.br\\\/website\\\/wp-content\\\/uploads\\\/2013\\\/05\\\/foto-2013-05-17-motoniveladora-pac2-420x279.jpg\",\"keywords\":[\"agricultura\",\"eldorado\",\"estrada\",\"familiar\",\"mda\",\"motoniveladora\",\"pac\",\"retroescavadeira\",\"vicinal\"],\"articleSection\":[\"Not\u00edcias\"],\"inLanguage\":\"pt-BR\"},{\"@type\":\"WebPage\",\"@id\":\"https:\\\/\\\/vanderloubet.com.br\\\/deputado\\\/pac-2-entrega-motoniveladoras-para-21-municipios-de-ms\\\/\",\"url\":\"https:\\\/\\\/vanderloubet.com.br\\\/deputado\\\/pac-2-entrega-motoniveladoras-para-21-municipios-de-ms\\\/\",\"name\":\"PAC 2 entrega motoniveladoras para 21 munic\u00edpios de MS\",\"isPartOf\":{\"@id\":\"https:\\\/\\\/vanderloubet.com.br\\\/deputado\\\/#website\"},\"primaryImageOfPage\":{\"@id\":\"https:\\\/\\\/vanderloubet.com.br\\\/deputado\\\/pac-2-entrega-motoniveladoras-para-21-municipios-de-ms\\\/#primaryimage\"},\"image\":{\"@id\":\"https:\\\/\\\/vanderloubet.com.br\\\/deputado\\\/pac-2-entrega-motoniveladoras-para-21-municipios-de-ms\\\/#primaryimage\"},\"thumbnailUrl\":\"http:\\\/\\\/www.deputadovander.com.br\\\/website\\\/wp-content\\\/uploads\\\/2013\\\/05\\\/foto-2013-05-17-motoniveladora-pac2-420x279.jpg\",\"datePublished\":\"2013-05-17T18:52:11+00:00\",\"breadcrumb\":{\"@id\":\"https:\\\/\\\/vanderloubet.com.br\\\/deputado\\\/pac-2-entrega-motoniveladoras-para-21-municipios-de-ms\\\/#breadcrumb\"},\"inLanguage\":\"pt-BR\",\"potentialAction\":[{\"@type\":\"ReadAction\",\"target\":[\"https:\\\/\\\/vanderloubet.com.br\\\/deputado\\\/pac-2-entrega-motoniveladoras-para-21-municipios-de-ms\\\/\"]}]},{\"@type\":\"ImageObject\",\"inLanguage\":\"pt-BR\",\"@id\":\"https:\\\/\\\/vanderloubet.com.br\\\/deputado\\\/pac-2-entrega-motoniveladoras-para-21-municipios-de-ms\\\/#primaryimage\",\"url\":\"http:\\\/\\\/www.deputadovander.com.br\\\/website\\\/wp-content\\\/uploads\\\/2013\\\/05\\\/foto-2013-05-17-motoniveladora-pac2-420x279.jpg\",\"contentUrl\":\"http:\\\/\\\/www.deputadovander.com.br\\\/website\\\/wp-content\\\/uploads\\\/2013\\\/05\\\/foto-2013-05-17-motoniveladora-pac2-420x279.jpg\"},{\"@type\":\"BreadcrumbList\",\"@id\":\"https:\\\/\\\/vanderloubet.com.br\\\/deputado\\\/pac-2-entrega-motoniveladoras-para-21-municipios-de-ms\\\/#breadcrumb\",\"itemListElement\":[{\"@type\":\"ListItem\",\"position\":1,\"name\":\"In\u00edcio\",\"item\":\"https:\\\/\\\/vanderloubet.com.br\\\/deputado\\\/\"},{\"@type\":\"ListItem\",\"position\":2,\"name\":\"PAC 2 entrega motoniveladoras para 21 munic\u00edpios de MS\"}]},{\"@type\":\"WebSite\",\"@id\":\"https:\\\/\\\/vanderloubet.com.br\\\/deputado\\\/#website\",\"url\":\"https:\\\/\\\/vanderloubet.com.br\\\/deputado\\\/\",\"name\":\"Deputado Federal Vander Loubet\",\"description\":\"O Federal de MS\",\"publisher\":{\"@id\":\"https:\\\/\\\/vanderloubet.com.br\\\/deputado\\\/#organization\"},\"alternateName\":\"Deputado Vander\",\"potentialAction\":[{\"@type\":\"SearchAction\",\"target\":{\"@type\":\"EntryPoint\",\"urlTemplate\":\"https:\\\/\\\/vanderloubet.com.br\\\/deputado\\\/?s={search_term_string}\"},\"query-input\":{\"@type\":\"PropertyValueSpecification\",\"valueRequired\":true,\"valueName\":\"search_term_string\"}}],\"inLanguage\":\"pt-BR\"},{\"@type\":\"Organization\",\"@id\":\"https:\\\/\\\/vanderloubet.com.br\\\/deputado\\\/#organization\",\"name\":\"Deputado Federal Vander Loubet\",\"alternateName\":\"Deputado Vander\",\"url\":\"https:\\\/\\\/vanderloubet.com.br\\\/deputado\\\/\",\"logo\":{\"@type\":\"ImageObject\",\"inLanguage\":\"pt-BR\",\"@id\":\"https:\\\/\\\/vanderloubet.com.br\\\/deputado\\\/#\\\/schema\\\/logo\\\/image\\\/\",\"url\":\"https:\\\/\\\/vanderloubet.com.br\\\/deputado\\\/wp-content\\\/uploads\\\/2023\\\/06\\\/foto-2023-06-19-mandato-deputado-vander.jpg\",\"contentUrl\":\"https:\\\/\\\/vanderloubet.com.br\\\/deputado\\\/wp-content\\\/uploads\\\/2023\\\/06\\\/foto-2023-06-19-mandato-deputado-vander.jpg\",\"width\":1080,\"height\":1080,\"caption\":\"Deputado Federal Vander Loubet\"},\"image\":{\"@id\":\"https:\\\/\\\/vanderloubet.com.br\\\/deputado\\\/#\\\/schema\\\/logo\\\/image\\\/\"},\"sameAs\":[\"https:\\\/\\\/facebook.com\\\/deputadovander\",\"https:\\\/\\\/x.com\\\/vanderloubet\",\"https:\\\/\\\/instagram.com\\\/vanderloubet\",\"https:\\\/\\\/youtube.com\\\/vanderloubet\",\"https:\\\/\\\/tiktok.com\\\/@vanderloubetms\"]},{\"@type\":\"Person\",\"@id\":\"https:\\\/\\\/vanderloubet.com.br\\\/deputado\\\/#\\\/schema\\\/person\\\/15b51bd564532a8a68d9dec1b8eb890e\",\"name\":\"\u00c9der\",\"image\":{\"@type\":\"ImageObject\",\"inLanguage\":\"pt-BR\",\"@id\":\"https:\\\/\\\/vanderloubet.com.br\\\/deputado\\\/wp-content\\\/litespeed\\\/avatar\\\/88ca4090d9d5ab1c9495f6ca03b68efa.jpg?ver=1777058957\",\"url\":\"https:\\\/\\\/vanderloubet.com.br\\\/deputado\\\/wp-content\\\/litespeed\\\/avatar\\\/88ca4090d9d5ab1c9495f6ca03b68efa.jpg?ver=1777058957\",\"contentUrl\":\"https:\\\/\\\/vanderloubet.com.br\\\/deputado\\\/wp-content\\\/litespeed\\\/avatar\\\/88ca4090d9d5ab1c9495f6ca03b68efa.jpg?ver=1777058957\",\"caption\":\"\u00c9der\"}}]}<\/script>\n<!-- \/ Yoast SEO plugin. -->","yoast_head_json":{"title":"PAC 2 entrega motoniveladoras para 21 munic\u00edpios de MS","robots":{"index":"index","follow":"follow","max-snippet":"max-snippet:-1","max-image-preview":"max-image-preview:large","max-video-preview":"max-video-preview:-1"},"canonical":"https:\/\/vanderloubet.com.br\/deputado\/pac-2-entrega-motoniveladoras-para-21-municipios-de-ms\/","og_locale":"pt_BR","og_type":"article","og_title":"PAC 2 entrega motoniveladoras para 21 munic\u00edpios de MS","og_description":"\"Com estradas vicinais em melhores condi\u00e7\u00f5es diminui-se o gasto com transporte e isso beneficia o produtor\", explicou o deputado Vander.","og_url":"https:\/\/vanderloubet.com.br\/deputado\/pac-2-entrega-motoniveladoras-para-21-municipios-de-ms\/","og_site_name":"Deputado Federal Vander Loubet","article_publisher":"https:\/\/facebook.com\/deputadovander","article_published_time":"2013-05-17T18:52:11+00:00","og_image":[{"url":"http:\/\/www.deputadovander.com.br\/website\/wp-content\/uploads\/2013\/05\/foto-2013-05-17-motoniveladora-pac2-420x279.jpg","type":"","width":"","height":""}],"author":"\u00c9der","twitter_card":"summary_large_image","twitter_creator":"@vanderloubet","twitter_site":"@vanderloubet","schema":{"@context":"https:\/\/schema.org","@graph":[{"@type":"Article","@id":"https:\/\/vanderloubet.com.br\/deputado\/pac-2-entrega-motoniveladoras-para-21-municipios-de-ms\/#article","isPartOf":{"@id":"https:\/\/vanderloubet.com.br\/deputado\/pac-2-entrega-motoniveladoras-para-21-municipios-de-ms\/"},"author":{"name":"\u00c9der","@id":"https:\/\/vanderloubet.com.br\/deputado\/#\/schema\/person\/15b51bd564532a8a68d9dec1b8eb890e"},"headline":"PAC 2 entrega motoniveladoras para 21 munic\u00edpios de MS","datePublished":"2013-05-17T18:52:11+00:00","mainEntityOfPage":{"@id":"https:\/\/vanderloubet.com.br\/deputado\/pac-2-entrega-motoniveladoras-para-21-municipios-de-ms\/"},"wordCount":384,"publisher":{"@id":"https:\/\/vanderloubet.com.br\/deputado\/#organization"},"image":{"@id":"https:\/\/vanderloubet.com.br\/deputado\/pac-2-entrega-motoniveladoras-para-21-municipios-de-ms\/#primaryimage"},"thumbnailUrl":"http:\/\/www.deputadovander.com.br\/website\/wp-content\/uploads\/2013\/05\/foto-2013-05-17-motoniveladora-pac2-420x279.jpg","keywords":["agricultura","eldorado","estrada","familiar","mda","motoniveladora","pac","retroescavadeira","vicinal"],"articleSection":["Not\u00edcias"],"inLanguage":"pt-BR"},{"@type":"WebPage","@id":"https:\/\/vanderloubet.com.br\/deputado\/pac-2-entrega-motoniveladoras-para-21-municipios-de-ms\/","url":"https:\/\/vanderloubet.com.br\/deputado\/pac-2-entrega-motoniveladoras-para-21-municipios-de-ms\/","name":"PAC 2 entrega motoniveladoras para 21 munic\u00edpios de MS","isPartOf":{"@id":"https:\/\/vanderloubet.com.br\/deputado\/#website"},"primaryImageOfPage":{"@id":"https:\/\/vanderloubet.com.br\/deputado\/pac-2-entrega-motoniveladoras-para-21-municipios-de-ms\/#primaryimage"},"image":{"@id":"https:\/\/vanderloubet.com.br\/deputado\/pac-2-entrega-motoniveladoras-para-21-municipios-de-ms\/#primaryimage"},"thumbnailUrl":"http:\/\/www.deputadovander.com.br\/website\/wp-content\/uploads\/2013\/05\/foto-2013-05-17-motoniveladora-pac2-420x279.jpg","datePublished":"2013-05-17T18:52:11+00:00","breadcrumb":{"@id":"https:\/\/vanderloubet.com.br\/deputado\/pac-2-entrega-motoniveladoras-para-21-municipios-de-ms\/#breadcrumb"},"inLanguage":"pt-BR","potentialAction":[{"@type":"ReadAction","target":["https:\/\/vanderloubet.com.br\/deputado\/pac-2-entrega-motoniveladoras-para-21-municipios-de-ms\/"]}]},{"@type":"ImageObject","inLanguage":"pt-BR","@id":"https:\/\/vanderloubet.com.br\/deputado\/pac-2-entrega-motoniveladoras-para-21-municipios-de-ms\/#primaryimage","url":"http:\/\/www.deputadovander.com.br\/website\/wp-content\/uploads\/2013\/05\/foto-2013-05-17-motoniveladora-pac2-420x279.jpg","contentUrl":"http:\/\/www.deputadovander.com.br\/website\/wp-content\/uploads\/2013\/05\/foto-2013-05-17-motoniveladora-pac2-420x279.jpg"},{"@type":"BreadcrumbList","@id":"https:\/\/vanderloubet.com.br\/deputado\/pac-2-entrega-motoniveladoras-para-21-municipios-de-ms\/#breadcrumb","itemListElement":[{"@type":"ListItem","position":1,"name":"In\u00edcio","item":"https:\/\/vanderloubet.com.br\/deputado\/"},{"@type":"ListItem","position":2,"name":"PAC 2 entrega motoniveladoras para 21 munic\u00edpios de MS"}]},{"@type":"WebSite","@id":"https:\/\/vanderloubet.com.br\/deputado\/#website","url":"https:\/\/vanderloubet.com.br\/deputado\/","name":"Deputado Federal Vander Loubet","description":"O Federal de MS","publisher":{"@id":"https:\/\/vanderloubet.com.br\/deputado\/#organization"},"alternateName":"Deputado Vander","potentialAction":[{"@type":"SearchAction","target":{"@type":"EntryPoint","urlTemplate":"https:\/\/vanderloubet.com.br\/deputado\/?s={search_term_string}"},"query-input":{"@type":"PropertyValueSpecification","valueRequired":true,"valueName":"search_term_string"}}],"inLanguage":"pt-BR"},{"@type":"Organization","@id":"https:\/\/vanderloubet.com.br\/deputado\/#organization","name":"Deputado Federal Vander Loubet","alternateName":"Deputado Vander","url":"https:\/\/vanderloubet.com.br\/deputado\/","logo":{"@type":"ImageObject","inLanguage":"pt-BR","@id":"https:\/\/vanderloubet.com.br\/deputado\/#\/schema\/logo\/image\/","url":"https:\/\/vanderloubet.com.br\/deputado\/wp-content\/uploads\/2023\/06\/foto-2023-06-19-mandato-deputado-vander.jpg","contentUrl":"https:\/\/vanderloubet.com.br\/deputado\/wp-content\/uploads\/2023\/06\/foto-2023-06-19-mandato-deputado-vander.jpg","width":1080,"height":1080,"caption":"Deputado Federal Vander Loubet"},"image":{"@id":"https:\/\/vanderloubet.com.br\/deputado\/#\/schema\/logo\/image\/"},"sameAs":["https:\/\/facebook.com\/deputadovander","https:\/\/x.com\/vanderloubet","https:\/\/instagram.com\/vanderloubet","https:\/\/youtube.com\/vanderloubet","https:\/\/tiktok.com\/@vanderloubetms"]},{"@type":"Person","@id":"https:\/\/vanderloubet.com.br\/deputado\/#\/schema\/person\/15b51bd564532a8a68d9dec1b8eb890e","name":"\u00c9der","image":{"@type":"ImageObject","inLanguage":"pt-BR","@id":"https:\/\/vanderloubet.com.br\/deputado\/wp-content\/litespeed\/avatar\/88ca4090d9d5ab1c9495f6ca03b68efa.jpg?ver=1777058957","url":"https:\/\/vanderloubet.com.br\/deputado\/wp-content\/litespeed\/avatar\/88ca4090d9d5ab1c9495f6ca03b68efa.jpg?ver=1777058957","contentUrl":"https:\/\/vanderloubet.com.br\/deputado\/wp-content\/litespeed\/avatar\/88ca4090d9d5ab1c9495f6ca03b68efa.jpg?ver=1777058957","caption":"\u00c9der"}}]}},"jetpack_featured_media_url":"","jetpack_sharing_enabled":true,"_links":{"self":[{"href":"https:\/\/vanderloubet.com.br\/deputado\/wp-json\/wp\/v2\/posts\/6409","targetHints":{"allow":["GET"]}}],"collection":[{"href":"https:\/\/vanderloubet.com.br\/deputado\/wp-json\/wp\/v2\/posts"}],"about":[{"href":"https:\/\/vanderloubet.com.br\/deputado\/wp-json\/wp\/v2\/types\/post"}],"author":[{"embeddable":true,"href":"https:\/\/vanderloubet.com.br\/deputado\/wp-json\/wp\/v2\/users\/2"}],"replies":[{"embeddable":true,"href":"https:\/\/vanderloubet.com.br\/deputado\/wp-json\/wp\/v2\/comments?post=6409"}],"version-history":[{"count":0,"href":"https:\/\/vanderloubet.com.br\/deputado\/wp-json\/wp\/v2\/posts\/6409\/revisions"}],"wp:attachment":[{"href":"https:\/\/vanderloubet.com.br\/deputado\/wp-json\/wp\/v2\/media?parent=6409"}],"wp:term":[{"taxonomy":"category","embeddable":true,"href":"https:\/\/vanderloubet.com.br\/deputado\/wp-json\/wp\/v2\/categories?post=6409"},{"taxonomy":"post_tag","embeddable":true,"href":"https:\/\/vanderloubet.com.br\/deputado\/wp-json\/wp\/v2\/tags?post=6409"}],"curies":[{"name":"wp","href":"https:\/\/api.w.org\/{rel}","templated":true}]}}