{"id":6381,"date":"2013-05-14T18:31:17","date_gmt":"2013-05-14T22:31:17","guid":{"rendered":"http:\/\/www.deputadovander.com.br\/website\/?p=6381"},"modified":"2013-05-14T18:31:17","modified_gmt":"2013-05-14T22:31:17","slug":"antt-abre-prazo-para-municipios-enviarem-sugestoes-sobre-concessao-de-rodovias-em-ms","status":"publish","type":"post","link":"https:\/\/vanderloubet.com.br\/deputado\/antt-abre-prazo-para-municipios-enviarem-sugestoes-sobre-concessao-de-rodovias-em-ms\/","title":{"rendered":"ANTT abre prazo para munic\u00edpios enviarem sugest\u00f5es sobre concess\u00e3o de rodovias em MS"},"content":{"rendered":"<figure id=\"attachment_6382\" aria-describedby=\"caption-attachment-6382\" style=\"width: 420px\" class=\"wp-caption aligncenter\"><a href=\"http:\/\/www.deputadovander.com.br\/website\/wp-content\/uploads\/2013\/05\/foto-2013-05-14-reuniao-vander-prefeitos-antt-01.jpg\" target=\"_blank\"><img decoding=\"async\" class=\"size-medium wp-image-6382 \" title=\"Diretor da ANTT recebeu Vander e 16 prefeituras (foto: C\u00e9sar Krugel)\" alt=\"Diretor da ANTT recebeu Vander e 16 prefeituras (foto: C\u00e9sar Krugel)\" src=\"http:\/\/www.deputadovander.com.br\/website\/wp-content\/uploads\/2013\/05\/foto-2013-05-14-reuniao-vander-prefeitos-antt-01-420x231.jpg\" width=\"420\" height=\"231\" \/><\/a><figcaption id=\"caption-attachment-6382\" class=\"wp-caption-text\">Diretor da ANTT recebeu Vander e 16 prefeituras (foto: C\u00e9sar Krugel)<\/figcaption><\/figure>\n<p>As prefeituras dos munic\u00edpios de Mato Grosso do Sul a serem afetados pela 3\u00aa Etapa das Concess\u00f5es Rodovi\u00e1rias Federais ter\u00e3o o prazo de 15 dias para enviarem \u00e0 Ag\u00eancia Nacional de Transportes Terrestres (ANTT) sugest\u00f5es e propostas em rela\u00e7\u00e3o ao projeto de obras previstas para as rodovias BR-163, BR-262 e BR-267. A decis\u00e3o de estabelecer esse prazo suplementar foi anunciado na tarde desta ter\u00e7a-feira (14), ap\u00f3s reuni\u00e3o articulada pelo deputado federal Vander Loubet (PT-MS) em Bras\u00edlia com prefeitos e o diretor geral da Ag\u00eancia, Jorge Luiz Macedo Bastos, onde foi apresentado o detalhamento das obras a serem feitas nas rodovias.<\/p>\n<p>Vander comemorou a medida anunciada pela ANTT tendo em vista que o prazo para o envio de contribui\u00e7\u00f5es findou em fevereiro deste ano. &#8220;Foi uma reuni\u00e3o necess\u00e1ria e muito produtiva. O projeto executivo das obras a serem feitas precisa receber as contribui\u00e7\u00f5es dos prefeitos j\u00e1 que v\u00e1rios munic\u00edpios possuem particularidades que merecem ser contempladas&#8221;, destacou o parlamentar.<\/p>\n<p>Estiveram presentes \u00e0 reuni\u00e3o o senador Delc\u00eddio do Amaral (PT-MS) e 14 dos 20 prefeitos convidados: M\u00e1rcio Faustino (Bandeirantes), Pedro Caravina (Bataguassu), M\u00e1rio Val\u00e9rio (Caarap\u00f3), Alcides Bernal (Campo Grande), Aluizio S\u00e3o Jos\u00e9 (Coxim), Marta Ara\u00fajo (Eldorado), Vaguinho Vilela (Jaraguari), Bel Rodrigues (Juti), Humberto Amaducci (Mundo Novo), Juvenal Neto (Nova Alvorada do Sul), Z\u00e9 Cabelo (Ribas do Rio Pardo), M\u00e1rio Kruger (Rio Verde de Mato Grosso), Ad\u00e3o Rolim (S\u00e3o Gabriel do Oeste) e Yuri Valeis (Sonora). O prefeito L\u00e9o Matos, de Navira\u00ed, foi representado pelo vice-prefeito Jair dos Santos e o prefeito Ricardo Favaro, de Itaquira\u00ed, tamb\u00e9m enviou representante.<\/p>\n<p><strong>Rateio entre munic\u00edpios<\/strong><\/p>\n<p>Durante a apresenta\u00e7\u00e3o do detalhamento das obras a serem executadas v\u00e1rios prefeitos se manifestaram para expor as particularidades de seus munic\u00edpios. Foram os casos de Coxim, Ribas do Rio Pardo e Eldorado. No caso de Coxim, o prefeito Aluzio S\u00e3o Jos\u00e9 cobrou a constru\u00e7\u00e3o de acessos para facilitar a mobilidade dos caminh\u00f5es boiadeiros. Segundo ele, o traf\u00e9go desses ve\u00edculos \u00e9 intenso e o projeto atual dificultaria a entrada e sa\u00edde dos caminh\u00f5es \u00e0s \u00e1reas rurais. Por sua vez, o prefeito Z\u00e9 Cabelo, de Ribas do Rio Pardo, explicou que a passagem da BR-262 pelo per\u00edmetro urbano por meio de cruzamento em n\u00edvel \u00e9 muito perigosa e solicitou que essa passagem seja feita por meio de t\u00fanel subterr\u00e2neo.<\/p>\n<figure id=\"attachment_6383\" aria-describedby=\"caption-attachment-6383\" style=\"width: 420px\" class=\"wp-caption aligncenter\"><a href=\"http:\/\/www.deputadovander.com.br\/website\/wp-content\/uploads\/2013\/05\/foto-2013-05-14-reuniao-vander-prefeitos-antt-02.jpg\" target=\"_blank\"><img decoding=\"async\" class=\"size-medium wp-image-6383 \" title=\"Delc\u00eddio, Vander e Marta durante a reuni\u00e3o (foto: Jo\u00e3o Cirilo Neto)\" alt=\"Delc\u00eddio, Vander e Marta durante a reuni\u00e3o (foto: Jo\u00e3o Cirilo Neto)\" src=\"http:\/\/www.deputadovander.com.br\/website\/wp-content\/uploads\/2013\/05\/foto-2013-05-14-reuniao-vander-prefeitos-antt-02-420x231.jpg\" width=\"420\" height=\"231\" \/><\/a><figcaption id=\"caption-attachment-6383\" class=\"wp-caption-text\">Delc\u00eddio, Vander e Marta durante a reuni\u00e3o (foto: Jo\u00e3o Cirilo Neto)<\/figcaption><\/figure>\n<p>J\u00e1 a prefeita Marta Ara\u00fajo, de Eldorado, parabenizou a a\u00e7\u00e3o de Vander juntou \u00e0 ANTT e destacou a preocupa\u00e7\u00e3o com a seguran\u00e7a no tr\u00e2nsito da BR-163 por conta da usina de \u00e1lcool e a\u00e7\u00facar que existe no munic\u00edpio. &#8220;A duplica\u00e7\u00e3o da BR-163 ser\u00e1 extraordin\u00e1ria para todo o nosso estado e acredito que todos n\u00f3s, prefeitos e prefeitas, estamos muito satisfeitos pela articula\u00e7\u00e3o e pela mobiliza\u00e7\u00e3o feita pelo deputado Vander Loubet em prol das nossas reivindica\u00e7\u00f5es. Essa reuni\u00e3o foi fundamental porque, no caso do nosso munic\u00edpio, precisamos que a ANTT contemple o acesso \u00e0 usina, prevendo inclusive o intenso fluxo de grandes caminh\u00f5es. Todas as obras e a sinaliza\u00e7\u00e3o desse trecho precisam estar adequadas a esse intenso fluxo&#8221;, explicou.<\/p>\n<p>Outro ponto abordado durante a reuni\u00e3o com o diretor geral da ANTT foi a respeito do Imposto sobre Servi\u00e7os de Qualquer Natureza (ISS). Havia uma preocupa\u00e7\u00e3o por parte de v\u00e1rios prefeitos em rela\u00e7\u00e3o ao rateio dessa receita. De acordo com Bastos, a divis\u00e3o do ISS gerado pelos ped\u00e1gios ser\u00e1 feita de forma proporcional ao tamanho da malha rodovi\u00e1ria dentro do limite territorial de cada munic\u00edpio. &#8220;Al\u00e9m disso, nessa quest\u00e3o, os prefeitos receberam uma \u00f3tima not\u00edcia: de acordo com estudos da Ag\u00eancia, os investimentos a serem feitos pelas empresas em contrapartida \u00e0 concess\u00e3o &#8211; que deve chegar a R$ 8,7 bilh\u00f5es em cinco anos &#8211; devem gerar de R$ 250 milh\u00f5es a R$ 350 milh\u00f5es em ISS para os 29 munic\u00edpios envolvidos&#8221;, complementou Vander.<\/p>\n<figure id=\"attachment_6384\" aria-describedby=\"caption-attachment-6384\" style=\"width: 420px\" class=\"wp-caption aligncenter\"><a href=\"http:\/\/www.deputadovander.com.br\/website\/wp-content\/uploads\/2013\/05\/foto-2013-05-14-reuniao-vander-prefeitos-antt-03.jpg\" target=\"_blank\"><img decoding=\"async\" class=\"size-medium wp-image-6384 \" title=\"Vander, Delc\u00eddio e prefeitos posam ao final da reuni\u00e3o (foto: Guilherme Martimon)\" alt=\"Vander, Delc\u00eddio e prefeitos posam ao final da reuni\u00e3o (foto: Guilherme Martimon)\" src=\"http:\/\/www.deputadovander.com.br\/website\/wp-content\/uploads\/2013\/05\/foto-2013-05-14-reuniao-vander-prefeitos-antt-03-420x231.jpg\" width=\"420\" height=\"231\" \/><\/a><figcaption id=\"caption-attachment-6384\" class=\"wp-caption-text\">Vander, Delc\u00eddio e prefeitos posam ao final da reuni\u00e3o (foto: Guilherme Martimon)<\/figcaption><\/figure>\n<p><strong>Quase R$ 9 bilh\u00f5es<\/strong><\/p>\n<p>Em Mato Grosso do Sul, o Programa de Concess\u00e3o de Rodovias Federais prev\u00ea que sejam administradas pela iniciativa privada as rodovias BR-163 (da divisa MS\/MT \u00e0 divisa MS\/PR), BR-267 (do entroncamento com a BR-163 at\u00e9 a divisa MS\/SP) e BR-262 (do entroncamento com a BR-163 at\u00e9 a divisa MS\/SP). Como contrapartida pela cobran\u00e7a de ped\u00e1gio, os investimentos obrigat\u00f3rios nas rodovias ser\u00e3o de quase R$ 9 bilh\u00f5es e devem incluir a duplica\u00e7\u00e3o de 1.369 dos 1.423 quil\u00f4metros de rodovia (uma pequena parte j\u00e1 \u00e9 duplicada); a adequa\u00e7\u00e3o de toda a sinaliza\u00e7\u00e3o; a reforma de pontes, viadutos e tubula\u00e7\u00f5es de drenagem; a disponibiliza\u00e7\u00e3o do Servi\u00e7o de Apoio ao Usu\u00e1rio (SAU) com ambul\u00e2ncia para atendimento m\u00e9dico de emerg\u00eancia, atendimento mec\u00e2nico, brigada para combater inc\u00eandios e servi\u00e7o de apreens\u00e3o de animais que possam invadir a pista; e um sistema de monitoramento por c\u00e2meras, instaladas a cada dois quil\u00f4metros.<\/p>\n<p><span style=\"font-size: 11px;\">(\u00c9der Yanaguita &#8211; Assessoria\/Deputado Vander)<\/span><\/p>\n","protected":false},"excerpt":{"rendered":"<p>Decis\u00e3o da ANTT foi anunciada ap\u00f3s reuni\u00e3o articulada pelo deputado Vander em Bras\u00edlia com prefeitos e o diretor geral da Ag\u00eancia.<\/p>\n","protected":false},"author":2,"featured_media":0,"comment_status":"closed","ping_status":"open","sticky":false,"template":"","format":"standard","meta":{"jetpack_post_was_ever_published":false,"_jetpack_newsletter_access":"","_jetpack_dont_email_post_to_subs":false,"_jetpack_newsletter_tier_id":0,"_jetpack_memberships_contains_paywalled_content":false,"_jetpack_memberships_contains_paid_content":false,"footnotes":""},"categories":[10],"tags":[17,24,25,147,292,493,806,1631,1745],"class_list":{"0":"post-6381","1":"post","2":"type-post","3":"status-publish","4":"format-standard","6":"category-noticias","7":"tag-17","8":"tag-24","9":"tag-25","10":"tag-antt","11":"tag-br","12":"tag-concessao","13":"tag-federais","14":"tag-programa","15":"tag-rodovias"},"yoast_head":"<!-- This site is optimized with the Yoast SEO plugin v27.4 - https:\/\/yoast.com\/product\/yoast-seo-wordpress\/ -->\n<title>ANTT abre prazo para munic\u00edpios enviarem sugest\u00f5es sobre concess\u00e3o de rodovias em MS<\/title>\n<meta name=\"robots\" content=\"index, follow, max-snippet:-1, max-image-preview:large, max-video-preview:-1\" \/>\n<link rel=\"canonical\" href=\"https:\/\/vanderloubet.com.br\/deputado\/antt-abre-prazo-para-municipios-enviarem-sugestoes-sobre-concessao-de-rodovias-em-ms\/\" \/>\n<meta property=\"og:locale\" content=\"pt_BR\" \/>\n<meta property=\"og:type\" content=\"article\" \/>\n<meta property=\"og:title\" content=\"ANTT abre prazo para munic\u00edpios enviarem sugest\u00f5es sobre concess\u00e3o de rodovias em MS\" \/>\n<meta property=\"og:description\" content=\"Decis\u00e3o da ANTT foi anunciada ap\u00f3s reuni\u00e3o articulada pelo deputado Vander em Bras\u00edlia com prefeitos e o diretor geral da Ag\u00eancia.\" \/>\n<meta property=\"og:url\" content=\"https:\/\/vanderloubet.com.br\/deputado\/antt-abre-prazo-para-municipios-enviarem-sugestoes-sobre-concessao-de-rodovias-em-ms\/\" \/>\n<meta property=\"og:site_name\" content=\"Deputado Federal Vander Loubet\" \/>\n<meta property=\"article:publisher\" content=\"https:\/\/facebook.com\/deputadovander\" \/>\n<meta property=\"article:published_time\" content=\"2013-05-14T22:31:17+00:00\" \/>\n<meta property=\"og:image\" content=\"http:\/\/www.deputadovander.com.br\/website\/wp-content\/uploads\/2013\/05\/foto-2013-05-14-reuniao-vander-prefeitos-antt-01-420x231.jpg\" \/>\n<meta name=\"author\" content=\"\u00c9der\" \/>\n<meta name=\"twitter:card\" content=\"summary_large_image\" \/>\n<meta name=\"twitter:creator\" content=\"@vanderloubet\" \/>\n<meta name=\"twitter:site\" content=\"@vanderloubet\" \/>\n<script type=\"application\/ld+json\" class=\"yoast-schema-graph\">{\"@context\":\"https:\\\/\\\/schema.org\",\"@graph\":[{\"@type\":\"Article\",\"@id\":\"https:\\\/\\\/vanderloubet.com.br\\\/deputado\\\/antt-abre-prazo-para-municipios-enviarem-sugestoes-sobre-concessao-de-rodovias-em-ms\\\/#article\",\"isPartOf\":{\"@id\":\"https:\\\/\\\/vanderloubet.com.br\\\/deputado\\\/antt-abre-prazo-para-municipios-enviarem-sugestoes-sobre-concessao-de-rodovias-em-ms\\\/\"},\"author\":{\"name\":\"\u00c9der\",\"@id\":\"https:\\\/\\\/vanderloubet.com.br\\\/deputado\\\/#\\\/schema\\\/person\\\/15b51bd564532a8a68d9dec1b8eb890e\"},\"headline\":\"ANTT abre prazo para munic\u00edpios enviarem sugest\u00f5es sobre concess\u00e3o de rodovias em MS\",\"datePublished\":\"2013-05-14T22:31:17+00:00\",\"mainEntityOfPage\":{\"@id\":\"https:\\\/\\\/vanderloubet.com.br\\\/deputado\\\/antt-abre-prazo-para-municipios-enviarem-sugestoes-sobre-concessao-de-rodovias-em-ms\\\/\"},\"wordCount\":933,\"publisher\":{\"@id\":\"https:\\\/\\\/vanderloubet.com.br\\\/deputado\\\/#organization\"},\"image\":{\"@id\":\"https:\\\/\\\/vanderloubet.com.br\\\/deputado\\\/antt-abre-prazo-para-municipios-enviarem-sugestoes-sobre-concessao-de-rodovias-em-ms\\\/#primaryimage\"},\"thumbnailUrl\":\"http:\\\/\\\/www.deputadovander.com.br\\\/website\\\/wp-content\\\/uploads\\\/2013\\\/05\\\/foto-2013-05-14-reuniao-vander-prefeitos-antt-01-420x231.jpg\",\"keywords\":[\"163\",\"262\",\"267\",\"antt\",\"br\",\"concess\u00e3o\",\"federais\",\"programa\",\"rodovias\"],\"articleSection\":[\"Not\u00edcias\"],\"inLanguage\":\"pt-BR\"},{\"@type\":\"WebPage\",\"@id\":\"https:\\\/\\\/vanderloubet.com.br\\\/deputado\\\/antt-abre-prazo-para-municipios-enviarem-sugestoes-sobre-concessao-de-rodovias-em-ms\\\/\",\"url\":\"https:\\\/\\\/vanderloubet.com.br\\\/deputado\\\/antt-abre-prazo-para-municipios-enviarem-sugestoes-sobre-concessao-de-rodovias-em-ms\\\/\",\"name\":\"ANTT abre prazo para munic\u00edpios enviarem sugest\u00f5es sobre concess\u00e3o de rodovias em MS\",\"isPartOf\":{\"@id\":\"https:\\\/\\\/vanderloubet.com.br\\\/deputado\\\/#website\"},\"primaryImageOfPage\":{\"@id\":\"https:\\\/\\\/vanderloubet.com.br\\\/deputado\\\/antt-abre-prazo-para-municipios-enviarem-sugestoes-sobre-concessao-de-rodovias-em-ms\\\/#primaryimage\"},\"image\":{\"@id\":\"https:\\\/\\\/vanderloubet.com.br\\\/deputado\\\/antt-abre-prazo-para-municipios-enviarem-sugestoes-sobre-concessao-de-rodovias-em-ms\\\/#primaryimage\"},\"thumbnailUrl\":\"http:\\\/\\\/www.deputadovander.com.br\\\/website\\\/wp-content\\\/uploads\\\/2013\\\/05\\\/foto-2013-05-14-reuniao-vander-prefeitos-antt-01-420x231.jpg\",\"datePublished\":\"2013-05-14T22:31:17+00:00\",\"breadcrumb\":{\"@id\":\"https:\\\/\\\/vanderloubet.com.br\\\/deputado\\\/antt-abre-prazo-para-municipios-enviarem-sugestoes-sobre-concessao-de-rodovias-em-ms\\\/#breadcrumb\"},\"inLanguage\":\"pt-BR\",\"potentialAction\":[{\"@type\":\"ReadAction\",\"target\":[\"https:\\\/\\\/vanderloubet.com.br\\\/deputado\\\/antt-abre-prazo-para-municipios-enviarem-sugestoes-sobre-concessao-de-rodovias-em-ms\\\/\"]}]},{\"@type\":\"ImageObject\",\"inLanguage\":\"pt-BR\",\"@id\":\"https:\\\/\\\/vanderloubet.com.br\\\/deputado\\\/antt-abre-prazo-para-municipios-enviarem-sugestoes-sobre-concessao-de-rodovias-em-ms\\\/#primaryimage\",\"url\":\"http:\\\/\\\/www.deputadovander.com.br\\\/website\\\/wp-content\\\/uploads\\\/2013\\\/05\\\/foto-2013-05-14-reuniao-vander-prefeitos-antt-01-420x231.jpg\",\"contentUrl\":\"http:\\\/\\\/www.deputadovander.com.br\\\/website\\\/wp-content\\\/uploads\\\/2013\\\/05\\\/foto-2013-05-14-reuniao-vander-prefeitos-antt-01-420x231.jpg\"},{\"@type\":\"BreadcrumbList\",\"@id\":\"https:\\\/\\\/vanderloubet.com.br\\\/deputado\\\/antt-abre-prazo-para-municipios-enviarem-sugestoes-sobre-concessao-de-rodovias-em-ms\\\/#breadcrumb\",\"itemListElement\":[{\"@type\":\"ListItem\",\"position\":1,\"name\":\"In\u00edcio\",\"item\":\"https:\\\/\\\/vanderloubet.com.br\\\/deputado\\\/\"},{\"@type\":\"ListItem\",\"position\":2,\"name\":\"ANTT abre prazo para munic\u00edpios enviarem sugest\u00f5es sobre concess\u00e3o de rodovias em MS\"}]},{\"@type\":\"WebSite\",\"@id\":\"https:\\\/\\\/vanderloubet.com.br\\\/deputado\\\/#website\",\"url\":\"https:\\\/\\\/vanderloubet.com.br\\\/deputado\\\/\",\"name\":\"Deputado Federal Vander Loubet\",\"description\":\"O Federal de MS\",\"publisher\":{\"@id\":\"https:\\\/\\\/vanderloubet.com.br\\\/deputado\\\/#organization\"},\"alternateName\":\"Deputado Vander\",\"potentialAction\":[{\"@type\":\"SearchAction\",\"target\":{\"@type\":\"EntryPoint\",\"urlTemplate\":\"https:\\\/\\\/vanderloubet.com.br\\\/deputado\\\/?s={search_term_string}\"},\"query-input\":{\"@type\":\"PropertyValueSpecification\",\"valueRequired\":true,\"valueName\":\"search_term_string\"}}],\"inLanguage\":\"pt-BR\"},{\"@type\":\"Organization\",\"@id\":\"https:\\\/\\\/vanderloubet.com.br\\\/deputado\\\/#organization\",\"name\":\"Deputado Federal Vander Loubet\",\"alternateName\":\"Deputado Vander\",\"url\":\"https:\\\/\\\/vanderloubet.com.br\\\/deputado\\\/\",\"logo\":{\"@type\":\"ImageObject\",\"inLanguage\":\"pt-BR\",\"@id\":\"https:\\\/\\\/vanderloubet.com.br\\\/deputado\\\/#\\\/schema\\\/logo\\\/image\\\/\",\"url\":\"https:\\\/\\\/vanderloubet.com.br\\\/deputado\\\/wp-content\\\/uploads\\\/2023\\\/06\\\/foto-2023-06-19-mandato-deputado-vander.jpg\",\"contentUrl\":\"https:\\\/\\\/vanderloubet.com.br\\\/deputado\\\/wp-content\\\/uploads\\\/2023\\\/06\\\/foto-2023-06-19-mandato-deputado-vander.jpg\",\"width\":1080,\"height\":1080,\"caption\":\"Deputado Federal Vander Loubet\"},\"image\":{\"@id\":\"https:\\\/\\\/vanderloubet.com.br\\\/deputado\\\/#\\\/schema\\\/logo\\\/image\\\/\"},\"sameAs\":[\"https:\\\/\\\/facebook.com\\\/deputadovander\",\"https:\\\/\\\/x.com\\\/vanderloubet\",\"https:\\\/\\\/instagram.com\\\/vanderloubet\",\"https:\\\/\\\/youtube.com\\\/vanderloubet\",\"https:\\\/\\\/tiktok.com\\\/@vanderloubetms\"]},{\"@type\":\"Person\",\"@id\":\"https:\\\/\\\/vanderloubet.com.br\\\/deputado\\\/#\\\/schema\\\/person\\\/15b51bd564532a8a68d9dec1b8eb890e\",\"name\":\"\u00c9der\",\"image\":{\"@type\":\"ImageObject\",\"inLanguage\":\"pt-BR\",\"@id\":\"https:\\\/\\\/vanderloubet.com.br\\\/deputado\\\/wp-content\\\/litespeed\\\/avatar\\\/88ca4090d9d5ab1c9495f6ca03b68efa.jpg?ver=1777058957\",\"url\":\"https:\\\/\\\/vanderloubet.com.br\\\/deputado\\\/wp-content\\\/litespeed\\\/avatar\\\/88ca4090d9d5ab1c9495f6ca03b68efa.jpg?ver=1777058957\",\"contentUrl\":\"https:\\\/\\\/vanderloubet.com.br\\\/deputado\\\/wp-content\\\/litespeed\\\/avatar\\\/88ca4090d9d5ab1c9495f6ca03b68efa.jpg?ver=1777058957\",\"caption\":\"\u00c9der\"}}]}<\/script>\n<!-- \/ Yoast SEO plugin. -->","yoast_head_json":{"title":"ANTT abre prazo para munic\u00edpios enviarem sugest\u00f5es sobre concess\u00e3o de rodovias em MS","robots":{"index":"index","follow":"follow","max-snippet":"max-snippet:-1","max-image-preview":"max-image-preview:large","max-video-preview":"max-video-preview:-1"},"canonical":"https:\/\/vanderloubet.com.br\/deputado\/antt-abre-prazo-para-municipios-enviarem-sugestoes-sobre-concessao-de-rodovias-em-ms\/","og_locale":"pt_BR","og_type":"article","og_title":"ANTT abre prazo para munic\u00edpios enviarem sugest\u00f5es sobre concess\u00e3o de rodovias em MS","og_description":"Decis\u00e3o da ANTT foi anunciada ap\u00f3s reuni\u00e3o articulada pelo deputado Vander em Bras\u00edlia com prefeitos e o diretor geral da Ag\u00eancia.","og_url":"https:\/\/vanderloubet.com.br\/deputado\/antt-abre-prazo-para-municipios-enviarem-sugestoes-sobre-concessao-de-rodovias-em-ms\/","og_site_name":"Deputado Federal Vander Loubet","article_publisher":"https:\/\/facebook.com\/deputadovander","article_published_time":"2013-05-14T22:31:17+00:00","og_image":[{"url":"http:\/\/www.deputadovander.com.br\/website\/wp-content\/uploads\/2013\/05\/foto-2013-05-14-reuniao-vander-prefeitos-antt-01-420x231.jpg","type":"","width":"","height":""}],"author":"\u00c9der","twitter_card":"summary_large_image","twitter_creator":"@vanderloubet","twitter_site":"@vanderloubet","schema":{"@context":"https:\/\/schema.org","@graph":[{"@type":"Article","@id":"https:\/\/vanderloubet.com.br\/deputado\/antt-abre-prazo-para-municipios-enviarem-sugestoes-sobre-concessao-de-rodovias-em-ms\/#article","isPartOf":{"@id":"https:\/\/vanderloubet.com.br\/deputado\/antt-abre-prazo-para-municipios-enviarem-sugestoes-sobre-concessao-de-rodovias-em-ms\/"},"author":{"name":"\u00c9der","@id":"https:\/\/vanderloubet.com.br\/deputado\/#\/schema\/person\/15b51bd564532a8a68d9dec1b8eb890e"},"headline":"ANTT abre prazo para munic\u00edpios enviarem sugest\u00f5es sobre concess\u00e3o de rodovias em MS","datePublished":"2013-05-14T22:31:17+00:00","mainEntityOfPage":{"@id":"https:\/\/vanderloubet.com.br\/deputado\/antt-abre-prazo-para-municipios-enviarem-sugestoes-sobre-concessao-de-rodovias-em-ms\/"},"wordCount":933,"publisher":{"@id":"https:\/\/vanderloubet.com.br\/deputado\/#organization"},"image":{"@id":"https:\/\/vanderloubet.com.br\/deputado\/antt-abre-prazo-para-municipios-enviarem-sugestoes-sobre-concessao-de-rodovias-em-ms\/#primaryimage"},"thumbnailUrl":"http:\/\/www.deputadovander.com.br\/website\/wp-content\/uploads\/2013\/05\/foto-2013-05-14-reuniao-vander-prefeitos-antt-01-420x231.jpg","keywords":["163","262","267","antt","br","concess\u00e3o","federais","programa","rodovias"],"articleSection":["Not\u00edcias"],"inLanguage":"pt-BR"},{"@type":"WebPage","@id":"https:\/\/vanderloubet.com.br\/deputado\/antt-abre-prazo-para-municipios-enviarem-sugestoes-sobre-concessao-de-rodovias-em-ms\/","url":"https:\/\/vanderloubet.com.br\/deputado\/antt-abre-prazo-para-municipios-enviarem-sugestoes-sobre-concessao-de-rodovias-em-ms\/","name":"ANTT abre prazo para munic\u00edpios enviarem sugest\u00f5es sobre concess\u00e3o de rodovias em MS","isPartOf":{"@id":"https:\/\/vanderloubet.com.br\/deputado\/#website"},"primaryImageOfPage":{"@id":"https:\/\/vanderloubet.com.br\/deputado\/antt-abre-prazo-para-municipios-enviarem-sugestoes-sobre-concessao-de-rodovias-em-ms\/#primaryimage"},"image":{"@id":"https:\/\/vanderloubet.com.br\/deputado\/antt-abre-prazo-para-municipios-enviarem-sugestoes-sobre-concessao-de-rodovias-em-ms\/#primaryimage"},"thumbnailUrl":"http:\/\/www.deputadovander.com.br\/website\/wp-content\/uploads\/2013\/05\/foto-2013-05-14-reuniao-vander-prefeitos-antt-01-420x231.jpg","datePublished":"2013-05-14T22:31:17+00:00","breadcrumb":{"@id":"https:\/\/vanderloubet.com.br\/deputado\/antt-abre-prazo-para-municipios-enviarem-sugestoes-sobre-concessao-de-rodovias-em-ms\/#breadcrumb"},"inLanguage":"pt-BR","potentialAction":[{"@type":"ReadAction","target":["https:\/\/vanderloubet.com.br\/deputado\/antt-abre-prazo-para-municipios-enviarem-sugestoes-sobre-concessao-de-rodovias-em-ms\/"]}]},{"@type":"ImageObject","inLanguage":"pt-BR","@id":"https:\/\/vanderloubet.com.br\/deputado\/antt-abre-prazo-para-municipios-enviarem-sugestoes-sobre-concessao-de-rodovias-em-ms\/#primaryimage","url":"http:\/\/www.deputadovander.com.br\/website\/wp-content\/uploads\/2013\/05\/foto-2013-05-14-reuniao-vander-prefeitos-antt-01-420x231.jpg","contentUrl":"http:\/\/www.deputadovander.com.br\/website\/wp-content\/uploads\/2013\/05\/foto-2013-05-14-reuniao-vander-prefeitos-antt-01-420x231.jpg"},{"@type":"BreadcrumbList","@id":"https:\/\/vanderloubet.com.br\/deputado\/antt-abre-prazo-para-municipios-enviarem-sugestoes-sobre-concessao-de-rodovias-em-ms\/#breadcrumb","itemListElement":[{"@type":"ListItem","position":1,"name":"In\u00edcio","item":"https:\/\/vanderloubet.com.br\/deputado\/"},{"@type":"ListItem","position":2,"name":"ANTT abre prazo para munic\u00edpios enviarem sugest\u00f5es sobre concess\u00e3o de rodovias em MS"}]},{"@type":"WebSite","@id":"https:\/\/vanderloubet.com.br\/deputado\/#website","url":"https:\/\/vanderloubet.com.br\/deputado\/","name":"Deputado Federal Vander Loubet","description":"O Federal de MS","publisher":{"@id":"https:\/\/vanderloubet.com.br\/deputado\/#organization"},"alternateName":"Deputado Vander","potentialAction":[{"@type":"SearchAction","target":{"@type":"EntryPoint","urlTemplate":"https:\/\/vanderloubet.com.br\/deputado\/?s={search_term_string}"},"query-input":{"@type":"PropertyValueSpecification","valueRequired":true,"valueName":"search_term_string"}}],"inLanguage":"pt-BR"},{"@type":"Organization","@id":"https:\/\/vanderloubet.com.br\/deputado\/#organization","name":"Deputado Federal Vander Loubet","alternateName":"Deputado Vander","url":"https:\/\/vanderloubet.com.br\/deputado\/","logo":{"@type":"ImageObject","inLanguage":"pt-BR","@id":"https:\/\/vanderloubet.com.br\/deputado\/#\/schema\/logo\/image\/","url":"https:\/\/vanderloubet.com.br\/deputado\/wp-content\/uploads\/2023\/06\/foto-2023-06-19-mandato-deputado-vander.jpg","contentUrl":"https:\/\/vanderloubet.com.br\/deputado\/wp-content\/uploads\/2023\/06\/foto-2023-06-19-mandato-deputado-vander.jpg","width":1080,"height":1080,"caption":"Deputado Federal Vander Loubet"},"image":{"@id":"https:\/\/vanderloubet.com.br\/deputado\/#\/schema\/logo\/image\/"},"sameAs":["https:\/\/facebook.com\/deputadovander","https:\/\/x.com\/vanderloubet","https:\/\/instagram.com\/vanderloubet","https:\/\/youtube.com\/vanderloubet","https:\/\/tiktok.com\/@vanderloubetms"]},{"@type":"Person","@id":"https:\/\/vanderloubet.com.br\/deputado\/#\/schema\/person\/15b51bd564532a8a68d9dec1b8eb890e","name":"\u00c9der","image":{"@type":"ImageObject","inLanguage":"pt-BR","@id":"https:\/\/vanderloubet.com.br\/deputado\/wp-content\/litespeed\/avatar\/88ca4090d9d5ab1c9495f6ca03b68efa.jpg?ver=1777058957","url":"https:\/\/vanderloubet.com.br\/deputado\/wp-content\/litespeed\/avatar\/88ca4090d9d5ab1c9495f6ca03b68efa.jpg?ver=1777058957","contentUrl":"https:\/\/vanderloubet.com.br\/deputado\/wp-content\/litespeed\/avatar\/88ca4090d9d5ab1c9495f6ca03b68efa.jpg?ver=1777058957","caption":"\u00c9der"}}]}},"jetpack_featured_media_url":"","jetpack_sharing_enabled":true,"_links":{"self":[{"href":"https:\/\/vanderloubet.com.br\/deputado\/wp-json\/wp\/v2\/posts\/6381","targetHints":{"allow":["GET"]}}],"collection":[{"href":"https:\/\/vanderloubet.com.br\/deputado\/wp-json\/wp\/v2\/posts"}],"about":[{"href":"https:\/\/vanderloubet.com.br\/deputado\/wp-json\/wp\/v2\/types\/post"}],"author":[{"embeddable":true,"href":"https:\/\/vanderloubet.com.br\/deputado\/wp-json\/wp\/v2\/users\/2"}],"replies":[{"embeddable":true,"href":"https:\/\/vanderloubet.com.br\/deputado\/wp-json\/wp\/v2\/comments?post=6381"}],"version-history":[{"count":0,"href":"https:\/\/vanderloubet.com.br\/deputado\/wp-json\/wp\/v2\/posts\/6381\/revisions"}],"wp:attachment":[{"href":"https:\/\/vanderloubet.com.br\/deputado\/wp-json\/wp\/v2\/media?parent=6381"}],"wp:term":[{"taxonomy":"category","embeddable":true,"href":"https:\/\/vanderloubet.com.br\/deputado\/wp-json\/wp\/v2\/categories?post=6381"},{"taxonomy":"post_tag","embeddable":true,"href":"https:\/\/vanderloubet.com.br\/deputado\/wp-json\/wp\/v2\/tags?post=6381"}],"curies":[{"name":"wp","href":"https:\/\/api.w.org\/{rel}","templated":true}]}}