{"id":6373,"date":"2013-05-14T09:50:23","date_gmt":"2013-05-14T13:50:23","guid":{"rendered":"http:\/\/www.deputadovander.com.br\/website\/?p=6373"},"modified":"2013-05-14T09:50:23","modified_gmt":"2013-05-14T13:50:23","slug":"vander-reune-prefeitos-na-antt-para-tratar-de-concessao-das-rodovias-em-ms","status":"publish","type":"post","link":"https:\/\/vanderloubet.com.br\/deputado\/vander-reune-prefeitos-na-antt-para-tratar-de-concessao-das-rodovias-em-ms\/","title":{"rendered":"Vander re\u00fane prefeitos na ANTT para tratar de concess\u00e3o das rodovias em MS"},"content":{"rendered":"<figure id=\"attachment_6225\" aria-describedby=\"caption-attachment-6225\" style=\"width: 420px\" class=\"wp-caption aligncenter\"><a href=\"http:\/\/www.deputadovander.com.br\/website\/wp-content\/uploads\/2013\/03\/foto-2013-03-31-vander-loubet-jorge-bastos-antt.jpg\" target=\"_blank\"><img decoding=\"async\" class=\"size-medium wp-image-6225 \" title=\"Diretor da ANTT recebeu Vander em mar\u00e7o para tratar das concess\u00f5es\" alt=\"Diretor da ANTT recebeu Vander em mar\u00e7o para tratar das concess\u00f5es\" src=\"http:\/\/www.deputadovander.com.br\/website\/wp-content\/uploads\/2013\/03\/foto-2013-03-31-vander-loubet-jorge-bastos-antt-420x280.jpg\" width=\"420\" height=\"280\" \/><\/a><figcaption id=\"caption-attachment-6225\" class=\"wp-caption-text\">Diretor da ANTT recebeu Vander em mar\u00e7o para tratar das concess\u00f5es<\/figcaption><\/figure>\n<p>Ser\u00e1 realizada hoje (14), a partir das 14 horas, uma reuni\u00e3o na Ag\u00eancia Nacional de Transportes Terrestres (ANTT), em Bras\u00edlia, entre prefeitos de 20 munic\u00edpios de Mato Grosso do Sul e o diretor geral da Ag\u00eancia, Jorge Luiz Macedo Bastos. A reuni\u00e3o est\u00e1 sendo promovida pelo deputado federal Vander Loubet (PT-MS) e tem como objetivo a discuss\u00e3o sobre o detalhamento das obras a serem feitas nas rodovias BR-163, BR-262 e BR-267 no \u00e2mbito do Programa de Concess\u00e3o de Rodovias Federais.<\/p>\n<p>&#8220;Essa ser\u00e1 a oportunidade de os prefeitos das cidades afetadas pelo Programa em nosso estado obterem da ANTT uma explana\u00e7\u00e3o detalhada sobre as interven\u00e7\u00f5es que devem ser feitas nos trechos das rodovias que passam ou cortam esses munic\u00edpios, como, por exemplo, passarelas, vias de acesso, retornos, vias marginais, fora a duplica\u00e7\u00e3o, que deve ocorrer em 100% das rodovias. Al\u00e9m disso, os prefeitos poder\u00e3o sugerir ou solicitar modifica\u00e7\u00f5es nessas interven\u00e7\u00f5es a fim de atender os interesses da popula\u00e7\u00e3o e as necessidades de cada cidade&#8221;, explicou Vander.<\/p>\n<p>Est\u00e1 confirmada a presen\u00e7a dos prefeitos Silas Jos\u00e9 (\u00c1gua Clara), M\u00e1rcio Faustino (Bandeirantes), Pedro Caravina (Bataguassu), M\u00e1rio Val\u00e9rio (Caarap\u00f3), Alcides Bernal (Campo Grande), Aluizio S\u00e3o Jos\u00e9 (Coxim), Murilo Zauith (Dourados), Marta Ara\u00fajo (Eldorado), Ricardo Favaro (Itaquira\u00ed), Vaguinho Vilela (Jaraguari), Bel Rodrigues (Juti), Humberto Amaducci (Mundo Novo), L\u00e9o Matos (Navira\u00ed), Juvenal Neto (Nova Alvorada do Sul), Z\u00e9 Cabelo (Ribas do Rio Pardo), Sidney Foroni (Rio Brilhante), M\u00e1rio Kruger (Rio Verde de Mato Grosso), Ad\u00e3o Rolim (S\u00e3o Gabriel do Oeste), Yuri Valeis (Sonora) e Marcia Moura (Tr\u00eas Lagoas).<\/p>\n<p><strong>Grande impacto<\/strong><\/p>\n<p>A reuni\u00e3o na ANTT com prefeitos de Mato Grosso do Sul foi agendada ap\u00f3s uma solicita\u00e7\u00e3o de Vander Loubet, feita em meados de mar\u00e7o, quando o parlamentar esteve reunido em Bras\u00edlia com o diretor geral Jorge Luiz Macedo Bastos. Na ocasi\u00e3o, Vander manifestou sua preocupa\u00e7\u00e3o com o fato de que o projeto n\u00e3o estar contando com a participa\u00e7\u00e3o dos prefeitos.<\/p>\n<p>&#8220;Essa, provavelmente, \u00e9 uma das obras mais importantes que ser\u00e3o realizadas em nosso estado nos pr\u00f3ximos 10 anos. Envolve 29 dos 79 munic\u00edpios e representa uma profunda transforma\u00e7\u00e3o no sistema rodovi\u00e1rio. \u00c9 fundamental que esse projeto receba as cr\u00edticas e contribui\u00e7\u00f5es dos prefeitos das cidades afetadas, at\u00e9 porque \u00e9 uma obra que pode causar grande impacto pelos per\u00edmetros urbanos em que vai passar&#8221;, defendeu o deputado petista.<\/p>\n<p><strong>Investimentos<\/strong><\/p>\n<p>Em Mato Grosso do Sul, o Programa de Concess\u00e3o de Rodovias Federais prev\u00ea que sejam administradas pela iniciativa privada as rodovias BR-163 (da divisa MS\/MT \u00e0 divisa MS\/PR), BR-267 (do entroncamento com a BR-163 at\u00e9 a divisa MS\/SP) e BR-262 (do entroncamento com a BR-163 at\u00e9 a divisa MS\/SP). Como contrapartida pela cobran\u00e7a de ped\u00e1gio, os investimentos obrigat\u00f3rios nas rodovias ser\u00e3o de R$ 8,71 bilh\u00f5es e devem incluir a duplica\u00e7\u00e3o de 1.369 dos 1.423 quil\u00f4metros de rodovia (uma pequena parte j\u00e1 \u00e9 duplicada); a adequa\u00e7\u00e3o de toda a sinaliza\u00e7\u00e3o; a reforma de pontes, viadutos e tubula\u00e7\u00f5es de drenagem; a disponibiliza\u00e7\u00e3o do Servi\u00e7o de Apoio ao Usu\u00e1rio (SAU) com ambul\u00e2ncia para atendimento m\u00e9dico de emerg\u00eancia, atendimento mec\u00e2nico, brigada para combater inc\u00eandios e servi\u00e7o de apreens\u00e3o de animais que possam invadir a pista; e um sistema de monitoramento por c\u00e2meras, instaladas a cada dois quil\u00f4metros.<\/p>\n<p><span style=\"font-size: 11px;\">(\u00c9der Yanaguita &#8211; Assessoria\/Deputado Vander)<\/span><\/p>\n","protected":false},"excerpt":{"rendered":"<p>Agenda com a ANTT foi solicitada pelo deputado em mar\u00e7o. Est\u00e1 confirmada a presen\u00e7a de prefeitos de 20 das 29 cidades afetadas.<\/p>\n","protected":false},"author":2,"featured_media":0,"comment_status":"closed","ping_status":"open","sticky":false,"template":"","format":"standard","meta":{"jetpack_post_was_ever_published":false,"_jetpack_newsletter_access":"","_jetpack_dont_email_post_to_subs":false,"_jetpack_newsletter_tier_id":0,"_jetpack_memberships_contains_paywalled_content":false,"_jetpack_memberships_contains_paid_content":false,"footnotes":""},"categories":[10],"tags":[17,24,25,147,292,493,806,1631,1745],"class_list":{"0":"post-6373","1":"post","2":"type-post","3":"status-publish","4":"format-standard","6":"category-noticias","7":"tag-17","8":"tag-24","9":"tag-25","10":"tag-antt","11":"tag-br","12":"tag-concessao","13":"tag-federais","14":"tag-programa","15":"tag-rodovias"},"yoast_head":"<!-- This site is optimized with the Yoast SEO plugin v27.4 - https:\/\/yoast.com\/product\/yoast-seo-wordpress\/ -->\n<title>Vander re\u00fane prefeitos na ANTT para tratar de concess\u00e3o das rodovias em MS<\/title>\n<meta name=\"robots\" content=\"index, follow, max-snippet:-1, max-image-preview:large, max-video-preview:-1\" \/>\n<link rel=\"canonical\" href=\"https:\/\/vanderloubet.com.br\/deputado\/vander-reune-prefeitos-na-antt-para-tratar-de-concessao-das-rodovias-em-ms\/\" \/>\n<meta property=\"og:locale\" content=\"pt_BR\" \/>\n<meta property=\"og:type\" content=\"article\" \/>\n<meta property=\"og:title\" content=\"Vander re\u00fane prefeitos na ANTT para tratar de concess\u00e3o das rodovias em MS\" \/>\n<meta property=\"og:description\" content=\"Agenda com a ANTT foi solicitada pelo deputado em mar\u00e7o. Est\u00e1 confirmada a presen\u00e7a de prefeitos de 20 das 29 cidades afetadas.\" \/>\n<meta property=\"og:url\" content=\"https:\/\/vanderloubet.com.br\/deputado\/vander-reune-prefeitos-na-antt-para-tratar-de-concessao-das-rodovias-em-ms\/\" \/>\n<meta property=\"og:site_name\" content=\"Deputado Federal Vander Loubet\" \/>\n<meta property=\"article:publisher\" content=\"https:\/\/facebook.com\/deputadovander\" \/>\n<meta property=\"article:published_time\" content=\"2013-05-14T13:50:23+00:00\" \/>\n<meta property=\"og:image\" content=\"http:\/\/www.deputadovander.com.br\/website\/wp-content\/uploads\/2013\/03\/foto-2013-03-31-vander-loubet-jorge-bastos-antt-420x280.jpg\" \/>\n<meta name=\"author\" content=\"\u00c9der\" \/>\n<meta name=\"twitter:card\" content=\"summary_large_image\" \/>\n<meta name=\"twitter:creator\" content=\"@vanderloubet\" \/>\n<meta name=\"twitter:site\" content=\"@vanderloubet\" \/>\n<script type=\"application\/ld+json\" class=\"yoast-schema-graph\">{\"@context\":\"https:\\\/\\\/schema.org\",\"@graph\":[{\"@type\":\"Article\",\"@id\":\"https:\\\/\\\/vanderloubet.com.br\\\/deputado\\\/vander-reune-prefeitos-na-antt-para-tratar-de-concessao-das-rodovias-em-ms\\\/#article\",\"isPartOf\":{\"@id\":\"https:\\\/\\\/vanderloubet.com.br\\\/deputado\\\/vander-reune-prefeitos-na-antt-para-tratar-de-concessao-das-rodovias-em-ms\\\/\"},\"author\":{\"name\":\"\u00c9der\",\"@id\":\"https:\\\/\\\/vanderloubet.com.br\\\/deputado\\\/#\\\/schema\\\/person\\\/15b51bd564532a8a68d9dec1b8eb890e\"},\"headline\":\"Vander re\u00fane prefeitos na ANTT para tratar de concess\u00e3o das rodovias em MS\",\"datePublished\":\"2013-05-14T13:50:23+00:00\",\"mainEntityOfPage\":{\"@id\":\"https:\\\/\\\/vanderloubet.com.br\\\/deputado\\\/vander-reune-prefeitos-na-antt-para-tratar-de-concessao-das-rodovias-em-ms\\\/\"},\"wordCount\":622,\"publisher\":{\"@id\":\"https:\\\/\\\/vanderloubet.com.br\\\/deputado\\\/#organization\"},\"image\":{\"@id\":\"https:\\\/\\\/vanderloubet.com.br\\\/deputado\\\/vander-reune-prefeitos-na-antt-para-tratar-de-concessao-das-rodovias-em-ms\\\/#primaryimage\"},\"thumbnailUrl\":\"http:\\\/\\\/www.deputadovander.com.br\\\/website\\\/wp-content\\\/uploads\\\/2013\\\/03\\\/foto-2013-03-31-vander-loubet-jorge-bastos-antt-420x280.jpg\",\"keywords\":[\"163\",\"262\",\"267\",\"antt\",\"br\",\"concess\u00e3o\",\"federais\",\"programa\",\"rodovias\"],\"articleSection\":[\"Not\u00edcias\"],\"inLanguage\":\"pt-BR\"},{\"@type\":\"WebPage\",\"@id\":\"https:\\\/\\\/vanderloubet.com.br\\\/deputado\\\/vander-reune-prefeitos-na-antt-para-tratar-de-concessao-das-rodovias-em-ms\\\/\",\"url\":\"https:\\\/\\\/vanderloubet.com.br\\\/deputado\\\/vander-reune-prefeitos-na-antt-para-tratar-de-concessao-das-rodovias-em-ms\\\/\",\"name\":\"Vander re\u00fane prefeitos na ANTT para tratar de concess\u00e3o das rodovias em MS\",\"isPartOf\":{\"@id\":\"https:\\\/\\\/vanderloubet.com.br\\\/deputado\\\/#website\"},\"primaryImageOfPage\":{\"@id\":\"https:\\\/\\\/vanderloubet.com.br\\\/deputado\\\/vander-reune-prefeitos-na-antt-para-tratar-de-concessao-das-rodovias-em-ms\\\/#primaryimage\"},\"image\":{\"@id\":\"https:\\\/\\\/vanderloubet.com.br\\\/deputado\\\/vander-reune-prefeitos-na-antt-para-tratar-de-concessao-das-rodovias-em-ms\\\/#primaryimage\"},\"thumbnailUrl\":\"http:\\\/\\\/www.deputadovander.com.br\\\/website\\\/wp-content\\\/uploads\\\/2013\\\/03\\\/foto-2013-03-31-vander-loubet-jorge-bastos-antt-420x280.jpg\",\"datePublished\":\"2013-05-14T13:50:23+00:00\",\"breadcrumb\":{\"@id\":\"https:\\\/\\\/vanderloubet.com.br\\\/deputado\\\/vander-reune-prefeitos-na-antt-para-tratar-de-concessao-das-rodovias-em-ms\\\/#breadcrumb\"},\"inLanguage\":\"pt-BR\",\"potentialAction\":[{\"@type\":\"ReadAction\",\"target\":[\"https:\\\/\\\/vanderloubet.com.br\\\/deputado\\\/vander-reune-prefeitos-na-antt-para-tratar-de-concessao-das-rodovias-em-ms\\\/\"]}]},{\"@type\":\"ImageObject\",\"inLanguage\":\"pt-BR\",\"@id\":\"https:\\\/\\\/vanderloubet.com.br\\\/deputado\\\/vander-reune-prefeitos-na-antt-para-tratar-de-concessao-das-rodovias-em-ms\\\/#primaryimage\",\"url\":\"http:\\\/\\\/www.deputadovander.com.br\\\/website\\\/wp-content\\\/uploads\\\/2013\\\/03\\\/foto-2013-03-31-vander-loubet-jorge-bastos-antt-420x280.jpg\",\"contentUrl\":\"http:\\\/\\\/www.deputadovander.com.br\\\/website\\\/wp-content\\\/uploads\\\/2013\\\/03\\\/foto-2013-03-31-vander-loubet-jorge-bastos-antt-420x280.jpg\"},{\"@type\":\"BreadcrumbList\",\"@id\":\"https:\\\/\\\/vanderloubet.com.br\\\/deputado\\\/vander-reune-prefeitos-na-antt-para-tratar-de-concessao-das-rodovias-em-ms\\\/#breadcrumb\",\"itemListElement\":[{\"@type\":\"ListItem\",\"position\":1,\"name\":\"In\u00edcio\",\"item\":\"https:\\\/\\\/vanderloubet.com.br\\\/deputado\\\/\"},{\"@type\":\"ListItem\",\"position\":2,\"name\":\"Vander re\u00fane prefeitos na ANTT para tratar de concess\u00e3o das rodovias em MS\"}]},{\"@type\":\"WebSite\",\"@id\":\"https:\\\/\\\/vanderloubet.com.br\\\/deputado\\\/#website\",\"url\":\"https:\\\/\\\/vanderloubet.com.br\\\/deputado\\\/\",\"name\":\"Deputado Federal Vander Loubet\",\"description\":\"O Federal de MS\",\"publisher\":{\"@id\":\"https:\\\/\\\/vanderloubet.com.br\\\/deputado\\\/#organization\"},\"alternateName\":\"Deputado Vander\",\"potentialAction\":[{\"@type\":\"SearchAction\",\"target\":{\"@type\":\"EntryPoint\",\"urlTemplate\":\"https:\\\/\\\/vanderloubet.com.br\\\/deputado\\\/?s={search_term_string}\"},\"query-input\":{\"@type\":\"PropertyValueSpecification\",\"valueRequired\":true,\"valueName\":\"search_term_string\"}}],\"inLanguage\":\"pt-BR\"},{\"@type\":\"Organization\",\"@id\":\"https:\\\/\\\/vanderloubet.com.br\\\/deputado\\\/#organization\",\"name\":\"Deputado Federal Vander Loubet\",\"alternateName\":\"Deputado Vander\",\"url\":\"https:\\\/\\\/vanderloubet.com.br\\\/deputado\\\/\",\"logo\":{\"@type\":\"ImageObject\",\"inLanguage\":\"pt-BR\",\"@id\":\"https:\\\/\\\/vanderloubet.com.br\\\/deputado\\\/#\\\/schema\\\/logo\\\/image\\\/\",\"url\":\"https:\\\/\\\/vanderloubet.com.br\\\/deputado\\\/wp-content\\\/uploads\\\/2023\\\/06\\\/foto-2023-06-19-mandato-deputado-vander.jpg\",\"contentUrl\":\"https:\\\/\\\/vanderloubet.com.br\\\/deputado\\\/wp-content\\\/uploads\\\/2023\\\/06\\\/foto-2023-06-19-mandato-deputado-vander.jpg\",\"width\":1080,\"height\":1080,\"caption\":\"Deputado Federal Vander Loubet\"},\"image\":{\"@id\":\"https:\\\/\\\/vanderloubet.com.br\\\/deputado\\\/#\\\/schema\\\/logo\\\/image\\\/\"},\"sameAs\":[\"https:\\\/\\\/facebook.com\\\/deputadovander\",\"https:\\\/\\\/x.com\\\/vanderloubet\",\"https:\\\/\\\/instagram.com\\\/vanderloubet\",\"https:\\\/\\\/youtube.com\\\/vanderloubet\",\"https:\\\/\\\/tiktok.com\\\/@vanderloubetms\"]},{\"@type\":\"Person\",\"@id\":\"https:\\\/\\\/vanderloubet.com.br\\\/deputado\\\/#\\\/schema\\\/person\\\/15b51bd564532a8a68d9dec1b8eb890e\",\"name\":\"\u00c9der\",\"image\":{\"@type\":\"ImageObject\",\"inLanguage\":\"pt-BR\",\"@id\":\"https:\\\/\\\/vanderloubet.com.br\\\/deputado\\\/wp-content\\\/litespeed\\\/avatar\\\/88ca4090d9d5ab1c9495f6ca03b68efa.jpg?ver=1777058957\",\"url\":\"https:\\\/\\\/vanderloubet.com.br\\\/deputado\\\/wp-content\\\/litespeed\\\/avatar\\\/88ca4090d9d5ab1c9495f6ca03b68efa.jpg?ver=1777058957\",\"contentUrl\":\"https:\\\/\\\/vanderloubet.com.br\\\/deputado\\\/wp-content\\\/litespeed\\\/avatar\\\/88ca4090d9d5ab1c9495f6ca03b68efa.jpg?ver=1777058957\",\"caption\":\"\u00c9der\"}}]}<\/script>\n<!-- \/ Yoast SEO plugin. -->","yoast_head_json":{"title":"Vander re\u00fane prefeitos na ANTT para tratar de concess\u00e3o das rodovias em MS","robots":{"index":"index","follow":"follow","max-snippet":"max-snippet:-1","max-image-preview":"max-image-preview:large","max-video-preview":"max-video-preview:-1"},"canonical":"https:\/\/vanderloubet.com.br\/deputado\/vander-reune-prefeitos-na-antt-para-tratar-de-concessao-das-rodovias-em-ms\/","og_locale":"pt_BR","og_type":"article","og_title":"Vander re\u00fane prefeitos na ANTT para tratar de concess\u00e3o das rodovias em MS","og_description":"Agenda com a ANTT foi solicitada pelo deputado em mar\u00e7o. Est\u00e1 confirmada a presen\u00e7a de prefeitos de 20 das 29 cidades afetadas.","og_url":"https:\/\/vanderloubet.com.br\/deputado\/vander-reune-prefeitos-na-antt-para-tratar-de-concessao-das-rodovias-em-ms\/","og_site_name":"Deputado Federal Vander Loubet","article_publisher":"https:\/\/facebook.com\/deputadovander","article_published_time":"2013-05-14T13:50:23+00:00","og_image":[{"url":"http:\/\/www.deputadovander.com.br\/website\/wp-content\/uploads\/2013\/03\/foto-2013-03-31-vander-loubet-jorge-bastos-antt-420x280.jpg","type":"","width":"","height":""}],"author":"\u00c9der","twitter_card":"summary_large_image","twitter_creator":"@vanderloubet","twitter_site":"@vanderloubet","schema":{"@context":"https:\/\/schema.org","@graph":[{"@type":"Article","@id":"https:\/\/vanderloubet.com.br\/deputado\/vander-reune-prefeitos-na-antt-para-tratar-de-concessao-das-rodovias-em-ms\/#article","isPartOf":{"@id":"https:\/\/vanderloubet.com.br\/deputado\/vander-reune-prefeitos-na-antt-para-tratar-de-concessao-das-rodovias-em-ms\/"},"author":{"name":"\u00c9der","@id":"https:\/\/vanderloubet.com.br\/deputado\/#\/schema\/person\/15b51bd564532a8a68d9dec1b8eb890e"},"headline":"Vander re\u00fane prefeitos na ANTT para tratar de concess\u00e3o das rodovias em MS","datePublished":"2013-05-14T13:50:23+00:00","mainEntityOfPage":{"@id":"https:\/\/vanderloubet.com.br\/deputado\/vander-reune-prefeitos-na-antt-para-tratar-de-concessao-das-rodovias-em-ms\/"},"wordCount":622,"publisher":{"@id":"https:\/\/vanderloubet.com.br\/deputado\/#organization"},"image":{"@id":"https:\/\/vanderloubet.com.br\/deputado\/vander-reune-prefeitos-na-antt-para-tratar-de-concessao-das-rodovias-em-ms\/#primaryimage"},"thumbnailUrl":"http:\/\/www.deputadovander.com.br\/website\/wp-content\/uploads\/2013\/03\/foto-2013-03-31-vander-loubet-jorge-bastos-antt-420x280.jpg","keywords":["163","262","267","antt","br","concess\u00e3o","federais","programa","rodovias"],"articleSection":["Not\u00edcias"],"inLanguage":"pt-BR"},{"@type":"WebPage","@id":"https:\/\/vanderloubet.com.br\/deputado\/vander-reune-prefeitos-na-antt-para-tratar-de-concessao-das-rodovias-em-ms\/","url":"https:\/\/vanderloubet.com.br\/deputado\/vander-reune-prefeitos-na-antt-para-tratar-de-concessao-das-rodovias-em-ms\/","name":"Vander re\u00fane prefeitos na ANTT para tratar de concess\u00e3o das rodovias em MS","isPartOf":{"@id":"https:\/\/vanderloubet.com.br\/deputado\/#website"},"primaryImageOfPage":{"@id":"https:\/\/vanderloubet.com.br\/deputado\/vander-reune-prefeitos-na-antt-para-tratar-de-concessao-das-rodovias-em-ms\/#primaryimage"},"image":{"@id":"https:\/\/vanderloubet.com.br\/deputado\/vander-reune-prefeitos-na-antt-para-tratar-de-concessao-das-rodovias-em-ms\/#primaryimage"},"thumbnailUrl":"http:\/\/www.deputadovander.com.br\/website\/wp-content\/uploads\/2013\/03\/foto-2013-03-31-vander-loubet-jorge-bastos-antt-420x280.jpg","datePublished":"2013-05-14T13:50:23+00:00","breadcrumb":{"@id":"https:\/\/vanderloubet.com.br\/deputado\/vander-reune-prefeitos-na-antt-para-tratar-de-concessao-das-rodovias-em-ms\/#breadcrumb"},"inLanguage":"pt-BR","potentialAction":[{"@type":"ReadAction","target":["https:\/\/vanderloubet.com.br\/deputado\/vander-reune-prefeitos-na-antt-para-tratar-de-concessao-das-rodovias-em-ms\/"]}]},{"@type":"ImageObject","inLanguage":"pt-BR","@id":"https:\/\/vanderloubet.com.br\/deputado\/vander-reune-prefeitos-na-antt-para-tratar-de-concessao-das-rodovias-em-ms\/#primaryimage","url":"http:\/\/www.deputadovander.com.br\/website\/wp-content\/uploads\/2013\/03\/foto-2013-03-31-vander-loubet-jorge-bastos-antt-420x280.jpg","contentUrl":"http:\/\/www.deputadovander.com.br\/website\/wp-content\/uploads\/2013\/03\/foto-2013-03-31-vander-loubet-jorge-bastos-antt-420x280.jpg"},{"@type":"BreadcrumbList","@id":"https:\/\/vanderloubet.com.br\/deputado\/vander-reune-prefeitos-na-antt-para-tratar-de-concessao-das-rodovias-em-ms\/#breadcrumb","itemListElement":[{"@type":"ListItem","position":1,"name":"In\u00edcio","item":"https:\/\/vanderloubet.com.br\/deputado\/"},{"@type":"ListItem","position":2,"name":"Vander re\u00fane prefeitos na ANTT para tratar de concess\u00e3o das rodovias em MS"}]},{"@type":"WebSite","@id":"https:\/\/vanderloubet.com.br\/deputado\/#website","url":"https:\/\/vanderloubet.com.br\/deputado\/","name":"Deputado Federal Vander Loubet","description":"O Federal de MS","publisher":{"@id":"https:\/\/vanderloubet.com.br\/deputado\/#organization"},"alternateName":"Deputado Vander","potentialAction":[{"@type":"SearchAction","target":{"@type":"EntryPoint","urlTemplate":"https:\/\/vanderloubet.com.br\/deputado\/?s={search_term_string}"},"query-input":{"@type":"PropertyValueSpecification","valueRequired":true,"valueName":"search_term_string"}}],"inLanguage":"pt-BR"},{"@type":"Organization","@id":"https:\/\/vanderloubet.com.br\/deputado\/#organization","name":"Deputado Federal Vander Loubet","alternateName":"Deputado Vander","url":"https:\/\/vanderloubet.com.br\/deputado\/","logo":{"@type":"ImageObject","inLanguage":"pt-BR","@id":"https:\/\/vanderloubet.com.br\/deputado\/#\/schema\/logo\/image\/","url":"https:\/\/vanderloubet.com.br\/deputado\/wp-content\/uploads\/2023\/06\/foto-2023-06-19-mandato-deputado-vander.jpg","contentUrl":"https:\/\/vanderloubet.com.br\/deputado\/wp-content\/uploads\/2023\/06\/foto-2023-06-19-mandato-deputado-vander.jpg","width":1080,"height":1080,"caption":"Deputado Federal Vander Loubet"},"image":{"@id":"https:\/\/vanderloubet.com.br\/deputado\/#\/schema\/logo\/image\/"},"sameAs":["https:\/\/facebook.com\/deputadovander","https:\/\/x.com\/vanderloubet","https:\/\/instagram.com\/vanderloubet","https:\/\/youtube.com\/vanderloubet","https:\/\/tiktok.com\/@vanderloubetms"]},{"@type":"Person","@id":"https:\/\/vanderloubet.com.br\/deputado\/#\/schema\/person\/15b51bd564532a8a68d9dec1b8eb890e","name":"\u00c9der","image":{"@type":"ImageObject","inLanguage":"pt-BR","@id":"https:\/\/vanderloubet.com.br\/deputado\/wp-content\/litespeed\/avatar\/88ca4090d9d5ab1c9495f6ca03b68efa.jpg?ver=1777058957","url":"https:\/\/vanderloubet.com.br\/deputado\/wp-content\/litespeed\/avatar\/88ca4090d9d5ab1c9495f6ca03b68efa.jpg?ver=1777058957","contentUrl":"https:\/\/vanderloubet.com.br\/deputado\/wp-content\/litespeed\/avatar\/88ca4090d9d5ab1c9495f6ca03b68efa.jpg?ver=1777058957","caption":"\u00c9der"}}]}},"jetpack_featured_media_url":"","jetpack_sharing_enabled":true,"_links":{"self":[{"href":"https:\/\/vanderloubet.com.br\/deputado\/wp-json\/wp\/v2\/posts\/6373","targetHints":{"allow":["GET"]}}],"collection":[{"href":"https:\/\/vanderloubet.com.br\/deputado\/wp-json\/wp\/v2\/posts"}],"about":[{"href":"https:\/\/vanderloubet.com.br\/deputado\/wp-json\/wp\/v2\/types\/post"}],"author":[{"embeddable":true,"href":"https:\/\/vanderloubet.com.br\/deputado\/wp-json\/wp\/v2\/users\/2"}],"replies":[{"embeddable":true,"href":"https:\/\/vanderloubet.com.br\/deputado\/wp-json\/wp\/v2\/comments?post=6373"}],"version-history":[{"count":0,"href":"https:\/\/vanderloubet.com.br\/deputado\/wp-json\/wp\/v2\/posts\/6373\/revisions"}],"wp:attachment":[{"href":"https:\/\/vanderloubet.com.br\/deputado\/wp-json\/wp\/v2\/media?parent=6373"}],"wp:term":[{"taxonomy":"category","embeddable":true,"href":"https:\/\/vanderloubet.com.br\/deputado\/wp-json\/wp\/v2\/categories?post=6373"},{"taxonomy":"post_tag","embeddable":true,"href":"https:\/\/vanderloubet.com.br\/deputado\/wp-json\/wp\/v2\/tags?post=6373"}],"curies":[{"name":"wp","href":"https:\/\/api.w.org\/{rel}","templated":true}]}}