{"id":6323,"date":"2013-04-26T10:00:46","date_gmt":"2013-04-26T14:00:46","guid":{"rendered":"http:\/\/www.deputadovander.com.br\/website\/?p=6323"},"modified":"2017-05-09T09:47:53","modified_gmt":"2017-05-09T13:47:53","slug":"nota-sobre-materia-do-estado-de-s-paulo-260413","status":"publish","type":"post","link":"https:\/\/vanderloubet.com.br\/deputado\/nota-sobre-materia-do-estado-de-s-paulo-260413\/","title":{"rendered":"Nota sobre mat\u00e9ria do Estado de S. Paulo"},"content":{"rendered":"<p>A respeito da mat\u00e9ria veiculada pelo jornal O Estado de S. Paulo em sua edi\u00e7\u00e3o de 25 de abril deste ano, reproduzida pela imprensa regional, na qual meu nome \u00e9 mencionado, gostaria de esclarecer que:<\/p>\n<p>1) Conhe\u00e7o o Sr. Ol\u00edvio assim como conhe\u00e7o outros empres\u00e1rios, entretanto n\u00e3o possuo nenhum tipo de rela\u00e7\u00e3o pol\u00edtica ou comercial com o referido.<\/p>\n<p>2) Como foi citado pelo pr\u00f3prio O Estado de S. Paulo, na edi\u00e7\u00e3o de sexta-feira passada (19 de abril), n\u00e3o estou e nunca estive sob monitoramento nem sob investiga\u00e7\u00e3o na opera\u00e7\u00e3o citada pelo jornal.<\/p>\n<p>3) At\u00e9 o momento n\u00e3o recebi nenhum tipo de notifica\u00e7\u00e3o oficial a respeito do caso. Assim que tomar conhecimento do inteiro teor da investiga\u00e7\u00e3o poderei saber do que se trata e terei condi\u00e7\u00f5es de prestar os devidos esclarecimentos caso seja necess\u00e1rio.<\/p>\n<p>4) Conforme apurei, a Opera\u00e7\u00e3o Fratelli investiga poss\u00edveis fraudes envolvendo emendas parlamentares em munic\u00edpios do Estado de S\u00e3o Paulo (SP) e, como \u00e9 de conhecimento p\u00fablico, sou parlamentar por Mato Grosso do Sul (MS). As emendas de minha autoria sempre foram destinadas exclusivamente aos munic\u00edpios do meu estado e nenhuma destas emendas se refere a contratos com as empresas envolvidas no caso.<\/p>\n<p>5) Lamento a postura de alguns ve\u00edculos de imprensa, que est\u00e3o utilizando a reportagem do O Estado de S. Paulo para produzir e divulgar ila\u00e7\u00f5es e conjecturas a meu respeito.<\/p>\n<p>VANDER LOUBET<br \/>\nDeputado Federal (PT-MS)<\/p>\n","protected":false},"excerpt":{"rendered":"<p>Vander esclarece fatos acerca da mat\u00e9ria publicada pelo jornal O Estado de S. Paulo e reproduzida por diversos ve\u00edculos de imprensa de Mato Grosso do Sul.<\/p>\n","protected":false},"author":2,"featured_media":12604,"comment_status":"closed","ping_status":"open","sticky":false,"template":"","format":"standard","meta":{"jetpack_post_was_ever_published":false,"_jetpack_newsletter_access":"","_jetpack_dont_email_post_to_subs":false,"_jetpack_newsletter_tier_id":0,"_jetpack_memberships_contains_paywalled_content":false,"_jetpack_memberships_contains_paid_content":false,"footnotes":""},"categories":[2098,10],"tags":[2282],"class_list":{"0":"post-6323","1":"post","2":"type-post","3":"status-publish","4":"format-standard","5":"has-post-thumbnail","7":"category-brasil-noticias","8":"category-noticias","9":"tag-nota-de-esclarecimento"},"yoast_head":"<!-- This site is optimized with the Yoast SEO plugin v27.4 - https:\/\/yoast.com\/product\/yoast-seo-wordpress\/ -->\n<title>Nota sobre mat\u00e9ria do Estado de S. Paulo<\/title>\n<meta name=\"robots\" content=\"index, follow, max-snippet:-1, max-image-preview:large, max-video-preview:-1\" \/>\n<link rel=\"canonical\" href=\"https:\/\/vanderloubet.com.br\/deputado\/nota-sobre-materia-do-estado-de-s-paulo-260413\/\" \/>\n<meta property=\"og:locale\" content=\"pt_BR\" \/>\n<meta property=\"og:type\" content=\"article\" \/>\n<meta property=\"og:title\" content=\"Nota sobre mat\u00e9ria do Estado de S. Paulo\" \/>\n<meta property=\"og:description\" content=\"Vander esclarece fatos acerca da mat\u00e9ria publicada pelo jornal O Estado de S. Paulo e reproduzida por diversos ve\u00edculos de imprensa de Mato Grosso do Sul.\" \/>\n<meta property=\"og:url\" content=\"https:\/\/vanderloubet.com.br\/deputado\/nota-sobre-materia-do-estado-de-s-paulo-260413\/\" \/>\n<meta property=\"og:site_name\" content=\"Deputado Federal Vander Loubet\" \/>\n<meta property=\"article:publisher\" content=\"https:\/\/facebook.com\/deputadovander\" \/>\n<meta property=\"article:published_time\" content=\"2013-04-26T14:00:46+00:00\" \/>\n<meta property=\"article:modified_time\" content=\"2017-05-09T13:47:53+00:00\" \/>\n<meta property=\"og:image\" content=\"https:\/\/vanderloubet.com.br\/deputado\/wp-content\/uploads\/2017\/05\/foto-nota-esclarecimento.jpg\" \/>\n\t<meta property=\"og:image:width\" content=\"900\" \/>\n\t<meta property=\"og:image:height\" content=\"600\" \/>\n\t<meta property=\"og:image:type\" content=\"image\/jpeg\" \/>\n<meta name=\"author\" content=\"\u00c9der\" \/>\n<meta name=\"twitter:card\" content=\"summary_large_image\" \/>\n<meta name=\"twitter:creator\" content=\"@vanderloubet\" \/>\n<meta name=\"twitter:site\" content=\"@vanderloubet\" \/>\n<script type=\"application\/ld+json\" class=\"yoast-schema-graph\">{\"@context\":\"https:\\\/\\\/schema.org\",\"@graph\":[{\"@type\":\"Article\",\"@id\":\"https:\\\/\\\/vanderloubet.com.br\\\/deputado\\\/nota-sobre-materia-do-estado-de-s-paulo-260413\\\/#article\",\"isPartOf\":{\"@id\":\"https:\\\/\\\/vanderloubet.com.br\\\/deputado\\\/nota-sobre-materia-do-estado-de-s-paulo-260413\\\/\"},\"author\":{\"name\":\"\u00c9der\",\"@id\":\"https:\\\/\\\/vanderloubet.com.br\\\/deputado\\\/#\\\/schema\\\/person\\\/15b51bd564532a8a68d9dec1b8eb890e\"},\"headline\":\"Nota sobre mat\u00e9ria do Estado de S. Paulo\",\"datePublished\":\"2013-04-26T14:00:46+00:00\",\"dateModified\":\"2017-05-09T13:47:53+00:00\",\"mainEntityOfPage\":{\"@id\":\"https:\\\/\\\/vanderloubet.com.br\\\/deputado\\\/nota-sobre-materia-do-estado-de-s-paulo-260413\\\/\"},\"wordCount\":258,\"publisher\":{\"@id\":\"https:\\\/\\\/vanderloubet.com.br\\\/deputado\\\/#organization\"},\"image\":{\"@id\":\"https:\\\/\\\/vanderloubet.com.br\\\/deputado\\\/nota-sobre-materia-do-estado-de-s-paulo-260413\\\/#primaryimage\"},\"thumbnailUrl\":\"https:\\\/\\\/vanderloubet.com.br\\\/deputado\\\/wp-content\\\/uploads\\\/2017\\\/05\\\/foto-nota-esclarecimento.jpg\",\"keywords\":[\"nota de esclarecimento\"],\"articleSection\":[\"Brasil\",\"Not\u00edcias\"],\"inLanguage\":\"pt-BR\"},{\"@type\":\"WebPage\",\"@id\":\"https:\\\/\\\/vanderloubet.com.br\\\/deputado\\\/nota-sobre-materia-do-estado-de-s-paulo-260413\\\/\",\"url\":\"https:\\\/\\\/vanderloubet.com.br\\\/deputado\\\/nota-sobre-materia-do-estado-de-s-paulo-260413\\\/\",\"name\":\"Nota sobre mat\u00e9ria do Estado de S. Paulo\",\"isPartOf\":{\"@id\":\"https:\\\/\\\/vanderloubet.com.br\\\/deputado\\\/#website\"},\"primaryImageOfPage\":{\"@id\":\"https:\\\/\\\/vanderloubet.com.br\\\/deputado\\\/nota-sobre-materia-do-estado-de-s-paulo-260413\\\/#primaryimage\"},\"image\":{\"@id\":\"https:\\\/\\\/vanderloubet.com.br\\\/deputado\\\/nota-sobre-materia-do-estado-de-s-paulo-260413\\\/#primaryimage\"},\"thumbnailUrl\":\"https:\\\/\\\/vanderloubet.com.br\\\/deputado\\\/wp-content\\\/uploads\\\/2017\\\/05\\\/foto-nota-esclarecimento.jpg\",\"datePublished\":\"2013-04-26T14:00:46+00:00\",\"dateModified\":\"2017-05-09T13:47:53+00:00\",\"breadcrumb\":{\"@id\":\"https:\\\/\\\/vanderloubet.com.br\\\/deputado\\\/nota-sobre-materia-do-estado-de-s-paulo-260413\\\/#breadcrumb\"},\"inLanguage\":\"pt-BR\",\"potentialAction\":[{\"@type\":\"ReadAction\",\"target\":[\"https:\\\/\\\/vanderloubet.com.br\\\/deputado\\\/nota-sobre-materia-do-estado-de-s-paulo-260413\\\/\"]}]},{\"@type\":\"ImageObject\",\"inLanguage\":\"pt-BR\",\"@id\":\"https:\\\/\\\/vanderloubet.com.br\\\/deputado\\\/nota-sobre-materia-do-estado-de-s-paulo-260413\\\/#primaryimage\",\"url\":\"https:\\\/\\\/vanderloubet.com.br\\\/deputado\\\/wp-content\\\/uploads\\\/2017\\\/05\\\/foto-nota-esclarecimento.jpg\",\"contentUrl\":\"https:\\\/\\\/vanderloubet.com.br\\\/deputado\\\/wp-content\\\/uploads\\\/2017\\\/05\\\/foto-nota-esclarecimento.jpg\",\"width\":900,\"height\":600,\"caption\":\"foto-nota-esclarecimento\"},{\"@type\":\"BreadcrumbList\",\"@id\":\"https:\\\/\\\/vanderloubet.com.br\\\/deputado\\\/nota-sobre-materia-do-estado-de-s-paulo-260413\\\/#breadcrumb\",\"itemListElement\":[{\"@type\":\"ListItem\",\"position\":1,\"name\":\"In\u00edcio\",\"item\":\"https:\\\/\\\/vanderloubet.com.br\\\/deputado\\\/\"},{\"@type\":\"ListItem\",\"position\":2,\"name\":\"Nota sobre mat\u00e9ria do Estado de S. Paulo\"}]},{\"@type\":\"WebSite\",\"@id\":\"https:\\\/\\\/vanderloubet.com.br\\\/deputado\\\/#website\",\"url\":\"https:\\\/\\\/vanderloubet.com.br\\\/deputado\\\/\",\"name\":\"Deputado Federal Vander Loubet\",\"description\":\"O Federal de MS\",\"publisher\":{\"@id\":\"https:\\\/\\\/vanderloubet.com.br\\\/deputado\\\/#organization\"},\"alternateName\":\"Deputado Vander\",\"potentialAction\":[{\"@type\":\"SearchAction\",\"target\":{\"@type\":\"EntryPoint\",\"urlTemplate\":\"https:\\\/\\\/vanderloubet.com.br\\\/deputado\\\/?s={search_term_string}\"},\"query-input\":{\"@type\":\"PropertyValueSpecification\",\"valueRequired\":true,\"valueName\":\"search_term_string\"}}],\"inLanguage\":\"pt-BR\"},{\"@type\":\"Organization\",\"@id\":\"https:\\\/\\\/vanderloubet.com.br\\\/deputado\\\/#organization\",\"name\":\"Deputado Federal Vander Loubet\",\"alternateName\":\"Deputado Vander\",\"url\":\"https:\\\/\\\/vanderloubet.com.br\\\/deputado\\\/\",\"logo\":{\"@type\":\"ImageObject\",\"inLanguage\":\"pt-BR\",\"@id\":\"https:\\\/\\\/vanderloubet.com.br\\\/deputado\\\/#\\\/schema\\\/logo\\\/image\\\/\",\"url\":\"https:\\\/\\\/vanderloubet.com.br\\\/deputado\\\/wp-content\\\/uploads\\\/2023\\\/06\\\/foto-2023-06-19-mandato-deputado-vander.jpg\",\"contentUrl\":\"https:\\\/\\\/vanderloubet.com.br\\\/deputado\\\/wp-content\\\/uploads\\\/2023\\\/06\\\/foto-2023-06-19-mandato-deputado-vander.jpg\",\"width\":1080,\"height\":1080,\"caption\":\"Deputado Federal Vander Loubet\"},\"image\":{\"@id\":\"https:\\\/\\\/vanderloubet.com.br\\\/deputado\\\/#\\\/schema\\\/logo\\\/image\\\/\"},\"sameAs\":[\"https:\\\/\\\/facebook.com\\\/deputadovander\",\"https:\\\/\\\/x.com\\\/vanderloubet\",\"https:\\\/\\\/instagram.com\\\/vanderloubet\",\"https:\\\/\\\/youtube.com\\\/vanderloubet\",\"https:\\\/\\\/tiktok.com\\\/@vanderloubetms\"]},{\"@type\":\"Person\",\"@id\":\"https:\\\/\\\/vanderloubet.com.br\\\/deputado\\\/#\\\/schema\\\/person\\\/15b51bd564532a8a68d9dec1b8eb890e\",\"name\":\"\u00c9der\",\"image\":{\"@type\":\"ImageObject\",\"inLanguage\":\"pt-BR\",\"@id\":\"https:\\\/\\\/vanderloubet.com.br\\\/deputado\\\/wp-content\\\/litespeed\\\/avatar\\\/88ca4090d9d5ab1c9495f6ca03b68efa.jpg?ver=1777058957\",\"url\":\"https:\\\/\\\/vanderloubet.com.br\\\/deputado\\\/wp-content\\\/litespeed\\\/avatar\\\/88ca4090d9d5ab1c9495f6ca03b68efa.jpg?ver=1777058957\",\"contentUrl\":\"https:\\\/\\\/vanderloubet.com.br\\\/deputado\\\/wp-content\\\/litespeed\\\/avatar\\\/88ca4090d9d5ab1c9495f6ca03b68efa.jpg?ver=1777058957\",\"caption\":\"\u00c9der\"}}]}<\/script>\n<!-- \/ Yoast SEO plugin. -->","yoast_head_json":{"title":"Nota sobre mat\u00e9ria do Estado de S. Paulo","robots":{"index":"index","follow":"follow","max-snippet":"max-snippet:-1","max-image-preview":"max-image-preview:large","max-video-preview":"max-video-preview:-1"},"canonical":"https:\/\/vanderloubet.com.br\/deputado\/nota-sobre-materia-do-estado-de-s-paulo-260413\/","og_locale":"pt_BR","og_type":"article","og_title":"Nota sobre mat\u00e9ria do Estado de S. Paulo","og_description":"Vander esclarece fatos acerca da mat\u00e9ria publicada pelo jornal O Estado de S. Paulo e reproduzida por diversos ve\u00edculos de imprensa de Mato Grosso do Sul.","og_url":"https:\/\/vanderloubet.com.br\/deputado\/nota-sobre-materia-do-estado-de-s-paulo-260413\/","og_site_name":"Deputado Federal Vander Loubet","article_publisher":"https:\/\/facebook.com\/deputadovander","article_published_time":"2013-04-26T14:00:46+00:00","article_modified_time":"2017-05-09T13:47:53+00:00","og_image":[{"width":900,"height":600,"url":"https:\/\/vanderloubet.com.br\/deputado\/wp-content\/uploads\/2017\/05\/foto-nota-esclarecimento.jpg","type":"image\/jpeg"}],"author":"\u00c9der","twitter_card":"summary_large_image","twitter_creator":"@vanderloubet","twitter_site":"@vanderloubet","schema":{"@context":"https:\/\/schema.org","@graph":[{"@type":"Article","@id":"https:\/\/vanderloubet.com.br\/deputado\/nota-sobre-materia-do-estado-de-s-paulo-260413\/#article","isPartOf":{"@id":"https:\/\/vanderloubet.com.br\/deputado\/nota-sobre-materia-do-estado-de-s-paulo-260413\/"},"author":{"name":"\u00c9der","@id":"https:\/\/vanderloubet.com.br\/deputado\/#\/schema\/person\/15b51bd564532a8a68d9dec1b8eb890e"},"headline":"Nota sobre mat\u00e9ria do Estado de S. Paulo","datePublished":"2013-04-26T14:00:46+00:00","dateModified":"2017-05-09T13:47:53+00:00","mainEntityOfPage":{"@id":"https:\/\/vanderloubet.com.br\/deputado\/nota-sobre-materia-do-estado-de-s-paulo-260413\/"},"wordCount":258,"publisher":{"@id":"https:\/\/vanderloubet.com.br\/deputado\/#organization"},"image":{"@id":"https:\/\/vanderloubet.com.br\/deputado\/nota-sobre-materia-do-estado-de-s-paulo-260413\/#primaryimage"},"thumbnailUrl":"https:\/\/vanderloubet.com.br\/deputado\/wp-content\/uploads\/2017\/05\/foto-nota-esclarecimento.jpg","keywords":["nota de esclarecimento"],"articleSection":["Brasil","Not\u00edcias"],"inLanguage":"pt-BR"},{"@type":"WebPage","@id":"https:\/\/vanderloubet.com.br\/deputado\/nota-sobre-materia-do-estado-de-s-paulo-260413\/","url":"https:\/\/vanderloubet.com.br\/deputado\/nota-sobre-materia-do-estado-de-s-paulo-260413\/","name":"Nota sobre mat\u00e9ria do Estado de S. Paulo","isPartOf":{"@id":"https:\/\/vanderloubet.com.br\/deputado\/#website"},"primaryImageOfPage":{"@id":"https:\/\/vanderloubet.com.br\/deputado\/nota-sobre-materia-do-estado-de-s-paulo-260413\/#primaryimage"},"image":{"@id":"https:\/\/vanderloubet.com.br\/deputado\/nota-sobre-materia-do-estado-de-s-paulo-260413\/#primaryimage"},"thumbnailUrl":"https:\/\/vanderloubet.com.br\/deputado\/wp-content\/uploads\/2017\/05\/foto-nota-esclarecimento.jpg","datePublished":"2013-04-26T14:00:46+00:00","dateModified":"2017-05-09T13:47:53+00:00","breadcrumb":{"@id":"https:\/\/vanderloubet.com.br\/deputado\/nota-sobre-materia-do-estado-de-s-paulo-260413\/#breadcrumb"},"inLanguage":"pt-BR","potentialAction":[{"@type":"ReadAction","target":["https:\/\/vanderloubet.com.br\/deputado\/nota-sobre-materia-do-estado-de-s-paulo-260413\/"]}]},{"@type":"ImageObject","inLanguage":"pt-BR","@id":"https:\/\/vanderloubet.com.br\/deputado\/nota-sobre-materia-do-estado-de-s-paulo-260413\/#primaryimage","url":"https:\/\/vanderloubet.com.br\/deputado\/wp-content\/uploads\/2017\/05\/foto-nota-esclarecimento.jpg","contentUrl":"https:\/\/vanderloubet.com.br\/deputado\/wp-content\/uploads\/2017\/05\/foto-nota-esclarecimento.jpg","width":900,"height":600,"caption":"foto-nota-esclarecimento"},{"@type":"BreadcrumbList","@id":"https:\/\/vanderloubet.com.br\/deputado\/nota-sobre-materia-do-estado-de-s-paulo-260413\/#breadcrumb","itemListElement":[{"@type":"ListItem","position":1,"name":"In\u00edcio","item":"https:\/\/vanderloubet.com.br\/deputado\/"},{"@type":"ListItem","position":2,"name":"Nota sobre mat\u00e9ria do Estado de S. Paulo"}]},{"@type":"WebSite","@id":"https:\/\/vanderloubet.com.br\/deputado\/#website","url":"https:\/\/vanderloubet.com.br\/deputado\/","name":"Deputado Federal Vander Loubet","description":"O Federal de MS","publisher":{"@id":"https:\/\/vanderloubet.com.br\/deputado\/#organization"},"alternateName":"Deputado Vander","potentialAction":[{"@type":"SearchAction","target":{"@type":"EntryPoint","urlTemplate":"https:\/\/vanderloubet.com.br\/deputado\/?s={search_term_string}"},"query-input":{"@type":"PropertyValueSpecification","valueRequired":true,"valueName":"search_term_string"}}],"inLanguage":"pt-BR"},{"@type":"Organization","@id":"https:\/\/vanderloubet.com.br\/deputado\/#organization","name":"Deputado Federal Vander Loubet","alternateName":"Deputado Vander","url":"https:\/\/vanderloubet.com.br\/deputado\/","logo":{"@type":"ImageObject","inLanguage":"pt-BR","@id":"https:\/\/vanderloubet.com.br\/deputado\/#\/schema\/logo\/image\/","url":"https:\/\/vanderloubet.com.br\/deputado\/wp-content\/uploads\/2023\/06\/foto-2023-06-19-mandato-deputado-vander.jpg","contentUrl":"https:\/\/vanderloubet.com.br\/deputado\/wp-content\/uploads\/2023\/06\/foto-2023-06-19-mandato-deputado-vander.jpg","width":1080,"height":1080,"caption":"Deputado Federal Vander Loubet"},"image":{"@id":"https:\/\/vanderloubet.com.br\/deputado\/#\/schema\/logo\/image\/"},"sameAs":["https:\/\/facebook.com\/deputadovander","https:\/\/x.com\/vanderloubet","https:\/\/instagram.com\/vanderloubet","https:\/\/youtube.com\/vanderloubet","https:\/\/tiktok.com\/@vanderloubetms"]},{"@type":"Person","@id":"https:\/\/vanderloubet.com.br\/deputado\/#\/schema\/person\/15b51bd564532a8a68d9dec1b8eb890e","name":"\u00c9der","image":{"@type":"ImageObject","inLanguage":"pt-BR","@id":"https:\/\/vanderloubet.com.br\/deputado\/wp-content\/litespeed\/avatar\/88ca4090d9d5ab1c9495f6ca03b68efa.jpg?ver=1777058957","url":"https:\/\/vanderloubet.com.br\/deputado\/wp-content\/litespeed\/avatar\/88ca4090d9d5ab1c9495f6ca03b68efa.jpg?ver=1777058957","contentUrl":"https:\/\/vanderloubet.com.br\/deputado\/wp-content\/litespeed\/avatar\/88ca4090d9d5ab1c9495f6ca03b68efa.jpg?ver=1777058957","caption":"\u00c9der"}}]}},"jetpack_featured_media_url":"https:\/\/vanderloubet.com.br\/deputado\/wp-content\/uploads\/2017\/05\/foto-nota-esclarecimento.jpg","jetpack_sharing_enabled":true,"_links":{"self":[{"href":"https:\/\/vanderloubet.com.br\/deputado\/wp-json\/wp\/v2\/posts\/6323","targetHints":{"allow":["GET"]}}],"collection":[{"href":"https:\/\/vanderloubet.com.br\/deputado\/wp-json\/wp\/v2\/posts"}],"about":[{"href":"https:\/\/vanderloubet.com.br\/deputado\/wp-json\/wp\/v2\/types\/post"}],"author":[{"embeddable":true,"href":"https:\/\/vanderloubet.com.br\/deputado\/wp-json\/wp\/v2\/users\/2"}],"replies":[{"embeddable":true,"href":"https:\/\/vanderloubet.com.br\/deputado\/wp-json\/wp\/v2\/comments?post=6323"}],"version-history":[{"count":0,"href":"https:\/\/vanderloubet.com.br\/deputado\/wp-json\/wp\/v2\/posts\/6323\/revisions"}],"wp:featuredmedia":[{"embeddable":true,"href":"https:\/\/vanderloubet.com.br\/deputado\/wp-json\/wp\/v2\/media\/12604"}],"wp:attachment":[{"href":"https:\/\/vanderloubet.com.br\/deputado\/wp-json\/wp\/v2\/media?parent=6323"}],"wp:term":[{"taxonomy":"category","embeddable":true,"href":"https:\/\/vanderloubet.com.br\/deputado\/wp-json\/wp\/v2\/categories?post=6323"},{"taxonomy":"post_tag","embeddable":true,"href":"https:\/\/vanderloubet.com.br\/deputado\/wp-json\/wp\/v2\/tags?post=6323"}],"curies":[{"name":"wp","href":"https:\/\/api.w.org\/{rel}","templated":true}]}}