{"id":6310,"date":"2013-04-24T09:40:54","date_gmt":"2013-04-24T13:40:54","guid":{"rendered":"http:\/\/www.deputadovander.com.br\/website\/?p=6310"},"modified":"2013-04-24T09:40:54","modified_gmt":"2013-04-24T13:40:54","slug":"governo-federal-anuncia-reducao-de-impostos-para-etanol","status":"publish","type":"post","link":"https:\/\/vanderloubet.com.br\/deputado\/governo-federal-anuncia-reducao-de-impostos-para-etanol\/","title":{"rendered":"Governo federal anuncia redu\u00e7\u00e3o de impostos para etanol"},"content":{"rendered":"<figure id=\"attachment_6311\" aria-describedby=\"caption-attachment-6311\" style=\"width: 420px\" class=\"wp-caption aligncenter\"><a href=\"http:\/\/www.deputadovander.com.br\/website\/wp-content\/uploads\/2013\/04\/foto-2013-04-24-reducao-tributos-etanol.jpg\" target=\"_blank\"><img decoding=\"async\" class=\"size-medium wp-image-6311 \" title=\"Pacote do governo vai permitir redu\u00e7\u00e3o do pre\u00e7o de combust\u00edveis\" alt=\"Pacote do governo vai permitir redu\u00e7\u00e3o do pre\u00e7o de combust\u00edveis\" src=\"http:\/\/www.deputadovander.com.br\/website\/wp-content\/uploads\/2013\/04\/foto-2013-04-24-reducao-tributos-etanol-420x280.jpg\" width=\"420\" height=\"280\" \/><\/a><figcaption id=\"caption-attachment-6311\" class=\"wp-caption-text\">Pacote do governo vai permitir redu\u00e7\u00e3o do pre\u00e7o de combust\u00edveis<\/figcaption><\/figure>\n<p>O governo federal anunciou na ter\u00e7a-feira (23) um pacote de medidas para aumentar a competitividade e a capacidade de investimentos do setor de a\u00e7\u00facar e \u00e1lcool. As medidas juntam-se ao j\u00e1 anunciado aumento da mistura do etanol anidro na gasolina, de 20% para 25%, a partir de 1\u00ba de maio.<\/p>\n<p>&#8220;O etanol tem para o Brasil um significado muito grande. Primeiro, por ser renov\u00e1vel. Segundo, por ser amig\u00e1vel do ponto de vista da emiss\u00e3o [de gases do efeito estufa]. E terceiro, da economia. A forma\u00e7\u00e3o do etanol est\u00e1 ligado a dois mercados distintos. O que n\u00f3s queremos com esses 25% \u00e9 reconhecer que esse ano o etanol teve uma produ\u00e7\u00e3o maior, e portanto podemos ir para uma participa\u00e7\u00e3o maior&#8221;, declarou a presidenta Dilma Rousseff.<\/p>\n<p>O incentivo fiscal \u00e9 a cria\u00e7\u00e3o de um cr\u00e9dito presumido de PIS (Programa de Integra\u00e7\u00e3o Social) e Cofins (Contribui\u00e7\u00e3o para Financiamento da Seguridade Social) ao produtor rural. Os dois tributos respondem por R$ 0,12 para cada litro do etanol. A previs\u00e3o \u00e9 de que o benef\u00edcio ir\u00e1 gerar uma ren\u00fancia fiscal de R$ 970 milh\u00f5es em 2013.<\/p>\n<p>&#8220;O governo federal segue desonerando a carga tribut\u00e1ria no Brasil. Depois da energia, da cesta b\u00e1sica e da folha de pagamento de dezenas de setores da economia, agora a redu\u00e7\u00e3o de impostos est\u00e1 atingindo o etanol e vai permitir a queda do pre\u00e7o dos combust\u00edveis ao consumidor. \u00c9 uma medida a ser comemorada&#8221;, afirmou o deputado federal Vander Loubet (PT-MS), titular da Subcomiss\u00e3o Permanente sobre Petr\u00f3leo, Gas Natural e Etanol (Subpetge) da C\u00e2mara dos Deputados.<\/p>\n<p>De acordo com informa\u00e7\u00f5es do Sindicato do Com\u00e9rcio Varejista de Derivados de Petr\u00f3leo e Lubrificantes de Mato Grosso do Sul (Sinpetro-MS) repassadas \u00e0 imprensa, o pre\u00e7o da gasolina nas bombas no estado pode voltar ao patamar dos R$ 2,70 e o do etanol pode ficar abaixo dos R$ 2,00. A estimativa foi feita com base nas mudan\u00e7as que passar\u00e3o a valer a partir do dia 1\u00ba de maio, conforme estabelecido pelo governo. &#8220;Com isso, no m\u00e1ximo at\u00e9 a segunda quinzena de maio, o consumidor j\u00e1 sentir\u00e1 um redu\u00e7\u00e3o dos pre\u00e7os nas bombas&#8221;, explicou Edson Lazarotto, presidente do Sindicato.<\/p>\n<p><span style=\"font-size: 11px;\">(\u00c9der Yanaguita &#8211; Assessoria\/Deputado Vander, com informa\u00e7\u00f5es do Blog do Planalto e Midiamax News)<\/span><\/p>\n","protected":false},"excerpt":{"rendered":"<p>Para Vander, governo Dilma segue desonerando carga tribut\u00e1ria. Redu\u00e7\u00e3o vai permitir queda do pre\u00e7o dos combust\u00edveis ao consumidor.<\/p>\n","protected":false},"author":2,"featured_media":0,"comment_status":"closed","ping_status":"open","sticky":false,"template":"","format":"standard","meta":{"jetpack_post_was_ever_published":false,"_jetpack_newsletter_access":"","_jetpack_dont_email_post_to_subs":false,"_jetpack_newsletter_tier_id":0,"_jetpack_memberships_contains_paywalled_content":false,"_jetpack_memberships_contains_paid_content":false,"footnotes":""},"categories":[10],"tags":[470,621,762,904,1548,1863],"class_list":{"0":"post-6310","1":"post","2":"type-post","3":"status-publish","4":"format-standard","6":"category-noticias","7":"tag-cofins","8":"tag-desoneracao","9":"tag-etanol","10":"tag-gasolina","11":"tag-pis","12":"tag-sinpetro"},"yoast_head":"<!-- This site is optimized with the Yoast SEO plugin v27.4 - https:\/\/yoast.com\/product\/yoast-seo-wordpress\/ -->\n<title>Governo federal anuncia redu\u00e7\u00e3o de impostos para etanol<\/title>\n<meta name=\"robots\" content=\"index, follow, max-snippet:-1, max-image-preview:large, max-video-preview:-1\" \/>\n<link rel=\"canonical\" href=\"https:\/\/vanderloubet.com.br\/deputado\/governo-federal-anuncia-reducao-de-impostos-para-etanol\/\" \/>\n<meta property=\"og:locale\" content=\"pt_BR\" \/>\n<meta property=\"og:type\" content=\"article\" \/>\n<meta property=\"og:title\" content=\"Governo federal anuncia redu\u00e7\u00e3o de impostos para etanol\" \/>\n<meta property=\"og:description\" content=\"Para Vander, governo Dilma segue desonerando carga tribut\u00e1ria. Redu\u00e7\u00e3o vai permitir queda do pre\u00e7o dos combust\u00edveis ao consumidor.\" \/>\n<meta property=\"og:url\" content=\"https:\/\/vanderloubet.com.br\/deputado\/governo-federal-anuncia-reducao-de-impostos-para-etanol\/\" \/>\n<meta property=\"og:site_name\" content=\"Deputado Federal Vander Loubet\" \/>\n<meta property=\"article:publisher\" content=\"https:\/\/facebook.com\/deputadovander\" \/>\n<meta property=\"article:published_time\" content=\"2013-04-24T13:40:54+00:00\" \/>\n<meta property=\"og:image\" content=\"http:\/\/www.deputadovander.com.br\/website\/wp-content\/uploads\/2013\/04\/foto-2013-04-24-reducao-tributos-etanol-420x280.jpg\" \/>\n<meta name=\"author\" content=\"\u00c9der\" \/>\n<meta name=\"twitter:card\" content=\"summary_large_image\" \/>\n<meta name=\"twitter:creator\" content=\"@vanderloubet\" \/>\n<meta name=\"twitter:site\" content=\"@vanderloubet\" \/>\n<script type=\"application\/ld+json\" class=\"yoast-schema-graph\">{\"@context\":\"https:\\\/\\\/schema.org\",\"@graph\":[{\"@type\":\"Article\",\"@id\":\"https:\\\/\\\/vanderloubet.com.br\\\/deputado\\\/governo-federal-anuncia-reducao-de-impostos-para-etanol\\\/#article\",\"isPartOf\":{\"@id\":\"https:\\\/\\\/vanderloubet.com.br\\\/deputado\\\/governo-federal-anuncia-reducao-de-impostos-para-etanol\\\/\"},\"author\":{\"name\":\"\u00c9der\",\"@id\":\"https:\\\/\\\/vanderloubet.com.br\\\/deputado\\\/#\\\/schema\\\/person\\\/15b51bd564532a8a68d9dec1b8eb890e\"},\"headline\":\"Governo federal anuncia redu\u00e7\u00e3o de impostos para etanol\",\"datePublished\":\"2013-04-24T13:40:54+00:00\",\"mainEntityOfPage\":{\"@id\":\"https:\\\/\\\/vanderloubet.com.br\\\/deputado\\\/governo-federal-anuncia-reducao-de-impostos-para-etanol\\\/\"},\"wordCount\":417,\"publisher\":{\"@id\":\"https:\\\/\\\/vanderloubet.com.br\\\/deputado\\\/#organization\"},\"image\":{\"@id\":\"https:\\\/\\\/vanderloubet.com.br\\\/deputado\\\/governo-federal-anuncia-reducao-de-impostos-para-etanol\\\/#primaryimage\"},\"thumbnailUrl\":\"http:\\\/\\\/www.deputadovander.com.br\\\/website\\\/wp-content\\\/uploads\\\/2013\\\/04\\\/foto-2013-04-24-reducao-tributos-etanol-420x280.jpg\",\"keywords\":[\"cofins\",\"desonera\u00e7\u00e3o\",\"etanol\",\"gasolina\",\"pis\",\"sinpetro\"],\"articleSection\":[\"Not\u00edcias\"],\"inLanguage\":\"pt-BR\"},{\"@type\":\"WebPage\",\"@id\":\"https:\\\/\\\/vanderloubet.com.br\\\/deputado\\\/governo-federal-anuncia-reducao-de-impostos-para-etanol\\\/\",\"url\":\"https:\\\/\\\/vanderloubet.com.br\\\/deputado\\\/governo-federal-anuncia-reducao-de-impostos-para-etanol\\\/\",\"name\":\"Governo federal anuncia redu\u00e7\u00e3o de impostos para etanol\",\"isPartOf\":{\"@id\":\"https:\\\/\\\/vanderloubet.com.br\\\/deputado\\\/#website\"},\"primaryImageOfPage\":{\"@id\":\"https:\\\/\\\/vanderloubet.com.br\\\/deputado\\\/governo-federal-anuncia-reducao-de-impostos-para-etanol\\\/#primaryimage\"},\"image\":{\"@id\":\"https:\\\/\\\/vanderloubet.com.br\\\/deputado\\\/governo-federal-anuncia-reducao-de-impostos-para-etanol\\\/#primaryimage\"},\"thumbnailUrl\":\"http:\\\/\\\/www.deputadovander.com.br\\\/website\\\/wp-content\\\/uploads\\\/2013\\\/04\\\/foto-2013-04-24-reducao-tributos-etanol-420x280.jpg\",\"datePublished\":\"2013-04-24T13:40:54+00:00\",\"breadcrumb\":{\"@id\":\"https:\\\/\\\/vanderloubet.com.br\\\/deputado\\\/governo-federal-anuncia-reducao-de-impostos-para-etanol\\\/#breadcrumb\"},\"inLanguage\":\"pt-BR\",\"potentialAction\":[{\"@type\":\"ReadAction\",\"target\":[\"https:\\\/\\\/vanderloubet.com.br\\\/deputado\\\/governo-federal-anuncia-reducao-de-impostos-para-etanol\\\/\"]}]},{\"@type\":\"ImageObject\",\"inLanguage\":\"pt-BR\",\"@id\":\"https:\\\/\\\/vanderloubet.com.br\\\/deputado\\\/governo-federal-anuncia-reducao-de-impostos-para-etanol\\\/#primaryimage\",\"url\":\"http:\\\/\\\/www.deputadovander.com.br\\\/website\\\/wp-content\\\/uploads\\\/2013\\\/04\\\/foto-2013-04-24-reducao-tributos-etanol-420x280.jpg\",\"contentUrl\":\"http:\\\/\\\/www.deputadovander.com.br\\\/website\\\/wp-content\\\/uploads\\\/2013\\\/04\\\/foto-2013-04-24-reducao-tributos-etanol-420x280.jpg\"},{\"@type\":\"BreadcrumbList\",\"@id\":\"https:\\\/\\\/vanderloubet.com.br\\\/deputado\\\/governo-federal-anuncia-reducao-de-impostos-para-etanol\\\/#breadcrumb\",\"itemListElement\":[{\"@type\":\"ListItem\",\"position\":1,\"name\":\"In\u00edcio\",\"item\":\"https:\\\/\\\/vanderloubet.com.br\\\/deputado\\\/\"},{\"@type\":\"ListItem\",\"position\":2,\"name\":\"Governo federal anuncia redu\u00e7\u00e3o de impostos para etanol\"}]},{\"@type\":\"WebSite\",\"@id\":\"https:\\\/\\\/vanderloubet.com.br\\\/deputado\\\/#website\",\"url\":\"https:\\\/\\\/vanderloubet.com.br\\\/deputado\\\/\",\"name\":\"Deputado Federal Vander Loubet\",\"description\":\"O Federal de MS\",\"publisher\":{\"@id\":\"https:\\\/\\\/vanderloubet.com.br\\\/deputado\\\/#organization\"},\"alternateName\":\"Deputado Vander\",\"potentialAction\":[{\"@type\":\"SearchAction\",\"target\":{\"@type\":\"EntryPoint\",\"urlTemplate\":\"https:\\\/\\\/vanderloubet.com.br\\\/deputado\\\/?s={search_term_string}\"},\"query-input\":{\"@type\":\"PropertyValueSpecification\",\"valueRequired\":true,\"valueName\":\"search_term_string\"}}],\"inLanguage\":\"pt-BR\"},{\"@type\":\"Organization\",\"@id\":\"https:\\\/\\\/vanderloubet.com.br\\\/deputado\\\/#organization\",\"name\":\"Deputado Federal Vander Loubet\",\"alternateName\":\"Deputado Vander\",\"url\":\"https:\\\/\\\/vanderloubet.com.br\\\/deputado\\\/\",\"logo\":{\"@type\":\"ImageObject\",\"inLanguage\":\"pt-BR\",\"@id\":\"https:\\\/\\\/vanderloubet.com.br\\\/deputado\\\/#\\\/schema\\\/logo\\\/image\\\/\",\"url\":\"https:\\\/\\\/vanderloubet.com.br\\\/deputado\\\/wp-content\\\/uploads\\\/2023\\\/06\\\/foto-2023-06-19-mandato-deputado-vander.jpg\",\"contentUrl\":\"https:\\\/\\\/vanderloubet.com.br\\\/deputado\\\/wp-content\\\/uploads\\\/2023\\\/06\\\/foto-2023-06-19-mandato-deputado-vander.jpg\",\"width\":1080,\"height\":1080,\"caption\":\"Deputado Federal Vander Loubet\"},\"image\":{\"@id\":\"https:\\\/\\\/vanderloubet.com.br\\\/deputado\\\/#\\\/schema\\\/logo\\\/image\\\/\"},\"sameAs\":[\"https:\\\/\\\/facebook.com\\\/deputadovander\",\"https:\\\/\\\/x.com\\\/vanderloubet\",\"https:\\\/\\\/instagram.com\\\/vanderloubet\",\"https:\\\/\\\/youtube.com\\\/vanderloubet\",\"https:\\\/\\\/tiktok.com\\\/@vanderloubetms\"]},{\"@type\":\"Person\",\"@id\":\"https:\\\/\\\/vanderloubet.com.br\\\/deputado\\\/#\\\/schema\\\/person\\\/15b51bd564532a8a68d9dec1b8eb890e\",\"name\":\"\u00c9der\",\"image\":{\"@type\":\"ImageObject\",\"inLanguage\":\"pt-BR\",\"@id\":\"https:\\\/\\\/vanderloubet.com.br\\\/deputado\\\/wp-content\\\/litespeed\\\/avatar\\\/88ca4090d9d5ab1c9495f6ca03b68efa.jpg?ver=1777058957\",\"url\":\"https:\\\/\\\/vanderloubet.com.br\\\/deputado\\\/wp-content\\\/litespeed\\\/avatar\\\/88ca4090d9d5ab1c9495f6ca03b68efa.jpg?ver=1777058957\",\"contentUrl\":\"https:\\\/\\\/vanderloubet.com.br\\\/deputado\\\/wp-content\\\/litespeed\\\/avatar\\\/88ca4090d9d5ab1c9495f6ca03b68efa.jpg?ver=1777058957\",\"caption\":\"\u00c9der\"}}]}<\/script>\n<!-- \/ Yoast SEO plugin. -->","yoast_head_json":{"title":"Governo federal anuncia redu\u00e7\u00e3o de impostos para etanol","robots":{"index":"index","follow":"follow","max-snippet":"max-snippet:-1","max-image-preview":"max-image-preview:large","max-video-preview":"max-video-preview:-1"},"canonical":"https:\/\/vanderloubet.com.br\/deputado\/governo-federal-anuncia-reducao-de-impostos-para-etanol\/","og_locale":"pt_BR","og_type":"article","og_title":"Governo federal anuncia redu\u00e7\u00e3o de impostos para etanol","og_description":"Para Vander, governo Dilma segue desonerando carga tribut\u00e1ria. Redu\u00e7\u00e3o vai permitir queda do pre\u00e7o dos combust\u00edveis ao consumidor.","og_url":"https:\/\/vanderloubet.com.br\/deputado\/governo-federal-anuncia-reducao-de-impostos-para-etanol\/","og_site_name":"Deputado Federal Vander Loubet","article_publisher":"https:\/\/facebook.com\/deputadovander","article_published_time":"2013-04-24T13:40:54+00:00","og_image":[{"url":"http:\/\/www.deputadovander.com.br\/website\/wp-content\/uploads\/2013\/04\/foto-2013-04-24-reducao-tributos-etanol-420x280.jpg","type":"","width":"","height":""}],"author":"\u00c9der","twitter_card":"summary_large_image","twitter_creator":"@vanderloubet","twitter_site":"@vanderloubet","schema":{"@context":"https:\/\/schema.org","@graph":[{"@type":"Article","@id":"https:\/\/vanderloubet.com.br\/deputado\/governo-federal-anuncia-reducao-de-impostos-para-etanol\/#article","isPartOf":{"@id":"https:\/\/vanderloubet.com.br\/deputado\/governo-federal-anuncia-reducao-de-impostos-para-etanol\/"},"author":{"name":"\u00c9der","@id":"https:\/\/vanderloubet.com.br\/deputado\/#\/schema\/person\/15b51bd564532a8a68d9dec1b8eb890e"},"headline":"Governo federal anuncia redu\u00e7\u00e3o de impostos para etanol","datePublished":"2013-04-24T13:40:54+00:00","mainEntityOfPage":{"@id":"https:\/\/vanderloubet.com.br\/deputado\/governo-federal-anuncia-reducao-de-impostos-para-etanol\/"},"wordCount":417,"publisher":{"@id":"https:\/\/vanderloubet.com.br\/deputado\/#organization"},"image":{"@id":"https:\/\/vanderloubet.com.br\/deputado\/governo-federal-anuncia-reducao-de-impostos-para-etanol\/#primaryimage"},"thumbnailUrl":"http:\/\/www.deputadovander.com.br\/website\/wp-content\/uploads\/2013\/04\/foto-2013-04-24-reducao-tributos-etanol-420x280.jpg","keywords":["cofins","desonera\u00e7\u00e3o","etanol","gasolina","pis","sinpetro"],"articleSection":["Not\u00edcias"],"inLanguage":"pt-BR"},{"@type":"WebPage","@id":"https:\/\/vanderloubet.com.br\/deputado\/governo-federal-anuncia-reducao-de-impostos-para-etanol\/","url":"https:\/\/vanderloubet.com.br\/deputado\/governo-federal-anuncia-reducao-de-impostos-para-etanol\/","name":"Governo federal anuncia redu\u00e7\u00e3o de impostos para etanol","isPartOf":{"@id":"https:\/\/vanderloubet.com.br\/deputado\/#website"},"primaryImageOfPage":{"@id":"https:\/\/vanderloubet.com.br\/deputado\/governo-federal-anuncia-reducao-de-impostos-para-etanol\/#primaryimage"},"image":{"@id":"https:\/\/vanderloubet.com.br\/deputado\/governo-federal-anuncia-reducao-de-impostos-para-etanol\/#primaryimage"},"thumbnailUrl":"http:\/\/www.deputadovander.com.br\/website\/wp-content\/uploads\/2013\/04\/foto-2013-04-24-reducao-tributos-etanol-420x280.jpg","datePublished":"2013-04-24T13:40:54+00:00","breadcrumb":{"@id":"https:\/\/vanderloubet.com.br\/deputado\/governo-federal-anuncia-reducao-de-impostos-para-etanol\/#breadcrumb"},"inLanguage":"pt-BR","potentialAction":[{"@type":"ReadAction","target":["https:\/\/vanderloubet.com.br\/deputado\/governo-federal-anuncia-reducao-de-impostos-para-etanol\/"]}]},{"@type":"ImageObject","inLanguage":"pt-BR","@id":"https:\/\/vanderloubet.com.br\/deputado\/governo-federal-anuncia-reducao-de-impostos-para-etanol\/#primaryimage","url":"http:\/\/www.deputadovander.com.br\/website\/wp-content\/uploads\/2013\/04\/foto-2013-04-24-reducao-tributos-etanol-420x280.jpg","contentUrl":"http:\/\/www.deputadovander.com.br\/website\/wp-content\/uploads\/2013\/04\/foto-2013-04-24-reducao-tributos-etanol-420x280.jpg"},{"@type":"BreadcrumbList","@id":"https:\/\/vanderloubet.com.br\/deputado\/governo-federal-anuncia-reducao-de-impostos-para-etanol\/#breadcrumb","itemListElement":[{"@type":"ListItem","position":1,"name":"In\u00edcio","item":"https:\/\/vanderloubet.com.br\/deputado\/"},{"@type":"ListItem","position":2,"name":"Governo federal anuncia redu\u00e7\u00e3o de impostos para etanol"}]},{"@type":"WebSite","@id":"https:\/\/vanderloubet.com.br\/deputado\/#website","url":"https:\/\/vanderloubet.com.br\/deputado\/","name":"Deputado Federal Vander Loubet","description":"O Federal de MS","publisher":{"@id":"https:\/\/vanderloubet.com.br\/deputado\/#organization"},"alternateName":"Deputado Vander","potentialAction":[{"@type":"SearchAction","target":{"@type":"EntryPoint","urlTemplate":"https:\/\/vanderloubet.com.br\/deputado\/?s={search_term_string}"},"query-input":{"@type":"PropertyValueSpecification","valueRequired":true,"valueName":"search_term_string"}}],"inLanguage":"pt-BR"},{"@type":"Organization","@id":"https:\/\/vanderloubet.com.br\/deputado\/#organization","name":"Deputado Federal Vander Loubet","alternateName":"Deputado Vander","url":"https:\/\/vanderloubet.com.br\/deputado\/","logo":{"@type":"ImageObject","inLanguage":"pt-BR","@id":"https:\/\/vanderloubet.com.br\/deputado\/#\/schema\/logo\/image\/","url":"https:\/\/vanderloubet.com.br\/deputado\/wp-content\/uploads\/2023\/06\/foto-2023-06-19-mandato-deputado-vander.jpg","contentUrl":"https:\/\/vanderloubet.com.br\/deputado\/wp-content\/uploads\/2023\/06\/foto-2023-06-19-mandato-deputado-vander.jpg","width":1080,"height":1080,"caption":"Deputado Federal Vander Loubet"},"image":{"@id":"https:\/\/vanderloubet.com.br\/deputado\/#\/schema\/logo\/image\/"},"sameAs":["https:\/\/facebook.com\/deputadovander","https:\/\/x.com\/vanderloubet","https:\/\/instagram.com\/vanderloubet","https:\/\/youtube.com\/vanderloubet","https:\/\/tiktok.com\/@vanderloubetms"]},{"@type":"Person","@id":"https:\/\/vanderloubet.com.br\/deputado\/#\/schema\/person\/15b51bd564532a8a68d9dec1b8eb890e","name":"\u00c9der","image":{"@type":"ImageObject","inLanguage":"pt-BR","@id":"https:\/\/vanderloubet.com.br\/deputado\/wp-content\/litespeed\/avatar\/88ca4090d9d5ab1c9495f6ca03b68efa.jpg?ver=1777058957","url":"https:\/\/vanderloubet.com.br\/deputado\/wp-content\/litespeed\/avatar\/88ca4090d9d5ab1c9495f6ca03b68efa.jpg?ver=1777058957","contentUrl":"https:\/\/vanderloubet.com.br\/deputado\/wp-content\/litespeed\/avatar\/88ca4090d9d5ab1c9495f6ca03b68efa.jpg?ver=1777058957","caption":"\u00c9der"}}]}},"jetpack_featured_media_url":"","jetpack_sharing_enabled":true,"_links":{"self":[{"href":"https:\/\/vanderloubet.com.br\/deputado\/wp-json\/wp\/v2\/posts\/6310","targetHints":{"allow":["GET"]}}],"collection":[{"href":"https:\/\/vanderloubet.com.br\/deputado\/wp-json\/wp\/v2\/posts"}],"about":[{"href":"https:\/\/vanderloubet.com.br\/deputado\/wp-json\/wp\/v2\/types\/post"}],"author":[{"embeddable":true,"href":"https:\/\/vanderloubet.com.br\/deputado\/wp-json\/wp\/v2\/users\/2"}],"replies":[{"embeddable":true,"href":"https:\/\/vanderloubet.com.br\/deputado\/wp-json\/wp\/v2\/comments?post=6310"}],"version-history":[{"count":0,"href":"https:\/\/vanderloubet.com.br\/deputado\/wp-json\/wp\/v2\/posts\/6310\/revisions"}],"wp:attachment":[{"href":"https:\/\/vanderloubet.com.br\/deputado\/wp-json\/wp\/v2\/media?parent=6310"}],"wp:term":[{"taxonomy":"category","embeddable":true,"href":"https:\/\/vanderloubet.com.br\/deputado\/wp-json\/wp\/v2\/categories?post=6310"},{"taxonomy":"post_tag","embeddable":true,"href":"https:\/\/vanderloubet.com.br\/deputado\/wp-json\/wp\/v2\/tags?post=6310"}],"curies":[{"name":"wp","href":"https:\/\/api.w.org\/{rel}","templated":true}]}}