{"id":6242,"date":"2013-04-08T17:32:24","date_gmt":"2013-04-08T21:32:24","guid":{"rendered":"http:\/\/www.deputadovander.com.br\/website\/?p=6242"},"modified":"2013-04-08T17:32:24","modified_gmt":"2013-04-08T21:32:24","slug":"licitacao-de-ferrovia-que-liga-maracaju-a-cascavel-sai-em-maio","status":"publish","type":"post","link":"https:\/\/vanderloubet.com.br\/deputado\/licitacao-de-ferrovia-que-liga-maracaju-a-cascavel-sai-em-maio\/","title":{"rendered":"Licita\u00e7\u00e3o de ferrovia que liga Maracaju a Cascavel sai em maio"},"content":{"rendered":"<figure id=\"attachment_3381\" aria-describedby=\"caption-attachment-3381\" style=\"width: 420px\" class=\"wp-caption aligncenter\"><a href=\"http:\/\/www.deputadovander.com.br\/website\/wp-content\/uploads\/2011\/07\/foto-2011-07-01-ferroeste-parana1.jpg\" target=\"_blank\"><img decoding=\"async\" class=\"size-medium wp-image-3381 \" title=\"Viaduto da Ferroeste no Paran\u00e1 entre Laranjeiras do Sul e Nova Laranjeiras (cr\u00e9dito: Clodoaldo\/vidaDmaquinista)\" alt=\"Viaduto da Ferroeste no Paran\u00e1 entre Laranjeiras do Sul e Nova Laranjeiras (cr\u00e9dito: Clodoaldo\/vidaDmaquinista)\" src=\"http:\/\/www.deputadovander.com.br\/website\/wp-content\/uploads\/2011\/07\/foto-2011-07-01-ferroeste-parana1-420x280.jpg\" width=\"420\" height=\"280\" \/><\/a><figcaption id=\"caption-attachment-3381\" class=\"wp-caption-text\">Viaduto da Ferroeste no Paran\u00e1 entre Laranjeiras do Sul e Nova Laranjeiras (cr\u00e9dito: Clodoaldo\/vidaDmaquinista)<\/figcaption><\/figure>\n<p>O governo federal dever\u00e1 licitar no m\u00eas de maio a liga\u00e7\u00e3o ferrovi\u00e1ria entre Maracaju (MS) e Cascavel (PR). A informa\u00e7\u00e3o \u00e9 de Bernardo Figueiredo de Oliveira, presidente da Empresa de Planejamento e Log\u00edstica (EPL), ligada ao Minist\u00e9rio dos Transportes. As obras a serem feitas integram o Programa de Investimentos em Log\u00edstica: Rodovias e Ferrovias, <a title=\"Link\" href=\"http:\/\/www.deputadovander.com.br\/website\/2012\/08\/15\/brasil-finalmente-tera-infraestrutura-compativel-com-seu-tamanho-afirma-dilma\/\" target=\"_blank\">lan\u00e7ado pela presidenta Dilma Rousseff em agosto de 2012<\/a>.<\/p>\n<p>De acordo com o Programa, est\u00e3o previstos ainda outros trechos que permitir\u00e3o a liga\u00e7\u00e3o entre Mato Grosso do Sul e o Porto de Paranagu\u00e1, no Paran\u00e1, maior porto exportador de produtos agr\u00edcolas do Brasil. Um dos trechos que v\u00e3o permitir essa liga\u00e7\u00e3o j\u00e1 existe (Cascavel-Guarapuava) e \u00e9 operado pela Estrada de Ferro Paran\u00e1 Oeste (Ferroeste). Os demais trechos est\u00e3o em estudo. Um deles prev\u00ea um ramal entre Guarapuava e Paranagu\u00e1, passando pela Esta\u00e7\u00e3o Engenheiro Bley, em Lapa. Um outro prev\u00ea que a liga\u00e7\u00e3o entre a Esta\u00e7\u00e3o Engenheiro Bley e o Porto de Paranagu\u00e1 passar\u00e1 antes pelos munic\u00edpios catarinenses de Mafra e S\u00e3o Francisco do Sul (onde existe outro porto).<\/p>\n<p>O deputado federal Vander Loubet (PT-MS), que tem sido um dos atores mais atuantes no trabalho de viabiliza\u00e7\u00e3o dos recursos para a ferrovia, comemorou a not\u00edcia e enfatizou que a consolida\u00e7\u00e3o do modal ferrovi\u00e1rio \u00e9 importante para a competitividade dos produtos de Mato Grosso do Sul. &#8220;A chegada da ferrovia ter\u00e1 grande impacto em todas as cidades beneficiadas com o tra\u00e7ado. \u00c9 um empreendimento de grande import\u00e2ncia estrat\u00e9gica pois vai permitir transportar alimentos e outros produtos de forma mais barata&#8221;, assinalou o petista.<\/p>\n<p><strong>Audi\u00eancia em Dourados<\/strong><\/p>\n<p>No dia 17 de abril (quarta-feira), a partir das 19 horas, ser\u00e1 realizada uma audi\u00eancia p\u00fablica na C\u00e2mara Municipal de Dourados para debater assuntos relacionados ao desenvolvimento regional e \u00e0 infraestrutura da regi\u00e3o, como a situa\u00e7\u00e3o da BR-163 no Programa de Concess\u00e3o de Rodovias Federais e a Ferroeste, cujos trilhos passar\u00e3o pelo munic\u00edpio. A audi\u00eancia \u00e9 uma proposi\u00e7\u00e3o do vereador Dirceu Longhi (PT) e conta com a parceria dos mandatos do senador Delc\u00eddio do Amaral, do deputado federal Vander Loubet e do deputado estadual Laerte Tetila, todos do PT.<\/p>\n<figure id=\"attachment_5685\" aria-describedby=\"caption-attachment-5685\" style=\"width: 420px\" class=\"wp-caption aligncenter\"><a href=\"http:\/\/www.deputadovander.com.br\/website\/wp-content\/uploads\/2012\/08\/foto-2012-08-15-investimentos-federais-ferrovias-1.jpg\" target=\"_blank\"><img decoding=\"async\" class=\"size-medium wp-image-5685 \" title=\"Investimentos previstos pelo governo federal para ferrovias\" alt=\"Investimentos previstos pelo governo federal para ferrovias\" src=\"http:\/\/www.deputadovander.com.br\/website\/wp-content\/uploads\/2012\/08\/foto-2012-08-15-investimentos-federais-ferrovias-1-420x315.jpg\" width=\"420\" height=\"315\" \/><\/a><figcaption id=\"caption-attachment-5685\" class=\"wp-caption-text\">Investimentos previstos pelo governo federal para ferrovias<\/figcaption><\/figure>\n<p><strong>Outros estados, Mercosul e \u00c1sia<\/strong><\/p>\n<p>S\u00e3o duas <a title=\"Link\" href=\"http:\/\/www.deputadovander.com.br\/website\/2011\/07\/01\/ferrovia-que-vai-passar-por-maracaju-deve-causar-grande-impacto-na-regiao\/\" target=\"_blank\">as ferrovias com projetos para Mato Grosso do Sul<\/a>. Al\u00e9m da Ferroeste, com os trilhos ligando Maracaju\/Dourados\/Mundo Novo (MS) a Gua\u00edra\/Cascavel (PR), existe a Ferrovia Norte-Sul, que estuda a implanta\u00e7\u00e3o de um trecho ligando Panorama (SP) a Maracaju\/Porto Murtinho (MS). Ambas as obras foram inclu\u00eddas na planilha de prioridades da segunda fase do Programa de Acelera\u00e7\u00e3o do Crescimento (PAC 2) a pedido do deputado Vander ap\u00f3s requerimento feito \u00e0 ministra-chefe da Casa Civil da Presid\u00eancia da Rep\u00fablica, Gleisi Hoffmann. Na ocasi\u00e3o, o parlamentar destacou a import\u00e2ncia desses empreendimentos para a economia sul-mato-grossense, especialmente o agroneg\u00f3cio.<\/p>\n<p>&#8220;A Ferroeste e a Norte-Sul s\u00e3o muito importantes para nosso estado porque contemplam tr\u00eas importantes regi\u00f5es geoecon\u00f4micas \u2013 Grande Dourados, Bols\u00e3o e Pantanal \u2013 e v\u00e3o permitir a liga\u00e7\u00e3o dessas regi\u00f5es com os portos de Santos e Paranagu\u00e1, facilitando o interc\u00e2mbio comercial com outros estados, com os pa\u00edses do Mercosul e at\u00e9 mesmo com o continente asi\u00e1tico por meio dos portos de Resist\u00eancia na Argentina e Antofagasta no Chile&#8221;, concluiu.<\/p>\n<p><span style=\"font-size: 11px;\">(\u00c9der Yanaguita &#8211; Assessoria\/Deputado Vander, com informa\u00e7\u00f5es do Campo Grande News)<\/span><\/p>\n","protected":false},"excerpt":{"rendered":"<p>O deputado Vander comemorou a not\u00edcia e enfatizou que consolida\u00e7\u00e3o do modal ferrovi\u00e1rio \u00e9 importante para competitividade dos produtos de Mato Grosso do Sul.<\/p>\n","protected":false},"author":2,"featured_media":0,"comment_status":"closed","ping_status":"open","sticky":false,"template":"","format":"standard","meta":{"jetpack_post_was_ever_published":false,"_jetpack_newsletter_access":"","_jetpack_dont_email_post_to_subs":false,"_jetpack_newsletter_tier_id":0,"_jetpack_memberships_contains_paywalled_content":false,"_jetpack_memberships_contains_paid_content":false,"footnotes":""},"categories":[10],"tags":[213,377,590,637,672,821,824,945,1119,1173,1216,1343,1404,1945],"class_list":{"0":"post-6242","1":"post","2":"type-post","3":"status-publish","4":"format-standard","6":"category-noticias","7":"tag-audiencia","8":"tag-cascavel","9":"tag-delcidio","10":"tag-dirceu","11":"tag-dourados","12":"tag-ferroeste","13":"tag-ferrovia","14":"tag-guaira","15":"tag-laerte","16":"tag-longhi","17":"tag-maracaju","18":"tag-mundo","19":"tag-novo","20":"tag-tetila"},"yoast_head":"<!-- This site is optimized with the Yoast SEO plugin v27.4 - https:\/\/yoast.com\/product\/yoast-seo-wordpress\/ -->\n<title>Licita\u00e7\u00e3o de ferrovia que liga Maracaju a Cascavel sai em maio<\/title>\n<meta name=\"robots\" content=\"index, follow, max-snippet:-1, max-image-preview:large, max-video-preview:-1\" \/>\n<link rel=\"canonical\" href=\"https:\/\/vanderloubet.com.br\/deputado\/licitacao-de-ferrovia-que-liga-maracaju-a-cascavel-sai-em-maio\/\" \/>\n<meta property=\"og:locale\" content=\"pt_BR\" \/>\n<meta property=\"og:type\" content=\"article\" \/>\n<meta property=\"og:title\" content=\"Licita\u00e7\u00e3o de ferrovia que liga Maracaju a Cascavel sai em maio\" \/>\n<meta property=\"og:description\" content=\"O deputado Vander comemorou a not\u00edcia e enfatizou que consolida\u00e7\u00e3o do modal ferrovi\u00e1rio \u00e9 importante para competitividade dos produtos de Mato Grosso do Sul.\" \/>\n<meta property=\"og:url\" content=\"https:\/\/vanderloubet.com.br\/deputado\/licitacao-de-ferrovia-que-liga-maracaju-a-cascavel-sai-em-maio\/\" \/>\n<meta property=\"og:site_name\" content=\"Deputado Federal Vander Loubet\" \/>\n<meta property=\"article:publisher\" content=\"https:\/\/facebook.com\/deputadovander\" \/>\n<meta property=\"article:published_time\" content=\"2013-04-08T21:32:24+00:00\" \/>\n<meta property=\"og:image\" content=\"http:\/\/www.deputadovander.com.br\/website\/wp-content\/uploads\/2011\/07\/foto-2011-07-01-ferroeste-parana1-420x280.jpg\" \/>\n<meta name=\"author\" content=\"\u00c9der\" \/>\n<meta name=\"twitter:card\" content=\"summary_large_image\" \/>\n<meta name=\"twitter:creator\" content=\"@vanderloubet\" \/>\n<meta name=\"twitter:site\" content=\"@vanderloubet\" \/>\n<script type=\"application\/ld+json\" class=\"yoast-schema-graph\">{\"@context\":\"https:\\\/\\\/schema.org\",\"@graph\":[{\"@type\":\"Article\",\"@id\":\"https:\\\/\\\/vanderloubet.com.br\\\/deputado\\\/licitacao-de-ferrovia-que-liga-maracaju-a-cascavel-sai-em-maio\\\/#article\",\"isPartOf\":{\"@id\":\"https:\\\/\\\/vanderloubet.com.br\\\/deputado\\\/licitacao-de-ferrovia-que-liga-maracaju-a-cascavel-sai-em-maio\\\/\"},\"author\":{\"name\":\"\u00c9der\",\"@id\":\"https:\\\/\\\/vanderloubet.com.br\\\/deputado\\\/#\\\/schema\\\/person\\\/15b51bd564532a8a68d9dec1b8eb890e\"},\"headline\":\"Licita\u00e7\u00e3o de ferrovia que liga Maracaju a Cascavel sai em maio\",\"datePublished\":\"2013-04-08T21:32:24+00:00\",\"mainEntityOfPage\":{\"@id\":\"https:\\\/\\\/vanderloubet.com.br\\\/deputado\\\/licitacao-de-ferrovia-que-liga-maracaju-a-cascavel-sai-em-maio\\\/\"},\"wordCount\":635,\"publisher\":{\"@id\":\"https:\\\/\\\/vanderloubet.com.br\\\/deputado\\\/#organization\"},\"image\":{\"@id\":\"https:\\\/\\\/vanderloubet.com.br\\\/deputado\\\/licitacao-de-ferrovia-que-liga-maracaju-a-cascavel-sai-em-maio\\\/#primaryimage\"},\"thumbnailUrl\":\"http:\\\/\\\/www.deputadovander.com.br\\\/website\\\/wp-content\\\/uploads\\\/2011\\\/07\\\/foto-2011-07-01-ferroeste-parana1-420x280.jpg\",\"keywords\":[\"audi\u00eancia\",\"cascavel\",\"delc\u00eddio\",\"dirceu\",\"dourados\",\"ferroeste\",\"ferrovia\",\"gua\u00edra\",\"laerte\",\"longhi\",\"maracaju\",\"mundo\",\"novo\",\"tetila\"],\"articleSection\":[\"Not\u00edcias\"],\"inLanguage\":\"pt-BR\"},{\"@type\":\"WebPage\",\"@id\":\"https:\\\/\\\/vanderloubet.com.br\\\/deputado\\\/licitacao-de-ferrovia-que-liga-maracaju-a-cascavel-sai-em-maio\\\/\",\"url\":\"https:\\\/\\\/vanderloubet.com.br\\\/deputado\\\/licitacao-de-ferrovia-que-liga-maracaju-a-cascavel-sai-em-maio\\\/\",\"name\":\"Licita\u00e7\u00e3o de ferrovia que liga Maracaju a Cascavel sai em maio\",\"isPartOf\":{\"@id\":\"https:\\\/\\\/vanderloubet.com.br\\\/deputado\\\/#website\"},\"primaryImageOfPage\":{\"@id\":\"https:\\\/\\\/vanderloubet.com.br\\\/deputado\\\/licitacao-de-ferrovia-que-liga-maracaju-a-cascavel-sai-em-maio\\\/#primaryimage\"},\"image\":{\"@id\":\"https:\\\/\\\/vanderloubet.com.br\\\/deputado\\\/licitacao-de-ferrovia-que-liga-maracaju-a-cascavel-sai-em-maio\\\/#primaryimage\"},\"thumbnailUrl\":\"http:\\\/\\\/www.deputadovander.com.br\\\/website\\\/wp-content\\\/uploads\\\/2011\\\/07\\\/foto-2011-07-01-ferroeste-parana1-420x280.jpg\",\"datePublished\":\"2013-04-08T21:32:24+00:00\",\"breadcrumb\":{\"@id\":\"https:\\\/\\\/vanderloubet.com.br\\\/deputado\\\/licitacao-de-ferrovia-que-liga-maracaju-a-cascavel-sai-em-maio\\\/#breadcrumb\"},\"inLanguage\":\"pt-BR\",\"potentialAction\":[{\"@type\":\"ReadAction\",\"target\":[\"https:\\\/\\\/vanderloubet.com.br\\\/deputado\\\/licitacao-de-ferrovia-que-liga-maracaju-a-cascavel-sai-em-maio\\\/\"]}]},{\"@type\":\"ImageObject\",\"inLanguage\":\"pt-BR\",\"@id\":\"https:\\\/\\\/vanderloubet.com.br\\\/deputado\\\/licitacao-de-ferrovia-que-liga-maracaju-a-cascavel-sai-em-maio\\\/#primaryimage\",\"url\":\"http:\\\/\\\/www.deputadovander.com.br\\\/website\\\/wp-content\\\/uploads\\\/2011\\\/07\\\/foto-2011-07-01-ferroeste-parana1-420x280.jpg\",\"contentUrl\":\"http:\\\/\\\/www.deputadovander.com.br\\\/website\\\/wp-content\\\/uploads\\\/2011\\\/07\\\/foto-2011-07-01-ferroeste-parana1-420x280.jpg\"},{\"@type\":\"BreadcrumbList\",\"@id\":\"https:\\\/\\\/vanderloubet.com.br\\\/deputado\\\/licitacao-de-ferrovia-que-liga-maracaju-a-cascavel-sai-em-maio\\\/#breadcrumb\",\"itemListElement\":[{\"@type\":\"ListItem\",\"position\":1,\"name\":\"In\u00edcio\",\"item\":\"https:\\\/\\\/vanderloubet.com.br\\\/deputado\\\/\"},{\"@type\":\"ListItem\",\"position\":2,\"name\":\"Licita\u00e7\u00e3o de ferrovia que liga Maracaju a Cascavel sai em maio\"}]},{\"@type\":\"WebSite\",\"@id\":\"https:\\\/\\\/vanderloubet.com.br\\\/deputado\\\/#website\",\"url\":\"https:\\\/\\\/vanderloubet.com.br\\\/deputado\\\/\",\"name\":\"Deputado Federal Vander Loubet\",\"description\":\"O Federal de MS\",\"publisher\":{\"@id\":\"https:\\\/\\\/vanderloubet.com.br\\\/deputado\\\/#organization\"},\"alternateName\":\"Deputado Vander\",\"potentialAction\":[{\"@type\":\"SearchAction\",\"target\":{\"@type\":\"EntryPoint\",\"urlTemplate\":\"https:\\\/\\\/vanderloubet.com.br\\\/deputado\\\/?s={search_term_string}\"},\"query-input\":{\"@type\":\"PropertyValueSpecification\",\"valueRequired\":true,\"valueName\":\"search_term_string\"}}],\"inLanguage\":\"pt-BR\"},{\"@type\":\"Organization\",\"@id\":\"https:\\\/\\\/vanderloubet.com.br\\\/deputado\\\/#organization\",\"name\":\"Deputado Federal Vander Loubet\",\"alternateName\":\"Deputado Vander\",\"url\":\"https:\\\/\\\/vanderloubet.com.br\\\/deputado\\\/\",\"logo\":{\"@type\":\"ImageObject\",\"inLanguage\":\"pt-BR\",\"@id\":\"https:\\\/\\\/vanderloubet.com.br\\\/deputado\\\/#\\\/schema\\\/logo\\\/image\\\/\",\"url\":\"https:\\\/\\\/vanderloubet.com.br\\\/deputado\\\/wp-content\\\/uploads\\\/2023\\\/06\\\/foto-2023-06-19-mandato-deputado-vander.jpg\",\"contentUrl\":\"https:\\\/\\\/vanderloubet.com.br\\\/deputado\\\/wp-content\\\/uploads\\\/2023\\\/06\\\/foto-2023-06-19-mandato-deputado-vander.jpg\",\"width\":1080,\"height\":1080,\"caption\":\"Deputado Federal Vander Loubet\"},\"image\":{\"@id\":\"https:\\\/\\\/vanderloubet.com.br\\\/deputado\\\/#\\\/schema\\\/logo\\\/image\\\/\"},\"sameAs\":[\"https:\\\/\\\/facebook.com\\\/deputadovander\",\"https:\\\/\\\/x.com\\\/vanderloubet\",\"https:\\\/\\\/instagram.com\\\/vanderloubet\",\"https:\\\/\\\/youtube.com\\\/vanderloubet\",\"https:\\\/\\\/tiktok.com\\\/@vanderloubetms\"]},{\"@type\":\"Person\",\"@id\":\"https:\\\/\\\/vanderloubet.com.br\\\/deputado\\\/#\\\/schema\\\/person\\\/15b51bd564532a8a68d9dec1b8eb890e\",\"name\":\"\u00c9der\",\"image\":{\"@type\":\"ImageObject\",\"inLanguage\":\"pt-BR\",\"@id\":\"https:\\\/\\\/vanderloubet.com.br\\\/deputado\\\/wp-content\\\/litespeed\\\/avatar\\\/88ca4090d9d5ab1c9495f6ca03b68efa.jpg?ver=1777058957\",\"url\":\"https:\\\/\\\/vanderloubet.com.br\\\/deputado\\\/wp-content\\\/litespeed\\\/avatar\\\/88ca4090d9d5ab1c9495f6ca03b68efa.jpg?ver=1777058957\",\"contentUrl\":\"https:\\\/\\\/vanderloubet.com.br\\\/deputado\\\/wp-content\\\/litespeed\\\/avatar\\\/88ca4090d9d5ab1c9495f6ca03b68efa.jpg?ver=1777058957\",\"caption\":\"\u00c9der\"}}]}<\/script>\n<!-- \/ Yoast SEO plugin. -->","yoast_head_json":{"title":"Licita\u00e7\u00e3o de ferrovia que liga Maracaju a Cascavel sai em maio","robots":{"index":"index","follow":"follow","max-snippet":"max-snippet:-1","max-image-preview":"max-image-preview:large","max-video-preview":"max-video-preview:-1"},"canonical":"https:\/\/vanderloubet.com.br\/deputado\/licitacao-de-ferrovia-que-liga-maracaju-a-cascavel-sai-em-maio\/","og_locale":"pt_BR","og_type":"article","og_title":"Licita\u00e7\u00e3o de ferrovia que liga Maracaju a Cascavel sai em maio","og_description":"O deputado Vander comemorou a not\u00edcia e enfatizou que consolida\u00e7\u00e3o do modal ferrovi\u00e1rio \u00e9 importante para competitividade dos produtos de Mato Grosso do Sul.","og_url":"https:\/\/vanderloubet.com.br\/deputado\/licitacao-de-ferrovia-que-liga-maracaju-a-cascavel-sai-em-maio\/","og_site_name":"Deputado Federal Vander Loubet","article_publisher":"https:\/\/facebook.com\/deputadovander","article_published_time":"2013-04-08T21:32:24+00:00","og_image":[{"url":"http:\/\/www.deputadovander.com.br\/website\/wp-content\/uploads\/2011\/07\/foto-2011-07-01-ferroeste-parana1-420x280.jpg","type":"","width":"","height":""}],"author":"\u00c9der","twitter_card":"summary_large_image","twitter_creator":"@vanderloubet","twitter_site":"@vanderloubet","schema":{"@context":"https:\/\/schema.org","@graph":[{"@type":"Article","@id":"https:\/\/vanderloubet.com.br\/deputado\/licitacao-de-ferrovia-que-liga-maracaju-a-cascavel-sai-em-maio\/#article","isPartOf":{"@id":"https:\/\/vanderloubet.com.br\/deputado\/licitacao-de-ferrovia-que-liga-maracaju-a-cascavel-sai-em-maio\/"},"author":{"name":"\u00c9der","@id":"https:\/\/vanderloubet.com.br\/deputado\/#\/schema\/person\/15b51bd564532a8a68d9dec1b8eb890e"},"headline":"Licita\u00e7\u00e3o de ferrovia que liga Maracaju a Cascavel sai em maio","datePublished":"2013-04-08T21:32:24+00:00","mainEntityOfPage":{"@id":"https:\/\/vanderloubet.com.br\/deputado\/licitacao-de-ferrovia-que-liga-maracaju-a-cascavel-sai-em-maio\/"},"wordCount":635,"publisher":{"@id":"https:\/\/vanderloubet.com.br\/deputado\/#organization"},"image":{"@id":"https:\/\/vanderloubet.com.br\/deputado\/licitacao-de-ferrovia-que-liga-maracaju-a-cascavel-sai-em-maio\/#primaryimage"},"thumbnailUrl":"http:\/\/www.deputadovander.com.br\/website\/wp-content\/uploads\/2011\/07\/foto-2011-07-01-ferroeste-parana1-420x280.jpg","keywords":["audi\u00eancia","cascavel","delc\u00eddio","dirceu","dourados","ferroeste","ferrovia","gua\u00edra","laerte","longhi","maracaju","mundo","novo","tetila"],"articleSection":["Not\u00edcias"],"inLanguage":"pt-BR"},{"@type":"WebPage","@id":"https:\/\/vanderloubet.com.br\/deputado\/licitacao-de-ferrovia-que-liga-maracaju-a-cascavel-sai-em-maio\/","url":"https:\/\/vanderloubet.com.br\/deputado\/licitacao-de-ferrovia-que-liga-maracaju-a-cascavel-sai-em-maio\/","name":"Licita\u00e7\u00e3o de ferrovia que liga Maracaju a Cascavel sai em maio","isPartOf":{"@id":"https:\/\/vanderloubet.com.br\/deputado\/#website"},"primaryImageOfPage":{"@id":"https:\/\/vanderloubet.com.br\/deputado\/licitacao-de-ferrovia-que-liga-maracaju-a-cascavel-sai-em-maio\/#primaryimage"},"image":{"@id":"https:\/\/vanderloubet.com.br\/deputado\/licitacao-de-ferrovia-que-liga-maracaju-a-cascavel-sai-em-maio\/#primaryimage"},"thumbnailUrl":"http:\/\/www.deputadovander.com.br\/website\/wp-content\/uploads\/2011\/07\/foto-2011-07-01-ferroeste-parana1-420x280.jpg","datePublished":"2013-04-08T21:32:24+00:00","breadcrumb":{"@id":"https:\/\/vanderloubet.com.br\/deputado\/licitacao-de-ferrovia-que-liga-maracaju-a-cascavel-sai-em-maio\/#breadcrumb"},"inLanguage":"pt-BR","potentialAction":[{"@type":"ReadAction","target":["https:\/\/vanderloubet.com.br\/deputado\/licitacao-de-ferrovia-que-liga-maracaju-a-cascavel-sai-em-maio\/"]}]},{"@type":"ImageObject","inLanguage":"pt-BR","@id":"https:\/\/vanderloubet.com.br\/deputado\/licitacao-de-ferrovia-que-liga-maracaju-a-cascavel-sai-em-maio\/#primaryimage","url":"http:\/\/www.deputadovander.com.br\/website\/wp-content\/uploads\/2011\/07\/foto-2011-07-01-ferroeste-parana1-420x280.jpg","contentUrl":"http:\/\/www.deputadovander.com.br\/website\/wp-content\/uploads\/2011\/07\/foto-2011-07-01-ferroeste-parana1-420x280.jpg"},{"@type":"BreadcrumbList","@id":"https:\/\/vanderloubet.com.br\/deputado\/licitacao-de-ferrovia-que-liga-maracaju-a-cascavel-sai-em-maio\/#breadcrumb","itemListElement":[{"@type":"ListItem","position":1,"name":"In\u00edcio","item":"https:\/\/vanderloubet.com.br\/deputado\/"},{"@type":"ListItem","position":2,"name":"Licita\u00e7\u00e3o de ferrovia que liga Maracaju a Cascavel sai em maio"}]},{"@type":"WebSite","@id":"https:\/\/vanderloubet.com.br\/deputado\/#website","url":"https:\/\/vanderloubet.com.br\/deputado\/","name":"Deputado Federal Vander Loubet","description":"O Federal de MS","publisher":{"@id":"https:\/\/vanderloubet.com.br\/deputado\/#organization"},"alternateName":"Deputado Vander","potentialAction":[{"@type":"SearchAction","target":{"@type":"EntryPoint","urlTemplate":"https:\/\/vanderloubet.com.br\/deputado\/?s={search_term_string}"},"query-input":{"@type":"PropertyValueSpecification","valueRequired":true,"valueName":"search_term_string"}}],"inLanguage":"pt-BR"},{"@type":"Organization","@id":"https:\/\/vanderloubet.com.br\/deputado\/#organization","name":"Deputado Federal Vander Loubet","alternateName":"Deputado Vander","url":"https:\/\/vanderloubet.com.br\/deputado\/","logo":{"@type":"ImageObject","inLanguage":"pt-BR","@id":"https:\/\/vanderloubet.com.br\/deputado\/#\/schema\/logo\/image\/","url":"https:\/\/vanderloubet.com.br\/deputado\/wp-content\/uploads\/2023\/06\/foto-2023-06-19-mandato-deputado-vander.jpg","contentUrl":"https:\/\/vanderloubet.com.br\/deputado\/wp-content\/uploads\/2023\/06\/foto-2023-06-19-mandato-deputado-vander.jpg","width":1080,"height":1080,"caption":"Deputado Federal Vander Loubet"},"image":{"@id":"https:\/\/vanderloubet.com.br\/deputado\/#\/schema\/logo\/image\/"},"sameAs":["https:\/\/facebook.com\/deputadovander","https:\/\/x.com\/vanderloubet","https:\/\/instagram.com\/vanderloubet","https:\/\/youtube.com\/vanderloubet","https:\/\/tiktok.com\/@vanderloubetms"]},{"@type":"Person","@id":"https:\/\/vanderloubet.com.br\/deputado\/#\/schema\/person\/15b51bd564532a8a68d9dec1b8eb890e","name":"\u00c9der","image":{"@type":"ImageObject","inLanguage":"pt-BR","@id":"https:\/\/vanderloubet.com.br\/deputado\/wp-content\/litespeed\/avatar\/88ca4090d9d5ab1c9495f6ca03b68efa.jpg?ver=1777058957","url":"https:\/\/vanderloubet.com.br\/deputado\/wp-content\/litespeed\/avatar\/88ca4090d9d5ab1c9495f6ca03b68efa.jpg?ver=1777058957","contentUrl":"https:\/\/vanderloubet.com.br\/deputado\/wp-content\/litespeed\/avatar\/88ca4090d9d5ab1c9495f6ca03b68efa.jpg?ver=1777058957","caption":"\u00c9der"}}]}},"jetpack_featured_media_url":"","jetpack_sharing_enabled":true,"_links":{"self":[{"href":"https:\/\/vanderloubet.com.br\/deputado\/wp-json\/wp\/v2\/posts\/6242","targetHints":{"allow":["GET"]}}],"collection":[{"href":"https:\/\/vanderloubet.com.br\/deputado\/wp-json\/wp\/v2\/posts"}],"about":[{"href":"https:\/\/vanderloubet.com.br\/deputado\/wp-json\/wp\/v2\/types\/post"}],"author":[{"embeddable":true,"href":"https:\/\/vanderloubet.com.br\/deputado\/wp-json\/wp\/v2\/users\/2"}],"replies":[{"embeddable":true,"href":"https:\/\/vanderloubet.com.br\/deputado\/wp-json\/wp\/v2\/comments?post=6242"}],"version-history":[{"count":0,"href":"https:\/\/vanderloubet.com.br\/deputado\/wp-json\/wp\/v2\/posts\/6242\/revisions"}],"wp:attachment":[{"href":"https:\/\/vanderloubet.com.br\/deputado\/wp-json\/wp\/v2\/media?parent=6242"}],"wp:term":[{"taxonomy":"category","embeddable":true,"href":"https:\/\/vanderloubet.com.br\/deputado\/wp-json\/wp\/v2\/categories?post=6242"},{"taxonomy":"post_tag","embeddable":true,"href":"https:\/\/vanderloubet.com.br\/deputado\/wp-json\/wp\/v2\/tags?post=6242"}],"curies":[{"name":"wp","href":"https:\/\/api.w.org\/{rel}","templated":true}]}}