{"id":6230,"date":"2013-04-03T13:44:18","date_gmt":"2013-04-03T17:44:18","guid":{"rendered":"http:\/\/www.deputadovander.com.br\/website\/?p=6230"},"modified":"2014-04-27T23:36:49","modified_gmt":"2014-04-28T02:36:49","slug":"vander-defende-fim-contribuicao","status":"publish","type":"post","link":"https:\/\/vanderloubet.com.br\/deputado\/vander-defende-fim-contribuicao\/","title":{"rendered":"Vander defende vota\u00e7\u00e3o do fim da &#8220;Contribui\u00e7\u00e3o dos Inativos&#8221;"},"content":{"rendered":"<figure id=\"attachment_5332\" aria-describedby=\"caption-attachment-5332\" style=\"width: 420px\" class=\"wp-caption aligncenter\"><a href=\"http:\/\/www.deputadovander.com.br\/website\/wp-content\/uploads\/2012\/05\/foto-2012-05-08-deputado-vander-loubet.jpg\" target=\"_blank\"><img decoding=\"async\" class=\"size-medium wp-image-5332 \" title=\"Deputado Vander Loubet, no Plen\u00e1rio da C\u00e2mara\" alt=\"Deputado Vander Loubet, no Plen\u00e1rio da C\u00e2mara\" src=\"http:\/\/www.deputadovander.com.br\/website\/wp-content\/uploads\/2012\/05\/foto-2012-05-08-deputado-vander-loubet-420x280.jpg\" width=\"420\" height=\"280\" \/><\/a><figcaption id=\"caption-attachment-5332\" class=\"wp-caption-text\">Deputado Vander Loubet, no Plen\u00e1rio da C\u00e2mara<\/figcaption><\/figure>\n<p>Confira abaixo um resumo da atua\u00e7\u00e3o do deputado federal Vander Loubet na C\u00e2mara Federal:<\/p>\n<p><strong>Fim da contribui\u00e7\u00e3o dos inativos<\/strong><\/p>\n<p>O deputado federal Vander Loubet protocolou o <a title=\"Link\" href=\"http:\/\/www.camara.gov.br\/internet\/sileg\/Prop_Detalhe.asp?id=567626\" target=\"_blank\">Requerimento (REQ) 7.045\/2013<\/a> para incluir na Ordem do Dia a Proposta de Emenda Constitucional (PEC) 555\/2006, que revoga o Artigo 4\u00ba da Emenda Constitucional (EC) 41\/2003, a chamada Reforma da Previd\u00eancia, acabando com a cobran\u00e7a de contribui\u00e7\u00e3o previdenci\u00e1ria sobre os proventos dos servidores p\u00fablicos aposentados (Contribui\u00e7\u00e3o de Inativos).<\/p>\n<p><strong>Isen\u00e7\u00e3o de IR aos portadores de LAM<\/strong><\/p>\n<p>Vander tamb\u00e9m protocolou o <a title=\"Link\" href=\"http:\/\/www.camara.gov.br\/internet\/sileg\/Prop_Detalhe.asp?id=567627\" target=\"_blank\">Requerimento (REQ) 7.046\/2013<\/a> para incluir na Ordem do Dia o Projeto de Lei (PL) 4.562\/2012, que &#8220;altera o inciso XIV da Lei 7.713\/1988, com a reda\u00e7\u00e3o dada pela Lei 11.052\/2004, para incluir entre os rendimentos isentos do Imposto de Renda os proventos recebidos pelos portadores de linfangioleiomiomatose (LAM)&#8221;. A LAM \u00e9 uma doen\u00e7a rara e caracteriza-se por um tipo n\u00e3o usual de c\u00e9lula muscular que invade o tecido dos pulm\u00f5es, levando \u00e0 obstru\u00e7\u00e3o dos pulm\u00f5es. Apesar dessas c\u00e9lulas n\u00e3o serem consideradas cancer\u00edgenas, elas crescem sem controle dentro dos pulm\u00f5es, que com o tempo, impedem os pulm\u00f5es de prover oxig\u00eanio para o resto do corpo.<\/p>\n<p><strong>Mais bolsas de doutorado<\/strong><\/p>\n<p>Outro expediente do deputado Vander na C\u00e2mara foi a <a title=\"Link\" href=\"http:\/\/www.camara.gov.br\/internet\/sileg\/Prop_Detalhe.asp?id=567637\" target=\"_blank\">Indica\u00e7\u00e3o (INC) 3.684\/2013<\/a>, endere\u00e7ada ao Minist\u00e9rio da Educa\u00e7\u00e3o (MEC), solicitando a amplia\u00e7\u00e3o da concess\u00e3o de bolsas para Dourado no Pa\u00eds. &#8220;O desenvolvimento econ\u00f4mico e social do Brasil depende, cada vez mais, da forma\u00e7\u00e3o de pessoal com elevada qualifica\u00e7\u00e3o cient\u00edfica e t\u00e9cnica&#8221;, defendeu o parlamentar sul-mato-grossense.<\/p>\n<p><strong>Apoio aos munic\u00edpios v\u00edtimas de desastres naturais<\/strong><\/p>\n<p>A Comiss\u00e3o de Integra\u00e7\u00e3o Nacional, Desenvolvimento Regional e da Amaz\u00f4nia (Cindra), aprovou, por unanimidade, o parecer favor\u00e1vel da deputada Janete Capiberibe ao <a title=\"Link\" href=\"http:\/\/www.camara.gov.br\/proposicoesWeb\/fichadetramitacao?idProposicao=379297\" target=\"_blank\">Projeto de Lei (PL) 2.537\/2007<\/a>, de autoria do deputado Vander Loubet. O PL, que dever\u00e1 passar ainda pela aprecia\u00e7\u00e3o da Comiss\u00e3o de Constitui\u00e7\u00e3o e Justi\u00e7a e Cidadania (CCJC), prev\u00ea a suspens\u00e3o tempor\u00e1ria de pagamentos de d\u00e9bitos dos munic\u00edpios junto \u00e0 Uni\u00e3o em casos de desastres naturais, como seca ou estiagem prolongada, inunda\u00e7\u00f5es ou mesmo endemias e epidemias. Vander argumenta que a Uni\u00e3o n\u00e3o estaria abrindo m\u00e3o de qualquer parcela de seus recursos, mas apenas prorrogando seu recebimento at\u00e9 que a situa\u00e7\u00e3o do munic\u00edpio afetado retorne \u00e0 normalidade.<\/p>\n","protected":false},"excerpt":{"rendered":"<p>Deputado tamb\u00e9m fez requerimento pedindo vota\u00e7\u00e3o do projeto que isenta portadores de LAM de pagamento de Imposto de Renda.<\/p>\n","protected":false},"author":2,"featured_media":0,"comment_status":"closed","ping_status":"open","sticky":false,"template":"","format":"standard","meta":{"jetpack_post_was_ever_published":false,"_jetpack_newsletter_access":"","_jetpack_dont_email_post_to_subs":false,"_jetpack_newsletter_tier_id":0,"_jetpack_memberships_contains_paywalled_content":false,"_jetpack_memberships_contains_paid_content":false,"footnotes":""},"categories":[2098,10],"tags":[277,518,613,673,697,999,1005,1123,1161,1363,1711],"class_list":{"0":"post-6230","1":"post","2":"type-post","3":"status-publish","4":"format-standard","6":"category-brasil-noticias","7":"category-noticias","8":"tag-bolsas","9":"tag-contribuicao","10":"tag-desastres","11":"tag-doutorado","12":"tag-educacao","13":"tag-imposto","14":"tag-inativos","15":"tag-lam","16":"tag-linfangioleiomiomatose","17":"tag-naturais","18":"tag-renda"},"yoast_head":"<!-- This site is optimized with the Yoast SEO plugin v27.4 - https:\/\/yoast.com\/product\/yoast-seo-wordpress\/ -->\n<title>Vander defende vota\u00e7\u00e3o do fim da &quot;Contribui\u00e7\u00e3o dos Inativos&quot;<\/title>\n<meta name=\"robots\" content=\"index, follow, max-snippet:-1, max-image-preview:large, max-video-preview:-1\" \/>\n<link rel=\"canonical\" href=\"https:\/\/vanderloubet.com.br\/deputado\/vander-defende-fim-contribuicao\/\" \/>\n<meta property=\"og:locale\" content=\"pt_BR\" \/>\n<meta property=\"og:type\" content=\"article\" \/>\n<meta property=\"og:title\" content=\"Vander defende vota\u00e7\u00e3o do fim da &quot;Contribui\u00e7\u00e3o dos Inativos&quot;\" \/>\n<meta property=\"og:description\" content=\"Deputado tamb\u00e9m fez requerimento pedindo vota\u00e7\u00e3o do projeto que isenta portadores de LAM de pagamento de Imposto de Renda.\" \/>\n<meta property=\"og:url\" content=\"https:\/\/vanderloubet.com.br\/deputado\/vander-defende-fim-contribuicao\/\" \/>\n<meta property=\"og:site_name\" content=\"Deputado Federal Vander Loubet\" \/>\n<meta property=\"article:publisher\" content=\"https:\/\/facebook.com\/deputadovander\" \/>\n<meta property=\"article:published_time\" content=\"2013-04-03T17:44:18+00:00\" \/>\n<meta property=\"article:modified_time\" content=\"2014-04-28T02:36:49+00:00\" \/>\n<meta property=\"og:image\" content=\"http:\/\/www.deputadovander.com.br\/website\/wp-content\/uploads\/2012\/05\/foto-2012-05-08-deputado-vander-loubet-420x280.jpg\" \/>\n<meta name=\"author\" content=\"\u00c9der\" \/>\n<meta name=\"twitter:card\" content=\"summary_large_image\" \/>\n<meta name=\"twitter:creator\" content=\"@vanderloubet\" \/>\n<meta name=\"twitter:site\" content=\"@vanderloubet\" \/>\n<script type=\"application\/ld+json\" class=\"yoast-schema-graph\">{\"@context\":\"https:\\\/\\\/schema.org\",\"@graph\":[{\"@type\":\"Article\",\"@id\":\"https:\\\/\\\/vanderloubet.com.br\\\/deputado\\\/vander-defende-fim-contribuicao\\\/#article\",\"isPartOf\":{\"@id\":\"https:\\\/\\\/vanderloubet.com.br\\\/deputado\\\/vander-defende-fim-contribuicao\\\/\"},\"author\":{\"name\":\"\u00c9der\",\"@id\":\"https:\\\/\\\/vanderloubet.com.br\\\/deputado\\\/#\\\/schema\\\/person\\\/15b51bd564532a8a68d9dec1b8eb890e\"},\"headline\":\"Vander defende vota\u00e7\u00e3o do fim da &#8220;Contribui\u00e7\u00e3o dos Inativos&#8221;\",\"datePublished\":\"2013-04-03T17:44:18+00:00\",\"dateModified\":\"2014-04-28T02:36:49+00:00\",\"mainEntityOfPage\":{\"@id\":\"https:\\\/\\\/vanderloubet.com.br\\\/deputado\\\/vander-defende-fim-contribuicao\\\/\"},\"wordCount\":434,\"publisher\":{\"@id\":\"https:\\\/\\\/vanderloubet.com.br\\\/deputado\\\/#organization\"},\"image\":{\"@id\":\"https:\\\/\\\/vanderloubet.com.br\\\/deputado\\\/vander-defende-fim-contribuicao\\\/#primaryimage\"},\"thumbnailUrl\":\"http:\\\/\\\/www.deputadovander.com.br\\\/website\\\/wp-content\\\/uploads\\\/2012\\\/05\\\/foto-2012-05-08-deputado-vander-loubet-420x280.jpg\",\"keywords\":[\"bolsas\",\"contribui\u00e7\u00e3o\",\"desastres\",\"doutorado\",\"educa\u00e7\u00e3o\",\"imposto\",\"inativos\",\"lam\",\"linfangioleiomiomatose\",\"naturais\",\"renda\"],\"articleSection\":[\"Brasil\",\"Not\u00edcias\"],\"inLanguage\":\"pt-BR\"},{\"@type\":\"WebPage\",\"@id\":\"https:\\\/\\\/vanderloubet.com.br\\\/deputado\\\/vander-defende-fim-contribuicao\\\/\",\"url\":\"https:\\\/\\\/vanderloubet.com.br\\\/deputado\\\/vander-defende-fim-contribuicao\\\/\",\"name\":\"Vander defende vota\u00e7\u00e3o do fim da \\\"Contribui\u00e7\u00e3o dos Inativos\\\"\",\"isPartOf\":{\"@id\":\"https:\\\/\\\/vanderloubet.com.br\\\/deputado\\\/#website\"},\"primaryImageOfPage\":{\"@id\":\"https:\\\/\\\/vanderloubet.com.br\\\/deputado\\\/vander-defende-fim-contribuicao\\\/#primaryimage\"},\"image\":{\"@id\":\"https:\\\/\\\/vanderloubet.com.br\\\/deputado\\\/vander-defende-fim-contribuicao\\\/#primaryimage\"},\"thumbnailUrl\":\"http:\\\/\\\/www.deputadovander.com.br\\\/website\\\/wp-content\\\/uploads\\\/2012\\\/05\\\/foto-2012-05-08-deputado-vander-loubet-420x280.jpg\",\"datePublished\":\"2013-04-03T17:44:18+00:00\",\"dateModified\":\"2014-04-28T02:36:49+00:00\",\"breadcrumb\":{\"@id\":\"https:\\\/\\\/vanderloubet.com.br\\\/deputado\\\/vander-defende-fim-contribuicao\\\/#breadcrumb\"},\"inLanguage\":\"pt-BR\",\"potentialAction\":[{\"@type\":\"ReadAction\",\"target\":[\"https:\\\/\\\/vanderloubet.com.br\\\/deputado\\\/vander-defende-fim-contribuicao\\\/\"]}]},{\"@type\":\"ImageObject\",\"inLanguage\":\"pt-BR\",\"@id\":\"https:\\\/\\\/vanderloubet.com.br\\\/deputado\\\/vander-defende-fim-contribuicao\\\/#primaryimage\",\"url\":\"http:\\\/\\\/www.deputadovander.com.br\\\/website\\\/wp-content\\\/uploads\\\/2012\\\/05\\\/foto-2012-05-08-deputado-vander-loubet-420x280.jpg\",\"contentUrl\":\"http:\\\/\\\/www.deputadovander.com.br\\\/website\\\/wp-content\\\/uploads\\\/2012\\\/05\\\/foto-2012-05-08-deputado-vander-loubet-420x280.jpg\"},{\"@type\":\"BreadcrumbList\",\"@id\":\"https:\\\/\\\/vanderloubet.com.br\\\/deputado\\\/vander-defende-fim-contribuicao\\\/#breadcrumb\",\"itemListElement\":[{\"@type\":\"ListItem\",\"position\":1,\"name\":\"In\u00edcio\",\"item\":\"https:\\\/\\\/vanderloubet.com.br\\\/deputado\\\/\"},{\"@type\":\"ListItem\",\"position\":2,\"name\":\"Vander defende vota\u00e7\u00e3o do fim da &#8220;Contribui\u00e7\u00e3o dos Inativos&#8221;\"}]},{\"@type\":\"WebSite\",\"@id\":\"https:\\\/\\\/vanderloubet.com.br\\\/deputado\\\/#website\",\"url\":\"https:\\\/\\\/vanderloubet.com.br\\\/deputado\\\/\",\"name\":\"Deputado Federal Vander Loubet\",\"description\":\"O Federal de MS\",\"publisher\":{\"@id\":\"https:\\\/\\\/vanderloubet.com.br\\\/deputado\\\/#organization\"},\"alternateName\":\"Deputado Vander\",\"potentialAction\":[{\"@type\":\"SearchAction\",\"target\":{\"@type\":\"EntryPoint\",\"urlTemplate\":\"https:\\\/\\\/vanderloubet.com.br\\\/deputado\\\/?s={search_term_string}\"},\"query-input\":{\"@type\":\"PropertyValueSpecification\",\"valueRequired\":true,\"valueName\":\"search_term_string\"}}],\"inLanguage\":\"pt-BR\"},{\"@type\":\"Organization\",\"@id\":\"https:\\\/\\\/vanderloubet.com.br\\\/deputado\\\/#organization\",\"name\":\"Deputado Federal Vander Loubet\",\"alternateName\":\"Deputado Vander\",\"url\":\"https:\\\/\\\/vanderloubet.com.br\\\/deputado\\\/\",\"logo\":{\"@type\":\"ImageObject\",\"inLanguage\":\"pt-BR\",\"@id\":\"https:\\\/\\\/vanderloubet.com.br\\\/deputado\\\/#\\\/schema\\\/logo\\\/image\\\/\",\"url\":\"https:\\\/\\\/vanderloubet.com.br\\\/deputado\\\/wp-content\\\/uploads\\\/2023\\\/06\\\/foto-2023-06-19-mandato-deputado-vander.jpg\",\"contentUrl\":\"https:\\\/\\\/vanderloubet.com.br\\\/deputado\\\/wp-content\\\/uploads\\\/2023\\\/06\\\/foto-2023-06-19-mandato-deputado-vander.jpg\",\"width\":1080,\"height\":1080,\"caption\":\"Deputado Federal Vander Loubet\"},\"image\":{\"@id\":\"https:\\\/\\\/vanderloubet.com.br\\\/deputado\\\/#\\\/schema\\\/logo\\\/image\\\/\"},\"sameAs\":[\"https:\\\/\\\/facebook.com\\\/deputadovander\",\"https:\\\/\\\/x.com\\\/vanderloubet\",\"https:\\\/\\\/instagram.com\\\/vanderloubet\",\"https:\\\/\\\/youtube.com\\\/vanderloubet\",\"https:\\\/\\\/tiktok.com\\\/@vanderloubetms\"]},{\"@type\":\"Person\",\"@id\":\"https:\\\/\\\/vanderloubet.com.br\\\/deputado\\\/#\\\/schema\\\/person\\\/15b51bd564532a8a68d9dec1b8eb890e\",\"name\":\"\u00c9der\",\"image\":{\"@type\":\"ImageObject\",\"inLanguage\":\"pt-BR\",\"@id\":\"https:\\\/\\\/vanderloubet.com.br\\\/deputado\\\/wp-content\\\/litespeed\\\/avatar\\\/88ca4090d9d5ab1c9495f6ca03b68efa.jpg?ver=1777058957\",\"url\":\"https:\\\/\\\/vanderloubet.com.br\\\/deputado\\\/wp-content\\\/litespeed\\\/avatar\\\/88ca4090d9d5ab1c9495f6ca03b68efa.jpg?ver=1777058957\",\"contentUrl\":\"https:\\\/\\\/vanderloubet.com.br\\\/deputado\\\/wp-content\\\/litespeed\\\/avatar\\\/88ca4090d9d5ab1c9495f6ca03b68efa.jpg?ver=1777058957\",\"caption\":\"\u00c9der\"}}]}<\/script>\n<!-- \/ Yoast SEO plugin. -->","yoast_head_json":{"title":"Vander defende vota\u00e7\u00e3o do fim da \"Contribui\u00e7\u00e3o dos Inativos\"","robots":{"index":"index","follow":"follow","max-snippet":"max-snippet:-1","max-image-preview":"max-image-preview:large","max-video-preview":"max-video-preview:-1"},"canonical":"https:\/\/vanderloubet.com.br\/deputado\/vander-defende-fim-contribuicao\/","og_locale":"pt_BR","og_type":"article","og_title":"Vander defende vota\u00e7\u00e3o do fim da \"Contribui\u00e7\u00e3o dos Inativos\"","og_description":"Deputado tamb\u00e9m fez requerimento pedindo vota\u00e7\u00e3o do projeto que isenta portadores de LAM de pagamento de Imposto de Renda.","og_url":"https:\/\/vanderloubet.com.br\/deputado\/vander-defende-fim-contribuicao\/","og_site_name":"Deputado Federal Vander Loubet","article_publisher":"https:\/\/facebook.com\/deputadovander","article_published_time":"2013-04-03T17:44:18+00:00","article_modified_time":"2014-04-28T02:36:49+00:00","og_image":[{"url":"http:\/\/www.deputadovander.com.br\/website\/wp-content\/uploads\/2012\/05\/foto-2012-05-08-deputado-vander-loubet-420x280.jpg","type":"","width":"","height":""}],"author":"\u00c9der","twitter_card":"summary_large_image","twitter_creator":"@vanderloubet","twitter_site":"@vanderloubet","schema":{"@context":"https:\/\/schema.org","@graph":[{"@type":"Article","@id":"https:\/\/vanderloubet.com.br\/deputado\/vander-defende-fim-contribuicao\/#article","isPartOf":{"@id":"https:\/\/vanderloubet.com.br\/deputado\/vander-defende-fim-contribuicao\/"},"author":{"name":"\u00c9der","@id":"https:\/\/vanderloubet.com.br\/deputado\/#\/schema\/person\/15b51bd564532a8a68d9dec1b8eb890e"},"headline":"Vander defende vota\u00e7\u00e3o do fim da &#8220;Contribui\u00e7\u00e3o dos Inativos&#8221;","datePublished":"2013-04-03T17:44:18+00:00","dateModified":"2014-04-28T02:36:49+00:00","mainEntityOfPage":{"@id":"https:\/\/vanderloubet.com.br\/deputado\/vander-defende-fim-contribuicao\/"},"wordCount":434,"publisher":{"@id":"https:\/\/vanderloubet.com.br\/deputado\/#organization"},"image":{"@id":"https:\/\/vanderloubet.com.br\/deputado\/vander-defende-fim-contribuicao\/#primaryimage"},"thumbnailUrl":"http:\/\/www.deputadovander.com.br\/website\/wp-content\/uploads\/2012\/05\/foto-2012-05-08-deputado-vander-loubet-420x280.jpg","keywords":["bolsas","contribui\u00e7\u00e3o","desastres","doutorado","educa\u00e7\u00e3o","imposto","inativos","lam","linfangioleiomiomatose","naturais","renda"],"articleSection":["Brasil","Not\u00edcias"],"inLanguage":"pt-BR"},{"@type":"WebPage","@id":"https:\/\/vanderloubet.com.br\/deputado\/vander-defende-fim-contribuicao\/","url":"https:\/\/vanderloubet.com.br\/deputado\/vander-defende-fim-contribuicao\/","name":"Vander defende vota\u00e7\u00e3o do fim da \"Contribui\u00e7\u00e3o dos Inativos\"","isPartOf":{"@id":"https:\/\/vanderloubet.com.br\/deputado\/#website"},"primaryImageOfPage":{"@id":"https:\/\/vanderloubet.com.br\/deputado\/vander-defende-fim-contribuicao\/#primaryimage"},"image":{"@id":"https:\/\/vanderloubet.com.br\/deputado\/vander-defende-fim-contribuicao\/#primaryimage"},"thumbnailUrl":"http:\/\/www.deputadovander.com.br\/website\/wp-content\/uploads\/2012\/05\/foto-2012-05-08-deputado-vander-loubet-420x280.jpg","datePublished":"2013-04-03T17:44:18+00:00","dateModified":"2014-04-28T02:36:49+00:00","breadcrumb":{"@id":"https:\/\/vanderloubet.com.br\/deputado\/vander-defende-fim-contribuicao\/#breadcrumb"},"inLanguage":"pt-BR","potentialAction":[{"@type":"ReadAction","target":["https:\/\/vanderloubet.com.br\/deputado\/vander-defende-fim-contribuicao\/"]}]},{"@type":"ImageObject","inLanguage":"pt-BR","@id":"https:\/\/vanderloubet.com.br\/deputado\/vander-defende-fim-contribuicao\/#primaryimage","url":"http:\/\/www.deputadovander.com.br\/website\/wp-content\/uploads\/2012\/05\/foto-2012-05-08-deputado-vander-loubet-420x280.jpg","contentUrl":"http:\/\/www.deputadovander.com.br\/website\/wp-content\/uploads\/2012\/05\/foto-2012-05-08-deputado-vander-loubet-420x280.jpg"},{"@type":"BreadcrumbList","@id":"https:\/\/vanderloubet.com.br\/deputado\/vander-defende-fim-contribuicao\/#breadcrumb","itemListElement":[{"@type":"ListItem","position":1,"name":"In\u00edcio","item":"https:\/\/vanderloubet.com.br\/deputado\/"},{"@type":"ListItem","position":2,"name":"Vander defende vota\u00e7\u00e3o do fim da &#8220;Contribui\u00e7\u00e3o dos Inativos&#8221;"}]},{"@type":"WebSite","@id":"https:\/\/vanderloubet.com.br\/deputado\/#website","url":"https:\/\/vanderloubet.com.br\/deputado\/","name":"Deputado Federal Vander Loubet","description":"O Federal de MS","publisher":{"@id":"https:\/\/vanderloubet.com.br\/deputado\/#organization"},"alternateName":"Deputado Vander","potentialAction":[{"@type":"SearchAction","target":{"@type":"EntryPoint","urlTemplate":"https:\/\/vanderloubet.com.br\/deputado\/?s={search_term_string}"},"query-input":{"@type":"PropertyValueSpecification","valueRequired":true,"valueName":"search_term_string"}}],"inLanguage":"pt-BR"},{"@type":"Organization","@id":"https:\/\/vanderloubet.com.br\/deputado\/#organization","name":"Deputado Federal Vander Loubet","alternateName":"Deputado Vander","url":"https:\/\/vanderloubet.com.br\/deputado\/","logo":{"@type":"ImageObject","inLanguage":"pt-BR","@id":"https:\/\/vanderloubet.com.br\/deputado\/#\/schema\/logo\/image\/","url":"https:\/\/vanderloubet.com.br\/deputado\/wp-content\/uploads\/2023\/06\/foto-2023-06-19-mandato-deputado-vander.jpg","contentUrl":"https:\/\/vanderloubet.com.br\/deputado\/wp-content\/uploads\/2023\/06\/foto-2023-06-19-mandato-deputado-vander.jpg","width":1080,"height":1080,"caption":"Deputado Federal Vander Loubet"},"image":{"@id":"https:\/\/vanderloubet.com.br\/deputado\/#\/schema\/logo\/image\/"},"sameAs":["https:\/\/facebook.com\/deputadovander","https:\/\/x.com\/vanderloubet","https:\/\/instagram.com\/vanderloubet","https:\/\/youtube.com\/vanderloubet","https:\/\/tiktok.com\/@vanderloubetms"]},{"@type":"Person","@id":"https:\/\/vanderloubet.com.br\/deputado\/#\/schema\/person\/15b51bd564532a8a68d9dec1b8eb890e","name":"\u00c9der","image":{"@type":"ImageObject","inLanguage":"pt-BR","@id":"https:\/\/vanderloubet.com.br\/deputado\/wp-content\/litespeed\/avatar\/88ca4090d9d5ab1c9495f6ca03b68efa.jpg?ver=1777058957","url":"https:\/\/vanderloubet.com.br\/deputado\/wp-content\/litespeed\/avatar\/88ca4090d9d5ab1c9495f6ca03b68efa.jpg?ver=1777058957","contentUrl":"https:\/\/vanderloubet.com.br\/deputado\/wp-content\/litespeed\/avatar\/88ca4090d9d5ab1c9495f6ca03b68efa.jpg?ver=1777058957","caption":"\u00c9der"}}]}},"jetpack_featured_media_url":"","jetpack_sharing_enabled":true,"_links":{"self":[{"href":"https:\/\/vanderloubet.com.br\/deputado\/wp-json\/wp\/v2\/posts\/6230","targetHints":{"allow":["GET"]}}],"collection":[{"href":"https:\/\/vanderloubet.com.br\/deputado\/wp-json\/wp\/v2\/posts"}],"about":[{"href":"https:\/\/vanderloubet.com.br\/deputado\/wp-json\/wp\/v2\/types\/post"}],"author":[{"embeddable":true,"href":"https:\/\/vanderloubet.com.br\/deputado\/wp-json\/wp\/v2\/users\/2"}],"replies":[{"embeddable":true,"href":"https:\/\/vanderloubet.com.br\/deputado\/wp-json\/wp\/v2\/comments?post=6230"}],"version-history":[{"count":0,"href":"https:\/\/vanderloubet.com.br\/deputado\/wp-json\/wp\/v2\/posts\/6230\/revisions"}],"wp:attachment":[{"href":"https:\/\/vanderloubet.com.br\/deputado\/wp-json\/wp\/v2\/media?parent=6230"}],"wp:term":[{"taxonomy":"category","embeddable":true,"href":"https:\/\/vanderloubet.com.br\/deputado\/wp-json\/wp\/v2\/categories?post=6230"},{"taxonomy":"post_tag","embeddable":true,"href":"https:\/\/vanderloubet.com.br\/deputado\/wp-json\/wp\/v2\/tags?post=6230"}],"curies":[{"name":"wp","href":"https:\/\/api.w.org\/{rel}","templated":true}]}}