{"id":6222,"date":"2013-03-31T17:38:16","date_gmt":"2013-03-31T21:38:16","guid":{"rendered":"http:\/\/www.deputadovander.com.br\/website\/?p=6222"},"modified":"2013-03-31T17:38:16","modified_gmt":"2013-03-31T21:38:16","slug":"a-pedido-de-vander-encontro-de-ministros-com-prefeitos-vai-abordar-concessao-de-rodovias","status":"publish","type":"post","link":"https:\/\/vanderloubet.com.br\/deputado\/a-pedido-de-vander-encontro-de-ministros-com-prefeitos-vai-abordar-concessao-de-rodovias\/","title":{"rendered":"A pedido de Vander, f\u00f3rum com prefeitos vai abordar concess\u00e3o de rodovias"},"content":{"rendered":"<figure id=\"attachment_6223\" aria-describedby=\"caption-attachment-6223\" style=\"width: 420px\" class=\"wp-caption aligncenter\"><a href=\"http:\/\/www.deputadovander.com.br\/website\/wp-content\/uploads\/2013\/03\/foto-2013-03-31-vander-loubet-ideli-salvatti.jpg\" target=\"_blank\"><img decoding=\"async\" class=\"size-medium wp-image-6223 \" title=\"Vander e a ministra Ideli durante encontro em Bras\u00edlia\" alt=\"Vander e a ministra Ideli durante encontro em Bras\u00edlia\" src=\"http:\/\/www.deputadovander.com.br\/website\/wp-content\/uploads\/2013\/03\/foto-2013-03-31-vander-loubet-ideli-salvatti-420x280.jpg\" width=\"420\" height=\"280\" \/><\/a><figcaption id=\"caption-attachment-6223\" class=\"wp-caption-text\">Vander e a ministra Ideli durante encontro em Bras\u00edlia<\/figcaption><\/figure>\n<p>Nesta segunda-feira (1\u00ba de abril), Mato Grosso do Sul ser\u00e1 o segundo estado a sediar o F\u00f3rum de Gestores Federais, evento promovido pelo governo federal com o objetivo de instruir os prefeitos sobre os programas financiados com recursos federais, como a segunda etapa do Programa de Acelera\u00e7\u00e3o do Crescimento (PAC 2), o Programa Minha Casa Minha Vida e o Plano Brasil sem Mis\u00e9ria. Quatro ministros da presidenta Dilma Rousseff est\u00e3o confirmados para o evento, no audit\u00f3rio da Associa\u00e7\u00e3o dos Munic\u00edpios de Mato Grosso do Sul (Assomasul), em Campo Grande: Ideli Salvatti (Rela\u00e7\u00f5es Institucionais), Tereza Campello (Desenvolvimento Social), Aguinaldo Ribeiro (Cidades) e Pepe Vargas (Desenvolvimento Agr\u00e1rio).<\/p>\n<p>Apesar de o foco do encontro com os prefeitos ser a apresenta\u00e7\u00e3o dos programas do governo, a ministra Ideli informou ao deputado federal Vander Loubet (PT-MS) que o evento vai incluir discuss\u00f5es e detalhamentos acerca do Programa de Concess\u00e3o de Rodovias Federais. O tema entrou na pauta a pedido do parlamentar, que esteve reunido recentemente em Bras\u00edlia com Ideli e com o diretor geral da Ag\u00eancia Nacional de Transportes Terrestres (ANTT), Jorge Luiz Macedo Bastos. Nas reuni\u00f5es, Vander manifestou sua preocupa\u00e7\u00e3o com o fato de que o projeto n\u00e3o est\u00e1 contando com a participa\u00e7\u00e3o dos prefeitos.<\/p>\n<p>&#8220;Essa, provavelmente, \u00e9 uma das obras mais importantes que ser\u00e3o realizadas em nosso estado nos pr\u00f3ximos 10 anos. Envolve 29 dos 79 munic\u00edpios e representa uma profunda transforma\u00e7\u00e3o no sistema rodovi\u00e1rio. \u00c9 fundamental que esse projeto receba as cr\u00edticas e contribui\u00e7\u00f5es dos prefeitos das cidades afetadas, at\u00e9 porque \u00e9 uma obra que pode causar grande impacto pelos per\u00edmetros urbanos em que vai passar&#8221;, defendeu Vander.<\/p>\n<figure id=\"attachment_6225\" aria-describedby=\"caption-attachment-6225\" style=\"width: 420px\" class=\"wp-caption aligncenter\"><a href=\"http:\/\/www.deputadovander.com.br\/website\/wp-content\/uploads\/2013\/03\/foto-2013-03-31-vander-loubet-jorge-bastos-antt.jpg\" target=\"_blank\"><img decoding=\"async\" class=\"size-medium wp-image-6225 \" title=\"Diretor da ANTT recebeu Vander em Bras\u00edlia para tratar das concess\u00f5es\" alt=\"Diretor da ANTT recebeu Vander em Bras\u00edlia para tratar das concess\u00f5es\" src=\"http:\/\/www.deputadovander.com.br\/website\/wp-content\/uploads\/2013\/03\/foto-2013-03-31-vander-loubet-jorge-bastos-antt-420x280.jpg\" width=\"420\" height=\"280\" \/><\/a><figcaption id=\"caption-attachment-6225\" class=\"wp-caption-text\">Diretor da ANTT recebeu Vander em Bras\u00edlia para tratar das concess\u00f5es<\/figcaption><\/figure>\n<p>No dia 23 de janeiro deste ano, a ANTT promoveu uma audi\u00eancia p\u00fablica, no Hotel Jandaia, na Capital, para discutir o projeto de concess\u00e3o \u00e0 iniciativa privada das rodovias federais. Entretanto, segundo o deputado Vander, que foi o \u00fanico parlamentar federal presente, o evento n\u00e3o teve a divulga\u00e7\u00e3o que merecia e acabou esvaziado. Por conta disso, o deputado encaminhou requerimento ao diretor da ANTT, ao ministro dos Transportes e \u00e0 ministra da Casa Civil da Presid\u00eancia propondo uma nova audi\u00eancia, dessa vez com a devida participa\u00e7\u00e3o dos prefeitos.<\/p>\n<p>&#8220;N\u00e3o foi poss\u00edvel a realiza\u00e7\u00e3o de uma nova audi\u00eancia, mas ap\u00f3s me reunir com o diretor da ANTT no dia 20 e com a ministra Ideli na mesma data acordamos que a concess\u00e3o das rodovias seria abordada no f\u00f3rum de gestores federais e que a partir disso os prefeitos poderiam encaminhar \u00e0 Ag\u00eancia suas solicita\u00e7\u00f5es em rela\u00e7\u00e3o ao projeto&#8221;, explicou o parlamentar petista. &#8220;O importante \u00e9 que abrimos um canal de di\u00e1logo e discuss\u00e3o sobre esse assunto, que \u00e9 muito importante n\u00e3o s\u00f3 para os 29 munic\u00edpios afetados mas para todo o estado&#8221;, complementou.<\/p>\n<p><strong>Quase R$ 9 bilh\u00f5es<\/strong><\/p>\n<p>Em Mato Grosso do Sul, o Programa de Concess\u00e3o de Rodovias Federais prev\u00ea que sejam administradas pela iniciativa privada as rodovias BR-163 (da divisa MS\/MT \u00e0 divisa MS\/PR), BR-267 (do entroncamento com a BR-163 at\u00e9 a divisa MS\/SP) e BR-262 (do entroncamento com a BR-163 at\u00e9 a divisa MS\/SP). Como contrapartida pela cobran\u00e7a de ped\u00e1gio, os investimentos obrigat\u00f3rios nas rodovias ser\u00e3o de R$ 8,71 bilh\u00f5es e devem incluir a duplica\u00e7\u00e3o de 1.369 dos 1.423 quil\u00f4metros de rodovia (uma pequena parte j\u00e1 \u00e9 duplicada); a adequa\u00e7\u00e3o de toda a sinaliza\u00e7\u00e3o; a reforma de pontes, viadutos e tubula\u00e7\u00f5es de drenagem; a disponibiliza\u00e7\u00e3o do Servi\u00e7o de Apoio ao Usu\u00e1rio (SAU) com ambul\u00e2ncia para atendimento m\u00e9dico de emerg\u00eancia, atendimento mec\u00e2nico, brigada para combater inc\u00eandios e servi\u00e7o de apreens\u00e3o de animais que possam invadir a pista; e um sistema de monitoramento por c\u00e2meras, instaladas a cada dois quil\u00f4metros.<\/p>\n<figure id=\"attachment_6027\" aria-describedby=\"caption-attachment-6027\" style=\"width: 420px\" class=\"wp-caption aligncenter\"><a href=\"http:\/\/www.deputadovander.com.br\/website\/wp-content\/uploads\/2013\/01\/foto-2013-01-24-mapa-rodovias-concessao.jpg\" target=\"_blank\"><img decoding=\"async\" class=\"size-medium wp-image-6027 \" title=\"Mapa mostra as rodovias federais que ser\u00e3o concedidas\" alt=\"Mapa mostra as rodovias federais que ser\u00e3o concedidas\" src=\"http:\/\/www.deputadovander.com.br\/website\/wp-content\/uploads\/2013\/01\/foto-2013-01-24-mapa-rodovias-concessao-420x280.jpg\" width=\"420\" height=\"280\" \/><\/a><figcaption id=\"caption-attachment-6027\" class=\"wp-caption-text\">Mapa mostra as rodovias federais que ser\u00e3o concedidas<\/figcaption><\/figure>\n<p><strong>Encontro com prefeitos<\/strong><\/p>\n<p>Os f\u00f3runs de gestores federais, tamb\u00e9m chamados de encontros estaduais com prefeitos e prefeitas, representam a continuidade e o aprofundamento ao repasse de informa\u00e7\u00f5es sobre as principais pol\u00edticas p\u00fablicas do governo Dilma apresentadas, em janeiro, no Encontro Nacional com Novos Prefeitos e Prefeitas. Durante o evento regional, prefeitos, vice-prefeitos, secret\u00e1rios e assessores participam de palestras e recebem atendimento individual de representantes dos principais minist\u00e9rios: Sa\u00fade; Desenvolvimento Social e Combate \u00e0 Fome; Educa\u00e7\u00e3o; Cidades; Desenvolvimento Agr\u00e1rio; Integra\u00e7\u00e3o Nacional; Planejamento, Or\u00e7amento e Gest\u00e3o; Turismo; Agricultura, Pecu\u00e1ria e Abastecimento; e Pesca e Aquicultura.<\/p>\n<p>Tamb\u00e9m devem ser repassadas \u00e0s prefeituras orienta\u00e7\u00f5es relativas ao planejamento e \u00e0 gest\u00e3o municipal, como a elabora\u00e7\u00e3o dos Planos Plurianuais (PPAs), o Sistema de Gest\u00e3o de Conv\u00eanios (Siconv) e o Regime Diferenciado de Contrata\u00e7\u00f5es P\u00fablicas (RDC).<\/p>\n<p><span style=\"font-size: 11px;\">(\u00c9der Yanaguita &#8211; Assessoria\/Deputado Vander)<\/span><\/p>\n","protected":false},"excerpt":{"rendered":"<p>Ministra Ideli Salvatti informou a Vander que evento vai incluir discuss\u00f5es acerca do Programa de Concess\u00e3o de Rodovias Federais.<\/p>\n","protected":false},"author":2,"featured_media":0,"comment_status":"closed","ping_status":"open","sticky":false,"template":"","format":"standard","meta":{"jetpack_post_was_ever_published":false,"_jetpack_newsletter_access":"","_jetpack_dont_email_post_to_subs":false,"_jetpack_newsletter_tier_id":0,"_jetpack_memberships_contains_paywalled_content":false,"_jetpack_memberships_contains_paid_content":false,"footnotes":""},"categories":[10],"tags":[147,202,493,718,806,867,915,984,1304,1608,1745,1778],"class_list":{"0":"post-6222","1":"post","2":"type-post","3":"status-publish","4":"format-standard","6":"category-noticias","7":"tag-antt","8":"tag-assomasul","9":"tag-concessao","10":"tag-encontro","11":"tag-federais","12":"tag-forum","13":"tag-gestores","14":"tag-ideli","15":"tag-ministra","16":"tag-prefeitos","17":"tag-rodovias","18":"tag-salvatti"},"yoast_head":"<!-- This site is optimized with the Yoast SEO plugin v27.4 - https:\/\/yoast.com\/product\/yoast-seo-wordpress\/ -->\n<title>A pedido de Vander, f\u00f3rum com prefeitos vai abordar concess\u00e3o de rodovias<\/title>\n<meta name=\"robots\" content=\"index, follow, max-snippet:-1, max-image-preview:large, max-video-preview:-1\" \/>\n<link rel=\"canonical\" href=\"https:\/\/vanderloubet.com.br\/deputado\/a-pedido-de-vander-encontro-de-ministros-com-prefeitos-vai-abordar-concessao-de-rodovias\/\" \/>\n<meta property=\"og:locale\" content=\"pt_BR\" \/>\n<meta property=\"og:type\" content=\"article\" \/>\n<meta property=\"og:title\" content=\"A pedido de Vander, f\u00f3rum com prefeitos vai abordar concess\u00e3o de rodovias\" \/>\n<meta property=\"og:description\" content=\"Ministra Ideli Salvatti informou a Vander que evento vai incluir discuss\u00f5es acerca do Programa de Concess\u00e3o de Rodovias Federais.\" \/>\n<meta property=\"og:url\" content=\"https:\/\/vanderloubet.com.br\/deputado\/a-pedido-de-vander-encontro-de-ministros-com-prefeitos-vai-abordar-concessao-de-rodovias\/\" \/>\n<meta property=\"og:site_name\" content=\"Deputado Federal Vander Loubet\" \/>\n<meta property=\"article:publisher\" content=\"https:\/\/facebook.com\/deputadovander\" \/>\n<meta property=\"article:published_time\" content=\"2013-03-31T21:38:16+00:00\" \/>\n<meta property=\"og:image\" content=\"http:\/\/www.deputadovander.com.br\/website\/wp-content\/uploads\/2013\/03\/foto-2013-03-31-vander-loubet-ideli-salvatti-420x280.jpg\" \/>\n<meta name=\"author\" content=\"\u00c9der\" \/>\n<meta name=\"twitter:card\" content=\"summary_large_image\" \/>\n<meta name=\"twitter:creator\" content=\"@vanderloubet\" \/>\n<meta name=\"twitter:site\" content=\"@vanderloubet\" \/>\n<script type=\"application\/ld+json\" class=\"yoast-schema-graph\">{\"@context\":\"https:\\\/\\\/schema.org\",\"@graph\":[{\"@type\":\"Article\",\"@id\":\"https:\\\/\\\/vanderloubet.com.br\\\/deputado\\\/a-pedido-de-vander-encontro-de-ministros-com-prefeitos-vai-abordar-concessao-de-rodovias\\\/#article\",\"isPartOf\":{\"@id\":\"https:\\\/\\\/vanderloubet.com.br\\\/deputado\\\/a-pedido-de-vander-encontro-de-ministros-com-prefeitos-vai-abordar-concessao-de-rodovias\\\/\"},\"author\":{\"name\":\"\u00c9der\",\"@id\":\"https:\\\/\\\/vanderloubet.com.br\\\/deputado\\\/#\\\/schema\\\/person\\\/15b51bd564532a8a68d9dec1b8eb890e\"},\"headline\":\"A pedido de Vander, f\u00f3rum com prefeitos vai abordar concess\u00e3o de rodovias\",\"datePublished\":\"2013-03-31T21:38:16+00:00\",\"mainEntityOfPage\":{\"@id\":\"https:\\\/\\\/vanderloubet.com.br\\\/deputado\\\/a-pedido-de-vander-encontro-de-ministros-com-prefeitos-vai-abordar-concessao-de-rodovias\\\/\"},\"wordCount\":871,\"publisher\":{\"@id\":\"https:\\\/\\\/vanderloubet.com.br\\\/deputado\\\/#organization\"},\"image\":{\"@id\":\"https:\\\/\\\/vanderloubet.com.br\\\/deputado\\\/a-pedido-de-vander-encontro-de-ministros-com-prefeitos-vai-abordar-concessao-de-rodovias\\\/#primaryimage\"},\"thumbnailUrl\":\"http:\\\/\\\/www.deputadovander.com.br\\\/website\\\/wp-content\\\/uploads\\\/2013\\\/03\\\/foto-2013-03-31-vander-loubet-ideli-salvatti-420x280.jpg\",\"keywords\":[\"antt\",\"assomasul\",\"concess\u00e3o\",\"encontro\",\"federais\",\"f\u00f3rum\",\"gestores\",\"ideli\",\"ministra\",\"prefeitos\",\"rodovias\",\"salvatti\"],\"articleSection\":[\"Not\u00edcias\"],\"inLanguage\":\"pt-BR\"},{\"@type\":\"WebPage\",\"@id\":\"https:\\\/\\\/vanderloubet.com.br\\\/deputado\\\/a-pedido-de-vander-encontro-de-ministros-com-prefeitos-vai-abordar-concessao-de-rodovias\\\/\",\"url\":\"https:\\\/\\\/vanderloubet.com.br\\\/deputado\\\/a-pedido-de-vander-encontro-de-ministros-com-prefeitos-vai-abordar-concessao-de-rodovias\\\/\",\"name\":\"A pedido de Vander, f\u00f3rum com prefeitos vai abordar concess\u00e3o de rodovias\",\"isPartOf\":{\"@id\":\"https:\\\/\\\/vanderloubet.com.br\\\/deputado\\\/#website\"},\"primaryImageOfPage\":{\"@id\":\"https:\\\/\\\/vanderloubet.com.br\\\/deputado\\\/a-pedido-de-vander-encontro-de-ministros-com-prefeitos-vai-abordar-concessao-de-rodovias\\\/#primaryimage\"},\"image\":{\"@id\":\"https:\\\/\\\/vanderloubet.com.br\\\/deputado\\\/a-pedido-de-vander-encontro-de-ministros-com-prefeitos-vai-abordar-concessao-de-rodovias\\\/#primaryimage\"},\"thumbnailUrl\":\"http:\\\/\\\/www.deputadovander.com.br\\\/website\\\/wp-content\\\/uploads\\\/2013\\\/03\\\/foto-2013-03-31-vander-loubet-ideli-salvatti-420x280.jpg\",\"datePublished\":\"2013-03-31T21:38:16+00:00\",\"breadcrumb\":{\"@id\":\"https:\\\/\\\/vanderloubet.com.br\\\/deputado\\\/a-pedido-de-vander-encontro-de-ministros-com-prefeitos-vai-abordar-concessao-de-rodovias\\\/#breadcrumb\"},\"inLanguage\":\"pt-BR\",\"potentialAction\":[{\"@type\":\"ReadAction\",\"target\":[\"https:\\\/\\\/vanderloubet.com.br\\\/deputado\\\/a-pedido-de-vander-encontro-de-ministros-com-prefeitos-vai-abordar-concessao-de-rodovias\\\/\"]}]},{\"@type\":\"ImageObject\",\"inLanguage\":\"pt-BR\",\"@id\":\"https:\\\/\\\/vanderloubet.com.br\\\/deputado\\\/a-pedido-de-vander-encontro-de-ministros-com-prefeitos-vai-abordar-concessao-de-rodovias\\\/#primaryimage\",\"url\":\"http:\\\/\\\/www.deputadovander.com.br\\\/website\\\/wp-content\\\/uploads\\\/2013\\\/03\\\/foto-2013-03-31-vander-loubet-ideli-salvatti-420x280.jpg\",\"contentUrl\":\"http:\\\/\\\/www.deputadovander.com.br\\\/website\\\/wp-content\\\/uploads\\\/2013\\\/03\\\/foto-2013-03-31-vander-loubet-ideli-salvatti-420x280.jpg\"},{\"@type\":\"BreadcrumbList\",\"@id\":\"https:\\\/\\\/vanderloubet.com.br\\\/deputado\\\/a-pedido-de-vander-encontro-de-ministros-com-prefeitos-vai-abordar-concessao-de-rodovias\\\/#breadcrumb\",\"itemListElement\":[{\"@type\":\"ListItem\",\"position\":1,\"name\":\"In\u00edcio\",\"item\":\"https:\\\/\\\/vanderloubet.com.br\\\/deputado\\\/\"},{\"@type\":\"ListItem\",\"position\":2,\"name\":\"A pedido de Vander, f\u00f3rum com prefeitos vai abordar concess\u00e3o de rodovias\"}]},{\"@type\":\"WebSite\",\"@id\":\"https:\\\/\\\/vanderloubet.com.br\\\/deputado\\\/#website\",\"url\":\"https:\\\/\\\/vanderloubet.com.br\\\/deputado\\\/\",\"name\":\"Deputado Federal Vander Loubet\",\"description\":\"O Federal de MS\",\"publisher\":{\"@id\":\"https:\\\/\\\/vanderloubet.com.br\\\/deputado\\\/#organization\"},\"alternateName\":\"Deputado Vander\",\"potentialAction\":[{\"@type\":\"SearchAction\",\"target\":{\"@type\":\"EntryPoint\",\"urlTemplate\":\"https:\\\/\\\/vanderloubet.com.br\\\/deputado\\\/?s={search_term_string}\"},\"query-input\":{\"@type\":\"PropertyValueSpecification\",\"valueRequired\":true,\"valueName\":\"search_term_string\"}}],\"inLanguage\":\"pt-BR\"},{\"@type\":\"Organization\",\"@id\":\"https:\\\/\\\/vanderloubet.com.br\\\/deputado\\\/#organization\",\"name\":\"Deputado Federal Vander Loubet\",\"alternateName\":\"Deputado Vander\",\"url\":\"https:\\\/\\\/vanderloubet.com.br\\\/deputado\\\/\",\"logo\":{\"@type\":\"ImageObject\",\"inLanguage\":\"pt-BR\",\"@id\":\"https:\\\/\\\/vanderloubet.com.br\\\/deputado\\\/#\\\/schema\\\/logo\\\/image\\\/\",\"url\":\"https:\\\/\\\/vanderloubet.com.br\\\/deputado\\\/wp-content\\\/uploads\\\/2023\\\/06\\\/foto-2023-06-19-mandato-deputado-vander.jpg\",\"contentUrl\":\"https:\\\/\\\/vanderloubet.com.br\\\/deputado\\\/wp-content\\\/uploads\\\/2023\\\/06\\\/foto-2023-06-19-mandato-deputado-vander.jpg\",\"width\":1080,\"height\":1080,\"caption\":\"Deputado Federal Vander Loubet\"},\"image\":{\"@id\":\"https:\\\/\\\/vanderloubet.com.br\\\/deputado\\\/#\\\/schema\\\/logo\\\/image\\\/\"},\"sameAs\":[\"https:\\\/\\\/facebook.com\\\/deputadovander\",\"https:\\\/\\\/x.com\\\/vanderloubet\",\"https:\\\/\\\/instagram.com\\\/vanderloubet\",\"https:\\\/\\\/youtube.com\\\/vanderloubet\",\"https:\\\/\\\/tiktok.com\\\/@vanderloubetms\"]},{\"@type\":\"Person\",\"@id\":\"https:\\\/\\\/vanderloubet.com.br\\\/deputado\\\/#\\\/schema\\\/person\\\/15b51bd564532a8a68d9dec1b8eb890e\",\"name\":\"\u00c9der\",\"image\":{\"@type\":\"ImageObject\",\"inLanguage\":\"pt-BR\",\"@id\":\"https:\\\/\\\/vanderloubet.com.br\\\/deputado\\\/wp-content\\\/litespeed\\\/avatar\\\/88ca4090d9d5ab1c9495f6ca03b68efa.jpg?ver=1777058957\",\"url\":\"https:\\\/\\\/vanderloubet.com.br\\\/deputado\\\/wp-content\\\/litespeed\\\/avatar\\\/88ca4090d9d5ab1c9495f6ca03b68efa.jpg?ver=1777058957\",\"contentUrl\":\"https:\\\/\\\/vanderloubet.com.br\\\/deputado\\\/wp-content\\\/litespeed\\\/avatar\\\/88ca4090d9d5ab1c9495f6ca03b68efa.jpg?ver=1777058957\",\"caption\":\"\u00c9der\"}}]}<\/script>\n<!-- \/ Yoast SEO plugin. -->","yoast_head_json":{"title":"A pedido de Vander, f\u00f3rum com prefeitos vai abordar concess\u00e3o de rodovias","robots":{"index":"index","follow":"follow","max-snippet":"max-snippet:-1","max-image-preview":"max-image-preview:large","max-video-preview":"max-video-preview:-1"},"canonical":"https:\/\/vanderloubet.com.br\/deputado\/a-pedido-de-vander-encontro-de-ministros-com-prefeitos-vai-abordar-concessao-de-rodovias\/","og_locale":"pt_BR","og_type":"article","og_title":"A pedido de Vander, f\u00f3rum com prefeitos vai abordar concess\u00e3o de rodovias","og_description":"Ministra Ideli Salvatti informou a Vander que evento vai incluir discuss\u00f5es acerca do Programa de Concess\u00e3o de Rodovias Federais.","og_url":"https:\/\/vanderloubet.com.br\/deputado\/a-pedido-de-vander-encontro-de-ministros-com-prefeitos-vai-abordar-concessao-de-rodovias\/","og_site_name":"Deputado Federal Vander Loubet","article_publisher":"https:\/\/facebook.com\/deputadovander","article_published_time":"2013-03-31T21:38:16+00:00","og_image":[{"url":"http:\/\/www.deputadovander.com.br\/website\/wp-content\/uploads\/2013\/03\/foto-2013-03-31-vander-loubet-ideli-salvatti-420x280.jpg","type":"","width":"","height":""}],"author":"\u00c9der","twitter_card":"summary_large_image","twitter_creator":"@vanderloubet","twitter_site":"@vanderloubet","schema":{"@context":"https:\/\/schema.org","@graph":[{"@type":"Article","@id":"https:\/\/vanderloubet.com.br\/deputado\/a-pedido-de-vander-encontro-de-ministros-com-prefeitos-vai-abordar-concessao-de-rodovias\/#article","isPartOf":{"@id":"https:\/\/vanderloubet.com.br\/deputado\/a-pedido-de-vander-encontro-de-ministros-com-prefeitos-vai-abordar-concessao-de-rodovias\/"},"author":{"name":"\u00c9der","@id":"https:\/\/vanderloubet.com.br\/deputado\/#\/schema\/person\/15b51bd564532a8a68d9dec1b8eb890e"},"headline":"A pedido de Vander, f\u00f3rum com prefeitos vai abordar concess\u00e3o de rodovias","datePublished":"2013-03-31T21:38:16+00:00","mainEntityOfPage":{"@id":"https:\/\/vanderloubet.com.br\/deputado\/a-pedido-de-vander-encontro-de-ministros-com-prefeitos-vai-abordar-concessao-de-rodovias\/"},"wordCount":871,"publisher":{"@id":"https:\/\/vanderloubet.com.br\/deputado\/#organization"},"image":{"@id":"https:\/\/vanderloubet.com.br\/deputado\/a-pedido-de-vander-encontro-de-ministros-com-prefeitos-vai-abordar-concessao-de-rodovias\/#primaryimage"},"thumbnailUrl":"http:\/\/www.deputadovander.com.br\/website\/wp-content\/uploads\/2013\/03\/foto-2013-03-31-vander-loubet-ideli-salvatti-420x280.jpg","keywords":["antt","assomasul","concess\u00e3o","encontro","federais","f\u00f3rum","gestores","ideli","ministra","prefeitos","rodovias","salvatti"],"articleSection":["Not\u00edcias"],"inLanguage":"pt-BR"},{"@type":"WebPage","@id":"https:\/\/vanderloubet.com.br\/deputado\/a-pedido-de-vander-encontro-de-ministros-com-prefeitos-vai-abordar-concessao-de-rodovias\/","url":"https:\/\/vanderloubet.com.br\/deputado\/a-pedido-de-vander-encontro-de-ministros-com-prefeitos-vai-abordar-concessao-de-rodovias\/","name":"A pedido de Vander, f\u00f3rum com prefeitos vai abordar concess\u00e3o de rodovias","isPartOf":{"@id":"https:\/\/vanderloubet.com.br\/deputado\/#website"},"primaryImageOfPage":{"@id":"https:\/\/vanderloubet.com.br\/deputado\/a-pedido-de-vander-encontro-de-ministros-com-prefeitos-vai-abordar-concessao-de-rodovias\/#primaryimage"},"image":{"@id":"https:\/\/vanderloubet.com.br\/deputado\/a-pedido-de-vander-encontro-de-ministros-com-prefeitos-vai-abordar-concessao-de-rodovias\/#primaryimage"},"thumbnailUrl":"http:\/\/www.deputadovander.com.br\/website\/wp-content\/uploads\/2013\/03\/foto-2013-03-31-vander-loubet-ideli-salvatti-420x280.jpg","datePublished":"2013-03-31T21:38:16+00:00","breadcrumb":{"@id":"https:\/\/vanderloubet.com.br\/deputado\/a-pedido-de-vander-encontro-de-ministros-com-prefeitos-vai-abordar-concessao-de-rodovias\/#breadcrumb"},"inLanguage":"pt-BR","potentialAction":[{"@type":"ReadAction","target":["https:\/\/vanderloubet.com.br\/deputado\/a-pedido-de-vander-encontro-de-ministros-com-prefeitos-vai-abordar-concessao-de-rodovias\/"]}]},{"@type":"ImageObject","inLanguage":"pt-BR","@id":"https:\/\/vanderloubet.com.br\/deputado\/a-pedido-de-vander-encontro-de-ministros-com-prefeitos-vai-abordar-concessao-de-rodovias\/#primaryimage","url":"http:\/\/www.deputadovander.com.br\/website\/wp-content\/uploads\/2013\/03\/foto-2013-03-31-vander-loubet-ideli-salvatti-420x280.jpg","contentUrl":"http:\/\/www.deputadovander.com.br\/website\/wp-content\/uploads\/2013\/03\/foto-2013-03-31-vander-loubet-ideli-salvatti-420x280.jpg"},{"@type":"BreadcrumbList","@id":"https:\/\/vanderloubet.com.br\/deputado\/a-pedido-de-vander-encontro-de-ministros-com-prefeitos-vai-abordar-concessao-de-rodovias\/#breadcrumb","itemListElement":[{"@type":"ListItem","position":1,"name":"In\u00edcio","item":"https:\/\/vanderloubet.com.br\/deputado\/"},{"@type":"ListItem","position":2,"name":"A pedido de Vander, f\u00f3rum com prefeitos vai abordar concess\u00e3o de rodovias"}]},{"@type":"WebSite","@id":"https:\/\/vanderloubet.com.br\/deputado\/#website","url":"https:\/\/vanderloubet.com.br\/deputado\/","name":"Deputado Federal Vander Loubet","description":"O Federal de MS","publisher":{"@id":"https:\/\/vanderloubet.com.br\/deputado\/#organization"},"alternateName":"Deputado Vander","potentialAction":[{"@type":"SearchAction","target":{"@type":"EntryPoint","urlTemplate":"https:\/\/vanderloubet.com.br\/deputado\/?s={search_term_string}"},"query-input":{"@type":"PropertyValueSpecification","valueRequired":true,"valueName":"search_term_string"}}],"inLanguage":"pt-BR"},{"@type":"Organization","@id":"https:\/\/vanderloubet.com.br\/deputado\/#organization","name":"Deputado Federal Vander Loubet","alternateName":"Deputado Vander","url":"https:\/\/vanderloubet.com.br\/deputado\/","logo":{"@type":"ImageObject","inLanguage":"pt-BR","@id":"https:\/\/vanderloubet.com.br\/deputado\/#\/schema\/logo\/image\/","url":"https:\/\/vanderloubet.com.br\/deputado\/wp-content\/uploads\/2023\/06\/foto-2023-06-19-mandato-deputado-vander.jpg","contentUrl":"https:\/\/vanderloubet.com.br\/deputado\/wp-content\/uploads\/2023\/06\/foto-2023-06-19-mandato-deputado-vander.jpg","width":1080,"height":1080,"caption":"Deputado Federal Vander Loubet"},"image":{"@id":"https:\/\/vanderloubet.com.br\/deputado\/#\/schema\/logo\/image\/"},"sameAs":["https:\/\/facebook.com\/deputadovander","https:\/\/x.com\/vanderloubet","https:\/\/instagram.com\/vanderloubet","https:\/\/youtube.com\/vanderloubet","https:\/\/tiktok.com\/@vanderloubetms"]},{"@type":"Person","@id":"https:\/\/vanderloubet.com.br\/deputado\/#\/schema\/person\/15b51bd564532a8a68d9dec1b8eb890e","name":"\u00c9der","image":{"@type":"ImageObject","inLanguage":"pt-BR","@id":"https:\/\/vanderloubet.com.br\/deputado\/wp-content\/litespeed\/avatar\/88ca4090d9d5ab1c9495f6ca03b68efa.jpg?ver=1777058957","url":"https:\/\/vanderloubet.com.br\/deputado\/wp-content\/litespeed\/avatar\/88ca4090d9d5ab1c9495f6ca03b68efa.jpg?ver=1777058957","contentUrl":"https:\/\/vanderloubet.com.br\/deputado\/wp-content\/litespeed\/avatar\/88ca4090d9d5ab1c9495f6ca03b68efa.jpg?ver=1777058957","caption":"\u00c9der"}}]}},"jetpack_featured_media_url":"","jetpack_sharing_enabled":true,"_links":{"self":[{"href":"https:\/\/vanderloubet.com.br\/deputado\/wp-json\/wp\/v2\/posts\/6222","targetHints":{"allow":["GET"]}}],"collection":[{"href":"https:\/\/vanderloubet.com.br\/deputado\/wp-json\/wp\/v2\/posts"}],"about":[{"href":"https:\/\/vanderloubet.com.br\/deputado\/wp-json\/wp\/v2\/types\/post"}],"author":[{"embeddable":true,"href":"https:\/\/vanderloubet.com.br\/deputado\/wp-json\/wp\/v2\/users\/2"}],"replies":[{"embeddable":true,"href":"https:\/\/vanderloubet.com.br\/deputado\/wp-json\/wp\/v2\/comments?post=6222"}],"version-history":[{"count":0,"href":"https:\/\/vanderloubet.com.br\/deputado\/wp-json\/wp\/v2\/posts\/6222\/revisions"}],"wp:attachment":[{"href":"https:\/\/vanderloubet.com.br\/deputado\/wp-json\/wp\/v2\/media?parent=6222"}],"wp:term":[{"taxonomy":"category","embeddable":true,"href":"https:\/\/vanderloubet.com.br\/deputado\/wp-json\/wp\/v2\/categories?post=6222"},{"taxonomy":"post_tag","embeddable":true,"href":"https:\/\/vanderloubet.com.br\/deputado\/wp-json\/wp\/v2\/tags?post=6222"}],"curies":[{"name":"wp","href":"https:\/\/api.w.org\/{rel}","templated":true}]}}