{"id":6202,"date":"2013-03-13T16:15:01","date_gmt":"2013-03-13T20:15:01","guid":{"rendered":"http:\/\/www.deputadovander.com.br\/website\/?p=6202"},"modified":"2013-03-13T16:15:01","modified_gmt":"2013-03-13T20:15:01","slug":"vida-do-padre-ernesto-foi-provar-a-grandeza-do-homem-diz-vander","status":"publish","type":"post","link":"https:\/\/vanderloubet.com.br\/deputado\/vida-do-padre-ernesto-foi-provar-a-grandeza-do-homem-diz-vander\/","title":{"rendered":"Vida do padre Ernesto foi provar a grandeza do homem, diz Vander"},"content":{"rendered":"<figure id=\"attachment_6203\" aria-describedby=\"caption-attachment-6203\" style=\"width: 420px\" class=\"wp-caption aligncenter\"><a href=\"http:\/\/www.deputadovander.com.br\/website\/wp-content\/uploads\/2013\/03\/foto-2013-03-13-padre-ernesto-sassida.jpg\" target=\"_blank\"><img decoding=\"async\" class=\"size-medium wp-image-6203 \" title=\"Padre Ernesto Sassida\" alt=\"Padre Ernesto Sassida\" src=\"http:\/\/www.deputadovander.com.br\/website\/wp-content\/uploads\/2013\/03\/foto-2013-03-13-padre-ernesto-sassida-420x256.jpg\" width=\"420\" height=\"256\" \/><\/a><figcaption id=\"caption-attachment-6203\" class=\"wp-caption-text\">Padre Ernesto Sassida<\/figcaption><\/figure>\n<p>Para o deputado federal Vander Loubet (PT-MS), a morte do padre Ernesto Sassida consternou todas as pessoas que n\u00e3o s\u00f3 em Corumb\u00e1, mas em todo o Brasil, souberam de sua singular trajet\u00f3ria de caridade e humanismo. &#8220;Toda a vida do Padre Ernesto foi dedicada ao exerc\u00edcio dos dois mandamentos maiores da B\u00edblia: amar a Deus sobre todas as coisas e ao pr\u00f3ximo como a si mesmo. Ele sublimou esses mandamentos, amou o pr\u00f3ximo mais que a si pr\u00f3prio e construiu esta obra maravilhosa que \u00e9 a Cidade Dom Bosco&#8221;, disse Vander.<\/p>\n<p>Na avalia\u00e7\u00e3o do deputado, toda a exist\u00eancia do padre Ernesto foi assinalada pela certeza de ser necess\u00e1rio demonstrar, com atitudes, a grandeza do homem como cria\u00e7\u00e3o divina e fruto da vontade de Deus. &#8220;O olhar ampliado e generoso na dire\u00e7\u00e3o dos pobres e na prote\u00e7\u00e3o das crian\u00e7as; a antevis\u00e3o das possibilidades de crescimento educacional, intelectual, profissional, social, econ\u00f4mico e cultural dos exclu\u00eddos; e a coragem ao descortinar diante dos moradores da periferia corumbaense um mundo novo e inclusivo, tudo isso refletiu a grandeza deste que foi um dos maiores homens de nossa hist\u00f3ria&#8221;.<\/p>\n<p>O padre salesiano Ernesto Sassida, nascido na Eslov\u00eania em outubro de 1919, morreu na manh\u00e3 desta quarta-feira (13), aos 93 anos, no Hospital da Caridade, em Corumb\u00e1, onde estava internado por causa de uma pneumonia. Ele chegou ao Brasil em 1935 e fixou-se na Cidade Branca na segunda metade dos anos 1950. Devoto de S\u00e3o Jo\u00e3o Bosco, dedicou-se a obras humanit\u00e1rias e decidiu acolher e encaminhar crian\u00e7as de fam\u00edlias pobres, trabalhando como p\u00e1roco de uma igreja no Bairro Cidade Jardim. Nascia a Cidade Dom Bosco, fundada em 1961 e marcada por obras sociais, como a organiza\u00e7\u00e3o de crian\u00e7as em cursos e est\u00edmulos a ocupa\u00e7\u00f5es saud\u00e1veis, como o esporte, a educa\u00e7\u00e3o, a cultura e atividades de gera\u00e7\u00e3o de renda.<\/p>\n<p>Cidad\u00e3o corumbaense e sul-mato-grossense, considerado um dos maiores vision\u00e1rios empreendedores da a\u00e7\u00e3o humanista da Igreja cat\u00f3lica no Brasil, Ernesto Sassida tem seu trabalho reconhecido em todos os continentes e sempre foi admirado por l\u00edderes e fi\u00e9is de todas as religi\u00f5es.<\/p>\n<p><span style=\"font-size: 11px;\">(Edson Moraes &#8211; Assessoria\/Deputado Vander)<\/span><\/p>\n","protected":false},"excerpt":{"rendered":"<p>O salesiano, nascido na Eslov\u00eania, morreu na manh\u00e3 desta quarta-feira (13), aos 93 anos, no Hospital da Caridade, em Corumb\u00e1.<\/p>\n","protected":false},"author":2,"featured_media":0,"comment_status":"closed","ping_status":"open","sticky":false,"template":"","format":"standard","meta":{"jetpack_post_was_ever_published":false,"_jetpack_newsletter_access":"","_jetpack_dont_email_post_to_subs":false,"_jetpack_newsletter_tier_id":0,"_jetpack_memberships_contains_paywalled_content":false,"_jetpack_memberships_contains_paid_content":false,"footnotes":""},"categories":[10],"tags":[288,538,665,728,1449,1777,1801],"class_list":{"0":"post-6202","1":"post","2":"type-post","3":"status-publish","4":"format-standard","6":"category-noticias","7":"tag-bosco","8":"tag-corumba","9":"tag-dom","10":"tag-ernesto","11":"tag-padre","12":"tag-salesiano","13":"tag-sassida"},"yoast_head":"<!-- This site is optimized with the Yoast SEO plugin v27.4 - https:\/\/yoast.com\/product\/yoast-seo-wordpress\/ -->\n<title>Vida do padre Ernesto foi provar a grandeza do homem, diz Vander<\/title>\n<meta name=\"robots\" content=\"index, follow, max-snippet:-1, max-image-preview:large, max-video-preview:-1\" \/>\n<link rel=\"canonical\" href=\"http:\/\/vanderloubet.com.br\/deputado\/vida-do-padre-ernesto-foi-provar-a-grandeza-do-homem-diz-vander\/\" \/>\n<meta property=\"og:locale\" content=\"pt_BR\" \/>\n<meta property=\"og:type\" content=\"article\" \/>\n<meta property=\"og:title\" content=\"Vida do padre Ernesto foi provar a grandeza do homem, diz Vander\" \/>\n<meta property=\"og:description\" content=\"O salesiano, nascido na Eslov\u00eania, morreu na manh\u00e3 desta quarta-feira (13), aos 93 anos, no Hospital da Caridade, em Corumb\u00e1.\" \/>\n<meta property=\"og:url\" content=\"http:\/\/vanderloubet.com.br\/deputado\/vida-do-padre-ernesto-foi-provar-a-grandeza-do-homem-diz-vander\/\" \/>\n<meta property=\"og:site_name\" content=\"Deputado Federal Vander Loubet\" \/>\n<meta property=\"article:publisher\" content=\"https:\/\/facebook.com\/deputadovander\" \/>\n<meta property=\"article:published_time\" content=\"2013-03-13T20:15:01+00:00\" \/>\n<meta property=\"og:image\" content=\"http:\/\/www.deputadovander.com.br\/website\/wp-content\/uploads\/2013\/03\/foto-2013-03-13-padre-ernesto-sassida-420x256.jpg\" \/>\n<meta name=\"author\" content=\"\u00c9der\" \/>\n<meta name=\"twitter:card\" content=\"summary_large_image\" \/>\n<meta name=\"twitter:creator\" content=\"@vanderloubet\" \/>\n<meta name=\"twitter:site\" content=\"@vanderloubet\" \/>\n<script type=\"application\/ld+json\" class=\"yoast-schema-graph\">{\"@context\":\"https:\\\/\\\/schema.org\",\"@graph\":[{\"@type\":\"Article\",\"@id\":\"http:\\\/\\\/vanderloubet.com.br\\\/deputado\\\/vida-do-padre-ernesto-foi-provar-a-grandeza-do-homem-diz-vander\\\/#article\",\"isPartOf\":{\"@id\":\"http:\\\/\\\/vanderloubet.com.br\\\/deputado\\\/vida-do-padre-ernesto-foi-provar-a-grandeza-do-homem-diz-vander\\\/\"},\"author\":{\"name\":\"\u00c9der\",\"@id\":\"https:\\\/\\\/vanderloubet.com.br\\\/deputado\\\/#\\\/schema\\\/person\\\/15b51bd564532a8a68d9dec1b8eb890e\"},\"headline\":\"Vida do padre Ernesto foi provar a grandeza do homem, diz Vander\",\"datePublished\":\"2013-03-13T20:15:01+00:00\",\"mainEntityOfPage\":{\"@id\":\"http:\\\/\\\/vanderloubet.com.br\\\/deputado\\\/vida-do-padre-ernesto-foi-provar-a-grandeza-do-homem-diz-vander\\\/\"},\"wordCount\":402,\"publisher\":{\"@id\":\"https:\\\/\\\/vanderloubet.com.br\\\/deputado\\\/#organization\"},\"image\":{\"@id\":\"http:\\\/\\\/vanderloubet.com.br\\\/deputado\\\/vida-do-padre-ernesto-foi-provar-a-grandeza-do-homem-diz-vander\\\/#primaryimage\"},\"thumbnailUrl\":\"http:\\\/\\\/www.deputadovander.com.br\\\/website\\\/wp-content\\\/uploads\\\/2013\\\/03\\\/foto-2013-03-13-padre-ernesto-sassida-420x256.jpg\",\"keywords\":[\"bosco\",\"corumb\u00e1\",\"dom\",\"ernesto\",\"padre\",\"salesiano\",\"sassida\"],\"articleSection\":[\"Not\u00edcias\"],\"inLanguage\":\"pt-BR\"},{\"@type\":\"WebPage\",\"@id\":\"http:\\\/\\\/vanderloubet.com.br\\\/deputado\\\/vida-do-padre-ernesto-foi-provar-a-grandeza-do-homem-diz-vander\\\/\",\"url\":\"http:\\\/\\\/vanderloubet.com.br\\\/deputado\\\/vida-do-padre-ernesto-foi-provar-a-grandeza-do-homem-diz-vander\\\/\",\"name\":\"Vida do padre Ernesto foi provar a grandeza do homem, diz Vander\",\"isPartOf\":{\"@id\":\"https:\\\/\\\/vanderloubet.com.br\\\/deputado\\\/#website\"},\"primaryImageOfPage\":{\"@id\":\"http:\\\/\\\/vanderloubet.com.br\\\/deputado\\\/vida-do-padre-ernesto-foi-provar-a-grandeza-do-homem-diz-vander\\\/#primaryimage\"},\"image\":{\"@id\":\"http:\\\/\\\/vanderloubet.com.br\\\/deputado\\\/vida-do-padre-ernesto-foi-provar-a-grandeza-do-homem-diz-vander\\\/#primaryimage\"},\"thumbnailUrl\":\"http:\\\/\\\/www.deputadovander.com.br\\\/website\\\/wp-content\\\/uploads\\\/2013\\\/03\\\/foto-2013-03-13-padre-ernesto-sassida-420x256.jpg\",\"datePublished\":\"2013-03-13T20:15:01+00:00\",\"breadcrumb\":{\"@id\":\"http:\\\/\\\/vanderloubet.com.br\\\/deputado\\\/vida-do-padre-ernesto-foi-provar-a-grandeza-do-homem-diz-vander\\\/#breadcrumb\"},\"inLanguage\":\"pt-BR\",\"potentialAction\":[{\"@type\":\"ReadAction\",\"target\":[\"http:\\\/\\\/vanderloubet.com.br\\\/deputado\\\/vida-do-padre-ernesto-foi-provar-a-grandeza-do-homem-diz-vander\\\/\"]}]},{\"@type\":\"ImageObject\",\"inLanguage\":\"pt-BR\",\"@id\":\"http:\\\/\\\/vanderloubet.com.br\\\/deputado\\\/vida-do-padre-ernesto-foi-provar-a-grandeza-do-homem-diz-vander\\\/#primaryimage\",\"url\":\"http:\\\/\\\/www.deputadovander.com.br\\\/website\\\/wp-content\\\/uploads\\\/2013\\\/03\\\/foto-2013-03-13-padre-ernesto-sassida-420x256.jpg\",\"contentUrl\":\"http:\\\/\\\/www.deputadovander.com.br\\\/website\\\/wp-content\\\/uploads\\\/2013\\\/03\\\/foto-2013-03-13-padre-ernesto-sassida-420x256.jpg\"},{\"@type\":\"BreadcrumbList\",\"@id\":\"http:\\\/\\\/vanderloubet.com.br\\\/deputado\\\/vida-do-padre-ernesto-foi-provar-a-grandeza-do-homem-diz-vander\\\/#breadcrumb\",\"itemListElement\":[{\"@type\":\"ListItem\",\"position\":1,\"name\":\"In\u00edcio\",\"item\":\"https:\\\/\\\/vanderloubet.com.br\\\/deputado\\\/\"},{\"@type\":\"ListItem\",\"position\":2,\"name\":\"Vida do padre Ernesto foi provar a grandeza do homem, diz Vander\"}]},{\"@type\":\"WebSite\",\"@id\":\"https:\\\/\\\/vanderloubet.com.br\\\/deputado\\\/#website\",\"url\":\"https:\\\/\\\/vanderloubet.com.br\\\/deputado\\\/\",\"name\":\"Deputado Federal Vander Loubet\",\"description\":\"O Federal de MS\",\"publisher\":{\"@id\":\"https:\\\/\\\/vanderloubet.com.br\\\/deputado\\\/#organization\"},\"alternateName\":\"Deputado Vander\",\"potentialAction\":[{\"@type\":\"SearchAction\",\"target\":{\"@type\":\"EntryPoint\",\"urlTemplate\":\"https:\\\/\\\/vanderloubet.com.br\\\/deputado\\\/?s={search_term_string}\"},\"query-input\":{\"@type\":\"PropertyValueSpecification\",\"valueRequired\":true,\"valueName\":\"search_term_string\"}}],\"inLanguage\":\"pt-BR\"},{\"@type\":\"Organization\",\"@id\":\"https:\\\/\\\/vanderloubet.com.br\\\/deputado\\\/#organization\",\"name\":\"Deputado Federal Vander Loubet\",\"alternateName\":\"Deputado Vander\",\"url\":\"https:\\\/\\\/vanderloubet.com.br\\\/deputado\\\/\",\"logo\":{\"@type\":\"ImageObject\",\"inLanguage\":\"pt-BR\",\"@id\":\"https:\\\/\\\/vanderloubet.com.br\\\/deputado\\\/#\\\/schema\\\/logo\\\/image\\\/\",\"url\":\"https:\\\/\\\/vanderloubet.com.br\\\/deputado\\\/wp-content\\\/uploads\\\/2023\\\/06\\\/foto-2023-06-19-mandato-deputado-vander.jpg\",\"contentUrl\":\"https:\\\/\\\/vanderloubet.com.br\\\/deputado\\\/wp-content\\\/uploads\\\/2023\\\/06\\\/foto-2023-06-19-mandato-deputado-vander.jpg\",\"width\":1080,\"height\":1080,\"caption\":\"Deputado Federal Vander Loubet\"},\"image\":{\"@id\":\"https:\\\/\\\/vanderloubet.com.br\\\/deputado\\\/#\\\/schema\\\/logo\\\/image\\\/\"},\"sameAs\":[\"https:\\\/\\\/facebook.com\\\/deputadovander\",\"https:\\\/\\\/x.com\\\/vanderloubet\",\"https:\\\/\\\/instagram.com\\\/vanderloubet\",\"https:\\\/\\\/youtube.com\\\/vanderloubet\",\"https:\\\/\\\/tiktok.com\\\/@vanderloubetms\"]},{\"@type\":\"Person\",\"@id\":\"https:\\\/\\\/vanderloubet.com.br\\\/deputado\\\/#\\\/schema\\\/person\\\/15b51bd564532a8a68d9dec1b8eb890e\",\"name\":\"\u00c9der\",\"image\":{\"@type\":\"ImageObject\",\"inLanguage\":\"pt-BR\",\"@id\":\"https:\\\/\\\/vanderloubet.com.br\\\/deputado\\\/wp-content\\\/litespeed\\\/avatar\\\/88ca4090d9d5ab1c9495f6ca03b68efa.jpg?ver=1777058957\",\"url\":\"https:\\\/\\\/vanderloubet.com.br\\\/deputado\\\/wp-content\\\/litespeed\\\/avatar\\\/88ca4090d9d5ab1c9495f6ca03b68efa.jpg?ver=1777058957\",\"contentUrl\":\"https:\\\/\\\/vanderloubet.com.br\\\/deputado\\\/wp-content\\\/litespeed\\\/avatar\\\/88ca4090d9d5ab1c9495f6ca03b68efa.jpg?ver=1777058957\",\"caption\":\"\u00c9der\"}}]}<\/script>\n<!-- \/ Yoast SEO plugin. -->","yoast_head_json":{"title":"Vida do padre Ernesto foi provar a grandeza do homem, diz Vander","robots":{"index":"index","follow":"follow","max-snippet":"max-snippet:-1","max-image-preview":"max-image-preview:large","max-video-preview":"max-video-preview:-1"},"canonical":"http:\/\/vanderloubet.com.br\/deputado\/vida-do-padre-ernesto-foi-provar-a-grandeza-do-homem-diz-vander\/","og_locale":"pt_BR","og_type":"article","og_title":"Vida do padre Ernesto foi provar a grandeza do homem, diz Vander","og_description":"O salesiano, nascido na Eslov\u00eania, morreu na manh\u00e3 desta quarta-feira (13), aos 93 anos, no Hospital da Caridade, em Corumb\u00e1.","og_url":"http:\/\/vanderloubet.com.br\/deputado\/vida-do-padre-ernesto-foi-provar-a-grandeza-do-homem-diz-vander\/","og_site_name":"Deputado Federal Vander Loubet","article_publisher":"https:\/\/facebook.com\/deputadovander","article_published_time":"2013-03-13T20:15:01+00:00","og_image":[{"url":"http:\/\/www.deputadovander.com.br\/website\/wp-content\/uploads\/2013\/03\/foto-2013-03-13-padre-ernesto-sassida-420x256.jpg","type":"","width":"","height":""}],"author":"\u00c9der","twitter_card":"summary_large_image","twitter_creator":"@vanderloubet","twitter_site":"@vanderloubet","schema":{"@context":"https:\/\/schema.org","@graph":[{"@type":"Article","@id":"http:\/\/vanderloubet.com.br\/deputado\/vida-do-padre-ernesto-foi-provar-a-grandeza-do-homem-diz-vander\/#article","isPartOf":{"@id":"http:\/\/vanderloubet.com.br\/deputado\/vida-do-padre-ernesto-foi-provar-a-grandeza-do-homem-diz-vander\/"},"author":{"name":"\u00c9der","@id":"https:\/\/vanderloubet.com.br\/deputado\/#\/schema\/person\/15b51bd564532a8a68d9dec1b8eb890e"},"headline":"Vida do padre Ernesto foi provar a grandeza do homem, diz Vander","datePublished":"2013-03-13T20:15:01+00:00","mainEntityOfPage":{"@id":"http:\/\/vanderloubet.com.br\/deputado\/vida-do-padre-ernesto-foi-provar-a-grandeza-do-homem-diz-vander\/"},"wordCount":402,"publisher":{"@id":"https:\/\/vanderloubet.com.br\/deputado\/#organization"},"image":{"@id":"http:\/\/vanderloubet.com.br\/deputado\/vida-do-padre-ernesto-foi-provar-a-grandeza-do-homem-diz-vander\/#primaryimage"},"thumbnailUrl":"http:\/\/www.deputadovander.com.br\/website\/wp-content\/uploads\/2013\/03\/foto-2013-03-13-padre-ernesto-sassida-420x256.jpg","keywords":["bosco","corumb\u00e1","dom","ernesto","padre","salesiano","sassida"],"articleSection":["Not\u00edcias"],"inLanguage":"pt-BR"},{"@type":"WebPage","@id":"http:\/\/vanderloubet.com.br\/deputado\/vida-do-padre-ernesto-foi-provar-a-grandeza-do-homem-diz-vander\/","url":"http:\/\/vanderloubet.com.br\/deputado\/vida-do-padre-ernesto-foi-provar-a-grandeza-do-homem-diz-vander\/","name":"Vida do padre Ernesto foi provar a grandeza do homem, diz Vander","isPartOf":{"@id":"https:\/\/vanderloubet.com.br\/deputado\/#website"},"primaryImageOfPage":{"@id":"http:\/\/vanderloubet.com.br\/deputado\/vida-do-padre-ernesto-foi-provar-a-grandeza-do-homem-diz-vander\/#primaryimage"},"image":{"@id":"http:\/\/vanderloubet.com.br\/deputado\/vida-do-padre-ernesto-foi-provar-a-grandeza-do-homem-diz-vander\/#primaryimage"},"thumbnailUrl":"http:\/\/www.deputadovander.com.br\/website\/wp-content\/uploads\/2013\/03\/foto-2013-03-13-padre-ernesto-sassida-420x256.jpg","datePublished":"2013-03-13T20:15:01+00:00","breadcrumb":{"@id":"http:\/\/vanderloubet.com.br\/deputado\/vida-do-padre-ernesto-foi-provar-a-grandeza-do-homem-diz-vander\/#breadcrumb"},"inLanguage":"pt-BR","potentialAction":[{"@type":"ReadAction","target":["http:\/\/vanderloubet.com.br\/deputado\/vida-do-padre-ernesto-foi-provar-a-grandeza-do-homem-diz-vander\/"]}]},{"@type":"ImageObject","inLanguage":"pt-BR","@id":"http:\/\/vanderloubet.com.br\/deputado\/vida-do-padre-ernesto-foi-provar-a-grandeza-do-homem-diz-vander\/#primaryimage","url":"http:\/\/www.deputadovander.com.br\/website\/wp-content\/uploads\/2013\/03\/foto-2013-03-13-padre-ernesto-sassida-420x256.jpg","contentUrl":"http:\/\/www.deputadovander.com.br\/website\/wp-content\/uploads\/2013\/03\/foto-2013-03-13-padre-ernesto-sassida-420x256.jpg"},{"@type":"BreadcrumbList","@id":"http:\/\/vanderloubet.com.br\/deputado\/vida-do-padre-ernesto-foi-provar-a-grandeza-do-homem-diz-vander\/#breadcrumb","itemListElement":[{"@type":"ListItem","position":1,"name":"In\u00edcio","item":"https:\/\/vanderloubet.com.br\/deputado\/"},{"@type":"ListItem","position":2,"name":"Vida do padre Ernesto foi provar a grandeza do homem, diz Vander"}]},{"@type":"WebSite","@id":"https:\/\/vanderloubet.com.br\/deputado\/#website","url":"https:\/\/vanderloubet.com.br\/deputado\/","name":"Deputado Federal Vander Loubet","description":"O Federal de MS","publisher":{"@id":"https:\/\/vanderloubet.com.br\/deputado\/#organization"},"alternateName":"Deputado Vander","potentialAction":[{"@type":"SearchAction","target":{"@type":"EntryPoint","urlTemplate":"https:\/\/vanderloubet.com.br\/deputado\/?s={search_term_string}"},"query-input":{"@type":"PropertyValueSpecification","valueRequired":true,"valueName":"search_term_string"}}],"inLanguage":"pt-BR"},{"@type":"Organization","@id":"https:\/\/vanderloubet.com.br\/deputado\/#organization","name":"Deputado Federal Vander Loubet","alternateName":"Deputado Vander","url":"https:\/\/vanderloubet.com.br\/deputado\/","logo":{"@type":"ImageObject","inLanguage":"pt-BR","@id":"https:\/\/vanderloubet.com.br\/deputado\/#\/schema\/logo\/image\/","url":"https:\/\/vanderloubet.com.br\/deputado\/wp-content\/uploads\/2023\/06\/foto-2023-06-19-mandato-deputado-vander.jpg","contentUrl":"https:\/\/vanderloubet.com.br\/deputado\/wp-content\/uploads\/2023\/06\/foto-2023-06-19-mandato-deputado-vander.jpg","width":1080,"height":1080,"caption":"Deputado Federal Vander Loubet"},"image":{"@id":"https:\/\/vanderloubet.com.br\/deputado\/#\/schema\/logo\/image\/"},"sameAs":["https:\/\/facebook.com\/deputadovander","https:\/\/x.com\/vanderloubet","https:\/\/instagram.com\/vanderloubet","https:\/\/youtube.com\/vanderloubet","https:\/\/tiktok.com\/@vanderloubetms"]},{"@type":"Person","@id":"https:\/\/vanderloubet.com.br\/deputado\/#\/schema\/person\/15b51bd564532a8a68d9dec1b8eb890e","name":"\u00c9der","image":{"@type":"ImageObject","inLanguage":"pt-BR","@id":"https:\/\/vanderloubet.com.br\/deputado\/wp-content\/litespeed\/avatar\/88ca4090d9d5ab1c9495f6ca03b68efa.jpg?ver=1777058957","url":"https:\/\/vanderloubet.com.br\/deputado\/wp-content\/litespeed\/avatar\/88ca4090d9d5ab1c9495f6ca03b68efa.jpg?ver=1777058957","contentUrl":"https:\/\/vanderloubet.com.br\/deputado\/wp-content\/litespeed\/avatar\/88ca4090d9d5ab1c9495f6ca03b68efa.jpg?ver=1777058957","caption":"\u00c9der"}}]}},"jetpack_featured_media_url":"","jetpack_sharing_enabled":true,"_links":{"self":[{"href":"https:\/\/vanderloubet.com.br\/deputado\/wp-json\/wp\/v2\/posts\/6202","targetHints":{"allow":["GET"]}}],"collection":[{"href":"https:\/\/vanderloubet.com.br\/deputado\/wp-json\/wp\/v2\/posts"}],"about":[{"href":"https:\/\/vanderloubet.com.br\/deputado\/wp-json\/wp\/v2\/types\/post"}],"author":[{"embeddable":true,"href":"https:\/\/vanderloubet.com.br\/deputado\/wp-json\/wp\/v2\/users\/2"}],"replies":[{"embeddable":true,"href":"https:\/\/vanderloubet.com.br\/deputado\/wp-json\/wp\/v2\/comments?post=6202"}],"version-history":[{"count":0,"href":"https:\/\/vanderloubet.com.br\/deputado\/wp-json\/wp\/v2\/posts\/6202\/revisions"}],"wp:attachment":[{"href":"https:\/\/vanderloubet.com.br\/deputado\/wp-json\/wp\/v2\/media?parent=6202"}],"wp:term":[{"taxonomy":"category","embeddable":true,"href":"https:\/\/vanderloubet.com.br\/deputado\/wp-json\/wp\/v2\/categories?post=6202"},{"taxonomy":"post_tag","embeddable":true,"href":"https:\/\/vanderloubet.com.br\/deputado\/wp-json\/wp\/v2\/tags?post=6202"}],"curies":[{"name":"wp","href":"https:\/\/api.w.org\/{rel}","templated":true}]}}