{"id":6175,"date":"2013-03-07T19:17:16","date_gmt":"2013-03-07T23:17:16","guid":{"rendered":"http:\/\/www.deputadovander.com.br\/website\/?p=6175"},"modified":"2013-03-07T19:17:16","modified_gmt":"2013-03-07T23:17:16","slug":"roseli-loubet-e-homenageada-na-assembleia-legislativa-de-ms","status":"publish","type":"post","link":"https:\/\/vanderloubet.com.br\/deputado\/roseli-loubet-e-homenageada-na-assembleia-legislativa-de-ms\/","title":{"rendered":"Roseli Loubet \u00e9 homenageada na Assembleia Legislativa de MS"},"content":{"rendered":"<figure id=\"attachment_6176\" aria-describedby=\"caption-attachment-6176\" style=\"width: 420px\" class=\"wp-caption aligncenter\"><a href=\"http:\/\/www.deputadovander.com.br\/website\/wp-content\/uploads\/2013\/03\/foto-2013-03-07-fabiana-roseli-takimoto.jpg\" target=\"_blank\"><img decoding=\"async\" class=\"size-medium wp-image-6176 \" title=\"Roseli, entre a filha de Celina, Fabiana, e o deputado Takimoto\" alt=\"Roseli, entre a filha de Celina, Fabiana, e o deputado Takimoto\" src=\"http:\/\/www.deputadovander.com.br\/website\/wp-content\/uploads\/2013\/03\/foto-2013-03-07-fabiana-roseli-takimoto-420x280.jpg\" width=\"420\" height=\"280\" \/><\/a><figcaption id=\"caption-attachment-6176\" class=\"wp-caption-text\">Roseli, entre a filha de Celina, Fabiana, e o deputado Takimoto<\/figcaption><\/figure>\n<p>A Assembleia Legislativa de Mato Grosso do Sul comemorou antecipadamente o Dia Internacional da Mulher, nesta quinta-feira (7), com uma sess\u00e3o solene para a entrega do Trof\u00e9u Celina Jallad a mulheres com reconhecida atua\u00e7\u00e3o na educa\u00e7\u00e3o, cultura, seguran\u00e7a p\u00fablica, entre outras \u00e1reas, em todo o estado.<\/p>\n<p>Por indica\u00e7\u00e3o do deputado estadual George Takimoto (PSL), a esposa do deputado federal Vander Loubet (PT), Roseli da Cruz Loubet, foi uma das 24 mulheres homenageadas com o Trof\u00e9u Celina Jallad, institu\u00eddo pela Resolu\u00e7\u00e3o 03\/2011, em homenagem \u00e0 deputada que faleceu em 28 de fevereiro de 2011 e que teve destacada atua\u00e7\u00e3o no Legislativo estadual.<\/p>\n<p>A lista de homenageadas contou ainda com os nomes de Marisa Serrano, conselheira do Tribunal de Contas (TCE-MS); Amarilis Pereira Amaral Scudellari, presidente do Conselho Regional de Enfermagem; Maria Campos Mendes, investigadora Delegacia de Pronto Atendimento Comunit\u00e1rio (Depac) da Pol\u00edcia Civil; Anita Ferreira Caputti, 3\u00ba sargento da 1\u00aa Cia do Pelot\u00e3o das Moreninhas da Pol\u00edcia Militar; Maria Cec\u00edlia Am\u00eandola da Motta; Suzimar Batistela, titular da Delegacia Especializada de Pol\u00edcia Interestadual e Capturas (Polinter) da Pol\u00edcia Civil; L\u00facia Ferreira Falc\u00e3o, coordenadora de Assuntos Educacionais da Academia de Pol\u00edcia Civil (Acadepol) e presidente do Conselho Estadual dos Direitos da Mulher; T\u00e2nia Garcia de Freitas Borges, desembargadora e corregedora geral de Justi\u00e7a do Tribunal de Justi\u00e7a (TJ-MS), Jaqueline Machado, ju\u00edza da 3\u00aa Vara C\u00edvel da Comarca de Nova Andradina, entre outros.<\/p>\n","protected":false},"excerpt":{"rendered":"<p>Por indica\u00e7\u00e3o do deputado estadual George Takimoto, a esposa do deputado Vander recebeu o Trof\u00e9u Celina Jallad.<\/p>\n","protected":false},"author":2,"featured_media":0,"comment_status":"closed","ping_status":"open","sticky":false,"template":"","format":"standard","meta":{"jetpack_post_was_ever_published":false,"_jetpack_newsletter_access":"","_jetpack_dont_email_post_to_subs":false,"_jetpack_newsletter_tier_id":0,"_jetpack_memberships_contains_paywalled_content":false,"_jetpack_memberships_contains_paid_content":false,"footnotes":""},"categories":[10],"tags":[401,906,968,1058,1340,1755,1835,1886,1913,1989],"class_list":{"0":"post-6175","1":"post","2":"type-post","3":"status-publish","4":"format-standard","6":"category-noticias","7":"tag-celina","8":"tag-george","9":"tag-homenagem","10":"tag-jallad","11":"tag-mulher","12":"tag-roseli","13":"tag-sessao","14":"tag-solene","15":"tag-takimoto","16":"tag-trofeu"},"yoast_head":"<!-- This site is optimized with the Yoast SEO plugin v27.4 - https:\/\/yoast.com\/product\/yoast-seo-wordpress\/ -->\n<title>Roseli Loubet \u00e9 homenageada na Assembleia Legislativa de MS<\/title>\n<meta name=\"robots\" content=\"index, follow, max-snippet:-1, max-image-preview:large, max-video-preview:-1\" \/>\n<link rel=\"canonical\" href=\"https:\/\/vanderloubet.com.br\/deputado\/roseli-loubet-e-homenageada-na-assembleia-legislativa-de-ms\/\" \/>\n<meta property=\"og:locale\" content=\"pt_BR\" \/>\n<meta property=\"og:type\" content=\"article\" \/>\n<meta property=\"og:title\" content=\"Roseli Loubet \u00e9 homenageada na Assembleia Legislativa de MS\" \/>\n<meta property=\"og:description\" content=\"Por indica\u00e7\u00e3o do deputado estadual George Takimoto, a esposa do deputado Vander recebeu o Trof\u00e9u Celina Jallad.\" \/>\n<meta property=\"og:url\" content=\"https:\/\/vanderloubet.com.br\/deputado\/roseli-loubet-e-homenageada-na-assembleia-legislativa-de-ms\/\" \/>\n<meta property=\"og:site_name\" content=\"Deputado Federal Vander Loubet\" \/>\n<meta property=\"article:publisher\" content=\"https:\/\/facebook.com\/deputadovander\" \/>\n<meta property=\"article:published_time\" content=\"2013-03-07T23:17:16+00:00\" \/>\n<meta property=\"og:image\" content=\"http:\/\/www.deputadovander.com.br\/website\/wp-content\/uploads\/2013\/03\/foto-2013-03-07-fabiana-roseli-takimoto-420x280.jpg\" \/>\n<meta name=\"author\" content=\"\u00c9der\" \/>\n<meta name=\"twitter:card\" content=\"summary_large_image\" \/>\n<meta name=\"twitter:creator\" content=\"@vanderloubet\" \/>\n<meta name=\"twitter:site\" content=\"@vanderloubet\" \/>\n<script type=\"application\/ld+json\" class=\"yoast-schema-graph\">{\"@context\":\"https:\\\/\\\/schema.org\",\"@graph\":[{\"@type\":\"Article\",\"@id\":\"https:\\\/\\\/vanderloubet.com.br\\\/deputado\\\/roseli-loubet-e-homenageada-na-assembleia-legislativa-de-ms\\\/#article\",\"isPartOf\":{\"@id\":\"https:\\\/\\\/vanderloubet.com.br\\\/deputado\\\/roseli-loubet-e-homenageada-na-assembleia-legislativa-de-ms\\\/\"},\"author\":{\"name\":\"\u00c9der\",\"@id\":\"https:\\\/\\\/vanderloubet.com.br\\\/deputado\\\/#\\\/schema\\\/person\\\/15b51bd564532a8a68d9dec1b8eb890e\"},\"headline\":\"Roseli Loubet \u00e9 homenageada na Assembleia Legislativa de MS\",\"datePublished\":\"2013-03-07T23:17:16+00:00\",\"mainEntityOfPage\":{\"@id\":\"https:\\\/\\\/vanderloubet.com.br\\\/deputado\\\/roseli-loubet-e-homenageada-na-assembleia-legislativa-de-ms\\\/\"},\"wordCount\":273,\"publisher\":{\"@id\":\"https:\\\/\\\/vanderloubet.com.br\\\/deputado\\\/#organization\"},\"image\":{\"@id\":\"https:\\\/\\\/vanderloubet.com.br\\\/deputado\\\/roseli-loubet-e-homenageada-na-assembleia-legislativa-de-ms\\\/#primaryimage\"},\"thumbnailUrl\":\"http:\\\/\\\/www.deputadovander.com.br\\\/website\\\/wp-content\\\/uploads\\\/2013\\\/03\\\/foto-2013-03-07-fabiana-roseli-takimoto-420x280.jpg\",\"keywords\":[\"celina\",\"george\",\"homenagem\",\"jallad\",\"mulher\",\"roseli\",\"sess\u00e3o\",\"solene\",\"takimoto\",\"trof\u00e9u\"],\"articleSection\":[\"Not\u00edcias\"],\"inLanguage\":\"pt-BR\"},{\"@type\":\"WebPage\",\"@id\":\"https:\\\/\\\/vanderloubet.com.br\\\/deputado\\\/roseli-loubet-e-homenageada-na-assembleia-legislativa-de-ms\\\/\",\"url\":\"https:\\\/\\\/vanderloubet.com.br\\\/deputado\\\/roseli-loubet-e-homenageada-na-assembleia-legislativa-de-ms\\\/\",\"name\":\"Roseli Loubet \u00e9 homenageada na Assembleia Legislativa de MS\",\"isPartOf\":{\"@id\":\"https:\\\/\\\/vanderloubet.com.br\\\/deputado\\\/#website\"},\"primaryImageOfPage\":{\"@id\":\"https:\\\/\\\/vanderloubet.com.br\\\/deputado\\\/roseli-loubet-e-homenageada-na-assembleia-legislativa-de-ms\\\/#primaryimage\"},\"image\":{\"@id\":\"https:\\\/\\\/vanderloubet.com.br\\\/deputado\\\/roseli-loubet-e-homenageada-na-assembleia-legislativa-de-ms\\\/#primaryimage\"},\"thumbnailUrl\":\"http:\\\/\\\/www.deputadovander.com.br\\\/website\\\/wp-content\\\/uploads\\\/2013\\\/03\\\/foto-2013-03-07-fabiana-roseli-takimoto-420x280.jpg\",\"datePublished\":\"2013-03-07T23:17:16+00:00\",\"breadcrumb\":{\"@id\":\"https:\\\/\\\/vanderloubet.com.br\\\/deputado\\\/roseli-loubet-e-homenageada-na-assembleia-legislativa-de-ms\\\/#breadcrumb\"},\"inLanguage\":\"pt-BR\",\"potentialAction\":[{\"@type\":\"ReadAction\",\"target\":[\"https:\\\/\\\/vanderloubet.com.br\\\/deputado\\\/roseli-loubet-e-homenageada-na-assembleia-legislativa-de-ms\\\/\"]}]},{\"@type\":\"ImageObject\",\"inLanguage\":\"pt-BR\",\"@id\":\"https:\\\/\\\/vanderloubet.com.br\\\/deputado\\\/roseli-loubet-e-homenageada-na-assembleia-legislativa-de-ms\\\/#primaryimage\",\"url\":\"http:\\\/\\\/www.deputadovander.com.br\\\/website\\\/wp-content\\\/uploads\\\/2013\\\/03\\\/foto-2013-03-07-fabiana-roseli-takimoto-420x280.jpg\",\"contentUrl\":\"http:\\\/\\\/www.deputadovander.com.br\\\/website\\\/wp-content\\\/uploads\\\/2013\\\/03\\\/foto-2013-03-07-fabiana-roseli-takimoto-420x280.jpg\"},{\"@type\":\"BreadcrumbList\",\"@id\":\"https:\\\/\\\/vanderloubet.com.br\\\/deputado\\\/roseli-loubet-e-homenageada-na-assembleia-legislativa-de-ms\\\/#breadcrumb\",\"itemListElement\":[{\"@type\":\"ListItem\",\"position\":1,\"name\":\"In\u00edcio\",\"item\":\"https:\\\/\\\/vanderloubet.com.br\\\/deputado\\\/\"},{\"@type\":\"ListItem\",\"position\":2,\"name\":\"Roseli Loubet \u00e9 homenageada na Assembleia Legislativa de MS\"}]},{\"@type\":\"WebSite\",\"@id\":\"https:\\\/\\\/vanderloubet.com.br\\\/deputado\\\/#website\",\"url\":\"https:\\\/\\\/vanderloubet.com.br\\\/deputado\\\/\",\"name\":\"Deputado Federal Vander Loubet\",\"description\":\"O Federal de MS\",\"publisher\":{\"@id\":\"https:\\\/\\\/vanderloubet.com.br\\\/deputado\\\/#organization\"},\"alternateName\":\"Deputado Vander\",\"potentialAction\":[{\"@type\":\"SearchAction\",\"target\":{\"@type\":\"EntryPoint\",\"urlTemplate\":\"https:\\\/\\\/vanderloubet.com.br\\\/deputado\\\/?s={search_term_string}\"},\"query-input\":{\"@type\":\"PropertyValueSpecification\",\"valueRequired\":true,\"valueName\":\"search_term_string\"}}],\"inLanguage\":\"pt-BR\"},{\"@type\":\"Organization\",\"@id\":\"https:\\\/\\\/vanderloubet.com.br\\\/deputado\\\/#organization\",\"name\":\"Deputado Federal Vander Loubet\",\"alternateName\":\"Deputado Vander\",\"url\":\"https:\\\/\\\/vanderloubet.com.br\\\/deputado\\\/\",\"logo\":{\"@type\":\"ImageObject\",\"inLanguage\":\"pt-BR\",\"@id\":\"https:\\\/\\\/vanderloubet.com.br\\\/deputado\\\/#\\\/schema\\\/logo\\\/image\\\/\",\"url\":\"https:\\\/\\\/vanderloubet.com.br\\\/deputado\\\/wp-content\\\/uploads\\\/2023\\\/06\\\/foto-2023-06-19-mandato-deputado-vander.jpg\",\"contentUrl\":\"https:\\\/\\\/vanderloubet.com.br\\\/deputado\\\/wp-content\\\/uploads\\\/2023\\\/06\\\/foto-2023-06-19-mandato-deputado-vander.jpg\",\"width\":1080,\"height\":1080,\"caption\":\"Deputado Federal Vander Loubet\"},\"image\":{\"@id\":\"https:\\\/\\\/vanderloubet.com.br\\\/deputado\\\/#\\\/schema\\\/logo\\\/image\\\/\"},\"sameAs\":[\"https:\\\/\\\/facebook.com\\\/deputadovander\",\"https:\\\/\\\/x.com\\\/vanderloubet\",\"https:\\\/\\\/instagram.com\\\/vanderloubet\",\"https:\\\/\\\/youtube.com\\\/vanderloubet\",\"https:\\\/\\\/tiktok.com\\\/@vanderloubetms\"]},{\"@type\":\"Person\",\"@id\":\"https:\\\/\\\/vanderloubet.com.br\\\/deputado\\\/#\\\/schema\\\/person\\\/15b51bd564532a8a68d9dec1b8eb890e\",\"name\":\"\u00c9der\",\"image\":{\"@type\":\"ImageObject\",\"inLanguage\":\"pt-BR\",\"@id\":\"https:\\\/\\\/vanderloubet.com.br\\\/deputado\\\/wp-content\\\/litespeed\\\/avatar\\\/88ca4090d9d5ab1c9495f6ca03b68efa.jpg?ver=1777058957\",\"url\":\"https:\\\/\\\/vanderloubet.com.br\\\/deputado\\\/wp-content\\\/litespeed\\\/avatar\\\/88ca4090d9d5ab1c9495f6ca03b68efa.jpg?ver=1777058957\",\"contentUrl\":\"https:\\\/\\\/vanderloubet.com.br\\\/deputado\\\/wp-content\\\/litespeed\\\/avatar\\\/88ca4090d9d5ab1c9495f6ca03b68efa.jpg?ver=1777058957\",\"caption\":\"\u00c9der\"}}]}<\/script>\n<!-- \/ Yoast SEO plugin. -->","yoast_head_json":{"title":"Roseli Loubet \u00e9 homenageada na Assembleia Legislativa de MS","robots":{"index":"index","follow":"follow","max-snippet":"max-snippet:-1","max-image-preview":"max-image-preview:large","max-video-preview":"max-video-preview:-1"},"canonical":"https:\/\/vanderloubet.com.br\/deputado\/roseli-loubet-e-homenageada-na-assembleia-legislativa-de-ms\/","og_locale":"pt_BR","og_type":"article","og_title":"Roseli Loubet \u00e9 homenageada na Assembleia Legislativa de MS","og_description":"Por indica\u00e7\u00e3o do deputado estadual George Takimoto, a esposa do deputado Vander recebeu o Trof\u00e9u Celina Jallad.","og_url":"https:\/\/vanderloubet.com.br\/deputado\/roseli-loubet-e-homenageada-na-assembleia-legislativa-de-ms\/","og_site_name":"Deputado Federal Vander Loubet","article_publisher":"https:\/\/facebook.com\/deputadovander","article_published_time":"2013-03-07T23:17:16+00:00","og_image":[{"url":"http:\/\/www.deputadovander.com.br\/website\/wp-content\/uploads\/2013\/03\/foto-2013-03-07-fabiana-roseli-takimoto-420x280.jpg","type":"","width":"","height":""}],"author":"\u00c9der","twitter_card":"summary_large_image","twitter_creator":"@vanderloubet","twitter_site":"@vanderloubet","schema":{"@context":"https:\/\/schema.org","@graph":[{"@type":"Article","@id":"https:\/\/vanderloubet.com.br\/deputado\/roseli-loubet-e-homenageada-na-assembleia-legislativa-de-ms\/#article","isPartOf":{"@id":"https:\/\/vanderloubet.com.br\/deputado\/roseli-loubet-e-homenageada-na-assembleia-legislativa-de-ms\/"},"author":{"name":"\u00c9der","@id":"https:\/\/vanderloubet.com.br\/deputado\/#\/schema\/person\/15b51bd564532a8a68d9dec1b8eb890e"},"headline":"Roseli Loubet \u00e9 homenageada na Assembleia Legislativa de MS","datePublished":"2013-03-07T23:17:16+00:00","mainEntityOfPage":{"@id":"https:\/\/vanderloubet.com.br\/deputado\/roseli-loubet-e-homenageada-na-assembleia-legislativa-de-ms\/"},"wordCount":273,"publisher":{"@id":"https:\/\/vanderloubet.com.br\/deputado\/#organization"},"image":{"@id":"https:\/\/vanderloubet.com.br\/deputado\/roseli-loubet-e-homenageada-na-assembleia-legislativa-de-ms\/#primaryimage"},"thumbnailUrl":"http:\/\/www.deputadovander.com.br\/website\/wp-content\/uploads\/2013\/03\/foto-2013-03-07-fabiana-roseli-takimoto-420x280.jpg","keywords":["celina","george","homenagem","jallad","mulher","roseli","sess\u00e3o","solene","takimoto","trof\u00e9u"],"articleSection":["Not\u00edcias"],"inLanguage":"pt-BR"},{"@type":"WebPage","@id":"https:\/\/vanderloubet.com.br\/deputado\/roseli-loubet-e-homenageada-na-assembleia-legislativa-de-ms\/","url":"https:\/\/vanderloubet.com.br\/deputado\/roseli-loubet-e-homenageada-na-assembleia-legislativa-de-ms\/","name":"Roseli Loubet \u00e9 homenageada na Assembleia Legislativa de MS","isPartOf":{"@id":"https:\/\/vanderloubet.com.br\/deputado\/#website"},"primaryImageOfPage":{"@id":"https:\/\/vanderloubet.com.br\/deputado\/roseli-loubet-e-homenageada-na-assembleia-legislativa-de-ms\/#primaryimage"},"image":{"@id":"https:\/\/vanderloubet.com.br\/deputado\/roseli-loubet-e-homenageada-na-assembleia-legislativa-de-ms\/#primaryimage"},"thumbnailUrl":"http:\/\/www.deputadovander.com.br\/website\/wp-content\/uploads\/2013\/03\/foto-2013-03-07-fabiana-roseli-takimoto-420x280.jpg","datePublished":"2013-03-07T23:17:16+00:00","breadcrumb":{"@id":"https:\/\/vanderloubet.com.br\/deputado\/roseli-loubet-e-homenageada-na-assembleia-legislativa-de-ms\/#breadcrumb"},"inLanguage":"pt-BR","potentialAction":[{"@type":"ReadAction","target":["https:\/\/vanderloubet.com.br\/deputado\/roseli-loubet-e-homenageada-na-assembleia-legislativa-de-ms\/"]}]},{"@type":"ImageObject","inLanguage":"pt-BR","@id":"https:\/\/vanderloubet.com.br\/deputado\/roseli-loubet-e-homenageada-na-assembleia-legislativa-de-ms\/#primaryimage","url":"http:\/\/www.deputadovander.com.br\/website\/wp-content\/uploads\/2013\/03\/foto-2013-03-07-fabiana-roseli-takimoto-420x280.jpg","contentUrl":"http:\/\/www.deputadovander.com.br\/website\/wp-content\/uploads\/2013\/03\/foto-2013-03-07-fabiana-roseli-takimoto-420x280.jpg"},{"@type":"BreadcrumbList","@id":"https:\/\/vanderloubet.com.br\/deputado\/roseli-loubet-e-homenageada-na-assembleia-legislativa-de-ms\/#breadcrumb","itemListElement":[{"@type":"ListItem","position":1,"name":"In\u00edcio","item":"https:\/\/vanderloubet.com.br\/deputado\/"},{"@type":"ListItem","position":2,"name":"Roseli Loubet \u00e9 homenageada na Assembleia Legislativa de MS"}]},{"@type":"WebSite","@id":"https:\/\/vanderloubet.com.br\/deputado\/#website","url":"https:\/\/vanderloubet.com.br\/deputado\/","name":"Deputado Federal Vander Loubet","description":"O Federal de MS","publisher":{"@id":"https:\/\/vanderloubet.com.br\/deputado\/#organization"},"alternateName":"Deputado Vander","potentialAction":[{"@type":"SearchAction","target":{"@type":"EntryPoint","urlTemplate":"https:\/\/vanderloubet.com.br\/deputado\/?s={search_term_string}"},"query-input":{"@type":"PropertyValueSpecification","valueRequired":true,"valueName":"search_term_string"}}],"inLanguage":"pt-BR"},{"@type":"Organization","@id":"https:\/\/vanderloubet.com.br\/deputado\/#organization","name":"Deputado Federal Vander Loubet","alternateName":"Deputado Vander","url":"https:\/\/vanderloubet.com.br\/deputado\/","logo":{"@type":"ImageObject","inLanguage":"pt-BR","@id":"https:\/\/vanderloubet.com.br\/deputado\/#\/schema\/logo\/image\/","url":"https:\/\/vanderloubet.com.br\/deputado\/wp-content\/uploads\/2023\/06\/foto-2023-06-19-mandato-deputado-vander.jpg","contentUrl":"https:\/\/vanderloubet.com.br\/deputado\/wp-content\/uploads\/2023\/06\/foto-2023-06-19-mandato-deputado-vander.jpg","width":1080,"height":1080,"caption":"Deputado Federal Vander Loubet"},"image":{"@id":"https:\/\/vanderloubet.com.br\/deputado\/#\/schema\/logo\/image\/"},"sameAs":["https:\/\/facebook.com\/deputadovander","https:\/\/x.com\/vanderloubet","https:\/\/instagram.com\/vanderloubet","https:\/\/youtube.com\/vanderloubet","https:\/\/tiktok.com\/@vanderloubetms"]},{"@type":"Person","@id":"https:\/\/vanderloubet.com.br\/deputado\/#\/schema\/person\/15b51bd564532a8a68d9dec1b8eb890e","name":"\u00c9der","image":{"@type":"ImageObject","inLanguage":"pt-BR","@id":"https:\/\/vanderloubet.com.br\/deputado\/wp-content\/litespeed\/avatar\/88ca4090d9d5ab1c9495f6ca03b68efa.jpg?ver=1777058957","url":"https:\/\/vanderloubet.com.br\/deputado\/wp-content\/litespeed\/avatar\/88ca4090d9d5ab1c9495f6ca03b68efa.jpg?ver=1777058957","contentUrl":"https:\/\/vanderloubet.com.br\/deputado\/wp-content\/litespeed\/avatar\/88ca4090d9d5ab1c9495f6ca03b68efa.jpg?ver=1777058957","caption":"\u00c9der"}}]}},"jetpack_featured_media_url":"","jetpack_sharing_enabled":true,"_links":{"self":[{"href":"https:\/\/vanderloubet.com.br\/deputado\/wp-json\/wp\/v2\/posts\/6175","targetHints":{"allow":["GET"]}}],"collection":[{"href":"https:\/\/vanderloubet.com.br\/deputado\/wp-json\/wp\/v2\/posts"}],"about":[{"href":"https:\/\/vanderloubet.com.br\/deputado\/wp-json\/wp\/v2\/types\/post"}],"author":[{"embeddable":true,"href":"https:\/\/vanderloubet.com.br\/deputado\/wp-json\/wp\/v2\/users\/2"}],"replies":[{"embeddable":true,"href":"https:\/\/vanderloubet.com.br\/deputado\/wp-json\/wp\/v2\/comments?post=6175"}],"version-history":[{"count":0,"href":"https:\/\/vanderloubet.com.br\/deputado\/wp-json\/wp\/v2\/posts\/6175\/revisions"}],"wp:attachment":[{"href":"https:\/\/vanderloubet.com.br\/deputado\/wp-json\/wp\/v2\/media?parent=6175"}],"wp:term":[{"taxonomy":"category","embeddable":true,"href":"https:\/\/vanderloubet.com.br\/deputado\/wp-json\/wp\/v2\/categories?post=6175"},{"taxonomy":"post_tag","embeddable":true,"href":"https:\/\/vanderloubet.com.br\/deputado\/wp-json\/wp\/v2\/tags?post=6175"}],"curies":[{"name":"wp","href":"https:\/\/api.w.org\/{rel}","templated":true}]}}