{"id":6170,"date":"2013-03-06T16:03:07","date_gmt":"2013-03-06T20:03:07","guid":{"rendered":"http:\/\/www.deputadovander.com.br\/website\/?p=6170"},"modified":"2013-03-06T16:03:07","modified_gmt":"2013-03-06T20:03:07","slug":"pac-2-entrega-mais-cinco-retroescavadeiras-para-municipios-de-ms","status":"publish","type":"post","link":"https:\/\/vanderloubet.com.br\/deputado\/pac-2-entrega-mais-cinco-retroescavadeiras-para-municipios-de-ms\/","title":{"rendered":"PAC 2 entrega mais 5 retroescavadeiras para munic\u00edpios de MS"},"content":{"rendered":"<figure id=\"attachment_6088\" aria-describedby=\"caption-attachment-6088\" style=\"width: 420px\" class=\"wp-caption aligncenter\"><a href=\"http:\/\/www.deputadovander.com.br\/website\/wp-content\/uploads\/2013\/02\/foto-2013-02-15-entrega-maquinas-mda-02.jpg\" target=\"_blank\"><img decoding=\"async\" class=\"size-medium wp-image-6088 \" title=\"Restroescavadeiras do PAC 2 entregues \u00e0s prefeituras\" alt=\"Restroescavadeiras do PAC 2 entregues \u00e0s prefeituras\" src=\"http:\/\/www.deputadovander.com.br\/website\/wp-content\/uploads\/2013\/02\/foto-2013-02-15-entrega-maquinas-mda-02-420x278.jpg\" width=\"420\" height=\"278\" \/><\/a><figcaption id=\"caption-attachment-6088\" class=\"wp-caption-text\">Restroescavadeiras do PAC 2 entregues \u00e0s prefeituras<\/figcaption><\/figure>\n<p>Cinco munic\u00edpios de Mato Grosso do Sul recebem ontem (5, ter\u00e7a-feira) retroescavadeiras entregues pelo Minist\u00e9rio do Desenvolvimento Agr\u00e1rio (MDA) por meio da segunda etapa do Programa de Acelera\u00e7\u00e3o do Crescimento (PAC 2). O maquin\u00e1rio, viabilizado com apoio do deputado federal Vander Loubet (PT-MS), \u00e9 destinado para constru\u00e7\u00e3o e melhoria das estradas vicinais, que fazem a liga\u00e7\u00e3o entre meio rural e \u00e1rea urbana, para facilitar o transporte da produ\u00e7\u00e3o.<\/p>\n<p>A solenidade de entrega foi realizada em Lad\u00e1rio. Tamb\u00e9m foram contemplados os munic\u00edpios de Miranda, Aquidauana, Porto Murtinho e Caracol. Com investimento da ordem de R$ 813 mil, as m\u00e1quinas beneficiar\u00e3o mais de 28 mil agricultores familiares.<\/p>\n<p>Ao todo, somente este ano, o governo federal investiu mais de R$ 5 milh\u00f5es em retroescavadeiras para 33 munic\u00edpios. Em 2012, a quantia investida foi de R$ 6,5 milh\u00f5es e contemplou 40 munic\u00edpios.<\/p>\n<p>&#8220;Esse maquin\u00e1rio \u00e9 muito importante para os agricultores familiares. Ao melhorar a condi\u00e7\u00e3o das estradas que d\u00e3o acesso \u00e0s pequenas propriedades e assentamentos da reforma agr\u00e1ria \u00e9 poss\u00edvel baratear os custos com transporte e isso facilita a comercializa\u00e7\u00e3o do que \u00e9 produzido no campo&#8221;, destacou Vander.<\/p>\n<figure id=\"attachment_6171\" aria-describedby=\"caption-attachment-6171\" style=\"width: 420px\" class=\"wp-caption aligncenter\"><a href=\"http:\/\/www.deputadovander.com.br\/website\/wp-content\/uploads\/2013\/03\/foto-2013-03-06-vander-jose-antonio.jpg\" target=\"_blank\"><img decoding=\"async\" class=\"size-medium wp-image-6171 \" title=\"Deputado Vander e prefeito Jos\u00e9 Ant\u00f4nio\" alt=\"Deputado Vander e prefeito Jos\u00e9 Ant\u00f4nio\" src=\"http:\/\/www.deputadovander.com.br\/website\/wp-content\/uploads\/2013\/03\/foto-2013-03-06-vander-jose-antonio-420x280.jpg\" width=\"420\" height=\"280\" \/><\/a><figcaption id=\"caption-attachment-6171\" class=\"wp-caption-text\">Deputado Vander e prefeito Jos\u00e9 Ant\u00f4nio<\/figcaption><\/figure>\n<p><strong>Estradas vicinais<\/strong><\/p>\n<p>O prefeito de Lad\u00e1rio, Jos\u00e9 Ant\u00f4nio Assad e Faria (PT) afirmou que o munic\u00edpio n\u00e3o disp\u00f5e de recursos suficientes para manter as estradas em boa qualidade e que o equipamento vai suprir esse problema. &#8220;Esse equipamento vem acolher uma demanda que n\u00e3o conseguir\u00edamos atender&#8221;, comemora.<\/p>\n<p>Jos\u00e9 Ant\u00f4nio ainda assegurou que as novas estradas v\u00e3o garantir o escoamento da produ\u00e7\u00e3o da agricultura familiar e a chegada de Assist\u00eancia T\u00e9cnica e Extens\u00e3o Rural (Ater) aos produtores. &#8220;Vai melhorar muito a venda dos produtos da agricultura familiar. Facilita todo um processo de chegada de produtos \u00e0 cidade e de compradores aos assentamentos. Al\u00e9m disso, abre uma boa via de entrada da assist\u00eancia t\u00e9cnica especializada que eles tanto precisam&#8221;.<\/p>\n<p>O prefeito tamb\u00e9m ressaltou a import\u00e2ncia da recupera\u00e7\u00e3o das vias para o acesso dos camponeses a direitos necess\u00e1rios aos cidad\u00e3os. &#8220;Outra import\u00e2ncia de se melhorar as estradas \u00e9 o transporte escolar. Em determinadas situa\u00e7\u00f5es, h\u00e1 muita dificuldade com o transporte das crian\u00e7as para as escolas&#8221;, conta Jos\u00e9 Ant\u00f4nio.<\/p>\n<p><span style=\"font-size: 11px;\">(Fonte: Assessoria\/MDA)<\/span><\/p>\n","protected":false},"excerpt":{"rendered":"<p>O maquin\u00e1rio, viabilizado com apoio do deputado Vander, \u00e9 destinado para constru\u00e7\u00e3o e melhoria das estradas vicinais.<\/p>\n","protected":false},"author":2,"featured_media":0,"comment_status":"closed","ping_status":"open","sticky":false,"template":"","format":"standard","meta":{"jetpack_post_was_ever_published":false,"_jetpack_newsletter_access":"","_jetpack_dont_email_post_to_subs":false,"_jetpack_newsletter_tier_id":0,"_jetpack_memberships_contains_paywalled_content":false,"_jetpack_memberships_contains_paid_content":false,"footnotes":""},"categories":[10],"tags":[68,70,166,195,356,755,793,1117,1251,1306,1350,1445,1587,1696,1723,2059],"class_list":{"0":"post-6170","1":"post","2":"type-post","3":"status-publish","4":"format-standard","6":"category-noticias","7":"tag-agraria","8":"tag-agricultura","9":"tag-aquidauana","10":"tag-assentamento","11":"tag-caracol","12":"tag-estrada","13":"tag-familiar","14":"tag-ladario","15":"tag-mda","16":"tag-miranda","17":"tag-murtinho","18":"tag-pac","19":"tag-porto","20":"tag-reforma","21":"tag-retriescavadeira","22":"tag-vicinal"},"yoast_head":"<!-- This site is optimized with the Yoast SEO plugin v27.4 - https:\/\/yoast.com\/product\/yoast-seo-wordpress\/ -->\n<title>PAC 2 entrega mais 5 retroescavadeiras para munic\u00edpios de MS<\/title>\n<meta name=\"robots\" content=\"index, follow, max-snippet:-1, max-image-preview:large, max-video-preview:-1\" \/>\n<link rel=\"canonical\" href=\"https:\/\/vanderloubet.com.br\/deputado\/pac-2-entrega-mais-cinco-retroescavadeiras-para-municipios-de-ms\/\" \/>\n<meta property=\"og:locale\" content=\"pt_BR\" \/>\n<meta property=\"og:type\" content=\"article\" \/>\n<meta property=\"og:title\" content=\"PAC 2 entrega mais 5 retroescavadeiras para munic\u00edpios de MS\" \/>\n<meta property=\"og:description\" content=\"O maquin\u00e1rio, viabilizado com apoio do deputado Vander, \u00e9 destinado para constru\u00e7\u00e3o e melhoria das estradas vicinais.\" \/>\n<meta property=\"og:url\" content=\"https:\/\/vanderloubet.com.br\/deputado\/pac-2-entrega-mais-cinco-retroescavadeiras-para-municipios-de-ms\/\" \/>\n<meta property=\"og:site_name\" content=\"Deputado Federal Vander Loubet\" \/>\n<meta property=\"article:publisher\" content=\"https:\/\/facebook.com\/deputadovander\" \/>\n<meta property=\"article:published_time\" content=\"2013-03-06T20:03:07+00:00\" \/>\n<meta property=\"og:image\" content=\"http:\/\/www.deputadovander.com.br\/website\/wp-content\/uploads\/2013\/02\/foto-2013-02-15-entrega-maquinas-mda-02-420x278.jpg\" \/>\n<meta name=\"author\" content=\"\u00c9der\" \/>\n<meta name=\"twitter:card\" content=\"summary_large_image\" \/>\n<meta name=\"twitter:creator\" content=\"@vanderloubet\" \/>\n<meta name=\"twitter:site\" content=\"@vanderloubet\" \/>\n<script type=\"application\/ld+json\" class=\"yoast-schema-graph\">{\"@context\":\"https:\\\/\\\/schema.org\",\"@graph\":[{\"@type\":\"Article\",\"@id\":\"https:\\\/\\\/vanderloubet.com.br\\\/deputado\\\/pac-2-entrega-mais-cinco-retroescavadeiras-para-municipios-de-ms\\\/#article\",\"isPartOf\":{\"@id\":\"https:\\\/\\\/vanderloubet.com.br\\\/deputado\\\/pac-2-entrega-mais-cinco-retroescavadeiras-para-municipios-de-ms\\\/\"},\"author\":{\"name\":\"\u00c9der\",\"@id\":\"https:\\\/\\\/vanderloubet.com.br\\\/deputado\\\/#\\\/schema\\\/person\\\/15b51bd564532a8a68d9dec1b8eb890e\"},\"headline\":\"PAC 2 entrega mais 5 retroescavadeiras para munic\u00edpios de MS\",\"datePublished\":\"2013-03-06T20:03:07+00:00\",\"mainEntityOfPage\":{\"@id\":\"https:\\\/\\\/vanderloubet.com.br\\\/deputado\\\/pac-2-entrega-mais-cinco-retroescavadeiras-para-municipios-de-ms\\\/\"},\"wordCount\":422,\"publisher\":{\"@id\":\"https:\\\/\\\/vanderloubet.com.br\\\/deputado\\\/#organization\"},\"image\":{\"@id\":\"https:\\\/\\\/vanderloubet.com.br\\\/deputado\\\/pac-2-entrega-mais-cinco-retroescavadeiras-para-municipios-de-ms\\\/#primaryimage\"},\"thumbnailUrl\":\"http:\\\/\\\/www.deputadovander.com.br\\\/website\\\/wp-content\\\/uploads\\\/2013\\\/02\\\/foto-2013-02-15-entrega-maquinas-mda-02-420x278.jpg\",\"keywords\":[\"agr\u00e1ria\",\"agricultura\",\"aquidauana\",\"assentamento\",\"caracol\",\"estrada\",\"familiar\",\"lad\u00e1rio\",\"mda\",\"miranda\",\"murtinho\",\"pac\",\"porto\",\"reforma\",\"retriescavadeira\",\"vicinal\"],\"articleSection\":[\"Not\u00edcias\"],\"inLanguage\":\"pt-BR\"},{\"@type\":\"WebPage\",\"@id\":\"https:\\\/\\\/vanderloubet.com.br\\\/deputado\\\/pac-2-entrega-mais-cinco-retroescavadeiras-para-municipios-de-ms\\\/\",\"url\":\"https:\\\/\\\/vanderloubet.com.br\\\/deputado\\\/pac-2-entrega-mais-cinco-retroescavadeiras-para-municipios-de-ms\\\/\",\"name\":\"PAC 2 entrega mais 5 retroescavadeiras para munic\u00edpios de MS\",\"isPartOf\":{\"@id\":\"https:\\\/\\\/vanderloubet.com.br\\\/deputado\\\/#website\"},\"primaryImageOfPage\":{\"@id\":\"https:\\\/\\\/vanderloubet.com.br\\\/deputado\\\/pac-2-entrega-mais-cinco-retroescavadeiras-para-municipios-de-ms\\\/#primaryimage\"},\"image\":{\"@id\":\"https:\\\/\\\/vanderloubet.com.br\\\/deputado\\\/pac-2-entrega-mais-cinco-retroescavadeiras-para-municipios-de-ms\\\/#primaryimage\"},\"thumbnailUrl\":\"http:\\\/\\\/www.deputadovander.com.br\\\/website\\\/wp-content\\\/uploads\\\/2013\\\/02\\\/foto-2013-02-15-entrega-maquinas-mda-02-420x278.jpg\",\"datePublished\":\"2013-03-06T20:03:07+00:00\",\"breadcrumb\":{\"@id\":\"https:\\\/\\\/vanderloubet.com.br\\\/deputado\\\/pac-2-entrega-mais-cinco-retroescavadeiras-para-municipios-de-ms\\\/#breadcrumb\"},\"inLanguage\":\"pt-BR\",\"potentialAction\":[{\"@type\":\"ReadAction\",\"target\":[\"https:\\\/\\\/vanderloubet.com.br\\\/deputado\\\/pac-2-entrega-mais-cinco-retroescavadeiras-para-municipios-de-ms\\\/\"]}]},{\"@type\":\"ImageObject\",\"inLanguage\":\"pt-BR\",\"@id\":\"https:\\\/\\\/vanderloubet.com.br\\\/deputado\\\/pac-2-entrega-mais-cinco-retroescavadeiras-para-municipios-de-ms\\\/#primaryimage\",\"url\":\"http:\\\/\\\/www.deputadovander.com.br\\\/website\\\/wp-content\\\/uploads\\\/2013\\\/02\\\/foto-2013-02-15-entrega-maquinas-mda-02-420x278.jpg\",\"contentUrl\":\"http:\\\/\\\/www.deputadovander.com.br\\\/website\\\/wp-content\\\/uploads\\\/2013\\\/02\\\/foto-2013-02-15-entrega-maquinas-mda-02-420x278.jpg\"},{\"@type\":\"BreadcrumbList\",\"@id\":\"https:\\\/\\\/vanderloubet.com.br\\\/deputado\\\/pac-2-entrega-mais-cinco-retroescavadeiras-para-municipios-de-ms\\\/#breadcrumb\",\"itemListElement\":[{\"@type\":\"ListItem\",\"position\":1,\"name\":\"In\u00edcio\",\"item\":\"https:\\\/\\\/vanderloubet.com.br\\\/deputado\\\/\"},{\"@type\":\"ListItem\",\"position\":2,\"name\":\"PAC 2 entrega mais 5 retroescavadeiras para munic\u00edpios de MS\"}]},{\"@type\":\"WebSite\",\"@id\":\"https:\\\/\\\/vanderloubet.com.br\\\/deputado\\\/#website\",\"url\":\"https:\\\/\\\/vanderloubet.com.br\\\/deputado\\\/\",\"name\":\"Deputado Federal Vander Loubet\",\"description\":\"O Federal de MS\",\"publisher\":{\"@id\":\"https:\\\/\\\/vanderloubet.com.br\\\/deputado\\\/#organization\"},\"alternateName\":\"Deputado Vander\",\"potentialAction\":[{\"@type\":\"SearchAction\",\"target\":{\"@type\":\"EntryPoint\",\"urlTemplate\":\"https:\\\/\\\/vanderloubet.com.br\\\/deputado\\\/?s={search_term_string}\"},\"query-input\":{\"@type\":\"PropertyValueSpecification\",\"valueRequired\":true,\"valueName\":\"search_term_string\"}}],\"inLanguage\":\"pt-BR\"},{\"@type\":\"Organization\",\"@id\":\"https:\\\/\\\/vanderloubet.com.br\\\/deputado\\\/#organization\",\"name\":\"Deputado Federal Vander Loubet\",\"alternateName\":\"Deputado Vander\",\"url\":\"https:\\\/\\\/vanderloubet.com.br\\\/deputado\\\/\",\"logo\":{\"@type\":\"ImageObject\",\"inLanguage\":\"pt-BR\",\"@id\":\"https:\\\/\\\/vanderloubet.com.br\\\/deputado\\\/#\\\/schema\\\/logo\\\/image\\\/\",\"url\":\"https:\\\/\\\/vanderloubet.com.br\\\/deputado\\\/wp-content\\\/uploads\\\/2023\\\/06\\\/foto-2023-06-19-mandato-deputado-vander.jpg\",\"contentUrl\":\"https:\\\/\\\/vanderloubet.com.br\\\/deputado\\\/wp-content\\\/uploads\\\/2023\\\/06\\\/foto-2023-06-19-mandato-deputado-vander.jpg\",\"width\":1080,\"height\":1080,\"caption\":\"Deputado Federal Vander Loubet\"},\"image\":{\"@id\":\"https:\\\/\\\/vanderloubet.com.br\\\/deputado\\\/#\\\/schema\\\/logo\\\/image\\\/\"},\"sameAs\":[\"https:\\\/\\\/facebook.com\\\/deputadovander\",\"https:\\\/\\\/x.com\\\/vanderloubet\",\"https:\\\/\\\/instagram.com\\\/vanderloubet\",\"https:\\\/\\\/youtube.com\\\/vanderloubet\",\"https:\\\/\\\/tiktok.com\\\/@vanderloubetms\"]},{\"@type\":\"Person\",\"@id\":\"https:\\\/\\\/vanderloubet.com.br\\\/deputado\\\/#\\\/schema\\\/person\\\/15b51bd564532a8a68d9dec1b8eb890e\",\"name\":\"\u00c9der\",\"image\":{\"@type\":\"ImageObject\",\"inLanguage\":\"pt-BR\",\"@id\":\"https:\\\/\\\/vanderloubet.com.br\\\/deputado\\\/wp-content\\\/litespeed\\\/avatar\\\/88ca4090d9d5ab1c9495f6ca03b68efa.jpg?ver=1777058957\",\"url\":\"https:\\\/\\\/vanderloubet.com.br\\\/deputado\\\/wp-content\\\/litespeed\\\/avatar\\\/88ca4090d9d5ab1c9495f6ca03b68efa.jpg?ver=1777058957\",\"contentUrl\":\"https:\\\/\\\/vanderloubet.com.br\\\/deputado\\\/wp-content\\\/litespeed\\\/avatar\\\/88ca4090d9d5ab1c9495f6ca03b68efa.jpg?ver=1777058957\",\"caption\":\"\u00c9der\"}}]}<\/script>\n<!-- \/ Yoast SEO plugin. -->","yoast_head_json":{"title":"PAC 2 entrega mais 5 retroescavadeiras para munic\u00edpios de MS","robots":{"index":"index","follow":"follow","max-snippet":"max-snippet:-1","max-image-preview":"max-image-preview:large","max-video-preview":"max-video-preview:-1"},"canonical":"https:\/\/vanderloubet.com.br\/deputado\/pac-2-entrega-mais-cinco-retroescavadeiras-para-municipios-de-ms\/","og_locale":"pt_BR","og_type":"article","og_title":"PAC 2 entrega mais 5 retroescavadeiras para munic\u00edpios de MS","og_description":"O maquin\u00e1rio, viabilizado com apoio do deputado Vander, \u00e9 destinado para constru\u00e7\u00e3o e melhoria das estradas vicinais.","og_url":"https:\/\/vanderloubet.com.br\/deputado\/pac-2-entrega-mais-cinco-retroescavadeiras-para-municipios-de-ms\/","og_site_name":"Deputado Federal Vander Loubet","article_publisher":"https:\/\/facebook.com\/deputadovander","article_published_time":"2013-03-06T20:03:07+00:00","og_image":[{"url":"http:\/\/www.deputadovander.com.br\/website\/wp-content\/uploads\/2013\/02\/foto-2013-02-15-entrega-maquinas-mda-02-420x278.jpg","type":"","width":"","height":""}],"author":"\u00c9der","twitter_card":"summary_large_image","twitter_creator":"@vanderloubet","twitter_site":"@vanderloubet","schema":{"@context":"https:\/\/schema.org","@graph":[{"@type":"Article","@id":"https:\/\/vanderloubet.com.br\/deputado\/pac-2-entrega-mais-cinco-retroescavadeiras-para-municipios-de-ms\/#article","isPartOf":{"@id":"https:\/\/vanderloubet.com.br\/deputado\/pac-2-entrega-mais-cinco-retroescavadeiras-para-municipios-de-ms\/"},"author":{"name":"\u00c9der","@id":"https:\/\/vanderloubet.com.br\/deputado\/#\/schema\/person\/15b51bd564532a8a68d9dec1b8eb890e"},"headline":"PAC 2 entrega mais 5 retroescavadeiras para munic\u00edpios de MS","datePublished":"2013-03-06T20:03:07+00:00","mainEntityOfPage":{"@id":"https:\/\/vanderloubet.com.br\/deputado\/pac-2-entrega-mais-cinco-retroescavadeiras-para-municipios-de-ms\/"},"wordCount":422,"publisher":{"@id":"https:\/\/vanderloubet.com.br\/deputado\/#organization"},"image":{"@id":"https:\/\/vanderloubet.com.br\/deputado\/pac-2-entrega-mais-cinco-retroescavadeiras-para-municipios-de-ms\/#primaryimage"},"thumbnailUrl":"http:\/\/www.deputadovander.com.br\/website\/wp-content\/uploads\/2013\/02\/foto-2013-02-15-entrega-maquinas-mda-02-420x278.jpg","keywords":["agr\u00e1ria","agricultura","aquidauana","assentamento","caracol","estrada","familiar","lad\u00e1rio","mda","miranda","murtinho","pac","porto","reforma","retriescavadeira","vicinal"],"articleSection":["Not\u00edcias"],"inLanguage":"pt-BR"},{"@type":"WebPage","@id":"https:\/\/vanderloubet.com.br\/deputado\/pac-2-entrega-mais-cinco-retroescavadeiras-para-municipios-de-ms\/","url":"https:\/\/vanderloubet.com.br\/deputado\/pac-2-entrega-mais-cinco-retroescavadeiras-para-municipios-de-ms\/","name":"PAC 2 entrega mais 5 retroescavadeiras para munic\u00edpios de MS","isPartOf":{"@id":"https:\/\/vanderloubet.com.br\/deputado\/#website"},"primaryImageOfPage":{"@id":"https:\/\/vanderloubet.com.br\/deputado\/pac-2-entrega-mais-cinco-retroescavadeiras-para-municipios-de-ms\/#primaryimage"},"image":{"@id":"https:\/\/vanderloubet.com.br\/deputado\/pac-2-entrega-mais-cinco-retroescavadeiras-para-municipios-de-ms\/#primaryimage"},"thumbnailUrl":"http:\/\/www.deputadovander.com.br\/website\/wp-content\/uploads\/2013\/02\/foto-2013-02-15-entrega-maquinas-mda-02-420x278.jpg","datePublished":"2013-03-06T20:03:07+00:00","breadcrumb":{"@id":"https:\/\/vanderloubet.com.br\/deputado\/pac-2-entrega-mais-cinco-retroescavadeiras-para-municipios-de-ms\/#breadcrumb"},"inLanguage":"pt-BR","potentialAction":[{"@type":"ReadAction","target":["https:\/\/vanderloubet.com.br\/deputado\/pac-2-entrega-mais-cinco-retroescavadeiras-para-municipios-de-ms\/"]}]},{"@type":"ImageObject","inLanguage":"pt-BR","@id":"https:\/\/vanderloubet.com.br\/deputado\/pac-2-entrega-mais-cinco-retroescavadeiras-para-municipios-de-ms\/#primaryimage","url":"http:\/\/www.deputadovander.com.br\/website\/wp-content\/uploads\/2013\/02\/foto-2013-02-15-entrega-maquinas-mda-02-420x278.jpg","contentUrl":"http:\/\/www.deputadovander.com.br\/website\/wp-content\/uploads\/2013\/02\/foto-2013-02-15-entrega-maquinas-mda-02-420x278.jpg"},{"@type":"BreadcrumbList","@id":"https:\/\/vanderloubet.com.br\/deputado\/pac-2-entrega-mais-cinco-retroescavadeiras-para-municipios-de-ms\/#breadcrumb","itemListElement":[{"@type":"ListItem","position":1,"name":"In\u00edcio","item":"https:\/\/vanderloubet.com.br\/deputado\/"},{"@type":"ListItem","position":2,"name":"PAC 2 entrega mais 5 retroescavadeiras para munic\u00edpios de MS"}]},{"@type":"WebSite","@id":"https:\/\/vanderloubet.com.br\/deputado\/#website","url":"https:\/\/vanderloubet.com.br\/deputado\/","name":"Deputado Federal Vander Loubet","description":"O Federal de MS","publisher":{"@id":"https:\/\/vanderloubet.com.br\/deputado\/#organization"},"alternateName":"Deputado Vander","potentialAction":[{"@type":"SearchAction","target":{"@type":"EntryPoint","urlTemplate":"https:\/\/vanderloubet.com.br\/deputado\/?s={search_term_string}"},"query-input":{"@type":"PropertyValueSpecification","valueRequired":true,"valueName":"search_term_string"}}],"inLanguage":"pt-BR"},{"@type":"Organization","@id":"https:\/\/vanderloubet.com.br\/deputado\/#organization","name":"Deputado Federal Vander Loubet","alternateName":"Deputado Vander","url":"https:\/\/vanderloubet.com.br\/deputado\/","logo":{"@type":"ImageObject","inLanguage":"pt-BR","@id":"https:\/\/vanderloubet.com.br\/deputado\/#\/schema\/logo\/image\/","url":"https:\/\/vanderloubet.com.br\/deputado\/wp-content\/uploads\/2023\/06\/foto-2023-06-19-mandato-deputado-vander.jpg","contentUrl":"https:\/\/vanderloubet.com.br\/deputado\/wp-content\/uploads\/2023\/06\/foto-2023-06-19-mandato-deputado-vander.jpg","width":1080,"height":1080,"caption":"Deputado Federal Vander Loubet"},"image":{"@id":"https:\/\/vanderloubet.com.br\/deputado\/#\/schema\/logo\/image\/"},"sameAs":["https:\/\/facebook.com\/deputadovander","https:\/\/x.com\/vanderloubet","https:\/\/instagram.com\/vanderloubet","https:\/\/youtube.com\/vanderloubet","https:\/\/tiktok.com\/@vanderloubetms"]},{"@type":"Person","@id":"https:\/\/vanderloubet.com.br\/deputado\/#\/schema\/person\/15b51bd564532a8a68d9dec1b8eb890e","name":"\u00c9der","image":{"@type":"ImageObject","inLanguage":"pt-BR","@id":"https:\/\/vanderloubet.com.br\/deputado\/wp-content\/litespeed\/avatar\/88ca4090d9d5ab1c9495f6ca03b68efa.jpg?ver=1777058957","url":"https:\/\/vanderloubet.com.br\/deputado\/wp-content\/litespeed\/avatar\/88ca4090d9d5ab1c9495f6ca03b68efa.jpg?ver=1777058957","contentUrl":"https:\/\/vanderloubet.com.br\/deputado\/wp-content\/litespeed\/avatar\/88ca4090d9d5ab1c9495f6ca03b68efa.jpg?ver=1777058957","caption":"\u00c9der"}}]}},"jetpack_featured_media_url":"","jetpack_sharing_enabled":true,"_links":{"self":[{"href":"https:\/\/vanderloubet.com.br\/deputado\/wp-json\/wp\/v2\/posts\/6170","targetHints":{"allow":["GET"]}}],"collection":[{"href":"https:\/\/vanderloubet.com.br\/deputado\/wp-json\/wp\/v2\/posts"}],"about":[{"href":"https:\/\/vanderloubet.com.br\/deputado\/wp-json\/wp\/v2\/types\/post"}],"author":[{"embeddable":true,"href":"https:\/\/vanderloubet.com.br\/deputado\/wp-json\/wp\/v2\/users\/2"}],"replies":[{"embeddable":true,"href":"https:\/\/vanderloubet.com.br\/deputado\/wp-json\/wp\/v2\/comments?post=6170"}],"version-history":[{"count":0,"href":"https:\/\/vanderloubet.com.br\/deputado\/wp-json\/wp\/v2\/posts\/6170\/revisions"}],"wp:attachment":[{"href":"https:\/\/vanderloubet.com.br\/deputado\/wp-json\/wp\/v2\/media?parent=6170"}],"wp:term":[{"taxonomy":"category","embeddable":true,"href":"https:\/\/vanderloubet.com.br\/deputado\/wp-json\/wp\/v2\/categories?post=6170"},{"taxonomy":"post_tag","embeddable":true,"href":"https:\/\/vanderloubet.com.br\/deputado\/wp-json\/wp\/v2\/tags?post=6170"}],"curies":[{"name":"wp","href":"https:\/\/api.w.org\/{rel}","templated":true}]}}