{"id":6162,"date":"2013-03-06T15:07:35","date_gmt":"2013-03-06T18:07:35","guid":{"rendered":"http:\/\/www.deputadovander.com.br\/website\/?p=6162"},"modified":"2015-05-26T12:30:50","modified_gmt":"2015-05-26T15:30:50","slug":"governo-federal-anuncia-118-milhoes-para-vias-urbanas-em-8-municipios","status":"publish","type":"post","link":"https:\/\/vanderloubet.com.br\/deputado\/governo-federal-anuncia-118-milhoes-para-vias-urbanas-em-8-municipios\/","title":{"rendered":"Governo federal anuncia R$ 118,8 milh\u00f5es para vias urbanas em 8 munic\u00edpios"},"content":{"rendered":"<figure id=\"attachment_6163\" aria-describedby=\"caption-attachment-6163\" style=\"width: 420px\" class=\"wp-caption aligncenter\"><a href=\"http:\/\/www.deputadovander.com.br\/website\/wp-content\/uploads\/2013\/03\/foto-2013-03-06-pac2-qualificacao-vias-urbanas.jpg\" target=\"_blank\"><img decoding=\"async\" class=\"size-medium wp-image-6163 \" title=\"Recursos ser\u00e3o aplicados em pavimenta\u00e7\u00e3o, sinaliza\u00e7\u00e3o e outras melhorias\" alt=\"Recursos ser\u00e3o aplicados em pavimenta\u00e7\u00e3o, sinaliza\u00e7\u00e3o e outras melhorias\" src=\"http:\/\/www.deputadovander.com.br\/website\/wp-content\/uploads\/2013\/03\/foto-2013-03-06-pac2-qualificacao-vias-urbanas-420x280.jpg\" width=\"420\" height=\"280\" \/><\/a><figcaption id=\"caption-attachment-6163\" class=\"wp-caption-text\">Recursos ser\u00e3o aplicados em pavimenta\u00e7\u00e3o, sinaliza\u00e7\u00e3o e outras melhorias<\/figcaption><\/figure>\n<p>O governo federal publicou na edi\u00e7\u00e3o desta quarta-feira (6), do Di\u00e1rio Oficial da Uni\u00e3o (DOU), a rela\u00e7\u00e3o dos 9 munic\u00edpios sul-mato-grossenses contemplados na segunda etapa do Programa de Acelera\u00e7\u00e3o do Crescimento (PAC 2) de Qualifica\u00e7\u00e3o de Vias Urbanas. Al\u00e9m de Campo Grande, cujo valor final vai ser definido dentro de 15 dias, receber\u00e3o investimentos os munic\u00edpios de Dourados (R$ 49,9 milh\u00f5es), Aquidauana (R$ 12,8 milh\u00f5es), Coxim (R$ 19,8 milh\u00f5es), Maracaju (R$ 10 milh\u00f5es), Miranda (R$ 4,9 milh\u00f5es), Navira\u00ed (R$ 5,2 milh\u00f5es), Nova Andradina (R$ 8,6 milh\u00f5es) e Rio Brilhante (R$ 7,6 milh\u00f5es), totalizando R$ 118,8 milh\u00f5es somente para o interior do estado.<\/p>\n<p>&#8220;Esta \u00e9 uma grande vit\u00f3ria de todos n\u00f3s, em especial dos parlamentares do PT, eu e os deputados Vander [Loubet] e [Antonio Carlos] Biffi, que trabalhamos intensamente nos \u00faltimos meses junto ao Minist\u00e9rio das Cidades e \u00e0 Presid\u00eancia da Rep\u00fablica para que o maior n\u00famero poss\u00edvel de prefeituras fossem atendidas&#8221;, destacou o senador Delc\u00eddio do Amaral.<\/p>\n<figure id=\"attachment_4816\" aria-describedby=\"caption-attachment-4816\" style=\"width: 420px\" class=\"wp-caption aligncenter\"><a href=\"http:\/\/www.deputadovander.com.br\/website\/wp-content\/uploads\/2012\/04\/foto-2012-04-04-vander-delcidio-gleisi-ideli-920x4701.jpg\" target=\"_blank\"><img decoding=\"async\" class=\"size-medium wp-image-4816 \" title=\"Delcidio e Vander com ministras Gleisi e Ideli buscando recursos para MS\" alt=\"Delcidio e Vander com ministras Gleisi e Ideli buscando recursos para MS\" src=\"http:\/\/www.deputadovander.com.br\/website\/wp-content\/uploads\/2012\/04\/foto-2012-04-04-vander-delcidio-gleisi-ideli-920x4701-420x214.jpg\" width=\"420\" height=\"214\" \/><\/a><figcaption id=\"caption-attachment-4816\" class=\"wp-caption-text\">Delcidio e Vander com ministras Gleisi e Ideli buscando recursos para MS<\/figcaption><\/figure>\n<p>J\u00e1 o deputado federal Vander Loubet lembrou do grande trabalho realizado: &#8220;Acompanhamos os munic\u00edpios contemplados desde a elabora\u00e7\u00e3o dos projetos e tivemos muitas reuni\u00f5es com as equipes do governo federal. O resultado foi excelente. Os investimentos a serem feitos nas nove cidades v\u00e3o transformar a paisagem urbana, especialmente no interior&#8221;.<\/p>\n<p>Os recursos do PAC 2 de Qualifica\u00e7\u00e3o de Vias Urbanas ser\u00e3o investidos em pavimenta\u00e7\u00e3o, sinaliza\u00e7\u00e3o, cria\u00e7\u00e3o de corredores de transporte coletivo e implanta\u00e7\u00e3o de travessias para dar mais seguran\u00e7a ao tr\u00e1fego de pedestres e ve\u00edculos.<\/p>\n<p><span style=\"font-size: 11px;\">(\u00c9der Yanaguita &#8211; Assessoria\/Deputado Vander, com informa\u00e7\u00f5es da Assessoria\/Senador Delc\u00eddio)<\/span><\/p>\n","protected":false},"excerpt":{"rendered":"<p>Delc\u00eddio e Vander, que ajudaram a viabilizar o investimento, comemoraram a inclus\u00e3o das cidades no PAC 2.<\/p>\n","protected":false},"author":2,"featured_media":0,"comment_status":"closed","ping_status":"open","sticky":false,"template":"","format":"standard","meta":{"jetpack_post_was_ever_published":false,"_jetpack_newsletter_access":"","_jetpack_dont_email_post_to_subs":false,"_jetpack_newsletter_tier_id":0,"_jetpack_memberships_contains_paywalled_content":false,"_jetpack_memberships_contains_paid_content":false,"footnotes":""},"categories":[2097,10],"tags":[1446,2153,2152,1848,2154],"class_list":{"0":"post-6162","1":"post","2":"type-post","3":"status-publish","4":"format-standard","6":"category-municipios-noticias","7":"category-noticias","8":"tag-pac-2","9":"tag-pavimentacao-asfaltica","10":"tag-qualificacao-de-vias-urbanas","11":"tag-sinalizacao","12":"tag-transporte-coletivo"},"yoast_head":"<!-- This site is optimized with the Yoast SEO plugin v27.4 - https:\/\/yoast.com\/product\/yoast-seo-wordpress\/ -->\n<title>Governo federal anuncia R$ 118,8 milh\u00f5es para vias urbanas em 8 munic\u00edpios<\/title>\n<meta name=\"robots\" content=\"index, follow, max-snippet:-1, max-image-preview:large, max-video-preview:-1\" \/>\n<link rel=\"canonical\" href=\"https:\/\/vanderloubet.com.br\/deputado\/governo-federal-anuncia-118-milhoes-para-vias-urbanas-em-8-municipios\/\" \/>\n<meta property=\"og:locale\" content=\"pt_BR\" \/>\n<meta property=\"og:type\" content=\"article\" \/>\n<meta property=\"og:title\" content=\"Governo federal anuncia R$ 118,8 milh\u00f5es para vias urbanas em 8 munic\u00edpios\" \/>\n<meta property=\"og:description\" content=\"Delc\u00eddio e Vander, que ajudaram a viabilizar o investimento, comemoraram a inclus\u00e3o das cidades no PAC 2.\" \/>\n<meta property=\"og:url\" content=\"https:\/\/vanderloubet.com.br\/deputado\/governo-federal-anuncia-118-milhoes-para-vias-urbanas-em-8-municipios\/\" \/>\n<meta property=\"og:site_name\" content=\"Deputado Federal Vander Loubet\" \/>\n<meta property=\"article:publisher\" content=\"https:\/\/facebook.com\/deputadovander\" \/>\n<meta property=\"article:published_time\" content=\"2013-03-06T18:07:35+00:00\" \/>\n<meta property=\"article:modified_time\" content=\"2015-05-26T15:30:50+00:00\" \/>\n<meta property=\"og:image\" content=\"http:\/\/www.deputadovander.com.br\/website\/wp-content\/uploads\/2013\/03\/foto-2013-03-06-pac2-qualificacao-vias-urbanas-420x280.jpg\" \/>\n<meta name=\"author\" content=\"\u00c9der\" \/>\n<meta name=\"twitter:card\" content=\"summary_large_image\" \/>\n<meta name=\"twitter:creator\" content=\"@vanderloubet\" \/>\n<meta name=\"twitter:site\" content=\"@vanderloubet\" \/>\n<script type=\"application\/ld+json\" class=\"yoast-schema-graph\">{\"@context\":\"https:\\\/\\\/schema.org\",\"@graph\":[{\"@type\":\"Article\",\"@id\":\"https:\\\/\\\/vanderloubet.com.br\\\/deputado\\\/governo-federal-anuncia-118-milhoes-para-vias-urbanas-em-8-municipios\\\/#article\",\"isPartOf\":{\"@id\":\"https:\\\/\\\/vanderloubet.com.br\\\/deputado\\\/governo-federal-anuncia-118-milhoes-para-vias-urbanas-em-8-municipios\\\/\"},\"author\":{\"name\":\"\u00c9der\",\"@id\":\"https:\\\/\\\/vanderloubet.com.br\\\/deputado\\\/#\\\/schema\\\/person\\\/15b51bd564532a8a68d9dec1b8eb890e\"},\"headline\":\"Governo federal anuncia R$ 118,8 milh\u00f5es para vias urbanas em 8 munic\u00edpios\",\"datePublished\":\"2013-03-06T18:07:35+00:00\",\"dateModified\":\"2015-05-26T15:30:50+00:00\",\"mainEntityOfPage\":{\"@id\":\"https:\\\/\\\/vanderloubet.com.br\\\/deputado\\\/governo-federal-anuncia-118-milhoes-para-vias-urbanas-em-8-municipios\\\/\"},\"wordCount\":331,\"publisher\":{\"@id\":\"https:\\\/\\\/vanderloubet.com.br\\\/deputado\\\/#organization\"},\"image\":{\"@id\":\"https:\\\/\\\/vanderloubet.com.br\\\/deputado\\\/governo-federal-anuncia-118-milhoes-para-vias-urbanas-em-8-municipios\\\/#primaryimage\"},\"thumbnailUrl\":\"http:\\\/\\\/www.deputadovander.com.br\\\/website\\\/wp-content\\\/uploads\\\/2013\\\/03\\\/foto-2013-03-06-pac2-qualificacao-vias-urbanas-420x280.jpg\",\"keywords\":[\"pac 2\",\"pavimenta\u00e7\u00e3o asf\u00e1ltica\",\"qualifica\u00e7\u00e3o de vias urbanas\",\"sinaliza\u00e7\u00e3o\",\"transporte coletivo\"],\"articleSection\":[\"Munic\u00edpios\",\"Not\u00edcias\"],\"inLanguage\":\"pt-BR\"},{\"@type\":\"WebPage\",\"@id\":\"https:\\\/\\\/vanderloubet.com.br\\\/deputado\\\/governo-federal-anuncia-118-milhoes-para-vias-urbanas-em-8-municipios\\\/\",\"url\":\"https:\\\/\\\/vanderloubet.com.br\\\/deputado\\\/governo-federal-anuncia-118-milhoes-para-vias-urbanas-em-8-municipios\\\/\",\"name\":\"Governo federal anuncia R$ 118,8 milh\u00f5es para vias urbanas em 8 munic\u00edpios\",\"isPartOf\":{\"@id\":\"https:\\\/\\\/vanderloubet.com.br\\\/deputado\\\/#website\"},\"primaryImageOfPage\":{\"@id\":\"https:\\\/\\\/vanderloubet.com.br\\\/deputado\\\/governo-federal-anuncia-118-milhoes-para-vias-urbanas-em-8-municipios\\\/#primaryimage\"},\"image\":{\"@id\":\"https:\\\/\\\/vanderloubet.com.br\\\/deputado\\\/governo-federal-anuncia-118-milhoes-para-vias-urbanas-em-8-municipios\\\/#primaryimage\"},\"thumbnailUrl\":\"http:\\\/\\\/www.deputadovander.com.br\\\/website\\\/wp-content\\\/uploads\\\/2013\\\/03\\\/foto-2013-03-06-pac2-qualificacao-vias-urbanas-420x280.jpg\",\"datePublished\":\"2013-03-06T18:07:35+00:00\",\"dateModified\":\"2015-05-26T15:30:50+00:00\",\"breadcrumb\":{\"@id\":\"https:\\\/\\\/vanderloubet.com.br\\\/deputado\\\/governo-federal-anuncia-118-milhoes-para-vias-urbanas-em-8-municipios\\\/#breadcrumb\"},\"inLanguage\":\"pt-BR\",\"potentialAction\":[{\"@type\":\"ReadAction\",\"target\":[\"https:\\\/\\\/vanderloubet.com.br\\\/deputado\\\/governo-federal-anuncia-118-milhoes-para-vias-urbanas-em-8-municipios\\\/\"]}]},{\"@type\":\"ImageObject\",\"inLanguage\":\"pt-BR\",\"@id\":\"https:\\\/\\\/vanderloubet.com.br\\\/deputado\\\/governo-federal-anuncia-118-milhoes-para-vias-urbanas-em-8-municipios\\\/#primaryimage\",\"url\":\"http:\\\/\\\/www.deputadovander.com.br\\\/website\\\/wp-content\\\/uploads\\\/2013\\\/03\\\/foto-2013-03-06-pac2-qualificacao-vias-urbanas-420x280.jpg\",\"contentUrl\":\"http:\\\/\\\/www.deputadovander.com.br\\\/website\\\/wp-content\\\/uploads\\\/2013\\\/03\\\/foto-2013-03-06-pac2-qualificacao-vias-urbanas-420x280.jpg\"},{\"@type\":\"BreadcrumbList\",\"@id\":\"https:\\\/\\\/vanderloubet.com.br\\\/deputado\\\/governo-federal-anuncia-118-milhoes-para-vias-urbanas-em-8-municipios\\\/#breadcrumb\",\"itemListElement\":[{\"@type\":\"ListItem\",\"position\":1,\"name\":\"In\u00edcio\",\"item\":\"https:\\\/\\\/vanderloubet.com.br\\\/deputado\\\/\"},{\"@type\":\"ListItem\",\"position\":2,\"name\":\"Governo federal anuncia R$ 118,8 milh\u00f5es para vias urbanas em 8 munic\u00edpios\"}]},{\"@type\":\"WebSite\",\"@id\":\"https:\\\/\\\/vanderloubet.com.br\\\/deputado\\\/#website\",\"url\":\"https:\\\/\\\/vanderloubet.com.br\\\/deputado\\\/\",\"name\":\"Deputado Federal Vander Loubet\",\"description\":\"O Federal de MS\",\"publisher\":{\"@id\":\"https:\\\/\\\/vanderloubet.com.br\\\/deputado\\\/#organization\"},\"alternateName\":\"Deputado Vander\",\"potentialAction\":[{\"@type\":\"SearchAction\",\"target\":{\"@type\":\"EntryPoint\",\"urlTemplate\":\"https:\\\/\\\/vanderloubet.com.br\\\/deputado\\\/?s={search_term_string}\"},\"query-input\":{\"@type\":\"PropertyValueSpecification\",\"valueRequired\":true,\"valueName\":\"search_term_string\"}}],\"inLanguage\":\"pt-BR\"},{\"@type\":\"Organization\",\"@id\":\"https:\\\/\\\/vanderloubet.com.br\\\/deputado\\\/#organization\",\"name\":\"Deputado Federal Vander Loubet\",\"alternateName\":\"Deputado Vander\",\"url\":\"https:\\\/\\\/vanderloubet.com.br\\\/deputado\\\/\",\"logo\":{\"@type\":\"ImageObject\",\"inLanguage\":\"pt-BR\",\"@id\":\"https:\\\/\\\/vanderloubet.com.br\\\/deputado\\\/#\\\/schema\\\/logo\\\/image\\\/\",\"url\":\"https:\\\/\\\/vanderloubet.com.br\\\/deputado\\\/wp-content\\\/uploads\\\/2023\\\/06\\\/foto-2023-06-19-mandato-deputado-vander.jpg\",\"contentUrl\":\"https:\\\/\\\/vanderloubet.com.br\\\/deputado\\\/wp-content\\\/uploads\\\/2023\\\/06\\\/foto-2023-06-19-mandato-deputado-vander.jpg\",\"width\":1080,\"height\":1080,\"caption\":\"Deputado Federal Vander Loubet\"},\"image\":{\"@id\":\"https:\\\/\\\/vanderloubet.com.br\\\/deputado\\\/#\\\/schema\\\/logo\\\/image\\\/\"},\"sameAs\":[\"https:\\\/\\\/facebook.com\\\/deputadovander\",\"https:\\\/\\\/x.com\\\/vanderloubet\",\"https:\\\/\\\/instagram.com\\\/vanderloubet\",\"https:\\\/\\\/youtube.com\\\/vanderloubet\",\"https:\\\/\\\/tiktok.com\\\/@vanderloubetms\"]},{\"@type\":\"Person\",\"@id\":\"https:\\\/\\\/vanderloubet.com.br\\\/deputado\\\/#\\\/schema\\\/person\\\/15b51bd564532a8a68d9dec1b8eb890e\",\"name\":\"\u00c9der\",\"image\":{\"@type\":\"ImageObject\",\"inLanguage\":\"pt-BR\",\"@id\":\"https:\\\/\\\/vanderloubet.com.br\\\/deputado\\\/wp-content\\\/litespeed\\\/avatar\\\/88ca4090d9d5ab1c9495f6ca03b68efa.jpg?ver=1777058957\",\"url\":\"https:\\\/\\\/vanderloubet.com.br\\\/deputado\\\/wp-content\\\/litespeed\\\/avatar\\\/88ca4090d9d5ab1c9495f6ca03b68efa.jpg?ver=1777058957\",\"contentUrl\":\"https:\\\/\\\/vanderloubet.com.br\\\/deputado\\\/wp-content\\\/litespeed\\\/avatar\\\/88ca4090d9d5ab1c9495f6ca03b68efa.jpg?ver=1777058957\",\"caption\":\"\u00c9der\"}}]}<\/script>\n<!-- \/ Yoast SEO plugin. -->","yoast_head_json":{"title":"Governo federal anuncia R$ 118,8 milh\u00f5es para vias urbanas em 8 munic\u00edpios","robots":{"index":"index","follow":"follow","max-snippet":"max-snippet:-1","max-image-preview":"max-image-preview:large","max-video-preview":"max-video-preview:-1"},"canonical":"https:\/\/vanderloubet.com.br\/deputado\/governo-federal-anuncia-118-milhoes-para-vias-urbanas-em-8-municipios\/","og_locale":"pt_BR","og_type":"article","og_title":"Governo federal anuncia R$ 118,8 milh\u00f5es para vias urbanas em 8 munic\u00edpios","og_description":"Delc\u00eddio e Vander, que ajudaram a viabilizar o investimento, comemoraram a inclus\u00e3o das cidades no PAC 2.","og_url":"https:\/\/vanderloubet.com.br\/deputado\/governo-federal-anuncia-118-milhoes-para-vias-urbanas-em-8-municipios\/","og_site_name":"Deputado Federal Vander Loubet","article_publisher":"https:\/\/facebook.com\/deputadovander","article_published_time":"2013-03-06T18:07:35+00:00","article_modified_time":"2015-05-26T15:30:50+00:00","og_image":[{"url":"http:\/\/www.deputadovander.com.br\/website\/wp-content\/uploads\/2013\/03\/foto-2013-03-06-pac2-qualificacao-vias-urbanas-420x280.jpg","type":"","width":"","height":""}],"author":"\u00c9der","twitter_card":"summary_large_image","twitter_creator":"@vanderloubet","twitter_site":"@vanderloubet","schema":{"@context":"https:\/\/schema.org","@graph":[{"@type":"Article","@id":"https:\/\/vanderloubet.com.br\/deputado\/governo-federal-anuncia-118-milhoes-para-vias-urbanas-em-8-municipios\/#article","isPartOf":{"@id":"https:\/\/vanderloubet.com.br\/deputado\/governo-federal-anuncia-118-milhoes-para-vias-urbanas-em-8-municipios\/"},"author":{"name":"\u00c9der","@id":"https:\/\/vanderloubet.com.br\/deputado\/#\/schema\/person\/15b51bd564532a8a68d9dec1b8eb890e"},"headline":"Governo federal anuncia R$ 118,8 milh\u00f5es para vias urbanas em 8 munic\u00edpios","datePublished":"2013-03-06T18:07:35+00:00","dateModified":"2015-05-26T15:30:50+00:00","mainEntityOfPage":{"@id":"https:\/\/vanderloubet.com.br\/deputado\/governo-federal-anuncia-118-milhoes-para-vias-urbanas-em-8-municipios\/"},"wordCount":331,"publisher":{"@id":"https:\/\/vanderloubet.com.br\/deputado\/#organization"},"image":{"@id":"https:\/\/vanderloubet.com.br\/deputado\/governo-federal-anuncia-118-milhoes-para-vias-urbanas-em-8-municipios\/#primaryimage"},"thumbnailUrl":"http:\/\/www.deputadovander.com.br\/website\/wp-content\/uploads\/2013\/03\/foto-2013-03-06-pac2-qualificacao-vias-urbanas-420x280.jpg","keywords":["pac 2","pavimenta\u00e7\u00e3o asf\u00e1ltica","qualifica\u00e7\u00e3o de vias urbanas","sinaliza\u00e7\u00e3o","transporte coletivo"],"articleSection":["Munic\u00edpios","Not\u00edcias"],"inLanguage":"pt-BR"},{"@type":"WebPage","@id":"https:\/\/vanderloubet.com.br\/deputado\/governo-federal-anuncia-118-milhoes-para-vias-urbanas-em-8-municipios\/","url":"https:\/\/vanderloubet.com.br\/deputado\/governo-federal-anuncia-118-milhoes-para-vias-urbanas-em-8-municipios\/","name":"Governo federal anuncia R$ 118,8 milh\u00f5es para vias urbanas em 8 munic\u00edpios","isPartOf":{"@id":"https:\/\/vanderloubet.com.br\/deputado\/#website"},"primaryImageOfPage":{"@id":"https:\/\/vanderloubet.com.br\/deputado\/governo-federal-anuncia-118-milhoes-para-vias-urbanas-em-8-municipios\/#primaryimage"},"image":{"@id":"https:\/\/vanderloubet.com.br\/deputado\/governo-federal-anuncia-118-milhoes-para-vias-urbanas-em-8-municipios\/#primaryimage"},"thumbnailUrl":"http:\/\/www.deputadovander.com.br\/website\/wp-content\/uploads\/2013\/03\/foto-2013-03-06-pac2-qualificacao-vias-urbanas-420x280.jpg","datePublished":"2013-03-06T18:07:35+00:00","dateModified":"2015-05-26T15:30:50+00:00","breadcrumb":{"@id":"https:\/\/vanderloubet.com.br\/deputado\/governo-federal-anuncia-118-milhoes-para-vias-urbanas-em-8-municipios\/#breadcrumb"},"inLanguage":"pt-BR","potentialAction":[{"@type":"ReadAction","target":["https:\/\/vanderloubet.com.br\/deputado\/governo-federal-anuncia-118-milhoes-para-vias-urbanas-em-8-municipios\/"]}]},{"@type":"ImageObject","inLanguage":"pt-BR","@id":"https:\/\/vanderloubet.com.br\/deputado\/governo-federal-anuncia-118-milhoes-para-vias-urbanas-em-8-municipios\/#primaryimage","url":"http:\/\/www.deputadovander.com.br\/website\/wp-content\/uploads\/2013\/03\/foto-2013-03-06-pac2-qualificacao-vias-urbanas-420x280.jpg","contentUrl":"http:\/\/www.deputadovander.com.br\/website\/wp-content\/uploads\/2013\/03\/foto-2013-03-06-pac2-qualificacao-vias-urbanas-420x280.jpg"},{"@type":"BreadcrumbList","@id":"https:\/\/vanderloubet.com.br\/deputado\/governo-federal-anuncia-118-milhoes-para-vias-urbanas-em-8-municipios\/#breadcrumb","itemListElement":[{"@type":"ListItem","position":1,"name":"In\u00edcio","item":"https:\/\/vanderloubet.com.br\/deputado\/"},{"@type":"ListItem","position":2,"name":"Governo federal anuncia R$ 118,8 milh\u00f5es para vias urbanas em 8 munic\u00edpios"}]},{"@type":"WebSite","@id":"https:\/\/vanderloubet.com.br\/deputado\/#website","url":"https:\/\/vanderloubet.com.br\/deputado\/","name":"Deputado Federal Vander Loubet","description":"O Federal de MS","publisher":{"@id":"https:\/\/vanderloubet.com.br\/deputado\/#organization"},"alternateName":"Deputado Vander","potentialAction":[{"@type":"SearchAction","target":{"@type":"EntryPoint","urlTemplate":"https:\/\/vanderloubet.com.br\/deputado\/?s={search_term_string}"},"query-input":{"@type":"PropertyValueSpecification","valueRequired":true,"valueName":"search_term_string"}}],"inLanguage":"pt-BR"},{"@type":"Organization","@id":"https:\/\/vanderloubet.com.br\/deputado\/#organization","name":"Deputado Federal Vander Loubet","alternateName":"Deputado Vander","url":"https:\/\/vanderloubet.com.br\/deputado\/","logo":{"@type":"ImageObject","inLanguage":"pt-BR","@id":"https:\/\/vanderloubet.com.br\/deputado\/#\/schema\/logo\/image\/","url":"https:\/\/vanderloubet.com.br\/deputado\/wp-content\/uploads\/2023\/06\/foto-2023-06-19-mandato-deputado-vander.jpg","contentUrl":"https:\/\/vanderloubet.com.br\/deputado\/wp-content\/uploads\/2023\/06\/foto-2023-06-19-mandato-deputado-vander.jpg","width":1080,"height":1080,"caption":"Deputado Federal Vander Loubet"},"image":{"@id":"https:\/\/vanderloubet.com.br\/deputado\/#\/schema\/logo\/image\/"},"sameAs":["https:\/\/facebook.com\/deputadovander","https:\/\/x.com\/vanderloubet","https:\/\/instagram.com\/vanderloubet","https:\/\/youtube.com\/vanderloubet","https:\/\/tiktok.com\/@vanderloubetms"]},{"@type":"Person","@id":"https:\/\/vanderloubet.com.br\/deputado\/#\/schema\/person\/15b51bd564532a8a68d9dec1b8eb890e","name":"\u00c9der","image":{"@type":"ImageObject","inLanguage":"pt-BR","@id":"https:\/\/vanderloubet.com.br\/deputado\/wp-content\/litespeed\/avatar\/88ca4090d9d5ab1c9495f6ca03b68efa.jpg?ver=1777058957","url":"https:\/\/vanderloubet.com.br\/deputado\/wp-content\/litespeed\/avatar\/88ca4090d9d5ab1c9495f6ca03b68efa.jpg?ver=1777058957","contentUrl":"https:\/\/vanderloubet.com.br\/deputado\/wp-content\/litespeed\/avatar\/88ca4090d9d5ab1c9495f6ca03b68efa.jpg?ver=1777058957","caption":"\u00c9der"}}]}},"jetpack_featured_media_url":"","jetpack_sharing_enabled":true,"_links":{"self":[{"href":"https:\/\/vanderloubet.com.br\/deputado\/wp-json\/wp\/v2\/posts\/6162","targetHints":{"allow":["GET"]}}],"collection":[{"href":"https:\/\/vanderloubet.com.br\/deputado\/wp-json\/wp\/v2\/posts"}],"about":[{"href":"https:\/\/vanderloubet.com.br\/deputado\/wp-json\/wp\/v2\/types\/post"}],"author":[{"embeddable":true,"href":"https:\/\/vanderloubet.com.br\/deputado\/wp-json\/wp\/v2\/users\/2"}],"replies":[{"embeddable":true,"href":"https:\/\/vanderloubet.com.br\/deputado\/wp-json\/wp\/v2\/comments?post=6162"}],"version-history":[{"count":0,"href":"https:\/\/vanderloubet.com.br\/deputado\/wp-json\/wp\/v2\/posts\/6162\/revisions"}],"wp:attachment":[{"href":"https:\/\/vanderloubet.com.br\/deputado\/wp-json\/wp\/v2\/media?parent=6162"}],"wp:term":[{"taxonomy":"category","embeddable":true,"href":"https:\/\/vanderloubet.com.br\/deputado\/wp-json\/wp\/v2\/categories?post=6162"},{"taxonomy":"post_tag","embeddable":true,"href":"https:\/\/vanderloubet.com.br\/deputado\/wp-json\/wp\/v2\/tags?post=6162"}],"curies":[{"name":"wp","href":"https:\/\/api.w.org\/{rel}","templated":true}]}}