{"id":6153,"date":"2013-03-04T09:26:26","date_gmt":"2013-03-04T13:26:26","guid":{"rendered":"http:\/\/www.deputadovander.com.br\/website\/?p=6153"},"modified":"2015-02-13T23:57:49","modified_gmt":"2015-02-14T02:57:49","slug":"em-pauta-menos-impostos","status":"publish","type":"post","link":"https:\/\/vanderloubet.com.br\/deputado\/em-pauta-menos-impostos\/","title":{"rendered":"Em pauta, menos impostos"},"content":{"rendered":"<figure id=\"attachment_8975\" aria-describedby=\"caption-attachment-8975\" style=\"width: 700px\" class=\"wp-caption alignnone\"><img decoding=\"async\" class=\"wp-image-8975 size-large\" title=\"Ainda em 2011, Dilma anunciou desonera\u00e7\u00f5es na folha de pagamento\" src=\"http:\/\/vanderloubet.com.br\/deputado\/wp-content\/uploads\/2013\/03\/foto-2013-03-04-dilma-brasil-maior-700x467.jpg\" alt=\"Ainda em 2011, Dilma anunciou desonera\u00e7\u00f5es na folha de pagamento\" width=\"700\" height=\"467\" srcset=\"https:\/\/vanderloubet.com.br\/deputado\/wp-content\/uploads\/2013\/03\/foto-2013-03-04-dilma-brasil-maior-700x467.jpg 700w, https:\/\/vanderloubet.com.br\/deputado\/wp-content\/uploads\/2013\/03\/foto-2013-03-04-dilma-brasil-maior-350x233.jpg 350w, https:\/\/vanderloubet.com.br\/deputado\/wp-content\/uploads\/2013\/03\/foto-2013-03-04-dilma-brasil-maior-768x512.jpg 768w, https:\/\/vanderloubet.com.br\/deputado\/wp-content\/uploads\/2013\/03\/foto-2013-03-04-dilma-brasil-maior-630x420.jpg 630w, https:\/\/vanderloubet.com.br\/deputado\/wp-content\/uploads\/2013\/03\/foto-2013-03-04-dilma-brasil-maior-696x464.jpg 696w, https:\/\/vanderloubet.com.br\/deputado\/wp-content\/uploads\/2013\/03\/foto-2013-03-04-dilma-brasil-maior.jpg 900w\" sizes=\"(max-width: 700px) 100vw, 700px\" \/><figcaption id=\"caption-attachment-8975\" class=\"wp-caption-text\">Ainda em 2011, Dilma anunciou desonera\u00e7\u00f5es na folha de pagamento<\/figcaption><\/figure>\n<p><em>Vander Loubet*<\/em><\/p>\n<p>\u00c9 quase uma unanimidade nacional a percep\u00e7\u00e3o por parte dos contribuintes brasileiros de que pagamos muitos impostos. A maioria dos estudos indica que algo entre 35% e 40% do PIB brasileiro \u00e9 resultado de incid\u00eancia tribut\u00e1ria. Acrescente-se a isso que o sistema tribut\u00e1rio nacional \u00e9 complexo, engenhoso e de dif\u00edcil compreens\u00e3o para a grande massa da popula\u00e7\u00e3o.<\/p>\n<p>A partir do governo do ex-presidente Lula, passamos a ter uma preocupa\u00e7\u00e3o com a redu\u00e7\u00e3o da carga tribut\u00e1ria, apesar da complexidade do tema. E essa preocupa\u00e7\u00e3o se manifestou na pr\u00e1tica. Come\u00e7ou com a redu\u00e7\u00e3o do Imposto sobre Produtos Industrializados (IPI) sobre a chamada linha branca (geladeiras e fog\u00f5es), sobre materiais de constru\u00e7\u00e3o e sobre autom\u00f3veis, cadeias produtivas de grande impacto na economia. Com a ascens\u00e3o de Dilma \u00e0 Presid\u00eancia, essa pol\u00edtica de redu\u00e7\u00e3o tribut\u00e1ria se manteve e atingiu a folha de pagamento dos trabalhadores de diversos setores, a energia el\u00e9trica e as micro e pequenas empresas (Supersimples).<\/p>\n<p>Por outro lado, em Mato Grosso do Sul, no \u00e2mbito do governo do Estado, n\u00e3o conseguimos ver qualquer movimento na dire\u00e7\u00e3o da redu\u00e7\u00e3o da carga tribut\u00e1ria para a popula\u00e7\u00e3o. Muito pelo contr\u00e1rio, continuamos a praticar uma carga nos limites. E essa sanha arrecadadora do Executivo estadual pode ser comprovada de diversas maneiras.<\/p>\n<p>Em meados de 2011, por exemplo, contrariando todas as tend\u00eancias do com\u00e9rcio global e a pr\u00f3pria legisla\u00e7\u00e3o nacional, a Fazenda estadual passou a taxar em 10% as compras de sul-mato-grossenses feitas pela internet. Al\u00e9m disso, contrariando uma lei federal, o governo do Estado est\u00e1 cobrando pela emiss\u00e3o da primeira via da carteira de identidade em Mato Grosso do Sul.<\/p>\n<p>Ainda mais emblem\u00e1tico, temos o caso da pauta fiscal do etanol produzido pelas usinas em nosso estado, que faz com que o pre\u00e7o do produto vendido aqui seja um dos mais caros do Brasil, algo dif\u00edcil de entender j\u00e1 que Mato Grosso do Sul possui dezenas de usinas, \u00e9 o quinto maior produtor nacional de cana-de-a\u00e7\u00facar e o terceiro maior produtor nacional de etanol.<\/p>\n<p>\u00c9 fundamental que o governo do Estado entenda que a conjuntura nacional criada por Lula e Dilma aponta para a necessidade de diminuir o peso dos impostos sobre a popula\u00e7\u00e3o e as empresas. Trata-se de um tema que deve come\u00e7ar a ser debatido desde j\u00e1 em Mato Grosso do Sul e que com certeza ter\u00e1 destaque nas elei\u00e7\u00f5es de 2014.<\/p>\n<p>Reduzir impostos significa mais dinheiro para as fam\u00edlias consumirem, significa melhoria da qualidade de vida das pessoas. Diminuir impostos estimula a gera\u00e7\u00e3o de empregos. E mais empregos significa mais desenvolvimento.<\/p>\n<p><em>*Deputado Federal (PT-MS)<\/em><\/p>\n","protected":false},"excerpt":{"rendered":"<p>Neste artigo, Vander Loubet aborda a pol\u00edtica nacional de redu\u00e7\u00e3o de tributos para estimular o crescimento da economia e a falta de uma pol\u00edtica estadual semelhante.<\/p>\n","protected":false},"author":2,"featured_media":8975,"comment_status":"closed","ping_status":"open","sticky":false,"template":"","format":"standard","meta":{"jetpack_post_was_ever_published":false,"_jetpack_newsletter_access":"","_jetpack_dont_email_post_to_subs":false,"_jetpack_newsletter_tier_id":0,"_jetpack_memberships_contains_paywalled_content":false,"_jetpack_memberships_contains_paid_content":false,"footnotes":""},"categories":[11],"tags":[2259],"class_list":{"0":"post-6153","1":"post","2":"type-post","3":"status-publish","4":"format-standard","5":"has-post-thumbnail","7":"category-opinioes","8":"tag-tributos-e-impostos"},"yoast_head":"<!-- This site is optimized with the Yoast SEO plugin v27.4 - https:\/\/yoast.com\/product\/yoast-seo-wordpress\/ -->\n<title>Em pauta, menos impostos<\/title>\n<meta name=\"robots\" content=\"index, follow, max-snippet:-1, max-image-preview:large, max-video-preview:-1\" \/>\n<link rel=\"canonical\" href=\"https:\/\/vanderloubet.com.br\/deputado\/em-pauta-menos-impostos\/\" \/>\n<meta property=\"og:locale\" content=\"pt_BR\" \/>\n<meta property=\"og:type\" content=\"article\" \/>\n<meta property=\"og:title\" content=\"Em pauta, menos impostos\" \/>\n<meta property=\"og:description\" content=\"Neste artigo, Vander Loubet aborda a pol\u00edtica nacional de redu\u00e7\u00e3o de tributos para estimular o crescimento da economia e a falta de uma pol\u00edtica estadual semelhante.\" \/>\n<meta property=\"og:url\" content=\"https:\/\/vanderloubet.com.br\/deputado\/em-pauta-menos-impostos\/\" \/>\n<meta property=\"og:site_name\" content=\"Deputado Federal Vander Loubet\" \/>\n<meta property=\"article:publisher\" content=\"https:\/\/facebook.com\/deputadovander\" \/>\n<meta property=\"article:published_time\" content=\"2013-03-04T13:26:26+00:00\" \/>\n<meta property=\"article:modified_time\" content=\"2015-02-14T02:57:49+00:00\" \/>\n<meta property=\"og:image\" content=\"https:\/\/vanderloubet.com.br\/deputado\/wp-content\/uploads\/2013\/03\/foto-2013-03-04-dilma-brasil-maior.jpg\" \/>\n\t<meta property=\"og:image:width\" content=\"1200\" \/>\n\t<meta property=\"og:image:height\" content=\"800\" \/>\n\t<meta property=\"og:image:type\" content=\"image\/jpeg\" \/>\n<meta name=\"author\" content=\"\u00c9der\" \/>\n<meta name=\"twitter:card\" content=\"summary_large_image\" \/>\n<meta name=\"twitter:creator\" content=\"@vanderloubet\" \/>\n<meta name=\"twitter:site\" content=\"@vanderloubet\" \/>\n<script type=\"application\/ld+json\" class=\"yoast-schema-graph\">{\"@context\":\"https:\\\/\\\/schema.org\",\"@graph\":[{\"@type\":\"Article\",\"@id\":\"https:\\\/\\\/vanderloubet.com.br\\\/deputado\\\/em-pauta-menos-impostos\\\/#article\",\"isPartOf\":{\"@id\":\"https:\\\/\\\/vanderloubet.com.br\\\/deputado\\\/em-pauta-menos-impostos\\\/\"},\"author\":{\"name\":\"\u00c9der\",\"@id\":\"https:\\\/\\\/vanderloubet.com.br\\\/deputado\\\/#\\\/schema\\\/person\\\/15b51bd564532a8a68d9dec1b8eb890e\"},\"headline\":\"Em pauta, menos impostos\",\"datePublished\":\"2013-03-04T13:26:26+00:00\",\"dateModified\":\"2015-02-14T02:57:49+00:00\",\"mainEntityOfPage\":{\"@id\":\"https:\\\/\\\/vanderloubet.com.br\\\/deputado\\\/em-pauta-menos-impostos\\\/\"},\"wordCount\":478,\"publisher\":{\"@id\":\"https:\\\/\\\/vanderloubet.com.br\\\/deputado\\\/#organization\"},\"image\":{\"@id\":\"https:\\\/\\\/vanderloubet.com.br\\\/deputado\\\/em-pauta-menos-impostos\\\/#primaryimage\"},\"thumbnailUrl\":\"https:\\\/\\\/vanderloubet.com.br\\\/deputado\\\/wp-content\\\/uploads\\\/2013\\\/03\\\/foto-2013-03-04-dilma-brasil-maior.jpg\",\"keywords\":[\"tributos e impostos\"],\"articleSection\":[\"Opini\u00e3o\"],\"inLanguage\":\"pt-BR\"},{\"@type\":\"WebPage\",\"@id\":\"https:\\\/\\\/vanderloubet.com.br\\\/deputado\\\/em-pauta-menos-impostos\\\/\",\"url\":\"https:\\\/\\\/vanderloubet.com.br\\\/deputado\\\/em-pauta-menos-impostos\\\/\",\"name\":\"Em pauta, menos impostos\",\"isPartOf\":{\"@id\":\"https:\\\/\\\/vanderloubet.com.br\\\/deputado\\\/#website\"},\"primaryImageOfPage\":{\"@id\":\"https:\\\/\\\/vanderloubet.com.br\\\/deputado\\\/em-pauta-menos-impostos\\\/#primaryimage\"},\"image\":{\"@id\":\"https:\\\/\\\/vanderloubet.com.br\\\/deputado\\\/em-pauta-menos-impostos\\\/#primaryimage\"},\"thumbnailUrl\":\"https:\\\/\\\/vanderloubet.com.br\\\/deputado\\\/wp-content\\\/uploads\\\/2013\\\/03\\\/foto-2013-03-04-dilma-brasil-maior.jpg\",\"datePublished\":\"2013-03-04T13:26:26+00:00\",\"dateModified\":\"2015-02-14T02:57:49+00:00\",\"breadcrumb\":{\"@id\":\"https:\\\/\\\/vanderloubet.com.br\\\/deputado\\\/em-pauta-menos-impostos\\\/#breadcrumb\"},\"inLanguage\":\"pt-BR\",\"potentialAction\":[{\"@type\":\"ReadAction\",\"target\":[\"https:\\\/\\\/vanderloubet.com.br\\\/deputado\\\/em-pauta-menos-impostos\\\/\"]}]},{\"@type\":\"ImageObject\",\"inLanguage\":\"pt-BR\",\"@id\":\"https:\\\/\\\/vanderloubet.com.br\\\/deputado\\\/em-pauta-menos-impostos\\\/#primaryimage\",\"url\":\"https:\\\/\\\/vanderloubet.com.br\\\/deputado\\\/wp-content\\\/uploads\\\/2013\\\/03\\\/foto-2013-03-04-dilma-brasil-maior.jpg\",\"contentUrl\":\"https:\\\/\\\/vanderloubet.com.br\\\/deputado\\\/wp-content\\\/uploads\\\/2013\\\/03\\\/foto-2013-03-04-dilma-brasil-maior.jpg\",\"width\":900,\"height\":600,\"caption\":\"Ainda em 2011, Dilma anunciou desonera\u00e7\u00f5es na folha de pagamento\"},{\"@type\":\"BreadcrumbList\",\"@id\":\"https:\\\/\\\/vanderloubet.com.br\\\/deputado\\\/em-pauta-menos-impostos\\\/#breadcrumb\",\"itemListElement\":[{\"@type\":\"ListItem\",\"position\":1,\"name\":\"In\u00edcio\",\"item\":\"https:\\\/\\\/vanderloubet.com.br\\\/deputado\\\/\"},{\"@type\":\"ListItem\",\"position\":2,\"name\":\"Em pauta, menos impostos\"}]},{\"@type\":\"WebSite\",\"@id\":\"https:\\\/\\\/vanderloubet.com.br\\\/deputado\\\/#website\",\"url\":\"https:\\\/\\\/vanderloubet.com.br\\\/deputado\\\/\",\"name\":\"Deputado Federal Vander Loubet\",\"description\":\"O Federal de MS\",\"publisher\":{\"@id\":\"https:\\\/\\\/vanderloubet.com.br\\\/deputado\\\/#organization\"},\"alternateName\":\"Deputado Vander\",\"potentialAction\":[{\"@type\":\"SearchAction\",\"target\":{\"@type\":\"EntryPoint\",\"urlTemplate\":\"https:\\\/\\\/vanderloubet.com.br\\\/deputado\\\/?s={search_term_string}\"},\"query-input\":{\"@type\":\"PropertyValueSpecification\",\"valueRequired\":true,\"valueName\":\"search_term_string\"}}],\"inLanguage\":\"pt-BR\"},{\"@type\":\"Organization\",\"@id\":\"https:\\\/\\\/vanderloubet.com.br\\\/deputado\\\/#organization\",\"name\":\"Deputado Federal Vander Loubet\",\"alternateName\":\"Deputado Vander\",\"url\":\"https:\\\/\\\/vanderloubet.com.br\\\/deputado\\\/\",\"logo\":{\"@type\":\"ImageObject\",\"inLanguage\":\"pt-BR\",\"@id\":\"https:\\\/\\\/vanderloubet.com.br\\\/deputado\\\/#\\\/schema\\\/logo\\\/image\\\/\",\"url\":\"https:\\\/\\\/vanderloubet.com.br\\\/deputado\\\/wp-content\\\/uploads\\\/2023\\\/06\\\/foto-2023-06-19-mandato-deputado-vander.jpg\",\"contentUrl\":\"https:\\\/\\\/vanderloubet.com.br\\\/deputado\\\/wp-content\\\/uploads\\\/2023\\\/06\\\/foto-2023-06-19-mandato-deputado-vander.jpg\",\"width\":1080,\"height\":1080,\"caption\":\"Deputado Federal Vander Loubet\"},\"image\":{\"@id\":\"https:\\\/\\\/vanderloubet.com.br\\\/deputado\\\/#\\\/schema\\\/logo\\\/image\\\/\"},\"sameAs\":[\"https:\\\/\\\/facebook.com\\\/deputadovander\",\"https:\\\/\\\/x.com\\\/vanderloubet\",\"https:\\\/\\\/instagram.com\\\/vanderloubet\",\"https:\\\/\\\/youtube.com\\\/vanderloubet\",\"https:\\\/\\\/tiktok.com\\\/@vanderloubetms\"]},{\"@type\":\"Person\",\"@id\":\"https:\\\/\\\/vanderloubet.com.br\\\/deputado\\\/#\\\/schema\\\/person\\\/15b51bd564532a8a68d9dec1b8eb890e\",\"name\":\"\u00c9der\",\"image\":{\"@type\":\"ImageObject\",\"inLanguage\":\"pt-BR\",\"@id\":\"https:\\\/\\\/vanderloubet.com.br\\\/deputado\\\/wp-content\\\/litespeed\\\/avatar\\\/88ca4090d9d5ab1c9495f6ca03b68efa.jpg?ver=1777058957\",\"url\":\"https:\\\/\\\/vanderloubet.com.br\\\/deputado\\\/wp-content\\\/litespeed\\\/avatar\\\/88ca4090d9d5ab1c9495f6ca03b68efa.jpg?ver=1777058957\",\"contentUrl\":\"https:\\\/\\\/vanderloubet.com.br\\\/deputado\\\/wp-content\\\/litespeed\\\/avatar\\\/88ca4090d9d5ab1c9495f6ca03b68efa.jpg?ver=1777058957\",\"caption\":\"\u00c9der\"}}]}<\/script>\n<!-- \/ Yoast SEO plugin. -->","yoast_head_json":{"title":"Em pauta, menos impostos","robots":{"index":"index","follow":"follow","max-snippet":"max-snippet:-1","max-image-preview":"max-image-preview:large","max-video-preview":"max-video-preview:-1"},"canonical":"https:\/\/vanderloubet.com.br\/deputado\/em-pauta-menos-impostos\/","og_locale":"pt_BR","og_type":"article","og_title":"Em pauta, menos impostos","og_description":"Neste artigo, Vander Loubet aborda a pol\u00edtica nacional de redu\u00e7\u00e3o de tributos para estimular o crescimento da economia e a falta de uma pol\u00edtica estadual semelhante.","og_url":"https:\/\/vanderloubet.com.br\/deputado\/em-pauta-menos-impostos\/","og_site_name":"Deputado Federal Vander Loubet","article_publisher":"https:\/\/facebook.com\/deputadovander","article_published_time":"2013-03-04T13:26:26+00:00","article_modified_time":"2015-02-14T02:57:49+00:00","og_image":[{"width":1200,"height":800,"url":"https:\/\/vanderloubet.com.br\/deputado\/wp-content\/uploads\/2013\/03\/foto-2013-03-04-dilma-brasil-maior.jpg","type":"image\/jpeg"}],"author":"\u00c9der","twitter_card":"summary_large_image","twitter_creator":"@vanderloubet","twitter_site":"@vanderloubet","schema":{"@context":"https:\/\/schema.org","@graph":[{"@type":"Article","@id":"https:\/\/vanderloubet.com.br\/deputado\/em-pauta-menos-impostos\/#article","isPartOf":{"@id":"https:\/\/vanderloubet.com.br\/deputado\/em-pauta-menos-impostos\/"},"author":{"name":"\u00c9der","@id":"https:\/\/vanderloubet.com.br\/deputado\/#\/schema\/person\/15b51bd564532a8a68d9dec1b8eb890e"},"headline":"Em pauta, menos impostos","datePublished":"2013-03-04T13:26:26+00:00","dateModified":"2015-02-14T02:57:49+00:00","mainEntityOfPage":{"@id":"https:\/\/vanderloubet.com.br\/deputado\/em-pauta-menos-impostos\/"},"wordCount":478,"publisher":{"@id":"https:\/\/vanderloubet.com.br\/deputado\/#organization"},"image":{"@id":"https:\/\/vanderloubet.com.br\/deputado\/em-pauta-menos-impostos\/#primaryimage"},"thumbnailUrl":"https:\/\/vanderloubet.com.br\/deputado\/wp-content\/uploads\/2013\/03\/foto-2013-03-04-dilma-brasil-maior.jpg","keywords":["tributos e impostos"],"articleSection":["Opini\u00e3o"],"inLanguage":"pt-BR"},{"@type":"WebPage","@id":"https:\/\/vanderloubet.com.br\/deputado\/em-pauta-menos-impostos\/","url":"https:\/\/vanderloubet.com.br\/deputado\/em-pauta-menos-impostos\/","name":"Em pauta, menos impostos","isPartOf":{"@id":"https:\/\/vanderloubet.com.br\/deputado\/#website"},"primaryImageOfPage":{"@id":"https:\/\/vanderloubet.com.br\/deputado\/em-pauta-menos-impostos\/#primaryimage"},"image":{"@id":"https:\/\/vanderloubet.com.br\/deputado\/em-pauta-menos-impostos\/#primaryimage"},"thumbnailUrl":"https:\/\/vanderloubet.com.br\/deputado\/wp-content\/uploads\/2013\/03\/foto-2013-03-04-dilma-brasil-maior.jpg","datePublished":"2013-03-04T13:26:26+00:00","dateModified":"2015-02-14T02:57:49+00:00","breadcrumb":{"@id":"https:\/\/vanderloubet.com.br\/deputado\/em-pauta-menos-impostos\/#breadcrumb"},"inLanguage":"pt-BR","potentialAction":[{"@type":"ReadAction","target":["https:\/\/vanderloubet.com.br\/deputado\/em-pauta-menos-impostos\/"]}]},{"@type":"ImageObject","inLanguage":"pt-BR","@id":"https:\/\/vanderloubet.com.br\/deputado\/em-pauta-menos-impostos\/#primaryimage","url":"https:\/\/vanderloubet.com.br\/deputado\/wp-content\/uploads\/2013\/03\/foto-2013-03-04-dilma-brasil-maior.jpg","contentUrl":"https:\/\/vanderloubet.com.br\/deputado\/wp-content\/uploads\/2013\/03\/foto-2013-03-04-dilma-brasil-maior.jpg","width":900,"height":600,"caption":"Ainda em 2011, Dilma anunciou desonera\u00e7\u00f5es na folha de pagamento"},{"@type":"BreadcrumbList","@id":"https:\/\/vanderloubet.com.br\/deputado\/em-pauta-menos-impostos\/#breadcrumb","itemListElement":[{"@type":"ListItem","position":1,"name":"In\u00edcio","item":"https:\/\/vanderloubet.com.br\/deputado\/"},{"@type":"ListItem","position":2,"name":"Em pauta, menos impostos"}]},{"@type":"WebSite","@id":"https:\/\/vanderloubet.com.br\/deputado\/#website","url":"https:\/\/vanderloubet.com.br\/deputado\/","name":"Deputado Federal Vander Loubet","description":"O Federal de MS","publisher":{"@id":"https:\/\/vanderloubet.com.br\/deputado\/#organization"},"alternateName":"Deputado Vander","potentialAction":[{"@type":"SearchAction","target":{"@type":"EntryPoint","urlTemplate":"https:\/\/vanderloubet.com.br\/deputado\/?s={search_term_string}"},"query-input":{"@type":"PropertyValueSpecification","valueRequired":true,"valueName":"search_term_string"}}],"inLanguage":"pt-BR"},{"@type":"Organization","@id":"https:\/\/vanderloubet.com.br\/deputado\/#organization","name":"Deputado Federal Vander Loubet","alternateName":"Deputado Vander","url":"https:\/\/vanderloubet.com.br\/deputado\/","logo":{"@type":"ImageObject","inLanguage":"pt-BR","@id":"https:\/\/vanderloubet.com.br\/deputado\/#\/schema\/logo\/image\/","url":"https:\/\/vanderloubet.com.br\/deputado\/wp-content\/uploads\/2023\/06\/foto-2023-06-19-mandato-deputado-vander.jpg","contentUrl":"https:\/\/vanderloubet.com.br\/deputado\/wp-content\/uploads\/2023\/06\/foto-2023-06-19-mandato-deputado-vander.jpg","width":1080,"height":1080,"caption":"Deputado Federal Vander Loubet"},"image":{"@id":"https:\/\/vanderloubet.com.br\/deputado\/#\/schema\/logo\/image\/"},"sameAs":["https:\/\/facebook.com\/deputadovander","https:\/\/x.com\/vanderloubet","https:\/\/instagram.com\/vanderloubet","https:\/\/youtube.com\/vanderloubet","https:\/\/tiktok.com\/@vanderloubetms"]},{"@type":"Person","@id":"https:\/\/vanderloubet.com.br\/deputado\/#\/schema\/person\/15b51bd564532a8a68d9dec1b8eb890e","name":"\u00c9der","image":{"@type":"ImageObject","inLanguage":"pt-BR","@id":"https:\/\/vanderloubet.com.br\/deputado\/wp-content\/litespeed\/avatar\/88ca4090d9d5ab1c9495f6ca03b68efa.jpg?ver=1777058957","url":"https:\/\/vanderloubet.com.br\/deputado\/wp-content\/litespeed\/avatar\/88ca4090d9d5ab1c9495f6ca03b68efa.jpg?ver=1777058957","contentUrl":"https:\/\/vanderloubet.com.br\/deputado\/wp-content\/litespeed\/avatar\/88ca4090d9d5ab1c9495f6ca03b68efa.jpg?ver=1777058957","caption":"\u00c9der"}}]}},"jetpack_featured_media_url":"https:\/\/vanderloubet.com.br\/deputado\/wp-content\/uploads\/2013\/03\/foto-2013-03-04-dilma-brasil-maior.jpg","jetpack_sharing_enabled":true,"_links":{"self":[{"href":"https:\/\/vanderloubet.com.br\/deputado\/wp-json\/wp\/v2\/posts\/6153","targetHints":{"allow":["GET"]}}],"collection":[{"href":"https:\/\/vanderloubet.com.br\/deputado\/wp-json\/wp\/v2\/posts"}],"about":[{"href":"https:\/\/vanderloubet.com.br\/deputado\/wp-json\/wp\/v2\/types\/post"}],"author":[{"embeddable":true,"href":"https:\/\/vanderloubet.com.br\/deputado\/wp-json\/wp\/v2\/users\/2"}],"replies":[{"embeddable":true,"href":"https:\/\/vanderloubet.com.br\/deputado\/wp-json\/wp\/v2\/comments?post=6153"}],"version-history":[{"count":0,"href":"https:\/\/vanderloubet.com.br\/deputado\/wp-json\/wp\/v2\/posts\/6153\/revisions"}],"wp:featuredmedia":[{"embeddable":true,"href":"https:\/\/vanderloubet.com.br\/deputado\/wp-json\/wp\/v2\/media\/8975"}],"wp:attachment":[{"href":"https:\/\/vanderloubet.com.br\/deputado\/wp-json\/wp\/v2\/media?parent=6153"}],"wp:term":[{"taxonomy":"category","embeddable":true,"href":"https:\/\/vanderloubet.com.br\/deputado\/wp-json\/wp\/v2\/categories?post=6153"},{"taxonomy":"post_tag","embeddable":true,"href":"https:\/\/vanderloubet.com.br\/deputado\/wp-json\/wp\/v2\/tags?post=6153"}],"curies":[{"name":"wp","href":"https:\/\/api.w.org\/{rel}","templated":true}]}}