{"id":6123,"date":"2013-02-26T10:34:48","date_gmt":"2013-02-26T14:34:48","guid":{"rendered":"http:\/\/www.deputadovander.com.br\/website\/?p=6123"},"modified":"2013-02-26T10:34:48","modified_gmt":"2013-02-26T14:34:48","slug":"vander-participa-da-entrega-de-6-retroescavadeiras-do-pac-2-na-fronteira","status":"publish","type":"post","link":"https:\/\/vanderloubet.com.br\/deputado\/vander-participa-da-entrega-de-6-retroescavadeiras-do-pac-2-na-fronteira\/","title":{"rendered":"Vander participa da entrega de 6 retroescavadeiras do PAC 2 na fronteira"},"content":{"rendered":"<figure id=\"attachment_6124\" aria-describedby=\"caption-attachment-6124\" style=\"width: 420px\" class=\"wp-caption aligncenter\"><a href=\"http:\/\/www.deputadovander.com.br\/website\/wp-content\/uploads\/2013\/02\/foto-2013-02-26-retroescavadeiras-pac2-mda.jpg\" target=\"_blank\"><img decoding=\"async\" class=\"size-medium wp-image-6124 \" title=\"M\u00e1quinas foram viabilizadas junto ao PAC 2 da Agricultura Familiar\" alt=\"M\u00e1quinas foram viabilizadas junto ao PAC 2 da Agricultura Familiar\" src=\"http:\/\/www.deputadovander.com.br\/website\/wp-content\/uploads\/2013\/02\/foto-2013-02-26-retroescavadeiras-pac2-mda-420x280.jpg\" width=\"420\" height=\"280\" \/><\/a><figcaption id=\"caption-attachment-6124\" class=\"wp-caption-text\">M\u00e1quinas foram viabilizadas junto ao PAC 2 da Agricultura Familiar<\/figcaption><\/figure>\n<p>Na manh\u00e3 da segunda-feira (25), o deputado federal Vander Loubet (PT-MS) participou em Amambai da solenidade de entrega de retroescavadeiras para as prefeituras de seis munic\u00edpios da regi\u00e3o da fronteira de Mato Grosso do Sul com o Paraguai.<\/p>\n<p>As m\u00e1quinas foram viabilizadas pelo senador Delc\u00eddio do Amaral (PT-MS) e por Vander por meio do Minist\u00e9rio do Desenvolvimento Agr\u00e1rio (MDA), dentro da segunda etapa do Programa de Acelera\u00e7\u00e3o do Crescimento (PAC 2) da Agricultura Familiar, do governo federal. Os munic\u00edpios contemplados foram Amambai, Antonio Jo\u00e3o, Aral Moreira, Coronel Sapucaia, Laguna Carap\u00e3 e Paranhos.<\/p>\n<p>Representando os munic\u00edpios beneficiados estavam o prefeito e o vice de Amambai, S\u00e9rgio Barbosa (PMDB) e Dr. Bandeira (PTdoB); a prefeita e a vice de Coronel Sapucaia, Nilc\u00e9ia (PR) e Professora Sandra (PT); o prefeito de Aral Moreira, Edson David (PTB); o prefeito de Ant\u00f4nio Jo\u00e3o, Selso Losano (PT); o prefeito de Laguna Carap\u00e3, Itamar Bilibio (PMDB); e o prefeito de Paranhos, J\u00falio C\u00e9sar (PDT).<\/p>\n<p>Falando em nome dos munic\u00edpios contemplados, o prefeito S\u00e9rgio agradeceu o trabalho do MDA e da bancada federal que est\u00e1 possibilitando  beneficiar com as retroescavadeiras 73 munic\u00edpios sul-mato-grossenses que t\u00eam menos de 50 mil habitantes.<\/p>\n<figure id=\"attachment_6126\" aria-describedby=\"caption-attachment-6126\" style=\"width: 420px\" class=\"wp-caption aligncenter\"><a href=\"http:\/\/www.deputadovander.com.br\/website\/wp-content\/uploads\/2013\/02\/foto-2013-02-26-retroescavadeiras-solenidade.jpg\" target=\"_blank\"><img decoding=\"async\" class=\"size-medium wp-image-6126 \" title=\"Vander junto com prefeitos e lideran\u00e7as dos munic\u00edpios\" alt=\"Vander junto com prefeitos e lideran\u00e7as dos munic\u00edpios\" src=\"http:\/\/www.deputadovander.com.br\/website\/wp-content\/uploads\/2013\/02\/foto-2013-02-26-retroescavadeiras-solenidade-420x281.jpg\" width=\"420\" height=\"281\" \/><\/a><figcaption id=\"caption-attachment-6126\" class=\"wp-caption-text\">Vander junto com prefeitos e lideran\u00e7as dos munic\u00edpios<\/figcaption><\/figure>\n<p>Em conversa com os prefeitos, o deputado Vander frisou a import\u00e2ncia de as prefeituras se cadastrarem nos variados programas ofertados pelo governo federal por meio do PAC 2 e dos minist\u00e9rios (como os do Desenvolvimento Agr\u00e1rio e da Pesca e Aquicultura) j\u00e1 que esses programas est\u00e3o colocando \u00e0 disposi\u00e7\u00e3o dos munic\u00edpios muitos recursos e equipamentos. &#8220;As emendas parlamentares ainda s\u00e3o uma importante fonte de recurso para as prefeituras, mas a maior parte da verba federal est\u00e1 alocada nos programas do governo federal. Por isso, \u00e9 fundamental que as prefeituras encaminhem seus projetos. E n\u00f3s, parlamentares, estamos em Bras\u00edlia para cumprir um papel importante no suporte t\u00e9cnico para elabora\u00e7\u00e3o das propostas e na quest\u00e3o da aprova\u00e7\u00e3o e libera\u00e7\u00e3o dos recursos&#8221;, afirmou.<\/p>\n<p>Na semana que vem, em Lad\u00e1rio, ser\u00e3o entregues mais cinco retroescavadeiras para munic\u00edpios da Regi\u00e3o do Pantanal, fechando a segunda etapa de distribui\u00e7\u00e3o de equipamentos, que foi iniciada no ano passado com a entrega de 40 m\u00e1quinas semelhantes. Ao todo, este ano, est\u00e3o sendo entregues 33 equipamentos.<\/p>\n<p><span style=\"font-size: 11px;\">(\u00c9der Yanaguita &#8211; Assessoria\/Deputado Vander)<\/span><\/p>\n","protected":false},"excerpt":{"rendered":"<p>M\u00e1quinas ser\u00e3o usadas na manuten\u00e7\u00e3o de estradas vicinais que d\u00e3o acesso a assentamentos e pequenas propriedades.<\/p>\n","protected":false},"author":2,"featured_media":0,"comment_status":"closed","ping_status":"open","sticky":false,"template":"","format":"standard","meta":{"jetpack_post_was_ever_published":false,"_jetpack_newsletter_access":"","_jetpack_dont_email_post_to_subs":false,"_jetpack_newsletter_tier_id":0,"_jetpack_memberships_contains_paywalled_content":false,"_jetpack_memberships_contains_paid_content":false,"footnotes":""},"categories":[10],"tags":[70,114,755,793,1251,1445,1721,2059],"class_list":{"0":"post-6123","1":"post","2":"type-post","3":"status-publish","4":"format-standard","6":"category-noticias","7":"tag-agricultura","8":"tag-amambai","9":"tag-estrada","10":"tag-familiar","11":"tag-mda","12":"tag-pac","13":"tag-restroescavadeira","14":"tag-vicinal"},"yoast_head":"<!-- This site is optimized with the Yoast SEO plugin v27.4 - https:\/\/yoast.com\/product\/yoast-seo-wordpress\/ -->\n<title>Vander participa da entrega de 6 retroescavadeiras do PAC 2 na fronteira<\/title>\n<meta name=\"robots\" content=\"index, follow, max-snippet:-1, max-image-preview:large, max-video-preview:-1\" \/>\n<link rel=\"canonical\" href=\"https:\/\/vanderloubet.com.br\/deputado\/vander-participa-da-entrega-de-6-retroescavadeiras-do-pac-2-na-fronteira\/\" \/>\n<meta property=\"og:locale\" content=\"pt_BR\" \/>\n<meta property=\"og:type\" content=\"article\" \/>\n<meta property=\"og:title\" content=\"Vander participa da entrega de 6 retroescavadeiras do PAC 2 na fronteira\" \/>\n<meta property=\"og:description\" content=\"M\u00e1quinas ser\u00e3o usadas na manuten\u00e7\u00e3o de estradas vicinais que d\u00e3o acesso a assentamentos e pequenas propriedades.\" \/>\n<meta property=\"og:url\" content=\"https:\/\/vanderloubet.com.br\/deputado\/vander-participa-da-entrega-de-6-retroescavadeiras-do-pac-2-na-fronteira\/\" \/>\n<meta property=\"og:site_name\" content=\"Deputado Federal Vander Loubet\" \/>\n<meta property=\"article:publisher\" content=\"https:\/\/facebook.com\/deputadovander\" \/>\n<meta property=\"article:published_time\" content=\"2013-02-26T14:34:48+00:00\" \/>\n<meta property=\"og:image\" content=\"http:\/\/www.deputadovander.com.br\/website\/wp-content\/uploads\/2013\/02\/foto-2013-02-26-retroescavadeiras-pac2-mda-420x280.jpg\" \/>\n<meta name=\"author\" content=\"\u00c9der\" \/>\n<meta name=\"twitter:card\" content=\"summary_large_image\" \/>\n<meta name=\"twitter:creator\" content=\"@vanderloubet\" \/>\n<meta name=\"twitter:site\" content=\"@vanderloubet\" \/>\n<script type=\"application\/ld+json\" class=\"yoast-schema-graph\">{\"@context\":\"https:\\\/\\\/schema.org\",\"@graph\":[{\"@type\":\"Article\",\"@id\":\"https:\\\/\\\/vanderloubet.com.br\\\/deputado\\\/vander-participa-da-entrega-de-6-retroescavadeiras-do-pac-2-na-fronteira\\\/#article\",\"isPartOf\":{\"@id\":\"https:\\\/\\\/vanderloubet.com.br\\\/deputado\\\/vander-participa-da-entrega-de-6-retroescavadeiras-do-pac-2-na-fronteira\\\/\"},\"author\":{\"name\":\"\u00c9der\",\"@id\":\"https:\\\/\\\/vanderloubet.com.br\\\/deputado\\\/#\\\/schema\\\/person\\\/15b51bd564532a8a68d9dec1b8eb890e\"},\"headline\":\"Vander participa da entrega de 6 retroescavadeiras do PAC 2 na fronteira\",\"datePublished\":\"2013-02-26T14:34:48+00:00\",\"mainEntityOfPage\":{\"@id\":\"https:\\\/\\\/vanderloubet.com.br\\\/deputado\\\/vander-participa-da-entrega-de-6-retroescavadeiras-do-pac-2-na-fronteira\\\/\"},\"wordCount\":441,\"publisher\":{\"@id\":\"https:\\\/\\\/vanderloubet.com.br\\\/deputado\\\/#organization\"},\"image\":{\"@id\":\"https:\\\/\\\/vanderloubet.com.br\\\/deputado\\\/vander-participa-da-entrega-de-6-retroescavadeiras-do-pac-2-na-fronteira\\\/#primaryimage\"},\"thumbnailUrl\":\"http:\\\/\\\/www.deputadovander.com.br\\\/website\\\/wp-content\\\/uploads\\\/2013\\\/02\\\/foto-2013-02-26-retroescavadeiras-pac2-mda-420x280.jpg\",\"keywords\":[\"agricultura\",\"amambai\",\"estrada\",\"familiar\",\"mda\",\"pac\",\"restroescavadeira\",\"vicinal\"],\"articleSection\":[\"Not\u00edcias\"],\"inLanguage\":\"pt-BR\"},{\"@type\":\"WebPage\",\"@id\":\"https:\\\/\\\/vanderloubet.com.br\\\/deputado\\\/vander-participa-da-entrega-de-6-retroescavadeiras-do-pac-2-na-fronteira\\\/\",\"url\":\"https:\\\/\\\/vanderloubet.com.br\\\/deputado\\\/vander-participa-da-entrega-de-6-retroescavadeiras-do-pac-2-na-fronteira\\\/\",\"name\":\"Vander participa da entrega de 6 retroescavadeiras do PAC 2 na fronteira\",\"isPartOf\":{\"@id\":\"https:\\\/\\\/vanderloubet.com.br\\\/deputado\\\/#website\"},\"primaryImageOfPage\":{\"@id\":\"https:\\\/\\\/vanderloubet.com.br\\\/deputado\\\/vander-participa-da-entrega-de-6-retroescavadeiras-do-pac-2-na-fronteira\\\/#primaryimage\"},\"image\":{\"@id\":\"https:\\\/\\\/vanderloubet.com.br\\\/deputado\\\/vander-participa-da-entrega-de-6-retroescavadeiras-do-pac-2-na-fronteira\\\/#primaryimage\"},\"thumbnailUrl\":\"http:\\\/\\\/www.deputadovander.com.br\\\/website\\\/wp-content\\\/uploads\\\/2013\\\/02\\\/foto-2013-02-26-retroescavadeiras-pac2-mda-420x280.jpg\",\"datePublished\":\"2013-02-26T14:34:48+00:00\",\"breadcrumb\":{\"@id\":\"https:\\\/\\\/vanderloubet.com.br\\\/deputado\\\/vander-participa-da-entrega-de-6-retroescavadeiras-do-pac-2-na-fronteira\\\/#breadcrumb\"},\"inLanguage\":\"pt-BR\",\"potentialAction\":[{\"@type\":\"ReadAction\",\"target\":[\"https:\\\/\\\/vanderloubet.com.br\\\/deputado\\\/vander-participa-da-entrega-de-6-retroescavadeiras-do-pac-2-na-fronteira\\\/\"]}]},{\"@type\":\"ImageObject\",\"inLanguage\":\"pt-BR\",\"@id\":\"https:\\\/\\\/vanderloubet.com.br\\\/deputado\\\/vander-participa-da-entrega-de-6-retroescavadeiras-do-pac-2-na-fronteira\\\/#primaryimage\",\"url\":\"http:\\\/\\\/www.deputadovander.com.br\\\/website\\\/wp-content\\\/uploads\\\/2013\\\/02\\\/foto-2013-02-26-retroescavadeiras-pac2-mda-420x280.jpg\",\"contentUrl\":\"http:\\\/\\\/www.deputadovander.com.br\\\/website\\\/wp-content\\\/uploads\\\/2013\\\/02\\\/foto-2013-02-26-retroescavadeiras-pac2-mda-420x280.jpg\"},{\"@type\":\"BreadcrumbList\",\"@id\":\"https:\\\/\\\/vanderloubet.com.br\\\/deputado\\\/vander-participa-da-entrega-de-6-retroescavadeiras-do-pac-2-na-fronteira\\\/#breadcrumb\",\"itemListElement\":[{\"@type\":\"ListItem\",\"position\":1,\"name\":\"In\u00edcio\",\"item\":\"https:\\\/\\\/vanderloubet.com.br\\\/deputado\\\/\"},{\"@type\":\"ListItem\",\"position\":2,\"name\":\"Vander participa da entrega de 6 retroescavadeiras do PAC 2 na fronteira\"}]},{\"@type\":\"WebSite\",\"@id\":\"https:\\\/\\\/vanderloubet.com.br\\\/deputado\\\/#website\",\"url\":\"https:\\\/\\\/vanderloubet.com.br\\\/deputado\\\/\",\"name\":\"Deputado Federal Vander Loubet\",\"description\":\"O Federal de MS\",\"publisher\":{\"@id\":\"https:\\\/\\\/vanderloubet.com.br\\\/deputado\\\/#organization\"},\"alternateName\":\"Deputado Vander\",\"potentialAction\":[{\"@type\":\"SearchAction\",\"target\":{\"@type\":\"EntryPoint\",\"urlTemplate\":\"https:\\\/\\\/vanderloubet.com.br\\\/deputado\\\/?s={search_term_string}\"},\"query-input\":{\"@type\":\"PropertyValueSpecification\",\"valueRequired\":true,\"valueName\":\"search_term_string\"}}],\"inLanguage\":\"pt-BR\"},{\"@type\":\"Organization\",\"@id\":\"https:\\\/\\\/vanderloubet.com.br\\\/deputado\\\/#organization\",\"name\":\"Deputado Federal Vander Loubet\",\"alternateName\":\"Deputado Vander\",\"url\":\"https:\\\/\\\/vanderloubet.com.br\\\/deputado\\\/\",\"logo\":{\"@type\":\"ImageObject\",\"inLanguage\":\"pt-BR\",\"@id\":\"https:\\\/\\\/vanderloubet.com.br\\\/deputado\\\/#\\\/schema\\\/logo\\\/image\\\/\",\"url\":\"https:\\\/\\\/vanderloubet.com.br\\\/deputado\\\/wp-content\\\/uploads\\\/2023\\\/06\\\/foto-2023-06-19-mandato-deputado-vander.jpg\",\"contentUrl\":\"https:\\\/\\\/vanderloubet.com.br\\\/deputado\\\/wp-content\\\/uploads\\\/2023\\\/06\\\/foto-2023-06-19-mandato-deputado-vander.jpg\",\"width\":1080,\"height\":1080,\"caption\":\"Deputado Federal Vander Loubet\"},\"image\":{\"@id\":\"https:\\\/\\\/vanderloubet.com.br\\\/deputado\\\/#\\\/schema\\\/logo\\\/image\\\/\"},\"sameAs\":[\"https:\\\/\\\/facebook.com\\\/deputadovander\",\"https:\\\/\\\/x.com\\\/vanderloubet\",\"https:\\\/\\\/instagram.com\\\/vanderloubet\",\"https:\\\/\\\/youtube.com\\\/vanderloubet\",\"https:\\\/\\\/tiktok.com\\\/@vanderloubetms\"]},{\"@type\":\"Person\",\"@id\":\"https:\\\/\\\/vanderloubet.com.br\\\/deputado\\\/#\\\/schema\\\/person\\\/15b51bd564532a8a68d9dec1b8eb890e\",\"name\":\"\u00c9der\",\"image\":{\"@type\":\"ImageObject\",\"inLanguage\":\"pt-BR\",\"@id\":\"https:\\\/\\\/vanderloubet.com.br\\\/deputado\\\/wp-content\\\/litespeed\\\/avatar\\\/88ca4090d9d5ab1c9495f6ca03b68efa.jpg?ver=1777058957\",\"url\":\"https:\\\/\\\/vanderloubet.com.br\\\/deputado\\\/wp-content\\\/litespeed\\\/avatar\\\/88ca4090d9d5ab1c9495f6ca03b68efa.jpg?ver=1777058957\",\"contentUrl\":\"https:\\\/\\\/vanderloubet.com.br\\\/deputado\\\/wp-content\\\/litespeed\\\/avatar\\\/88ca4090d9d5ab1c9495f6ca03b68efa.jpg?ver=1777058957\",\"caption\":\"\u00c9der\"}}]}<\/script>\n<!-- \/ Yoast SEO plugin. -->","yoast_head_json":{"title":"Vander participa da entrega de 6 retroescavadeiras do PAC 2 na fronteira","robots":{"index":"index","follow":"follow","max-snippet":"max-snippet:-1","max-image-preview":"max-image-preview:large","max-video-preview":"max-video-preview:-1"},"canonical":"https:\/\/vanderloubet.com.br\/deputado\/vander-participa-da-entrega-de-6-retroescavadeiras-do-pac-2-na-fronteira\/","og_locale":"pt_BR","og_type":"article","og_title":"Vander participa da entrega de 6 retroescavadeiras do PAC 2 na fronteira","og_description":"M\u00e1quinas ser\u00e3o usadas na manuten\u00e7\u00e3o de estradas vicinais que d\u00e3o acesso a assentamentos e pequenas propriedades.","og_url":"https:\/\/vanderloubet.com.br\/deputado\/vander-participa-da-entrega-de-6-retroescavadeiras-do-pac-2-na-fronteira\/","og_site_name":"Deputado Federal Vander Loubet","article_publisher":"https:\/\/facebook.com\/deputadovander","article_published_time":"2013-02-26T14:34:48+00:00","og_image":[{"url":"http:\/\/www.deputadovander.com.br\/website\/wp-content\/uploads\/2013\/02\/foto-2013-02-26-retroescavadeiras-pac2-mda-420x280.jpg","type":"","width":"","height":""}],"author":"\u00c9der","twitter_card":"summary_large_image","twitter_creator":"@vanderloubet","twitter_site":"@vanderloubet","schema":{"@context":"https:\/\/schema.org","@graph":[{"@type":"Article","@id":"https:\/\/vanderloubet.com.br\/deputado\/vander-participa-da-entrega-de-6-retroescavadeiras-do-pac-2-na-fronteira\/#article","isPartOf":{"@id":"https:\/\/vanderloubet.com.br\/deputado\/vander-participa-da-entrega-de-6-retroescavadeiras-do-pac-2-na-fronteira\/"},"author":{"name":"\u00c9der","@id":"https:\/\/vanderloubet.com.br\/deputado\/#\/schema\/person\/15b51bd564532a8a68d9dec1b8eb890e"},"headline":"Vander participa da entrega de 6 retroescavadeiras do PAC 2 na fronteira","datePublished":"2013-02-26T14:34:48+00:00","mainEntityOfPage":{"@id":"https:\/\/vanderloubet.com.br\/deputado\/vander-participa-da-entrega-de-6-retroescavadeiras-do-pac-2-na-fronteira\/"},"wordCount":441,"publisher":{"@id":"https:\/\/vanderloubet.com.br\/deputado\/#organization"},"image":{"@id":"https:\/\/vanderloubet.com.br\/deputado\/vander-participa-da-entrega-de-6-retroescavadeiras-do-pac-2-na-fronteira\/#primaryimage"},"thumbnailUrl":"http:\/\/www.deputadovander.com.br\/website\/wp-content\/uploads\/2013\/02\/foto-2013-02-26-retroescavadeiras-pac2-mda-420x280.jpg","keywords":["agricultura","amambai","estrada","familiar","mda","pac","restroescavadeira","vicinal"],"articleSection":["Not\u00edcias"],"inLanguage":"pt-BR"},{"@type":"WebPage","@id":"https:\/\/vanderloubet.com.br\/deputado\/vander-participa-da-entrega-de-6-retroescavadeiras-do-pac-2-na-fronteira\/","url":"https:\/\/vanderloubet.com.br\/deputado\/vander-participa-da-entrega-de-6-retroescavadeiras-do-pac-2-na-fronteira\/","name":"Vander participa da entrega de 6 retroescavadeiras do PAC 2 na fronteira","isPartOf":{"@id":"https:\/\/vanderloubet.com.br\/deputado\/#website"},"primaryImageOfPage":{"@id":"https:\/\/vanderloubet.com.br\/deputado\/vander-participa-da-entrega-de-6-retroescavadeiras-do-pac-2-na-fronteira\/#primaryimage"},"image":{"@id":"https:\/\/vanderloubet.com.br\/deputado\/vander-participa-da-entrega-de-6-retroescavadeiras-do-pac-2-na-fronteira\/#primaryimage"},"thumbnailUrl":"http:\/\/www.deputadovander.com.br\/website\/wp-content\/uploads\/2013\/02\/foto-2013-02-26-retroescavadeiras-pac2-mda-420x280.jpg","datePublished":"2013-02-26T14:34:48+00:00","breadcrumb":{"@id":"https:\/\/vanderloubet.com.br\/deputado\/vander-participa-da-entrega-de-6-retroescavadeiras-do-pac-2-na-fronteira\/#breadcrumb"},"inLanguage":"pt-BR","potentialAction":[{"@type":"ReadAction","target":["https:\/\/vanderloubet.com.br\/deputado\/vander-participa-da-entrega-de-6-retroescavadeiras-do-pac-2-na-fronteira\/"]}]},{"@type":"ImageObject","inLanguage":"pt-BR","@id":"https:\/\/vanderloubet.com.br\/deputado\/vander-participa-da-entrega-de-6-retroescavadeiras-do-pac-2-na-fronteira\/#primaryimage","url":"http:\/\/www.deputadovander.com.br\/website\/wp-content\/uploads\/2013\/02\/foto-2013-02-26-retroescavadeiras-pac2-mda-420x280.jpg","contentUrl":"http:\/\/www.deputadovander.com.br\/website\/wp-content\/uploads\/2013\/02\/foto-2013-02-26-retroescavadeiras-pac2-mda-420x280.jpg"},{"@type":"BreadcrumbList","@id":"https:\/\/vanderloubet.com.br\/deputado\/vander-participa-da-entrega-de-6-retroescavadeiras-do-pac-2-na-fronteira\/#breadcrumb","itemListElement":[{"@type":"ListItem","position":1,"name":"In\u00edcio","item":"https:\/\/vanderloubet.com.br\/deputado\/"},{"@type":"ListItem","position":2,"name":"Vander participa da entrega de 6 retroescavadeiras do PAC 2 na fronteira"}]},{"@type":"WebSite","@id":"https:\/\/vanderloubet.com.br\/deputado\/#website","url":"https:\/\/vanderloubet.com.br\/deputado\/","name":"Deputado Federal Vander Loubet","description":"O Federal de MS","publisher":{"@id":"https:\/\/vanderloubet.com.br\/deputado\/#organization"},"alternateName":"Deputado Vander","potentialAction":[{"@type":"SearchAction","target":{"@type":"EntryPoint","urlTemplate":"https:\/\/vanderloubet.com.br\/deputado\/?s={search_term_string}"},"query-input":{"@type":"PropertyValueSpecification","valueRequired":true,"valueName":"search_term_string"}}],"inLanguage":"pt-BR"},{"@type":"Organization","@id":"https:\/\/vanderloubet.com.br\/deputado\/#organization","name":"Deputado Federal Vander Loubet","alternateName":"Deputado Vander","url":"https:\/\/vanderloubet.com.br\/deputado\/","logo":{"@type":"ImageObject","inLanguage":"pt-BR","@id":"https:\/\/vanderloubet.com.br\/deputado\/#\/schema\/logo\/image\/","url":"https:\/\/vanderloubet.com.br\/deputado\/wp-content\/uploads\/2023\/06\/foto-2023-06-19-mandato-deputado-vander.jpg","contentUrl":"https:\/\/vanderloubet.com.br\/deputado\/wp-content\/uploads\/2023\/06\/foto-2023-06-19-mandato-deputado-vander.jpg","width":1080,"height":1080,"caption":"Deputado Federal Vander Loubet"},"image":{"@id":"https:\/\/vanderloubet.com.br\/deputado\/#\/schema\/logo\/image\/"},"sameAs":["https:\/\/facebook.com\/deputadovander","https:\/\/x.com\/vanderloubet","https:\/\/instagram.com\/vanderloubet","https:\/\/youtube.com\/vanderloubet","https:\/\/tiktok.com\/@vanderloubetms"]},{"@type":"Person","@id":"https:\/\/vanderloubet.com.br\/deputado\/#\/schema\/person\/15b51bd564532a8a68d9dec1b8eb890e","name":"\u00c9der","image":{"@type":"ImageObject","inLanguage":"pt-BR","@id":"https:\/\/vanderloubet.com.br\/deputado\/wp-content\/litespeed\/avatar\/88ca4090d9d5ab1c9495f6ca03b68efa.jpg?ver=1777058957","url":"https:\/\/vanderloubet.com.br\/deputado\/wp-content\/litespeed\/avatar\/88ca4090d9d5ab1c9495f6ca03b68efa.jpg?ver=1777058957","contentUrl":"https:\/\/vanderloubet.com.br\/deputado\/wp-content\/litespeed\/avatar\/88ca4090d9d5ab1c9495f6ca03b68efa.jpg?ver=1777058957","caption":"\u00c9der"}}]}},"jetpack_featured_media_url":"","jetpack_sharing_enabled":true,"_links":{"self":[{"href":"https:\/\/vanderloubet.com.br\/deputado\/wp-json\/wp\/v2\/posts\/6123","targetHints":{"allow":["GET"]}}],"collection":[{"href":"https:\/\/vanderloubet.com.br\/deputado\/wp-json\/wp\/v2\/posts"}],"about":[{"href":"https:\/\/vanderloubet.com.br\/deputado\/wp-json\/wp\/v2\/types\/post"}],"author":[{"embeddable":true,"href":"https:\/\/vanderloubet.com.br\/deputado\/wp-json\/wp\/v2\/users\/2"}],"replies":[{"embeddable":true,"href":"https:\/\/vanderloubet.com.br\/deputado\/wp-json\/wp\/v2\/comments?post=6123"}],"version-history":[{"count":0,"href":"https:\/\/vanderloubet.com.br\/deputado\/wp-json\/wp\/v2\/posts\/6123\/revisions"}],"wp:attachment":[{"href":"https:\/\/vanderloubet.com.br\/deputado\/wp-json\/wp\/v2\/media?parent=6123"}],"wp:term":[{"taxonomy":"category","embeddable":true,"href":"https:\/\/vanderloubet.com.br\/deputado\/wp-json\/wp\/v2\/categories?post=6123"},{"taxonomy":"post_tag","embeddable":true,"href":"https:\/\/vanderloubet.com.br\/deputado\/wp-json\/wp\/v2\/tags?post=6123"}],"curies":[{"name":"wp","href":"https:\/\/api.w.org\/{rel}","templated":true}]}}