{"id":6101,"date":"2013-02-20T08:00:46","date_gmt":"2013-02-20T12:00:46","guid":{"rendered":"http:\/\/www.deputadovander.com.br\/website\/?p=6101"},"modified":"2023-02-23T19:46:23","modified_gmt":"2023-02-23T23:46:23","slug":"vander-ja-atua-com-takimoto-para-ajudar-a-construir-hospital-em-dourados","status":"publish","type":"post","link":"https:\/\/vanderloubet.com.br\/deputado\/vander-ja-atua-com-takimoto-para-ajudar-a-construir-hospital-em-dourados\/","title":{"rendered":"Vander atua com Takimoto para ajudar a construir Hospital Regional de Dourados"},"content":{"rendered":"<p>Um sonho antigo de toda a regi\u00e3o da Grande Dourados enfim pode se tornar realidade: a constru\u00e7\u00e3o do Hospital Regional de Dourados. A obra foi confirmada ao deputado estadual George Takimoto na manh\u00e3 desta ter\u00e7a-feira (19) pelo Governo do Estado. Com o compromisso j\u00e1 assumido pelo Executivo Estadual, o deputado destaca que o pr\u00f3ximo passo agora ficar\u00e1 a cargo da Prefeitura, respons\u00e1vel pela libera\u00e7\u00e3o da \u00e1rea onde o complexo ser\u00e1 erguido.<\/p>\n<p>Para garantir a obra, os recursos ser\u00e3o viabilizados por fontes estaduais e federais. Nesse contexto, entram com peso decisivo as bancadas parlamentares formadas pelos 24 deputados estaduais, oito deputados federais e tr\u00eas senadores. Takimoto adianta, inclusive, que o deputado federal Vander Loubet j\u00e1 vem desenvolvendo um trabalho de articula\u00e7\u00e3o com o Minist\u00e9rio da Sa\u00fade para atender a obra.<\/p>\n<p>Takimoto ressalta o alcance social do investimento e o esfor\u00e7o de todos para torn\u00e1-lo realidade. &#8220;Na verdade, o m\u00e9rito dessa conquista \u00e9 da sociedade, \u00e9 da luta dos prefeitos e porta-vozes de cidades que ainda n\u00e3o disp\u00f5em de estrutura hospitalar adequada para atendimentos mais complexos&#8221;, assinalou Takimoto.<\/p>\n<p>A constru\u00e7\u00e3o do hospital atende o clamor das mais de 800 mil pessoas que moram nos 34 munic\u00edpios que formam a Grande Dourados. Diariamente, pacientes dessas cidades desembarcam em Dourados \u00e0 procura de assist\u00eancia hospitalar. A rede local fica congestionada e isso compromete o atendimento. O Hospital Regional vai refor\u00e7ar uma rede que hoje conta com os hospitais da Universidade Federal da Grande Dourados (UFGD), do Trauma e o Evang\u00e9lico.<\/p>\n<p><span style=\"font-size: 11px;\">(Fonte: Assessoria\/Deputado Takimoto)<\/span><\/p>\n","protected":false},"excerpt":{"rendered":"<p>Para ser concretizado, Hospital Regional de Dourados dever\u00e1 somar esfor\u00e7os municipais, estaduais e federais.<\/p>\n","protected":false},"author":2,"featured_media":18786,"comment_status":"closed","ping_status":"open","sticky":false,"template":"","format":"standard","meta":{"jetpack_post_was_ever_published":false,"_jetpack_newsletter_access":"","_jetpack_dont_email_post_to_subs":false,"_jetpack_newsletter_tier_id":0,"_jetpack_memberships_contains_paywalled_content":false,"_jetpack_memberships_contains_paid_content":false,"footnotes":""},"categories":[10],"tags":[672,906,972,1302,1700,1803,1913],"class_list":{"0":"post-6101","1":"post","2":"type-post","3":"status-publish","4":"format-standard","5":"has-post-thumbnail","7":"category-noticias","8":"tag-dourados","9":"tag-george","10":"tag-hospital","11":"tag-ministerio","12":"tag-regional","13":"tag-saude","14":"tag-takimoto"},"yoast_head":"<!-- This site is optimized with the Yoast SEO plugin v27.4 - https:\/\/yoast.com\/product\/yoast-seo-wordpress\/ -->\n<title>Vander atua com Takimoto para ajudar a construir Hospital Regional de Dourados<\/title>\n<meta name=\"description\" content=\"Para ser concretizado, Hospital Regional de Dourados dever\u00e1 somar esfor\u00e7os municipais, estaduais e federais.\" \/>\n<meta name=\"robots\" content=\"index, follow, max-snippet:-1, max-image-preview:large, max-video-preview:-1\" \/>\n<link rel=\"canonical\" href=\"https:\/\/vanderloubet.com.br\/deputado\/vander-ja-atua-com-takimoto-para-ajudar-a-construir-hospital-em-dourados\/\" \/>\n<meta property=\"og:locale\" content=\"pt_BR\" \/>\n<meta property=\"og:type\" content=\"article\" \/>\n<meta property=\"og:title\" content=\"Vander atua com Takimoto para ajudar a construir Hospital Regional de Dourados\" \/>\n<meta property=\"og:description\" content=\"Para ser concretizado, Hospital Regional de Dourados dever\u00e1 somar esfor\u00e7os municipais, estaduais e federais.\" \/>\n<meta property=\"og:url\" content=\"https:\/\/vanderloubet.com.br\/deputado\/vander-ja-atua-com-takimoto-para-ajudar-a-construir-hospital-em-dourados\/\" \/>\n<meta property=\"og:site_name\" content=\"Deputado Federal Vander Loubet\" \/>\n<meta property=\"article:publisher\" content=\"https:\/\/facebook.com\/deputadovander\" \/>\n<meta property=\"article:published_time\" content=\"2013-02-20T12:00:46+00:00\" \/>\n<meta property=\"article:modified_time\" content=\"2023-02-23T23:46:23+00:00\" \/>\n<meta property=\"og:image\" content=\"https:\/\/vanderloubet.com.br\/deputado\/wp-content\/uploads\/2013\/02\/foto-2013-02-20-padilha-vander-takimoto.jpg\" \/>\n\t<meta property=\"og:image:width\" content=\"900\" \/>\n\t<meta property=\"og:image:height\" content=\"600\" \/>\n\t<meta property=\"og:image:type\" content=\"image\/jpeg\" \/>\n<meta name=\"author\" content=\"\u00c9der\" \/>\n<meta name=\"twitter:card\" content=\"summary_large_image\" \/>\n<meta name=\"twitter:creator\" content=\"@vanderloubet\" \/>\n<meta name=\"twitter:site\" content=\"@vanderloubet\" \/>\n<script type=\"application\/ld+json\" class=\"yoast-schema-graph\">{\"@context\":\"https:\\\/\\\/schema.org\",\"@graph\":[{\"@type\":\"Article\",\"@id\":\"https:\\\/\\\/vanderloubet.com.br\\\/deputado\\\/vander-ja-atua-com-takimoto-para-ajudar-a-construir-hospital-em-dourados\\\/#article\",\"isPartOf\":{\"@id\":\"https:\\\/\\\/vanderloubet.com.br\\\/deputado\\\/vander-ja-atua-com-takimoto-para-ajudar-a-construir-hospital-em-dourados\\\/\"},\"author\":{\"name\":\"\u00c9der\",\"@id\":\"https:\\\/\\\/vanderloubet.com.br\\\/deputado\\\/#\\\/schema\\\/person\\\/15b51bd564532a8a68d9dec1b8eb890e\"},\"headline\":\"Vander atua com Takimoto para ajudar a construir Hospital Regional de Dourados\",\"datePublished\":\"2013-02-20T12:00:46+00:00\",\"dateModified\":\"2023-02-23T23:46:23+00:00\",\"mainEntityOfPage\":{\"@id\":\"https:\\\/\\\/vanderloubet.com.br\\\/deputado\\\/vander-ja-atua-com-takimoto-para-ajudar-a-construir-hospital-em-dourados\\\/\"},\"wordCount\":276,\"publisher\":{\"@id\":\"https:\\\/\\\/vanderloubet.com.br\\\/deputado\\\/#organization\"},\"image\":{\"@id\":\"https:\\\/\\\/vanderloubet.com.br\\\/deputado\\\/vander-ja-atua-com-takimoto-para-ajudar-a-construir-hospital-em-dourados\\\/#primaryimage\"},\"thumbnailUrl\":\"https:\\\/\\\/vanderloubet.com.br\\\/deputado\\\/wp-content\\\/uploads\\\/2013\\\/02\\\/foto-2013-02-20-padilha-vander-takimoto.jpg\",\"keywords\":[\"dourados\",\"george\",\"hospital\",\"minist\u00e9rio\",\"regional\",\"sa\u00fade\",\"takimoto\"],\"articleSection\":[\"Not\u00edcias\"],\"inLanguage\":\"pt-BR\"},{\"@type\":\"WebPage\",\"@id\":\"https:\\\/\\\/vanderloubet.com.br\\\/deputado\\\/vander-ja-atua-com-takimoto-para-ajudar-a-construir-hospital-em-dourados\\\/\",\"url\":\"https:\\\/\\\/vanderloubet.com.br\\\/deputado\\\/vander-ja-atua-com-takimoto-para-ajudar-a-construir-hospital-em-dourados\\\/\",\"name\":\"Vander atua com Takimoto para ajudar a construir Hospital Regional de Dourados\",\"isPartOf\":{\"@id\":\"https:\\\/\\\/vanderloubet.com.br\\\/deputado\\\/#website\"},\"primaryImageOfPage\":{\"@id\":\"https:\\\/\\\/vanderloubet.com.br\\\/deputado\\\/vander-ja-atua-com-takimoto-para-ajudar-a-construir-hospital-em-dourados\\\/#primaryimage\"},\"image\":{\"@id\":\"https:\\\/\\\/vanderloubet.com.br\\\/deputado\\\/vander-ja-atua-com-takimoto-para-ajudar-a-construir-hospital-em-dourados\\\/#primaryimage\"},\"thumbnailUrl\":\"https:\\\/\\\/vanderloubet.com.br\\\/deputado\\\/wp-content\\\/uploads\\\/2013\\\/02\\\/foto-2013-02-20-padilha-vander-takimoto.jpg\",\"datePublished\":\"2013-02-20T12:00:46+00:00\",\"dateModified\":\"2023-02-23T23:46:23+00:00\",\"description\":\"Para ser concretizado, Hospital Regional de Dourados dever\u00e1 somar esfor\u00e7os municipais, estaduais e federais.\",\"breadcrumb\":{\"@id\":\"https:\\\/\\\/vanderloubet.com.br\\\/deputado\\\/vander-ja-atua-com-takimoto-para-ajudar-a-construir-hospital-em-dourados\\\/#breadcrumb\"},\"inLanguage\":\"pt-BR\",\"potentialAction\":[{\"@type\":\"ReadAction\",\"target\":[\"https:\\\/\\\/vanderloubet.com.br\\\/deputado\\\/vander-ja-atua-com-takimoto-para-ajudar-a-construir-hospital-em-dourados\\\/\"]}]},{\"@type\":\"ImageObject\",\"inLanguage\":\"pt-BR\",\"@id\":\"https:\\\/\\\/vanderloubet.com.br\\\/deputado\\\/vander-ja-atua-com-takimoto-para-ajudar-a-construir-hospital-em-dourados\\\/#primaryimage\",\"url\":\"https:\\\/\\\/vanderloubet.com.br\\\/deputado\\\/wp-content\\\/uploads\\\/2013\\\/02\\\/foto-2013-02-20-padilha-vander-takimoto.jpg\",\"contentUrl\":\"https:\\\/\\\/vanderloubet.com.br\\\/deputado\\\/wp-content\\\/uploads\\\/2013\\\/02\\\/foto-2013-02-20-padilha-vander-takimoto.jpg\",\"width\":900,\"height\":600,\"caption\":\"Ministro Padilha, da Sa\u00fade, recebendo Vander e Takimoto em Bras\u00edlia\"},{\"@type\":\"BreadcrumbList\",\"@id\":\"https:\\\/\\\/vanderloubet.com.br\\\/deputado\\\/vander-ja-atua-com-takimoto-para-ajudar-a-construir-hospital-em-dourados\\\/#breadcrumb\",\"itemListElement\":[{\"@type\":\"ListItem\",\"position\":1,\"name\":\"In\u00edcio\",\"item\":\"https:\\\/\\\/vanderloubet.com.br\\\/deputado\\\/\"},{\"@type\":\"ListItem\",\"position\":2,\"name\":\"Vander atua com Takimoto para ajudar a construir Hospital Regional de Dourados\"}]},{\"@type\":\"WebSite\",\"@id\":\"https:\\\/\\\/vanderloubet.com.br\\\/deputado\\\/#website\",\"url\":\"https:\\\/\\\/vanderloubet.com.br\\\/deputado\\\/\",\"name\":\"Deputado Federal Vander Loubet\",\"description\":\"O Federal de MS\",\"publisher\":{\"@id\":\"https:\\\/\\\/vanderloubet.com.br\\\/deputado\\\/#organization\"},\"alternateName\":\"Deputado Vander\",\"potentialAction\":[{\"@type\":\"SearchAction\",\"target\":{\"@type\":\"EntryPoint\",\"urlTemplate\":\"https:\\\/\\\/vanderloubet.com.br\\\/deputado\\\/?s={search_term_string}\"},\"query-input\":{\"@type\":\"PropertyValueSpecification\",\"valueRequired\":true,\"valueName\":\"search_term_string\"}}],\"inLanguage\":\"pt-BR\"},{\"@type\":\"Organization\",\"@id\":\"https:\\\/\\\/vanderloubet.com.br\\\/deputado\\\/#organization\",\"name\":\"Deputado Federal Vander Loubet\",\"alternateName\":\"Deputado Vander\",\"url\":\"https:\\\/\\\/vanderloubet.com.br\\\/deputado\\\/\",\"logo\":{\"@type\":\"ImageObject\",\"inLanguage\":\"pt-BR\",\"@id\":\"https:\\\/\\\/vanderloubet.com.br\\\/deputado\\\/#\\\/schema\\\/logo\\\/image\\\/\",\"url\":\"https:\\\/\\\/vanderloubet.com.br\\\/deputado\\\/wp-content\\\/uploads\\\/2023\\\/06\\\/foto-2023-06-19-mandato-deputado-vander.jpg\",\"contentUrl\":\"https:\\\/\\\/vanderloubet.com.br\\\/deputado\\\/wp-content\\\/uploads\\\/2023\\\/06\\\/foto-2023-06-19-mandato-deputado-vander.jpg\",\"width\":1080,\"height\":1080,\"caption\":\"Deputado Federal Vander Loubet\"},\"image\":{\"@id\":\"https:\\\/\\\/vanderloubet.com.br\\\/deputado\\\/#\\\/schema\\\/logo\\\/image\\\/\"},\"sameAs\":[\"https:\\\/\\\/facebook.com\\\/deputadovander\",\"https:\\\/\\\/x.com\\\/vanderloubet\",\"https:\\\/\\\/instagram.com\\\/vanderloubet\",\"https:\\\/\\\/youtube.com\\\/vanderloubet\",\"https:\\\/\\\/tiktok.com\\\/@vanderloubetms\"]},{\"@type\":\"Person\",\"@id\":\"https:\\\/\\\/vanderloubet.com.br\\\/deputado\\\/#\\\/schema\\\/person\\\/15b51bd564532a8a68d9dec1b8eb890e\",\"name\":\"\u00c9der\",\"image\":{\"@type\":\"ImageObject\",\"inLanguage\":\"pt-BR\",\"@id\":\"https:\\\/\\\/vanderloubet.com.br\\\/deputado\\\/wp-content\\\/litespeed\\\/avatar\\\/88ca4090d9d5ab1c9495f6ca03b68efa.jpg?ver=1777058957\",\"url\":\"https:\\\/\\\/vanderloubet.com.br\\\/deputado\\\/wp-content\\\/litespeed\\\/avatar\\\/88ca4090d9d5ab1c9495f6ca03b68efa.jpg?ver=1777058957\",\"contentUrl\":\"https:\\\/\\\/vanderloubet.com.br\\\/deputado\\\/wp-content\\\/litespeed\\\/avatar\\\/88ca4090d9d5ab1c9495f6ca03b68efa.jpg?ver=1777058957\",\"caption\":\"\u00c9der\"}}]}<\/script>\n<!-- \/ Yoast SEO plugin. -->","yoast_head_json":{"title":"Vander atua com Takimoto para ajudar a construir Hospital Regional de Dourados","description":"Para ser concretizado, Hospital Regional de Dourados dever\u00e1 somar esfor\u00e7os municipais, estaduais e federais.","robots":{"index":"index","follow":"follow","max-snippet":"max-snippet:-1","max-image-preview":"max-image-preview:large","max-video-preview":"max-video-preview:-1"},"canonical":"https:\/\/vanderloubet.com.br\/deputado\/vander-ja-atua-com-takimoto-para-ajudar-a-construir-hospital-em-dourados\/","og_locale":"pt_BR","og_type":"article","og_title":"Vander atua com Takimoto para ajudar a construir Hospital Regional de Dourados","og_description":"Para ser concretizado, Hospital Regional de Dourados dever\u00e1 somar esfor\u00e7os municipais, estaduais e federais.","og_url":"https:\/\/vanderloubet.com.br\/deputado\/vander-ja-atua-com-takimoto-para-ajudar-a-construir-hospital-em-dourados\/","og_site_name":"Deputado Federal Vander Loubet","article_publisher":"https:\/\/facebook.com\/deputadovander","article_published_time":"2013-02-20T12:00:46+00:00","article_modified_time":"2023-02-23T23:46:23+00:00","og_image":[{"width":900,"height":600,"url":"https:\/\/vanderloubet.com.br\/deputado\/wp-content\/uploads\/2013\/02\/foto-2013-02-20-padilha-vander-takimoto.jpg","type":"image\/jpeg"}],"author":"\u00c9der","twitter_card":"summary_large_image","twitter_creator":"@vanderloubet","twitter_site":"@vanderloubet","schema":{"@context":"https:\/\/schema.org","@graph":[{"@type":"Article","@id":"https:\/\/vanderloubet.com.br\/deputado\/vander-ja-atua-com-takimoto-para-ajudar-a-construir-hospital-em-dourados\/#article","isPartOf":{"@id":"https:\/\/vanderloubet.com.br\/deputado\/vander-ja-atua-com-takimoto-para-ajudar-a-construir-hospital-em-dourados\/"},"author":{"name":"\u00c9der","@id":"https:\/\/vanderloubet.com.br\/deputado\/#\/schema\/person\/15b51bd564532a8a68d9dec1b8eb890e"},"headline":"Vander atua com Takimoto para ajudar a construir Hospital Regional de Dourados","datePublished":"2013-02-20T12:00:46+00:00","dateModified":"2023-02-23T23:46:23+00:00","mainEntityOfPage":{"@id":"https:\/\/vanderloubet.com.br\/deputado\/vander-ja-atua-com-takimoto-para-ajudar-a-construir-hospital-em-dourados\/"},"wordCount":276,"publisher":{"@id":"https:\/\/vanderloubet.com.br\/deputado\/#organization"},"image":{"@id":"https:\/\/vanderloubet.com.br\/deputado\/vander-ja-atua-com-takimoto-para-ajudar-a-construir-hospital-em-dourados\/#primaryimage"},"thumbnailUrl":"https:\/\/vanderloubet.com.br\/deputado\/wp-content\/uploads\/2013\/02\/foto-2013-02-20-padilha-vander-takimoto.jpg","keywords":["dourados","george","hospital","minist\u00e9rio","regional","sa\u00fade","takimoto"],"articleSection":["Not\u00edcias"],"inLanguage":"pt-BR"},{"@type":"WebPage","@id":"https:\/\/vanderloubet.com.br\/deputado\/vander-ja-atua-com-takimoto-para-ajudar-a-construir-hospital-em-dourados\/","url":"https:\/\/vanderloubet.com.br\/deputado\/vander-ja-atua-com-takimoto-para-ajudar-a-construir-hospital-em-dourados\/","name":"Vander atua com Takimoto para ajudar a construir Hospital Regional de Dourados","isPartOf":{"@id":"https:\/\/vanderloubet.com.br\/deputado\/#website"},"primaryImageOfPage":{"@id":"https:\/\/vanderloubet.com.br\/deputado\/vander-ja-atua-com-takimoto-para-ajudar-a-construir-hospital-em-dourados\/#primaryimage"},"image":{"@id":"https:\/\/vanderloubet.com.br\/deputado\/vander-ja-atua-com-takimoto-para-ajudar-a-construir-hospital-em-dourados\/#primaryimage"},"thumbnailUrl":"https:\/\/vanderloubet.com.br\/deputado\/wp-content\/uploads\/2013\/02\/foto-2013-02-20-padilha-vander-takimoto.jpg","datePublished":"2013-02-20T12:00:46+00:00","dateModified":"2023-02-23T23:46:23+00:00","description":"Para ser concretizado, Hospital Regional de Dourados dever\u00e1 somar esfor\u00e7os municipais, estaduais e federais.","breadcrumb":{"@id":"https:\/\/vanderloubet.com.br\/deputado\/vander-ja-atua-com-takimoto-para-ajudar-a-construir-hospital-em-dourados\/#breadcrumb"},"inLanguage":"pt-BR","potentialAction":[{"@type":"ReadAction","target":["https:\/\/vanderloubet.com.br\/deputado\/vander-ja-atua-com-takimoto-para-ajudar-a-construir-hospital-em-dourados\/"]}]},{"@type":"ImageObject","inLanguage":"pt-BR","@id":"https:\/\/vanderloubet.com.br\/deputado\/vander-ja-atua-com-takimoto-para-ajudar-a-construir-hospital-em-dourados\/#primaryimage","url":"https:\/\/vanderloubet.com.br\/deputado\/wp-content\/uploads\/2013\/02\/foto-2013-02-20-padilha-vander-takimoto.jpg","contentUrl":"https:\/\/vanderloubet.com.br\/deputado\/wp-content\/uploads\/2013\/02\/foto-2013-02-20-padilha-vander-takimoto.jpg","width":900,"height":600,"caption":"Ministro Padilha, da Sa\u00fade, recebendo Vander e Takimoto em Bras\u00edlia"},{"@type":"BreadcrumbList","@id":"https:\/\/vanderloubet.com.br\/deputado\/vander-ja-atua-com-takimoto-para-ajudar-a-construir-hospital-em-dourados\/#breadcrumb","itemListElement":[{"@type":"ListItem","position":1,"name":"In\u00edcio","item":"https:\/\/vanderloubet.com.br\/deputado\/"},{"@type":"ListItem","position":2,"name":"Vander atua com Takimoto para ajudar a construir Hospital Regional de Dourados"}]},{"@type":"WebSite","@id":"https:\/\/vanderloubet.com.br\/deputado\/#website","url":"https:\/\/vanderloubet.com.br\/deputado\/","name":"Deputado Federal Vander Loubet","description":"O Federal de MS","publisher":{"@id":"https:\/\/vanderloubet.com.br\/deputado\/#organization"},"alternateName":"Deputado Vander","potentialAction":[{"@type":"SearchAction","target":{"@type":"EntryPoint","urlTemplate":"https:\/\/vanderloubet.com.br\/deputado\/?s={search_term_string}"},"query-input":{"@type":"PropertyValueSpecification","valueRequired":true,"valueName":"search_term_string"}}],"inLanguage":"pt-BR"},{"@type":"Organization","@id":"https:\/\/vanderloubet.com.br\/deputado\/#organization","name":"Deputado Federal Vander Loubet","alternateName":"Deputado Vander","url":"https:\/\/vanderloubet.com.br\/deputado\/","logo":{"@type":"ImageObject","inLanguage":"pt-BR","@id":"https:\/\/vanderloubet.com.br\/deputado\/#\/schema\/logo\/image\/","url":"https:\/\/vanderloubet.com.br\/deputado\/wp-content\/uploads\/2023\/06\/foto-2023-06-19-mandato-deputado-vander.jpg","contentUrl":"https:\/\/vanderloubet.com.br\/deputado\/wp-content\/uploads\/2023\/06\/foto-2023-06-19-mandato-deputado-vander.jpg","width":1080,"height":1080,"caption":"Deputado Federal Vander Loubet"},"image":{"@id":"https:\/\/vanderloubet.com.br\/deputado\/#\/schema\/logo\/image\/"},"sameAs":["https:\/\/facebook.com\/deputadovander","https:\/\/x.com\/vanderloubet","https:\/\/instagram.com\/vanderloubet","https:\/\/youtube.com\/vanderloubet","https:\/\/tiktok.com\/@vanderloubetms"]},{"@type":"Person","@id":"https:\/\/vanderloubet.com.br\/deputado\/#\/schema\/person\/15b51bd564532a8a68d9dec1b8eb890e","name":"\u00c9der","image":{"@type":"ImageObject","inLanguage":"pt-BR","@id":"https:\/\/vanderloubet.com.br\/deputado\/wp-content\/litespeed\/avatar\/88ca4090d9d5ab1c9495f6ca03b68efa.jpg?ver=1777058957","url":"https:\/\/vanderloubet.com.br\/deputado\/wp-content\/litespeed\/avatar\/88ca4090d9d5ab1c9495f6ca03b68efa.jpg?ver=1777058957","contentUrl":"https:\/\/vanderloubet.com.br\/deputado\/wp-content\/litespeed\/avatar\/88ca4090d9d5ab1c9495f6ca03b68efa.jpg?ver=1777058957","caption":"\u00c9der"}}]}},"jetpack_featured_media_url":"https:\/\/vanderloubet.com.br\/deputado\/wp-content\/uploads\/2013\/02\/foto-2013-02-20-padilha-vander-takimoto.jpg","jetpack_sharing_enabled":true,"_links":{"self":[{"href":"https:\/\/vanderloubet.com.br\/deputado\/wp-json\/wp\/v2\/posts\/6101","targetHints":{"allow":["GET"]}}],"collection":[{"href":"https:\/\/vanderloubet.com.br\/deputado\/wp-json\/wp\/v2\/posts"}],"about":[{"href":"https:\/\/vanderloubet.com.br\/deputado\/wp-json\/wp\/v2\/types\/post"}],"author":[{"embeddable":true,"href":"https:\/\/vanderloubet.com.br\/deputado\/wp-json\/wp\/v2\/users\/2"}],"replies":[{"embeddable":true,"href":"https:\/\/vanderloubet.com.br\/deputado\/wp-json\/wp\/v2\/comments?post=6101"}],"version-history":[{"count":0,"href":"https:\/\/vanderloubet.com.br\/deputado\/wp-json\/wp\/v2\/posts\/6101\/revisions"}],"wp:featuredmedia":[{"embeddable":true,"href":"https:\/\/vanderloubet.com.br\/deputado\/wp-json\/wp\/v2\/media\/18786"}],"wp:attachment":[{"href":"https:\/\/vanderloubet.com.br\/deputado\/wp-json\/wp\/v2\/media?parent=6101"}],"wp:term":[{"taxonomy":"category","embeddable":true,"href":"https:\/\/vanderloubet.com.br\/deputado\/wp-json\/wp\/v2\/categories?post=6101"},{"taxonomy":"post_tag","embeddable":true,"href":"https:\/\/vanderloubet.com.br\/deputado\/wp-json\/wp\/v2\/tags?post=6101"}],"curies":[{"name":"wp","href":"https:\/\/api.w.org\/{rel}","templated":true}]}}