{"id":6096,"date":"2013-02-21T07:00:19","date_gmt":"2013-02-21T11:00:19","guid":{"rendered":"http:\/\/www.deputadovander.com.br\/website\/?p=6096"},"modified":"2013-02-21T07:00:19","modified_gmt":"2013-02-21T11:00:19","slug":"pac-2-destina-36-motoniveladoras-para-fortalecer-agricultura-familiar-em-ms","status":"publish","type":"post","link":"https:\/\/vanderloubet.com.br\/deputado\/pac-2-destina-36-motoniveladoras-para-fortalecer-agricultura-familiar-em-ms\/","title":{"rendered":"PAC 2 destina 36 motoniveladoras para fortalecer agricultura familiar em MS"},"content":{"rendered":"<figure id=\"attachment_6097\" aria-describedby=\"caption-attachment-6097\" style=\"width: 420px\" class=\"wp-caption aligncenter\"><a href=\"http:\/\/www.deputadovander.com.br\/website\/wp-content\/uploads\/2013\/02\/foto-2013-02-18-motoniveladora-pac2.jpg\" target=\"_blank\"><img decoding=\"async\" class=\"size-medium wp-image-6097 \" title=\"Motoniveladoras semelhantes a esta ser\u00e3o entregues pelo PAC 2\" alt=\"Motoniveladoras semelhantes a esta ser\u00e3o entregues pelo PAC 2\" src=\"http:\/\/www.deputadovander.com.br\/website\/wp-content\/uploads\/2013\/02\/foto-2013-02-18-motoniveladora-pac2-420x315.jpg\" width=\"420\" height=\"315\" \/><\/a><figcaption id=\"caption-attachment-6097\" class=\"wp-caption-text\">Motoniveladoras semelhantes a esta ser\u00e3o entregues pelo PAC 2<\/figcaption><\/figure>\n<p>No in\u00edcio de fevereiro foi publicada no Di\u00e1rio Oficial da Uni\u00e3o (DOU) a portaria do Minist\u00e9rio do Desenvolvimento Agr\u00e1rio (MDA) com a rela\u00e7\u00e3o dos 36 munic\u00edpios sul-mato-grossenses contemplados com motoniveladoras por meio da segunda etapa do Programa de Acelera\u00e7\u00e3o do Crescimento (PAC 2) da Agricultura Familiar.<\/p>\n<p>O objetivo do maquin\u00e1rio \u00e9 facilitar a manuten\u00e7\u00e3o das estradas vicinais, o que fortalece o trabalho do pequeno produtor e dos moradores de assentamentos da reforma agr\u00e1ria. Os equipamentos foram viabilizados a partir da articula\u00e7\u00e3o pol\u00edtica do senador Delc\u00eddio do Amaral (PT-MS) e do deputado federal Vander Loubet (PT-MS) junto ao MDA e \u00e0 Presid\u00eancia da Rep\u00fablica.<\/p>\n<p>&#8220;\u00c9 um grande trabalho que est\u00e1 sendo feito. Come\u00e7ou no ano passado com a entrega de 40 retroescavadeiras, passou pela entrega de mais 33 destes equipamentos na semana passada e em julho ser\u00e3o as motoniveladoras. Sem d\u00favida essas m\u00e1quinas v\u00e3o apoiar muito o trabalho dos agricultores familiares na quest\u00e3o da gera\u00e7\u00e3o de renda, o que representa melhor qualidade de vida para essas fam\u00edlias&#8221;, declarou Vander.<\/p>\n<p>J\u00e1 o delegado do MDA em Mato Grosso do Sul, Jo\u00e3o Grand\u00e3o, frisou que os munic\u00edpios que ainda n\u00e3o foram contemplados t\u00eam at\u00e9 o dia 5 de abril para se cadastrarem no Minist\u00e9rio, formalizando a carta-consulta com a solicita\u00e7\u00e3o de maquin\u00e1rios para a agricultura familiar. &#8220;Temos, por exemplo, a Prefeitura de Para\u00edso das \u00c1guas, que n\u00e3o se beneficiou com a retroescavadeira por quest\u00f5es jur\u00eddicas. Agora, ela deve se cadastrar no Sispac para que possa tamb\u00e9m ser beneficiada n\u00e3o s\u00f3 com a retroescavadeira, como tamb\u00e9m com a motoniveladora&#8221;, explicou Grand\u00e3o.<\/p>\n<p>Os munic\u00edpios contemplados com as motoniveladoras s\u00e3o \u00c1gua Clara, Amambai, Anast\u00e1cio, Aparecida do Taboado, Aquidauana, Aral Moreira, Brasil\u00e2ndia, Caarap\u00f3, Camapu\u00e3, Cassil\u00e2ndia, Chapad\u00e3o do Sul, Costa Rica, Coxim, Deod\u00e1polis, Eldorado, F\u00e1tima do Sul, Iguatemi, Itapor\u00e3, Itaquira\u00ed, Ivinhema, Lad\u00e1rio, Maracaj\u00fa, Miranda, Navira\u00ed, Nova Alvorada do Sul, Nova Andradina, Parana\u00edba, Porto Murtinho, Ribas do Rio Parde, Rio Brilhante, Rio Verde, Santa Rita do Pardo, S\u00e3o Gabriel do Oeste, Sidrol\u00e2ndia, Sonora e Terenos.<\/p>\n<p><span style=\"font-size: 11px;\">(\u00c9der Yanaguita &#8211; Assessoria\/Deputado Vander, com informa\u00e7\u00f5es da Assessoria\/Senador Delc\u00eddio)<\/span><\/p>\n","protected":false},"excerpt":{"rendered":"<p>A\u00e7\u00e3o de Delc\u00eddio e Vander junto ao MDA e \u00e0 Presid\u00eancia foi fundamental para viabilizar o maquin\u00e1rio.<\/p>\n","protected":false},"author":2,"featured_media":0,"comment_status":"closed","ping_status":"open","sticky":false,"template":"","format":"standard","meta":{"jetpack_post_was_ever_published":false,"_jetpack_newsletter_access":"","_jetpack_dont_email_post_to_subs":false,"_jetpack_newsletter_tier_id":0,"_jetpack_memberships_contains_paywalled_content":false,"_jetpack_memberships_contains_paid_content":false,"footnotes":""},"categories":[10],"tags":[69,590,618,1251,1302,1326,1445,1823],"class_list":{"0":"post-6096","1":"post","2":"type-post","3":"status-publish","4":"format-standard","6":"category-noticias","7":"tag-agrario","8":"tag-delcidio","9":"tag-desenvolvimento","10":"tag-mda","11":"tag-ministerio","12":"tag-motoniveladora","13":"tag-pac","14":"tag-senador"},"yoast_head":"<!-- This site is optimized with the Yoast SEO plugin v27.4 - https:\/\/yoast.com\/product\/yoast-seo-wordpress\/ -->\n<title>PAC 2 destina 36 motoniveladoras para fortalecer agricultura familiar em MS<\/title>\n<meta name=\"robots\" content=\"index, follow, max-snippet:-1, max-image-preview:large, max-video-preview:-1\" \/>\n<link rel=\"canonical\" href=\"https:\/\/vanderloubet.com.br\/deputado\/pac-2-destina-36-motoniveladoras-para-fortalecer-agricultura-familiar-em-ms\/\" \/>\n<meta property=\"og:locale\" content=\"pt_BR\" \/>\n<meta property=\"og:type\" content=\"article\" \/>\n<meta property=\"og:title\" content=\"PAC 2 destina 36 motoniveladoras para fortalecer agricultura familiar em MS\" \/>\n<meta property=\"og:description\" content=\"A\u00e7\u00e3o de Delc\u00eddio e Vander junto ao MDA e \u00e0 Presid\u00eancia foi fundamental para viabilizar o maquin\u00e1rio.\" \/>\n<meta property=\"og:url\" content=\"https:\/\/vanderloubet.com.br\/deputado\/pac-2-destina-36-motoniveladoras-para-fortalecer-agricultura-familiar-em-ms\/\" \/>\n<meta property=\"og:site_name\" content=\"Deputado Federal Vander Loubet\" \/>\n<meta property=\"article:publisher\" content=\"https:\/\/facebook.com\/deputadovander\" \/>\n<meta property=\"article:published_time\" content=\"2013-02-21T11:00:19+00:00\" \/>\n<meta property=\"og:image\" content=\"http:\/\/www.deputadovander.com.br\/website\/wp-content\/uploads\/2013\/02\/foto-2013-02-18-motoniveladora-pac2-420x315.jpg\" \/>\n<meta name=\"author\" content=\"\u00c9der\" \/>\n<meta name=\"twitter:card\" content=\"summary_large_image\" \/>\n<meta name=\"twitter:creator\" content=\"@vanderloubet\" \/>\n<meta name=\"twitter:site\" content=\"@vanderloubet\" \/>\n<script type=\"application\/ld+json\" class=\"yoast-schema-graph\">{\"@context\":\"https:\\\/\\\/schema.org\",\"@graph\":[{\"@type\":\"Article\",\"@id\":\"https:\\\/\\\/vanderloubet.com.br\\\/deputado\\\/pac-2-destina-36-motoniveladoras-para-fortalecer-agricultura-familiar-em-ms\\\/#article\",\"isPartOf\":{\"@id\":\"https:\\\/\\\/vanderloubet.com.br\\\/deputado\\\/pac-2-destina-36-motoniveladoras-para-fortalecer-agricultura-familiar-em-ms\\\/\"},\"author\":{\"name\":\"\u00c9der\",\"@id\":\"https:\\\/\\\/vanderloubet.com.br\\\/deputado\\\/#\\\/schema\\\/person\\\/15b51bd564532a8a68d9dec1b8eb890e\"},\"headline\":\"PAC 2 destina 36 motoniveladoras para fortalecer agricultura familiar em MS\",\"datePublished\":\"2013-02-21T11:00:19+00:00\",\"mainEntityOfPage\":{\"@id\":\"https:\\\/\\\/vanderloubet.com.br\\\/deputado\\\/pac-2-destina-36-motoniveladoras-para-fortalecer-agricultura-familiar-em-ms\\\/\"},\"wordCount\":409,\"publisher\":{\"@id\":\"https:\\\/\\\/vanderloubet.com.br\\\/deputado\\\/#organization\"},\"image\":{\"@id\":\"https:\\\/\\\/vanderloubet.com.br\\\/deputado\\\/pac-2-destina-36-motoniveladoras-para-fortalecer-agricultura-familiar-em-ms\\\/#primaryimage\"},\"thumbnailUrl\":\"http:\\\/\\\/www.deputadovander.com.br\\\/website\\\/wp-content\\\/uploads\\\/2013\\\/02\\\/foto-2013-02-18-motoniveladora-pac2-420x315.jpg\",\"keywords\":[\"agr\u00e1rio\",\"delc\u00eddio\",\"desenvolvimento\",\"mda\",\"minist\u00e9rio\",\"motoniveladora\",\"pac\",\"senador\"],\"articleSection\":[\"Not\u00edcias\"],\"inLanguage\":\"pt-BR\"},{\"@type\":\"WebPage\",\"@id\":\"https:\\\/\\\/vanderloubet.com.br\\\/deputado\\\/pac-2-destina-36-motoniveladoras-para-fortalecer-agricultura-familiar-em-ms\\\/\",\"url\":\"https:\\\/\\\/vanderloubet.com.br\\\/deputado\\\/pac-2-destina-36-motoniveladoras-para-fortalecer-agricultura-familiar-em-ms\\\/\",\"name\":\"PAC 2 destina 36 motoniveladoras para fortalecer agricultura familiar em MS\",\"isPartOf\":{\"@id\":\"https:\\\/\\\/vanderloubet.com.br\\\/deputado\\\/#website\"},\"primaryImageOfPage\":{\"@id\":\"https:\\\/\\\/vanderloubet.com.br\\\/deputado\\\/pac-2-destina-36-motoniveladoras-para-fortalecer-agricultura-familiar-em-ms\\\/#primaryimage\"},\"image\":{\"@id\":\"https:\\\/\\\/vanderloubet.com.br\\\/deputado\\\/pac-2-destina-36-motoniveladoras-para-fortalecer-agricultura-familiar-em-ms\\\/#primaryimage\"},\"thumbnailUrl\":\"http:\\\/\\\/www.deputadovander.com.br\\\/website\\\/wp-content\\\/uploads\\\/2013\\\/02\\\/foto-2013-02-18-motoniveladora-pac2-420x315.jpg\",\"datePublished\":\"2013-02-21T11:00:19+00:00\",\"breadcrumb\":{\"@id\":\"https:\\\/\\\/vanderloubet.com.br\\\/deputado\\\/pac-2-destina-36-motoniveladoras-para-fortalecer-agricultura-familiar-em-ms\\\/#breadcrumb\"},\"inLanguage\":\"pt-BR\",\"potentialAction\":[{\"@type\":\"ReadAction\",\"target\":[\"https:\\\/\\\/vanderloubet.com.br\\\/deputado\\\/pac-2-destina-36-motoniveladoras-para-fortalecer-agricultura-familiar-em-ms\\\/\"]}]},{\"@type\":\"ImageObject\",\"inLanguage\":\"pt-BR\",\"@id\":\"https:\\\/\\\/vanderloubet.com.br\\\/deputado\\\/pac-2-destina-36-motoniveladoras-para-fortalecer-agricultura-familiar-em-ms\\\/#primaryimage\",\"url\":\"http:\\\/\\\/www.deputadovander.com.br\\\/website\\\/wp-content\\\/uploads\\\/2013\\\/02\\\/foto-2013-02-18-motoniveladora-pac2-420x315.jpg\",\"contentUrl\":\"http:\\\/\\\/www.deputadovander.com.br\\\/website\\\/wp-content\\\/uploads\\\/2013\\\/02\\\/foto-2013-02-18-motoniveladora-pac2-420x315.jpg\"},{\"@type\":\"BreadcrumbList\",\"@id\":\"https:\\\/\\\/vanderloubet.com.br\\\/deputado\\\/pac-2-destina-36-motoniveladoras-para-fortalecer-agricultura-familiar-em-ms\\\/#breadcrumb\",\"itemListElement\":[{\"@type\":\"ListItem\",\"position\":1,\"name\":\"In\u00edcio\",\"item\":\"https:\\\/\\\/vanderloubet.com.br\\\/deputado\\\/\"},{\"@type\":\"ListItem\",\"position\":2,\"name\":\"PAC 2 destina 36 motoniveladoras para fortalecer agricultura familiar em MS\"}]},{\"@type\":\"WebSite\",\"@id\":\"https:\\\/\\\/vanderloubet.com.br\\\/deputado\\\/#website\",\"url\":\"https:\\\/\\\/vanderloubet.com.br\\\/deputado\\\/\",\"name\":\"Deputado Federal Vander Loubet\",\"description\":\"O Federal de MS\",\"publisher\":{\"@id\":\"https:\\\/\\\/vanderloubet.com.br\\\/deputado\\\/#organization\"},\"alternateName\":\"Deputado Vander\",\"potentialAction\":[{\"@type\":\"SearchAction\",\"target\":{\"@type\":\"EntryPoint\",\"urlTemplate\":\"https:\\\/\\\/vanderloubet.com.br\\\/deputado\\\/?s={search_term_string}\"},\"query-input\":{\"@type\":\"PropertyValueSpecification\",\"valueRequired\":true,\"valueName\":\"search_term_string\"}}],\"inLanguage\":\"pt-BR\"},{\"@type\":\"Organization\",\"@id\":\"https:\\\/\\\/vanderloubet.com.br\\\/deputado\\\/#organization\",\"name\":\"Deputado Federal Vander Loubet\",\"alternateName\":\"Deputado Vander\",\"url\":\"https:\\\/\\\/vanderloubet.com.br\\\/deputado\\\/\",\"logo\":{\"@type\":\"ImageObject\",\"inLanguage\":\"pt-BR\",\"@id\":\"https:\\\/\\\/vanderloubet.com.br\\\/deputado\\\/#\\\/schema\\\/logo\\\/image\\\/\",\"url\":\"https:\\\/\\\/vanderloubet.com.br\\\/deputado\\\/wp-content\\\/uploads\\\/2023\\\/06\\\/foto-2023-06-19-mandato-deputado-vander.jpg\",\"contentUrl\":\"https:\\\/\\\/vanderloubet.com.br\\\/deputado\\\/wp-content\\\/uploads\\\/2023\\\/06\\\/foto-2023-06-19-mandato-deputado-vander.jpg\",\"width\":1080,\"height\":1080,\"caption\":\"Deputado Federal Vander Loubet\"},\"image\":{\"@id\":\"https:\\\/\\\/vanderloubet.com.br\\\/deputado\\\/#\\\/schema\\\/logo\\\/image\\\/\"},\"sameAs\":[\"https:\\\/\\\/facebook.com\\\/deputadovander\",\"https:\\\/\\\/x.com\\\/vanderloubet\",\"https:\\\/\\\/instagram.com\\\/vanderloubet\",\"https:\\\/\\\/youtube.com\\\/vanderloubet\",\"https:\\\/\\\/tiktok.com\\\/@vanderloubetms\"]},{\"@type\":\"Person\",\"@id\":\"https:\\\/\\\/vanderloubet.com.br\\\/deputado\\\/#\\\/schema\\\/person\\\/15b51bd564532a8a68d9dec1b8eb890e\",\"name\":\"\u00c9der\",\"image\":{\"@type\":\"ImageObject\",\"inLanguage\":\"pt-BR\",\"@id\":\"https:\\\/\\\/vanderloubet.com.br\\\/deputado\\\/wp-content\\\/litespeed\\\/avatar\\\/88ca4090d9d5ab1c9495f6ca03b68efa.jpg?ver=1777058957\",\"url\":\"https:\\\/\\\/vanderloubet.com.br\\\/deputado\\\/wp-content\\\/litespeed\\\/avatar\\\/88ca4090d9d5ab1c9495f6ca03b68efa.jpg?ver=1777058957\",\"contentUrl\":\"https:\\\/\\\/vanderloubet.com.br\\\/deputado\\\/wp-content\\\/litespeed\\\/avatar\\\/88ca4090d9d5ab1c9495f6ca03b68efa.jpg?ver=1777058957\",\"caption\":\"\u00c9der\"}}]}<\/script>\n<!-- \/ Yoast SEO plugin. -->","yoast_head_json":{"title":"PAC 2 destina 36 motoniveladoras para fortalecer agricultura familiar em MS","robots":{"index":"index","follow":"follow","max-snippet":"max-snippet:-1","max-image-preview":"max-image-preview:large","max-video-preview":"max-video-preview:-1"},"canonical":"https:\/\/vanderloubet.com.br\/deputado\/pac-2-destina-36-motoniveladoras-para-fortalecer-agricultura-familiar-em-ms\/","og_locale":"pt_BR","og_type":"article","og_title":"PAC 2 destina 36 motoniveladoras para fortalecer agricultura familiar em MS","og_description":"A\u00e7\u00e3o de Delc\u00eddio e Vander junto ao MDA e \u00e0 Presid\u00eancia foi fundamental para viabilizar o maquin\u00e1rio.","og_url":"https:\/\/vanderloubet.com.br\/deputado\/pac-2-destina-36-motoniveladoras-para-fortalecer-agricultura-familiar-em-ms\/","og_site_name":"Deputado Federal Vander Loubet","article_publisher":"https:\/\/facebook.com\/deputadovander","article_published_time":"2013-02-21T11:00:19+00:00","og_image":[{"url":"http:\/\/www.deputadovander.com.br\/website\/wp-content\/uploads\/2013\/02\/foto-2013-02-18-motoniveladora-pac2-420x315.jpg","type":"","width":"","height":""}],"author":"\u00c9der","twitter_card":"summary_large_image","twitter_creator":"@vanderloubet","twitter_site":"@vanderloubet","schema":{"@context":"https:\/\/schema.org","@graph":[{"@type":"Article","@id":"https:\/\/vanderloubet.com.br\/deputado\/pac-2-destina-36-motoniveladoras-para-fortalecer-agricultura-familiar-em-ms\/#article","isPartOf":{"@id":"https:\/\/vanderloubet.com.br\/deputado\/pac-2-destina-36-motoniveladoras-para-fortalecer-agricultura-familiar-em-ms\/"},"author":{"name":"\u00c9der","@id":"https:\/\/vanderloubet.com.br\/deputado\/#\/schema\/person\/15b51bd564532a8a68d9dec1b8eb890e"},"headline":"PAC 2 destina 36 motoniveladoras para fortalecer agricultura familiar em MS","datePublished":"2013-02-21T11:00:19+00:00","mainEntityOfPage":{"@id":"https:\/\/vanderloubet.com.br\/deputado\/pac-2-destina-36-motoniveladoras-para-fortalecer-agricultura-familiar-em-ms\/"},"wordCount":409,"publisher":{"@id":"https:\/\/vanderloubet.com.br\/deputado\/#organization"},"image":{"@id":"https:\/\/vanderloubet.com.br\/deputado\/pac-2-destina-36-motoniveladoras-para-fortalecer-agricultura-familiar-em-ms\/#primaryimage"},"thumbnailUrl":"http:\/\/www.deputadovander.com.br\/website\/wp-content\/uploads\/2013\/02\/foto-2013-02-18-motoniveladora-pac2-420x315.jpg","keywords":["agr\u00e1rio","delc\u00eddio","desenvolvimento","mda","minist\u00e9rio","motoniveladora","pac","senador"],"articleSection":["Not\u00edcias"],"inLanguage":"pt-BR"},{"@type":"WebPage","@id":"https:\/\/vanderloubet.com.br\/deputado\/pac-2-destina-36-motoniveladoras-para-fortalecer-agricultura-familiar-em-ms\/","url":"https:\/\/vanderloubet.com.br\/deputado\/pac-2-destina-36-motoniveladoras-para-fortalecer-agricultura-familiar-em-ms\/","name":"PAC 2 destina 36 motoniveladoras para fortalecer agricultura familiar em MS","isPartOf":{"@id":"https:\/\/vanderloubet.com.br\/deputado\/#website"},"primaryImageOfPage":{"@id":"https:\/\/vanderloubet.com.br\/deputado\/pac-2-destina-36-motoniveladoras-para-fortalecer-agricultura-familiar-em-ms\/#primaryimage"},"image":{"@id":"https:\/\/vanderloubet.com.br\/deputado\/pac-2-destina-36-motoniveladoras-para-fortalecer-agricultura-familiar-em-ms\/#primaryimage"},"thumbnailUrl":"http:\/\/www.deputadovander.com.br\/website\/wp-content\/uploads\/2013\/02\/foto-2013-02-18-motoniveladora-pac2-420x315.jpg","datePublished":"2013-02-21T11:00:19+00:00","breadcrumb":{"@id":"https:\/\/vanderloubet.com.br\/deputado\/pac-2-destina-36-motoniveladoras-para-fortalecer-agricultura-familiar-em-ms\/#breadcrumb"},"inLanguage":"pt-BR","potentialAction":[{"@type":"ReadAction","target":["https:\/\/vanderloubet.com.br\/deputado\/pac-2-destina-36-motoniveladoras-para-fortalecer-agricultura-familiar-em-ms\/"]}]},{"@type":"ImageObject","inLanguage":"pt-BR","@id":"https:\/\/vanderloubet.com.br\/deputado\/pac-2-destina-36-motoniveladoras-para-fortalecer-agricultura-familiar-em-ms\/#primaryimage","url":"http:\/\/www.deputadovander.com.br\/website\/wp-content\/uploads\/2013\/02\/foto-2013-02-18-motoniveladora-pac2-420x315.jpg","contentUrl":"http:\/\/www.deputadovander.com.br\/website\/wp-content\/uploads\/2013\/02\/foto-2013-02-18-motoniveladora-pac2-420x315.jpg"},{"@type":"BreadcrumbList","@id":"https:\/\/vanderloubet.com.br\/deputado\/pac-2-destina-36-motoniveladoras-para-fortalecer-agricultura-familiar-em-ms\/#breadcrumb","itemListElement":[{"@type":"ListItem","position":1,"name":"In\u00edcio","item":"https:\/\/vanderloubet.com.br\/deputado\/"},{"@type":"ListItem","position":2,"name":"PAC 2 destina 36 motoniveladoras para fortalecer agricultura familiar em MS"}]},{"@type":"WebSite","@id":"https:\/\/vanderloubet.com.br\/deputado\/#website","url":"https:\/\/vanderloubet.com.br\/deputado\/","name":"Deputado Federal Vander Loubet","description":"O Federal de MS","publisher":{"@id":"https:\/\/vanderloubet.com.br\/deputado\/#organization"},"alternateName":"Deputado Vander","potentialAction":[{"@type":"SearchAction","target":{"@type":"EntryPoint","urlTemplate":"https:\/\/vanderloubet.com.br\/deputado\/?s={search_term_string}"},"query-input":{"@type":"PropertyValueSpecification","valueRequired":true,"valueName":"search_term_string"}}],"inLanguage":"pt-BR"},{"@type":"Organization","@id":"https:\/\/vanderloubet.com.br\/deputado\/#organization","name":"Deputado Federal Vander Loubet","alternateName":"Deputado Vander","url":"https:\/\/vanderloubet.com.br\/deputado\/","logo":{"@type":"ImageObject","inLanguage":"pt-BR","@id":"https:\/\/vanderloubet.com.br\/deputado\/#\/schema\/logo\/image\/","url":"https:\/\/vanderloubet.com.br\/deputado\/wp-content\/uploads\/2023\/06\/foto-2023-06-19-mandato-deputado-vander.jpg","contentUrl":"https:\/\/vanderloubet.com.br\/deputado\/wp-content\/uploads\/2023\/06\/foto-2023-06-19-mandato-deputado-vander.jpg","width":1080,"height":1080,"caption":"Deputado Federal Vander Loubet"},"image":{"@id":"https:\/\/vanderloubet.com.br\/deputado\/#\/schema\/logo\/image\/"},"sameAs":["https:\/\/facebook.com\/deputadovander","https:\/\/x.com\/vanderloubet","https:\/\/instagram.com\/vanderloubet","https:\/\/youtube.com\/vanderloubet","https:\/\/tiktok.com\/@vanderloubetms"]},{"@type":"Person","@id":"https:\/\/vanderloubet.com.br\/deputado\/#\/schema\/person\/15b51bd564532a8a68d9dec1b8eb890e","name":"\u00c9der","image":{"@type":"ImageObject","inLanguage":"pt-BR","@id":"https:\/\/vanderloubet.com.br\/deputado\/wp-content\/litespeed\/avatar\/88ca4090d9d5ab1c9495f6ca03b68efa.jpg?ver=1777058957","url":"https:\/\/vanderloubet.com.br\/deputado\/wp-content\/litespeed\/avatar\/88ca4090d9d5ab1c9495f6ca03b68efa.jpg?ver=1777058957","contentUrl":"https:\/\/vanderloubet.com.br\/deputado\/wp-content\/litespeed\/avatar\/88ca4090d9d5ab1c9495f6ca03b68efa.jpg?ver=1777058957","caption":"\u00c9der"}}]}},"jetpack_featured_media_url":"","jetpack_sharing_enabled":true,"_links":{"self":[{"href":"https:\/\/vanderloubet.com.br\/deputado\/wp-json\/wp\/v2\/posts\/6096","targetHints":{"allow":["GET"]}}],"collection":[{"href":"https:\/\/vanderloubet.com.br\/deputado\/wp-json\/wp\/v2\/posts"}],"about":[{"href":"https:\/\/vanderloubet.com.br\/deputado\/wp-json\/wp\/v2\/types\/post"}],"author":[{"embeddable":true,"href":"https:\/\/vanderloubet.com.br\/deputado\/wp-json\/wp\/v2\/users\/2"}],"replies":[{"embeddable":true,"href":"https:\/\/vanderloubet.com.br\/deputado\/wp-json\/wp\/v2\/comments?post=6096"}],"version-history":[{"count":0,"href":"https:\/\/vanderloubet.com.br\/deputado\/wp-json\/wp\/v2\/posts\/6096\/revisions"}],"wp:attachment":[{"href":"https:\/\/vanderloubet.com.br\/deputado\/wp-json\/wp\/v2\/media?parent=6096"}],"wp:term":[{"taxonomy":"category","embeddable":true,"href":"https:\/\/vanderloubet.com.br\/deputado\/wp-json\/wp\/v2\/categories?post=6096"},{"taxonomy":"post_tag","embeddable":true,"href":"https:\/\/vanderloubet.com.br\/deputado\/wp-json\/wp\/v2\/tags?post=6096"}],"curies":[{"name":"wp","href":"https:\/\/api.w.org\/{rel}","templated":true}]}}