{"id":6093,"date":"2013-02-20T07:00:32","date_gmt":"2013-02-20T11:00:32","guid":{"rendered":"http:\/\/www.deputadovander.com.br\/website\/?p=6093"},"modified":"2013-02-20T07:00:32","modified_gmt":"2013-02-20T11:00:32","slug":"vander-se-compromete-com-municipios-a-trabalhar-na-funasa-por-planos-de-saneamento","status":"publish","type":"post","link":"https:\/\/vanderloubet.com.br\/deputado\/vander-se-compromete-com-municipios-a-trabalhar-na-funasa-por-planos-de-saneamento\/","title":{"rendered":"Vander se compromete com Funasa e munic\u00edpios por planos de saneamento"},"content":{"rendered":"<figure id=\"attachment_6094\" aria-describedby=\"caption-attachment-6094\" style=\"width: 420px\" class=\"wp-caption aligncenter\"><a href=\"http:\/\/www.deputadovander.com.br\/website\/wp-content\/uploads\/2013\/02\/foto-2013-02-19-gilmar-vander-menga.jpg\" target=\"_blank\"><img decoding=\"async\" class=\"size-medium wp-image-6094 \" title=\"Gilmar, Vander e Menga conversam sobre os planos municipais de saneamento b\u00e1sico\" alt=\"Gilmar, Vander e Menga conversam sobre os planos municipais de saneamento b\u00e1sico\" src=\"http:\/\/www.deputadovander.com.br\/website\/wp-content\/uploads\/2013\/02\/foto-2013-02-19-gilmar-vander-menga-420x303.jpg\" width=\"420\" height=\"303\" \/><\/a><figcaption id=\"caption-attachment-6094\" class=\"wp-caption-text\">Gilmar, Vander e Menga conversam sobre os planos municipais de saneamento b\u00e1sico<\/figcaption><\/figure>\n<p>Na manh\u00e3 da \u00faltima quinta-feira (14), o deputado federal Vander Loubet (PT-MS) recebeu em seu escrit\u00f3rio, em Campo Grande, a visita do coordenador regional da Funda\u00e7\u00e3o Nacional de Sa\u00fade (Funasa) em MS, Gilmar Gon\u00e7alves, e do servidor Aparecido Teixeira Gomes (o Menga), ligado ao gabinete do superintendente Pedro Teruel. Na pauta, a busca de investimentos federais para a\u00e7\u00f5es de saneamento b\u00e1sico nos munic\u00edpios.<\/p>\n<p>Durante a reuni\u00e3o, Vander recebeu a lista dos munic\u00edpios que est\u00e3o pleiteando investimentos da segunda etapa do Programa de Acelera\u00e7\u00e3o do Crescimento (PAC 2) e se comprometeu a trabalhar em Bras\u00edlia pela aprova\u00e7\u00e3o dos projetos e libera\u00e7\u00e3o dos recursos. &#8220;Esses planos envolvem a promo\u00e7\u00e3o de sa\u00fade e qualidade de vida, afinal, investir em saneamento b\u00e1sico \u00e9 investir na preven\u00e7\u00e3o de doen\u00e7as. Da\u00ed a import\u00e2ncia de trabalharmos para que esses munic\u00edpios sejam bem-sucedidos em seus pleitos&#8221;, afirmou o deputado.<\/p>\n<p>A lista cont\u00e9m 29 munic\u00edpios: Amambai, Aral Moreira, Eldorado, Mundo Novo, Paranhos, Sete Quedas, Tacuru, Anast\u00e1cio, Bonito, Camapu\u00e3, Caracol, Corguinho, Guia Lopes da Laguna, Jaraguari, Maracaju, Miranda, Porto Murtinho, Lad\u00e1rio, Bataguassu, Rio Verde de Mato Grosso, Sonora, Alcin\u00f3polis, Bodoquena, Douradina, Ant\u00f4nio Jo\u00e3o, Juti, F\u00e1tima do Sul, Pedro Gomes e Bandeirantes.<\/p>\n<p>A Lei 11.445\/2007 definiu o novo marco regulat\u00f3rio do saneamento do Pa\u00eds ao estabelecer as diretrizes para a cria\u00e7\u00e3o dos Planos Municipais de Saneamento B\u00e1sico (PMSB), que envolvem abastecimento de \u00e1gua, esgotamento sanit\u00e1rio, limpeza urbana, manejo de res\u00edduos s\u00f3lidos e drenagem de \u00e1guas pluviais. Desde ent\u00e3o, a Funasa tem auxiliado as prefeituras na elabora\u00e7\u00e3o dos planos dos munic\u00edpios. E a exist\u00eancia do PMSB \u00e9 requisito para a capta\u00e7\u00e3o de recursos do PAC 2 junto ao Governo Federal.<\/p>\n<p><span style=\"font-size: 11px;\">(\u00c9der Yanaguita &#8211; Assessoria\/Deputado Vander)<\/span><\/p>\n","protected":false},"excerpt":{"rendered":"<p>Durante a reuni\u00e3o o deputado petista recebeu lista das 29 cidades de MS que est\u00e3o pleiteando investimentos do PAC 2.<\/p>\n","protected":false},"author":2,"featured_media":0,"comment_status":"closed","ping_status":"open","sticky":false,"template":"","format":"standard","meta":{"jetpack_post_was_ever_published":false,"_jetpack_newsletter_access":"","_jetpack_dont_email_post_to_subs":false,"_jetpack_newsletter_tier_id":0,"_jetpack_memberships_contains_paywalled_content":false,"_jetpack_memberships_contains_paid_content":false,"footnotes":""},"categories":[10],"tags":[247,883,1345,1445,1556,1565,1781,1803],"class_list":{"0":"post-6093","1":"post","2":"type-post","3":"status-publish","4":"format-standard","6":"category-noticias","7":"tag-basico","8":"tag-funasa","9":"tag-municipal","10":"tag-pac","11":"tag-plano","12":"tag-pmsb","13":"tag-saneamento","14":"tag-saude"},"yoast_head":"<!-- This site is optimized with the Yoast SEO plugin v27.4 - https:\/\/yoast.com\/product\/yoast-seo-wordpress\/ -->\n<title>Vander se compromete com Funasa e munic\u00edpios por planos de saneamento<\/title>\n<meta name=\"robots\" content=\"index, follow, max-snippet:-1, max-image-preview:large, max-video-preview:-1\" \/>\n<link rel=\"canonical\" href=\"https:\/\/vanderloubet.com.br\/deputado\/vander-se-compromete-com-municipios-a-trabalhar-na-funasa-por-planos-de-saneamento\/\" \/>\n<meta property=\"og:locale\" content=\"pt_BR\" \/>\n<meta property=\"og:type\" content=\"article\" \/>\n<meta property=\"og:title\" content=\"Vander se compromete com Funasa e munic\u00edpios por planos de saneamento\" \/>\n<meta property=\"og:description\" content=\"Durante a reuni\u00e3o o deputado petista recebeu lista das 29 cidades de MS que est\u00e3o pleiteando investimentos do PAC 2.\" \/>\n<meta property=\"og:url\" content=\"https:\/\/vanderloubet.com.br\/deputado\/vander-se-compromete-com-municipios-a-trabalhar-na-funasa-por-planos-de-saneamento\/\" \/>\n<meta property=\"og:site_name\" content=\"Deputado Federal Vander Loubet\" \/>\n<meta property=\"article:publisher\" content=\"https:\/\/facebook.com\/deputadovander\" \/>\n<meta property=\"article:published_time\" content=\"2013-02-20T11:00:32+00:00\" \/>\n<meta property=\"og:image\" content=\"http:\/\/www.deputadovander.com.br\/website\/wp-content\/uploads\/2013\/02\/foto-2013-02-19-gilmar-vander-menga-420x303.jpg\" \/>\n<meta name=\"author\" content=\"\u00c9der\" \/>\n<meta name=\"twitter:card\" content=\"summary_large_image\" \/>\n<meta name=\"twitter:creator\" content=\"@vanderloubet\" \/>\n<meta name=\"twitter:site\" content=\"@vanderloubet\" \/>\n<script type=\"application\/ld+json\" class=\"yoast-schema-graph\">{\"@context\":\"https:\\\/\\\/schema.org\",\"@graph\":[{\"@type\":\"Article\",\"@id\":\"https:\\\/\\\/vanderloubet.com.br\\\/deputado\\\/vander-se-compromete-com-municipios-a-trabalhar-na-funasa-por-planos-de-saneamento\\\/#article\",\"isPartOf\":{\"@id\":\"https:\\\/\\\/vanderloubet.com.br\\\/deputado\\\/vander-se-compromete-com-municipios-a-trabalhar-na-funasa-por-planos-de-saneamento\\\/\"},\"author\":{\"name\":\"\u00c9der\",\"@id\":\"https:\\\/\\\/vanderloubet.com.br\\\/deputado\\\/#\\\/schema\\\/person\\\/15b51bd564532a8a68d9dec1b8eb890e\"},\"headline\":\"Vander se compromete com Funasa e munic\u00edpios por planos de saneamento\",\"datePublished\":\"2013-02-20T11:00:32+00:00\",\"mainEntityOfPage\":{\"@id\":\"https:\\\/\\\/vanderloubet.com.br\\\/deputado\\\/vander-se-compromete-com-municipios-a-trabalhar-na-funasa-por-planos-de-saneamento\\\/\"},\"wordCount\":340,\"publisher\":{\"@id\":\"https:\\\/\\\/vanderloubet.com.br\\\/deputado\\\/#organization\"},\"image\":{\"@id\":\"https:\\\/\\\/vanderloubet.com.br\\\/deputado\\\/vander-se-compromete-com-municipios-a-trabalhar-na-funasa-por-planos-de-saneamento\\\/#primaryimage\"},\"thumbnailUrl\":\"http:\\\/\\\/www.deputadovander.com.br\\\/website\\\/wp-content\\\/uploads\\\/2013\\\/02\\\/foto-2013-02-19-gilmar-vander-menga-420x303.jpg\",\"keywords\":[\"b\u00e1sico\",\"funasa\",\"municipal\",\"pac\",\"plano\",\"pmsb\",\"saneamento\",\"sa\u00fade\"],\"articleSection\":[\"Not\u00edcias\"],\"inLanguage\":\"pt-BR\"},{\"@type\":\"WebPage\",\"@id\":\"https:\\\/\\\/vanderloubet.com.br\\\/deputado\\\/vander-se-compromete-com-municipios-a-trabalhar-na-funasa-por-planos-de-saneamento\\\/\",\"url\":\"https:\\\/\\\/vanderloubet.com.br\\\/deputado\\\/vander-se-compromete-com-municipios-a-trabalhar-na-funasa-por-planos-de-saneamento\\\/\",\"name\":\"Vander se compromete com Funasa e munic\u00edpios por planos de saneamento\",\"isPartOf\":{\"@id\":\"https:\\\/\\\/vanderloubet.com.br\\\/deputado\\\/#website\"},\"primaryImageOfPage\":{\"@id\":\"https:\\\/\\\/vanderloubet.com.br\\\/deputado\\\/vander-se-compromete-com-municipios-a-trabalhar-na-funasa-por-planos-de-saneamento\\\/#primaryimage\"},\"image\":{\"@id\":\"https:\\\/\\\/vanderloubet.com.br\\\/deputado\\\/vander-se-compromete-com-municipios-a-trabalhar-na-funasa-por-planos-de-saneamento\\\/#primaryimage\"},\"thumbnailUrl\":\"http:\\\/\\\/www.deputadovander.com.br\\\/website\\\/wp-content\\\/uploads\\\/2013\\\/02\\\/foto-2013-02-19-gilmar-vander-menga-420x303.jpg\",\"datePublished\":\"2013-02-20T11:00:32+00:00\",\"breadcrumb\":{\"@id\":\"https:\\\/\\\/vanderloubet.com.br\\\/deputado\\\/vander-se-compromete-com-municipios-a-trabalhar-na-funasa-por-planos-de-saneamento\\\/#breadcrumb\"},\"inLanguage\":\"pt-BR\",\"potentialAction\":[{\"@type\":\"ReadAction\",\"target\":[\"https:\\\/\\\/vanderloubet.com.br\\\/deputado\\\/vander-se-compromete-com-municipios-a-trabalhar-na-funasa-por-planos-de-saneamento\\\/\"]}]},{\"@type\":\"ImageObject\",\"inLanguage\":\"pt-BR\",\"@id\":\"https:\\\/\\\/vanderloubet.com.br\\\/deputado\\\/vander-se-compromete-com-municipios-a-trabalhar-na-funasa-por-planos-de-saneamento\\\/#primaryimage\",\"url\":\"http:\\\/\\\/www.deputadovander.com.br\\\/website\\\/wp-content\\\/uploads\\\/2013\\\/02\\\/foto-2013-02-19-gilmar-vander-menga-420x303.jpg\",\"contentUrl\":\"http:\\\/\\\/www.deputadovander.com.br\\\/website\\\/wp-content\\\/uploads\\\/2013\\\/02\\\/foto-2013-02-19-gilmar-vander-menga-420x303.jpg\"},{\"@type\":\"BreadcrumbList\",\"@id\":\"https:\\\/\\\/vanderloubet.com.br\\\/deputado\\\/vander-se-compromete-com-municipios-a-trabalhar-na-funasa-por-planos-de-saneamento\\\/#breadcrumb\",\"itemListElement\":[{\"@type\":\"ListItem\",\"position\":1,\"name\":\"In\u00edcio\",\"item\":\"https:\\\/\\\/vanderloubet.com.br\\\/deputado\\\/\"},{\"@type\":\"ListItem\",\"position\":2,\"name\":\"Vander se compromete com Funasa e munic\u00edpios por planos de saneamento\"}]},{\"@type\":\"WebSite\",\"@id\":\"https:\\\/\\\/vanderloubet.com.br\\\/deputado\\\/#website\",\"url\":\"https:\\\/\\\/vanderloubet.com.br\\\/deputado\\\/\",\"name\":\"Deputado Federal Vander Loubet\",\"description\":\"O Federal de MS\",\"publisher\":{\"@id\":\"https:\\\/\\\/vanderloubet.com.br\\\/deputado\\\/#organization\"},\"alternateName\":\"Deputado Vander\",\"potentialAction\":[{\"@type\":\"SearchAction\",\"target\":{\"@type\":\"EntryPoint\",\"urlTemplate\":\"https:\\\/\\\/vanderloubet.com.br\\\/deputado\\\/?s={search_term_string}\"},\"query-input\":{\"@type\":\"PropertyValueSpecification\",\"valueRequired\":true,\"valueName\":\"search_term_string\"}}],\"inLanguage\":\"pt-BR\"},{\"@type\":\"Organization\",\"@id\":\"https:\\\/\\\/vanderloubet.com.br\\\/deputado\\\/#organization\",\"name\":\"Deputado Federal Vander Loubet\",\"alternateName\":\"Deputado Vander\",\"url\":\"https:\\\/\\\/vanderloubet.com.br\\\/deputado\\\/\",\"logo\":{\"@type\":\"ImageObject\",\"inLanguage\":\"pt-BR\",\"@id\":\"https:\\\/\\\/vanderloubet.com.br\\\/deputado\\\/#\\\/schema\\\/logo\\\/image\\\/\",\"url\":\"https:\\\/\\\/vanderloubet.com.br\\\/deputado\\\/wp-content\\\/uploads\\\/2023\\\/06\\\/foto-2023-06-19-mandato-deputado-vander.jpg\",\"contentUrl\":\"https:\\\/\\\/vanderloubet.com.br\\\/deputado\\\/wp-content\\\/uploads\\\/2023\\\/06\\\/foto-2023-06-19-mandato-deputado-vander.jpg\",\"width\":1080,\"height\":1080,\"caption\":\"Deputado Federal Vander Loubet\"},\"image\":{\"@id\":\"https:\\\/\\\/vanderloubet.com.br\\\/deputado\\\/#\\\/schema\\\/logo\\\/image\\\/\"},\"sameAs\":[\"https:\\\/\\\/facebook.com\\\/deputadovander\",\"https:\\\/\\\/x.com\\\/vanderloubet\",\"https:\\\/\\\/instagram.com\\\/vanderloubet\",\"https:\\\/\\\/youtube.com\\\/vanderloubet\",\"https:\\\/\\\/tiktok.com\\\/@vanderloubetms\"]},{\"@type\":\"Person\",\"@id\":\"https:\\\/\\\/vanderloubet.com.br\\\/deputado\\\/#\\\/schema\\\/person\\\/15b51bd564532a8a68d9dec1b8eb890e\",\"name\":\"\u00c9der\",\"image\":{\"@type\":\"ImageObject\",\"inLanguage\":\"pt-BR\",\"@id\":\"https:\\\/\\\/vanderloubet.com.br\\\/deputado\\\/wp-content\\\/litespeed\\\/avatar\\\/88ca4090d9d5ab1c9495f6ca03b68efa.jpg?ver=1777058957\",\"url\":\"https:\\\/\\\/vanderloubet.com.br\\\/deputado\\\/wp-content\\\/litespeed\\\/avatar\\\/88ca4090d9d5ab1c9495f6ca03b68efa.jpg?ver=1777058957\",\"contentUrl\":\"https:\\\/\\\/vanderloubet.com.br\\\/deputado\\\/wp-content\\\/litespeed\\\/avatar\\\/88ca4090d9d5ab1c9495f6ca03b68efa.jpg?ver=1777058957\",\"caption\":\"\u00c9der\"}}]}<\/script>\n<!-- \/ Yoast SEO plugin. -->","yoast_head_json":{"title":"Vander se compromete com Funasa e munic\u00edpios por planos de saneamento","robots":{"index":"index","follow":"follow","max-snippet":"max-snippet:-1","max-image-preview":"max-image-preview:large","max-video-preview":"max-video-preview:-1"},"canonical":"https:\/\/vanderloubet.com.br\/deputado\/vander-se-compromete-com-municipios-a-trabalhar-na-funasa-por-planos-de-saneamento\/","og_locale":"pt_BR","og_type":"article","og_title":"Vander se compromete com Funasa e munic\u00edpios por planos de saneamento","og_description":"Durante a reuni\u00e3o o deputado petista recebeu lista das 29 cidades de MS que est\u00e3o pleiteando investimentos do PAC 2.","og_url":"https:\/\/vanderloubet.com.br\/deputado\/vander-se-compromete-com-municipios-a-trabalhar-na-funasa-por-planos-de-saneamento\/","og_site_name":"Deputado Federal Vander Loubet","article_publisher":"https:\/\/facebook.com\/deputadovander","article_published_time":"2013-02-20T11:00:32+00:00","og_image":[{"url":"http:\/\/www.deputadovander.com.br\/website\/wp-content\/uploads\/2013\/02\/foto-2013-02-19-gilmar-vander-menga-420x303.jpg","type":"","width":"","height":""}],"author":"\u00c9der","twitter_card":"summary_large_image","twitter_creator":"@vanderloubet","twitter_site":"@vanderloubet","schema":{"@context":"https:\/\/schema.org","@graph":[{"@type":"Article","@id":"https:\/\/vanderloubet.com.br\/deputado\/vander-se-compromete-com-municipios-a-trabalhar-na-funasa-por-planos-de-saneamento\/#article","isPartOf":{"@id":"https:\/\/vanderloubet.com.br\/deputado\/vander-se-compromete-com-municipios-a-trabalhar-na-funasa-por-planos-de-saneamento\/"},"author":{"name":"\u00c9der","@id":"https:\/\/vanderloubet.com.br\/deputado\/#\/schema\/person\/15b51bd564532a8a68d9dec1b8eb890e"},"headline":"Vander se compromete com Funasa e munic\u00edpios por planos de saneamento","datePublished":"2013-02-20T11:00:32+00:00","mainEntityOfPage":{"@id":"https:\/\/vanderloubet.com.br\/deputado\/vander-se-compromete-com-municipios-a-trabalhar-na-funasa-por-planos-de-saneamento\/"},"wordCount":340,"publisher":{"@id":"https:\/\/vanderloubet.com.br\/deputado\/#organization"},"image":{"@id":"https:\/\/vanderloubet.com.br\/deputado\/vander-se-compromete-com-municipios-a-trabalhar-na-funasa-por-planos-de-saneamento\/#primaryimage"},"thumbnailUrl":"http:\/\/www.deputadovander.com.br\/website\/wp-content\/uploads\/2013\/02\/foto-2013-02-19-gilmar-vander-menga-420x303.jpg","keywords":["b\u00e1sico","funasa","municipal","pac","plano","pmsb","saneamento","sa\u00fade"],"articleSection":["Not\u00edcias"],"inLanguage":"pt-BR"},{"@type":"WebPage","@id":"https:\/\/vanderloubet.com.br\/deputado\/vander-se-compromete-com-municipios-a-trabalhar-na-funasa-por-planos-de-saneamento\/","url":"https:\/\/vanderloubet.com.br\/deputado\/vander-se-compromete-com-municipios-a-trabalhar-na-funasa-por-planos-de-saneamento\/","name":"Vander se compromete com Funasa e munic\u00edpios por planos de saneamento","isPartOf":{"@id":"https:\/\/vanderloubet.com.br\/deputado\/#website"},"primaryImageOfPage":{"@id":"https:\/\/vanderloubet.com.br\/deputado\/vander-se-compromete-com-municipios-a-trabalhar-na-funasa-por-planos-de-saneamento\/#primaryimage"},"image":{"@id":"https:\/\/vanderloubet.com.br\/deputado\/vander-se-compromete-com-municipios-a-trabalhar-na-funasa-por-planos-de-saneamento\/#primaryimage"},"thumbnailUrl":"http:\/\/www.deputadovander.com.br\/website\/wp-content\/uploads\/2013\/02\/foto-2013-02-19-gilmar-vander-menga-420x303.jpg","datePublished":"2013-02-20T11:00:32+00:00","breadcrumb":{"@id":"https:\/\/vanderloubet.com.br\/deputado\/vander-se-compromete-com-municipios-a-trabalhar-na-funasa-por-planos-de-saneamento\/#breadcrumb"},"inLanguage":"pt-BR","potentialAction":[{"@type":"ReadAction","target":["https:\/\/vanderloubet.com.br\/deputado\/vander-se-compromete-com-municipios-a-trabalhar-na-funasa-por-planos-de-saneamento\/"]}]},{"@type":"ImageObject","inLanguage":"pt-BR","@id":"https:\/\/vanderloubet.com.br\/deputado\/vander-se-compromete-com-municipios-a-trabalhar-na-funasa-por-planos-de-saneamento\/#primaryimage","url":"http:\/\/www.deputadovander.com.br\/website\/wp-content\/uploads\/2013\/02\/foto-2013-02-19-gilmar-vander-menga-420x303.jpg","contentUrl":"http:\/\/www.deputadovander.com.br\/website\/wp-content\/uploads\/2013\/02\/foto-2013-02-19-gilmar-vander-menga-420x303.jpg"},{"@type":"BreadcrumbList","@id":"https:\/\/vanderloubet.com.br\/deputado\/vander-se-compromete-com-municipios-a-trabalhar-na-funasa-por-planos-de-saneamento\/#breadcrumb","itemListElement":[{"@type":"ListItem","position":1,"name":"In\u00edcio","item":"https:\/\/vanderloubet.com.br\/deputado\/"},{"@type":"ListItem","position":2,"name":"Vander se compromete com Funasa e munic\u00edpios por planos de saneamento"}]},{"@type":"WebSite","@id":"https:\/\/vanderloubet.com.br\/deputado\/#website","url":"https:\/\/vanderloubet.com.br\/deputado\/","name":"Deputado Federal Vander Loubet","description":"O Federal de MS","publisher":{"@id":"https:\/\/vanderloubet.com.br\/deputado\/#organization"},"alternateName":"Deputado Vander","potentialAction":[{"@type":"SearchAction","target":{"@type":"EntryPoint","urlTemplate":"https:\/\/vanderloubet.com.br\/deputado\/?s={search_term_string}"},"query-input":{"@type":"PropertyValueSpecification","valueRequired":true,"valueName":"search_term_string"}}],"inLanguage":"pt-BR"},{"@type":"Organization","@id":"https:\/\/vanderloubet.com.br\/deputado\/#organization","name":"Deputado Federal Vander Loubet","alternateName":"Deputado Vander","url":"https:\/\/vanderloubet.com.br\/deputado\/","logo":{"@type":"ImageObject","inLanguage":"pt-BR","@id":"https:\/\/vanderloubet.com.br\/deputado\/#\/schema\/logo\/image\/","url":"https:\/\/vanderloubet.com.br\/deputado\/wp-content\/uploads\/2023\/06\/foto-2023-06-19-mandato-deputado-vander.jpg","contentUrl":"https:\/\/vanderloubet.com.br\/deputado\/wp-content\/uploads\/2023\/06\/foto-2023-06-19-mandato-deputado-vander.jpg","width":1080,"height":1080,"caption":"Deputado Federal Vander Loubet"},"image":{"@id":"https:\/\/vanderloubet.com.br\/deputado\/#\/schema\/logo\/image\/"},"sameAs":["https:\/\/facebook.com\/deputadovander","https:\/\/x.com\/vanderloubet","https:\/\/instagram.com\/vanderloubet","https:\/\/youtube.com\/vanderloubet","https:\/\/tiktok.com\/@vanderloubetms"]},{"@type":"Person","@id":"https:\/\/vanderloubet.com.br\/deputado\/#\/schema\/person\/15b51bd564532a8a68d9dec1b8eb890e","name":"\u00c9der","image":{"@type":"ImageObject","inLanguage":"pt-BR","@id":"https:\/\/vanderloubet.com.br\/deputado\/wp-content\/litespeed\/avatar\/88ca4090d9d5ab1c9495f6ca03b68efa.jpg?ver=1777058957","url":"https:\/\/vanderloubet.com.br\/deputado\/wp-content\/litespeed\/avatar\/88ca4090d9d5ab1c9495f6ca03b68efa.jpg?ver=1777058957","contentUrl":"https:\/\/vanderloubet.com.br\/deputado\/wp-content\/litespeed\/avatar\/88ca4090d9d5ab1c9495f6ca03b68efa.jpg?ver=1777058957","caption":"\u00c9der"}}]}},"jetpack_featured_media_url":"","jetpack_sharing_enabled":true,"_links":{"self":[{"href":"https:\/\/vanderloubet.com.br\/deputado\/wp-json\/wp\/v2\/posts\/6093","targetHints":{"allow":["GET"]}}],"collection":[{"href":"https:\/\/vanderloubet.com.br\/deputado\/wp-json\/wp\/v2\/posts"}],"about":[{"href":"https:\/\/vanderloubet.com.br\/deputado\/wp-json\/wp\/v2\/types\/post"}],"author":[{"embeddable":true,"href":"https:\/\/vanderloubet.com.br\/deputado\/wp-json\/wp\/v2\/users\/2"}],"replies":[{"embeddable":true,"href":"https:\/\/vanderloubet.com.br\/deputado\/wp-json\/wp\/v2\/comments?post=6093"}],"version-history":[{"count":0,"href":"https:\/\/vanderloubet.com.br\/deputado\/wp-json\/wp\/v2\/posts\/6093\/revisions"}],"wp:attachment":[{"href":"https:\/\/vanderloubet.com.br\/deputado\/wp-json\/wp\/v2\/media?parent=6093"}],"wp:term":[{"taxonomy":"category","embeddable":true,"href":"https:\/\/vanderloubet.com.br\/deputado\/wp-json\/wp\/v2\/categories?post=6093"},{"taxonomy":"post_tag","embeddable":true,"href":"https:\/\/vanderloubet.com.br\/deputado\/wp-json\/wp\/v2\/tags?post=6093"}],"curies":[{"name":"wp","href":"https:\/\/api.w.org\/{rel}","templated":true}]}}