{"id":6086,"date":"2013-02-15T16:40:17","date_gmt":"2013-02-15T20:40:17","guid":{"rendered":"http:\/\/www.deputadovander.com.br\/website\/?p=6086"},"modified":"2013-02-15T16:40:17","modified_gmt":"2013-02-15T20:40:17","slug":"delcidio-e-vander-entregam-retroescavadeiras-do-mda-para-14-municipios","status":"publish","type":"post","link":"https:\/\/vanderloubet.com.br\/deputado\/delcidio-e-vander-entregam-retroescavadeiras-do-mda-para-14-municipios\/","title":{"rendered":"Delc\u00eddio e Vander entregam retroescavadeiras do MDA para 14 munic\u00edpios"},"content":{"rendered":"<figure id=\"attachment_6088\" aria-describedby=\"caption-attachment-6088\" style=\"width: 420px\" class=\"wp-caption aligncenter\"><a href=\"http:\/\/www.deputadovander.com.br\/website\/wp-content\/uploads\/2013\/02\/foto-2013-02-15-entrega-maquinas-mda-02.jpg\" target=\"_blank\"><img decoding=\"async\" class=\"size-medium wp-image-6088  \" title=\"Restroescavadeiras do PAC 2 entregues \u00e0s prefeituras\" alt=\"Restroescavadeiras do PAC 2 entregues \u00e0s prefeituras\" src=\"http:\/\/www.deputadovander.com.br\/website\/wp-content\/uploads\/2013\/02\/foto-2013-02-15-entrega-maquinas-mda-02-420x278.jpg\" width=\"420\" height=\"278\" \/><\/a><figcaption id=\"caption-attachment-6088\" class=\"wp-caption-text\">Restroescavadeiras do PAC 2 entregues \u00e0s prefeituras<\/figcaption><\/figure>\n<p>Na manh\u00e3 desta sexta-feira (15), foi realizada em Rio Verde de Mato Grosso a solenidade de entrega de retroescavadeiras a 14 munic\u00edpios da Regi\u00e3o Norte de Mato Grosso do Sul. As m\u00e1quinas foram viabilizadas pela bancada federal junto ao Minist\u00e9rio do Desenvolvimento Agr\u00e1rio (MDA) e est\u00e3o sendo repassadas \u00e0s prefeituras para serem utilizadas em a\u00e7\u00f5es de fortalecimento da agricultura familiar, inclusive na manuten\u00e7\u00e3o das estradas vicinais.<\/p>\n<p>Mais oito retroescavadeiras ser\u00e3o entregues em Inoc\u00eancia para cidades da Regi\u00e3o Leste (Inoc\u00eancia, Ribas do Rio Pardo, \u00c1gua Clara, Selv\u00edria, Aparecida do Taboado, Parana\u00edba, Cassil\u00e2ndia e Chapad\u00e3o do Sul); cinco equipamentos ser\u00e3o repassados em Lad\u00e1rio para prefeituras da Regi\u00e3o do Pantanal (Lad\u00e1rio, Miranda, Aquidauana, Porto Murtinho e Caracol); e seis retroescavadeiras v\u00e3o para Amambai para os munic\u00edpios da Regi\u00e3o Sudoeste (Amambai, Antonio Jo\u00e3o, Aral Moreira, Coronel Sapucaia, Paranhos e Laguna Carap\u00e3), totalizando 33 m\u00e1quinas repassadas somente este ano.<\/p>\n<p>O delegado do MDA em Mato Grosso do Sul, Jo\u00e3o Grand\u00e3o, destacou que a participa\u00e7\u00e3o dos congressistas petistas &#8211; os deputados federais Vander Loubet e Antonio Carlos Biffi e o senador Delc\u00eddio do Amaral &#8211; foi fundamental para a viabiliza\u00e7\u00e3o do maquin\u00e1rio, que, somadas aos 40 equipamentos entregues no ano passado (investimento de R$ 6,5 milh\u00f5es), completam o atendimento aos 73 munic\u00edpios sul-mato-grossenses com at\u00e9 50 mil habitantes contemplados no PAC 2 da Agricultura Familiar.<\/p>\n<figure id=\"attachment_6087\" aria-describedby=\"caption-attachment-6087\" style=\"width: 420px\" class=\"wp-caption aligncenter\"><a href=\"http:\/\/www.deputadovander.com.br\/website\/wp-content\/uploads\/2013\/02\/foto-2013-02-15-entrega-maquinas-mda-01.jpg\" target=\"_blank\"><img decoding=\"async\" class=\"size-medium wp-image-6087  \" title=\"Jo\u00e3o Grand\u00e3o destacou a\u00e7\u00e3o da bancada do PT\" alt=\"Jo\u00e3o Grand\u00e3o destacou a\u00e7\u00e3o da bancada do PT\" src=\"http:\/\/www.deputadovander.com.br\/website\/wp-content\/uploads\/2013\/02\/foto-2013-02-15-entrega-maquinas-mda-01-420x278.jpg\" width=\"420\" height=\"278\" \/><\/a><figcaption id=\"caption-attachment-6087\" class=\"wp-caption-text\">Jo\u00e3o Grand\u00e3o destacou a\u00e7\u00e3o da bancada do PT<\/figcaption><\/figure>\n<p>Participaram da solenidade os prefeitos de Rio Verde de Mato Grosso, Jaraguari, Bandeirantes, Rochedo, Corguinho, Rio Negro, Camapu\u00e3, S\u00e3o Gabriel do Oeste, Costa Rica, Figueir\u00e3o, Alcin\u00f3polis, Pedro Gomes, Coxim e Sonora, que receberam os equipamentos. Tamb\u00e9m marcaram presen\u00e7a o deputado federal Reinaldo Azambuja (PSDB) e os deputados estaduais Amarildo Cruz (PT) e Laerte Tetila (PT).<\/p>\n<p><strong>Giro pelo estado<\/strong><\/p>\n<p>Pelo seu perfil na rede social Facebook, o senador Delc\u00eddio avisou que, a partir de mar\u00e7o, vai percorrer diferentes regi\u00f5es de Mato Grosso do Sul para discutir com a popula\u00e7\u00e3o e com lideran\u00e7as pol\u00edticas e comunit\u00e1rias projetos que permitam melhorar a infraestrutura do estado. Na \u00faltima quarta-feira (13), o deputado Vander j\u00e1 havia adiantado \u00e0 imprensa que estaria conversando com o senador para o PT iniciar &#8220;uma s\u00e9rie de semin\u00e1rios para discutir que tipo de desenvolvimento queremos para as regi\u00f5es do Estado&#8221;.<\/p>\n<p>&#8220;A ideia \u00e9 visitar, at\u00e9 julho, o maior n\u00famero poss\u00edvel de munic\u00edpios para debater com os prefeitos, deputados, vereadores, l\u00edderes comunit\u00e1rios e empresariais o que cada regi\u00e3o quer para proporcionar novas oportunidades de trabalho e melhor qualidade de vida para todos. Vamos em busca de projetos estruturantes, fundamentais para o desenvolvimento do estado&#8221;, declarou o senador.<\/p>\n","protected":false},"excerpt":{"rendered":"<p>Ao todo, 73 munic\u00edpios foram contemplados no PAC 2 da Agricultura Familiar.<\/p>\n","protected":false},"author":2,"featured_media":0,"comment_status":"closed","ping_status":"open","sticky":false,"template":"","format":"standard","meta":{"jetpack_post_was_ever_published":false,"_jetpack_newsletter_access":"","_jetpack_dont_email_post_to_subs":false,"_jetpack_newsletter_tier_id":0,"_jetpack_memberships_contains_paywalled_content":false,"_jetpack_memberships_contains_paid_content":false,"footnotes":""},"categories":[10],"tags":[39,70,552,793,935,1074,1251,1445,1631,1725,1734,2046],"class_list":{"0":"post-6086","1":"post","2":"type-post","3":"status-publish","4":"format-standard","6":"category-noticias","7":"tag-aceleracao","8":"tag-agricultura","9":"tag-crescimento","10":"tag-familiar","11":"tag-grandao","12":"tag-joao","13":"tag-mda","14":"tag-pac","15":"tag-programa","16":"tag-retroescavadeira","17":"tag-rio","18":"tag-verde"},"yoast_head":"<!-- This site is optimized with the Yoast SEO plugin v27.4 - https:\/\/yoast.com\/product\/yoast-seo-wordpress\/ -->\n<title>Delc\u00eddio e Vander entregam retroescavadeiras do MDA para 14 munic\u00edpios<\/title>\n<meta name=\"robots\" content=\"index, follow, max-snippet:-1, max-image-preview:large, max-video-preview:-1\" \/>\n<link rel=\"canonical\" href=\"https:\/\/vanderloubet.com.br\/deputado\/delcidio-e-vander-entregam-retroescavadeiras-do-mda-para-14-municipios\/\" \/>\n<meta property=\"og:locale\" content=\"pt_BR\" \/>\n<meta property=\"og:type\" content=\"article\" \/>\n<meta property=\"og:title\" content=\"Delc\u00eddio e Vander entregam retroescavadeiras do MDA para 14 munic\u00edpios\" \/>\n<meta property=\"og:description\" content=\"Ao todo, 73 munic\u00edpios foram contemplados no PAC 2 da Agricultura Familiar.\" \/>\n<meta property=\"og:url\" content=\"https:\/\/vanderloubet.com.br\/deputado\/delcidio-e-vander-entregam-retroescavadeiras-do-mda-para-14-municipios\/\" \/>\n<meta property=\"og:site_name\" content=\"Deputado Federal Vander Loubet\" \/>\n<meta property=\"article:publisher\" content=\"https:\/\/facebook.com\/deputadovander\" \/>\n<meta property=\"article:published_time\" content=\"2013-02-15T20:40:17+00:00\" \/>\n<meta property=\"og:image\" content=\"http:\/\/www.deputadovander.com.br\/website\/wp-content\/uploads\/2013\/02\/foto-2013-02-15-entrega-maquinas-mda-02-420x278.jpg\" \/>\n<meta name=\"author\" content=\"\u00c9der\" \/>\n<meta name=\"twitter:card\" content=\"summary_large_image\" \/>\n<meta name=\"twitter:creator\" content=\"@vanderloubet\" \/>\n<meta name=\"twitter:site\" content=\"@vanderloubet\" \/>\n<script type=\"application\/ld+json\" class=\"yoast-schema-graph\">{\"@context\":\"https:\\\/\\\/schema.org\",\"@graph\":[{\"@type\":\"Article\",\"@id\":\"https:\\\/\\\/vanderloubet.com.br\\\/deputado\\\/delcidio-e-vander-entregam-retroescavadeiras-do-mda-para-14-municipios\\\/#article\",\"isPartOf\":{\"@id\":\"https:\\\/\\\/vanderloubet.com.br\\\/deputado\\\/delcidio-e-vander-entregam-retroescavadeiras-do-mda-para-14-municipios\\\/\"},\"author\":{\"name\":\"\u00c9der\",\"@id\":\"https:\\\/\\\/vanderloubet.com.br\\\/deputado\\\/#\\\/schema\\\/person\\\/15b51bd564532a8a68d9dec1b8eb890e\"},\"headline\":\"Delc\u00eddio e Vander entregam retroescavadeiras do MDA para 14 munic\u00edpios\",\"datePublished\":\"2013-02-15T20:40:17+00:00\",\"mainEntityOfPage\":{\"@id\":\"https:\\\/\\\/vanderloubet.com.br\\\/deputado\\\/delcidio-e-vander-entregam-retroescavadeiras-do-mda-para-14-municipios\\\/\"},\"wordCount\":500,\"publisher\":{\"@id\":\"https:\\\/\\\/vanderloubet.com.br\\\/deputado\\\/#organization\"},\"image\":{\"@id\":\"https:\\\/\\\/vanderloubet.com.br\\\/deputado\\\/delcidio-e-vander-entregam-retroescavadeiras-do-mda-para-14-municipios\\\/#primaryimage\"},\"thumbnailUrl\":\"http:\\\/\\\/www.deputadovander.com.br\\\/website\\\/wp-content\\\/uploads\\\/2013\\\/02\\\/foto-2013-02-15-entrega-maquinas-mda-02-420x278.jpg\",\"keywords\":[\"acelera\u00e7\u00e3o\",\"agricultura\",\"crescimento\",\"familiar\",\"grand\u00e3o\",\"jo\u00e3o\",\"mda\",\"pac\",\"programa\",\"retroescavadeira\",\"rio\",\"verde\"],\"articleSection\":[\"Not\u00edcias\"],\"inLanguage\":\"pt-BR\"},{\"@type\":\"WebPage\",\"@id\":\"https:\\\/\\\/vanderloubet.com.br\\\/deputado\\\/delcidio-e-vander-entregam-retroescavadeiras-do-mda-para-14-municipios\\\/\",\"url\":\"https:\\\/\\\/vanderloubet.com.br\\\/deputado\\\/delcidio-e-vander-entregam-retroescavadeiras-do-mda-para-14-municipios\\\/\",\"name\":\"Delc\u00eddio e Vander entregam retroescavadeiras do MDA para 14 munic\u00edpios\",\"isPartOf\":{\"@id\":\"https:\\\/\\\/vanderloubet.com.br\\\/deputado\\\/#website\"},\"primaryImageOfPage\":{\"@id\":\"https:\\\/\\\/vanderloubet.com.br\\\/deputado\\\/delcidio-e-vander-entregam-retroescavadeiras-do-mda-para-14-municipios\\\/#primaryimage\"},\"image\":{\"@id\":\"https:\\\/\\\/vanderloubet.com.br\\\/deputado\\\/delcidio-e-vander-entregam-retroescavadeiras-do-mda-para-14-municipios\\\/#primaryimage\"},\"thumbnailUrl\":\"http:\\\/\\\/www.deputadovander.com.br\\\/website\\\/wp-content\\\/uploads\\\/2013\\\/02\\\/foto-2013-02-15-entrega-maquinas-mda-02-420x278.jpg\",\"datePublished\":\"2013-02-15T20:40:17+00:00\",\"breadcrumb\":{\"@id\":\"https:\\\/\\\/vanderloubet.com.br\\\/deputado\\\/delcidio-e-vander-entregam-retroescavadeiras-do-mda-para-14-municipios\\\/#breadcrumb\"},\"inLanguage\":\"pt-BR\",\"potentialAction\":[{\"@type\":\"ReadAction\",\"target\":[\"https:\\\/\\\/vanderloubet.com.br\\\/deputado\\\/delcidio-e-vander-entregam-retroescavadeiras-do-mda-para-14-municipios\\\/\"]}]},{\"@type\":\"ImageObject\",\"inLanguage\":\"pt-BR\",\"@id\":\"https:\\\/\\\/vanderloubet.com.br\\\/deputado\\\/delcidio-e-vander-entregam-retroescavadeiras-do-mda-para-14-municipios\\\/#primaryimage\",\"url\":\"http:\\\/\\\/www.deputadovander.com.br\\\/website\\\/wp-content\\\/uploads\\\/2013\\\/02\\\/foto-2013-02-15-entrega-maquinas-mda-02-420x278.jpg\",\"contentUrl\":\"http:\\\/\\\/www.deputadovander.com.br\\\/website\\\/wp-content\\\/uploads\\\/2013\\\/02\\\/foto-2013-02-15-entrega-maquinas-mda-02-420x278.jpg\"},{\"@type\":\"BreadcrumbList\",\"@id\":\"https:\\\/\\\/vanderloubet.com.br\\\/deputado\\\/delcidio-e-vander-entregam-retroescavadeiras-do-mda-para-14-municipios\\\/#breadcrumb\",\"itemListElement\":[{\"@type\":\"ListItem\",\"position\":1,\"name\":\"In\u00edcio\",\"item\":\"https:\\\/\\\/vanderloubet.com.br\\\/deputado\\\/\"},{\"@type\":\"ListItem\",\"position\":2,\"name\":\"Delc\u00eddio e Vander entregam retroescavadeiras do MDA para 14 munic\u00edpios\"}]},{\"@type\":\"WebSite\",\"@id\":\"https:\\\/\\\/vanderloubet.com.br\\\/deputado\\\/#website\",\"url\":\"https:\\\/\\\/vanderloubet.com.br\\\/deputado\\\/\",\"name\":\"Deputado Federal Vander Loubet\",\"description\":\"O Federal de MS\",\"publisher\":{\"@id\":\"https:\\\/\\\/vanderloubet.com.br\\\/deputado\\\/#organization\"},\"alternateName\":\"Deputado Vander\",\"potentialAction\":[{\"@type\":\"SearchAction\",\"target\":{\"@type\":\"EntryPoint\",\"urlTemplate\":\"https:\\\/\\\/vanderloubet.com.br\\\/deputado\\\/?s={search_term_string}\"},\"query-input\":{\"@type\":\"PropertyValueSpecification\",\"valueRequired\":true,\"valueName\":\"search_term_string\"}}],\"inLanguage\":\"pt-BR\"},{\"@type\":\"Organization\",\"@id\":\"https:\\\/\\\/vanderloubet.com.br\\\/deputado\\\/#organization\",\"name\":\"Deputado Federal Vander Loubet\",\"alternateName\":\"Deputado Vander\",\"url\":\"https:\\\/\\\/vanderloubet.com.br\\\/deputado\\\/\",\"logo\":{\"@type\":\"ImageObject\",\"inLanguage\":\"pt-BR\",\"@id\":\"https:\\\/\\\/vanderloubet.com.br\\\/deputado\\\/#\\\/schema\\\/logo\\\/image\\\/\",\"url\":\"https:\\\/\\\/vanderloubet.com.br\\\/deputado\\\/wp-content\\\/uploads\\\/2023\\\/06\\\/foto-2023-06-19-mandato-deputado-vander.jpg\",\"contentUrl\":\"https:\\\/\\\/vanderloubet.com.br\\\/deputado\\\/wp-content\\\/uploads\\\/2023\\\/06\\\/foto-2023-06-19-mandato-deputado-vander.jpg\",\"width\":1080,\"height\":1080,\"caption\":\"Deputado Federal Vander Loubet\"},\"image\":{\"@id\":\"https:\\\/\\\/vanderloubet.com.br\\\/deputado\\\/#\\\/schema\\\/logo\\\/image\\\/\"},\"sameAs\":[\"https:\\\/\\\/facebook.com\\\/deputadovander\",\"https:\\\/\\\/x.com\\\/vanderloubet\",\"https:\\\/\\\/instagram.com\\\/vanderloubet\",\"https:\\\/\\\/youtube.com\\\/vanderloubet\",\"https:\\\/\\\/tiktok.com\\\/@vanderloubetms\"]},{\"@type\":\"Person\",\"@id\":\"https:\\\/\\\/vanderloubet.com.br\\\/deputado\\\/#\\\/schema\\\/person\\\/15b51bd564532a8a68d9dec1b8eb890e\",\"name\":\"\u00c9der\",\"image\":{\"@type\":\"ImageObject\",\"inLanguage\":\"pt-BR\",\"@id\":\"https:\\\/\\\/vanderloubet.com.br\\\/deputado\\\/wp-content\\\/litespeed\\\/avatar\\\/88ca4090d9d5ab1c9495f6ca03b68efa.jpg?ver=1777058957\",\"url\":\"https:\\\/\\\/vanderloubet.com.br\\\/deputado\\\/wp-content\\\/litespeed\\\/avatar\\\/88ca4090d9d5ab1c9495f6ca03b68efa.jpg?ver=1777058957\",\"contentUrl\":\"https:\\\/\\\/vanderloubet.com.br\\\/deputado\\\/wp-content\\\/litespeed\\\/avatar\\\/88ca4090d9d5ab1c9495f6ca03b68efa.jpg?ver=1777058957\",\"caption\":\"\u00c9der\"}}]}<\/script>\n<!-- \/ Yoast SEO plugin. -->","yoast_head_json":{"title":"Delc\u00eddio e Vander entregam retroescavadeiras do MDA para 14 munic\u00edpios","robots":{"index":"index","follow":"follow","max-snippet":"max-snippet:-1","max-image-preview":"max-image-preview:large","max-video-preview":"max-video-preview:-1"},"canonical":"https:\/\/vanderloubet.com.br\/deputado\/delcidio-e-vander-entregam-retroescavadeiras-do-mda-para-14-municipios\/","og_locale":"pt_BR","og_type":"article","og_title":"Delc\u00eddio e Vander entregam retroescavadeiras do MDA para 14 munic\u00edpios","og_description":"Ao todo, 73 munic\u00edpios foram contemplados no PAC 2 da Agricultura Familiar.","og_url":"https:\/\/vanderloubet.com.br\/deputado\/delcidio-e-vander-entregam-retroescavadeiras-do-mda-para-14-municipios\/","og_site_name":"Deputado Federal Vander Loubet","article_publisher":"https:\/\/facebook.com\/deputadovander","article_published_time":"2013-02-15T20:40:17+00:00","og_image":[{"url":"http:\/\/www.deputadovander.com.br\/website\/wp-content\/uploads\/2013\/02\/foto-2013-02-15-entrega-maquinas-mda-02-420x278.jpg","type":"","width":"","height":""}],"author":"\u00c9der","twitter_card":"summary_large_image","twitter_creator":"@vanderloubet","twitter_site":"@vanderloubet","schema":{"@context":"https:\/\/schema.org","@graph":[{"@type":"Article","@id":"https:\/\/vanderloubet.com.br\/deputado\/delcidio-e-vander-entregam-retroescavadeiras-do-mda-para-14-municipios\/#article","isPartOf":{"@id":"https:\/\/vanderloubet.com.br\/deputado\/delcidio-e-vander-entregam-retroescavadeiras-do-mda-para-14-municipios\/"},"author":{"name":"\u00c9der","@id":"https:\/\/vanderloubet.com.br\/deputado\/#\/schema\/person\/15b51bd564532a8a68d9dec1b8eb890e"},"headline":"Delc\u00eddio e Vander entregam retroescavadeiras do MDA para 14 munic\u00edpios","datePublished":"2013-02-15T20:40:17+00:00","mainEntityOfPage":{"@id":"https:\/\/vanderloubet.com.br\/deputado\/delcidio-e-vander-entregam-retroescavadeiras-do-mda-para-14-municipios\/"},"wordCount":500,"publisher":{"@id":"https:\/\/vanderloubet.com.br\/deputado\/#organization"},"image":{"@id":"https:\/\/vanderloubet.com.br\/deputado\/delcidio-e-vander-entregam-retroescavadeiras-do-mda-para-14-municipios\/#primaryimage"},"thumbnailUrl":"http:\/\/www.deputadovander.com.br\/website\/wp-content\/uploads\/2013\/02\/foto-2013-02-15-entrega-maquinas-mda-02-420x278.jpg","keywords":["acelera\u00e7\u00e3o","agricultura","crescimento","familiar","grand\u00e3o","jo\u00e3o","mda","pac","programa","retroescavadeira","rio","verde"],"articleSection":["Not\u00edcias"],"inLanguage":"pt-BR"},{"@type":"WebPage","@id":"https:\/\/vanderloubet.com.br\/deputado\/delcidio-e-vander-entregam-retroescavadeiras-do-mda-para-14-municipios\/","url":"https:\/\/vanderloubet.com.br\/deputado\/delcidio-e-vander-entregam-retroescavadeiras-do-mda-para-14-municipios\/","name":"Delc\u00eddio e Vander entregam retroescavadeiras do MDA para 14 munic\u00edpios","isPartOf":{"@id":"https:\/\/vanderloubet.com.br\/deputado\/#website"},"primaryImageOfPage":{"@id":"https:\/\/vanderloubet.com.br\/deputado\/delcidio-e-vander-entregam-retroescavadeiras-do-mda-para-14-municipios\/#primaryimage"},"image":{"@id":"https:\/\/vanderloubet.com.br\/deputado\/delcidio-e-vander-entregam-retroescavadeiras-do-mda-para-14-municipios\/#primaryimage"},"thumbnailUrl":"http:\/\/www.deputadovander.com.br\/website\/wp-content\/uploads\/2013\/02\/foto-2013-02-15-entrega-maquinas-mda-02-420x278.jpg","datePublished":"2013-02-15T20:40:17+00:00","breadcrumb":{"@id":"https:\/\/vanderloubet.com.br\/deputado\/delcidio-e-vander-entregam-retroescavadeiras-do-mda-para-14-municipios\/#breadcrumb"},"inLanguage":"pt-BR","potentialAction":[{"@type":"ReadAction","target":["https:\/\/vanderloubet.com.br\/deputado\/delcidio-e-vander-entregam-retroescavadeiras-do-mda-para-14-municipios\/"]}]},{"@type":"ImageObject","inLanguage":"pt-BR","@id":"https:\/\/vanderloubet.com.br\/deputado\/delcidio-e-vander-entregam-retroescavadeiras-do-mda-para-14-municipios\/#primaryimage","url":"http:\/\/www.deputadovander.com.br\/website\/wp-content\/uploads\/2013\/02\/foto-2013-02-15-entrega-maquinas-mda-02-420x278.jpg","contentUrl":"http:\/\/www.deputadovander.com.br\/website\/wp-content\/uploads\/2013\/02\/foto-2013-02-15-entrega-maquinas-mda-02-420x278.jpg"},{"@type":"BreadcrumbList","@id":"https:\/\/vanderloubet.com.br\/deputado\/delcidio-e-vander-entregam-retroescavadeiras-do-mda-para-14-municipios\/#breadcrumb","itemListElement":[{"@type":"ListItem","position":1,"name":"In\u00edcio","item":"https:\/\/vanderloubet.com.br\/deputado\/"},{"@type":"ListItem","position":2,"name":"Delc\u00eddio e Vander entregam retroescavadeiras do MDA para 14 munic\u00edpios"}]},{"@type":"WebSite","@id":"https:\/\/vanderloubet.com.br\/deputado\/#website","url":"https:\/\/vanderloubet.com.br\/deputado\/","name":"Deputado Federal Vander Loubet","description":"O Federal de MS","publisher":{"@id":"https:\/\/vanderloubet.com.br\/deputado\/#organization"},"alternateName":"Deputado Vander","potentialAction":[{"@type":"SearchAction","target":{"@type":"EntryPoint","urlTemplate":"https:\/\/vanderloubet.com.br\/deputado\/?s={search_term_string}"},"query-input":{"@type":"PropertyValueSpecification","valueRequired":true,"valueName":"search_term_string"}}],"inLanguage":"pt-BR"},{"@type":"Organization","@id":"https:\/\/vanderloubet.com.br\/deputado\/#organization","name":"Deputado Federal Vander Loubet","alternateName":"Deputado Vander","url":"https:\/\/vanderloubet.com.br\/deputado\/","logo":{"@type":"ImageObject","inLanguage":"pt-BR","@id":"https:\/\/vanderloubet.com.br\/deputado\/#\/schema\/logo\/image\/","url":"https:\/\/vanderloubet.com.br\/deputado\/wp-content\/uploads\/2023\/06\/foto-2023-06-19-mandato-deputado-vander.jpg","contentUrl":"https:\/\/vanderloubet.com.br\/deputado\/wp-content\/uploads\/2023\/06\/foto-2023-06-19-mandato-deputado-vander.jpg","width":1080,"height":1080,"caption":"Deputado Federal Vander Loubet"},"image":{"@id":"https:\/\/vanderloubet.com.br\/deputado\/#\/schema\/logo\/image\/"},"sameAs":["https:\/\/facebook.com\/deputadovander","https:\/\/x.com\/vanderloubet","https:\/\/instagram.com\/vanderloubet","https:\/\/youtube.com\/vanderloubet","https:\/\/tiktok.com\/@vanderloubetms"]},{"@type":"Person","@id":"https:\/\/vanderloubet.com.br\/deputado\/#\/schema\/person\/15b51bd564532a8a68d9dec1b8eb890e","name":"\u00c9der","image":{"@type":"ImageObject","inLanguage":"pt-BR","@id":"https:\/\/vanderloubet.com.br\/deputado\/wp-content\/litespeed\/avatar\/88ca4090d9d5ab1c9495f6ca03b68efa.jpg?ver=1777058957","url":"https:\/\/vanderloubet.com.br\/deputado\/wp-content\/litespeed\/avatar\/88ca4090d9d5ab1c9495f6ca03b68efa.jpg?ver=1777058957","contentUrl":"https:\/\/vanderloubet.com.br\/deputado\/wp-content\/litespeed\/avatar\/88ca4090d9d5ab1c9495f6ca03b68efa.jpg?ver=1777058957","caption":"\u00c9der"}}]}},"jetpack_featured_media_url":"","jetpack_sharing_enabled":true,"_links":{"self":[{"href":"https:\/\/vanderloubet.com.br\/deputado\/wp-json\/wp\/v2\/posts\/6086","targetHints":{"allow":["GET"]}}],"collection":[{"href":"https:\/\/vanderloubet.com.br\/deputado\/wp-json\/wp\/v2\/posts"}],"about":[{"href":"https:\/\/vanderloubet.com.br\/deputado\/wp-json\/wp\/v2\/types\/post"}],"author":[{"embeddable":true,"href":"https:\/\/vanderloubet.com.br\/deputado\/wp-json\/wp\/v2\/users\/2"}],"replies":[{"embeddable":true,"href":"https:\/\/vanderloubet.com.br\/deputado\/wp-json\/wp\/v2\/comments?post=6086"}],"version-history":[{"count":0,"href":"https:\/\/vanderloubet.com.br\/deputado\/wp-json\/wp\/v2\/posts\/6086\/revisions"}],"wp:attachment":[{"href":"https:\/\/vanderloubet.com.br\/deputado\/wp-json\/wp\/v2\/media?parent=6086"}],"wp:term":[{"taxonomy":"category","embeddable":true,"href":"https:\/\/vanderloubet.com.br\/deputado\/wp-json\/wp\/v2\/categories?post=6086"},{"taxonomy":"post_tag","embeddable":true,"href":"https:\/\/vanderloubet.com.br\/deputado\/wp-json\/wp\/v2\/tags?post=6086"}],"curies":[{"name":"wp","href":"https:\/\/api.w.org\/{rel}","templated":true}]}}