{"id":6048,"date":"2013-02-01T09:56:22","date_gmt":"2013-02-01T13:56:22","guid":{"rendered":"http:\/\/www.deputadovander.com.br\/website\/?p=6048"},"modified":"2013-02-01T09:56:22","modified_gmt":"2013-02-01T13:56:22","slug":"vander-viabiliza-beneficios-para-municipios-junto-a-funasa","status":"publish","type":"post","link":"https:\/\/vanderloubet.com.br\/deputado\/vander-viabiliza-beneficios-para-municipios-junto-a-funasa\/","title":{"rendered":"Vander viabiliza benef\u00edcios para munic\u00edpios junto \u00e0 Funasa"},"content":{"rendered":"<figure id=\"attachment_6050\" aria-describedby=\"caption-attachment-6050\" style=\"width: 420px\" class=\"wp-caption aligncenter\"><a href=\"http:\/\/www.deputadovander.com.br\/website\/wp-content\/uploads\/2013\/02\/foto-2013-02-01-junior-queiroz-vander-heitor.jpg\" target=\"_blank\"><img decoding=\"async\" class=\"size-medium wp-image-6050 \" title=\"Junior, Queiroz Filho, Vander e Heitor, na Funasa\" alt=\"Junior, Queiroz Filho, Vander e Heitor, na Funasa\" src=\"http:\/\/www.deputadovander.com.br\/website\/wp-content\/uploads\/2013\/02\/foto-2013-02-01-junior-queiroz-vander-heitor-420x280.jpg\" width=\"420\" height=\"280\" \/><\/a><figcaption id=\"caption-attachment-6050\" class=\"wp-caption-text\">Junior, Queiroz Filho, Vander e Heitor, na Funasa<\/figcaption><\/figure>\n<p>Na quarta-feira (30), o deputado federal Vander Loubet (PT-MS) esteve reunido em Bras\u00edlia com o presidente da Funda\u00e7\u00e3o Nacional de Sa\u00fade (Funasa), Gilson de Carvalho Queiroz Filho, juntamente com os prefeitos Heitor Miranda (PT), de Porto Murtinho, e Junior Vasconcelos (PSDB), de F\u00e1tima do Sul.<\/p>\n<p>O objetivo da reuni\u00e3o foi solicitar \u00e0 Funasa prioridade na efetiva formaliza\u00e7\u00e3o e pagamento de conv\u00eanios para a\u00e7\u00f5es de coleta e tratamento de res\u00edduos s\u00f3lidos nesses munic\u00edpios: Conv\u00eanio 0515\/2011, de F\u00e1tima do Sul, no valor de R$ 774 mil; e o Conv\u00eanio 0474\/2011, de Porto Murtinho, no valor de R$ 550 mil. Vander tamb\u00e9m levou a Queiroz Filho a reivindica\u00e7\u00e3o da prefeita Nilc\u00e9ia de Souza (PR), de Coronel Sapucaia, a respeito do Conv\u00eanio 0514\/2011, no valor de R$ 175 mil, tamb\u00e9m relacionado \u00e0 coleta de res\u00edduos s\u00f3lidos.<\/p>\n<p>O parlamentar sul-mato-grossense recebeu a sinaliza\u00e7\u00e3o positiva do presidente da Funasa, com o compromisso de que os os valores ser\u00e3o depositados para as prefeituras nos pr\u00f3ximos dias.<\/p>\n<p>Ainda em rela\u00e7\u00e3o a Coronel Sapucaia, o deputado solicitou o pagamento do Conv\u00eanio TC\/PAC 0335\/2011 (R$ 540 mil) para obras de melhorias sanit\u00e1rias domiciliares. Vander tamb\u00e9m requereu, a pedido do prefeito Vanderley Bispo (PT), a libera\u00e7\u00e3o dos R$ 510 mil do Conv\u00eanio TC\/PAC 0376\/2011 para Japor\u00e3. Queiroz Filho informou que, por se tratarem de obras do PAC e por terem rito pr\u00f3prio, cobrar\u00e1 celeridade nestes pagamentos para que ocorram ao longo do m\u00eas de fevereiro.<\/p>\n<p><strong>Saneamento b\u00e1sico<\/strong><\/p>\n<p>Melhorias sanit\u00e1rias domiciliares s\u00e3o interven\u00e7\u00f5es promovidas em \u00e1reas urbanas e rurais, com \u00eanfase em popula\u00e7\u00f5es carentes de aglomerados urbanos e em comunidade rurais, tradicionais e especiais (quilombolas e assentamentos da reforma agr\u00e1ria). Trata-se de uma a\u00e7\u00e3o de saneamento b\u00e1sico. As interven\u00e7\u00f5es incluem a constru\u00e7\u00e3o de m\u00f3dulos sanit\u00e1rios, banheiro, privada, tanque s\u00e9ptico, sumidouro (po\u00e7o absorvente), instala\u00e7\u00f5es de reservat\u00f3rio domiciliar de \u00e1gua, tanque de lavar roupa, lavat\u00f3rio, pia de cozinha, liga\u00e7\u00e3o \u00e0 rede p\u00fablica de \u00e1gua, liga\u00e7\u00e3o \u00e0 rede p\u00fablica de esgoto, dentre outras.<\/p>\n<p><strong>Res\u00edduos em Murtinho<\/strong><\/p>\n<p>Com a libera\u00e7\u00e3o dos R$ 550 mil do conv\u00eanio junto \u00e0 Funasa, a Prefeitura de Porto Murtinho vai adquirir dois caminh\u00f5es compactadores para dar in\u00edcio ao novo processo de coleta, despejo e tratamento adequados de lixo. Esse processo ser\u00e1 desenvolvido ao longo de toda a administra\u00e7\u00e3o, por meio de uma pol\u00edtica p\u00fablica de higiene, sa\u00fade, sustentabilidade e inclus\u00e3o social, conforme explicou o prefeito Heitor Miranda ao presidente da Funasa durante a reuni\u00e3o promovida pelo deputado Vander.<\/p>\n<p>Na ocasi\u00e3o, Heitor tratou tamb\u00e9m de outra iniciativa de import\u00e2ncia estrat\u00e9gica para Porto Murtinho: a inclus\u00e3o da cidade entre as primeiras a fazer parte do mapa de munic\u00edpios brasileiros selecionados para a aplica\u00e7\u00e3o de recursos or\u00e7ament\u00e1rios destinados \u00e0 elabora\u00e7\u00e3o do Plano Municipal de Saneamento B\u00e1sico. Inicialmente, ser\u00e3o selecionados pela Funasa 20 munic\u00edpios no Brasil e 29 est\u00e3o sendo analisados pela Funda\u00e7\u00e3o.<\/p>\n<p>&#8220;O Plano assegura recursos or\u00e7ament\u00e1rios e medidas de universaliza\u00e7\u00e3o do servi\u00e7o p\u00fablico de saneamento b\u00e1sico. Abrange ainda os servi\u00e7os de abastecimento de \u00e1gua pot\u00e1vel e esgotamento sanit\u00e1rio, a limpeza urbana e manejo de res\u00edduos s\u00f3lidos e at\u00e9 a drenagem e manejo das \u00e1guas pluviais&#8221;, explicou o prefeito murtinhense.<\/p>\n<p><span style=\"font-size: 11px;\">(\u00c9der Yanaguita &#8211; Assessoria\/Deputado Vander)<\/span><\/p>\n","protected":false},"excerpt":{"rendered":"<p>Deputado solicitou ao presidente da Funda\u00e7\u00e3o libera\u00e7\u00e3o de recursos para Porto Murtinho, F\u00e1tima do Sul, Coronel Sapucaia e Japor\u00e3.<\/p>\n","protected":false},"author":2,"featured_media":0,"comment_status":"closed","ping_status":"open","sticky":false,"template":"","format":"standard","meta":{"jetpack_post_was_ever_published":false,"_jetpack_newsletter_access":"","_jetpack_dont_email_post_to_subs":false,"_jetpack_newsletter_tier_id":0,"_jetpack_memberships_contains_paywalled_content":false,"_jetpack_memberships_contains_paid_content":false,"footnotes":""},"categories":[10],"tags":[472,528,799,883,887,959,1061,1105,1306,1607,1718,1781,1796,1803,1887,1902,2039],"class_list":{"0":"post-6048","1":"post","2":"type-post","3":"status-publish","4":"format-standard","6":"category-noticias","7":"tag-coleta","8":"tag-coronel","9":"tag-fatima","10":"tag-funasa","11":"tag-fundacao","12":"tag-heitor","13":"tag-japora","14":"tag-junior","15":"tag-miranda","16":"tag-prefeito","17":"tag-residuos","18":"tag-saneamento","19":"tag-sapucaia","20":"tag-saude","21":"tag-solidos","22":"tag-sul","23":"tag-vasconcelos"},"yoast_head":"<!-- This site is optimized with the Yoast SEO plugin v27.4 - https:\/\/yoast.com\/product\/yoast-seo-wordpress\/ -->\n<title>Vander viabiliza benef\u00edcios para munic\u00edpios junto \u00e0 Funasa<\/title>\n<meta name=\"robots\" content=\"index, follow, max-snippet:-1, max-image-preview:large, max-video-preview:-1\" \/>\n<link rel=\"canonical\" href=\"https:\/\/vanderloubet.com.br\/deputado\/vander-viabiliza-beneficios-para-municipios-junto-a-funasa\/\" \/>\n<meta property=\"og:locale\" content=\"pt_BR\" \/>\n<meta property=\"og:type\" content=\"article\" \/>\n<meta property=\"og:title\" content=\"Vander viabiliza benef\u00edcios para munic\u00edpios junto \u00e0 Funasa\" \/>\n<meta property=\"og:description\" content=\"Deputado solicitou ao presidente da Funda\u00e7\u00e3o libera\u00e7\u00e3o de recursos para Porto Murtinho, F\u00e1tima do Sul, Coronel Sapucaia e Japor\u00e3.\" \/>\n<meta property=\"og:url\" content=\"https:\/\/vanderloubet.com.br\/deputado\/vander-viabiliza-beneficios-para-municipios-junto-a-funasa\/\" \/>\n<meta property=\"og:site_name\" content=\"Deputado Federal Vander Loubet\" \/>\n<meta property=\"article:publisher\" content=\"https:\/\/facebook.com\/deputadovander\" \/>\n<meta property=\"article:published_time\" content=\"2013-02-01T13:56:22+00:00\" \/>\n<meta property=\"og:image\" content=\"http:\/\/www.deputadovander.com.br\/website\/wp-content\/uploads\/2013\/02\/foto-2013-02-01-junior-queiroz-vander-heitor-420x280.jpg\" \/>\n<meta name=\"author\" content=\"\u00c9der\" \/>\n<meta name=\"twitter:card\" content=\"summary_large_image\" \/>\n<meta name=\"twitter:creator\" content=\"@vanderloubet\" \/>\n<meta name=\"twitter:site\" content=\"@vanderloubet\" \/>\n<script type=\"application\/ld+json\" class=\"yoast-schema-graph\">{\"@context\":\"https:\\\/\\\/schema.org\",\"@graph\":[{\"@type\":\"Article\",\"@id\":\"https:\\\/\\\/vanderloubet.com.br\\\/deputado\\\/vander-viabiliza-beneficios-para-municipios-junto-a-funasa\\\/#article\",\"isPartOf\":{\"@id\":\"https:\\\/\\\/vanderloubet.com.br\\\/deputado\\\/vander-viabiliza-beneficios-para-municipios-junto-a-funasa\\\/\"},\"author\":{\"name\":\"\u00c9der\",\"@id\":\"https:\\\/\\\/vanderloubet.com.br\\\/deputado\\\/#\\\/schema\\\/person\\\/15b51bd564532a8a68d9dec1b8eb890e\"},\"headline\":\"Vander viabiliza benef\u00edcios para munic\u00edpios junto \u00e0 Funasa\",\"datePublished\":\"2013-02-01T13:56:22+00:00\",\"mainEntityOfPage\":{\"@id\":\"https:\\\/\\\/vanderloubet.com.br\\\/deputado\\\/vander-viabiliza-beneficios-para-municipios-junto-a-funasa\\\/\"},\"wordCount\":608,\"publisher\":{\"@id\":\"https:\\\/\\\/vanderloubet.com.br\\\/deputado\\\/#organization\"},\"image\":{\"@id\":\"https:\\\/\\\/vanderloubet.com.br\\\/deputado\\\/vander-viabiliza-beneficios-para-municipios-junto-a-funasa\\\/#primaryimage\"},\"thumbnailUrl\":\"http:\\\/\\\/www.deputadovander.com.br\\\/website\\\/wp-content\\\/uploads\\\/2013\\\/02\\\/foto-2013-02-01-junior-queiroz-vander-heitor-420x280.jpg\",\"keywords\":[\"coleta\",\"coronel\",\"f\u00e1tima\",\"funasa\",\"funda\u00e7\u00e3o\",\"heitor\",\"japor\u00e3\",\"junior\",\"miranda\",\"prefeito\",\"res\u00edduos\",\"saneamento\",\"sapucaia\",\"sa\u00fade\",\"s\u00f3lidos\",\"sul\",\"vasconcelos\"],\"articleSection\":[\"Not\u00edcias\"],\"inLanguage\":\"pt-BR\"},{\"@type\":\"WebPage\",\"@id\":\"https:\\\/\\\/vanderloubet.com.br\\\/deputado\\\/vander-viabiliza-beneficios-para-municipios-junto-a-funasa\\\/\",\"url\":\"https:\\\/\\\/vanderloubet.com.br\\\/deputado\\\/vander-viabiliza-beneficios-para-municipios-junto-a-funasa\\\/\",\"name\":\"Vander viabiliza benef\u00edcios para munic\u00edpios junto \u00e0 Funasa\",\"isPartOf\":{\"@id\":\"https:\\\/\\\/vanderloubet.com.br\\\/deputado\\\/#website\"},\"primaryImageOfPage\":{\"@id\":\"https:\\\/\\\/vanderloubet.com.br\\\/deputado\\\/vander-viabiliza-beneficios-para-municipios-junto-a-funasa\\\/#primaryimage\"},\"image\":{\"@id\":\"https:\\\/\\\/vanderloubet.com.br\\\/deputado\\\/vander-viabiliza-beneficios-para-municipios-junto-a-funasa\\\/#primaryimage\"},\"thumbnailUrl\":\"http:\\\/\\\/www.deputadovander.com.br\\\/website\\\/wp-content\\\/uploads\\\/2013\\\/02\\\/foto-2013-02-01-junior-queiroz-vander-heitor-420x280.jpg\",\"datePublished\":\"2013-02-01T13:56:22+00:00\",\"breadcrumb\":{\"@id\":\"https:\\\/\\\/vanderloubet.com.br\\\/deputado\\\/vander-viabiliza-beneficios-para-municipios-junto-a-funasa\\\/#breadcrumb\"},\"inLanguage\":\"pt-BR\",\"potentialAction\":[{\"@type\":\"ReadAction\",\"target\":[\"https:\\\/\\\/vanderloubet.com.br\\\/deputado\\\/vander-viabiliza-beneficios-para-municipios-junto-a-funasa\\\/\"]}]},{\"@type\":\"ImageObject\",\"inLanguage\":\"pt-BR\",\"@id\":\"https:\\\/\\\/vanderloubet.com.br\\\/deputado\\\/vander-viabiliza-beneficios-para-municipios-junto-a-funasa\\\/#primaryimage\",\"url\":\"http:\\\/\\\/www.deputadovander.com.br\\\/website\\\/wp-content\\\/uploads\\\/2013\\\/02\\\/foto-2013-02-01-junior-queiroz-vander-heitor-420x280.jpg\",\"contentUrl\":\"http:\\\/\\\/www.deputadovander.com.br\\\/website\\\/wp-content\\\/uploads\\\/2013\\\/02\\\/foto-2013-02-01-junior-queiroz-vander-heitor-420x280.jpg\"},{\"@type\":\"BreadcrumbList\",\"@id\":\"https:\\\/\\\/vanderloubet.com.br\\\/deputado\\\/vander-viabiliza-beneficios-para-municipios-junto-a-funasa\\\/#breadcrumb\",\"itemListElement\":[{\"@type\":\"ListItem\",\"position\":1,\"name\":\"In\u00edcio\",\"item\":\"https:\\\/\\\/vanderloubet.com.br\\\/deputado\\\/\"},{\"@type\":\"ListItem\",\"position\":2,\"name\":\"Vander viabiliza benef\u00edcios para munic\u00edpios junto \u00e0 Funasa\"}]},{\"@type\":\"WebSite\",\"@id\":\"https:\\\/\\\/vanderloubet.com.br\\\/deputado\\\/#website\",\"url\":\"https:\\\/\\\/vanderloubet.com.br\\\/deputado\\\/\",\"name\":\"Deputado Federal Vander Loubet\",\"description\":\"O Federal de MS\",\"publisher\":{\"@id\":\"https:\\\/\\\/vanderloubet.com.br\\\/deputado\\\/#organization\"},\"alternateName\":\"Deputado Vander\",\"potentialAction\":[{\"@type\":\"SearchAction\",\"target\":{\"@type\":\"EntryPoint\",\"urlTemplate\":\"https:\\\/\\\/vanderloubet.com.br\\\/deputado\\\/?s={search_term_string}\"},\"query-input\":{\"@type\":\"PropertyValueSpecification\",\"valueRequired\":true,\"valueName\":\"search_term_string\"}}],\"inLanguage\":\"pt-BR\"},{\"@type\":\"Organization\",\"@id\":\"https:\\\/\\\/vanderloubet.com.br\\\/deputado\\\/#organization\",\"name\":\"Deputado Federal Vander Loubet\",\"alternateName\":\"Deputado Vander\",\"url\":\"https:\\\/\\\/vanderloubet.com.br\\\/deputado\\\/\",\"logo\":{\"@type\":\"ImageObject\",\"inLanguage\":\"pt-BR\",\"@id\":\"https:\\\/\\\/vanderloubet.com.br\\\/deputado\\\/#\\\/schema\\\/logo\\\/image\\\/\",\"url\":\"https:\\\/\\\/vanderloubet.com.br\\\/deputado\\\/wp-content\\\/uploads\\\/2023\\\/06\\\/foto-2023-06-19-mandato-deputado-vander.jpg\",\"contentUrl\":\"https:\\\/\\\/vanderloubet.com.br\\\/deputado\\\/wp-content\\\/uploads\\\/2023\\\/06\\\/foto-2023-06-19-mandato-deputado-vander.jpg\",\"width\":1080,\"height\":1080,\"caption\":\"Deputado Federal Vander Loubet\"},\"image\":{\"@id\":\"https:\\\/\\\/vanderloubet.com.br\\\/deputado\\\/#\\\/schema\\\/logo\\\/image\\\/\"},\"sameAs\":[\"https:\\\/\\\/facebook.com\\\/deputadovander\",\"https:\\\/\\\/x.com\\\/vanderloubet\",\"https:\\\/\\\/instagram.com\\\/vanderloubet\",\"https:\\\/\\\/youtube.com\\\/vanderloubet\",\"https:\\\/\\\/tiktok.com\\\/@vanderloubetms\"]},{\"@type\":\"Person\",\"@id\":\"https:\\\/\\\/vanderloubet.com.br\\\/deputado\\\/#\\\/schema\\\/person\\\/15b51bd564532a8a68d9dec1b8eb890e\",\"name\":\"\u00c9der\",\"image\":{\"@type\":\"ImageObject\",\"inLanguage\":\"pt-BR\",\"@id\":\"https:\\\/\\\/vanderloubet.com.br\\\/deputado\\\/wp-content\\\/litespeed\\\/avatar\\\/88ca4090d9d5ab1c9495f6ca03b68efa.jpg?ver=1777058957\",\"url\":\"https:\\\/\\\/vanderloubet.com.br\\\/deputado\\\/wp-content\\\/litespeed\\\/avatar\\\/88ca4090d9d5ab1c9495f6ca03b68efa.jpg?ver=1777058957\",\"contentUrl\":\"https:\\\/\\\/vanderloubet.com.br\\\/deputado\\\/wp-content\\\/litespeed\\\/avatar\\\/88ca4090d9d5ab1c9495f6ca03b68efa.jpg?ver=1777058957\",\"caption\":\"\u00c9der\"}}]}<\/script>\n<!-- \/ Yoast SEO plugin. -->","yoast_head_json":{"title":"Vander viabiliza benef\u00edcios para munic\u00edpios junto \u00e0 Funasa","robots":{"index":"index","follow":"follow","max-snippet":"max-snippet:-1","max-image-preview":"max-image-preview:large","max-video-preview":"max-video-preview:-1"},"canonical":"https:\/\/vanderloubet.com.br\/deputado\/vander-viabiliza-beneficios-para-municipios-junto-a-funasa\/","og_locale":"pt_BR","og_type":"article","og_title":"Vander viabiliza benef\u00edcios para munic\u00edpios junto \u00e0 Funasa","og_description":"Deputado solicitou ao presidente da Funda\u00e7\u00e3o libera\u00e7\u00e3o de recursos para Porto Murtinho, F\u00e1tima do Sul, Coronel Sapucaia e Japor\u00e3.","og_url":"https:\/\/vanderloubet.com.br\/deputado\/vander-viabiliza-beneficios-para-municipios-junto-a-funasa\/","og_site_name":"Deputado Federal Vander Loubet","article_publisher":"https:\/\/facebook.com\/deputadovander","article_published_time":"2013-02-01T13:56:22+00:00","og_image":[{"url":"http:\/\/www.deputadovander.com.br\/website\/wp-content\/uploads\/2013\/02\/foto-2013-02-01-junior-queiroz-vander-heitor-420x280.jpg","type":"","width":"","height":""}],"author":"\u00c9der","twitter_card":"summary_large_image","twitter_creator":"@vanderloubet","twitter_site":"@vanderloubet","schema":{"@context":"https:\/\/schema.org","@graph":[{"@type":"Article","@id":"https:\/\/vanderloubet.com.br\/deputado\/vander-viabiliza-beneficios-para-municipios-junto-a-funasa\/#article","isPartOf":{"@id":"https:\/\/vanderloubet.com.br\/deputado\/vander-viabiliza-beneficios-para-municipios-junto-a-funasa\/"},"author":{"name":"\u00c9der","@id":"https:\/\/vanderloubet.com.br\/deputado\/#\/schema\/person\/15b51bd564532a8a68d9dec1b8eb890e"},"headline":"Vander viabiliza benef\u00edcios para munic\u00edpios junto \u00e0 Funasa","datePublished":"2013-02-01T13:56:22+00:00","mainEntityOfPage":{"@id":"https:\/\/vanderloubet.com.br\/deputado\/vander-viabiliza-beneficios-para-municipios-junto-a-funasa\/"},"wordCount":608,"publisher":{"@id":"https:\/\/vanderloubet.com.br\/deputado\/#organization"},"image":{"@id":"https:\/\/vanderloubet.com.br\/deputado\/vander-viabiliza-beneficios-para-municipios-junto-a-funasa\/#primaryimage"},"thumbnailUrl":"http:\/\/www.deputadovander.com.br\/website\/wp-content\/uploads\/2013\/02\/foto-2013-02-01-junior-queiroz-vander-heitor-420x280.jpg","keywords":["coleta","coronel","f\u00e1tima","funasa","funda\u00e7\u00e3o","heitor","japor\u00e3","junior","miranda","prefeito","res\u00edduos","saneamento","sapucaia","sa\u00fade","s\u00f3lidos","sul","vasconcelos"],"articleSection":["Not\u00edcias"],"inLanguage":"pt-BR"},{"@type":"WebPage","@id":"https:\/\/vanderloubet.com.br\/deputado\/vander-viabiliza-beneficios-para-municipios-junto-a-funasa\/","url":"https:\/\/vanderloubet.com.br\/deputado\/vander-viabiliza-beneficios-para-municipios-junto-a-funasa\/","name":"Vander viabiliza benef\u00edcios para munic\u00edpios junto \u00e0 Funasa","isPartOf":{"@id":"https:\/\/vanderloubet.com.br\/deputado\/#website"},"primaryImageOfPage":{"@id":"https:\/\/vanderloubet.com.br\/deputado\/vander-viabiliza-beneficios-para-municipios-junto-a-funasa\/#primaryimage"},"image":{"@id":"https:\/\/vanderloubet.com.br\/deputado\/vander-viabiliza-beneficios-para-municipios-junto-a-funasa\/#primaryimage"},"thumbnailUrl":"http:\/\/www.deputadovander.com.br\/website\/wp-content\/uploads\/2013\/02\/foto-2013-02-01-junior-queiroz-vander-heitor-420x280.jpg","datePublished":"2013-02-01T13:56:22+00:00","breadcrumb":{"@id":"https:\/\/vanderloubet.com.br\/deputado\/vander-viabiliza-beneficios-para-municipios-junto-a-funasa\/#breadcrumb"},"inLanguage":"pt-BR","potentialAction":[{"@type":"ReadAction","target":["https:\/\/vanderloubet.com.br\/deputado\/vander-viabiliza-beneficios-para-municipios-junto-a-funasa\/"]}]},{"@type":"ImageObject","inLanguage":"pt-BR","@id":"https:\/\/vanderloubet.com.br\/deputado\/vander-viabiliza-beneficios-para-municipios-junto-a-funasa\/#primaryimage","url":"http:\/\/www.deputadovander.com.br\/website\/wp-content\/uploads\/2013\/02\/foto-2013-02-01-junior-queiroz-vander-heitor-420x280.jpg","contentUrl":"http:\/\/www.deputadovander.com.br\/website\/wp-content\/uploads\/2013\/02\/foto-2013-02-01-junior-queiroz-vander-heitor-420x280.jpg"},{"@type":"BreadcrumbList","@id":"https:\/\/vanderloubet.com.br\/deputado\/vander-viabiliza-beneficios-para-municipios-junto-a-funasa\/#breadcrumb","itemListElement":[{"@type":"ListItem","position":1,"name":"In\u00edcio","item":"https:\/\/vanderloubet.com.br\/deputado\/"},{"@type":"ListItem","position":2,"name":"Vander viabiliza benef\u00edcios para munic\u00edpios junto \u00e0 Funasa"}]},{"@type":"WebSite","@id":"https:\/\/vanderloubet.com.br\/deputado\/#website","url":"https:\/\/vanderloubet.com.br\/deputado\/","name":"Deputado Federal Vander Loubet","description":"O Federal de MS","publisher":{"@id":"https:\/\/vanderloubet.com.br\/deputado\/#organization"},"alternateName":"Deputado Vander","potentialAction":[{"@type":"SearchAction","target":{"@type":"EntryPoint","urlTemplate":"https:\/\/vanderloubet.com.br\/deputado\/?s={search_term_string}"},"query-input":{"@type":"PropertyValueSpecification","valueRequired":true,"valueName":"search_term_string"}}],"inLanguage":"pt-BR"},{"@type":"Organization","@id":"https:\/\/vanderloubet.com.br\/deputado\/#organization","name":"Deputado Federal Vander Loubet","alternateName":"Deputado Vander","url":"https:\/\/vanderloubet.com.br\/deputado\/","logo":{"@type":"ImageObject","inLanguage":"pt-BR","@id":"https:\/\/vanderloubet.com.br\/deputado\/#\/schema\/logo\/image\/","url":"https:\/\/vanderloubet.com.br\/deputado\/wp-content\/uploads\/2023\/06\/foto-2023-06-19-mandato-deputado-vander.jpg","contentUrl":"https:\/\/vanderloubet.com.br\/deputado\/wp-content\/uploads\/2023\/06\/foto-2023-06-19-mandato-deputado-vander.jpg","width":1080,"height":1080,"caption":"Deputado Federal Vander Loubet"},"image":{"@id":"https:\/\/vanderloubet.com.br\/deputado\/#\/schema\/logo\/image\/"},"sameAs":["https:\/\/facebook.com\/deputadovander","https:\/\/x.com\/vanderloubet","https:\/\/instagram.com\/vanderloubet","https:\/\/youtube.com\/vanderloubet","https:\/\/tiktok.com\/@vanderloubetms"]},{"@type":"Person","@id":"https:\/\/vanderloubet.com.br\/deputado\/#\/schema\/person\/15b51bd564532a8a68d9dec1b8eb890e","name":"\u00c9der","image":{"@type":"ImageObject","inLanguage":"pt-BR","@id":"https:\/\/vanderloubet.com.br\/deputado\/wp-content\/litespeed\/avatar\/88ca4090d9d5ab1c9495f6ca03b68efa.jpg?ver=1777058957","url":"https:\/\/vanderloubet.com.br\/deputado\/wp-content\/litespeed\/avatar\/88ca4090d9d5ab1c9495f6ca03b68efa.jpg?ver=1777058957","contentUrl":"https:\/\/vanderloubet.com.br\/deputado\/wp-content\/litespeed\/avatar\/88ca4090d9d5ab1c9495f6ca03b68efa.jpg?ver=1777058957","caption":"\u00c9der"}}]}},"jetpack_featured_media_url":"","jetpack_sharing_enabled":true,"_links":{"self":[{"href":"https:\/\/vanderloubet.com.br\/deputado\/wp-json\/wp\/v2\/posts\/6048","targetHints":{"allow":["GET"]}}],"collection":[{"href":"https:\/\/vanderloubet.com.br\/deputado\/wp-json\/wp\/v2\/posts"}],"about":[{"href":"https:\/\/vanderloubet.com.br\/deputado\/wp-json\/wp\/v2\/types\/post"}],"author":[{"embeddable":true,"href":"https:\/\/vanderloubet.com.br\/deputado\/wp-json\/wp\/v2\/users\/2"}],"replies":[{"embeddable":true,"href":"https:\/\/vanderloubet.com.br\/deputado\/wp-json\/wp\/v2\/comments?post=6048"}],"version-history":[{"count":0,"href":"https:\/\/vanderloubet.com.br\/deputado\/wp-json\/wp\/v2\/posts\/6048\/revisions"}],"wp:attachment":[{"href":"https:\/\/vanderloubet.com.br\/deputado\/wp-json\/wp\/v2\/media?parent=6048"}],"wp:term":[{"taxonomy":"category","embeddable":true,"href":"https:\/\/vanderloubet.com.br\/deputado\/wp-json\/wp\/v2\/categories?post=6048"},{"taxonomy":"post_tag","embeddable":true,"href":"https:\/\/vanderloubet.com.br\/deputado\/wp-json\/wp\/v2\/tags?post=6048"}],"curies":[{"name":"wp","href":"https:\/\/api.w.org\/{rel}","templated":true}]}}