{"id":5973,"date":"2012-12-19T16:33:58","date_gmt":"2012-12-19T20:33:58","guid":{"rendered":"http:\/\/www.deputadovander.com.br\/website\/?p=5973"},"modified":"2012-12-19T16:33:58","modified_gmt":"2012-12-19T20:33:58","slug":"parque-de-exposicoes-de-sao-gabriel-do-oeste-recebera-emenda-de-r-1-milhao-de-vander","status":"publish","type":"post","link":"https:\/\/vanderloubet.com.br\/deputado\/parque-de-exposicoes-de-sao-gabriel-do-oeste-recebera-emenda-de-r-1-milhao-de-vander\/","title":{"rendered":"Parque de Exposi\u00e7\u00f5es de S\u00e3o Gabriel ter\u00e1 emenda de R$ 1 milh\u00e3o de Vander"},"content":{"rendered":"<figure id=\"attachment_3596\" aria-describedby=\"caption-attachment-3596\" style=\"width: 420px\" class=\"wp-caption aligncenter\"><a href=\"http:\/\/www.deputadovander.com.br\/website\/wp-content\/uploads\/2011\/08\/foto-2011-08-08-vander-sao-gabriel1.jpg\" target=\"_blank\"><img decoding=\"async\" class=\" wp-image-3596 \" title=\"foto-2011-08-08-vander-sao-gabriel\" src=\"http:\/\/www.deputadovander.com.br\/website\/wp-content\/uploads\/2011\/08\/foto-2011-08-08-vander-sao-gabriel1-420x279.jpg\" alt=\"Em visita no ano passado, Vander conheceu o projeto (foto: iDest)\" width=\"420\" height=\"279\" \/><\/a><figcaption id=\"caption-attachment-3596\" class=\"wp-caption-text\">Em visita no ano passado, Vander conheceu o projeto (foto: iDest)<\/figcaption><\/figure>\n<p>Nesta sexta-feira (21), o deputado federal Vander Loubet (PT-MS) estar\u00e1 em S\u00e3o Gabriel do Oeste, no norte do estado, onde vai se encontrar com o prefeito S\u00e9rgio Marcon (PSDB) e com o presidente do Sindicato Rural, J\u00falio Bortolini, para anunciar a libera\u00e7\u00e3o de uma emenda parlamentar de quase R$ 1 milh\u00e3o para o Parque de Exposi\u00e7\u00f5es, cuja obra or\u00e7ada em cerca de R$ 10 milh\u00f5es.<\/p>\n<p>Segundo Bortolini, o Parque de Exposi\u00e7\u00f5es de S\u00e3o Gabriel do Oeste faz parte de uma estrat\u00e9gia do agroneg\u00f3cio local para transformar a cidade em um grande p\u00f3lo de desenvolvimento tecnol\u00f3gico e de produ\u00e7\u00e3o agropecu\u00e1ria. &#8220;Existe uma rota da agropecu\u00e1ria que \u00e9 formada por Cascaval [PR], S\u00e3o Gabriel do Oeste e Rondon\u00f3polis [MT]. Dessas tr\u00eas cidades somos a \u00fanica que n\u00e3o tem um parque, apesar do grande potencial do nosso munic\u00edpio, que \u00e9 forte na pecu\u00e1ria su\u00edna, no processamento de latic\u00ednios e na produ\u00e7\u00e3o de soja e milho. Um parque sempre fez falta. A pr\u00f3pria Festa do Leit\u00e3o no Rolete cresce a cada ano e n\u00e3o temos um espa\u00e7o apropriado para receber o p\u00fablico. Ent\u00e3o esse parque vai cumprir um papel fundamental na din\u00e2mica econ\u00f4mica e social de S\u00e3o Gabriel. Ser\u00e1 um novo marco para o munic\u00edpio&#8221;, destacou.<\/p>\n<p style=\"text-align: center;\"><a href=\"http:\/\/www.deputadovander.com.br\/website\/wp-content\/uploads\/2012\/12\/foto-2012-12-19-planta-parque-sao-gabriel-oeste-01.jpg\" target=\"_blank\"><img decoding=\"async\" class=\"size-thumbnail wp-image-5685 aligncenter\" title=\"Parque de Exposi\u00e7\u00f5es de SGO (01)\" src=\"http:\/\/www.deputadovander.com.br\/website\/wp-content\/uploads\/2012\/12\/foto-2012-12-19-planta-parque-sao-gabriel-oeste-01-150x150.jpg\" alt=\"Parque de Exposi\u00e7\u00f5es de SGO (01)\" width=\"150\" height=\"150\" \/><\/a><a href=\"http:\/\/www.deputadovander.com.br\/website\/wp-content\/uploads\/2012\/12\/foto-2012-12-19-planta-parque-sao-gabriel-oeste-02.jpg\" target=\"_blank\"><img decoding=\"async\" class=\"size-thumbnail wp-image-5685 aligncenter\" title=\"Parque de Exposi\u00e7\u00f5es de SGO (02)\" src=\"http:\/\/www.deputadovander.com.br\/website\/wp-content\/uploads\/2012\/12\/foto-2012-12-19-planta-parque-sao-gabriel-oeste-02-150x150.jpg\" alt=\"Parque de Exposi\u00e7\u00f5es de SGO (02)\" width=\"150\" height=\"150\" \/><\/a><\/p>\n<p>J\u00e1 o deputado Vander afirma que est\u00e1 comprometido com o projeto do Parque e que pretende continuar a trabalhar para dar suporte ao munic\u00edpio. &#8220;J\u00e1 conversei com o J\u00falio e pedi para que o Sindicato e a Prefeitura encaminhem novos projetos para Bras\u00edlia para que possamos atuar na viabiliza\u00e7\u00e3o de novos investimentos&#8221;, explicou.<\/p>\n<p>O Parque de Exposi\u00e7\u00f5es \u00e9 uma a\u00e7\u00e3o conjunta da Prefeitura e do Sindicato Rural, que conta com investimento de ambas as institui\u00e7\u00f5es. A obra come\u00e7ou no meio deste ano. Est\u00e1 sendo erguida numa \u00e1rea de 25 hectares e segue o modelo dos grandes parques do Pa\u00eds. O recurso de R$ 1 milh\u00e3o viabilizado pelo deputado Vander, que j\u00e1 est\u00e1 empenhado, ser\u00e1 empregado na constru\u00e7\u00e3o do sal\u00e3o de eventos (tatersal).<\/p>\n<p><span style=\"font-size: 11px;\">(\u00c9der Yanaguita &#8211; Assessoria\/Deputado Vander)<\/span><\/p>\n","protected":false},"excerpt":{"rendered":"<p>O recurso, que j\u00e1 est\u00e1 empenhado para Prefeitura, ser\u00e1 empregado na constru\u00e7\u00e3o do sal\u00e3o de eventos (tatersal).<\/p>\n","protected":false},"author":2,"featured_media":0,"comment_status":"closed","ping_status":"open","sticky":false,"template":"","format":"standard","meta":{"jetpack_post_was_ever_published":false,"_jetpack_newsletter_access":"","_jetpack_dont_email_post_to_subs":false,"_jetpack_newsletter_tier_id":0,"_jetpack_memberships_contains_paywalled_content":false,"_jetpack_memberships_contains_paid_content":false,"footnotes":""},"categories":[10],"tags":[286,709,780,896,1100,1222,1408,1413,1484,1607,1609,1768,1794,1830,1854],"class_list":{"0":"post-5973","1":"post","2":"type-post","3":"status-publish","4":"format-standard","6":"category-noticias","7":"tag-bortolini","8":"tag-emenda","9":"tag-exposicoes","10":"tag-gabriel","11":"tag-julio","12":"tag-marcon","13":"tag-obra","14":"tag-oeste","15":"tag-parque","16":"tag-prefeito","17":"tag-prefeitura","18":"tag-rural","19":"tag-sao","20":"tag-sergio","21":"tag-sindicato"},"yoast_head":"<!-- This site is optimized with the Yoast SEO plugin v27.4 - https:\/\/yoast.com\/product\/yoast-seo-wordpress\/ -->\n<title>Parque de Exposi\u00e7\u00f5es de S\u00e3o Gabriel ter\u00e1 emenda de R$ 1 milh\u00e3o de Vander<\/title>\n<meta name=\"robots\" content=\"index, follow, max-snippet:-1, max-image-preview:large, max-video-preview:-1\" \/>\n<link rel=\"canonical\" href=\"https:\/\/vanderloubet.com.br\/deputado\/parque-de-exposicoes-de-sao-gabriel-do-oeste-recebera-emenda-de-r-1-milhao-de-vander\/\" \/>\n<meta property=\"og:locale\" content=\"pt_BR\" \/>\n<meta property=\"og:type\" content=\"article\" \/>\n<meta property=\"og:title\" content=\"Parque de Exposi\u00e7\u00f5es de S\u00e3o Gabriel ter\u00e1 emenda de R$ 1 milh\u00e3o de Vander\" \/>\n<meta property=\"og:description\" content=\"O recurso, que j\u00e1 est\u00e1 empenhado para Prefeitura, ser\u00e1 empregado na constru\u00e7\u00e3o do sal\u00e3o de eventos (tatersal).\" \/>\n<meta property=\"og:url\" content=\"https:\/\/vanderloubet.com.br\/deputado\/parque-de-exposicoes-de-sao-gabriel-do-oeste-recebera-emenda-de-r-1-milhao-de-vander\/\" \/>\n<meta property=\"og:site_name\" content=\"Deputado Federal Vander Loubet\" \/>\n<meta property=\"article:publisher\" content=\"https:\/\/facebook.com\/deputadovander\" \/>\n<meta property=\"article:published_time\" content=\"2012-12-19T20:33:58+00:00\" \/>\n<meta property=\"og:image\" content=\"http:\/\/www.deputadovander.com.br\/website\/wp-content\/uploads\/2011\/08\/foto-2011-08-08-vander-sao-gabriel1-420x279.jpg\" \/>\n<meta name=\"author\" content=\"\u00c9der\" \/>\n<meta name=\"twitter:card\" content=\"summary_large_image\" \/>\n<meta name=\"twitter:creator\" content=\"@vanderloubet\" \/>\n<meta name=\"twitter:site\" content=\"@vanderloubet\" \/>\n<script type=\"application\/ld+json\" class=\"yoast-schema-graph\">{\"@context\":\"https:\\\/\\\/schema.org\",\"@graph\":[{\"@type\":\"Article\",\"@id\":\"https:\\\/\\\/vanderloubet.com.br\\\/deputado\\\/parque-de-exposicoes-de-sao-gabriel-do-oeste-recebera-emenda-de-r-1-milhao-de-vander\\\/#article\",\"isPartOf\":{\"@id\":\"https:\\\/\\\/vanderloubet.com.br\\\/deputado\\\/parque-de-exposicoes-de-sao-gabriel-do-oeste-recebera-emenda-de-r-1-milhao-de-vander\\\/\"},\"author\":{\"name\":\"\u00c9der\",\"@id\":\"https:\\\/\\\/vanderloubet.com.br\\\/deputado\\\/#\\\/schema\\\/person\\\/15b51bd564532a8a68d9dec1b8eb890e\"},\"headline\":\"Parque de Exposi\u00e7\u00f5es de S\u00e3o Gabriel ter\u00e1 emenda de R$ 1 milh\u00e3o de Vander\",\"datePublished\":\"2012-12-19T20:33:58+00:00\",\"mainEntityOfPage\":{\"@id\":\"https:\\\/\\\/vanderloubet.com.br\\\/deputado\\\/parque-de-exposicoes-de-sao-gabriel-do-oeste-recebera-emenda-de-r-1-milhao-de-vander\\\/\"},\"wordCount\":404,\"publisher\":{\"@id\":\"https:\\\/\\\/vanderloubet.com.br\\\/deputado\\\/#organization\"},\"image\":{\"@id\":\"https:\\\/\\\/vanderloubet.com.br\\\/deputado\\\/parque-de-exposicoes-de-sao-gabriel-do-oeste-recebera-emenda-de-r-1-milhao-de-vander\\\/#primaryimage\"},\"thumbnailUrl\":\"http:\\\/\\\/www.deputadovander.com.br\\\/website\\\/wp-content\\\/uploads\\\/2011\\\/08\\\/foto-2011-08-08-vander-sao-gabriel1-420x279.jpg\",\"keywords\":[\"bortolini\",\"emenda\",\"exposi\u00e7\u00f5es\",\"gabriel\",\"j\u00falio\",\"marcon\",\"obra\",\"oeste\",\"parque\",\"prefeito\",\"prefeitura\",\"rural\",\"s\u00e3o\",\"s\u00e9rgio\",\"sindicato\"],\"articleSection\":[\"Not\u00edcias\"],\"inLanguage\":\"pt-BR\"},{\"@type\":\"WebPage\",\"@id\":\"https:\\\/\\\/vanderloubet.com.br\\\/deputado\\\/parque-de-exposicoes-de-sao-gabriel-do-oeste-recebera-emenda-de-r-1-milhao-de-vander\\\/\",\"url\":\"https:\\\/\\\/vanderloubet.com.br\\\/deputado\\\/parque-de-exposicoes-de-sao-gabriel-do-oeste-recebera-emenda-de-r-1-milhao-de-vander\\\/\",\"name\":\"Parque de Exposi\u00e7\u00f5es de S\u00e3o Gabriel ter\u00e1 emenda de R$ 1 milh\u00e3o de Vander\",\"isPartOf\":{\"@id\":\"https:\\\/\\\/vanderloubet.com.br\\\/deputado\\\/#website\"},\"primaryImageOfPage\":{\"@id\":\"https:\\\/\\\/vanderloubet.com.br\\\/deputado\\\/parque-de-exposicoes-de-sao-gabriel-do-oeste-recebera-emenda-de-r-1-milhao-de-vander\\\/#primaryimage\"},\"image\":{\"@id\":\"https:\\\/\\\/vanderloubet.com.br\\\/deputado\\\/parque-de-exposicoes-de-sao-gabriel-do-oeste-recebera-emenda-de-r-1-milhao-de-vander\\\/#primaryimage\"},\"thumbnailUrl\":\"http:\\\/\\\/www.deputadovander.com.br\\\/website\\\/wp-content\\\/uploads\\\/2011\\\/08\\\/foto-2011-08-08-vander-sao-gabriel1-420x279.jpg\",\"datePublished\":\"2012-12-19T20:33:58+00:00\",\"breadcrumb\":{\"@id\":\"https:\\\/\\\/vanderloubet.com.br\\\/deputado\\\/parque-de-exposicoes-de-sao-gabriel-do-oeste-recebera-emenda-de-r-1-milhao-de-vander\\\/#breadcrumb\"},\"inLanguage\":\"pt-BR\",\"potentialAction\":[{\"@type\":\"ReadAction\",\"target\":[\"https:\\\/\\\/vanderloubet.com.br\\\/deputado\\\/parque-de-exposicoes-de-sao-gabriel-do-oeste-recebera-emenda-de-r-1-milhao-de-vander\\\/\"]}]},{\"@type\":\"ImageObject\",\"inLanguage\":\"pt-BR\",\"@id\":\"https:\\\/\\\/vanderloubet.com.br\\\/deputado\\\/parque-de-exposicoes-de-sao-gabriel-do-oeste-recebera-emenda-de-r-1-milhao-de-vander\\\/#primaryimage\",\"url\":\"http:\\\/\\\/www.deputadovander.com.br\\\/website\\\/wp-content\\\/uploads\\\/2011\\\/08\\\/foto-2011-08-08-vander-sao-gabriel1-420x279.jpg\",\"contentUrl\":\"http:\\\/\\\/www.deputadovander.com.br\\\/website\\\/wp-content\\\/uploads\\\/2011\\\/08\\\/foto-2011-08-08-vander-sao-gabriel1-420x279.jpg\"},{\"@type\":\"BreadcrumbList\",\"@id\":\"https:\\\/\\\/vanderloubet.com.br\\\/deputado\\\/parque-de-exposicoes-de-sao-gabriel-do-oeste-recebera-emenda-de-r-1-milhao-de-vander\\\/#breadcrumb\",\"itemListElement\":[{\"@type\":\"ListItem\",\"position\":1,\"name\":\"In\u00edcio\",\"item\":\"https:\\\/\\\/vanderloubet.com.br\\\/deputado\\\/\"},{\"@type\":\"ListItem\",\"position\":2,\"name\":\"Parque de Exposi\u00e7\u00f5es de S\u00e3o Gabriel ter\u00e1 emenda de R$ 1 milh\u00e3o de Vander\"}]},{\"@type\":\"WebSite\",\"@id\":\"https:\\\/\\\/vanderloubet.com.br\\\/deputado\\\/#website\",\"url\":\"https:\\\/\\\/vanderloubet.com.br\\\/deputado\\\/\",\"name\":\"Deputado Federal Vander Loubet\",\"description\":\"O Federal de MS\",\"publisher\":{\"@id\":\"https:\\\/\\\/vanderloubet.com.br\\\/deputado\\\/#organization\"},\"alternateName\":\"Deputado Vander\",\"potentialAction\":[{\"@type\":\"SearchAction\",\"target\":{\"@type\":\"EntryPoint\",\"urlTemplate\":\"https:\\\/\\\/vanderloubet.com.br\\\/deputado\\\/?s={search_term_string}\"},\"query-input\":{\"@type\":\"PropertyValueSpecification\",\"valueRequired\":true,\"valueName\":\"search_term_string\"}}],\"inLanguage\":\"pt-BR\"},{\"@type\":\"Organization\",\"@id\":\"https:\\\/\\\/vanderloubet.com.br\\\/deputado\\\/#organization\",\"name\":\"Deputado Federal Vander Loubet\",\"alternateName\":\"Deputado Vander\",\"url\":\"https:\\\/\\\/vanderloubet.com.br\\\/deputado\\\/\",\"logo\":{\"@type\":\"ImageObject\",\"inLanguage\":\"pt-BR\",\"@id\":\"https:\\\/\\\/vanderloubet.com.br\\\/deputado\\\/#\\\/schema\\\/logo\\\/image\\\/\",\"url\":\"https:\\\/\\\/vanderloubet.com.br\\\/deputado\\\/wp-content\\\/uploads\\\/2023\\\/06\\\/foto-2023-06-19-mandato-deputado-vander.jpg\",\"contentUrl\":\"https:\\\/\\\/vanderloubet.com.br\\\/deputado\\\/wp-content\\\/uploads\\\/2023\\\/06\\\/foto-2023-06-19-mandato-deputado-vander.jpg\",\"width\":1080,\"height\":1080,\"caption\":\"Deputado Federal Vander Loubet\"},\"image\":{\"@id\":\"https:\\\/\\\/vanderloubet.com.br\\\/deputado\\\/#\\\/schema\\\/logo\\\/image\\\/\"},\"sameAs\":[\"https:\\\/\\\/facebook.com\\\/deputadovander\",\"https:\\\/\\\/x.com\\\/vanderloubet\",\"https:\\\/\\\/instagram.com\\\/vanderloubet\",\"https:\\\/\\\/youtube.com\\\/vanderloubet\",\"https:\\\/\\\/tiktok.com\\\/@vanderloubetms\"]},{\"@type\":\"Person\",\"@id\":\"https:\\\/\\\/vanderloubet.com.br\\\/deputado\\\/#\\\/schema\\\/person\\\/15b51bd564532a8a68d9dec1b8eb890e\",\"name\":\"\u00c9der\",\"image\":{\"@type\":\"ImageObject\",\"inLanguage\":\"pt-BR\",\"@id\":\"https:\\\/\\\/vanderloubet.com.br\\\/deputado\\\/wp-content\\\/litespeed\\\/avatar\\\/88ca4090d9d5ab1c9495f6ca03b68efa.jpg?ver=1777058957\",\"url\":\"https:\\\/\\\/vanderloubet.com.br\\\/deputado\\\/wp-content\\\/litespeed\\\/avatar\\\/88ca4090d9d5ab1c9495f6ca03b68efa.jpg?ver=1777058957\",\"contentUrl\":\"https:\\\/\\\/vanderloubet.com.br\\\/deputado\\\/wp-content\\\/litespeed\\\/avatar\\\/88ca4090d9d5ab1c9495f6ca03b68efa.jpg?ver=1777058957\",\"caption\":\"\u00c9der\"}}]}<\/script>\n<!-- \/ Yoast SEO plugin. -->","yoast_head_json":{"title":"Parque de Exposi\u00e7\u00f5es de S\u00e3o Gabriel ter\u00e1 emenda de R$ 1 milh\u00e3o de Vander","robots":{"index":"index","follow":"follow","max-snippet":"max-snippet:-1","max-image-preview":"max-image-preview:large","max-video-preview":"max-video-preview:-1"},"canonical":"https:\/\/vanderloubet.com.br\/deputado\/parque-de-exposicoes-de-sao-gabriel-do-oeste-recebera-emenda-de-r-1-milhao-de-vander\/","og_locale":"pt_BR","og_type":"article","og_title":"Parque de Exposi\u00e7\u00f5es de S\u00e3o Gabriel ter\u00e1 emenda de R$ 1 milh\u00e3o de Vander","og_description":"O recurso, que j\u00e1 est\u00e1 empenhado para Prefeitura, ser\u00e1 empregado na constru\u00e7\u00e3o do sal\u00e3o de eventos (tatersal).","og_url":"https:\/\/vanderloubet.com.br\/deputado\/parque-de-exposicoes-de-sao-gabriel-do-oeste-recebera-emenda-de-r-1-milhao-de-vander\/","og_site_name":"Deputado Federal Vander Loubet","article_publisher":"https:\/\/facebook.com\/deputadovander","article_published_time":"2012-12-19T20:33:58+00:00","og_image":[{"url":"http:\/\/www.deputadovander.com.br\/website\/wp-content\/uploads\/2011\/08\/foto-2011-08-08-vander-sao-gabriel1-420x279.jpg","type":"","width":"","height":""}],"author":"\u00c9der","twitter_card":"summary_large_image","twitter_creator":"@vanderloubet","twitter_site":"@vanderloubet","schema":{"@context":"https:\/\/schema.org","@graph":[{"@type":"Article","@id":"https:\/\/vanderloubet.com.br\/deputado\/parque-de-exposicoes-de-sao-gabriel-do-oeste-recebera-emenda-de-r-1-milhao-de-vander\/#article","isPartOf":{"@id":"https:\/\/vanderloubet.com.br\/deputado\/parque-de-exposicoes-de-sao-gabriel-do-oeste-recebera-emenda-de-r-1-milhao-de-vander\/"},"author":{"name":"\u00c9der","@id":"https:\/\/vanderloubet.com.br\/deputado\/#\/schema\/person\/15b51bd564532a8a68d9dec1b8eb890e"},"headline":"Parque de Exposi\u00e7\u00f5es de S\u00e3o Gabriel ter\u00e1 emenda de R$ 1 milh\u00e3o de Vander","datePublished":"2012-12-19T20:33:58+00:00","mainEntityOfPage":{"@id":"https:\/\/vanderloubet.com.br\/deputado\/parque-de-exposicoes-de-sao-gabriel-do-oeste-recebera-emenda-de-r-1-milhao-de-vander\/"},"wordCount":404,"publisher":{"@id":"https:\/\/vanderloubet.com.br\/deputado\/#organization"},"image":{"@id":"https:\/\/vanderloubet.com.br\/deputado\/parque-de-exposicoes-de-sao-gabriel-do-oeste-recebera-emenda-de-r-1-milhao-de-vander\/#primaryimage"},"thumbnailUrl":"http:\/\/www.deputadovander.com.br\/website\/wp-content\/uploads\/2011\/08\/foto-2011-08-08-vander-sao-gabriel1-420x279.jpg","keywords":["bortolini","emenda","exposi\u00e7\u00f5es","gabriel","j\u00falio","marcon","obra","oeste","parque","prefeito","prefeitura","rural","s\u00e3o","s\u00e9rgio","sindicato"],"articleSection":["Not\u00edcias"],"inLanguage":"pt-BR"},{"@type":"WebPage","@id":"https:\/\/vanderloubet.com.br\/deputado\/parque-de-exposicoes-de-sao-gabriel-do-oeste-recebera-emenda-de-r-1-milhao-de-vander\/","url":"https:\/\/vanderloubet.com.br\/deputado\/parque-de-exposicoes-de-sao-gabriel-do-oeste-recebera-emenda-de-r-1-milhao-de-vander\/","name":"Parque de Exposi\u00e7\u00f5es de S\u00e3o Gabriel ter\u00e1 emenda de R$ 1 milh\u00e3o de Vander","isPartOf":{"@id":"https:\/\/vanderloubet.com.br\/deputado\/#website"},"primaryImageOfPage":{"@id":"https:\/\/vanderloubet.com.br\/deputado\/parque-de-exposicoes-de-sao-gabriel-do-oeste-recebera-emenda-de-r-1-milhao-de-vander\/#primaryimage"},"image":{"@id":"https:\/\/vanderloubet.com.br\/deputado\/parque-de-exposicoes-de-sao-gabriel-do-oeste-recebera-emenda-de-r-1-milhao-de-vander\/#primaryimage"},"thumbnailUrl":"http:\/\/www.deputadovander.com.br\/website\/wp-content\/uploads\/2011\/08\/foto-2011-08-08-vander-sao-gabriel1-420x279.jpg","datePublished":"2012-12-19T20:33:58+00:00","breadcrumb":{"@id":"https:\/\/vanderloubet.com.br\/deputado\/parque-de-exposicoes-de-sao-gabriel-do-oeste-recebera-emenda-de-r-1-milhao-de-vander\/#breadcrumb"},"inLanguage":"pt-BR","potentialAction":[{"@type":"ReadAction","target":["https:\/\/vanderloubet.com.br\/deputado\/parque-de-exposicoes-de-sao-gabriel-do-oeste-recebera-emenda-de-r-1-milhao-de-vander\/"]}]},{"@type":"ImageObject","inLanguage":"pt-BR","@id":"https:\/\/vanderloubet.com.br\/deputado\/parque-de-exposicoes-de-sao-gabriel-do-oeste-recebera-emenda-de-r-1-milhao-de-vander\/#primaryimage","url":"http:\/\/www.deputadovander.com.br\/website\/wp-content\/uploads\/2011\/08\/foto-2011-08-08-vander-sao-gabriel1-420x279.jpg","contentUrl":"http:\/\/www.deputadovander.com.br\/website\/wp-content\/uploads\/2011\/08\/foto-2011-08-08-vander-sao-gabriel1-420x279.jpg"},{"@type":"BreadcrumbList","@id":"https:\/\/vanderloubet.com.br\/deputado\/parque-de-exposicoes-de-sao-gabriel-do-oeste-recebera-emenda-de-r-1-milhao-de-vander\/#breadcrumb","itemListElement":[{"@type":"ListItem","position":1,"name":"In\u00edcio","item":"https:\/\/vanderloubet.com.br\/deputado\/"},{"@type":"ListItem","position":2,"name":"Parque de Exposi\u00e7\u00f5es de S\u00e3o Gabriel ter\u00e1 emenda de R$ 1 milh\u00e3o de Vander"}]},{"@type":"WebSite","@id":"https:\/\/vanderloubet.com.br\/deputado\/#website","url":"https:\/\/vanderloubet.com.br\/deputado\/","name":"Deputado Federal Vander Loubet","description":"O Federal de MS","publisher":{"@id":"https:\/\/vanderloubet.com.br\/deputado\/#organization"},"alternateName":"Deputado Vander","potentialAction":[{"@type":"SearchAction","target":{"@type":"EntryPoint","urlTemplate":"https:\/\/vanderloubet.com.br\/deputado\/?s={search_term_string}"},"query-input":{"@type":"PropertyValueSpecification","valueRequired":true,"valueName":"search_term_string"}}],"inLanguage":"pt-BR"},{"@type":"Organization","@id":"https:\/\/vanderloubet.com.br\/deputado\/#organization","name":"Deputado Federal Vander Loubet","alternateName":"Deputado Vander","url":"https:\/\/vanderloubet.com.br\/deputado\/","logo":{"@type":"ImageObject","inLanguage":"pt-BR","@id":"https:\/\/vanderloubet.com.br\/deputado\/#\/schema\/logo\/image\/","url":"https:\/\/vanderloubet.com.br\/deputado\/wp-content\/uploads\/2023\/06\/foto-2023-06-19-mandato-deputado-vander.jpg","contentUrl":"https:\/\/vanderloubet.com.br\/deputado\/wp-content\/uploads\/2023\/06\/foto-2023-06-19-mandato-deputado-vander.jpg","width":1080,"height":1080,"caption":"Deputado Federal Vander Loubet"},"image":{"@id":"https:\/\/vanderloubet.com.br\/deputado\/#\/schema\/logo\/image\/"},"sameAs":["https:\/\/facebook.com\/deputadovander","https:\/\/x.com\/vanderloubet","https:\/\/instagram.com\/vanderloubet","https:\/\/youtube.com\/vanderloubet","https:\/\/tiktok.com\/@vanderloubetms"]},{"@type":"Person","@id":"https:\/\/vanderloubet.com.br\/deputado\/#\/schema\/person\/15b51bd564532a8a68d9dec1b8eb890e","name":"\u00c9der","image":{"@type":"ImageObject","inLanguage":"pt-BR","@id":"https:\/\/vanderloubet.com.br\/deputado\/wp-content\/litespeed\/avatar\/88ca4090d9d5ab1c9495f6ca03b68efa.jpg?ver=1777058957","url":"https:\/\/vanderloubet.com.br\/deputado\/wp-content\/litespeed\/avatar\/88ca4090d9d5ab1c9495f6ca03b68efa.jpg?ver=1777058957","contentUrl":"https:\/\/vanderloubet.com.br\/deputado\/wp-content\/litespeed\/avatar\/88ca4090d9d5ab1c9495f6ca03b68efa.jpg?ver=1777058957","caption":"\u00c9der"}}]}},"jetpack_featured_media_url":"","jetpack_sharing_enabled":true,"_links":{"self":[{"href":"https:\/\/vanderloubet.com.br\/deputado\/wp-json\/wp\/v2\/posts\/5973","targetHints":{"allow":["GET"]}}],"collection":[{"href":"https:\/\/vanderloubet.com.br\/deputado\/wp-json\/wp\/v2\/posts"}],"about":[{"href":"https:\/\/vanderloubet.com.br\/deputado\/wp-json\/wp\/v2\/types\/post"}],"author":[{"embeddable":true,"href":"https:\/\/vanderloubet.com.br\/deputado\/wp-json\/wp\/v2\/users\/2"}],"replies":[{"embeddable":true,"href":"https:\/\/vanderloubet.com.br\/deputado\/wp-json\/wp\/v2\/comments?post=5973"}],"version-history":[{"count":0,"href":"https:\/\/vanderloubet.com.br\/deputado\/wp-json\/wp\/v2\/posts\/5973\/revisions"}],"wp:attachment":[{"href":"https:\/\/vanderloubet.com.br\/deputado\/wp-json\/wp\/v2\/media?parent=5973"}],"wp:term":[{"taxonomy":"category","embeddable":true,"href":"https:\/\/vanderloubet.com.br\/deputado\/wp-json\/wp\/v2\/categories?post=5973"},{"taxonomy":"post_tag","embeddable":true,"href":"https:\/\/vanderloubet.com.br\/deputado\/wp-json\/wp\/v2\/tags?post=5973"}],"curies":[{"name":"wp","href":"https:\/\/api.w.org\/{rel}","templated":true}]}}