{"id":5959,"date":"2012-12-19T12:45:02","date_gmt":"2012-12-19T16:45:02","guid":{"rendered":"http:\/\/www.deputadovander.com.br\/website\/?p=5959"},"modified":"2012-12-19T12:45:02","modified_gmt":"2012-12-19T16:45:02","slug":"datafolha-confianca-na-imprensa-cai-10-pontos-em-4-meses","status":"publish","type":"post","link":"https:\/\/vanderloubet.com.br\/deputado\/datafolha-confianca-na-imprensa-cai-10-pontos-em-4-meses\/","title":{"rendered":"Datafolha: confian\u00e7a na imprensa cai e Presid\u00eancia \u00e9 a mais confi\u00e1vel"},"content":{"rendered":"<figure id=\"attachment_5961\" aria-describedby=\"caption-attachment-5961\" style=\"width: 420px\" class=\"wp-caption aligncenter\"><a href=\"http:\/\/www.deputadovander.com.br\/website\/wp-content\/uploads\/2012\/12\/foto-2012-12-19-queda-confian\u00e7a-imprensa.jpg\" target=\"_blank\"><img decoding=\"async\" class=\"size-medium wp-image-5961 \" title=\"foto-2012-12-19-queda-confian\u00e7a-imprensa\" src=\"http:\/\/www.deputadovander.com.br\/website\/wp-content\/uploads\/2012\/12\/foto-2012-12-19-queda-confian\u00e7a-imprensa-420x322.jpg\" alt=\"Presid\u00eancia da Rep\u00fablica segue como institui\u00e7\u00e3o mais confi\u00e1vel\" width=\"420\" height=\"322\" \/><\/a><figcaption id=\"caption-attachment-5961\" class=\"wp-caption-text\">Presid\u00eancia da Rep\u00fablica segue como institui\u00e7\u00e3o mais confi\u00e1vel<\/figcaption><\/figure>\n<p>O instituto de pesquisas Datafolha apurou, entre agosto e dezembro deste ano, que o percentual de pessoas que confiam muito na imprensa caiu de 31% para 22% e o de pessoas que confiam um pouco tamb\u00e9m caiu: de 51% para 50%. Na outra ponta, a quantidade de pessoas que n\u00e3o confiam na imprensa subiu de 18% para 28%. Segundo analistas, esse impacto negativo na imagem do setor pode ser resultado dos ataques desmedidos de alguns ve\u00edculos de imprensa ao PT e ao ex-presidente Lula.<\/p>\n<p>Os <a title=\"Link\" href=\"http:\/\/www.scribd.com\/doc\/117394399\/Pesquisa-Datafolha-Intencao-de-Voto-para-Presidente-2014-e-Avaliacao-de-Instituicoes-Dezembro-de-2012\" target=\"_blank\">dados da pesquisa<\/a> foram divulgados no dia 14 deste m\u00eas e ainda apontam que a Presid\u00eancia da Rep\u00fablica \u00e9 a institui\u00e7\u00e3o mais confi\u00e1vel do Brasil, tendo a confian\u00e7a de 85% dos brasileiros (33% confiam muito e 52% confiam um pouco).<\/p>\n<p>Para o deputado federal Vander Loubet (PT-MS), a queda de confian\u00e7a na imprensa n\u00e3o reflete a situa\u00e7\u00e3o da maioria dos ve\u00edculos, que acaba sendo prejudicada por causa das grandes empresas do setor. &#8220;A liberdade de imprensa deve ser defendida mas n\u00e3o podemos compactuar com a postura de meia d\u00fazia de grandes jornais e TVs, que atacam de forma descabida o PT e o Lula. Ali\u00e1s, nunca vi um ex-presidente ser t\u00e3o perseguido [pela grande m\u00eddia] como o Lula. Nem os generais da ditadura passaram por isso&#8221;, completou.<\/p>\n<p>Leia algumas not\u00edcias sobre o assunto:<\/p>\n<p><em>Datafolha: &#8220;Presid\u00eancia da Rep\u00fablica \u00e9 institui\u00e7\u00e3o mais confi\u00e1vel&#8221;<br \/>\n<a title=\"Link\" href=\"http:\/\/datafolha.folha.uol.com.br\/po\/ver_po.php?session=1281\" target=\"_blank\">http:\/\/datafolha.folha.uol.com.br\/po\/ver_po.php?session=1281<\/a><\/em><\/p>\n<p>Luiz Nassif: &#8220;A pesquisa com o \u00edndice de confiabilidade na imprensa&#8221;<br \/>\n<a title=\"Link\" href=\"http:\/\/www.advivo.com.br\/blog\/luisnassif\/a-pesquisa-com-o-indice-de-confiabilidade-na-imprensa\" target=\"_blank\">http:\/\/www.advivo.com.br\/blog\/luisnassif\/a-pesquisa-com-o-indice-de-confiabilidade-na-imprensa<\/a><\/p>\n<p>Brasil 247: &#8220;Cai confian\u00e7a do leitor na imprensa tradicional&#8221;<br \/>\n<a title=\"Link\" href=\"http:\/\/www.brasil247.com\/pt\/247\/midiatech\/88151\/Cai-confian%C3%A7a-do-leitor-na-imprensa-tradicional-Cai-confian%C3%A7a-leitor-imprensa-tradicional.htm\" target=\"_blank\">http:\/\/www.brasil247.com\/pt\/247\/midiatech\/88151\/Cai-confian%C3%A7a-do-leitor-na-imprensa-tradicional-Cai-confian%C3%A7a-leitor-imprensa-tradicional.htm<\/a><\/p>\n<p>Conversa Afiada: &#8220;Datafalha desmoraliza o PIG&#8221;<br \/>\n<a title=\"Link\" href=\"http:\/\/www.conversaafiada.com.br\/pig\/2012\/12\/17\/datafalha-desmoraliza-o-pig\/\" target=\"_blank\">http:\/\/www.conversaafiada.com.br\/pig\/2012\/12\/17\/datafalha-desmoraliza-o-pig\/<\/a><\/p>\n<p>Ricardo Kotscho: &#8220;Um abismo entre o mundo real e o notici\u00e1rio&#8221;<br \/>\n<a title=\"Link\" href=\"http:\/\/www.viomundo.com.br\/politica\/ricardo-kotscho-um-abismo-entre-o-mundo-real-e-o-noticiario.html\" target=\"_blank\">http:\/\/www.viomundo.com.br\/politica\/ricardo-kotscho-um-abismo-entre-o-mundo-real-e-o-noticiario.html<\/a><\/p>\n<p><span style=\"font-size: 11px;\">(\u00c9der Yanaguita &#8211; Assessoria\/Deputado Vander)<\/span><\/p>\n","protected":false},"excerpt":{"rendered":"<p>Impacto negativo na imagem do setor pode ser resultado dos ataques desmedidos de alguns ve\u00edculos ao PT e ao ex-presidente Lula.<\/p>\n","protected":false},"author":2,"featured_media":0,"comment_status":"closed","ping_status":"open","sticky":false,"template":"","format":"standard","meta":{"jetpack_post_was_ever_published":false,"_jetpack_newsletter_access":"","_jetpack_dont_email_post_to_subs":false,"_jetpack_newsletter_tier_id":0,"_jetpack_memberships_contains_paywalled_content":false,"_jetpack_memberships_contains_paid_content":false,"footnotes":""},"categories":[10],"tags":[206,500,573,1001,1189,1286,1538,1614,1655,2042],"class_list":{"0":"post-5959","1":"post","2":"type-post","3":"status-publish","4":"format-standard","6":"category-noticias","7":"tag-ataques","8":"tag-confianca","9":"tag-datafolha","10":"tag-imprensa","11":"tag-lula","12":"tag-midia","13":"tag-pesquisa","14":"tag-presidente","15":"tag-pt","16":"tag-veiculos"},"yoast_head":"<!-- This site is optimized with the Yoast SEO plugin v27.4 - https:\/\/yoast.com\/product\/yoast-seo-wordpress\/ -->\n<title>Datafolha: confian\u00e7a na imprensa cai e Presid\u00eancia \u00e9 a mais confi\u00e1vel<\/title>\n<meta name=\"robots\" content=\"index, follow, max-snippet:-1, max-image-preview:large, max-video-preview:-1\" \/>\n<link rel=\"canonical\" href=\"https:\/\/vanderloubet.com.br\/deputado\/datafolha-confianca-na-imprensa-cai-10-pontos-em-4-meses\/\" \/>\n<meta property=\"og:locale\" content=\"pt_BR\" \/>\n<meta property=\"og:type\" content=\"article\" \/>\n<meta property=\"og:title\" content=\"Datafolha: confian\u00e7a na imprensa cai e Presid\u00eancia \u00e9 a mais confi\u00e1vel\" \/>\n<meta property=\"og:description\" content=\"Impacto negativo na imagem do setor pode ser resultado dos ataques desmedidos de alguns ve\u00edculos ao PT e ao ex-presidente Lula.\" \/>\n<meta property=\"og:url\" content=\"https:\/\/vanderloubet.com.br\/deputado\/datafolha-confianca-na-imprensa-cai-10-pontos-em-4-meses\/\" \/>\n<meta property=\"og:site_name\" content=\"Deputado Federal Vander Loubet\" \/>\n<meta property=\"article:publisher\" content=\"https:\/\/facebook.com\/deputadovander\" \/>\n<meta property=\"article:published_time\" content=\"2012-12-19T16:45:02+00:00\" \/>\n<meta property=\"og:image\" content=\"https:\/\/vanderloubet.com.br\/deputado\/wp-content\/uploads\/2023\/07\/foto-2023-07-24-logo-vander-loubet.jpg\" \/>\n\t<meta property=\"og:image:width\" content=\"900\" \/>\n\t<meta property=\"og:image:height\" content=\"600\" \/>\n\t<meta property=\"og:image:type\" content=\"image\/jpeg\" \/>\n<meta name=\"author\" content=\"\u00c9der\" \/>\n<meta name=\"twitter:card\" content=\"summary_large_image\" \/>\n<meta name=\"twitter:creator\" content=\"@vanderloubet\" \/>\n<meta name=\"twitter:site\" content=\"@vanderloubet\" \/>\n<script type=\"application\/ld+json\" class=\"yoast-schema-graph\">{\"@context\":\"https:\\\/\\\/schema.org\",\"@graph\":[{\"@type\":\"Article\",\"@id\":\"https:\\\/\\\/vanderloubet.com.br\\\/deputado\\\/datafolha-confianca-na-imprensa-cai-10-pontos-em-4-meses\\\/#article\",\"isPartOf\":{\"@id\":\"https:\\\/\\\/vanderloubet.com.br\\\/deputado\\\/datafolha-confianca-na-imprensa-cai-10-pontos-em-4-meses\\\/\"},\"author\":{\"name\":\"\u00c9der\",\"@id\":\"https:\\\/\\\/vanderloubet.com.br\\\/deputado\\\/#\\\/schema\\\/person\\\/15b51bd564532a8a68d9dec1b8eb890e\"},\"headline\":\"Datafolha: confian\u00e7a na imprensa cai e Presid\u00eancia \u00e9 a mais confi\u00e1vel\",\"datePublished\":\"2012-12-19T16:45:02+00:00\",\"mainEntityOfPage\":{\"@id\":\"https:\\\/\\\/vanderloubet.com.br\\\/deputado\\\/datafolha-confianca-na-imprensa-cai-10-pontos-em-4-meses\\\/\"},\"wordCount\":361,\"publisher\":{\"@id\":\"https:\\\/\\\/vanderloubet.com.br\\\/deputado\\\/#organization\"},\"keywords\":[\"ataques\",\"confian\u00e7a\",\"datafolha\",\"imprensa\",\"lula\",\"m\u00eddia\",\"pesquisa\",\"presidente\",\"PT\",\"ve\u00edculos\"],\"articleSection\":[\"Not\u00edcias\"],\"inLanguage\":\"pt-BR\"},{\"@type\":\"WebPage\",\"@id\":\"https:\\\/\\\/vanderloubet.com.br\\\/deputado\\\/datafolha-confianca-na-imprensa-cai-10-pontos-em-4-meses\\\/\",\"url\":\"https:\\\/\\\/vanderloubet.com.br\\\/deputado\\\/datafolha-confianca-na-imprensa-cai-10-pontos-em-4-meses\\\/\",\"name\":\"Datafolha: confian\u00e7a na imprensa cai e Presid\u00eancia \u00e9 a mais confi\u00e1vel\",\"isPartOf\":{\"@id\":\"https:\\\/\\\/vanderloubet.com.br\\\/deputado\\\/#website\"},\"datePublished\":\"2012-12-19T16:45:02+00:00\",\"breadcrumb\":{\"@id\":\"https:\\\/\\\/vanderloubet.com.br\\\/deputado\\\/datafolha-confianca-na-imprensa-cai-10-pontos-em-4-meses\\\/#breadcrumb\"},\"inLanguage\":\"pt-BR\",\"potentialAction\":[{\"@type\":\"ReadAction\",\"target\":[\"https:\\\/\\\/vanderloubet.com.br\\\/deputado\\\/datafolha-confianca-na-imprensa-cai-10-pontos-em-4-meses\\\/\"]}]},{\"@type\":\"BreadcrumbList\",\"@id\":\"https:\\\/\\\/vanderloubet.com.br\\\/deputado\\\/datafolha-confianca-na-imprensa-cai-10-pontos-em-4-meses\\\/#breadcrumb\",\"itemListElement\":[{\"@type\":\"ListItem\",\"position\":1,\"name\":\"In\u00edcio\",\"item\":\"https:\\\/\\\/vanderloubet.com.br\\\/deputado\\\/\"},{\"@type\":\"ListItem\",\"position\":2,\"name\":\"Datafolha: confian\u00e7a na imprensa cai e Presid\u00eancia \u00e9 a mais confi\u00e1vel\"}]},{\"@type\":\"WebSite\",\"@id\":\"https:\\\/\\\/vanderloubet.com.br\\\/deputado\\\/#website\",\"url\":\"https:\\\/\\\/vanderloubet.com.br\\\/deputado\\\/\",\"name\":\"Deputado Federal Vander Loubet\",\"description\":\"O Federal de MS\",\"publisher\":{\"@id\":\"https:\\\/\\\/vanderloubet.com.br\\\/deputado\\\/#organization\"},\"alternateName\":\"Deputado Vander\",\"potentialAction\":[{\"@type\":\"SearchAction\",\"target\":{\"@type\":\"EntryPoint\",\"urlTemplate\":\"https:\\\/\\\/vanderloubet.com.br\\\/deputado\\\/?s={search_term_string}\"},\"query-input\":{\"@type\":\"PropertyValueSpecification\",\"valueRequired\":true,\"valueName\":\"search_term_string\"}}],\"inLanguage\":\"pt-BR\"},{\"@type\":\"Organization\",\"@id\":\"https:\\\/\\\/vanderloubet.com.br\\\/deputado\\\/#organization\",\"name\":\"Deputado Federal Vander Loubet\",\"alternateName\":\"Deputado Vander\",\"url\":\"https:\\\/\\\/vanderloubet.com.br\\\/deputado\\\/\",\"logo\":{\"@type\":\"ImageObject\",\"inLanguage\":\"pt-BR\",\"@id\":\"https:\\\/\\\/vanderloubet.com.br\\\/deputado\\\/#\\\/schema\\\/logo\\\/image\\\/\",\"url\":\"https:\\\/\\\/vanderloubet.com.br\\\/deputado\\\/wp-content\\\/uploads\\\/2023\\\/06\\\/foto-2023-06-19-mandato-deputado-vander.jpg\",\"contentUrl\":\"https:\\\/\\\/vanderloubet.com.br\\\/deputado\\\/wp-content\\\/uploads\\\/2023\\\/06\\\/foto-2023-06-19-mandato-deputado-vander.jpg\",\"width\":1080,\"height\":1080,\"caption\":\"Deputado Federal Vander Loubet\"},\"image\":{\"@id\":\"https:\\\/\\\/vanderloubet.com.br\\\/deputado\\\/#\\\/schema\\\/logo\\\/image\\\/\"},\"sameAs\":[\"https:\\\/\\\/facebook.com\\\/deputadovander\",\"https:\\\/\\\/x.com\\\/vanderloubet\",\"https:\\\/\\\/instagram.com\\\/vanderloubet\",\"https:\\\/\\\/youtube.com\\\/vanderloubet\",\"https:\\\/\\\/tiktok.com\\\/@vanderloubetms\"]},{\"@type\":\"Person\",\"@id\":\"https:\\\/\\\/vanderloubet.com.br\\\/deputado\\\/#\\\/schema\\\/person\\\/15b51bd564532a8a68d9dec1b8eb890e\",\"name\":\"\u00c9der\",\"image\":{\"@type\":\"ImageObject\",\"inLanguage\":\"pt-BR\",\"@id\":\"https:\\\/\\\/vanderloubet.com.br\\\/deputado\\\/wp-content\\\/litespeed\\\/avatar\\\/88ca4090d9d5ab1c9495f6ca03b68efa.jpg?ver=1777058957\",\"url\":\"https:\\\/\\\/vanderloubet.com.br\\\/deputado\\\/wp-content\\\/litespeed\\\/avatar\\\/88ca4090d9d5ab1c9495f6ca03b68efa.jpg?ver=1777058957\",\"contentUrl\":\"https:\\\/\\\/vanderloubet.com.br\\\/deputado\\\/wp-content\\\/litespeed\\\/avatar\\\/88ca4090d9d5ab1c9495f6ca03b68efa.jpg?ver=1777058957\",\"caption\":\"\u00c9der\"}}]}<\/script>\n<!-- \/ Yoast SEO plugin. -->","yoast_head_json":{"title":"Datafolha: confian\u00e7a na imprensa cai e Presid\u00eancia \u00e9 a mais confi\u00e1vel","robots":{"index":"index","follow":"follow","max-snippet":"max-snippet:-1","max-image-preview":"max-image-preview:large","max-video-preview":"max-video-preview:-1"},"canonical":"https:\/\/vanderloubet.com.br\/deputado\/datafolha-confianca-na-imprensa-cai-10-pontos-em-4-meses\/","og_locale":"pt_BR","og_type":"article","og_title":"Datafolha: confian\u00e7a na imprensa cai e Presid\u00eancia \u00e9 a mais confi\u00e1vel","og_description":"Impacto negativo na imagem do setor pode ser resultado dos ataques desmedidos de alguns ve\u00edculos ao PT e ao ex-presidente Lula.","og_url":"https:\/\/vanderloubet.com.br\/deputado\/datafolha-confianca-na-imprensa-cai-10-pontos-em-4-meses\/","og_site_name":"Deputado Federal Vander Loubet","article_publisher":"https:\/\/facebook.com\/deputadovander","article_published_time":"2012-12-19T16:45:02+00:00","og_image":[{"width":900,"height":600,"url":"https:\/\/vanderloubet.com.br\/deputado\/wp-content\/uploads\/2023\/07\/foto-2023-07-24-logo-vander-loubet.jpg","type":"image\/jpeg"}],"author":"\u00c9der","twitter_card":"summary_large_image","twitter_creator":"@vanderloubet","twitter_site":"@vanderloubet","schema":{"@context":"https:\/\/schema.org","@graph":[{"@type":"Article","@id":"https:\/\/vanderloubet.com.br\/deputado\/datafolha-confianca-na-imprensa-cai-10-pontos-em-4-meses\/#article","isPartOf":{"@id":"https:\/\/vanderloubet.com.br\/deputado\/datafolha-confianca-na-imprensa-cai-10-pontos-em-4-meses\/"},"author":{"name":"\u00c9der","@id":"https:\/\/vanderloubet.com.br\/deputado\/#\/schema\/person\/15b51bd564532a8a68d9dec1b8eb890e"},"headline":"Datafolha: confian\u00e7a na imprensa cai e Presid\u00eancia \u00e9 a mais confi\u00e1vel","datePublished":"2012-12-19T16:45:02+00:00","mainEntityOfPage":{"@id":"https:\/\/vanderloubet.com.br\/deputado\/datafolha-confianca-na-imprensa-cai-10-pontos-em-4-meses\/"},"wordCount":361,"publisher":{"@id":"https:\/\/vanderloubet.com.br\/deputado\/#organization"},"keywords":["ataques","confian\u00e7a","datafolha","imprensa","lula","m\u00eddia","pesquisa","presidente","PT","ve\u00edculos"],"articleSection":["Not\u00edcias"],"inLanguage":"pt-BR"},{"@type":"WebPage","@id":"https:\/\/vanderloubet.com.br\/deputado\/datafolha-confianca-na-imprensa-cai-10-pontos-em-4-meses\/","url":"https:\/\/vanderloubet.com.br\/deputado\/datafolha-confianca-na-imprensa-cai-10-pontos-em-4-meses\/","name":"Datafolha: confian\u00e7a na imprensa cai e Presid\u00eancia \u00e9 a mais confi\u00e1vel","isPartOf":{"@id":"https:\/\/vanderloubet.com.br\/deputado\/#website"},"datePublished":"2012-12-19T16:45:02+00:00","breadcrumb":{"@id":"https:\/\/vanderloubet.com.br\/deputado\/datafolha-confianca-na-imprensa-cai-10-pontos-em-4-meses\/#breadcrumb"},"inLanguage":"pt-BR","potentialAction":[{"@type":"ReadAction","target":["https:\/\/vanderloubet.com.br\/deputado\/datafolha-confianca-na-imprensa-cai-10-pontos-em-4-meses\/"]}]},{"@type":"BreadcrumbList","@id":"https:\/\/vanderloubet.com.br\/deputado\/datafolha-confianca-na-imprensa-cai-10-pontos-em-4-meses\/#breadcrumb","itemListElement":[{"@type":"ListItem","position":1,"name":"In\u00edcio","item":"https:\/\/vanderloubet.com.br\/deputado\/"},{"@type":"ListItem","position":2,"name":"Datafolha: confian\u00e7a na imprensa cai e Presid\u00eancia \u00e9 a mais confi\u00e1vel"}]},{"@type":"WebSite","@id":"https:\/\/vanderloubet.com.br\/deputado\/#website","url":"https:\/\/vanderloubet.com.br\/deputado\/","name":"Deputado Federal Vander Loubet","description":"O Federal de MS","publisher":{"@id":"https:\/\/vanderloubet.com.br\/deputado\/#organization"},"alternateName":"Deputado Vander","potentialAction":[{"@type":"SearchAction","target":{"@type":"EntryPoint","urlTemplate":"https:\/\/vanderloubet.com.br\/deputado\/?s={search_term_string}"},"query-input":{"@type":"PropertyValueSpecification","valueRequired":true,"valueName":"search_term_string"}}],"inLanguage":"pt-BR"},{"@type":"Organization","@id":"https:\/\/vanderloubet.com.br\/deputado\/#organization","name":"Deputado Federal Vander Loubet","alternateName":"Deputado Vander","url":"https:\/\/vanderloubet.com.br\/deputado\/","logo":{"@type":"ImageObject","inLanguage":"pt-BR","@id":"https:\/\/vanderloubet.com.br\/deputado\/#\/schema\/logo\/image\/","url":"https:\/\/vanderloubet.com.br\/deputado\/wp-content\/uploads\/2023\/06\/foto-2023-06-19-mandato-deputado-vander.jpg","contentUrl":"https:\/\/vanderloubet.com.br\/deputado\/wp-content\/uploads\/2023\/06\/foto-2023-06-19-mandato-deputado-vander.jpg","width":1080,"height":1080,"caption":"Deputado Federal Vander Loubet"},"image":{"@id":"https:\/\/vanderloubet.com.br\/deputado\/#\/schema\/logo\/image\/"},"sameAs":["https:\/\/facebook.com\/deputadovander","https:\/\/x.com\/vanderloubet","https:\/\/instagram.com\/vanderloubet","https:\/\/youtube.com\/vanderloubet","https:\/\/tiktok.com\/@vanderloubetms"]},{"@type":"Person","@id":"https:\/\/vanderloubet.com.br\/deputado\/#\/schema\/person\/15b51bd564532a8a68d9dec1b8eb890e","name":"\u00c9der","image":{"@type":"ImageObject","inLanguage":"pt-BR","@id":"https:\/\/vanderloubet.com.br\/deputado\/wp-content\/litespeed\/avatar\/88ca4090d9d5ab1c9495f6ca03b68efa.jpg?ver=1777058957","url":"https:\/\/vanderloubet.com.br\/deputado\/wp-content\/litespeed\/avatar\/88ca4090d9d5ab1c9495f6ca03b68efa.jpg?ver=1777058957","contentUrl":"https:\/\/vanderloubet.com.br\/deputado\/wp-content\/litespeed\/avatar\/88ca4090d9d5ab1c9495f6ca03b68efa.jpg?ver=1777058957","caption":"\u00c9der"}}]}},"jetpack_featured_media_url":"","jetpack_sharing_enabled":true,"_links":{"self":[{"href":"https:\/\/vanderloubet.com.br\/deputado\/wp-json\/wp\/v2\/posts\/5959","targetHints":{"allow":["GET"]}}],"collection":[{"href":"https:\/\/vanderloubet.com.br\/deputado\/wp-json\/wp\/v2\/posts"}],"about":[{"href":"https:\/\/vanderloubet.com.br\/deputado\/wp-json\/wp\/v2\/types\/post"}],"author":[{"embeddable":true,"href":"https:\/\/vanderloubet.com.br\/deputado\/wp-json\/wp\/v2\/users\/2"}],"replies":[{"embeddable":true,"href":"https:\/\/vanderloubet.com.br\/deputado\/wp-json\/wp\/v2\/comments?post=5959"}],"version-history":[{"count":0,"href":"https:\/\/vanderloubet.com.br\/deputado\/wp-json\/wp\/v2\/posts\/5959\/revisions"}],"wp:attachment":[{"href":"https:\/\/vanderloubet.com.br\/deputado\/wp-json\/wp\/v2\/media?parent=5959"}],"wp:term":[{"taxonomy":"category","embeddable":true,"href":"https:\/\/vanderloubet.com.br\/deputado\/wp-json\/wp\/v2\/categories?post=5959"},{"taxonomy":"post_tag","embeddable":true,"href":"https:\/\/vanderloubet.com.br\/deputado\/wp-json\/wp\/v2\/tags?post=5959"}],"curies":[{"name":"wp","href":"https:\/\/api.w.org\/{rel}","templated":true}]}}