{"id":5947,"date":"2012-12-18T14:07:12","date_gmt":"2012-12-18T18:07:12","guid":{"rendered":"http:\/\/www.deputadovander.com.br\/website\/?p=5947"},"modified":"2012-12-18T14:07:12","modified_gmt":"2012-12-18T18:07:12","slug":"piscicultura-em-ms-desafio-e-gerar-renda-e-aumentar-consumo-de-pescado","status":"publish","type":"post","link":"https:\/\/vanderloubet.com.br\/deputado\/piscicultura-em-ms-desafio-e-gerar-renda-e-aumentar-consumo-de-pescado\/","title":{"rendered":"Piscicultura em MS: desafio \u00e9 gerar renda e aumentar consumo de pescado"},"content":{"rendered":"<figure id=\"attachment_5949\" aria-describedby=\"caption-attachment-5949\" style=\"width: 420px\" class=\"wp-caption aligncenter\"><a href=\"http:\/\/www.deputadovander.com.br\/website\/wp-content\/uploads\/2012\/12\/foto-2012-12-18-incentivo-piscicultura.jpg\" target=\"_blank\"><img decoding=\"async\" class=\"size-medium wp-image-5949 \" title=\"foto-2012-12-18-incentivo-piscicultura\" src=\"http:\/\/www.deputadovander.com.br\/website\/wp-content\/uploads\/2012\/12\/foto-2012-12-18-incentivo-piscicultura-420x280.jpg\" alt=\"Piscicultura tem grande potencial para gera\u00e7\u00e3o de renda (foto: Ueslei Marcelino)\" width=\"420\" height=\"280\" \/><\/a><figcaption id=\"caption-attachment-5949\" class=\"wp-caption-text\">Piscicultura tem grande potencial para gera\u00e7\u00e3o de renda (foto: Ueslei Marcelino)<\/figcaption><\/figure>\n<p>Desde que foi criado, em junho de 2009, no governo do ex-presidente Luiz In\u00e1cio Lula da Silva, o Minist\u00e9rio da Pesca e Aquicultura (MPA) tem se empenhado em ampliar e desenvolver as pol\u00edticas p\u00fablicas de est\u00edmulo ao crescimento da produ\u00e7\u00e3o e consumo de pescado. Trata-se de um trabalho fundamental tendo em vista que o consumo de peixe ainda \u00e9 pequeno no Brasil. Segundo dados do MPA, cada brasileiro consome em m\u00e9dia apenas 9 kg de peixe por ano. Esse n\u00famero est\u00e1 abaixo do recomendado pela Organiza\u00e7\u00e3o Mundial da Sa\u00fade (OMS), que \u00e9 de 12 kg\/habitante\/ano, e muito abaixo do consumo em outros pa\u00edses, como o Jap\u00e3o, onde cada habitante se alimenta de 60 kg de peixe por ano.<\/p>\n<p>Em Mato Grosso do Sul, onde o consumo de peixe est\u00e1 bem abaixo da m\u00e9dia nacional (apenas 3 kg\/habitante\/ano), o MPA tem intensificado suas a\u00e7\u00f5es tendo a parceria do deputado federal Vander Loubet (PT-MS), que s\u00f3 em 2012 destinou emendas que somam R$ 5,5 milh\u00f5es para desenvolvimento da cadeia produtiva da piscicultura no estado. Com esse recurso est\u00e1 sendo finalizada a constru\u00e7\u00e3o de um frigor\u00edfico de pescado em Dois Irm\u00e3o do Buriti (que recebeu R$ 2,3 milh\u00f5es) e foram adquiridas 13 escavadeiras hidr\u00e1ulicas para constru\u00e7\u00e3o de tanques para cria\u00e7\u00e3o de peixes nos munic\u00edpios de Amambai, Eldorado, Mundo Novo, Guia Lopes da Laguna, Jardim, Lad\u00e1rio, Miranda, Nova Alvorada do Sul, Porto Murtinho, Rio Brilhante, Coxim, Sonora e Tacuru.<\/p>\n<figure id=\"attachment_5948\" aria-describedby=\"caption-attachment-5948\" style=\"width: 420px\" class=\"wp-caption aligncenter\"><a href=\"http:\/\/www.deputadovander.com.br\/website\/wp-content\/uploads\/2012\/12\/foto-2012-12-18-consumo-pescado.jpg\" target=\"_blank\"><img decoding=\"async\" class=\"size-medium wp-image-5948 \" title=\"foto-2012-12-18-consumo-pescado\" src=\"http:\/\/www.deputadovander.com.br\/website\/wp-content\/uploads\/2012\/12\/foto-2012-12-18-consumo-pescado-420x280.jpg\" alt=\"MS est\u00e1 bem abaixo da m\u00e9dia nacional e do que \u00e9 recomendado pela FAO\" width=\"420\" height=\"280\" \/><\/a><figcaption id=\"caption-attachment-5948\" class=\"wp-caption-text\">MS est\u00e1 bem abaixo da m\u00e9dia nacional e do que \u00e9 recomendado pela FAO<\/figcaption><\/figure>\n<p>Outra a\u00e7\u00e3o recente que teve o apoio de Vander e tamb\u00e9m do senador Delc\u00eddio do Amaral (PT-MS) foi a assinatura, no final de novembro, em Bras\u00edlia (DF), de um acordo de coopera\u00e7\u00e3o entre o Minist\u00e9rio da Pesca e a Universidade Federal da Grande Dourados (UFGD). Na ocasi\u00e3o, o ministro Marcelo Crivella e o reitor Dami\u00e3o Duque de Farias acertaram para a libera\u00e7\u00e3o de R$ 2,8 milh\u00f5es para a implanta\u00e7\u00e3o do Centro de Piscicultura Experimental, Treinamento e Difus\u00e3o Tecnol\u00f3gica, na fazenda da Universidade, a fim de promover o desenvolvimento de projetos de pesquisa aplicados \u00e0 aquicultura, realiza\u00e7\u00e3o de treinamento e capacita\u00e7\u00e3o de piscicultores e de t\u00e9cnicos em Assist\u00eancia T\u00e9cnica e Extens\u00e3o Pesqueira e Aqu\u00edcola (Atepa).<\/p>\n<p>Al\u00e9m dos R$ 2,8 milh\u00f5es para o Centro de Piscicultura, a UFGD tamb\u00e9m ser\u00e1 contemplada com mais R$ 450 mil para a\u00e7\u00f5es de desenvolvimento da aquiculturapor parte da Incubadora de Tecnologias Sociais e Solid\u00e1rias (Itess). J\u00e1 a Embrapa Agropecu\u00e1ria Oeste receber\u00e1 R$ 1,2 milh\u00e3o para desenvolvimento de tecnologias aplicadas \u00e0 cadeia produtiva do pescado. Ao todo, os recursos viabilizados por Vander e Delc\u00eddio para Dourados nessa a\u00e7\u00e3o totalizam R$ 4,4 milh\u00f5es.<\/p>\n<p>Para Vander, esse trabalho permite dizer que MS est\u00e1 construindo uma cadeia produtiva altamente competitiva, na qual todos os elos est\u00e3o integrados, da pesquisa aos produtores, passando pela ind\u00fastria, pelo com\u00e9rcio varejista e pelas festas que promovem e estimulam o consumo de peixe. &#8220;Acredito que somente dessa forma teremos uma cadeia produtiva apta a gerar renda para os nossos pequenos produtores e capaz de fornecer aos nossos consumidores um alimento de qualidade e com pre\u00e7os acess\u00edveis, contribuindo tamb\u00e9m para o crescimento e o futuro do nosso estado e do Pa\u00eds&#8221;, conclui o deputado.<\/p>\n<p><span style=\"font-size: 11px;\">(\u00c9der Yanaguita &#8211; Assessoria\/Deputado Vander)<\/span><\/p>\n","protected":false},"excerpt":{"rendered":"<p>A\u00e7\u00e3o de Vander para vencer esse desafio j\u00e1 garantiu quase R$ 10 milh\u00f5es para investimento na piscicultura.<\/p>\n","protected":false},"author":2,"featured_media":0,"comment_status":"closed","ping_status":"open","sticky":false,"template":"","format":"standard","meta":{"jetpack_post_was_ever_published":false,"_jetpack_newsletter_access":"","_jetpack_dont_email_post_to_subs":false,"_jetpack_newsletter_tier_id":0,"_jetpack_memberships_contains_paywalled_content":false,"_jetpack_memberships_contains_paid_content":false,"footnotes":""},"categories":[10],"tags":[75,165,590,672,708,731,879,936,1302,1333,1413,1536,1823,2001,2012],"class_list":{"0":"post-5947","1":"post","2":"type-post","3":"status-publish","4":"format-standard","6":"category-noticias","7":"tag-agropecuaria","8":"tag-aquicultura","9":"tag-delcidio","10":"tag-dourados","11":"tag-embrapa","12":"tag-escavadeira","13":"tag-frigorifico","14":"tag-grande","15":"tag-ministerio","16":"tag-mpa","17":"tag-oeste","18":"tag-pesca","19":"tag-senador","20":"tag-ufgd","21":"tag-universidade"},"yoast_head":"<!-- This site is optimized with the Yoast SEO plugin v27.4 - https:\/\/yoast.com\/product\/yoast-seo-wordpress\/ -->\n<title>Piscicultura em MS: desafio \u00e9 gerar renda e aumentar consumo de pescado<\/title>\n<meta name=\"robots\" content=\"index, follow, max-snippet:-1, max-image-preview:large, max-video-preview:-1\" \/>\n<link rel=\"canonical\" href=\"https:\/\/vanderloubet.com.br\/deputado\/piscicultura-em-ms-desafio-e-gerar-renda-e-aumentar-consumo-de-pescado\/\" \/>\n<meta property=\"og:locale\" content=\"pt_BR\" \/>\n<meta property=\"og:type\" content=\"article\" \/>\n<meta property=\"og:title\" content=\"Piscicultura em MS: desafio \u00e9 gerar renda e aumentar consumo de pescado\" \/>\n<meta property=\"og:description\" content=\"A\u00e7\u00e3o de Vander para vencer esse desafio j\u00e1 garantiu quase R$ 10 milh\u00f5es para investimento na piscicultura.\" \/>\n<meta property=\"og:url\" content=\"https:\/\/vanderloubet.com.br\/deputado\/piscicultura-em-ms-desafio-e-gerar-renda-e-aumentar-consumo-de-pescado\/\" \/>\n<meta property=\"og:site_name\" content=\"Deputado Federal Vander Loubet\" \/>\n<meta property=\"article:publisher\" content=\"https:\/\/facebook.com\/deputadovander\" \/>\n<meta property=\"article:published_time\" content=\"2012-12-18T18:07:12+00:00\" \/>\n<meta property=\"og:image\" content=\"http:\/\/www.deputadovander.com.br\/website\/wp-content\/uploads\/2012\/12\/foto-2012-12-18-incentivo-piscicultura-420x280.jpg\" \/>\n<meta name=\"author\" content=\"\u00c9der\" \/>\n<meta name=\"twitter:card\" content=\"summary_large_image\" \/>\n<meta name=\"twitter:creator\" content=\"@vanderloubet\" \/>\n<meta name=\"twitter:site\" content=\"@vanderloubet\" \/>\n<script type=\"application\/ld+json\" class=\"yoast-schema-graph\">{\"@context\":\"https:\\\/\\\/schema.org\",\"@graph\":[{\"@type\":\"Article\",\"@id\":\"https:\\\/\\\/vanderloubet.com.br\\\/deputado\\\/piscicultura-em-ms-desafio-e-gerar-renda-e-aumentar-consumo-de-pescado\\\/#article\",\"isPartOf\":{\"@id\":\"https:\\\/\\\/vanderloubet.com.br\\\/deputado\\\/piscicultura-em-ms-desafio-e-gerar-renda-e-aumentar-consumo-de-pescado\\\/\"},\"author\":{\"name\":\"\u00c9der\",\"@id\":\"https:\\\/\\\/vanderloubet.com.br\\\/deputado\\\/#\\\/schema\\\/person\\\/15b51bd564532a8a68d9dec1b8eb890e\"},\"headline\":\"Piscicultura em MS: desafio \u00e9 gerar renda e aumentar consumo de pescado\",\"datePublished\":\"2012-12-18T18:07:12+00:00\",\"mainEntityOfPage\":{\"@id\":\"https:\\\/\\\/vanderloubet.com.br\\\/deputado\\\/piscicultura-em-ms-desafio-e-gerar-renda-e-aumentar-consumo-de-pescado\\\/\"},\"wordCount\":617,\"publisher\":{\"@id\":\"https:\\\/\\\/vanderloubet.com.br\\\/deputado\\\/#organization\"},\"image\":{\"@id\":\"https:\\\/\\\/vanderloubet.com.br\\\/deputado\\\/piscicultura-em-ms-desafio-e-gerar-renda-e-aumentar-consumo-de-pescado\\\/#primaryimage\"},\"thumbnailUrl\":\"http:\\\/\\\/www.deputadovander.com.br\\\/website\\\/wp-content\\\/uploads\\\/2012\\\/12\\\/foto-2012-12-18-incentivo-piscicultura-420x280.jpg\",\"keywords\":[\"agropecu\u00e1ria\",\"aquicultura\",\"delc\u00eddio\",\"dourados\",\"embrapa\",\"escavadeira\",\"frigor\u00edfico\",\"grande\",\"minist\u00e9rio\",\"mpa\",\"oeste\",\"pesca\",\"senador\",\"ufgd\",\"universidade\"],\"articleSection\":[\"Not\u00edcias\"],\"inLanguage\":\"pt-BR\"},{\"@type\":\"WebPage\",\"@id\":\"https:\\\/\\\/vanderloubet.com.br\\\/deputado\\\/piscicultura-em-ms-desafio-e-gerar-renda-e-aumentar-consumo-de-pescado\\\/\",\"url\":\"https:\\\/\\\/vanderloubet.com.br\\\/deputado\\\/piscicultura-em-ms-desafio-e-gerar-renda-e-aumentar-consumo-de-pescado\\\/\",\"name\":\"Piscicultura em MS: desafio \u00e9 gerar renda e aumentar consumo de pescado\",\"isPartOf\":{\"@id\":\"https:\\\/\\\/vanderloubet.com.br\\\/deputado\\\/#website\"},\"primaryImageOfPage\":{\"@id\":\"https:\\\/\\\/vanderloubet.com.br\\\/deputado\\\/piscicultura-em-ms-desafio-e-gerar-renda-e-aumentar-consumo-de-pescado\\\/#primaryimage\"},\"image\":{\"@id\":\"https:\\\/\\\/vanderloubet.com.br\\\/deputado\\\/piscicultura-em-ms-desafio-e-gerar-renda-e-aumentar-consumo-de-pescado\\\/#primaryimage\"},\"thumbnailUrl\":\"http:\\\/\\\/www.deputadovander.com.br\\\/website\\\/wp-content\\\/uploads\\\/2012\\\/12\\\/foto-2012-12-18-incentivo-piscicultura-420x280.jpg\",\"datePublished\":\"2012-12-18T18:07:12+00:00\",\"breadcrumb\":{\"@id\":\"https:\\\/\\\/vanderloubet.com.br\\\/deputado\\\/piscicultura-em-ms-desafio-e-gerar-renda-e-aumentar-consumo-de-pescado\\\/#breadcrumb\"},\"inLanguage\":\"pt-BR\",\"potentialAction\":[{\"@type\":\"ReadAction\",\"target\":[\"https:\\\/\\\/vanderloubet.com.br\\\/deputado\\\/piscicultura-em-ms-desafio-e-gerar-renda-e-aumentar-consumo-de-pescado\\\/\"]}]},{\"@type\":\"ImageObject\",\"inLanguage\":\"pt-BR\",\"@id\":\"https:\\\/\\\/vanderloubet.com.br\\\/deputado\\\/piscicultura-em-ms-desafio-e-gerar-renda-e-aumentar-consumo-de-pescado\\\/#primaryimage\",\"url\":\"http:\\\/\\\/www.deputadovander.com.br\\\/website\\\/wp-content\\\/uploads\\\/2012\\\/12\\\/foto-2012-12-18-incentivo-piscicultura-420x280.jpg\",\"contentUrl\":\"http:\\\/\\\/www.deputadovander.com.br\\\/website\\\/wp-content\\\/uploads\\\/2012\\\/12\\\/foto-2012-12-18-incentivo-piscicultura-420x280.jpg\"},{\"@type\":\"BreadcrumbList\",\"@id\":\"https:\\\/\\\/vanderloubet.com.br\\\/deputado\\\/piscicultura-em-ms-desafio-e-gerar-renda-e-aumentar-consumo-de-pescado\\\/#breadcrumb\",\"itemListElement\":[{\"@type\":\"ListItem\",\"position\":1,\"name\":\"In\u00edcio\",\"item\":\"https:\\\/\\\/vanderloubet.com.br\\\/deputado\\\/\"},{\"@type\":\"ListItem\",\"position\":2,\"name\":\"Piscicultura em MS: desafio \u00e9 gerar renda e aumentar consumo de pescado\"}]},{\"@type\":\"WebSite\",\"@id\":\"https:\\\/\\\/vanderloubet.com.br\\\/deputado\\\/#website\",\"url\":\"https:\\\/\\\/vanderloubet.com.br\\\/deputado\\\/\",\"name\":\"Deputado Federal Vander Loubet\",\"description\":\"O Federal de MS\",\"publisher\":{\"@id\":\"https:\\\/\\\/vanderloubet.com.br\\\/deputado\\\/#organization\"},\"alternateName\":\"Deputado Vander\",\"potentialAction\":[{\"@type\":\"SearchAction\",\"target\":{\"@type\":\"EntryPoint\",\"urlTemplate\":\"https:\\\/\\\/vanderloubet.com.br\\\/deputado\\\/?s={search_term_string}\"},\"query-input\":{\"@type\":\"PropertyValueSpecification\",\"valueRequired\":true,\"valueName\":\"search_term_string\"}}],\"inLanguage\":\"pt-BR\"},{\"@type\":\"Organization\",\"@id\":\"https:\\\/\\\/vanderloubet.com.br\\\/deputado\\\/#organization\",\"name\":\"Deputado Federal Vander Loubet\",\"alternateName\":\"Deputado Vander\",\"url\":\"https:\\\/\\\/vanderloubet.com.br\\\/deputado\\\/\",\"logo\":{\"@type\":\"ImageObject\",\"inLanguage\":\"pt-BR\",\"@id\":\"https:\\\/\\\/vanderloubet.com.br\\\/deputado\\\/#\\\/schema\\\/logo\\\/image\\\/\",\"url\":\"https:\\\/\\\/vanderloubet.com.br\\\/deputado\\\/wp-content\\\/uploads\\\/2023\\\/06\\\/foto-2023-06-19-mandato-deputado-vander.jpg\",\"contentUrl\":\"https:\\\/\\\/vanderloubet.com.br\\\/deputado\\\/wp-content\\\/uploads\\\/2023\\\/06\\\/foto-2023-06-19-mandato-deputado-vander.jpg\",\"width\":1080,\"height\":1080,\"caption\":\"Deputado Federal Vander Loubet\"},\"image\":{\"@id\":\"https:\\\/\\\/vanderloubet.com.br\\\/deputado\\\/#\\\/schema\\\/logo\\\/image\\\/\"},\"sameAs\":[\"https:\\\/\\\/facebook.com\\\/deputadovander\",\"https:\\\/\\\/x.com\\\/vanderloubet\",\"https:\\\/\\\/instagram.com\\\/vanderloubet\",\"https:\\\/\\\/youtube.com\\\/vanderloubet\",\"https:\\\/\\\/tiktok.com\\\/@vanderloubetms\"]},{\"@type\":\"Person\",\"@id\":\"https:\\\/\\\/vanderloubet.com.br\\\/deputado\\\/#\\\/schema\\\/person\\\/15b51bd564532a8a68d9dec1b8eb890e\",\"name\":\"\u00c9der\",\"image\":{\"@type\":\"ImageObject\",\"inLanguage\":\"pt-BR\",\"@id\":\"https:\\\/\\\/vanderloubet.com.br\\\/deputado\\\/wp-content\\\/litespeed\\\/avatar\\\/88ca4090d9d5ab1c9495f6ca03b68efa.jpg?ver=1777058957\",\"url\":\"https:\\\/\\\/vanderloubet.com.br\\\/deputado\\\/wp-content\\\/litespeed\\\/avatar\\\/88ca4090d9d5ab1c9495f6ca03b68efa.jpg?ver=1777058957\",\"contentUrl\":\"https:\\\/\\\/vanderloubet.com.br\\\/deputado\\\/wp-content\\\/litespeed\\\/avatar\\\/88ca4090d9d5ab1c9495f6ca03b68efa.jpg?ver=1777058957\",\"caption\":\"\u00c9der\"}}]}<\/script>\n<!-- \/ Yoast SEO plugin. -->","yoast_head_json":{"title":"Piscicultura em MS: desafio \u00e9 gerar renda e aumentar consumo de pescado","robots":{"index":"index","follow":"follow","max-snippet":"max-snippet:-1","max-image-preview":"max-image-preview:large","max-video-preview":"max-video-preview:-1"},"canonical":"https:\/\/vanderloubet.com.br\/deputado\/piscicultura-em-ms-desafio-e-gerar-renda-e-aumentar-consumo-de-pescado\/","og_locale":"pt_BR","og_type":"article","og_title":"Piscicultura em MS: desafio \u00e9 gerar renda e aumentar consumo de pescado","og_description":"A\u00e7\u00e3o de Vander para vencer esse desafio j\u00e1 garantiu quase R$ 10 milh\u00f5es para investimento na piscicultura.","og_url":"https:\/\/vanderloubet.com.br\/deputado\/piscicultura-em-ms-desafio-e-gerar-renda-e-aumentar-consumo-de-pescado\/","og_site_name":"Deputado Federal Vander Loubet","article_publisher":"https:\/\/facebook.com\/deputadovander","article_published_time":"2012-12-18T18:07:12+00:00","og_image":[{"url":"http:\/\/www.deputadovander.com.br\/website\/wp-content\/uploads\/2012\/12\/foto-2012-12-18-incentivo-piscicultura-420x280.jpg","type":"","width":"","height":""}],"author":"\u00c9der","twitter_card":"summary_large_image","twitter_creator":"@vanderloubet","twitter_site":"@vanderloubet","schema":{"@context":"https:\/\/schema.org","@graph":[{"@type":"Article","@id":"https:\/\/vanderloubet.com.br\/deputado\/piscicultura-em-ms-desafio-e-gerar-renda-e-aumentar-consumo-de-pescado\/#article","isPartOf":{"@id":"https:\/\/vanderloubet.com.br\/deputado\/piscicultura-em-ms-desafio-e-gerar-renda-e-aumentar-consumo-de-pescado\/"},"author":{"name":"\u00c9der","@id":"https:\/\/vanderloubet.com.br\/deputado\/#\/schema\/person\/15b51bd564532a8a68d9dec1b8eb890e"},"headline":"Piscicultura em MS: desafio \u00e9 gerar renda e aumentar consumo de pescado","datePublished":"2012-12-18T18:07:12+00:00","mainEntityOfPage":{"@id":"https:\/\/vanderloubet.com.br\/deputado\/piscicultura-em-ms-desafio-e-gerar-renda-e-aumentar-consumo-de-pescado\/"},"wordCount":617,"publisher":{"@id":"https:\/\/vanderloubet.com.br\/deputado\/#organization"},"image":{"@id":"https:\/\/vanderloubet.com.br\/deputado\/piscicultura-em-ms-desafio-e-gerar-renda-e-aumentar-consumo-de-pescado\/#primaryimage"},"thumbnailUrl":"http:\/\/www.deputadovander.com.br\/website\/wp-content\/uploads\/2012\/12\/foto-2012-12-18-incentivo-piscicultura-420x280.jpg","keywords":["agropecu\u00e1ria","aquicultura","delc\u00eddio","dourados","embrapa","escavadeira","frigor\u00edfico","grande","minist\u00e9rio","mpa","oeste","pesca","senador","ufgd","universidade"],"articleSection":["Not\u00edcias"],"inLanguage":"pt-BR"},{"@type":"WebPage","@id":"https:\/\/vanderloubet.com.br\/deputado\/piscicultura-em-ms-desafio-e-gerar-renda-e-aumentar-consumo-de-pescado\/","url":"https:\/\/vanderloubet.com.br\/deputado\/piscicultura-em-ms-desafio-e-gerar-renda-e-aumentar-consumo-de-pescado\/","name":"Piscicultura em MS: desafio \u00e9 gerar renda e aumentar consumo de pescado","isPartOf":{"@id":"https:\/\/vanderloubet.com.br\/deputado\/#website"},"primaryImageOfPage":{"@id":"https:\/\/vanderloubet.com.br\/deputado\/piscicultura-em-ms-desafio-e-gerar-renda-e-aumentar-consumo-de-pescado\/#primaryimage"},"image":{"@id":"https:\/\/vanderloubet.com.br\/deputado\/piscicultura-em-ms-desafio-e-gerar-renda-e-aumentar-consumo-de-pescado\/#primaryimage"},"thumbnailUrl":"http:\/\/www.deputadovander.com.br\/website\/wp-content\/uploads\/2012\/12\/foto-2012-12-18-incentivo-piscicultura-420x280.jpg","datePublished":"2012-12-18T18:07:12+00:00","breadcrumb":{"@id":"https:\/\/vanderloubet.com.br\/deputado\/piscicultura-em-ms-desafio-e-gerar-renda-e-aumentar-consumo-de-pescado\/#breadcrumb"},"inLanguage":"pt-BR","potentialAction":[{"@type":"ReadAction","target":["https:\/\/vanderloubet.com.br\/deputado\/piscicultura-em-ms-desafio-e-gerar-renda-e-aumentar-consumo-de-pescado\/"]}]},{"@type":"ImageObject","inLanguage":"pt-BR","@id":"https:\/\/vanderloubet.com.br\/deputado\/piscicultura-em-ms-desafio-e-gerar-renda-e-aumentar-consumo-de-pescado\/#primaryimage","url":"http:\/\/www.deputadovander.com.br\/website\/wp-content\/uploads\/2012\/12\/foto-2012-12-18-incentivo-piscicultura-420x280.jpg","contentUrl":"http:\/\/www.deputadovander.com.br\/website\/wp-content\/uploads\/2012\/12\/foto-2012-12-18-incentivo-piscicultura-420x280.jpg"},{"@type":"BreadcrumbList","@id":"https:\/\/vanderloubet.com.br\/deputado\/piscicultura-em-ms-desafio-e-gerar-renda-e-aumentar-consumo-de-pescado\/#breadcrumb","itemListElement":[{"@type":"ListItem","position":1,"name":"In\u00edcio","item":"https:\/\/vanderloubet.com.br\/deputado\/"},{"@type":"ListItem","position":2,"name":"Piscicultura em MS: desafio \u00e9 gerar renda e aumentar consumo de pescado"}]},{"@type":"WebSite","@id":"https:\/\/vanderloubet.com.br\/deputado\/#website","url":"https:\/\/vanderloubet.com.br\/deputado\/","name":"Deputado Federal Vander Loubet","description":"O Federal de MS","publisher":{"@id":"https:\/\/vanderloubet.com.br\/deputado\/#organization"},"alternateName":"Deputado Vander","potentialAction":[{"@type":"SearchAction","target":{"@type":"EntryPoint","urlTemplate":"https:\/\/vanderloubet.com.br\/deputado\/?s={search_term_string}"},"query-input":{"@type":"PropertyValueSpecification","valueRequired":true,"valueName":"search_term_string"}}],"inLanguage":"pt-BR"},{"@type":"Organization","@id":"https:\/\/vanderloubet.com.br\/deputado\/#organization","name":"Deputado Federal Vander Loubet","alternateName":"Deputado Vander","url":"https:\/\/vanderloubet.com.br\/deputado\/","logo":{"@type":"ImageObject","inLanguage":"pt-BR","@id":"https:\/\/vanderloubet.com.br\/deputado\/#\/schema\/logo\/image\/","url":"https:\/\/vanderloubet.com.br\/deputado\/wp-content\/uploads\/2023\/06\/foto-2023-06-19-mandato-deputado-vander.jpg","contentUrl":"https:\/\/vanderloubet.com.br\/deputado\/wp-content\/uploads\/2023\/06\/foto-2023-06-19-mandato-deputado-vander.jpg","width":1080,"height":1080,"caption":"Deputado Federal Vander Loubet"},"image":{"@id":"https:\/\/vanderloubet.com.br\/deputado\/#\/schema\/logo\/image\/"},"sameAs":["https:\/\/facebook.com\/deputadovander","https:\/\/x.com\/vanderloubet","https:\/\/instagram.com\/vanderloubet","https:\/\/youtube.com\/vanderloubet","https:\/\/tiktok.com\/@vanderloubetms"]},{"@type":"Person","@id":"https:\/\/vanderloubet.com.br\/deputado\/#\/schema\/person\/15b51bd564532a8a68d9dec1b8eb890e","name":"\u00c9der","image":{"@type":"ImageObject","inLanguage":"pt-BR","@id":"https:\/\/vanderloubet.com.br\/deputado\/wp-content\/litespeed\/avatar\/88ca4090d9d5ab1c9495f6ca03b68efa.jpg?ver=1777058957","url":"https:\/\/vanderloubet.com.br\/deputado\/wp-content\/litespeed\/avatar\/88ca4090d9d5ab1c9495f6ca03b68efa.jpg?ver=1777058957","contentUrl":"https:\/\/vanderloubet.com.br\/deputado\/wp-content\/litespeed\/avatar\/88ca4090d9d5ab1c9495f6ca03b68efa.jpg?ver=1777058957","caption":"\u00c9der"}}]}},"jetpack_featured_media_url":"","jetpack_sharing_enabled":true,"_links":{"self":[{"href":"https:\/\/vanderloubet.com.br\/deputado\/wp-json\/wp\/v2\/posts\/5947","targetHints":{"allow":["GET"]}}],"collection":[{"href":"https:\/\/vanderloubet.com.br\/deputado\/wp-json\/wp\/v2\/posts"}],"about":[{"href":"https:\/\/vanderloubet.com.br\/deputado\/wp-json\/wp\/v2\/types\/post"}],"author":[{"embeddable":true,"href":"https:\/\/vanderloubet.com.br\/deputado\/wp-json\/wp\/v2\/users\/2"}],"replies":[{"embeddable":true,"href":"https:\/\/vanderloubet.com.br\/deputado\/wp-json\/wp\/v2\/comments?post=5947"}],"version-history":[{"count":0,"href":"https:\/\/vanderloubet.com.br\/deputado\/wp-json\/wp\/v2\/posts\/5947\/revisions"}],"wp:attachment":[{"href":"https:\/\/vanderloubet.com.br\/deputado\/wp-json\/wp\/v2\/media?parent=5947"}],"wp:term":[{"taxonomy":"category","embeddable":true,"href":"https:\/\/vanderloubet.com.br\/deputado\/wp-json\/wp\/v2\/categories?post=5947"},{"taxonomy":"post_tag","embeddable":true,"href":"https:\/\/vanderloubet.com.br\/deputado\/wp-json\/wp\/v2\/tags?post=5947"}],"curies":[{"name":"wp","href":"https:\/\/api.w.org\/{rel}","templated":true}]}}