{"id":5916,"date":"2012-12-04T18:57:35","date_gmt":"2012-12-04T22:57:35","guid":{"rendered":"http:\/\/www.deputadovander.com.br\/website\/?p=5916"},"modified":"2012-12-04T18:57:35","modified_gmt":"2012-12-04T22:57:35","slug":"vander-exalta-medidas-do-governo-de-estimulo-a-construcao-civil","status":"publish","type":"post","link":"https:\/\/vanderloubet.com.br\/deputado\/vander-exalta-medidas-do-governo-de-estimulo-a-construcao-civil\/","title":{"rendered":"Vander exalta medidas do governo de est\u00edmulo \u00e0 constru\u00e7\u00e3o civil"},"content":{"rendered":"<figure id=\"attachment_5332\" aria-describedby=\"caption-attachment-5332\" style=\"width: 420px\" class=\"wp-caption aligncenter\"><a href=\"http:\/\/www.deputadovander.com.br\/website\/wp-content\/uploads\/2012\/05\/foto-2012-05-08-deputado-vander-loubet.jpg\" target=\"_blank\"><img decoding=\"async\" class=\" wp-image-5332 \" title=\"foto-2012-05-08-deputado-vander-loubet\" src=\"http:\/\/www.deputadovander.com.br\/website\/wp-content\/uploads\/2012\/05\/foto-2012-05-08-deputado-vander-loubet-420x280.jpg\" alt=\"Vander exaltou medidas para gera\u00e7\u00e3o de emprego e est\u00edmulo ao crescimento\" width=\"420\" height=\"280\" \/><\/a><figcaption id=\"caption-attachment-5332\" class=\"wp-caption-text\">Vander exaltou medidas para gera\u00e7\u00e3o de emprego e est\u00edmulo ao crescimento<\/figcaption><\/figure>\n<p>O deputado federal Vander Loubet (PT-MS) afirmou hoje (4) que as <a title=\"Link\" href=\"http:\/\/www.scribd.com\/doc\/115517858\/Medidas-de-Estimulo-a-Construcao-Civil-Governo-Federal\" target=\"_blank\">medidas do governo federal para estimular o setor da constru\u00e7\u00e3o civil<\/a> s\u00e3o mais uma a\u00e7\u00e3o que demonstra a preocupa\u00e7\u00e3o e o trabalho do PT e da presidenta Dilma Rousseff para evitar que a crise econ\u00f4mica mundial contamine a gera\u00e7\u00e3o de emprego e o desenvolvimento em nosso pa\u00eds. &#8220;Todos estamos acompanhando o notici\u00e1rio internacional. Evidentemente que o que est\u00e1 acontecendo no mundo, especialmente na Europa, causa preocupa\u00e7\u00e3o. Por isso, \u00e9 animador ver o governo adotar a\u00e7\u00f5es para manter a gera\u00e7\u00e3o de postos de trabalho e estimular o crescimento econ\u00f4mico&#8221;, exalta o parlamentar sul-mato-grossense.<\/p>\n<p>As medidas foram anunciadas na manh\u00e3 desta ter\u00e7a-feira pelo ministro da Fazenda, Guido Mantega, no Pal\u00e1cio do Planalto, durante cerim\u00f4nia de entrega de um milh\u00e3o de unidades do Programa Minha Casa Minha Vida. As principais dizem respeito \u00e0 desonera\u00e7\u00e3o da folha de pagamento e \u00e0 redu\u00e7\u00e3o da al\u00edquota do Regime Especial de Tributa\u00e7\u00e3o (RET) sobre o faturamento, que cai de 6% para 4%. Dilma Rousseff afirmou que a iniciativa reconhece a import\u00e2ncia da constru\u00e7\u00e3o civil para a gera\u00e7\u00e3o de emprego e para as cadeias produtivas.<\/p>\n<p>&#8220;As medidas de desonera\u00e7\u00e3o aqui anunciadas reduzem o custo e facilita a contrata\u00e7\u00e3o de m\u00e3o-de-obra, torna mais competitiva a ind\u00fastria da constru\u00e7\u00e3o civil. Reduzir a al\u00edquota do regime especial de tributa\u00e7\u00e3o faz a mesma coisa. E isso tudo sem reduzir os direitos dos trabalhadores&#8221;, defendeu a presidenta.<\/p>\n<p>De acordo com Mantega, ao permitir \u00e0s empresas de constru\u00e7\u00e3o civil pagar uma contribui\u00e7\u00e3o de 2% sobre o faturamento ao inv\u00e9s de uma al\u00edquota de 20% para a previd\u00eancia, o governo pretende estimular a gera\u00e7\u00e3o de empregos e os empres\u00e1rios contar\u00e3o com uma diminui\u00e7\u00e3o de R$ 2,85 bilh\u00f5es no valor repassado ao INSS, passando de R$ 6,28 bilh\u00f5es para R$ 3,43 bilh\u00f5es. A ren\u00fancia fiscal ser\u00e1 de R$ 970 milh\u00f5es no primeiro ano de implementa\u00e7\u00e3o da medida.<\/p>\n<p>O governo tamb\u00e9m vai disponibilizar para a constru\u00e7\u00e3o civil capital de giro com pre\u00e7os e prazos competitivos, concess\u00e3o r\u00e1pida e utiliza\u00e7\u00e3o \u00e1gil, simplificada e automatizada. Os juros s\u00e3o de 0,94% e v\u00e3o beneficiar empresas com faturamento de at\u00e9 R$ 50 milh\u00f5es. Outra medida \u00e9 a amplia\u00e7\u00e3o do valor do im\u00f3vel que recolhe o Regime Especial de Tributa\u00e7\u00e3o de 1%, que passou de R$ 85 mil para R$ 100 mil, o que representa um impacto de R$ 97 milh\u00f5es.<\/p>\n<figure id=\"attachment_5918\" aria-describedby=\"caption-attachment-5918\" style=\"width: 420px\" class=\"wp-caption aligncenter\"><a href=\"http:\/\/www.deputadovander.com.br\/website\/wp-content\/uploads\/2012\/12\/foto-2012-12-04-dilma-familia-beneficiada-mcmv.jpg\" target=\"_blank\"><img decoding=\"async\" class=\"size-medium wp-image-5918 \" title=\"foto-2012-12-04-dilma-familia-beneficiada-mcmv\" src=\"http:\/\/www.deputadovander.com.br\/website\/wp-content\/uploads\/2012\/12\/foto-2012-12-04-dilma-familia-beneficiada-mcmv-420x315.jpg\" alt=\"Presidenta Dilma com fam\u00edlia benefici\u00e1ria do Minha Casa Minha Vida\" width=\"420\" height=\"315\" \/><\/a><figcaption id=\"caption-attachment-5918\" class=\"wp-caption-text\">Presidenta Dilma com fam\u00edlia benefici\u00e1ria do Minha Casa Minha Vida<\/figcaption><\/figure>\n<p><strong>Minha Casa Minha Vida<\/strong><\/p>\n<p>O MCMV \u00e9 o maior programa de habita\u00e7\u00e3o j\u00e1 realizado no Brasil. Beneficiou 3,3 milh\u00f5es de pessoas, 54% delas com renda mensal bruta de at\u00e9 R$ 1,6 mil. Na segunda fase do programa, j\u00e1 foram realizados, at\u00e9 28 de novembro deste ano, mais de R$ 74 bilh\u00f5es em financiamentos e a previs\u00e3o \u00e9 de que at\u00e9 2014 sejam disponibilizados mais R$ 85 bilh\u00f5es. O governo federal pretende ainda contratar mais 1,4 milh\u00e3o de moradias at\u00e9 o final de 2014. A contrata\u00e7\u00e3o de mais de dois milh\u00f5es de unidades habitacionais at\u00e9 28 de novembro j\u00e1 totalizou R$ 155 bilh\u00f5es em investimentos.<\/p>\n<p>Para a presidenta, o Minha Casa Minha Vida \u00e9 um dos programas mais importantes do governo, porque muda a vida dos brasileiros de forma permanente. &#8220;Talvez duas coisas mudem a vida de forma permanente, uma \u00e9 educa\u00e7\u00e3o e a outra \u00e9 moradia&#8221;, afirmou Dilma.<\/p>\n<p>&#8220;A\u00e7\u00f5es como essa fazem a popula\u00e7\u00e3o brasileira perceber claramente que o Brasil segue vivendo um novo momento na sua hist\u00f3ria, um momento de grande transforma\u00e7\u00e3o, que come\u00e7ou com Lula em 2003 e continua agora com Dilma. A casa pr\u00f3pria foi e continua sendo o maior sonho das pessoas e trabalhar para tornar esse sonho uma realidade para o maior n\u00famero de pessoas \u00e9, sem d\u00favida, um m\u00e9rito que merece nosso reconhecimento e aplauso&#8221;, conclui Vander.<\/p>\n<p><span style=\"font-size: 11px;\">(\u00c9der Yanaguita &#8211; Assessoria\/Dep. Vander, com informa\u00e7\u00f5es do Blog do Planalto)<\/span><\/p>\n","protected":false},"excerpt":{"rendered":"<p>Para o deputado \u00e9 animador ver governo adotar a\u00e7\u00f5es para manter gera\u00e7\u00e3o de postos de trabalho e estimular crescimento.<\/p>\n","protected":false},"author":2,"featured_media":0,"comment_status":"closed","ping_status":"open","sticky":false,"template":"","format":"standard","meta":{"jetpack_post_was_ever_published":false,"_jetpack_newsletter_access":"","_jetpack_dont_email_post_to_subs":false,"_jetpack_newsletter_tier_id":0,"_jetpack_memberships_contains_paywalled_content":false,"_jetpack_memberships_contains_paid_content":false,"footnotes":""},"categories":[10],"tags":[451,512,552,631,713,754,1000,1262,1613,1693,1711,1757,1987],"class_list":{"0":"post-5916","1":"post","2":"type-post","3":"status-publish","4":"format-standard","6":"category-noticias","7":"tag-civil","8":"tag-construcao","9":"tag-crescimento","10":"tag-dilma","11":"tag-emprego","12":"tag-estimulo","13":"tag-impostos","14":"tag-medidas","15":"tag-presidenta","16":"tag-reducao","17":"tag-renda","18":"tag-rousseff","19":"tag-tributos"},"yoast_head":"<!-- This site is optimized with the Yoast SEO plugin v27.4 - https:\/\/yoast.com\/product\/yoast-seo-wordpress\/ -->\n<title>Vander exalta medidas do governo de est\u00edmulo \u00e0 constru\u00e7\u00e3o civil<\/title>\n<meta name=\"robots\" content=\"index, follow, max-snippet:-1, max-image-preview:large, max-video-preview:-1\" \/>\n<link rel=\"canonical\" href=\"https:\/\/vanderloubet.com.br\/deputado\/vander-exalta-medidas-do-governo-de-estimulo-a-construcao-civil\/\" \/>\n<meta property=\"og:locale\" content=\"pt_BR\" \/>\n<meta property=\"og:type\" content=\"article\" \/>\n<meta property=\"og:title\" content=\"Vander exalta medidas do governo de est\u00edmulo \u00e0 constru\u00e7\u00e3o civil\" \/>\n<meta property=\"og:description\" content=\"Para o deputado \u00e9 animador ver governo adotar a\u00e7\u00f5es para manter gera\u00e7\u00e3o de postos de trabalho e estimular crescimento.\" \/>\n<meta property=\"og:url\" content=\"https:\/\/vanderloubet.com.br\/deputado\/vander-exalta-medidas-do-governo-de-estimulo-a-construcao-civil\/\" \/>\n<meta property=\"og:site_name\" content=\"Deputado Federal Vander Loubet\" \/>\n<meta property=\"article:publisher\" content=\"https:\/\/facebook.com\/deputadovander\" \/>\n<meta property=\"article:published_time\" content=\"2012-12-04T22:57:35+00:00\" \/>\n<meta property=\"og:image\" content=\"http:\/\/www.deputadovander.com.br\/website\/wp-content\/uploads\/2012\/05\/foto-2012-05-08-deputado-vander-loubet-420x280.jpg\" \/>\n<meta name=\"author\" content=\"\u00c9der\" \/>\n<meta name=\"twitter:card\" content=\"summary_large_image\" \/>\n<meta name=\"twitter:creator\" content=\"@vanderloubet\" \/>\n<meta name=\"twitter:site\" content=\"@vanderloubet\" \/>\n<script type=\"application\/ld+json\" class=\"yoast-schema-graph\">{\"@context\":\"https:\\\/\\\/schema.org\",\"@graph\":[{\"@type\":\"Article\",\"@id\":\"https:\\\/\\\/vanderloubet.com.br\\\/deputado\\\/vander-exalta-medidas-do-governo-de-estimulo-a-construcao-civil\\\/#article\",\"isPartOf\":{\"@id\":\"https:\\\/\\\/vanderloubet.com.br\\\/deputado\\\/vander-exalta-medidas-do-governo-de-estimulo-a-construcao-civil\\\/\"},\"author\":{\"name\":\"\u00c9der\",\"@id\":\"https:\\\/\\\/vanderloubet.com.br\\\/deputado\\\/#\\\/schema\\\/person\\\/15b51bd564532a8a68d9dec1b8eb890e\"},\"headline\":\"Vander exalta medidas do governo de est\u00edmulo \u00e0 constru\u00e7\u00e3o civil\",\"datePublished\":\"2012-12-04T22:57:35+00:00\",\"mainEntityOfPage\":{\"@id\":\"https:\\\/\\\/vanderloubet.com.br\\\/deputado\\\/vander-exalta-medidas-do-governo-de-estimulo-a-construcao-civil\\\/\"},\"wordCount\":716,\"publisher\":{\"@id\":\"https:\\\/\\\/vanderloubet.com.br\\\/deputado\\\/#organization\"},\"image\":{\"@id\":\"https:\\\/\\\/vanderloubet.com.br\\\/deputado\\\/vander-exalta-medidas-do-governo-de-estimulo-a-construcao-civil\\\/#primaryimage\"},\"thumbnailUrl\":\"http:\\\/\\\/www.deputadovander.com.br\\\/website\\\/wp-content\\\/uploads\\\/2012\\\/05\\\/foto-2012-05-08-deputado-vander-loubet-420x280.jpg\",\"keywords\":[\"civil\",\"constru\u00e7\u00e3o\",\"crescimento\",\"dilma\",\"emprego\",\"est\u00edmulo\",\"impostos\",\"medidas\",\"presidenta\",\"redu\u00e7\u00e3o\",\"renda\",\"rousseff\",\"tributos\"],\"articleSection\":[\"Not\u00edcias\"],\"inLanguage\":\"pt-BR\"},{\"@type\":\"WebPage\",\"@id\":\"https:\\\/\\\/vanderloubet.com.br\\\/deputado\\\/vander-exalta-medidas-do-governo-de-estimulo-a-construcao-civil\\\/\",\"url\":\"https:\\\/\\\/vanderloubet.com.br\\\/deputado\\\/vander-exalta-medidas-do-governo-de-estimulo-a-construcao-civil\\\/\",\"name\":\"Vander exalta medidas do governo de est\u00edmulo \u00e0 constru\u00e7\u00e3o civil\",\"isPartOf\":{\"@id\":\"https:\\\/\\\/vanderloubet.com.br\\\/deputado\\\/#website\"},\"primaryImageOfPage\":{\"@id\":\"https:\\\/\\\/vanderloubet.com.br\\\/deputado\\\/vander-exalta-medidas-do-governo-de-estimulo-a-construcao-civil\\\/#primaryimage\"},\"image\":{\"@id\":\"https:\\\/\\\/vanderloubet.com.br\\\/deputado\\\/vander-exalta-medidas-do-governo-de-estimulo-a-construcao-civil\\\/#primaryimage\"},\"thumbnailUrl\":\"http:\\\/\\\/www.deputadovander.com.br\\\/website\\\/wp-content\\\/uploads\\\/2012\\\/05\\\/foto-2012-05-08-deputado-vander-loubet-420x280.jpg\",\"datePublished\":\"2012-12-04T22:57:35+00:00\",\"breadcrumb\":{\"@id\":\"https:\\\/\\\/vanderloubet.com.br\\\/deputado\\\/vander-exalta-medidas-do-governo-de-estimulo-a-construcao-civil\\\/#breadcrumb\"},\"inLanguage\":\"pt-BR\",\"potentialAction\":[{\"@type\":\"ReadAction\",\"target\":[\"https:\\\/\\\/vanderloubet.com.br\\\/deputado\\\/vander-exalta-medidas-do-governo-de-estimulo-a-construcao-civil\\\/\"]}]},{\"@type\":\"ImageObject\",\"inLanguage\":\"pt-BR\",\"@id\":\"https:\\\/\\\/vanderloubet.com.br\\\/deputado\\\/vander-exalta-medidas-do-governo-de-estimulo-a-construcao-civil\\\/#primaryimage\",\"url\":\"http:\\\/\\\/www.deputadovander.com.br\\\/website\\\/wp-content\\\/uploads\\\/2012\\\/05\\\/foto-2012-05-08-deputado-vander-loubet-420x280.jpg\",\"contentUrl\":\"http:\\\/\\\/www.deputadovander.com.br\\\/website\\\/wp-content\\\/uploads\\\/2012\\\/05\\\/foto-2012-05-08-deputado-vander-loubet-420x280.jpg\"},{\"@type\":\"BreadcrumbList\",\"@id\":\"https:\\\/\\\/vanderloubet.com.br\\\/deputado\\\/vander-exalta-medidas-do-governo-de-estimulo-a-construcao-civil\\\/#breadcrumb\",\"itemListElement\":[{\"@type\":\"ListItem\",\"position\":1,\"name\":\"In\u00edcio\",\"item\":\"https:\\\/\\\/vanderloubet.com.br\\\/deputado\\\/\"},{\"@type\":\"ListItem\",\"position\":2,\"name\":\"Vander exalta medidas do governo de est\u00edmulo \u00e0 constru\u00e7\u00e3o civil\"}]},{\"@type\":\"WebSite\",\"@id\":\"https:\\\/\\\/vanderloubet.com.br\\\/deputado\\\/#website\",\"url\":\"https:\\\/\\\/vanderloubet.com.br\\\/deputado\\\/\",\"name\":\"Deputado Federal Vander Loubet\",\"description\":\"O Federal de MS\",\"publisher\":{\"@id\":\"https:\\\/\\\/vanderloubet.com.br\\\/deputado\\\/#organization\"},\"alternateName\":\"Deputado Vander\",\"potentialAction\":[{\"@type\":\"SearchAction\",\"target\":{\"@type\":\"EntryPoint\",\"urlTemplate\":\"https:\\\/\\\/vanderloubet.com.br\\\/deputado\\\/?s={search_term_string}\"},\"query-input\":{\"@type\":\"PropertyValueSpecification\",\"valueRequired\":true,\"valueName\":\"search_term_string\"}}],\"inLanguage\":\"pt-BR\"},{\"@type\":\"Organization\",\"@id\":\"https:\\\/\\\/vanderloubet.com.br\\\/deputado\\\/#organization\",\"name\":\"Deputado Federal Vander Loubet\",\"alternateName\":\"Deputado Vander\",\"url\":\"https:\\\/\\\/vanderloubet.com.br\\\/deputado\\\/\",\"logo\":{\"@type\":\"ImageObject\",\"inLanguage\":\"pt-BR\",\"@id\":\"https:\\\/\\\/vanderloubet.com.br\\\/deputado\\\/#\\\/schema\\\/logo\\\/image\\\/\",\"url\":\"https:\\\/\\\/vanderloubet.com.br\\\/deputado\\\/wp-content\\\/uploads\\\/2023\\\/06\\\/foto-2023-06-19-mandato-deputado-vander.jpg\",\"contentUrl\":\"https:\\\/\\\/vanderloubet.com.br\\\/deputado\\\/wp-content\\\/uploads\\\/2023\\\/06\\\/foto-2023-06-19-mandato-deputado-vander.jpg\",\"width\":1080,\"height\":1080,\"caption\":\"Deputado Federal Vander Loubet\"},\"image\":{\"@id\":\"https:\\\/\\\/vanderloubet.com.br\\\/deputado\\\/#\\\/schema\\\/logo\\\/image\\\/\"},\"sameAs\":[\"https:\\\/\\\/facebook.com\\\/deputadovander\",\"https:\\\/\\\/x.com\\\/vanderloubet\",\"https:\\\/\\\/instagram.com\\\/vanderloubet\",\"https:\\\/\\\/youtube.com\\\/vanderloubet\",\"https:\\\/\\\/tiktok.com\\\/@vanderloubetms\"]},{\"@type\":\"Person\",\"@id\":\"https:\\\/\\\/vanderloubet.com.br\\\/deputado\\\/#\\\/schema\\\/person\\\/15b51bd564532a8a68d9dec1b8eb890e\",\"name\":\"\u00c9der\",\"image\":{\"@type\":\"ImageObject\",\"inLanguage\":\"pt-BR\",\"@id\":\"https:\\\/\\\/vanderloubet.com.br\\\/deputado\\\/wp-content\\\/litespeed\\\/avatar\\\/88ca4090d9d5ab1c9495f6ca03b68efa.jpg?ver=1777058957\",\"url\":\"https:\\\/\\\/vanderloubet.com.br\\\/deputado\\\/wp-content\\\/litespeed\\\/avatar\\\/88ca4090d9d5ab1c9495f6ca03b68efa.jpg?ver=1777058957\",\"contentUrl\":\"https:\\\/\\\/vanderloubet.com.br\\\/deputado\\\/wp-content\\\/litespeed\\\/avatar\\\/88ca4090d9d5ab1c9495f6ca03b68efa.jpg?ver=1777058957\",\"caption\":\"\u00c9der\"}}]}<\/script>\n<!-- \/ Yoast SEO plugin. -->","yoast_head_json":{"title":"Vander exalta medidas do governo de est\u00edmulo \u00e0 constru\u00e7\u00e3o civil","robots":{"index":"index","follow":"follow","max-snippet":"max-snippet:-1","max-image-preview":"max-image-preview:large","max-video-preview":"max-video-preview:-1"},"canonical":"https:\/\/vanderloubet.com.br\/deputado\/vander-exalta-medidas-do-governo-de-estimulo-a-construcao-civil\/","og_locale":"pt_BR","og_type":"article","og_title":"Vander exalta medidas do governo de est\u00edmulo \u00e0 constru\u00e7\u00e3o civil","og_description":"Para o deputado \u00e9 animador ver governo adotar a\u00e7\u00f5es para manter gera\u00e7\u00e3o de postos de trabalho e estimular crescimento.","og_url":"https:\/\/vanderloubet.com.br\/deputado\/vander-exalta-medidas-do-governo-de-estimulo-a-construcao-civil\/","og_site_name":"Deputado Federal Vander Loubet","article_publisher":"https:\/\/facebook.com\/deputadovander","article_published_time":"2012-12-04T22:57:35+00:00","og_image":[{"url":"http:\/\/www.deputadovander.com.br\/website\/wp-content\/uploads\/2012\/05\/foto-2012-05-08-deputado-vander-loubet-420x280.jpg","type":"","width":"","height":""}],"author":"\u00c9der","twitter_card":"summary_large_image","twitter_creator":"@vanderloubet","twitter_site":"@vanderloubet","schema":{"@context":"https:\/\/schema.org","@graph":[{"@type":"Article","@id":"https:\/\/vanderloubet.com.br\/deputado\/vander-exalta-medidas-do-governo-de-estimulo-a-construcao-civil\/#article","isPartOf":{"@id":"https:\/\/vanderloubet.com.br\/deputado\/vander-exalta-medidas-do-governo-de-estimulo-a-construcao-civil\/"},"author":{"name":"\u00c9der","@id":"https:\/\/vanderloubet.com.br\/deputado\/#\/schema\/person\/15b51bd564532a8a68d9dec1b8eb890e"},"headline":"Vander exalta medidas do governo de est\u00edmulo \u00e0 constru\u00e7\u00e3o civil","datePublished":"2012-12-04T22:57:35+00:00","mainEntityOfPage":{"@id":"https:\/\/vanderloubet.com.br\/deputado\/vander-exalta-medidas-do-governo-de-estimulo-a-construcao-civil\/"},"wordCount":716,"publisher":{"@id":"https:\/\/vanderloubet.com.br\/deputado\/#organization"},"image":{"@id":"https:\/\/vanderloubet.com.br\/deputado\/vander-exalta-medidas-do-governo-de-estimulo-a-construcao-civil\/#primaryimage"},"thumbnailUrl":"http:\/\/www.deputadovander.com.br\/website\/wp-content\/uploads\/2012\/05\/foto-2012-05-08-deputado-vander-loubet-420x280.jpg","keywords":["civil","constru\u00e7\u00e3o","crescimento","dilma","emprego","est\u00edmulo","impostos","medidas","presidenta","redu\u00e7\u00e3o","renda","rousseff","tributos"],"articleSection":["Not\u00edcias"],"inLanguage":"pt-BR"},{"@type":"WebPage","@id":"https:\/\/vanderloubet.com.br\/deputado\/vander-exalta-medidas-do-governo-de-estimulo-a-construcao-civil\/","url":"https:\/\/vanderloubet.com.br\/deputado\/vander-exalta-medidas-do-governo-de-estimulo-a-construcao-civil\/","name":"Vander exalta medidas do governo de est\u00edmulo \u00e0 constru\u00e7\u00e3o civil","isPartOf":{"@id":"https:\/\/vanderloubet.com.br\/deputado\/#website"},"primaryImageOfPage":{"@id":"https:\/\/vanderloubet.com.br\/deputado\/vander-exalta-medidas-do-governo-de-estimulo-a-construcao-civil\/#primaryimage"},"image":{"@id":"https:\/\/vanderloubet.com.br\/deputado\/vander-exalta-medidas-do-governo-de-estimulo-a-construcao-civil\/#primaryimage"},"thumbnailUrl":"http:\/\/www.deputadovander.com.br\/website\/wp-content\/uploads\/2012\/05\/foto-2012-05-08-deputado-vander-loubet-420x280.jpg","datePublished":"2012-12-04T22:57:35+00:00","breadcrumb":{"@id":"https:\/\/vanderloubet.com.br\/deputado\/vander-exalta-medidas-do-governo-de-estimulo-a-construcao-civil\/#breadcrumb"},"inLanguage":"pt-BR","potentialAction":[{"@type":"ReadAction","target":["https:\/\/vanderloubet.com.br\/deputado\/vander-exalta-medidas-do-governo-de-estimulo-a-construcao-civil\/"]}]},{"@type":"ImageObject","inLanguage":"pt-BR","@id":"https:\/\/vanderloubet.com.br\/deputado\/vander-exalta-medidas-do-governo-de-estimulo-a-construcao-civil\/#primaryimage","url":"http:\/\/www.deputadovander.com.br\/website\/wp-content\/uploads\/2012\/05\/foto-2012-05-08-deputado-vander-loubet-420x280.jpg","contentUrl":"http:\/\/www.deputadovander.com.br\/website\/wp-content\/uploads\/2012\/05\/foto-2012-05-08-deputado-vander-loubet-420x280.jpg"},{"@type":"BreadcrumbList","@id":"https:\/\/vanderloubet.com.br\/deputado\/vander-exalta-medidas-do-governo-de-estimulo-a-construcao-civil\/#breadcrumb","itemListElement":[{"@type":"ListItem","position":1,"name":"In\u00edcio","item":"https:\/\/vanderloubet.com.br\/deputado\/"},{"@type":"ListItem","position":2,"name":"Vander exalta medidas do governo de est\u00edmulo \u00e0 constru\u00e7\u00e3o civil"}]},{"@type":"WebSite","@id":"https:\/\/vanderloubet.com.br\/deputado\/#website","url":"https:\/\/vanderloubet.com.br\/deputado\/","name":"Deputado Federal Vander Loubet","description":"O Federal de MS","publisher":{"@id":"https:\/\/vanderloubet.com.br\/deputado\/#organization"},"alternateName":"Deputado Vander","potentialAction":[{"@type":"SearchAction","target":{"@type":"EntryPoint","urlTemplate":"https:\/\/vanderloubet.com.br\/deputado\/?s={search_term_string}"},"query-input":{"@type":"PropertyValueSpecification","valueRequired":true,"valueName":"search_term_string"}}],"inLanguage":"pt-BR"},{"@type":"Organization","@id":"https:\/\/vanderloubet.com.br\/deputado\/#organization","name":"Deputado Federal Vander Loubet","alternateName":"Deputado Vander","url":"https:\/\/vanderloubet.com.br\/deputado\/","logo":{"@type":"ImageObject","inLanguage":"pt-BR","@id":"https:\/\/vanderloubet.com.br\/deputado\/#\/schema\/logo\/image\/","url":"https:\/\/vanderloubet.com.br\/deputado\/wp-content\/uploads\/2023\/06\/foto-2023-06-19-mandato-deputado-vander.jpg","contentUrl":"https:\/\/vanderloubet.com.br\/deputado\/wp-content\/uploads\/2023\/06\/foto-2023-06-19-mandato-deputado-vander.jpg","width":1080,"height":1080,"caption":"Deputado Federal Vander Loubet"},"image":{"@id":"https:\/\/vanderloubet.com.br\/deputado\/#\/schema\/logo\/image\/"},"sameAs":["https:\/\/facebook.com\/deputadovander","https:\/\/x.com\/vanderloubet","https:\/\/instagram.com\/vanderloubet","https:\/\/youtube.com\/vanderloubet","https:\/\/tiktok.com\/@vanderloubetms"]},{"@type":"Person","@id":"https:\/\/vanderloubet.com.br\/deputado\/#\/schema\/person\/15b51bd564532a8a68d9dec1b8eb890e","name":"\u00c9der","image":{"@type":"ImageObject","inLanguage":"pt-BR","@id":"https:\/\/vanderloubet.com.br\/deputado\/wp-content\/litespeed\/avatar\/88ca4090d9d5ab1c9495f6ca03b68efa.jpg?ver=1777058957","url":"https:\/\/vanderloubet.com.br\/deputado\/wp-content\/litespeed\/avatar\/88ca4090d9d5ab1c9495f6ca03b68efa.jpg?ver=1777058957","contentUrl":"https:\/\/vanderloubet.com.br\/deputado\/wp-content\/litespeed\/avatar\/88ca4090d9d5ab1c9495f6ca03b68efa.jpg?ver=1777058957","caption":"\u00c9der"}}]}},"jetpack_featured_media_url":"","jetpack_sharing_enabled":true,"_links":{"self":[{"href":"https:\/\/vanderloubet.com.br\/deputado\/wp-json\/wp\/v2\/posts\/5916","targetHints":{"allow":["GET"]}}],"collection":[{"href":"https:\/\/vanderloubet.com.br\/deputado\/wp-json\/wp\/v2\/posts"}],"about":[{"href":"https:\/\/vanderloubet.com.br\/deputado\/wp-json\/wp\/v2\/types\/post"}],"author":[{"embeddable":true,"href":"https:\/\/vanderloubet.com.br\/deputado\/wp-json\/wp\/v2\/users\/2"}],"replies":[{"embeddable":true,"href":"https:\/\/vanderloubet.com.br\/deputado\/wp-json\/wp\/v2\/comments?post=5916"}],"version-history":[{"count":0,"href":"https:\/\/vanderloubet.com.br\/deputado\/wp-json\/wp\/v2\/posts\/5916\/revisions"}],"wp:attachment":[{"href":"https:\/\/vanderloubet.com.br\/deputado\/wp-json\/wp\/v2\/media?parent=5916"}],"wp:term":[{"taxonomy":"category","embeddable":true,"href":"https:\/\/vanderloubet.com.br\/deputado\/wp-json\/wp\/v2\/categories?post=5916"},{"taxonomy":"post_tag","embeddable":true,"href":"https:\/\/vanderloubet.com.br\/deputado\/wp-json\/wp\/v2\/tags?post=5916"}],"curies":[{"name":"wp","href":"https:\/\/api.w.org\/{rel}","templated":true}]}}