{"id":5908,"date":"2012-11-27T11:53:59","date_gmt":"2012-11-27T15:53:59","guid":{"rendered":"http:\/\/www.deputadovander.com.br\/website\/?p=5908"},"modified":"2012-11-27T11:53:59","modified_gmt":"2012-11-27T15:53:59","slug":"asfalto-do-sol-nascente-e-compromisso-cumprido-de-vander-e-gallo-com-navirai","status":"publish","type":"post","link":"https:\/\/vanderloubet.com.br\/deputado\/asfalto-do-sol-nascente-e-compromisso-cumprido-de-vander-e-gallo-com-navirai\/","title":{"rendered":"Asfalto do Sol Nascente \u00e9 compromisso cumprido de Vander e Gallo com Navira\u00ed"},"content":{"rendered":"<figure id=\"attachment_4754\" aria-describedby=\"caption-attachment-4754\" style=\"width: 420px\" class=\"wp-caption aligncenter\"><a href=\"http:\/\/www.deputadovander.com.br\/website\/wp-content\/uploads\/2012\/03\/foto-2012-03-29-vereador-gallo-deputado-vander1.jpg\" target=\"_blank\"><img decoding=\"async\" class=\"size-medium wp-image-4754 \" title=\"foto-2012-03-29-vereador-gallo-deputado-vander\" src=\"http:\/\/www.deputadovander.com.br\/website\/wp-content\/uploads\/2012\/03\/foto-2012-03-29-vereador-gallo-deputado-vander1-420x322.jpg\" alt=\"Vereador Gallo e deputado Vander\" width=\"420\" height=\"322\" \/><\/a><figcaption id=\"caption-attachment-4754\" class=\"wp-caption-text\">Vereador Gallo e deputado Vander<\/figcaption><\/figure>\n<p>A obra da pavimenta\u00e7\u00e3o asf\u00e1ltica do Bairro Sol Nascente, em Navira\u00ed, segue em ritmo acelerado e os moradores de algumas ruas j\u00e1 est\u00e3o usufruindo do benef\u00edcio. Trata-se de mais uma a\u00e7\u00e3o do deputado federal Vander Loubet (PT-MS) no munic\u00edpio, que atendeu solicita\u00e7\u00e3o feita pelo vereador Jos\u00e9 Odair Gallo (PDT) e destinou emenda de R$ 2 milh\u00f5es para a concretiza\u00e7\u00e3o da a\u00e7\u00e3o, um anseio antigo da comunidade.<\/p>\n<p>Segundo Vander, que deve ir \u00e0 Navira\u00ed ainda este ano para acompanhar as obras, esse \u00e9 mais um compromisso cumprido junto a Gallo e \u00e0 popula\u00e7\u00e3o naviraiense. &#8220;O Gallo \u00e9 uma pessoa muito atenta \u00e0s demandas da cidade, por isso fa\u00e7o todo esfor\u00e7o poss\u00edvel para atender a popula\u00e7\u00e3o de Navira\u00ed atrav\u00e9s dele, porque sei que o que ele me traz corresponde ao desejo da popula\u00e7\u00e3o de Navira\u00ed&#8221;, afirmou Vander.<\/p>\n<p>J\u00e1 o vereador Gallo se queixou da maneira como algumas pessoas e lideran\u00e7as da cidade desacreditaram na possibilidade da obra acontecer e agora at\u00e9 querem assumir a paternidade do benef\u00edcio. &#8220;A exemplo de quando afirmei que a ilumina\u00e7\u00e3o do Est\u00e1dio Virot\u00e3o aconteceria, e aconteceu &#8211; tamb\u00e9m com o apoio do deputado Vander -, essa obra no Sol Nascente est\u00e1 se tornando realidade. O asfalto est\u00e1 sendo feito e infelizmente pessoas mal intencionadas, que duvidavam da obra e sem compromisso nenhum com a comunidade do Sol Nascente, tentam agora se fazerem respons\u00e1veis pela a\u00e7\u00e3o. Temos \u00e9 que agradecer ao Vander, que mais uma vez honrou com sua palavra&#8221;, desabafou.<\/p>\n<p>Gallo destacou que j\u00e1 conseguiu mais recursos para o bairro em sua \u00faltima ida \u00e0 Bras\u00edlia no m\u00eas passado com o prefeito eleito L\u00e9o Matos (PV), mas que vai aguardar a visita do deputado Vander \u00e0 Navira\u00ed para oficializar o an\u00fancio dos recursos juntamente com o vice-prefeito eleito Jair do PT.<\/p>\n<p><span style=\"font-size: 11px;\">(\u00c9der Yanaguita &#8211; Assessoria\/Dep.Vander, com informa\u00e7\u00f5es da Assessoria\/Ver.Gallo)<\/span><\/p>\n","protected":false},"excerpt":{"rendered":"<p>Obra, anseio antigo da comunidade, est\u00e1 recebendo investimento de R$ 2 milh\u00f5es viabilizados pelo deputado Vander.<\/p>\n","protected":false},"author":2,"featured_media":0,"comment_status":"closed","ping_status":"open","sticky":false,"template":"","format":"standard","meta":{"jetpack_post_was_ever_published":false,"_jetpack_newsletter_access":"","_jetpack_dont_email_post_to_subs":false,"_jetpack_newsletter_tier_id":0,"_jetpack_memberships_contains_paywalled_content":false,"_jetpack_memberships_contains_paid_content":false,"footnotes":""},"categories":[10],"tags":[190,234,709,900,1358,1366,1408,1507,1882,2047],"class_list":{"0":"post-5908","1":"post","2":"type-post","3":"status-publish","4":"format-standard","6":"category-noticias","7":"tag-asfalto","8":"tag-bairro","9":"tag-emenda","10":"tag-gallo","11":"tag-nascente","12":"tag-navirai","13":"tag-obra","14":"tag-pavimentacao","15":"tag-sol","16":"tag-vereador"},"yoast_head":"<!-- This site is optimized with the Yoast SEO plugin v27.4 - https:\/\/yoast.com\/product\/yoast-seo-wordpress\/ -->\n<title>Asfalto do Sol Nascente \u00e9 compromisso cumprido de Vander e Gallo com Navira\u00ed<\/title>\n<meta name=\"robots\" content=\"index, follow, max-snippet:-1, max-image-preview:large, max-video-preview:-1\" \/>\n<link rel=\"canonical\" href=\"https:\/\/vanderloubet.com.br\/deputado\/asfalto-do-sol-nascente-e-compromisso-cumprido-de-vander-e-gallo-com-navirai\/\" \/>\n<meta property=\"og:locale\" content=\"pt_BR\" \/>\n<meta property=\"og:type\" content=\"article\" \/>\n<meta property=\"og:title\" content=\"Asfalto do Sol Nascente \u00e9 compromisso cumprido de Vander e Gallo com Navira\u00ed\" \/>\n<meta property=\"og:description\" content=\"Obra, anseio antigo da comunidade, est\u00e1 recebendo investimento de R$ 2 milh\u00f5es viabilizados pelo deputado Vander.\" \/>\n<meta property=\"og:url\" content=\"https:\/\/vanderloubet.com.br\/deputado\/asfalto-do-sol-nascente-e-compromisso-cumprido-de-vander-e-gallo-com-navirai\/\" \/>\n<meta property=\"og:site_name\" content=\"Deputado Federal Vander Loubet\" \/>\n<meta property=\"article:publisher\" content=\"https:\/\/facebook.com\/deputadovander\" \/>\n<meta property=\"article:published_time\" content=\"2012-11-27T15:53:59+00:00\" \/>\n<meta property=\"og:image\" content=\"http:\/\/www.deputadovander.com.br\/website\/wp-content\/uploads\/2012\/03\/foto-2012-03-29-vereador-gallo-deputado-vander1-420x322.jpg\" \/>\n<meta name=\"author\" content=\"\u00c9der\" \/>\n<meta name=\"twitter:card\" content=\"summary_large_image\" \/>\n<meta name=\"twitter:creator\" content=\"@vanderloubet\" \/>\n<meta name=\"twitter:site\" content=\"@vanderloubet\" \/>\n<script type=\"application\/ld+json\" class=\"yoast-schema-graph\">{\"@context\":\"https:\\\/\\\/schema.org\",\"@graph\":[{\"@type\":\"Article\",\"@id\":\"https:\\\/\\\/vanderloubet.com.br\\\/deputado\\\/asfalto-do-sol-nascente-e-compromisso-cumprido-de-vander-e-gallo-com-navirai\\\/#article\",\"isPartOf\":{\"@id\":\"https:\\\/\\\/vanderloubet.com.br\\\/deputado\\\/asfalto-do-sol-nascente-e-compromisso-cumprido-de-vander-e-gallo-com-navirai\\\/\"},\"author\":{\"name\":\"\u00c9der\",\"@id\":\"https:\\\/\\\/vanderloubet.com.br\\\/deputado\\\/#\\\/schema\\\/person\\\/15b51bd564532a8a68d9dec1b8eb890e\"},\"headline\":\"Asfalto do Sol Nascente \u00e9 compromisso cumprido de Vander e Gallo com Navira\u00ed\",\"datePublished\":\"2012-11-27T15:53:59+00:00\",\"mainEntityOfPage\":{\"@id\":\"https:\\\/\\\/vanderloubet.com.br\\\/deputado\\\/asfalto-do-sol-nascente-e-compromisso-cumprido-de-vander-e-gallo-com-navirai\\\/\"},\"wordCount\":352,\"publisher\":{\"@id\":\"https:\\\/\\\/vanderloubet.com.br\\\/deputado\\\/#organization\"},\"image\":{\"@id\":\"https:\\\/\\\/vanderloubet.com.br\\\/deputado\\\/asfalto-do-sol-nascente-e-compromisso-cumprido-de-vander-e-gallo-com-navirai\\\/#primaryimage\"},\"thumbnailUrl\":\"http:\\\/\\\/www.deputadovander.com.br\\\/website\\\/wp-content\\\/uploads\\\/2012\\\/03\\\/foto-2012-03-29-vereador-gallo-deputado-vander1-420x322.jpg\",\"keywords\":[\"asfalto\",\"bairro\",\"emenda\",\"gallo\",\"nascente\",\"navira\u00ed\",\"obra\",\"pavimenta\u00e7\u00e3o\",\"sol\",\"vereador\"],\"articleSection\":[\"Not\u00edcias\"],\"inLanguage\":\"pt-BR\"},{\"@type\":\"WebPage\",\"@id\":\"https:\\\/\\\/vanderloubet.com.br\\\/deputado\\\/asfalto-do-sol-nascente-e-compromisso-cumprido-de-vander-e-gallo-com-navirai\\\/\",\"url\":\"https:\\\/\\\/vanderloubet.com.br\\\/deputado\\\/asfalto-do-sol-nascente-e-compromisso-cumprido-de-vander-e-gallo-com-navirai\\\/\",\"name\":\"Asfalto do Sol Nascente \u00e9 compromisso cumprido de Vander e Gallo com Navira\u00ed\",\"isPartOf\":{\"@id\":\"https:\\\/\\\/vanderloubet.com.br\\\/deputado\\\/#website\"},\"primaryImageOfPage\":{\"@id\":\"https:\\\/\\\/vanderloubet.com.br\\\/deputado\\\/asfalto-do-sol-nascente-e-compromisso-cumprido-de-vander-e-gallo-com-navirai\\\/#primaryimage\"},\"image\":{\"@id\":\"https:\\\/\\\/vanderloubet.com.br\\\/deputado\\\/asfalto-do-sol-nascente-e-compromisso-cumprido-de-vander-e-gallo-com-navirai\\\/#primaryimage\"},\"thumbnailUrl\":\"http:\\\/\\\/www.deputadovander.com.br\\\/website\\\/wp-content\\\/uploads\\\/2012\\\/03\\\/foto-2012-03-29-vereador-gallo-deputado-vander1-420x322.jpg\",\"datePublished\":\"2012-11-27T15:53:59+00:00\",\"breadcrumb\":{\"@id\":\"https:\\\/\\\/vanderloubet.com.br\\\/deputado\\\/asfalto-do-sol-nascente-e-compromisso-cumprido-de-vander-e-gallo-com-navirai\\\/#breadcrumb\"},\"inLanguage\":\"pt-BR\",\"potentialAction\":[{\"@type\":\"ReadAction\",\"target\":[\"https:\\\/\\\/vanderloubet.com.br\\\/deputado\\\/asfalto-do-sol-nascente-e-compromisso-cumprido-de-vander-e-gallo-com-navirai\\\/\"]}]},{\"@type\":\"ImageObject\",\"inLanguage\":\"pt-BR\",\"@id\":\"https:\\\/\\\/vanderloubet.com.br\\\/deputado\\\/asfalto-do-sol-nascente-e-compromisso-cumprido-de-vander-e-gallo-com-navirai\\\/#primaryimage\",\"url\":\"http:\\\/\\\/www.deputadovander.com.br\\\/website\\\/wp-content\\\/uploads\\\/2012\\\/03\\\/foto-2012-03-29-vereador-gallo-deputado-vander1-420x322.jpg\",\"contentUrl\":\"http:\\\/\\\/www.deputadovander.com.br\\\/website\\\/wp-content\\\/uploads\\\/2012\\\/03\\\/foto-2012-03-29-vereador-gallo-deputado-vander1-420x322.jpg\"},{\"@type\":\"BreadcrumbList\",\"@id\":\"https:\\\/\\\/vanderloubet.com.br\\\/deputado\\\/asfalto-do-sol-nascente-e-compromisso-cumprido-de-vander-e-gallo-com-navirai\\\/#breadcrumb\",\"itemListElement\":[{\"@type\":\"ListItem\",\"position\":1,\"name\":\"In\u00edcio\",\"item\":\"https:\\\/\\\/vanderloubet.com.br\\\/deputado\\\/\"},{\"@type\":\"ListItem\",\"position\":2,\"name\":\"Asfalto do Sol Nascente \u00e9 compromisso cumprido de Vander e Gallo com Navira\u00ed\"}]},{\"@type\":\"WebSite\",\"@id\":\"https:\\\/\\\/vanderloubet.com.br\\\/deputado\\\/#website\",\"url\":\"https:\\\/\\\/vanderloubet.com.br\\\/deputado\\\/\",\"name\":\"Deputado Federal Vander Loubet\",\"description\":\"O Federal de MS\",\"publisher\":{\"@id\":\"https:\\\/\\\/vanderloubet.com.br\\\/deputado\\\/#organization\"},\"alternateName\":\"Deputado Vander\",\"potentialAction\":[{\"@type\":\"SearchAction\",\"target\":{\"@type\":\"EntryPoint\",\"urlTemplate\":\"https:\\\/\\\/vanderloubet.com.br\\\/deputado\\\/?s={search_term_string}\"},\"query-input\":{\"@type\":\"PropertyValueSpecification\",\"valueRequired\":true,\"valueName\":\"search_term_string\"}}],\"inLanguage\":\"pt-BR\"},{\"@type\":\"Organization\",\"@id\":\"https:\\\/\\\/vanderloubet.com.br\\\/deputado\\\/#organization\",\"name\":\"Deputado Federal Vander Loubet\",\"alternateName\":\"Deputado Vander\",\"url\":\"https:\\\/\\\/vanderloubet.com.br\\\/deputado\\\/\",\"logo\":{\"@type\":\"ImageObject\",\"inLanguage\":\"pt-BR\",\"@id\":\"https:\\\/\\\/vanderloubet.com.br\\\/deputado\\\/#\\\/schema\\\/logo\\\/image\\\/\",\"url\":\"https:\\\/\\\/vanderloubet.com.br\\\/deputado\\\/wp-content\\\/uploads\\\/2023\\\/06\\\/foto-2023-06-19-mandato-deputado-vander.jpg\",\"contentUrl\":\"https:\\\/\\\/vanderloubet.com.br\\\/deputado\\\/wp-content\\\/uploads\\\/2023\\\/06\\\/foto-2023-06-19-mandato-deputado-vander.jpg\",\"width\":1080,\"height\":1080,\"caption\":\"Deputado Federal Vander Loubet\"},\"image\":{\"@id\":\"https:\\\/\\\/vanderloubet.com.br\\\/deputado\\\/#\\\/schema\\\/logo\\\/image\\\/\"},\"sameAs\":[\"https:\\\/\\\/facebook.com\\\/deputadovander\",\"https:\\\/\\\/x.com\\\/vanderloubet\",\"https:\\\/\\\/instagram.com\\\/vanderloubet\",\"https:\\\/\\\/youtube.com\\\/vanderloubet\",\"https:\\\/\\\/tiktok.com\\\/@vanderloubetms\"]},{\"@type\":\"Person\",\"@id\":\"https:\\\/\\\/vanderloubet.com.br\\\/deputado\\\/#\\\/schema\\\/person\\\/15b51bd564532a8a68d9dec1b8eb890e\",\"name\":\"\u00c9der\",\"image\":{\"@type\":\"ImageObject\",\"inLanguage\":\"pt-BR\",\"@id\":\"https:\\\/\\\/vanderloubet.com.br\\\/deputado\\\/wp-content\\\/litespeed\\\/avatar\\\/88ca4090d9d5ab1c9495f6ca03b68efa.jpg?ver=1777058957\",\"url\":\"https:\\\/\\\/vanderloubet.com.br\\\/deputado\\\/wp-content\\\/litespeed\\\/avatar\\\/88ca4090d9d5ab1c9495f6ca03b68efa.jpg?ver=1777058957\",\"contentUrl\":\"https:\\\/\\\/vanderloubet.com.br\\\/deputado\\\/wp-content\\\/litespeed\\\/avatar\\\/88ca4090d9d5ab1c9495f6ca03b68efa.jpg?ver=1777058957\",\"caption\":\"\u00c9der\"}}]}<\/script>\n<!-- \/ Yoast SEO plugin. -->","yoast_head_json":{"title":"Asfalto do Sol Nascente \u00e9 compromisso cumprido de Vander e Gallo com Navira\u00ed","robots":{"index":"index","follow":"follow","max-snippet":"max-snippet:-1","max-image-preview":"max-image-preview:large","max-video-preview":"max-video-preview:-1"},"canonical":"https:\/\/vanderloubet.com.br\/deputado\/asfalto-do-sol-nascente-e-compromisso-cumprido-de-vander-e-gallo-com-navirai\/","og_locale":"pt_BR","og_type":"article","og_title":"Asfalto do Sol Nascente \u00e9 compromisso cumprido de Vander e Gallo com Navira\u00ed","og_description":"Obra, anseio antigo da comunidade, est\u00e1 recebendo investimento de R$ 2 milh\u00f5es viabilizados pelo deputado Vander.","og_url":"https:\/\/vanderloubet.com.br\/deputado\/asfalto-do-sol-nascente-e-compromisso-cumprido-de-vander-e-gallo-com-navirai\/","og_site_name":"Deputado Federal Vander Loubet","article_publisher":"https:\/\/facebook.com\/deputadovander","article_published_time":"2012-11-27T15:53:59+00:00","og_image":[{"url":"http:\/\/www.deputadovander.com.br\/website\/wp-content\/uploads\/2012\/03\/foto-2012-03-29-vereador-gallo-deputado-vander1-420x322.jpg","type":"","width":"","height":""}],"author":"\u00c9der","twitter_card":"summary_large_image","twitter_creator":"@vanderloubet","twitter_site":"@vanderloubet","schema":{"@context":"https:\/\/schema.org","@graph":[{"@type":"Article","@id":"https:\/\/vanderloubet.com.br\/deputado\/asfalto-do-sol-nascente-e-compromisso-cumprido-de-vander-e-gallo-com-navirai\/#article","isPartOf":{"@id":"https:\/\/vanderloubet.com.br\/deputado\/asfalto-do-sol-nascente-e-compromisso-cumprido-de-vander-e-gallo-com-navirai\/"},"author":{"name":"\u00c9der","@id":"https:\/\/vanderloubet.com.br\/deputado\/#\/schema\/person\/15b51bd564532a8a68d9dec1b8eb890e"},"headline":"Asfalto do Sol Nascente \u00e9 compromisso cumprido de Vander e Gallo com Navira\u00ed","datePublished":"2012-11-27T15:53:59+00:00","mainEntityOfPage":{"@id":"https:\/\/vanderloubet.com.br\/deputado\/asfalto-do-sol-nascente-e-compromisso-cumprido-de-vander-e-gallo-com-navirai\/"},"wordCount":352,"publisher":{"@id":"https:\/\/vanderloubet.com.br\/deputado\/#organization"},"image":{"@id":"https:\/\/vanderloubet.com.br\/deputado\/asfalto-do-sol-nascente-e-compromisso-cumprido-de-vander-e-gallo-com-navirai\/#primaryimage"},"thumbnailUrl":"http:\/\/www.deputadovander.com.br\/website\/wp-content\/uploads\/2012\/03\/foto-2012-03-29-vereador-gallo-deputado-vander1-420x322.jpg","keywords":["asfalto","bairro","emenda","gallo","nascente","navira\u00ed","obra","pavimenta\u00e7\u00e3o","sol","vereador"],"articleSection":["Not\u00edcias"],"inLanguage":"pt-BR"},{"@type":"WebPage","@id":"https:\/\/vanderloubet.com.br\/deputado\/asfalto-do-sol-nascente-e-compromisso-cumprido-de-vander-e-gallo-com-navirai\/","url":"https:\/\/vanderloubet.com.br\/deputado\/asfalto-do-sol-nascente-e-compromisso-cumprido-de-vander-e-gallo-com-navirai\/","name":"Asfalto do Sol Nascente \u00e9 compromisso cumprido de Vander e Gallo com Navira\u00ed","isPartOf":{"@id":"https:\/\/vanderloubet.com.br\/deputado\/#website"},"primaryImageOfPage":{"@id":"https:\/\/vanderloubet.com.br\/deputado\/asfalto-do-sol-nascente-e-compromisso-cumprido-de-vander-e-gallo-com-navirai\/#primaryimage"},"image":{"@id":"https:\/\/vanderloubet.com.br\/deputado\/asfalto-do-sol-nascente-e-compromisso-cumprido-de-vander-e-gallo-com-navirai\/#primaryimage"},"thumbnailUrl":"http:\/\/www.deputadovander.com.br\/website\/wp-content\/uploads\/2012\/03\/foto-2012-03-29-vereador-gallo-deputado-vander1-420x322.jpg","datePublished":"2012-11-27T15:53:59+00:00","breadcrumb":{"@id":"https:\/\/vanderloubet.com.br\/deputado\/asfalto-do-sol-nascente-e-compromisso-cumprido-de-vander-e-gallo-com-navirai\/#breadcrumb"},"inLanguage":"pt-BR","potentialAction":[{"@type":"ReadAction","target":["https:\/\/vanderloubet.com.br\/deputado\/asfalto-do-sol-nascente-e-compromisso-cumprido-de-vander-e-gallo-com-navirai\/"]}]},{"@type":"ImageObject","inLanguage":"pt-BR","@id":"https:\/\/vanderloubet.com.br\/deputado\/asfalto-do-sol-nascente-e-compromisso-cumprido-de-vander-e-gallo-com-navirai\/#primaryimage","url":"http:\/\/www.deputadovander.com.br\/website\/wp-content\/uploads\/2012\/03\/foto-2012-03-29-vereador-gallo-deputado-vander1-420x322.jpg","contentUrl":"http:\/\/www.deputadovander.com.br\/website\/wp-content\/uploads\/2012\/03\/foto-2012-03-29-vereador-gallo-deputado-vander1-420x322.jpg"},{"@type":"BreadcrumbList","@id":"https:\/\/vanderloubet.com.br\/deputado\/asfalto-do-sol-nascente-e-compromisso-cumprido-de-vander-e-gallo-com-navirai\/#breadcrumb","itemListElement":[{"@type":"ListItem","position":1,"name":"In\u00edcio","item":"https:\/\/vanderloubet.com.br\/deputado\/"},{"@type":"ListItem","position":2,"name":"Asfalto do Sol Nascente \u00e9 compromisso cumprido de Vander e Gallo com Navira\u00ed"}]},{"@type":"WebSite","@id":"https:\/\/vanderloubet.com.br\/deputado\/#website","url":"https:\/\/vanderloubet.com.br\/deputado\/","name":"Deputado Federal Vander Loubet","description":"O Federal de MS","publisher":{"@id":"https:\/\/vanderloubet.com.br\/deputado\/#organization"},"alternateName":"Deputado Vander","potentialAction":[{"@type":"SearchAction","target":{"@type":"EntryPoint","urlTemplate":"https:\/\/vanderloubet.com.br\/deputado\/?s={search_term_string}"},"query-input":{"@type":"PropertyValueSpecification","valueRequired":true,"valueName":"search_term_string"}}],"inLanguage":"pt-BR"},{"@type":"Organization","@id":"https:\/\/vanderloubet.com.br\/deputado\/#organization","name":"Deputado Federal Vander Loubet","alternateName":"Deputado Vander","url":"https:\/\/vanderloubet.com.br\/deputado\/","logo":{"@type":"ImageObject","inLanguage":"pt-BR","@id":"https:\/\/vanderloubet.com.br\/deputado\/#\/schema\/logo\/image\/","url":"https:\/\/vanderloubet.com.br\/deputado\/wp-content\/uploads\/2023\/06\/foto-2023-06-19-mandato-deputado-vander.jpg","contentUrl":"https:\/\/vanderloubet.com.br\/deputado\/wp-content\/uploads\/2023\/06\/foto-2023-06-19-mandato-deputado-vander.jpg","width":1080,"height":1080,"caption":"Deputado Federal Vander Loubet"},"image":{"@id":"https:\/\/vanderloubet.com.br\/deputado\/#\/schema\/logo\/image\/"},"sameAs":["https:\/\/facebook.com\/deputadovander","https:\/\/x.com\/vanderloubet","https:\/\/instagram.com\/vanderloubet","https:\/\/youtube.com\/vanderloubet","https:\/\/tiktok.com\/@vanderloubetms"]},{"@type":"Person","@id":"https:\/\/vanderloubet.com.br\/deputado\/#\/schema\/person\/15b51bd564532a8a68d9dec1b8eb890e","name":"\u00c9der","image":{"@type":"ImageObject","inLanguage":"pt-BR","@id":"https:\/\/vanderloubet.com.br\/deputado\/wp-content\/litespeed\/avatar\/88ca4090d9d5ab1c9495f6ca03b68efa.jpg?ver=1777058957","url":"https:\/\/vanderloubet.com.br\/deputado\/wp-content\/litespeed\/avatar\/88ca4090d9d5ab1c9495f6ca03b68efa.jpg?ver=1777058957","contentUrl":"https:\/\/vanderloubet.com.br\/deputado\/wp-content\/litespeed\/avatar\/88ca4090d9d5ab1c9495f6ca03b68efa.jpg?ver=1777058957","caption":"\u00c9der"}}]}},"jetpack_featured_media_url":"","jetpack_sharing_enabled":true,"_links":{"self":[{"href":"https:\/\/vanderloubet.com.br\/deputado\/wp-json\/wp\/v2\/posts\/5908","targetHints":{"allow":["GET"]}}],"collection":[{"href":"https:\/\/vanderloubet.com.br\/deputado\/wp-json\/wp\/v2\/posts"}],"about":[{"href":"https:\/\/vanderloubet.com.br\/deputado\/wp-json\/wp\/v2\/types\/post"}],"author":[{"embeddable":true,"href":"https:\/\/vanderloubet.com.br\/deputado\/wp-json\/wp\/v2\/users\/2"}],"replies":[{"embeddable":true,"href":"https:\/\/vanderloubet.com.br\/deputado\/wp-json\/wp\/v2\/comments?post=5908"}],"version-history":[{"count":0,"href":"https:\/\/vanderloubet.com.br\/deputado\/wp-json\/wp\/v2\/posts\/5908\/revisions"}],"wp:attachment":[{"href":"https:\/\/vanderloubet.com.br\/deputado\/wp-json\/wp\/v2\/media?parent=5908"}],"wp:term":[{"taxonomy":"category","embeddable":true,"href":"https:\/\/vanderloubet.com.br\/deputado\/wp-json\/wp\/v2\/categories?post=5908"},{"taxonomy":"post_tag","embeddable":true,"href":"https:\/\/vanderloubet.com.br\/deputado\/wp-json\/wp\/v2\/tags?post=5908"}],"curies":[{"name":"wp","href":"https:\/\/api.w.org\/{rel}","templated":true}]}}