{"id":5899,"date":"2012-11-26T10:31:29","date_gmt":"2012-11-26T14:31:29","guid":{"rendered":"http:\/\/www.deputadovander.com.br\/website\/?p=5899"},"modified":"2012-11-26T10:31:29","modified_gmt":"2012-11-26T14:31:29","slug":"em-palestra-para-empresarios-vander-destaca-forca-do-comercio-e-servicos","status":"publish","type":"post","link":"https:\/\/vanderloubet.com.br\/deputado\/em-palestra-para-empresarios-vander-destaca-forca-do-comercio-e-servicos\/","title":{"rendered":"Em palestra para empres\u00e1rios, Vander destaca for\u00e7a do com\u00e9rcio e servi\u00e7os"},"content":{"rendered":"<figure id=\"attachment_5900\" aria-describedby=\"caption-attachment-5900\" style=\"width: 420px\" class=\"wp-caption aligncenter\"><a href=\"http:\/\/www.deputadovander.com.br\/website\/wp-content\/uploads\/2012\/11\/foto-2012-11-23-vander-congresso-faems-01.jpg\" target=\"_blank\"><img decoding=\"async\" class=\" wp-image-5900 \" title=\"foto-2012-11-23-vander-congresso-faems-01\" src=\"http:\/\/www.deputadovander.com.br\/website\/wp-content\/uploads\/2012\/11\/foto-2012-11-23-vander-congresso-faems-01-420x280.jpg\" alt=\"Deputado Vander durante 3\u00ba Congresso da Faems\" width=\"420\" height=\"280\" \/><\/a><figcaption id=\"caption-attachment-5900\" class=\"wp-caption-text\">Deputado Vander durante 3\u00ba Congresso da Faems<\/figcaption><\/figure>\n<p>Na \u00faltima sexta-feira (23), o deputado federal Vander Loubet (PT-MS) participou, em Campo Grande (MS), do 3\u00ba Congresso da Federa\u00e7\u00e3o das Associa\u00e7\u00f5es Empresariais de Mato Grosso do Sul (Faems), cujo tema foi Competitividade &amp; Tecnologia. Aos principais executivos e colaboradores das associa\u00e7\u00f5es comerciais e lideran\u00e7as empresariais de todas as regi\u00f5es do estado, o parlamentar ministrou uma palestra onde abordou quest\u00f5es do cen\u00e1rio nacional da pol\u00edtica que influenciam esse setor da economia.<\/p>\n<p>Vander citou os recentes esfor\u00e7os do governo federal para reduzir a carga tribut\u00e1ria incidente sobre as empresas, especialmente as micro e pequenas, como a lei que alterou o Supersimples (para que mais empresas pudessem se enquadrar no regime simplificado de tributos) e o programa Microempreendedor Individual. Tamb\u00e9m est\u00e1 nesse &#8220;pacote&#8221; a redu\u00e7\u00e3o da tarifa de energia anunciada para 2013.<\/p>\n<p>O deputado tamb\u00e9m destacou o Programa de Investimentos em Log\u00edstica: Rodovias e Ferrovias, lan\u00e7ado pela presidenta Dilma Rousseff em agosto deste ano, que prev\u00ea investimentos de R$ 133 bilh\u00f5es para a moderniza\u00e7\u00e3o e amplia\u00e7\u00e3o da malha rodovi\u00e1ria e ferrovi\u00e1ria do Pa\u00eds. Segundo Vander, recuperar e melhorar a log\u00edstica nacional \u00e9 um fator essencial para melhorar a competitividade de todos os setores econ\u00f4micos.<\/p>\n<p><strong>Mais renda<\/strong><\/p>\n<p>Outro ponto abordado por Vander foi a melhoria da renda da popula\u00e7\u00e3o nos \u00faltimos 10 anos. O parlamentar avaliou que a pol\u00edtica iniciada com o e-presidente Lula e mantida por Dilma &#8211; que incluiu o fortalecimento do poder de consumo das fam\u00edlias &#8211; foi fundamental para o crescimento da economia e para minimizar os efeitos da crise internacional em territ\u00f3rio brasileiro.<\/p>\n<p>&#8220;Melhorou a vida das pessoas, especialmente dos menos favorecidos. Retiramos 28 milh\u00f5es de pessoas da pobreza absoluta e inclu\u00edmos 36 milh\u00f5es na classe m\u00e9dia. Geramos emprego e renda: de 2003 at\u00e9 este ano foram 18 milh\u00f5es de empregos com carteira assinada. Fortalecemos o mercado interno. Investimos forte nas cidades com o PAC e o PAC 2. E combatemos os juros abusivos. Essas e outras medidas sem d\u00favida auxiliaram o crescimento da economia, o que foi muito bom para os setores da ind\u00fastria, com\u00e9rcio e servi\u00e7os&#8221;, avaliou.<\/p>\n<figure id=\"attachment_5901\" aria-describedby=\"caption-attachment-5901\" style=\"width: 420px\" class=\"wp-caption aligncenter\"><a href=\"http:\/\/www.deputadovander.com.br\/website\/wp-content\/uploads\/2012\/11\/foto-2012-11-23-vander-congresso-faems-02.jpg\" target=\"_blank\"><img decoding=\"async\" class=\"size-medium wp-image-5901 \" title=\"foto-2012-11-23-vander-congresso-faems-02\" src=\"http:\/\/www.deputadovander.com.br\/website\/wp-content\/uploads\/2012\/11\/foto-2012-11-23-vander-congresso-faems-02-420x280.jpg\" alt=\"Vander defendeu que classe se articule politicamente\" width=\"420\" height=\"280\" \/><\/a><figcaption id=\"caption-attachment-5901\" class=\"wp-caption-text\">Vander defendeu que classe se articule politicamente<\/figcaption><\/figure>\n<p><strong>Articula\u00e7\u00e3o<\/strong><\/p>\n<p>Durante sua fala aos empres\u00e1rios, o deputado Vander tamb\u00e9m abordou quest\u00f5es que tramitam no Congresso Nacional e no Executivo, como a reforma tribut\u00e1ria e as propostas de al\u00edquotas unificadas de ICMS. De acordo com o parlamentar, s\u00e3o temas que passam por intensos debates por envolverem muitos interesses e que por isso nem sempre caminham com a velocidade desejada.<\/p>\n<p>&#8220;Nesse tipo de debate todos os lados precisam ceder para se chegar a um consenso. O problema \u00e9 que quando se fala em perda, ningu\u00e9m quer perder. \u00c9 o que acontece nos casos da reforma tribut\u00e1ria e do ICMS. Cada governador defende os interesses do Estado que governa e por isso acabam ocorrendo quedas de bra\u00e7o. Como deputado sei que a sociedade cobra o encaminhamento desses assuntos, mas \u00e9 necess\u00e1rio entender que n\u00e3o \u00e9 um processo f\u00e1cil&#8221;, explicou.<\/p>\n<p>Vander tamb\u00e9m frisou que o setor de com\u00e9rcio e servi\u00e7os atualmente \u00e9 o mais importante da economia de Mato Grosso do Sul por ser o principal gerador de emprego e renda e de arrecada\u00e7\u00e3o de tributos e que por isso a classe empresarial deve, cada vez mais, se fortalecer e se articular para defender o setor junto aos governos.<\/p>\n<p>&#8220;A Fiems, que representa a ind\u00fastria, \u00e9 uma grande institui\u00e7\u00e3o porque soube se articular politicamente. E acredito que a Faems precisa fazer o mesmo, at\u00e9 porque representa o setor mais importante da economia no momento. N\u00e3o estou falando de pol\u00edtica partid\u00e1ria, estou falando de pol\u00edtica de rela\u00e7\u00e3o, de construir uma rede que possa batalhar por benef\u00edcios para o com\u00e9rcio e servi\u00e7os. Esse \u00e9 o caminho para que o setor, cada vez mais, se fa\u00e7a ouvir nas c\u00e2maras municipais, na Assembl\u00e9ia Legislativa e no Congresso Nacional&#8221;, defendeu Vander.<\/p>\n<p><span style=\"font-size: 11px;\">(\u00c9der Yanaguita &#8211; Assessoria\/Deputado Vander)<\/span><\/p>\n","protected":false},"excerpt":{"rendered":"<p>No congresso da Faems o deputado abordou quest\u00f5es do cen\u00e1rio nacional da pol\u00edtica que influenciam a economia.<\/p>\n","protected":false},"author":2,"featured_media":0,"comment_status":"closed","ping_status":"open","sticky":false,"template":"","format":"standard","meta":{"jetpack_post_was_ever_published":false,"_jetpack_newsletter_access":"","_jetpack_dont_email_post_to_subs":false,"_jetpack_newsletter_tier_id":0,"_jetpack_memberships_contains_paywalled_content":false,"_jetpack_memberships_contains_paid_content":false,"footnotes":""},"categories":[10],"tags":[201,480,483,487,502,719,787,805,1170,1265,1832,1906,1916,1984],"class_list":{"0":"post-5899","1":"post","2":"type-post","3":"status-publish","4":"format-standard","6":"category-noticias","7":"tag-associacoes","8":"tag-comerciais","9":"tag-comercio","10":"tag-competitividade","11":"tag-congresso","12":"tag-energia","13":"tag-faems","14":"tag-federacao","15":"tag-logistica","16":"tag-mei","17":"tag-servicos","18":"tag-supersimples","19":"tag-tarifa","20":"tag-tributacao"},"yoast_head":"<!-- This site is optimized with the Yoast SEO plugin v27.4 - https:\/\/yoast.com\/product\/yoast-seo-wordpress\/ -->\n<title>Em palestra para empres\u00e1rios, Vander destaca for\u00e7a do com\u00e9rcio e servi\u00e7os<\/title>\n<meta name=\"robots\" content=\"index, follow, max-snippet:-1, max-image-preview:large, max-video-preview:-1\" \/>\n<link rel=\"canonical\" href=\"https:\/\/vanderloubet.com.br\/deputado\/em-palestra-para-empresarios-vander-destaca-forca-do-comercio-e-servicos\/\" \/>\n<meta property=\"og:locale\" content=\"pt_BR\" \/>\n<meta property=\"og:type\" content=\"article\" \/>\n<meta property=\"og:title\" content=\"Em palestra para empres\u00e1rios, Vander destaca for\u00e7a do com\u00e9rcio e servi\u00e7os\" \/>\n<meta property=\"og:description\" content=\"No congresso da Faems o deputado abordou quest\u00f5es do cen\u00e1rio nacional da pol\u00edtica que influenciam a economia.\" \/>\n<meta property=\"og:url\" content=\"https:\/\/vanderloubet.com.br\/deputado\/em-palestra-para-empresarios-vander-destaca-forca-do-comercio-e-servicos\/\" \/>\n<meta property=\"og:site_name\" content=\"Deputado Federal Vander Loubet\" \/>\n<meta property=\"article:publisher\" content=\"https:\/\/facebook.com\/deputadovander\" \/>\n<meta property=\"article:published_time\" content=\"2012-11-26T14:31:29+00:00\" \/>\n<meta property=\"og:image\" content=\"http:\/\/www.deputadovander.com.br\/website\/wp-content\/uploads\/2012\/11\/foto-2012-11-23-vander-congresso-faems-01-420x280.jpg\" \/>\n<meta name=\"author\" content=\"\u00c9der\" \/>\n<meta name=\"twitter:card\" content=\"summary_large_image\" \/>\n<meta name=\"twitter:creator\" content=\"@vanderloubet\" \/>\n<meta name=\"twitter:site\" content=\"@vanderloubet\" \/>\n<script type=\"application\/ld+json\" class=\"yoast-schema-graph\">{\"@context\":\"https:\\\/\\\/schema.org\",\"@graph\":[{\"@type\":\"Article\",\"@id\":\"https:\\\/\\\/vanderloubet.com.br\\\/deputado\\\/em-palestra-para-empresarios-vander-destaca-forca-do-comercio-e-servicos\\\/#article\",\"isPartOf\":{\"@id\":\"https:\\\/\\\/vanderloubet.com.br\\\/deputado\\\/em-palestra-para-empresarios-vander-destaca-forca-do-comercio-e-servicos\\\/\"},\"author\":{\"name\":\"\u00c9der\",\"@id\":\"https:\\\/\\\/vanderloubet.com.br\\\/deputado\\\/#\\\/schema\\\/person\\\/15b51bd564532a8a68d9dec1b8eb890e\"},\"headline\":\"Em palestra para empres\u00e1rios, Vander destaca for\u00e7a do com\u00e9rcio e servi\u00e7os\",\"datePublished\":\"2012-11-26T14:31:29+00:00\",\"mainEntityOfPage\":{\"@id\":\"https:\\\/\\\/vanderloubet.com.br\\\/deputado\\\/em-palestra-para-empresarios-vander-destaca-forca-do-comercio-e-servicos\\\/\"},\"wordCount\":720,\"publisher\":{\"@id\":\"https:\\\/\\\/vanderloubet.com.br\\\/deputado\\\/#organization\"},\"image\":{\"@id\":\"https:\\\/\\\/vanderloubet.com.br\\\/deputado\\\/em-palestra-para-empresarios-vander-destaca-forca-do-comercio-e-servicos\\\/#primaryimage\"},\"thumbnailUrl\":\"http:\\\/\\\/www.deputadovander.com.br\\\/website\\\/wp-content\\\/uploads\\\/2012\\\/11\\\/foto-2012-11-23-vander-congresso-faems-01-420x280.jpg\",\"keywords\":[\"associa\u00e7\u00f5es\",\"comerciais\",\"com\u00e9rcio\",\"competitividade\",\"congresso\",\"energia\",\"faems\",\"federa\u00e7\u00e3o\",\"log\u00edstica\",\"mei\",\"servi\u00e7os\",\"supersimples\",\"tarifa\",\"tributa\u00e7\u00e3o\"],\"articleSection\":[\"Not\u00edcias\"],\"inLanguage\":\"pt-BR\"},{\"@type\":\"WebPage\",\"@id\":\"https:\\\/\\\/vanderloubet.com.br\\\/deputado\\\/em-palestra-para-empresarios-vander-destaca-forca-do-comercio-e-servicos\\\/\",\"url\":\"https:\\\/\\\/vanderloubet.com.br\\\/deputado\\\/em-palestra-para-empresarios-vander-destaca-forca-do-comercio-e-servicos\\\/\",\"name\":\"Em palestra para empres\u00e1rios, Vander destaca for\u00e7a do com\u00e9rcio e servi\u00e7os\",\"isPartOf\":{\"@id\":\"https:\\\/\\\/vanderloubet.com.br\\\/deputado\\\/#website\"},\"primaryImageOfPage\":{\"@id\":\"https:\\\/\\\/vanderloubet.com.br\\\/deputado\\\/em-palestra-para-empresarios-vander-destaca-forca-do-comercio-e-servicos\\\/#primaryimage\"},\"image\":{\"@id\":\"https:\\\/\\\/vanderloubet.com.br\\\/deputado\\\/em-palestra-para-empresarios-vander-destaca-forca-do-comercio-e-servicos\\\/#primaryimage\"},\"thumbnailUrl\":\"http:\\\/\\\/www.deputadovander.com.br\\\/website\\\/wp-content\\\/uploads\\\/2012\\\/11\\\/foto-2012-11-23-vander-congresso-faems-01-420x280.jpg\",\"datePublished\":\"2012-11-26T14:31:29+00:00\",\"breadcrumb\":{\"@id\":\"https:\\\/\\\/vanderloubet.com.br\\\/deputado\\\/em-palestra-para-empresarios-vander-destaca-forca-do-comercio-e-servicos\\\/#breadcrumb\"},\"inLanguage\":\"pt-BR\",\"potentialAction\":[{\"@type\":\"ReadAction\",\"target\":[\"https:\\\/\\\/vanderloubet.com.br\\\/deputado\\\/em-palestra-para-empresarios-vander-destaca-forca-do-comercio-e-servicos\\\/\"]}]},{\"@type\":\"ImageObject\",\"inLanguage\":\"pt-BR\",\"@id\":\"https:\\\/\\\/vanderloubet.com.br\\\/deputado\\\/em-palestra-para-empresarios-vander-destaca-forca-do-comercio-e-servicos\\\/#primaryimage\",\"url\":\"http:\\\/\\\/www.deputadovander.com.br\\\/website\\\/wp-content\\\/uploads\\\/2012\\\/11\\\/foto-2012-11-23-vander-congresso-faems-01-420x280.jpg\",\"contentUrl\":\"http:\\\/\\\/www.deputadovander.com.br\\\/website\\\/wp-content\\\/uploads\\\/2012\\\/11\\\/foto-2012-11-23-vander-congresso-faems-01-420x280.jpg\"},{\"@type\":\"BreadcrumbList\",\"@id\":\"https:\\\/\\\/vanderloubet.com.br\\\/deputado\\\/em-palestra-para-empresarios-vander-destaca-forca-do-comercio-e-servicos\\\/#breadcrumb\",\"itemListElement\":[{\"@type\":\"ListItem\",\"position\":1,\"name\":\"In\u00edcio\",\"item\":\"https:\\\/\\\/vanderloubet.com.br\\\/deputado\\\/\"},{\"@type\":\"ListItem\",\"position\":2,\"name\":\"Em palestra para empres\u00e1rios, Vander destaca for\u00e7a do com\u00e9rcio e servi\u00e7os\"}]},{\"@type\":\"WebSite\",\"@id\":\"https:\\\/\\\/vanderloubet.com.br\\\/deputado\\\/#website\",\"url\":\"https:\\\/\\\/vanderloubet.com.br\\\/deputado\\\/\",\"name\":\"Deputado Federal Vander Loubet\",\"description\":\"O Federal de MS\",\"publisher\":{\"@id\":\"https:\\\/\\\/vanderloubet.com.br\\\/deputado\\\/#organization\"},\"alternateName\":\"Deputado Vander\",\"potentialAction\":[{\"@type\":\"SearchAction\",\"target\":{\"@type\":\"EntryPoint\",\"urlTemplate\":\"https:\\\/\\\/vanderloubet.com.br\\\/deputado\\\/?s={search_term_string}\"},\"query-input\":{\"@type\":\"PropertyValueSpecification\",\"valueRequired\":true,\"valueName\":\"search_term_string\"}}],\"inLanguage\":\"pt-BR\"},{\"@type\":\"Organization\",\"@id\":\"https:\\\/\\\/vanderloubet.com.br\\\/deputado\\\/#organization\",\"name\":\"Deputado Federal Vander Loubet\",\"alternateName\":\"Deputado Vander\",\"url\":\"https:\\\/\\\/vanderloubet.com.br\\\/deputado\\\/\",\"logo\":{\"@type\":\"ImageObject\",\"inLanguage\":\"pt-BR\",\"@id\":\"https:\\\/\\\/vanderloubet.com.br\\\/deputado\\\/#\\\/schema\\\/logo\\\/image\\\/\",\"url\":\"https:\\\/\\\/vanderloubet.com.br\\\/deputado\\\/wp-content\\\/uploads\\\/2023\\\/06\\\/foto-2023-06-19-mandato-deputado-vander.jpg\",\"contentUrl\":\"https:\\\/\\\/vanderloubet.com.br\\\/deputado\\\/wp-content\\\/uploads\\\/2023\\\/06\\\/foto-2023-06-19-mandato-deputado-vander.jpg\",\"width\":1080,\"height\":1080,\"caption\":\"Deputado Federal Vander Loubet\"},\"image\":{\"@id\":\"https:\\\/\\\/vanderloubet.com.br\\\/deputado\\\/#\\\/schema\\\/logo\\\/image\\\/\"},\"sameAs\":[\"https:\\\/\\\/facebook.com\\\/deputadovander\",\"https:\\\/\\\/x.com\\\/vanderloubet\",\"https:\\\/\\\/instagram.com\\\/vanderloubet\",\"https:\\\/\\\/youtube.com\\\/vanderloubet\",\"https:\\\/\\\/tiktok.com\\\/@vanderloubetms\"]},{\"@type\":\"Person\",\"@id\":\"https:\\\/\\\/vanderloubet.com.br\\\/deputado\\\/#\\\/schema\\\/person\\\/15b51bd564532a8a68d9dec1b8eb890e\",\"name\":\"\u00c9der\",\"image\":{\"@type\":\"ImageObject\",\"inLanguage\":\"pt-BR\",\"@id\":\"https:\\\/\\\/vanderloubet.com.br\\\/deputado\\\/wp-content\\\/litespeed\\\/avatar\\\/88ca4090d9d5ab1c9495f6ca03b68efa.jpg?ver=1777058957\",\"url\":\"https:\\\/\\\/vanderloubet.com.br\\\/deputado\\\/wp-content\\\/litespeed\\\/avatar\\\/88ca4090d9d5ab1c9495f6ca03b68efa.jpg?ver=1777058957\",\"contentUrl\":\"https:\\\/\\\/vanderloubet.com.br\\\/deputado\\\/wp-content\\\/litespeed\\\/avatar\\\/88ca4090d9d5ab1c9495f6ca03b68efa.jpg?ver=1777058957\",\"caption\":\"\u00c9der\"}}]}<\/script>\n<!-- \/ Yoast SEO plugin. -->","yoast_head_json":{"title":"Em palestra para empres\u00e1rios, Vander destaca for\u00e7a do com\u00e9rcio e servi\u00e7os","robots":{"index":"index","follow":"follow","max-snippet":"max-snippet:-1","max-image-preview":"max-image-preview:large","max-video-preview":"max-video-preview:-1"},"canonical":"https:\/\/vanderloubet.com.br\/deputado\/em-palestra-para-empresarios-vander-destaca-forca-do-comercio-e-servicos\/","og_locale":"pt_BR","og_type":"article","og_title":"Em palestra para empres\u00e1rios, Vander destaca for\u00e7a do com\u00e9rcio e servi\u00e7os","og_description":"No congresso da Faems o deputado abordou quest\u00f5es do cen\u00e1rio nacional da pol\u00edtica que influenciam a economia.","og_url":"https:\/\/vanderloubet.com.br\/deputado\/em-palestra-para-empresarios-vander-destaca-forca-do-comercio-e-servicos\/","og_site_name":"Deputado Federal Vander Loubet","article_publisher":"https:\/\/facebook.com\/deputadovander","article_published_time":"2012-11-26T14:31:29+00:00","og_image":[{"url":"http:\/\/www.deputadovander.com.br\/website\/wp-content\/uploads\/2012\/11\/foto-2012-11-23-vander-congresso-faems-01-420x280.jpg","type":"","width":"","height":""}],"author":"\u00c9der","twitter_card":"summary_large_image","twitter_creator":"@vanderloubet","twitter_site":"@vanderloubet","schema":{"@context":"https:\/\/schema.org","@graph":[{"@type":"Article","@id":"https:\/\/vanderloubet.com.br\/deputado\/em-palestra-para-empresarios-vander-destaca-forca-do-comercio-e-servicos\/#article","isPartOf":{"@id":"https:\/\/vanderloubet.com.br\/deputado\/em-palestra-para-empresarios-vander-destaca-forca-do-comercio-e-servicos\/"},"author":{"name":"\u00c9der","@id":"https:\/\/vanderloubet.com.br\/deputado\/#\/schema\/person\/15b51bd564532a8a68d9dec1b8eb890e"},"headline":"Em palestra para empres\u00e1rios, Vander destaca for\u00e7a do com\u00e9rcio e servi\u00e7os","datePublished":"2012-11-26T14:31:29+00:00","mainEntityOfPage":{"@id":"https:\/\/vanderloubet.com.br\/deputado\/em-palestra-para-empresarios-vander-destaca-forca-do-comercio-e-servicos\/"},"wordCount":720,"publisher":{"@id":"https:\/\/vanderloubet.com.br\/deputado\/#organization"},"image":{"@id":"https:\/\/vanderloubet.com.br\/deputado\/em-palestra-para-empresarios-vander-destaca-forca-do-comercio-e-servicos\/#primaryimage"},"thumbnailUrl":"http:\/\/www.deputadovander.com.br\/website\/wp-content\/uploads\/2012\/11\/foto-2012-11-23-vander-congresso-faems-01-420x280.jpg","keywords":["associa\u00e7\u00f5es","comerciais","com\u00e9rcio","competitividade","congresso","energia","faems","federa\u00e7\u00e3o","log\u00edstica","mei","servi\u00e7os","supersimples","tarifa","tributa\u00e7\u00e3o"],"articleSection":["Not\u00edcias"],"inLanguage":"pt-BR"},{"@type":"WebPage","@id":"https:\/\/vanderloubet.com.br\/deputado\/em-palestra-para-empresarios-vander-destaca-forca-do-comercio-e-servicos\/","url":"https:\/\/vanderloubet.com.br\/deputado\/em-palestra-para-empresarios-vander-destaca-forca-do-comercio-e-servicos\/","name":"Em palestra para empres\u00e1rios, Vander destaca for\u00e7a do com\u00e9rcio e servi\u00e7os","isPartOf":{"@id":"https:\/\/vanderloubet.com.br\/deputado\/#website"},"primaryImageOfPage":{"@id":"https:\/\/vanderloubet.com.br\/deputado\/em-palestra-para-empresarios-vander-destaca-forca-do-comercio-e-servicos\/#primaryimage"},"image":{"@id":"https:\/\/vanderloubet.com.br\/deputado\/em-palestra-para-empresarios-vander-destaca-forca-do-comercio-e-servicos\/#primaryimage"},"thumbnailUrl":"http:\/\/www.deputadovander.com.br\/website\/wp-content\/uploads\/2012\/11\/foto-2012-11-23-vander-congresso-faems-01-420x280.jpg","datePublished":"2012-11-26T14:31:29+00:00","breadcrumb":{"@id":"https:\/\/vanderloubet.com.br\/deputado\/em-palestra-para-empresarios-vander-destaca-forca-do-comercio-e-servicos\/#breadcrumb"},"inLanguage":"pt-BR","potentialAction":[{"@type":"ReadAction","target":["https:\/\/vanderloubet.com.br\/deputado\/em-palestra-para-empresarios-vander-destaca-forca-do-comercio-e-servicos\/"]}]},{"@type":"ImageObject","inLanguage":"pt-BR","@id":"https:\/\/vanderloubet.com.br\/deputado\/em-palestra-para-empresarios-vander-destaca-forca-do-comercio-e-servicos\/#primaryimage","url":"http:\/\/www.deputadovander.com.br\/website\/wp-content\/uploads\/2012\/11\/foto-2012-11-23-vander-congresso-faems-01-420x280.jpg","contentUrl":"http:\/\/www.deputadovander.com.br\/website\/wp-content\/uploads\/2012\/11\/foto-2012-11-23-vander-congresso-faems-01-420x280.jpg"},{"@type":"BreadcrumbList","@id":"https:\/\/vanderloubet.com.br\/deputado\/em-palestra-para-empresarios-vander-destaca-forca-do-comercio-e-servicos\/#breadcrumb","itemListElement":[{"@type":"ListItem","position":1,"name":"In\u00edcio","item":"https:\/\/vanderloubet.com.br\/deputado\/"},{"@type":"ListItem","position":2,"name":"Em palestra para empres\u00e1rios, Vander destaca for\u00e7a do com\u00e9rcio e servi\u00e7os"}]},{"@type":"WebSite","@id":"https:\/\/vanderloubet.com.br\/deputado\/#website","url":"https:\/\/vanderloubet.com.br\/deputado\/","name":"Deputado Federal Vander Loubet","description":"O Federal de MS","publisher":{"@id":"https:\/\/vanderloubet.com.br\/deputado\/#organization"},"alternateName":"Deputado Vander","potentialAction":[{"@type":"SearchAction","target":{"@type":"EntryPoint","urlTemplate":"https:\/\/vanderloubet.com.br\/deputado\/?s={search_term_string}"},"query-input":{"@type":"PropertyValueSpecification","valueRequired":true,"valueName":"search_term_string"}}],"inLanguage":"pt-BR"},{"@type":"Organization","@id":"https:\/\/vanderloubet.com.br\/deputado\/#organization","name":"Deputado Federal Vander Loubet","alternateName":"Deputado Vander","url":"https:\/\/vanderloubet.com.br\/deputado\/","logo":{"@type":"ImageObject","inLanguage":"pt-BR","@id":"https:\/\/vanderloubet.com.br\/deputado\/#\/schema\/logo\/image\/","url":"https:\/\/vanderloubet.com.br\/deputado\/wp-content\/uploads\/2023\/06\/foto-2023-06-19-mandato-deputado-vander.jpg","contentUrl":"https:\/\/vanderloubet.com.br\/deputado\/wp-content\/uploads\/2023\/06\/foto-2023-06-19-mandato-deputado-vander.jpg","width":1080,"height":1080,"caption":"Deputado Federal Vander Loubet"},"image":{"@id":"https:\/\/vanderloubet.com.br\/deputado\/#\/schema\/logo\/image\/"},"sameAs":["https:\/\/facebook.com\/deputadovander","https:\/\/x.com\/vanderloubet","https:\/\/instagram.com\/vanderloubet","https:\/\/youtube.com\/vanderloubet","https:\/\/tiktok.com\/@vanderloubetms"]},{"@type":"Person","@id":"https:\/\/vanderloubet.com.br\/deputado\/#\/schema\/person\/15b51bd564532a8a68d9dec1b8eb890e","name":"\u00c9der","image":{"@type":"ImageObject","inLanguage":"pt-BR","@id":"https:\/\/vanderloubet.com.br\/deputado\/wp-content\/litespeed\/avatar\/88ca4090d9d5ab1c9495f6ca03b68efa.jpg?ver=1777058957","url":"https:\/\/vanderloubet.com.br\/deputado\/wp-content\/litespeed\/avatar\/88ca4090d9d5ab1c9495f6ca03b68efa.jpg?ver=1777058957","contentUrl":"https:\/\/vanderloubet.com.br\/deputado\/wp-content\/litespeed\/avatar\/88ca4090d9d5ab1c9495f6ca03b68efa.jpg?ver=1777058957","caption":"\u00c9der"}}]}},"jetpack_featured_media_url":"","jetpack_sharing_enabled":true,"_links":{"self":[{"href":"https:\/\/vanderloubet.com.br\/deputado\/wp-json\/wp\/v2\/posts\/5899","targetHints":{"allow":["GET"]}}],"collection":[{"href":"https:\/\/vanderloubet.com.br\/deputado\/wp-json\/wp\/v2\/posts"}],"about":[{"href":"https:\/\/vanderloubet.com.br\/deputado\/wp-json\/wp\/v2\/types\/post"}],"author":[{"embeddable":true,"href":"https:\/\/vanderloubet.com.br\/deputado\/wp-json\/wp\/v2\/users\/2"}],"replies":[{"embeddable":true,"href":"https:\/\/vanderloubet.com.br\/deputado\/wp-json\/wp\/v2\/comments?post=5899"}],"version-history":[{"count":0,"href":"https:\/\/vanderloubet.com.br\/deputado\/wp-json\/wp\/v2\/posts\/5899\/revisions"}],"wp:attachment":[{"href":"https:\/\/vanderloubet.com.br\/deputado\/wp-json\/wp\/v2\/media?parent=5899"}],"wp:term":[{"taxonomy":"category","embeddable":true,"href":"https:\/\/vanderloubet.com.br\/deputado\/wp-json\/wp\/v2\/categories?post=5899"},{"taxonomy":"post_tag","embeddable":true,"href":"https:\/\/vanderloubet.com.br\/deputado\/wp-json\/wp\/v2\/tags?post=5899"}],"curies":[{"name":"wp","href":"https:\/\/api.w.org\/{rel}","templated":true}]}}