{"id":5893,"date":"2012-11-23T16:28:21","date_gmt":"2012-11-23T20:28:21","guid":{"rendered":"http:\/\/www.deputadovander.com.br\/website\/?p=5893"},"modified":"2012-11-23T16:28:21","modified_gmt":"2012-11-23T20:28:21","slug":"vander-e-homenageado-com-medalha-por-profissionais-da-policia-federal","status":"publish","type":"post","link":"https:\/\/vanderloubet.com.br\/deputado\/vander-e-homenageado-com-medalha-por-profissionais-da-policia-federal\/","title":{"rendered":"Vander \u00e9 homenageado com medalha por profissionais da Pol\u00edcia Federal"},"content":{"rendered":"<figure id=\"attachment_5894\" aria-describedby=\"caption-attachment-5894\" style=\"width: 420px\" class=\"wp-caption aligncenter\"><a href=\"http:\/\/www.deputadovander.com.br\/website\/wp-content\/uploads\/2012\/11\/foto-2012-11-21-vander-medalha-dpf.jpg\" target=\"_blank\"><img decoding=\"async\" class=\"size-medium wp-image-5894 \" title=\"foto-2012-11-21-vander-medalha-dpf\" src=\"http:\/\/www.deputadovander.com.br\/website\/wp-content\/uploads\/2012\/11\/foto-2012-11-21-vander-medalha-dpf-420x280.jpg\" alt=\"Deputado Vander ap\u00f3s receber medalha e diploma em solenidade da PF\" width=\"420\" height=\"280\" \/><\/a><figcaption id=\"caption-attachment-5894\" class=\"wp-caption-text\">Deputado Vander ap\u00f3s receber medalha e diploma em solenidade da PF<\/figcaption><\/figure>\n<p>Na noite da \u00faltima quarta-feira (21), a Pol\u00edcia Federal promoveu em Bras\u00edlia (DF), no sal\u00e3o de eventos Espa\u00e7o da Corte, uma solenidade pelo Dia do Policial Federal, comemorado em 16 de novembro. Na ocasi\u00e3o, entidades representativas da classe outorgaram a diversas autoridades e personalidades a Medalha Defer\u00eancia Policial Federal, criada para homenagear anualmente as pessoas que contribuem com o trabalho da Pol\u00edcia Federal e s\u00e3o \u00edcones dos princ\u00edpios e valores cultuados pela Institui\u00e7\u00e3o. Entre os homenageados estava o deputado federal Vander Loubet (PT-MS).<\/p>\n<p>Al\u00e9m de Vander, tamb\u00e9m foram agraciados pela Corpora\u00e7\u00e3o o ministro Joaquim Barbosa, presidente do Supremo Tribunal Federal (STF); o ministro Felix Fischer, presidente do Superior Tribunal de Justi\u00e7a (STJ); governadores e parlamentares.<\/p>\n<p>A Medalha Defer\u00eancia \u00e9 uma condecora\u00e7\u00e3o concedida em conjunto pela Central \u00danica dos Policiais Federais (Centrapol), Associa\u00e7\u00e3o Nacional dos Servidores da Pol\u00edcia Federal (Ansef), Associa\u00e7\u00e3o dos Peritos Criminais Federais (APCF), Sindicato dos Delegados de Pol\u00edcia Federal (Sindepol), Federa\u00e7\u00e3o Nacional dos Profissionais em Papiloscopia e Identifica\u00e7\u00e3o (Fenappi) e Diretoria Regional dos Policiais Federais no Distrito Federal (Diref).<\/p>\n<p><span style=\"font-size: 11px;\">(\u00c9der Yanaguita &#8211; Assessoria\/Deputado Vander)<\/span><\/p>\n","protected":false},"excerpt":{"rendered":"<p>Al\u00e9m do deputado de MS, tamb\u00e9m foram agraciados pela PF presidentes do STF e STJ, governadores e parlamentares.<\/p>\n","protected":false},"author":2,"featured_media":0,"comment_status":"closed","ping_status":"open","sticky":false,"template":"","format":"standard","meta":{"jetpack_post_was_ever_published":false,"_jetpack_newsletter_access":"","_jetpack_dont_email_post_to_subs":false,"_jetpack_newsletter_tier_id":0,"_jetpack_memberships_contains_paywalled_content":false,"_jetpack_memberships_contains_paid_content":false,"footnotes":""},"categories":[10],"tags":[143,153,413,495,587,594,640,807,816,968,1255,1543,1570,1574,1851],"class_list":{"0":"post-5893","1":"post","2":"type-post","3":"status-publish","4":"format-standard","6":"category-noticias","7":"tag-ansef","8":"tag-apcf","9":"tag-centrapol","10":"tag-condecoracao","11":"tag-deferencia","12":"tag-delegados","13":"tag-diref","14":"tag-federal","15":"tag-fenappi","16":"tag-homenagem","17":"tag-medalha","18":"tag-pf","19":"tag-policia","20":"tag-policial","21":"tag-sindepol"},"yoast_head":"<!-- This site is optimized with the Yoast SEO plugin v27.4 - https:\/\/yoast.com\/product\/yoast-seo-wordpress\/ -->\n<title>Vander \u00e9 homenageado com medalha por profissionais da Pol\u00edcia Federal<\/title>\n<meta name=\"robots\" content=\"index, follow, max-snippet:-1, max-image-preview:large, max-video-preview:-1\" \/>\n<link rel=\"canonical\" href=\"https:\/\/vanderloubet.com.br\/deputado\/vander-e-homenageado-com-medalha-por-profissionais-da-policia-federal\/\" \/>\n<meta property=\"og:locale\" content=\"pt_BR\" \/>\n<meta property=\"og:type\" content=\"article\" \/>\n<meta property=\"og:title\" content=\"Vander \u00e9 homenageado com medalha por profissionais da Pol\u00edcia Federal\" \/>\n<meta property=\"og:description\" content=\"Al\u00e9m do deputado de MS, tamb\u00e9m foram agraciados pela PF presidentes do STF e STJ, governadores e parlamentares.\" \/>\n<meta property=\"og:url\" content=\"https:\/\/vanderloubet.com.br\/deputado\/vander-e-homenageado-com-medalha-por-profissionais-da-policia-federal\/\" \/>\n<meta property=\"og:site_name\" content=\"Deputado Federal Vander Loubet\" \/>\n<meta property=\"article:publisher\" content=\"https:\/\/facebook.com\/deputadovander\" \/>\n<meta property=\"article:published_time\" content=\"2012-11-23T20:28:21+00:00\" \/>\n<meta property=\"og:image\" content=\"http:\/\/www.deputadovander.com.br\/website\/wp-content\/uploads\/2012\/11\/foto-2012-11-21-vander-medalha-dpf-420x280.jpg\" \/>\n<meta name=\"author\" content=\"\u00c9der\" \/>\n<meta name=\"twitter:card\" content=\"summary_large_image\" \/>\n<meta name=\"twitter:creator\" content=\"@vanderloubet\" \/>\n<meta name=\"twitter:site\" content=\"@vanderloubet\" \/>\n<script type=\"application\/ld+json\" class=\"yoast-schema-graph\">{\"@context\":\"https:\\\/\\\/schema.org\",\"@graph\":[{\"@type\":\"Article\",\"@id\":\"https:\\\/\\\/vanderloubet.com.br\\\/deputado\\\/vander-e-homenageado-com-medalha-por-profissionais-da-policia-federal\\\/#article\",\"isPartOf\":{\"@id\":\"https:\\\/\\\/vanderloubet.com.br\\\/deputado\\\/vander-e-homenageado-com-medalha-por-profissionais-da-policia-federal\\\/\"},\"author\":{\"name\":\"\u00c9der\",\"@id\":\"https:\\\/\\\/vanderloubet.com.br\\\/deputado\\\/#\\\/schema\\\/person\\\/15b51bd564532a8a68d9dec1b8eb890e\"},\"headline\":\"Vander \u00e9 homenageado com medalha por profissionais da Pol\u00edcia Federal\",\"datePublished\":\"2012-11-23T20:28:21+00:00\",\"mainEntityOfPage\":{\"@id\":\"https:\\\/\\\/vanderloubet.com.br\\\/deputado\\\/vander-e-homenageado-com-medalha-por-profissionais-da-policia-federal\\\/\"},\"wordCount\":225,\"publisher\":{\"@id\":\"https:\\\/\\\/vanderloubet.com.br\\\/deputado\\\/#organization\"},\"image\":{\"@id\":\"https:\\\/\\\/vanderloubet.com.br\\\/deputado\\\/vander-e-homenageado-com-medalha-por-profissionais-da-policia-federal\\\/#primaryimage\"},\"thumbnailUrl\":\"http:\\\/\\\/www.deputadovander.com.br\\\/website\\\/wp-content\\\/uploads\\\/2012\\\/11\\\/foto-2012-11-21-vander-medalha-dpf-420x280.jpg\",\"keywords\":[\"ansef\",\"apcf\",\"centrapol\",\"condecora\u00e7\u00e3o\",\"defer\u00eancia\",\"delegados\",\"diref\",\"federal\",\"fenappi\",\"homenagem\",\"medalha\",\"pf\",\"pol\u00edcia\",\"policial\",\"sindepol\"],\"articleSection\":[\"Not\u00edcias\"],\"inLanguage\":\"pt-BR\"},{\"@type\":\"WebPage\",\"@id\":\"https:\\\/\\\/vanderloubet.com.br\\\/deputado\\\/vander-e-homenageado-com-medalha-por-profissionais-da-policia-federal\\\/\",\"url\":\"https:\\\/\\\/vanderloubet.com.br\\\/deputado\\\/vander-e-homenageado-com-medalha-por-profissionais-da-policia-federal\\\/\",\"name\":\"Vander \u00e9 homenageado com medalha por profissionais da Pol\u00edcia Federal\",\"isPartOf\":{\"@id\":\"https:\\\/\\\/vanderloubet.com.br\\\/deputado\\\/#website\"},\"primaryImageOfPage\":{\"@id\":\"https:\\\/\\\/vanderloubet.com.br\\\/deputado\\\/vander-e-homenageado-com-medalha-por-profissionais-da-policia-federal\\\/#primaryimage\"},\"image\":{\"@id\":\"https:\\\/\\\/vanderloubet.com.br\\\/deputado\\\/vander-e-homenageado-com-medalha-por-profissionais-da-policia-federal\\\/#primaryimage\"},\"thumbnailUrl\":\"http:\\\/\\\/www.deputadovander.com.br\\\/website\\\/wp-content\\\/uploads\\\/2012\\\/11\\\/foto-2012-11-21-vander-medalha-dpf-420x280.jpg\",\"datePublished\":\"2012-11-23T20:28:21+00:00\",\"breadcrumb\":{\"@id\":\"https:\\\/\\\/vanderloubet.com.br\\\/deputado\\\/vander-e-homenageado-com-medalha-por-profissionais-da-policia-federal\\\/#breadcrumb\"},\"inLanguage\":\"pt-BR\",\"potentialAction\":[{\"@type\":\"ReadAction\",\"target\":[\"https:\\\/\\\/vanderloubet.com.br\\\/deputado\\\/vander-e-homenageado-com-medalha-por-profissionais-da-policia-federal\\\/\"]}]},{\"@type\":\"ImageObject\",\"inLanguage\":\"pt-BR\",\"@id\":\"https:\\\/\\\/vanderloubet.com.br\\\/deputado\\\/vander-e-homenageado-com-medalha-por-profissionais-da-policia-federal\\\/#primaryimage\",\"url\":\"http:\\\/\\\/www.deputadovander.com.br\\\/website\\\/wp-content\\\/uploads\\\/2012\\\/11\\\/foto-2012-11-21-vander-medalha-dpf-420x280.jpg\",\"contentUrl\":\"http:\\\/\\\/www.deputadovander.com.br\\\/website\\\/wp-content\\\/uploads\\\/2012\\\/11\\\/foto-2012-11-21-vander-medalha-dpf-420x280.jpg\"},{\"@type\":\"BreadcrumbList\",\"@id\":\"https:\\\/\\\/vanderloubet.com.br\\\/deputado\\\/vander-e-homenageado-com-medalha-por-profissionais-da-policia-federal\\\/#breadcrumb\",\"itemListElement\":[{\"@type\":\"ListItem\",\"position\":1,\"name\":\"In\u00edcio\",\"item\":\"https:\\\/\\\/vanderloubet.com.br\\\/deputado\\\/\"},{\"@type\":\"ListItem\",\"position\":2,\"name\":\"Vander \u00e9 homenageado com medalha por profissionais da Pol\u00edcia Federal\"}]},{\"@type\":\"WebSite\",\"@id\":\"https:\\\/\\\/vanderloubet.com.br\\\/deputado\\\/#website\",\"url\":\"https:\\\/\\\/vanderloubet.com.br\\\/deputado\\\/\",\"name\":\"Deputado Federal Vander Loubet\",\"description\":\"O Federal de MS\",\"publisher\":{\"@id\":\"https:\\\/\\\/vanderloubet.com.br\\\/deputado\\\/#organization\"},\"alternateName\":\"Deputado Vander\",\"potentialAction\":[{\"@type\":\"SearchAction\",\"target\":{\"@type\":\"EntryPoint\",\"urlTemplate\":\"https:\\\/\\\/vanderloubet.com.br\\\/deputado\\\/?s={search_term_string}\"},\"query-input\":{\"@type\":\"PropertyValueSpecification\",\"valueRequired\":true,\"valueName\":\"search_term_string\"}}],\"inLanguage\":\"pt-BR\"},{\"@type\":\"Organization\",\"@id\":\"https:\\\/\\\/vanderloubet.com.br\\\/deputado\\\/#organization\",\"name\":\"Deputado Federal Vander Loubet\",\"alternateName\":\"Deputado Vander\",\"url\":\"https:\\\/\\\/vanderloubet.com.br\\\/deputado\\\/\",\"logo\":{\"@type\":\"ImageObject\",\"inLanguage\":\"pt-BR\",\"@id\":\"https:\\\/\\\/vanderloubet.com.br\\\/deputado\\\/#\\\/schema\\\/logo\\\/image\\\/\",\"url\":\"https:\\\/\\\/vanderloubet.com.br\\\/deputado\\\/wp-content\\\/uploads\\\/2023\\\/06\\\/foto-2023-06-19-mandato-deputado-vander.jpg\",\"contentUrl\":\"https:\\\/\\\/vanderloubet.com.br\\\/deputado\\\/wp-content\\\/uploads\\\/2023\\\/06\\\/foto-2023-06-19-mandato-deputado-vander.jpg\",\"width\":1080,\"height\":1080,\"caption\":\"Deputado Federal Vander Loubet\"},\"image\":{\"@id\":\"https:\\\/\\\/vanderloubet.com.br\\\/deputado\\\/#\\\/schema\\\/logo\\\/image\\\/\"},\"sameAs\":[\"https:\\\/\\\/facebook.com\\\/deputadovander\",\"https:\\\/\\\/x.com\\\/vanderloubet\",\"https:\\\/\\\/instagram.com\\\/vanderloubet\",\"https:\\\/\\\/youtube.com\\\/vanderloubet\",\"https:\\\/\\\/tiktok.com\\\/@vanderloubetms\"]},{\"@type\":\"Person\",\"@id\":\"https:\\\/\\\/vanderloubet.com.br\\\/deputado\\\/#\\\/schema\\\/person\\\/15b51bd564532a8a68d9dec1b8eb890e\",\"name\":\"\u00c9der\",\"image\":{\"@type\":\"ImageObject\",\"inLanguage\":\"pt-BR\",\"@id\":\"https:\\\/\\\/vanderloubet.com.br\\\/deputado\\\/wp-content\\\/litespeed\\\/avatar\\\/88ca4090d9d5ab1c9495f6ca03b68efa.jpg?ver=1777058957\",\"url\":\"https:\\\/\\\/vanderloubet.com.br\\\/deputado\\\/wp-content\\\/litespeed\\\/avatar\\\/88ca4090d9d5ab1c9495f6ca03b68efa.jpg?ver=1777058957\",\"contentUrl\":\"https:\\\/\\\/vanderloubet.com.br\\\/deputado\\\/wp-content\\\/litespeed\\\/avatar\\\/88ca4090d9d5ab1c9495f6ca03b68efa.jpg?ver=1777058957\",\"caption\":\"\u00c9der\"}}]}<\/script>\n<!-- \/ Yoast SEO plugin. -->","yoast_head_json":{"title":"Vander \u00e9 homenageado com medalha por profissionais da Pol\u00edcia Federal","robots":{"index":"index","follow":"follow","max-snippet":"max-snippet:-1","max-image-preview":"max-image-preview:large","max-video-preview":"max-video-preview:-1"},"canonical":"https:\/\/vanderloubet.com.br\/deputado\/vander-e-homenageado-com-medalha-por-profissionais-da-policia-federal\/","og_locale":"pt_BR","og_type":"article","og_title":"Vander \u00e9 homenageado com medalha por profissionais da Pol\u00edcia Federal","og_description":"Al\u00e9m do deputado de MS, tamb\u00e9m foram agraciados pela PF presidentes do STF e STJ, governadores e parlamentares.","og_url":"https:\/\/vanderloubet.com.br\/deputado\/vander-e-homenageado-com-medalha-por-profissionais-da-policia-federal\/","og_site_name":"Deputado Federal Vander Loubet","article_publisher":"https:\/\/facebook.com\/deputadovander","article_published_time":"2012-11-23T20:28:21+00:00","og_image":[{"url":"http:\/\/www.deputadovander.com.br\/website\/wp-content\/uploads\/2012\/11\/foto-2012-11-21-vander-medalha-dpf-420x280.jpg","type":"","width":"","height":""}],"author":"\u00c9der","twitter_card":"summary_large_image","twitter_creator":"@vanderloubet","twitter_site":"@vanderloubet","schema":{"@context":"https:\/\/schema.org","@graph":[{"@type":"Article","@id":"https:\/\/vanderloubet.com.br\/deputado\/vander-e-homenageado-com-medalha-por-profissionais-da-policia-federal\/#article","isPartOf":{"@id":"https:\/\/vanderloubet.com.br\/deputado\/vander-e-homenageado-com-medalha-por-profissionais-da-policia-federal\/"},"author":{"name":"\u00c9der","@id":"https:\/\/vanderloubet.com.br\/deputado\/#\/schema\/person\/15b51bd564532a8a68d9dec1b8eb890e"},"headline":"Vander \u00e9 homenageado com medalha por profissionais da Pol\u00edcia Federal","datePublished":"2012-11-23T20:28:21+00:00","mainEntityOfPage":{"@id":"https:\/\/vanderloubet.com.br\/deputado\/vander-e-homenageado-com-medalha-por-profissionais-da-policia-federal\/"},"wordCount":225,"publisher":{"@id":"https:\/\/vanderloubet.com.br\/deputado\/#organization"},"image":{"@id":"https:\/\/vanderloubet.com.br\/deputado\/vander-e-homenageado-com-medalha-por-profissionais-da-policia-federal\/#primaryimage"},"thumbnailUrl":"http:\/\/www.deputadovander.com.br\/website\/wp-content\/uploads\/2012\/11\/foto-2012-11-21-vander-medalha-dpf-420x280.jpg","keywords":["ansef","apcf","centrapol","condecora\u00e7\u00e3o","defer\u00eancia","delegados","diref","federal","fenappi","homenagem","medalha","pf","pol\u00edcia","policial","sindepol"],"articleSection":["Not\u00edcias"],"inLanguage":"pt-BR"},{"@type":"WebPage","@id":"https:\/\/vanderloubet.com.br\/deputado\/vander-e-homenageado-com-medalha-por-profissionais-da-policia-federal\/","url":"https:\/\/vanderloubet.com.br\/deputado\/vander-e-homenageado-com-medalha-por-profissionais-da-policia-federal\/","name":"Vander \u00e9 homenageado com medalha por profissionais da Pol\u00edcia Federal","isPartOf":{"@id":"https:\/\/vanderloubet.com.br\/deputado\/#website"},"primaryImageOfPage":{"@id":"https:\/\/vanderloubet.com.br\/deputado\/vander-e-homenageado-com-medalha-por-profissionais-da-policia-federal\/#primaryimage"},"image":{"@id":"https:\/\/vanderloubet.com.br\/deputado\/vander-e-homenageado-com-medalha-por-profissionais-da-policia-federal\/#primaryimage"},"thumbnailUrl":"http:\/\/www.deputadovander.com.br\/website\/wp-content\/uploads\/2012\/11\/foto-2012-11-21-vander-medalha-dpf-420x280.jpg","datePublished":"2012-11-23T20:28:21+00:00","breadcrumb":{"@id":"https:\/\/vanderloubet.com.br\/deputado\/vander-e-homenageado-com-medalha-por-profissionais-da-policia-federal\/#breadcrumb"},"inLanguage":"pt-BR","potentialAction":[{"@type":"ReadAction","target":["https:\/\/vanderloubet.com.br\/deputado\/vander-e-homenageado-com-medalha-por-profissionais-da-policia-federal\/"]}]},{"@type":"ImageObject","inLanguage":"pt-BR","@id":"https:\/\/vanderloubet.com.br\/deputado\/vander-e-homenageado-com-medalha-por-profissionais-da-policia-federal\/#primaryimage","url":"http:\/\/www.deputadovander.com.br\/website\/wp-content\/uploads\/2012\/11\/foto-2012-11-21-vander-medalha-dpf-420x280.jpg","contentUrl":"http:\/\/www.deputadovander.com.br\/website\/wp-content\/uploads\/2012\/11\/foto-2012-11-21-vander-medalha-dpf-420x280.jpg"},{"@type":"BreadcrumbList","@id":"https:\/\/vanderloubet.com.br\/deputado\/vander-e-homenageado-com-medalha-por-profissionais-da-policia-federal\/#breadcrumb","itemListElement":[{"@type":"ListItem","position":1,"name":"In\u00edcio","item":"https:\/\/vanderloubet.com.br\/deputado\/"},{"@type":"ListItem","position":2,"name":"Vander \u00e9 homenageado com medalha por profissionais da Pol\u00edcia Federal"}]},{"@type":"WebSite","@id":"https:\/\/vanderloubet.com.br\/deputado\/#website","url":"https:\/\/vanderloubet.com.br\/deputado\/","name":"Deputado Federal Vander Loubet","description":"O Federal de MS","publisher":{"@id":"https:\/\/vanderloubet.com.br\/deputado\/#organization"},"alternateName":"Deputado Vander","potentialAction":[{"@type":"SearchAction","target":{"@type":"EntryPoint","urlTemplate":"https:\/\/vanderloubet.com.br\/deputado\/?s={search_term_string}"},"query-input":{"@type":"PropertyValueSpecification","valueRequired":true,"valueName":"search_term_string"}}],"inLanguage":"pt-BR"},{"@type":"Organization","@id":"https:\/\/vanderloubet.com.br\/deputado\/#organization","name":"Deputado Federal Vander Loubet","alternateName":"Deputado Vander","url":"https:\/\/vanderloubet.com.br\/deputado\/","logo":{"@type":"ImageObject","inLanguage":"pt-BR","@id":"https:\/\/vanderloubet.com.br\/deputado\/#\/schema\/logo\/image\/","url":"https:\/\/vanderloubet.com.br\/deputado\/wp-content\/uploads\/2023\/06\/foto-2023-06-19-mandato-deputado-vander.jpg","contentUrl":"https:\/\/vanderloubet.com.br\/deputado\/wp-content\/uploads\/2023\/06\/foto-2023-06-19-mandato-deputado-vander.jpg","width":1080,"height":1080,"caption":"Deputado Federal Vander Loubet"},"image":{"@id":"https:\/\/vanderloubet.com.br\/deputado\/#\/schema\/logo\/image\/"},"sameAs":["https:\/\/facebook.com\/deputadovander","https:\/\/x.com\/vanderloubet","https:\/\/instagram.com\/vanderloubet","https:\/\/youtube.com\/vanderloubet","https:\/\/tiktok.com\/@vanderloubetms"]},{"@type":"Person","@id":"https:\/\/vanderloubet.com.br\/deputado\/#\/schema\/person\/15b51bd564532a8a68d9dec1b8eb890e","name":"\u00c9der","image":{"@type":"ImageObject","inLanguage":"pt-BR","@id":"https:\/\/vanderloubet.com.br\/deputado\/wp-content\/litespeed\/avatar\/88ca4090d9d5ab1c9495f6ca03b68efa.jpg?ver=1777058957","url":"https:\/\/vanderloubet.com.br\/deputado\/wp-content\/litespeed\/avatar\/88ca4090d9d5ab1c9495f6ca03b68efa.jpg?ver=1777058957","contentUrl":"https:\/\/vanderloubet.com.br\/deputado\/wp-content\/litespeed\/avatar\/88ca4090d9d5ab1c9495f6ca03b68efa.jpg?ver=1777058957","caption":"\u00c9der"}}]}},"jetpack_featured_media_url":"","jetpack_sharing_enabled":true,"_links":{"self":[{"href":"https:\/\/vanderloubet.com.br\/deputado\/wp-json\/wp\/v2\/posts\/5893","targetHints":{"allow":["GET"]}}],"collection":[{"href":"https:\/\/vanderloubet.com.br\/deputado\/wp-json\/wp\/v2\/posts"}],"about":[{"href":"https:\/\/vanderloubet.com.br\/deputado\/wp-json\/wp\/v2\/types\/post"}],"author":[{"embeddable":true,"href":"https:\/\/vanderloubet.com.br\/deputado\/wp-json\/wp\/v2\/users\/2"}],"replies":[{"embeddable":true,"href":"https:\/\/vanderloubet.com.br\/deputado\/wp-json\/wp\/v2\/comments?post=5893"}],"version-history":[{"count":0,"href":"https:\/\/vanderloubet.com.br\/deputado\/wp-json\/wp\/v2\/posts\/5893\/revisions"}],"wp:attachment":[{"href":"https:\/\/vanderloubet.com.br\/deputado\/wp-json\/wp\/v2\/media?parent=5893"}],"wp:term":[{"taxonomy":"category","embeddable":true,"href":"https:\/\/vanderloubet.com.br\/deputado\/wp-json\/wp\/v2\/categories?post=5893"},{"taxonomy":"post_tag","embeddable":true,"href":"https:\/\/vanderloubet.com.br\/deputado\/wp-json\/wp\/v2\/tags?post=5893"}],"curies":[{"name":"wp","href":"https:\/\/api.w.org\/{rel}","templated":true}]}}