{"id":5884,"date":"2012-11-22T12:46:32","date_gmt":"2012-11-22T16:46:32","guid":{"rendered":"http:\/\/www.deputadovander.com.br\/website\/?p=5884"},"modified":"2012-11-22T12:46:32","modified_gmt":"2012-11-22T16:46:32","slug":"governo-federal-investe-r-682-milhoes-no-balsamo-segredo-e-taquaral","status":"publish","type":"post","link":"https:\/\/vanderloubet.com.br\/deputado\/governo-federal-investe-r-682-milhoes-no-balsamo-segredo-e-taquaral\/","title":{"rendered":"Governo federal investe R$ 68,2 milh\u00f5es no B\u00e1lsamo, Segredo e Taquaral"},"content":{"rendered":"<figure id=\"attachment_5885\" aria-describedby=\"caption-attachment-5885\" style=\"width: 420px\" class=\"wp-caption aligncenter\"><a href=\"http:\/\/www.deputadovander.com.br\/website\/wp-content\/uploads\/2012\/11\/foto-2012-11-22-area-pac-taquaral.jpg\" target=\"_blank\"><img decoding=\"async\" class=\"size-medium wp-image-5885 \" title=\"foto-2012-11-22-area-pac-taquaral\" src=\"http:\/\/www.deputadovander.com.br\/website\/wp-content\/uploads\/2012\/11\/foto-2012-11-22-area-pac-taquaral-420x216.jpg\" alt=\"Nascente do C\u00f3rrego Coqueiros, no Taquaral Bosque, receber\u00e1 interven\u00e7\u00e3o\" width=\"420\" height=\"216\" \/><\/a><figcaption id=\"caption-attachment-5885\" class=\"wp-caption-text\">Nascente do C\u00f3rrego Coqueiros, no Taquaral Bosque, receber\u00e1 interven\u00e7\u00e3o<\/figcaption><\/figure>\n<p>A Prefeitura de Campo Grande assinou esta semana a ordem de servi\u00e7o para continua\u00e7\u00e3o de obras de pavimenta\u00e7\u00e3o asf\u00e1ltica e drenagem de \u00e1guas pluviais no Bairro Taquaral Bosque, \u00e1rea onde se localiza a nascente do C\u00f3rrego Coqueiro. O recurso \u00e9 de mais de R$ 3,3 milh\u00f5es, oriundos do governo federal, e integram o projeto &#8220;PAC 2 &#8211; C\u00f3rregos B\u00e1lsamo, Segredo e Taquaral&#8221;. O projeto representa a continuidade dos investimentos da Uni\u00e3o que garantiram a urbaniza\u00e7\u00e3o da regi\u00e3o do C\u00f3rrego Segredo.<\/p>\n<p>Para o deputado federal Vander Loubet (PT-MS), um dos parlamentares que mais tem ajudado a viabilizar em Bras\u00edlia investimentos do PAC para a Capital, essa obra refor\u00e7a o car\u00e1ter municipalista do governo federal desde que o PT assumiu a Presid\u00eancia da Rep\u00fablica, em 2003.<\/p>\n<p>&#8220;Desde que surgiu o PAC, em 2007, tenho certeza que Campo Grande foi uma das capitais mais beneficiadas do Pa\u00eds. N\u00e3o faltou empenho meu e da bancada do PT no Congresso para garantir esses investimentos, que mudaram e continuam mudando o cen\u00e1rio urbano da cidade. Com o Lula e a Dilma o governo federal passou a investir muito na ponta, ou seja, nas cidades. Isso de fato garante melhor qualidade de vida para a popula\u00e7\u00e3o&#8221;, afirmou Vander.<\/p>\n<p><strong>R$ 40 milh\u00f5es no Segredo\/Taquaral<\/strong><\/p>\n<p>De acordo com a Prefeitura, as obras na regi\u00e3o do Segredo\/Taquaral ter\u00e3o investimento total de R$ 40 milh\u00f5es. Al\u00e9m das obras de asfalto e drenagem no Taquaral Bosque, o projeto prev\u00ea o prolongamento da Avenida Norte Sul (Av. Ernesto Geisel) at\u00e9 a Avenida C\u00f4nsul Assaf Trad, em frente ao Shopping Bosque dos Ip\u00eas.<\/p>\n<p>As a\u00e7\u00f5es incluem ainda a constru\u00e7\u00e3o de pontes sobre o C\u00f3rrego Segredo e de um parque linear com ciclovia e pista de caminhada numa \u00e1rea onde h\u00e1 problemas de eros\u00e3o no Taquaral. Tamb\u00e9m est\u00e3o sendo constru\u00eddas 313 casas populares que v\u00e3o atender as fam\u00edlias que moram em condi\u00e7\u00f5es prec\u00e1rias \u00e0s margens dos c\u00f3rregos da regi\u00e3o.<\/p>\n<p>A Avenida Her\u00e1clito Figueiredo, prolongada a partir da Rua Pintassilgo, vai contornar a nascente do Segredo, passando pela Rua Marqu\u00eas de Herval (Bairro Nova Lima) at\u00e9 chegar \u00e0 sa\u00edda para Cuiab\u00e1. O novo trecho vai abrir uma liga\u00e7\u00e3o vi\u00e1ria entre a sa\u00edda de Sidrol\u00e2ndia (a partir do Aero Rancho) e a sa\u00edda de Cuiab\u00e1, retirando tr\u00e1fego da \u00e1rea central.<\/p>\n<figure id=\"attachment_5887\" aria-describedby=\"caption-attachment-5887\" style=\"width: 420px\" class=\"wp-caption aligncenter\"><a href=\"http:\/\/www.deputadovander.com.br\/website\/wp-content\/uploads\/2012\/11\/foto-2012-11-22-campo-grande-pac-segredo.jpg\" target=\"_blank\"><img decoding=\"async\" class=\"size-medium wp-image-5887 \" title=\"foto-2012-11-22-campo-grande-pac-segredo\" src=\"http:\/\/www.deputadovander.com.br\/website\/wp-content\/uploads\/2012\/11\/foto-2012-11-22-campo-grande-pac-segredo-420x280.jpg\" alt=\"Parque Linear J\u00e2nio Quadros, constru\u00eddo pelo PAC na Regi\u00e3o do Segredo\" width=\"420\" height=\"280\" \/><\/a><figcaption id=\"caption-attachment-5887\" class=\"wp-caption-text\">Parque Linear J\u00e2nio Quadros, constru\u00eddo pelo PAC na Regi\u00e3o do Segredo<\/figcaption><\/figure>\n<p><strong>93 mil beneficiados no primeiro PAC<\/strong><\/p>\n<p>A primeira interven\u00e7\u00e3o na regi\u00e3o do C\u00f3rrego Segredo tamb\u00e9m contou com recursos do PAC e beneficiou cerca de 93 mil pessoas. As a\u00e7\u00f5es foram da Av. Mascarenhas de Moraes ao Bairro Estrela do Sul e contou com pavimenta\u00e7\u00e3o nos bairros Mata do Segredo, Jos\u00e9 Abr\u00e3o, Jardim Semin\u00e1rio, S\u00e3o Benedito, Ot\u00e1vio P\u00e9cora e Coronel Antonino e urbaniza\u00e7\u00e3o do c\u00f3rrego com drenagem, pavimenta\u00e7\u00e3o, recupera\u00e7\u00e3o de \u00e1reas degradadas e constru\u00e7\u00e3o de parque linear com ciclovia e pista de caminhada. As 500 fam\u00edlias que moravam em casas prec\u00e1rias nas margens do c\u00f3rrego ganharam moradias dignas nos residenciais Gabriel Spipe Calarge\/Gabura, Tarsila do Amaral e Arnaldino da Silva.<\/p>\n<p><span style=\"font-size: 11px;\">(\u00c9der Yanaguita &#8211; Assessoria\/Dep.Vander, com informa\u00e7\u00f5es da PMCG e Campo Grande News)<\/span><\/p>\n","protected":false},"excerpt":{"rendered":"<p>Projeto representa continuidade dos investimentos da Uni\u00e3o que garantiram urbaniza\u00e7\u00e3o do C\u00f3rrego Segredo.<\/p>\n","protected":false},"author":2,"featured_media":0,"comment_status":"closed","ping_status":"open","sticky":false,"template":"","format":"standard","meta":{"jetpack_post_was_ever_published":false,"_jetpack_newsletter_access":"","_jetpack_dont_email_post_to_subs":false,"_jetpack_newsletter_tier_id":0,"_jetpack_memberships_contains_paywalled_content":false,"_jetpack_memberships_contains_paid_content":false,"footnotes":""},"categories":[10],"tags":[39,190,234,289,527,530,552,677,1160,1358,1409,1445,1484,1507,1631,1698,1810,1915],"class_list":{"0":"post-5884","1":"post","2":"type-post","3":"status-publish","4":"format-standard","6":"category-noticias","7":"tag-aceleracao","8":"tag-asfalto","9":"tag-bairro","10":"tag-bosque","11":"tag-coqueiros","12":"tag-corrego","13":"tag-crescimento","14":"tag-drenagem","15":"tag-linear","16":"tag-nascente","17":"tag-obras","18":"tag-pac","19":"tag-parque","20":"tag-pavimentacao","21":"tag-programa","22":"tag-regiao","23":"tag-segredo","24":"tag-taquaral"},"yoast_head":"<!-- This site is optimized with the Yoast SEO plugin v27.4 - https:\/\/yoast.com\/product\/yoast-seo-wordpress\/ -->\n<title>Governo federal investe R$ 68,2 milh\u00f5es no B\u00e1lsamo, Segredo e Taquaral<\/title>\n<meta name=\"robots\" content=\"index, follow, max-snippet:-1, max-image-preview:large, max-video-preview:-1\" \/>\n<link rel=\"canonical\" href=\"https:\/\/vanderloubet.com.br\/deputado\/governo-federal-investe-r-682-milhoes-no-balsamo-segredo-e-taquaral\/\" \/>\n<meta property=\"og:locale\" content=\"pt_BR\" \/>\n<meta property=\"og:type\" content=\"article\" \/>\n<meta property=\"og:title\" content=\"Governo federal investe R$ 68,2 milh\u00f5es no B\u00e1lsamo, Segredo e Taquaral\" \/>\n<meta property=\"og:description\" content=\"Projeto representa continuidade dos investimentos da Uni\u00e3o que garantiram urbaniza\u00e7\u00e3o do C\u00f3rrego Segredo.\" \/>\n<meta property=\"og:url\" content=\"https:\/\/vanderloubet.com.br\/deputado\/governo-federal-investe-r-682-milhoes-no-balsamo-segredo-e-taquaral\/\" \/>\n<meta property=\"og:site_name\" content=\"Deputado Federal Vander Loubet\" \/>\n<meta property=\"article:publisher\" content=\"https:\/\/facebook.com\/deputadovander\" \/>\n<meta property=\"article:published_time\" content=\"2012-11-22T16:46:32+00:00\" \/>\n<meta property=\"og:image\" content=\"http:\/\/www.deputadovander.com.br\/website\/wp-content\/uploads\/2012\/11\/foto-2012-11-22-area-pac-taquaral-420x216.jpg\" \/>\n<meta name=\"author\" content=\"\u00c9der\" \/>\n<meta name=\"twitter:card\" content=\"summary_large_image\" \/>\n<meta name=\"twitter:creator\" content=\"@vanderloubet\" \/>\n<meta name=\"twitter:site\" content=\"@vanderloubet\" \/>\n<script type=\"application\/ld+json\" class=\"yoast-schema-graph\">{\"@context\":\"https:\\\/\\\/schema.org\",\"@graph\":[{\"@type\":\"Article\",\"@id\":\"https:\\\/\\\/vanderloubet.com.br\\\/deputado\\\/governo-federal-investe-r-682-milhoes-no-balsamo-segredo-e-taquaral\\\/#article\",\"isPartOf\":{\"@id\":\"https:\\\/\\\/vanderloubet.com.br\\\/deputado\\\/governo-federal-investe-r-682-milhoes-no-balsamo-segredo-e-taquaral\\\/\"},\"author\":{\"name\":\"\u00c9der\",\"@id\":\"https:\\\/\\\/vanderloubet.com.br\\\/deputado\\\/#\\\/schema\\\/person\\\/15b51bd564532a8a68d9dec1b8eb890e\"},\"headline\":\"Governo federal investe R$ 68,2 milh\u00f5es no B\u00e1lsamo, Segredo e Taquaral\",\"datePublished\":\"2012-11-22T16:46:32+00:00\",\"mainEntityOfPage\":{\"@id\":\"https:\\\/\\\/vanderloubet.com.br\\\/deputado\\\/governo-federal-investe-r-682-milhoes-no-balsamo-segredo-e-taquaral\\\/\"},\"wordCount\":608,\"publisher\":{\"@id\":\"https:\\\/\\\/vanderloubet.com.br\\\/deputado\\\/#organization\"},\"image\":{\"@id\":\"https:\\\/\\\/vanderloubet.com.br\\\/deputado\\\/governo-federal-investe-r-682-milhoes-no-balsamo-segredo-e-taquaral\\\/#primaryimage\"},\"thumbnailUrl\":\"http:\\\/\\\/www.deputadovander.com.br\\\/website\\\/wp-content\\\/uploads\\\/2012\\\/11\\\/foto-2012-11-22-area-pac-taquaral-420x216.jpg\",\"keywords\":[\"acelera\u00e7\u00e3o\",\"asfalto\",\"bairro\",\"bosque\",\"coqueiros\",\"c\u00f3rrego\",\"crescimento\",\"drenagem\",\"linear\",\"nascente\",\"obras\",\"pac\",\"parque\",\"pavimenta\u00e7\u00e3o\",\"programa\",\"regi\u00e3o\",\"segredo\",\"taquaral\"],\"articleSection\":[\"Not\u00edcias\"],\"inLanguage\":\"pt-BR\"},{\"@type\":\"WebPage\",\"@id\":\"https:\\\/\\\/vanderloubet.com.br\\\/deputado\\\/governo-federal-investe-r-682-milhoes-no-balsamo-segredo-e-taquaral\\\/\",\"url\":\"https:\\\/\\\/vanderloubet.com.br\\\/deputado\\\/governo-federal-investe-r-682-milhoes-no-balsamo-segredo-e-taquaral\\\/\",\"name\":\"Governo federal investe R$ 68,2 milh\u00f5es no B\u00e1lsamo, Segredo e Taquaral\",\"isPartOf\":{\"@id\":\"https:\\\/\\\/vanderloubet.com.br\\\/deputado\\\/#website\"},\"primaryImageOfPage\":{\"@id\":\"https:\\\/\\\/vanderloubet.com.br\\\/deputado\\\/governo-federal-investe-r-682-milhoes-no-balsamo-segredo-e-taquaral\\\/#primaryimage\"},\"image\":{\"@id\":\"https:\\\/\\\/vanderloubet.com.br\\\/deputado\\\/governo-federal-investe-r-682-milhoes-no-balsamo-segredo-e-taquaral\\\/#primaryimage\"},\"thumbnailUrl\":\"http:\\\/\\\/www.deputadovander.com.br\\\/website\\\/wp-content\\\/uploads\\\/2012\\\/11\\\/foto-2012-11-22-area-pac-taquaral-420x216.jpg\",\"datePublished\":\"2012-11-22T16:46:32+00:00\",\"breadcrumb\":{\"@id\":\"https:\\\/\\\/vanderloubet.com.br\\\/deputado\\\/governo-federal-investe-r-682-milhoes-no-balsamo-segredo-e-taquaral\\\/#breadcrumb\"},\"inLanguage\":\"pt-BR\",\"potentialAction\":[{\"@type\":\"ReadAction\",\"target\":[\"https:\\\/\\\/vanderloubet.com.br\\\/deputado\\\/governo-federal-investe-r-682-milhoes-no-balsamo-segredo-e-taquaral\\\/\"]}]},{\"@type\":\"ImageObject\",\"inLanguage\":\"pt-BR\",\"@id\":\"https:\\\/\\\/vanderloubet.com.br\\\/deputado\\\/governo-federal-investe-r-682-milhoes-no-balsamo-segredo-e-taquaral\\\/#primaryimage\",\"url\":\"http:\\\/\\\/www.deputadovander.com.br\\\/website\\\/wp-content\\\/uploads\\\/2012\\\/11\\\/foto-2012-11-22-area-pac-taquaral-420x216.jpg\",\"contentUrl\":\"http:\\\/\\\/www.deputadovander.com.br\\\/website\\\/wp-content\\\/uploads\\\/2012\\\/11\\\/foto-2012-11-22-area-pac-taquaral-420x216.jpg\"},{\"@type\":\"BreadcrumbList\",\"@id\":\"https:\\\/\\\/vanderloubet.com.br\\\/deputado\\\/governo-federal-investe-r-682-milhoes-no-balsamo-segredo-e-taquaral\\\/#breadcrumb\",\"itemListElement\":[{\"@type\":\"ListItem\",\"position\":1,\"name\":\"In\u00edcio\",\"item\":\"https:\\\/\\\/vanderloubet.com.br\\\/deputado\\\/\"},{\"@type\":\"ListItem\",\"position\":2,\"name\":\"Governo federal investe R$ 68,2 milh\u00f5es no B\u00e1lsamo, Segredo e Taquaral\"}]},{\"@type\":\"WebSite\",\"@id\":\"https:\\\/\\\/vanderloubet.com.br\\\/deputado\\\/#website\",\"url\":\"https:\\\/\\\/vanderloubet.com.br\\\/deputado\\\/\",\"name\":\"Deputado Federal Vander Loubet\",\"description\":\"O Federal de MS\",\"publisher\":{\"@id\":\"https:\\\/\\\/vanderloubet.com.br\\\/deputado\\\/#organization\"},\"alternateName\":\"Deputado Vander\",\"potentialAction\":[{\"@type\":\"SearchAction\",\"target\":{\"@type\":\"EntryPoint\",\"urlTemplate\":\"https:\\\/\\\/vanderloubet.com.br\\\/deputado\\\/?s={search_term_string}\"},\"query-input\":{\"@type\":\"PropertyValueSpecification\",\"valueRequired\":true,\"valueName\":\"search_term_string\"}}],\"inLanguage\":\"pt-BR\"},{\"@type\":\"Organization\",\"@id\":\"https:\\\/\\\/vanderloubet.com.br\\\/deputado\\\/#organization\",\"name\":\"Deputado Federal Vander Loubet\",\"alternateName\":\"Deputado Vander\",\"url\":\"https:\\\/\\\/vanderloubet.com.br\\\/deputado\\\/\",\"logo\":{\"@type\":\"ImageObject\",\"inLanguage\":\"pt-BR\",\"@id\":\"https:\\\/\\\/vanderloubet.com.br\\\/deputado\\\/#\\\/schema\\\/logo\\\/image\\\/\",\"url\":\"https:\\\/\\\/vanderloubet.com.br\\\/deputado\\\/wp-content\\\/uploads\\\/2023\\\/06\\\/foto-2023-06-19-mandato-deputado-vander.jpg\",\"contentUrl\":\"https:\\\/\\\/vanderloubet.com.br\\\/deputado\\\/wp-content\\\/uploads\\\/2023\\\/06\\\/foto-2023-06-19-mandato-deputado-vander.jpg\",\"width\":1080,\"height\":1080,\"caption\":\"Deputado Federal Vander Loubet\"},\"image\":{\"@id\":\"https:\\\/\\\/vanderloubet.com.br\\\/deputado\\\/#\\\/schema\\\/logo\\\/image\\\/\"},\"sameAs\":[\"https:\\\/\\\/facebook.com\\\/deputadovander\",\"https:\\\/\\\/x.com\\\/vanderloubet\",\"https:\\\/\\\/instagram.com\\\/vanderloubet\",\"https:\\\/\\\/youtube.com\\\/vanderloubet\",\"https:\\\/\\\/tiktok.com\\\/@vanderloubetms\"]},{\"@type\":\"Person\",\"@id\":\"https:\\\/\\\/vanderloubet.com.br\\\/deputado\\\/#\\\/schema\\\/person\\\/15b51bd564532a8a68d9dec1b8eb890e\",\"name\":\"\u00c9der\",\"image\":{\"@type\":\"ImageObject\",\"inLanguage\":\"pt-BR\",\"@id\":\"https:\\\/\\\/vanderloubet.com.br\\\/deputado\\\/wp-content\\\/litespeed\\\/avatar\\\/88ca4090d9d5ab1c9495f6ca03b68efa.jpg?ver=1777058957\",\"url\":\"https:\\\/\\\/vanderloubet.com.br\\\/deputado\\\/wp-content\\\/litespeed\\\/avatar\\\/88ca4090d9d5ab1c9495f6ca03b68efa.jpg?ver=1777058957\",\"contentUrl\":\"https:\\\/\\\/vanderloubet.com.br\\\/deputado\\\/wp-content\\\/litespeed\\\/avatar\\\/88ca4090d9d5ab1c9495f6ca03b68efa.jpg?ver=1777058957\",\"caption\":\"\u00c9der\"}}]}<\/script>\n<!-- \/ Yoast SEO plugin. -->","yoast_head_json":{"title":"Governo federal investe R$ 68,2 milh\u00f5es no B\u00e1lsamo, Segredo e Taquaral","robots":{"index":"index","follow":"follow","max-snippet":"max-snippet:-1","max-image-preview":"max-image-preview:large","max-video-preview":"max-video-preview:-1"},"canonical":"https:\/\/vanderloubet.com.br\/deputado\/governo-federal-investe-r-682-milhoes-no-balsamo-segredo-e-taquaral\/","og_locale":"pt_BR","og_type":"article","og_title":"Governo federal investe R$ 68,2 milh\u00f5es no B\u00e1lsamo, Segredo e Taquaral","og_description":"Projeto representa continuidade dos investimentos da Uni\u00e3o que garantiram urbaniza\u00e7\u00e3o do C\u00f3rrego Segredo.","og_url":"https:\/\/vanderloubet.com.br\/deputado\/governo-federal-investe-r-682-milhoes-no-balsamo-segredo-e-taquaral\/","og_site_name":"Deputado Federal Vander Loubet","article_publisher":"https:\/\/facebook.com\/deputadovander","article_published_time":"2012-11-22T16:46:32+00:00","og_image":[{"url":"http:\/\/www.deputadovander.com.br\/website\/wp-content\/uploads\/2012\/11\/foto-2012-11-22-area-pac-taquaral-420x216.jpg","type":"","width":"","height":""}],"author":"\u00c9der","twitter_card":"summary_large_image","twitter_creator":"@vanderloubet","twitter_site":"@vanderloubet","schema":{"@context":"https:\/\/schema.org","@graph":[{"@type":"Article","@id":"https:\/\/vanderloubet.com.br\/deputado\/governo-federal-investe-r-682-milhoes-no-balsamo-segredo-e-taquaral\/#article","isPartOf":{"@id":"https:\/\/vanderloubet.com.br\/deputado\/governo-federal-investe-r-682-milhoes-no-balsamo-segredo-e-taquaral\/"},"author":{"name":"\u00c9der","@id":"https:\/\/vanderloubet.com.br\/deputado\/#\/schema\/person\/15b51bd564532a8a68d9dec1b8eb890e"},"headline":"Governo federal investe R$ 68,2 milh\u00f5es no B\u00e1lsamo, Segredo e Taquaral","datePublished":"2012-11-22T16:46:32+00:00","mainEntityOfPage":{"@id":"https:\/\/vanderloubet.com.br\/deputado\/governo-federal-investe-r-682-milhoes-no-balsamo-segredo-e-taquaral\/"},"wordCount":608,"publisher":{"@id":"https:\/\/vanderloubet.com.br\/deputado\/#organization"},"image":{"@id":"https:\/\/vanderloubet.com.br\/deputado\/governo-federal-investe-r-682-milhoes-no-balsamo-segredo-e-taquaral\/#primaryimage"},"thumbnailUrl":"http:\/\/www.deputadovander.com.br\/website\/wp-content\/uploads\/2012\/11\/foto-2012-11-22-area-pac-taquaral-420x216.jpg","keywords":["acelera\u00e7\u00e3o","asfalto","bairro","bosque","coqueiros","c\u00f3rrego","crescimento","drenagem","linear","nascente","obras","pac","parque","pavimenta\u00e7\u00e3o","programa","regi\u00e3o","segredo","taquaral"],"articleSection":["Not\u00edcias"],"inLanguage":"pt-BR"},{"@type":"WebPage","@id":"https:\/\/vanderloubet.com.br\/deputado\/governo-federal-investe-r-682-milhoes-no-balsamo-segredo-e-taquaral\/","url":"https:\/\/vanderloubet.com.br\/deputado\/governo-federal-investe-r-682-milhoes-no-balsamo-segredo-e-taquaral\/","name":"Governo federal investe R$ 68,2 milh\u00f5es no B\u00e1lsamo, Segredo e Taquaral","isPartOf":{"@id":"https:\/\/vanderloubet.com.br\/deputado\/#website"},"primaryImageOfPage":{"@id":"https:\/\/vanderloubet.com.br\/deputado\/governo-federal-investe-r-682-milhoes-no-balsamo-segredo-e-taquaral\/#primaryimage"},"image":{"@id":"https:\/\/vanderloubet.com.br\/deputado\/governo-federal-investe-r-682-milhoes-no-balsamo-segredo-e-taquaral\/#primaryimage"},"thumbnailUrl":"http:\/\/www.deputadovander.com.br\/website\/wp-content\/uploads\/2012\/11\/foto-2012-11-22-area-pac-taquaral-420x216.jpg","datePublished":"2012-11-22T16:46:32+00:00","breadcrumb":{"@id":"https:\/\/vanderloubet.com.br\/deputado\/governo-federal-investe-r-682-milhoes-no-balsamo-segredo-e-taquaral\/#breadcrumb"},"inLanguage":"pt-BR","potentialAction":[{"@type":"ReadAction","target":["https:\/\/vanderloubet.com.br\/deputado\/governo-federal-investe-r-682-milhoes-no-balsamo-segredo-e-taquaral\/"]}]},{"@type":"ImageObject","inLanguage":"pt-BR","@id":"https:\/\/vanderloubet.com.br\/deputado\/governo-federal-investe-r-682-milhoes-no-balsamo-segredo-e-taquaral\/#primaryimage","url":"http:\/\/www.deputadovander.com.br\/website\/wp-content\/uploads\/2012\/11\/foto-2012-11-22-area-pac-taquaral-420x216.jpg","contentUrl":"http:\/\/www.deputadovander.com.br\/website\/wp-content\/uploads\/2012\/11\/foto-2012-11-22-area-pac-taquaral-420x216.jpg"},{"@type":"BreadcrumbList","@id":"https:\/\/vanderloubet.com.br\/deputado\/governo-federal-investe-r-682-milhoes-no-balsamo-segredo-e-taquaral\/#breadcrumb","itemListElement":[{"@type":"ListItem","position":1,"name":"In\u00edcio","item":"https:\/\/vanderloubet.com.br\/deputado\/"},{"@type":"ListItem","position":2,"name":"Governo federal investe R$ 68,2 milh\u00f5es no B\u00e1lsamo, Segredo e Taquaral"}]},{"@type":"WebSite","@id":"https:\/\/vanderloubet.com.br\/deputado\/#website","url":"https:\/\/vanderloubet.com.br\/deputado\/","name":"Deputado Federal Vander Loubet","description":"O Federal de MS","publisher":{"@id":"https:\/\/vanderloubet.com.br\/deputado\/#organization"},"alternateName":"Deputado Vander","potentialAction":[{"@type":"SearchAction","target":{"@type":"EntryPoint","urlTemplate":"https:\/\/vanderloubet.com.br\/deputado\/?s={search_term_string}"},"query-input":{"@type":"PropertyValueSpecification","valueRequired":true,"valueName":"search_term_string"}}],"inLanguage":"pt-BR"},{"@type":"Organization","@id":"https:\/\/vanderloubet.com.br\/deputado\/#organization","name":"Deputado Federal Vander Loubet","alternateName":"Deputado Vander","url":"https:\/\/vanderloubet.com.br\/deputado\/","logo":{"@type":"ImageObject","inLanguage":"pt-BR","@id":"https:\/\/vanderloubet.com.br\/deputado\/#\/schema\/logo\/image\/","url":"https:\/\/vanderloubet.com.br\/deputado\/wp-content\/uploads\/2023\/06\/foto-2023-06-19-mandato-deputado-vander.jpg","contentUrl":"https:\/\/vanderloubet.com.br\/deputado\/wp-content\/uploads\/2023\/06\/foto-2023-06-19-mandato-deputado-vander.jpg","width":1080,"height":1080,"caption":"Deputado Federal Vander Loubet"},"image":{"@id":"https:\/\/vanderloubet.com.br\/deputado\/#\/schema\/logo\/image\/"},"sameAs":["https:\/\/facebook.com\/deputadovander","https:\/\/x.com\/vanderloubet","https:\/\/instagram.com\/vanderloubet","https:\/\/youtube.com\/vanderloubet","https:\/\/tiktok.com\/@vanderloubetms"]},{"@type":"Person","@id":"https:\/\/vanderloubet.com.br\/deputado\/#\/schema\/person\/15b51bd564532a8a68d9dec1b8eb890e","name":"\u00c9der","image":{"@type":"ImageObject","inLanguage":"pt-BR","@id":"https:\/\/vanderloubet.com.br\/deputado\/wp-content\/litespeed\/avatar\/88ca4090d9d5ab1c9495f6ca03b68efa.jpg?ver=1777058957","url":"https:\/\/vanderloubet.com.br\/deputado\/wp-content\/litespeed\/avatar\/88ca4090d9d5ab1c9495f6ca03b68efa.jpg?ver=1777058957","contentUrl":"https:\/\/vanderloubet.com.br\/deputado\/wp-content\/litespeed\/avatar\/88ca4090d9d5ab1c9495f6ca03b68efa.jpg?ver=1777058957","caption":"\u00c9der"}}]}},"jetpack_featured_media_url":"","jetpack_sharing_enabled":true,"_links":{"self":[{"href":"https:\/\/vanderloubet.com.br\/deputado\/wp-json\/wp\/v2\/posts\/5884","targetHints":{"allow":["GET"]}}],"collection":[{"href":"https:\/\/vanderloubet.com.br\/deputado\/wp-json\/wp\/v2\/posts"}],"about":[{"href":"https:\/\/vanderloubet.com.br\/deputado\/wp-json\/wp\/v2\/types\/post"}],"author":[{"embeddable":true,"href":"https:\/\/vanderloubet.com.br\/deputado\/wp-json\/wp\/v2\/users\/2"}],"replies":[{"embeddable":true,"href":"https:\/\/vanderloubet.com.br\/deputado\/wp-json\/wp\/v2\/comments?post=5884"}],"version-history":[{"count":0,"href":"https:\/\/vanderloubet.com.br\/deputado\/wp-json\/wp\/v2\/posts\/5884\/revisions"}],"wp:attachment":[{"href":"https:\/\/vanderloubet.com.br\/deputado\/wp-json\/wp\/v2\/media?parent=5884"}],"wp:term":[{"taxonomy":"category","embeddable":true,"href":"https:\/\/vanderloubet.com.br\/deputado\/wp-json\/wp\/v2\/categories?post=5884"},{"taxonomy":"post_tag","embeddable":true,"href":"https:\/\/vanderloubet.com.br\/deputado\/wp-json\/wp\/v2\/tags?post=5884"}],"curies":[{"name":"wp","href":"https:\/\/api.w.org\/{rel}","templated":true}]}}