{"id":5866,"date":"2012-11-08T13:41:29","date_gmt":"2012-11-08T16:41:29","guid":{"rendered":"http:\/\/www.deputadovander.com.br\/website\/?p=5866"},"modified":"2015-06-02T17:42:48","modified_gmt":"2015-06-02T20:42:48","slug":"e-o-bernal-pode-sim-congelar-o-iptu-e-reduzir-a-tarifa-de-onibus","status":"publish","type":"post","link":"https:\/\/vanderloubet.com.br\/deputado\/e-o-bernal-pode-sim-congelar-o-iptu-e-reduzir-a-tarifa-de-onibus\/","title":{"rendered":"E o Bernal? Pode sim congelar o IPTU e reduzir a tarifa de \u00f4nibus"},"content":{"rendered":"<figure id=\"attachment_9797\" aria-describedby=\"caption-attachment-9797\" style=\"width: 700px\" class=\"wp-caption alignnone\"><img decoding=\"async\" class=\"wp-image-9797 size-large\" title=\"Campo-grandenses clamaramm por mudan\u00e7as imediatas\" src=\"http:\/\/vanderloubet.com.br\/deputado\/wp-content\/uploads\/2012\/11\/foto-2012-11-08-eleitores-bernal-700x467.jpg\" alt=\"Campo-grandenses clamaramm por mudan\u00e7as imediatas\" width=\"700\" height=\"467\" srcset=\"https:\/\/vanderloubet.com.br\/deputado\/wp-content\/uploads\/2012\/11\/foto-2012-11-08-eleitores-bernal-700x467.jpg 700w, https:\/\/vanderloubet.com.br\/deputado\/wp-content\/uploads\/2012\/11\/foto-2012-11-08-eleitores-bernal-350x233.jpg 350w, https:\/\/vanderloubet.com.br\/deputado\/wp-content\/uploads\/2012\/11\/foto-2012-11-08-eleitores-bernal-768x512.jpg 768w, https:\/\/vanderloubet.com.br\/deputado\/wp-content\/uploads\/2012\/11\/foto-2012-11-08-eleitores-bernal-630x420.jpg 630w, https:\/\/vanderloubet.com.br\/deputado\/wp-content\/uploads\/2012\/11\/foto-2012-11-08-eleitores-bernal-696x464.jpg 696w, https:\/\/vanderloubet.com.br\/deputado\/wp-content\/uploads\/2012\/11\/foto-2012-11-08-eleitores-bernal.jpg 900w\" sizes=\"(max-width: 700px) 100vw, 700px\" \/><figcaption id=\"caption-attachment-9797\" class=\"wp-caption-text\">Campo-grandenses clamaramm por mudan\u00e7as imediatas<\/figcaption><\/figure>\n<p><em>Vander Loubet*<\/em><\/p>\n<p>Pouco mais de uma semana depois do t\u00e9rmino das elei\u00e7\u00f5es que consagrou o projeto oposicionista capitaneado no segundo turno por Alcides Bernal, \u00e9 n\u00edtido que setores vinculados ao atual prefeito Nelsinho Trad (o maior derrotado nas elei\u00e7\u00f5es) e aos interesses que ele representa e representou diariamente criam factoides pol\u00edticos e administrativos para o prefeito rec\u00e9m-eleito.<\/p>\n<p>Antes mesmo de tomar posse, o que vai ocorrer em 1\u00ba de janeiro de 2013, Bernal est\u00e1 sendo pressionado, claro sinal de que aqueles que est\u00e3o h\u00e1 quase duas d\u00e9cadas encastelados na Administra\u00e7\u00e3o Municipal n\u00e3o deixar\u00e3o o novo mandat\u00e1rio conduzir a Prefeitura com o respeito e a tranquilidade devidas.<\/p>\n<p>Um dos temas que tem pautado as l\u00e1grimas dos derrotados \u00e9 o IPTU, tema muito debatido ao longo do processo eleitoral. No decorrer da campanha, praticamente todos os candidatos oposicionistas encamparam a bandeira do congelamento do Imposto, considerando os aumentos abusivos na administra\u00e7\u00e3o de Nelsinho (nos \u00faltimos anos o aumento m\u00e9dio foi de 127% para uma infla\u00e7\u00e3o de 23%).<\/p>\n<p>Nesse sentido, entendo que Bernal n\u00e3o s\u00f3 possa como deve sim congelar o IPTU para 2013. E para isso n\u00e3o pode acreditar na boa vontade do atual prefeito, pois suas a\u00e7\u00f5es visivelmente buscam criar constrangimentos ao rec\u00e9m-eleito. Apesar de n\u00e3o estar empossado, nada impede Bernal de conversar com a C\u00e2mara Municipal para solicitar que seja votado reajuste zero para o ano que vem.<\/p>\n<p>A arrecada\u00e7\u00e3o do IPTU em 2012 foi de R$ 200 milh\u00f5es. A proposta do prefeito Nelsinho \u00e9 de reajust\u00e1-lo em 5% (IPCA), o que vai corresponder a pouco mais de R$ 10 milh\u00f5es. Para uma Prefeitura que tem or\u00e7amento previsto em R$ 2,7 bilh\u00f5es, \u00e9 evidente que a aus\u00eancia desses R$ 10 milh\u00f5es n\u00e3o iria impactar as receitas a ponto de comprometer a qualidade dos servi\u00e7os prestados pela Prefeitura. Nesse sentido, Bernal tem no congelamento do IPTU uma oportunidade clara e imediata de demonstrar a que veio, dando vez \u00e0s expectativas da sua esmagadora vota\u00e7\u00e3o. Essa a\u00e7\u00e3o evidenciaria \u00e0 popula\u00e7\u00e3o de Campo Grande que podemos sim ter uma nova forma de governar a cidade, com menos impostos e mais cidadania e dinheiro na m\u00e3o da popula\u00e7\u00e3o para seus gastos individuais e familiares.<\/p>\n<p>Bernal tamb\u00e9m pode reduzir a tarifa de \u00f4nibus, proposi\u00e7\u00e3o que foi massivamente aceita pelos campo-grandenses durante a elei\u00e7\u00e3o, considerando que temos a terceira tarifa mais cara do Brasil. Ao longo da campanha, abrimos a &#8220;caixa-preta&#8221; que \u00e9 a planilha do transporte coletivo e identificamos um excesso de R$ 0,25.<\/p>\n<p>O campo-grandense demonstrou claramente que clama por mudan\u00e7as imediatas. Por isso, prefeito eleito Alcides Bernal, entendo que seu capital pol\u00edtico, consagrado pelas urnas, lhe d\u00e1 condi\u00e7\u00f5es mais do que efetivas para essas a\u00e7\u00f5es. No universo de quest\u00f5es debatidas (sa\u00fade, mobilidade urbana e viol\u00eancia no tr\u00e2nsito, IPTU, tarifa de \u00f4nibus, descentraliza\u00e7\u00e3o administrativa), evidente que algumas v\u00e3o necessitar de um tempo maior para resolu\u00e7\u00f5es definitivas. Contudo, no caso do IPTU e da tarifa de \u00f4nibus, j\u00e1 h\u00e1 a chance de a\u00e7\u00f5es incisivas para mudar em definitivo a dire\u00e7\u00e3o que a atual administra\u00e7\u00e3o escolheu para a Capital trilhar.<\/p>\n<p>A agenda de decis\u00f5es sobre o futuro de Campo Grande n\u00e3o pode ser pautada por aqueles que tiveram 20 anos para faz\u00ea-lo e n\u00e3o o fizeram. Entendo que Alcides Bernal, com a legitimidade do voto, \u00e9 o verdadeiro condutor das proposi\u00e7\u00f5es sobre o futuro da cidade nesse momento.<\/p>\n<p>Que n\u00e3o nos enganemos. Os que est\u00e3o no poder h\u00e1 duas d\u00e9cadas n\u00e3o v\u00e3o deix\u00e1-lo facilmente tampouco pretendem simplificar as tarefas da nova gest\u00e3o que est\u00e1 por vir, pelo menos n\u00e3o o quanto seria recomend\u00e1vel pelos processos democr\u00e1ticos contempor\u00e2neos.<\/p>\n<p><em>*Deputado Federal (PT-MS)<\/em><\/p>\n","protected":false},"excerpt":{"rendered":"<p>Artigo de Vander Loubet a respeito das press\u00f5es sobre Alcides Bernal e sobre as possibilidades de mudan\u00e7as imediatas.<\/p>\n","protected":false},"author":2,"featured_media":9797,"comment_status":"closed","ping_status":"open","sticky":false,"template":"","format":"standard","meta":{"jetpack_post_was_ever_published":false,"_jetpack_newsletter_access":"","_jetpack_dont_email_post_to_subs":false,"_jetpack_newsletter_tier_id":0,"_jetpack_memberships_contains_paywalled_content":false,"_jetpack_memberships_contains_paid_content":false,"footnotes":""},"categories":[11],"tags":[2337,2154,2259],"class_list":{"0":"post-5866","1":"post","2":"type-post","3":"status-publish","4":"format-standard","5":"has-post-thumbnail","7":"category-opinioes","8":"tag-tarifas-publicas","9":"tag-transporte-coletivo","10":"tag-tributos-e-impostos"},"yoast_head":"<!-- This site is optimized with the Yoast SEO plugin v27.4 - https:\/\/yoast.com\/product\/yoast-seo-wordpress\/ -->\n<title>E o Bernal? Pode sim congelar o IPTU e reduzir a tarifa de \u00f4nibus<\/title>\n<meta name=\"robots\" content=\"index, follow, max-snippet:-1, max-image-preview:large, max-video-preview:-1\" \/>\n<link rel=\"canonical\" href=\"https:\/\/vanderloubet.com.br\/deputado\/e-o-bernal-pode-sim-congelar-o-iptu-e-reduzir-a-tarifa-de-onibus\/\" \/>\n<meta property=\"og:locale\" content=\"pt_BR\" \/>\n<meta property=\"og:type\" content=\"article\" \/>\n<meta property=\"og:title\" content=\"E o Bernal? Pode sim congelar o IPTU e reduzir a tarifa de \u00f4nibus\" \/>\n<meta property=\"og:description\" content=\"Artigo de Vander Loubet a respeito das press\u00f5es sobre Alcides Bernal e sobre as possibilidades de mudan\u00e7as imediatas.\" \/>\n<meta property=\"og:url\" content=\"https:\/\/vanderloubet.com.br\/deputado\/e-o-bernal-pode-sim-congelar-o-iptu-e-reduzir-a-tarifa-de-onibus\/\" \/>\n<meta property=\"og:site_name\" content=\"Deputado Federal Vander Loubet\" \/>\n<meta property=\"article:publisher\" content=\"https:\/\/facebook.com\/deputadovander\" \/>\n<meta property=\"article:published_time\" content=\"2012-11-08T16:41:29+00:00\" \/>\n<meta property=\"article:modified_time\" content=\"2015-06-02T20:42:48+00:00\" \/>\n<meta property=\"og:image\" content=\"https:\/\/vanderloubet.com.br\/deputado\/wp-content\/uploads\/2012\/11\/foto-2012-11-08-eleitores-bernal.jpg\" \/>\n\t<meta property=\"og:image:width\" content=\"720\" \/>\n\t<meta property=\"og:image:height\" content=\"480\" \/>\n\t<meta property=\"og:image:type\" content=\"image\/jpeg\" \/>\n<meta name=\"author\" content=\"\u00c9der\" \/>\n<meta name=\"twitter:card\" content=\"summary_large_image\" \/>\n<meta name=\"twitter:creator\" content=\"@vanderloubet\" \/>\n<meta name=\"twitter:site\" content=\"@vanderloubet\" \/>\n<script type=\"application\/ld+json\" class=\"yoast-schema-graph\">{\"@context\":\"https:\\\/\\\/schema.org\",\"@graph\":[{\"@type\":\"Article\",\"@id\":\"https:\\\/\\\/vanderloubet.com.br\\\/deputado\\\/e-o-bernal-pode-sim-congelar-o-iptu-e-reduzir-a-tarifa-de-onibus\\\/#article\",\"isPartOf\":{\"@id\":\"https:\\\/\\\/vanderloubet.com.br\\\/deputado\\\/e-o-bernal-pode-sim-congelar-o-iptu-e-reduzir-a-tarifa-de-onibus\\\/\"},\"author\":{\"name\":\"\u00c9der\",\"@id\":\"https:\\\/\\\/vanderloubet.com.br\\\/deputado\\\/#\\\/schema\\\/person\\\/15b51bd564532a8a68d9dec1b8eb890e\"},\"headline\":\"E o Bernal? Pode sim congelar o IPTU e reduzir a tarifa de \u00f4nibus\",\"datePublished\":\"2012-11-08T16:41:29+00:00\",\"dateModified\":\"2015-06-02T20:42:48+00:00\",\"mainEntityOfPage\":{\"@id\":\"https:\\\/\\\/vanderloubet.com.br\\\/deputado\\\/e-o-bernal-pode-sim-congelar-o-iptu-e-reduzir-a-tarifa-de-onibus\\\/\"},\"wordCount\":671,\"publisher\":{\"@id\":\"https:\\\/\\\/vanderloubet.com.br\\\/deputado\\\/#organization\"},\"image\":{\"@id\":\"https:\\\/\\\/vanderloubet.com.br\\\/deputado\\\/e-o-bernal-pode-sim-congelar-o-iptu-e-reduzir-a-tarifa-de-onibus\\\/#primaryimage\"},\"thumbnailUrl\":\"https:\\\/\\\/vanderloubet.com.br\\\/deputado\\\/wp-content\\\/uploads\\\/2012\\\/11\\\/foto-2012-11-08-eleitores-bernal.jpg\",\"keywords\":[\"tarifas p\u00fablicas\",\"transporte coletivo\",\"tributos e impostos\"],\"articleSection\":[\"Opini\u00e3o\"],\"inLanguage\":\"pt-BR\"},{\"@type\":\"WebPage\",\"@id\":\"https:\\\/\\\/vanderloubet.com.br\\\/deputado\\\/e-o-bernal-pode-sim-congelar-o-iptu-e-reduzir-a-tarifa-de-onibus\\\/\",\"url\":\"https:\\\/\\\/vanderloubet.com.br\\\/deputado\\\/e-o-bernal-pode-sim-congelar-o-iptu-e-reduzir-a-tarifa-de-onibus\\\/\",\"name\":\"E o Bernal? Pode sim congelar o IPTU e reduzir a tarifa de \u00f4nibus\",\"isPartOf\":{\"@id\":\"https:\\\/\\\/vanderloubet.com.br\\\/deputado\\\/#website\"},\"primaryImageOfPage\":{\"@id\":\"https:\\\/\\\/vanderloubet.com.br\\\/deputado\\\/e-o-bernal-pode-sim-congelar-o-iptu-e-reduzir-a-tarifa-de-onibus\\\/#primaryimage\"},\"image\":{\"@id\":\"https:\\\/\\\/vanderloubet.com.br\\\/deputado\\\/e-o-bernal-pode-sim-congelar-o-iptu-e-reduzir-a-tarifa-de-onibus\\\/#primaryimage\"},\"thumbnailUrl\":\"https:\\\/\\\/vanderloubet.com.br\\\/deputado\\\/wp-content\\\/uploads\\\/2012\\\/11\\\/foto-2012-11-08-eleitores-bernal.jpg\",\"datePublished\":\"2012-11-08T16:41:29+00:00\",\"dateModified\":\"2015-06-02T20:42:48+00:00\",\"breadcrumb\":{\"@id\":\"https:\\\/\\\/vanderloubet.com.br\\\/deputado\\\/e-o-bernal-pode-sim-congelar-o-iptu-e-reduzir-a-tarifa-de-onibus\\\/#breadcrumb\"},\"inLanguage\":\"pt-BR\",\"potentialAction\":[{\"@type\":\"ReadAction\",\"target\":[\"https:\\\/\\\/vanderloubet.com.br\\\/deputado\\\/e-o-bernal-pode-sim-congelar-o-iptu-e-reduzir-a-tarifa-de-onibus\\\/\"]}]},{\"@type\":\"ImageObject\",\"inLanguage\":\"pt-BR\",\"@id\":\"https:\\\/\\\/vanderloubet.com.br\\\/deputado\\\/e-o-bernal-pode-sim-congelar-o-iptu-e-reduzir-a-tarifa-de-onibus\\\/#primaryimage\",\"url\":\"https:\\\/\\\/vanderloubet.com.br\\\/deputado\\\/wp-content\\\/uploads\\\/2012\\\/11\\\/foto-2012-11-08-eleitores-bernal.jpg\",\"contentUrl\":\"https:\\\/\\\/vanderloubet.com.br\\\/deputado\\\/wp-content\\\/uploads\\\/2012\\\/11\\\/foto-2012-11-08-eleitores-bernal.jpg\",\"width\":900,\"height\":600,\"caption\":\"Campo-grandenses clamaramm por mudan\u00e7as imediatas\"},{\"@type\":\"BreadcrumbList\",\"@id\":\"https:\\\/\\\/vanderloubet.com.br\\\/deputado\\\/e-o-bernal-pode-sim-congelar-o-iptu-e-reduzir-a-tarifa-de-onibus\\\/#breadcrumb\",\"itemListElement\":[{\"@type\":\"ListItem\",\"position\":1,\"name\":\"In\u00edcio\",\"item\":\"https:\\\/\\\/vanderloubet.com.br\\\/deputado\\\/\"},{\"@type\":\"ListItem\",\"position\":2,\"name\":\"E o Bernal? Pode sim congelar o IPTU e reduzir a tarifa de \u00f4nibus\"}]},{\"@type\":\"WebSite\",\"@id\":\"https:\\\/\\\/vanderloubet.com.br\\\/deputado\\\/#website\",\"url\":\"https:\\\/\\\/vanderloubet.com.br\\\/deputado\\\/\",\"name\":\"Deputado Federal Vander Loubet\",\"description\":\"O Federal de MS\",\"publisher\":{\"@id\":\"https:\\\/\\\/vanderloubet.com.br\\\/deputado\\\/#organization\"},\"alternateName\":\"Deputado Vander\",\"potentialAction\":[{\"@type\":\"SearchAction\",\"target\":{\"@type\":\"EntryPoint\",\"urlTemplate\":\"https:\\\/\\\/vanderloubet.com.br\\\/deputado\\\/?s={search_term_string}\"},\"query-input\":{\"@type\":\"PropertyValueSpecification\",\"valueRequired\":true,\"valueName\":\"search_term_string\"}}],\"inLanguage\":\"pt-BR\"},{\"@type\":\"Organization\",\"@id\":\"https:\\\/\\\/vanderloubet.com.br\\\/deputado\\\/#organization\",\"name\":\"Deputado Federal Vander Loubet\",\"alternateName\":\"Deputado Vander\",\"url\":\"https:\\\/\\\/vanderloubet.com.br\\\/deputado\\\/\",\"logo\":{\"@type\":\"ImageObject\",\"inLanguage\":\"pt-BR\",\"@id\":\"https:\\\/\\\/vanderloubet.com.br\\\/deputado\\\/#\\\/schema\\\/logo\\\/image\\\/\",\"url\":\"https:\\\/\\\/vanderloubet.com.br\\\/deputado\\\/wp-content\\\/uploads\\\/2023\\\/06\\\/foto-2023-06-19-mandato-deputado-vander.jpg\",\"contentUrl\":\"https:\\\/\\\/vanderloubet.com.br\\\/deputado\\\/wp-content\\\/uploads\\\/2023\\\/06\\\/foto-2023-06-19-mandato-deputado-vander.jpg\",\"width\":1080,\"height\":1080,\"caption\":\"Deputado Federal Vander Loubet\"},\"image\":{\"@id\":\"https:\\\/\\\/vanderloubet.com.br\\\/deputado\\\/#\\\/schema\\\/logo\\\/image\\\/\"},\"sameAs\":[\"https:\\\/\\\/facebook.com\\\/deputadovander\",\"https:\\\/\\\/x.com\\\/vanderloubet\",\"https:\\\/\\\/instagram.com\\\/vanderloubet\",\"https:\\\/\\\/youtube.com\\\/vanderloubet\",\"https:\\\/\\\/tiktok.com\\\/@vanderloubetms\"]},{\"@type\":\"Person\",\"@id\":\"https:\\\/\\\/vanderloubet.com.br\\\/deputado\\\/#\\\/schema\\\/person\\\/15b51bd564532a8a68d9dec1b8eb890e\",\"name\":\"\u00c9der\",\"image\":{\"@type\":\"ImageObject\",\"inLanguage\":\"pt-BR\",\"@id\":\"https:\\\/\\\/vanderloubet.com.br\\\/deputado\\\/wp-content\\\/litespeed\\\/avatar\\\/88ca4090d9d5ab1c9495f6ca03b68efa.jpg?ver=1777058957\",\"url\":\"https:\\\/\\\/vanderloubet.com.br\\\/deputado\\\/wp-content\\\/litespeed\\\/avatar\\\/88ca4090d9d5ab1c9495f6ca03b68efa.jpg?ver=1777058957\",\"contentUrl\":\"https:\\\/\\\/vanderloubet.com.br\\\/deputado\\\/wp-content\\\/litespeed\\\/avatar\\\/88ca4090d9d5ab1c9495f6ca03b68efa.jpg?ver=1777058957\",\"caption\":\"\u00c9der\"}}]}<\/script>\n<!-- \/ Yoast SEO plugin. -->","yoast_head_json":{"title":"E o Bernal? Pode sim congelar o IPTU e reduzir a tarifa de \u00f4nibus","robots":{"index":"index","follow":"follow","max-snippet":"max-snippet:-1","max-image-preview":"max-image-preview:large","max-video-preview":"max-video-preview:-1"},"canonical":"https:\/\/vanderloubet.com.br\/deputado\/e-o-bernal-pode-sim-congelar-o-iptu-e-reduzir-a-tarifa-de-onibus\/","og_locale":"pt_BR","og_type":"article","og_title":"E o Bernal? Pode sim congelar o IPTU e reduzir a tarifa de \u00f4nibus","og_description":"Artigo de Vander Loubet a respeito das press\u00f5es sobre Alcides Bernal e sobre as possibilidades de mudan\u00e7as imediatas.","og_url":"https:\/\/vanderloubet.com.br\/deputado\/e-o-bernal-pode-sim-congelar-o-iptu-e-reduzir-a-tarifa-de-onibus\/","og_site_name":"Deputado Federal Vander Loubet","article_publisher":"https:\/\/facebook.com\/deputadovander","article_published_time":"2012-11-08T16:41:29+00:00","article_modified_time":"2015-06-02T20:42:48+00:00","og_image":[{"width":720,"height":480,"url":"https:\/\/vanderloubet.com.br\/deputado\/wp-content\/uploads\/2012\/11\/foto-2012-11-08-eleitores-bernal.jpg","type":"image\/jpeg"}],"author":"\u00c9der","twitter_card":"summary_large_image","twitter_creator":"@vanderloubet","twitter_site":"@vanderloubet","schema":{"@context":"https:\/\/schema.org","@graph":[{"@type":"Article","@id":"https:\/\/vanderloubet.com.br\/deputado\/e-o-bernal-pode-sim-congelar-o-iptu-e-reduzir-a-tarifa-de-onibus\/#article","isPartOf":{"@id":"https:\/\/vanderloubet.com.br\/deputado\/e-o-bernal-pode-sim-congelar-o-iptu-e-reduzir-a-tarifa-de-onibus\/"},"author":{"name":"\u00c9der","@id":"https:\/\/vanderloubet.com.br\/deputado\/#\/schema\/person\/15b51bd564532a8a68d9dec1b8eb890e"},"headline":"E o Bernal? Pode sim congelar o IPTU e reduzir a tarifa de \u00f4nibus","datePublished":"2012-11-08T16:41:29+00:00","dateModified":"2015-06-02T20:42:48+00:00","mainEntityOfPage":{"@id":"https:\/\/vanderloubet.com.br\/deputado\/e-o-bernal-pode-sim-congelar-o-iptu-e-reduzir-a-tarifa-de-onibus\/"},"wordCount":671,"publisher":{"@id":"https:\/\/vanderloubet.com.br\/deputado\/#organization"},"image":{"@id":"https:\/\/vanderloubet.com.br\/deputado\/e-o-bernal-pode-sim-congelar-o-iptu-e-reduzir-a-tarifa-de-onibus\/#primaryimage"},"thumbnailUrl":"https:\/\/vanderloubet.com.br\/deputado\/wp-content\/uploads\/2012\/11\/foto-2012-11-08-eleitores-bernal.jpg","keywords":["tarifas p\u00fablicas","transporte coletivo","tributos e impostos"],"articleSection":["Opini\u00e3o"],"inLanguage":"pt-BR"},{"@type":"WebPage","@id":"https:\/\/vanderloubet.com.br\/deputado\/e-o-bernal-pode-sim-congelar-o-iptu-e-reduzir-a-tarifa-de-onibus\/","url":"https:\/\/vanderloubet.com.br\/deputado\/e-o-bernal-pode-sim-congelar-o-iptu-e-reduzir-a-tarifa-de-onibus\/","name":"E o Bernal? Pode sim congelar o IPTU e reduzir a tarifa de \u00f4nibus","isPartOf":{"@id":"https:\/\/vanderloubet.com.br\/deputado\/#website"},"primaryImageOfPage":{"@id":"https:\/\/vanderloubet.com.br\/deputado\/e-o-bernal-pode-sim-congelar-o-iptu-e-reduzir-a-tarifa-de-onibus\/#primaryimage"},"image":{"@id":"https:\/\/vanderloubet.com.br\/deputado\/e-o-bernal-pode-sim-congelar-o-iptu-e-reduzir-a-tarifa-de-onibus\/#primaryimage"},"thumbnailUrl":"https:\/\/vanderloubet.com.br\/deputado\/wp-content\/uploads\/2012\/11\/foto-2012-11-08-eleitores-bernal.jpg","datePublished":"2012-11-08T16:41:29+00:00","dateModified":"2015-06-02T20:42:48+00:00","breadcrumb":{"@id":"https:\/\/vanderloubet.com.br\/deputado\/e-o-bernal-pode-sim-congelar-o-iptu-e-reduzir-a-tarifa-de-onibus\/#breadcrumb"},"inLanguage":"pt-BR","potentialAction":[{"@type":"ReadAction","target":["https:\/\/vanderloubet.com.br\/deputado\/e-o-bernal-pode-sim-congelar-o-iptu-e-reduzir-a-tarifa-de-onibus\/"]}]},{"@type":"ImageObject","inLanguage":"pt-BR","@id":"https:\/\/vanderloubet.com.br\/deputado\/e-o-bernal-pode-sim-congelar-o-iptu-e-reduzir-a-tarifa-de-onibus\/#primaryimage","url":"https:\/\/vanderloubet.com.br\/deputado\/wp-content\/uploads\/2012\/11\/foto-2012-11-08-eleitores-bernal.jpg","contentUrl":"https:\/\/vanderloubet.com.br\/deputado\/wp-content\/uploads\/2012\/11\/foto-2012-11-08-eleitores-bernal.jpg","width":900,"height":600,"caption":"Campo-grandenses clamaramm por mudan\u00e7as imediatas"},{"@type":"BreadcrumbList","@id":"https:\/\/vanderloubet.com.br\/deputado\/e-o-bernal-pode-sim-congelar-o-iptu-e-reduzir-a-tarifa-de-onibus\/#breadcrumb","itemListElement":[{"@type":"ListItem","position":1,"name":"In\u00edcio","item":"https:\/\/vanderloubet.com.br\/deputado\/"},{"@type":"ListItem","position":2,"name":"E o Bernal? Pode sim congelar o IPTU e reduzir a tarifa de \u00f4nibus"}]},{"@type":"WebSite","@id":"https:\/\/vanderloubet.com.br\/deputado\/#website","url":"https:\/\/vanderloubet.com.br\/deputado\/","name":"Deputado Federal Vander Loubet","description":"O Federal de MS","publisher":{"@id":"https:\/\/vanderloubet.com.br\/deputado\/#organization"},"alternateName":"Deputado Vander","potentialAction":[{"@type":"SearchAction","target":{"@type":"EntryPoint","urlTemplate":"https:\/\/vanderloubet.com.br\/deputado\/?s={search_term_string}"},"query-input":{"@type":"PropertyValueSpecification","valueRequired":true,"valueName":"search_term_string"}}],"inLanguage":"pt-BR"},{"@type":"Organization","@id":"https:\/\/vanderloubet.com.br\/deputado\/#organization","name":"Deputado Federal Vander Loubet","alternateName":"Deputado Vander","url":"https:\/\/vanderloubet.com.br\/deputado\/","logo":{"@type":"ImageObject","inLanguage":"pt-BR","@id":"https:\/\/vanderloubet.com.br\/deputado\/#\/schema\/logo\/image\/","url":"https:\/\/vanderloubet.com.br\/deputado\/wp-content\/uploads\/2023\/06\/foto-2023-06-19-mandato-deputado-vander.jpg","contentUrl":"https:\/\/vanderloubet.com.br\/deputado\/wp-content\/uploads\/2023\/06\/foto-2023-06-19-mandato-deputado-vander.jpg","width":1080,"height":1080,"caption":"Deputado Federal Vander Loubet"},"image":{"@id":"https:\/\/vanderloubet.com.br\/deputado\/#\/schema\/logo\/image\/"},"sameAs":["https:\/\/facebook.com\/deputadovander","https:\/\/x.com\/vanderloubet","https:\/\/instagram.com\/vanderloubet","https:\/\/youtube.com\/vanderloubet","https:\/\/tiktok.com\/@vanderloubetms"]},{"@type":"Person","@id":"https:\/\/vanderloubet.com.br\/deputado\/#\/schema\/person\/15b51bd564532a8a68d9dec1b8eb890e","name":"\u00c9der","image":{"@type":"ImageObject","inLanguage":"pt-BR","@id":"https:\/\/vanderloubet.com.br\/deputado\/wp-content\/litespeed\/avatar\/88ca4090d9d5ab1c9495f6ca03b68efa.jpg?ver=1777058957","url":"https:\/\/vanderloubet.com.br\/deputado\/wp-content\/litespeed\/avatar\/88ca4090d9d5ab1c9495f6ca03b68efa.jpg?ver=1777058957","contentUrl":"https:\/\/vanderloubet.com.br\/deputado\/wp-content\/litespeed\/avatar\/88ca4090d9d5ab1c9495f6ca03b68efa.jpg?ver=1777058957","caption":"\u00c9der"}}]}},"jetpack_featured_media_url":"https:\/\/vanderloubet.com.br\/deputado\/wp-content\/uploads\/2012\/11\/foto-2012-11-08-eleitores-bernal.jpg","jetpack_sharing_enabled":true,"_links":{"self":[{"href":"https:\/\/vanderloubet.com.br\/deputado\/wp-json\/wp\/v2\/posts\/5866","targetHints":{"allow":["GET"]}}],"collection":[{"href":"https:\/\/vanderloubet.com.br\/deputado\/wp-json\/wp\/v2\/posts"}],"about":[{"href":"https:\/\/vanderloubet.com.br\/deputado\/wp-json\/wp\/v2\/types\/post"}],"author":[{"embeddable":true,"href":"https:\/\/vanderloubet.com.br\/deputado\/wp-json\/wp\/v2\/users\/2"}],"replies":[{"embeddable":true,"href":"https:\/\/vanderloubet.com.br\/deputado\/wp-json\/wp\/v2\/comments?post=5866"}],"version-history":[{"count":0,"href":"https:\/\/vanderloubet.com.br\/deputado\/wp-json\/wp\/v2\/posts\/5866\/revisions"}],"wp:featuredmedia":[{"embeddable":true,"href":"https:\/\/vanderloubet.com.br\/deputado\/wp-json\/wp\/v2\/media\/9797"}],"wp:attachment":[{"href":"https:\/\/vanderloubet.com.br\/deputado\/wp-json\/wp\/v2\/media?parent=5866"}],"wp:term":[{"taxonomy":"category","embeddable":true,"href":"https:\/\/vanderloubet.com.br\/deputado\/wp-json\/wp\/v2\/categories?post=5866"},{"taxonomy":"post_tag","embeddable":true,"href":"https:\/\/vanderloubet.com.br\/deputado\/wp-json\/wp\/v2\/tags?post=5866"}],"curies":[{"name":"wp","href":"https:\/\/api.w.org\/{rel}","templated":true}]}}