{"id":5849,"date":"2012-11-06T09:20:47","date_gmt":"2012-11-06T13:20:47","guid":{"rendered":"http:\/\/www.deputadovander.com.br\/website\/?p=5849"},"modified":"2012-11-06T09:20:47","modified_gmt":"2012-11-06T13:20:47","slug":"em-solenidade-de-50-anos-da-ucdb-vander-loubet-e-homenageado","status":"publish","type":"post","link":"https:\/\/vanderloubet.com.br\/deputado\/em-solenidade-de-50-anos-da-ucdb-vander-loubet-e-homenageado\/","title":{"rendered":"Em solenidade de 50 anos da UCDB, Vander Loubet \u00e9 homenageado"},"content":{"rendered":"<figure id=\"attachment_5850\" aria-describedby=\"caption-attachment-5850\" style=\"width: 420px\" class=\"wp-caption aligncenter\"><a href=\"http:\/\/www.deputadovander.com.br\/website\/wp-content\/uploads\/2012\/11\/foto-2012-11-06-ucdb-50anos-vander.jpg\" target=\"_blank\"><img decoding=\"async\" class=\"size-medium wp-image-5850   \" title=\"foto-2012-11-06-ucdb-50anos-vander\" src=\"http:\/\/www.deputadovander.com.br\/website\/wp-content\/uploads\/2012\/11\/foto-2012-11-06-ucdb-50anos-vander-420x280.jpg\" alt=\"Vander Loubet ap\u00f3s receber a homenagem da UCDB\" width=\"420\" height=\"280\" \/><\/a><figcaption id=\"caption-attachment-5850\" class=\"wp-caption-text\">Vander Loubet ap\u00f3s receber a homenagem da UCDB<\/figcaption><\/figure>\n<p>A Universidade Cat\u00f3lica Dom Bosco (UCDB) realizou na noite de ontem (5), no Centro de Conven\u00e7\u00f5es Rubens Gil de Camilo, uma cerim\u00f4nia solene em homenagem aos 50 anos de presen\u00e7a salesiana na educa\u00e7\u00e3o superior de Mato Grosso do Sul. Durante o evento, a institui\u00e7\u00e3o prestou homenagens a diversas personalidades religiosas, civis, militares e pol\u00edticas que fizeram e fazem parte da hist\u00f3ria da institui\u00e7\u00e3o.<\/p>\n<p>O deputado federal Vander Loubet (PT-MS) foi um dos homenageados. Egresso do curso de Direito da UCDB (1985-1989), por ter se destacado na sociedade sul-mato-grossense pela sua atua\u00e7\u00e3o pol\u00edtica, Vander foi uma das personalidades escolhidas para representar os milhares de profissionais formados pela institui\u00e7\u00e3o.<\/p>\n<p>&#8220;Estou muito feliz por fazer parte desta festa dos 50 anos da UCDB e extremamente grato por obter esse reconhecimento e por poder representar tantos profissionais que se formaram na institui\u00e7\u00e3o. N\u00e3o h\u00e1 d\u00favida de que a educa\u00e7\u00e3o salesiana contribui e contribuiu muito com nossa capital e nosso estado&#8221;, afirmou Vander.<\/p>\n<p>Al\u00e9m de Vander, mais dois parlamentares do PT foram homenageados na solenidade: o senador Delc\u00eddio do Amaral, pelos servi\u00e7os prestados ao desenvolvimento do estado, e o deputado estadual Pedro Kemp, que assim como Vander \u00e9 egresso da UCDB e tamb\u00e9m representou os profissionais formados na universidade.<\/p>\n<p><span style=\"font-size: 11px;\">(\u00c9der Yanaguita &#8211; Assessoria\/Deputado Vander)<\/span><\/p>\n","protected":false},"excerpt":{"rendered":"<p>Egresso do curso de Direito, Vander foi uma das personalidades escolhidas para representar profissionais formados pela institui\u00e7\u00e3o.<\/p>\n","protected":false},"author":2,"featured_media":0,"comment_status":"closed","ping_status":"open","sticky":false,"template":"","format":"standard","meta":{"jetpack_post_was_ever_published":false,"_jetpack_newsletter_access":"","_jetpack_dont_email_post_to_subs":false,"_jetpack_newsletter_tier_id":0,"_jetpack_memberships_contains_paywalled_content":false,"_jetpack_memberships_contains_paid_content":false,"footnotes":""},"categories":[10],"tags":[288,384,641,665,697,881,968,1776,1999,2012],"class_list":{"0":"post-5849","1":"post","2":"type-post","3":"status-publish","4":"format-standard","6":"category-noticias","7":"tag-bosco","8":"tag-catolica","9":"tag-direito","10":"tag-dom","11":"tag-educacao","12":"tag-fucmt","13":"tag-homenagem","14":"tag-salesiana","15":"tag-ucdb","16":"tag-universidade"},"yoast_head":"<!-- This site is optimized with the Yoast SEO plugin v27.4 - https:\/\/yoast.com\/product\/yoast-seo-wordpress\/ -->\n<title>Em solenidade de 50 anos da UCDB, Vander Loubet \u00e9 homenageado<\/title>\n<meta name=\"robots\" content=\"index, follow, max-snippet:-1, max-image-preview:large, max-video-preview:-1\" \/>\n<link rel=\"canonical\" href=\"https:\/\/vanderloubet.com.br\/deputado\/em-solenidade-de-50-anos-da-ucdb-vander-loubet-e-homenageado\/\" \/>\n<meta property=\"og:locale\" content=\"pt_BR\" \/>\n<meta property=\"og:type\" content=\"article\" \/>\n<meta property=\"og:title\" content=\"Em solenidade de 50 anos da UCDB, Vander Loubet \u00e9 homenageado\" \/>\n<meta property=\"og:description\" content=\"Egresso do curso de Direito, Vander foi uma das personalidades escolhidas para representar profissionais formados pela institui\u00e7\u00e3o.\" \/>\n<meta property=\"og:url\" content=\"https:\/\/vanderloubet.com.br\/deputado\/em-solenidade-de-50-anos-da-ucdb-vander-loubet-e-homenageado\/\" \/>\n<meta property=\"og:site_name\" content=\"Deputado Federal Vander Loubet\" \/>\n<meta property=\"article:publisher\" content=\"https:\/\/facebook.com\/deputadovander\" \/>\n<meta property=\"article:published_time\" content=\"2012-11-06T13:20:47+00:00\" \/>\n<meta property=\"og:image\" content=\"http:\/\/www.deputadovander.com.br\/website\/wp-content\/uploads\/2012\/11\/foto-2012-11-06-ucdb-50anos-vander-420x280.jpg\" \/>\n<meta name=\"author\" content=\"\u00c9der\" \/>\n<meta name=\"twitter:card\" content=\"summary_large_image\" \/>\n<meta name=\"twitter:creator\" content=\"@vanderloubet\" \/>\n<meta name=\"twitter:site\" content=\"@vanderloubet\" \/>\n<script type=\"application\/ld+json\" class=\"yoast-schema-graph\">{\"@context\":\"https:\\\/\\\/schema.org\",\"@graph\":[{\"@type\":\"Article\",\"@id\":\"https:\\\/\\\/vanderloubet.com.br\\\/deputado\\\/em-solenidade-de-50-anos-da-ucdb-vander-loubet-e-homenageado\\\/#article\",\"isPartOf\":{\"@id\":\"https:\\\/\\\/vanderloubet.com.br\\\/deputado\\\/em-solenidade-de-50-anos-da-ucdb-vander-loubet-e-homenageado\\\/\"},\"author\":{\"name\":\"\u00c9der\",\"@id\":\"https:\\\/\\\/vanderloubet.com.br\\\/deputado\\\/#\\\/schema\\\/person\\\/15b51bd564532a8a68d9dec1b8eb890e\"},\"headline\":\"Em solenidade de 50 anos da UCDB, Vander Loubet \u00e9 homenageado\",\"datePublished\":\"2012-11-06T13:20:47+00:00\",\"mainEntityOfPage\":{\"@id\":\"https:\\\/\\\/vanderloubet.com.br\\\/deputado\\\/em-solenidade-de-50-anos-da-ucdb-vander-loubet-e-homenageado\\\/\"},\"wordCount\":251,\"publisher\":{\"@id\":\"https:\\\/\\\/vanderloubet.com.br\\\/deputado\\\/#organization\"},\"image\":{\"@id\":\"https:\\\/\\\/vanderloubet.com.br\\\/deputado\\\/em-solenidade-de-50-anos-da-ucdb-vander-loubet-e-homenageado\\\/#primaryimage\"},\"thumbnailUrl\":\"http:\\\/\\\/www.deputadovander.com.br\\\/website\\\/wp-content\\\/uploads\\\/2012\\\/11\\\/foto-2012-11-06-ucdb-50anos-vander-420x280.jpg\",\"keywords\":[\"bosco\",\"cat\u00f3lica\",\"direito\",\"dom\",\"educa\u00e7\u00e3o\",\"fucmt\",\"homenagem\",\"salesiana\",\"ucdb\",\"universidade\"],\"articleSection\":[\"Not\u00edcias\"],\"inLanguage\":\"pt-BR\"},{\"@type\":\"WebPage\",\"@id\":\"https:\\\/\\\/vanderloubet.com.br\\\/deputado\\\/em-solenidade-de-50-anos-da-ucdb-vander-loubet-e-homenageado\\\/\",\"url\":\"https:\\\/\\\/vanderloubet.com.br\\\/deputado\\\/em-solenidade-de-50-anos-da-ucdb-vander-loubet-e-homenageado\\\/\",\"name\":\"Em solenidade de 50 anos da UCDB, Vander Loubet \u00e9 homenageado\",\"isPartOf\":{\"@id\":\"https:\\\/\\\/vanderloubet.com.br\\\/deputado\\\/#website\"},\"primaryImageOfPage\":{\"@id\":\"https:\\\/\\\/vanderloubet.com.br\\\/deputado\\\/em-solenidade-de-50-anos-da-ucdb-vander-loubet-e-homenageado\\\/#primaryimage\"},\"image\":{\"@id\":\"https:\\\/\\\/vanderloubet.com.br\\\/deputado\\\/em-solenidade-de-50-anos-da-ucdb-vander-loubet-e-homenageado\\\/#primaryimage\"},\"thumbnailUrl\":\"http:\\\/\\\/www.deputadovander.com.br\\\/website\\\/wp-content\\\/uploads\\\/2012\\\/11\\\/foto-2012-11-06-ucdb-50anos-vander-420x280.jpg\",\"datePublished\":\"2012-11-06T13:20:47+00:00\",\"breadcrumb\":{\"@id\":\"https:\\\/\\\/vanderloubet.com.br\\\/deputado\\\/em-solenidade-de-50-anos-da-ucdb-vander-loubet-e-homenageado\\\/#breadcrumb\"},\"inLanguage\":\"pt-BR\",\"potentialAction\":[{\"@type\":\"ReadAction\",\"target\":[\"https:\\\/\\\/vanderloubet.com.br\\\/deputado\\\/em-solenidade-de-50-anos-da-ucdb-vander-loubet-e-homenageado\\\/\"]}]},{\"@type\":\"ImageObject\",\"inLanguage\":\"pt-BR\",\"@id\":\"https:\\\/\\\/vanderloubet.com.br\\\/deputado\\\/em-solenidade-de-50-anos-da-ucdb-vander-loubet-e-homenageado\\\/#primaryimage\",\"url\":\"http:\\\/\\\/www.deputadovander.com.br\\\/website\\\/wp-content\\\/uploads\\\/2012\\\/11\\\/foto-2012-11-06-ucdb-50anos-vander-420x280.jpg\",\"contentUrl\":\"http:\\\/\\\/www.deputadovander.com.br\\\/website\\\/wp-content\\\/uploads\\\/2012\\\/11\\\/foto-2012-11-06-ucdb-50anos-vander-420x280.jpg\"},{\"@type\":\"BreadcrumbList\",\"@id\":\"https:\\\/\\\/vanderloubet.com.br\\\/deputado\\\/em-solenidade-de-50-anos-da-ucdb-vander-loubet-e-homenageado\\\/#breadcrumb\",\"itemListElement\":[{\"@type\":\"ListItem\",\"position\":1,\"name\":\"In\u00edcio\",\"item\":\"https:\\\/\\\/vanderloubet.com.br\\\/deputado\\\/\"},{\"@type\":\"ListItem\",\"position\":2,\"name\":\"Em solenidade de 50 anos da UCDB, Vander Loubet \u00e9 homenageado\"}]},{\"@type\":\"WebSite\",\"@id\":\"https:\\\/\\\/vanderloubet.com.br\\\/deputado\\\/#website\",\"url\":\"https:\\\/\\\/vanderloubet.com.br\\\/deputado\\\/\",\"name\":\"Deputado Federal Vander Loubet\",\"description\":\"O Federal de MS\",\"publisher\":{\"@id\":\"https:\\\/\\\/vanderloubet.com.br\\\/deputado\\\/#organization\"},\"alternateName\":\"Deputado Vander\",\"potentialAction\":[{\"@type\":\"SearchAction\",\"target\":{\"@type\":\"EntryPoint\",\"urlTemplate\":\"https:\\\/\\\/vanderloubet.com.br\\\/deputado\\\/?s={search_term_string}\"},\"query-input\":{\"@type\":\"PropertyValueSpecification\",\"valueRequired\":true,\"valueName\":\"search_term_string\"}}],\"inLanguage\":\"pt-BR\"},{\"@type\":\"Organization\",\"@id\":\"https:\\\/\\\/vanderloubet.com.br\\\/deputado\\\/#organization\",\"name\":\"Deputado Federal Vander Loubet\",\"alternateName\":\"Deputado Vander\",\"url\":\"https:\\\/\\\/vanderloubet.com.br\\\/deputado\\\/\",\"logo\":{\"@type\":\"ImageObject\",\"inLanguage\":\"pt-BR\",\"@id\":\"https:\\\/\\\/vanderloubet.com.br\\\/deputado\\\/#\\\/schema\\\/logo\\\/image\\\/\",\"url\":\"https:\\\/\\\/vanderloubet.com.br\\\/deputado\\\/wp-content\\\/uploads\\\/2023\\\/06\\\/foto-2023-06-19-mandato-deputado-vander.jpg\",\"contentUrl\":\"https:\\\/\\\/vanderloubet.com.br\\\/deputado\\\/wp-content\\\/uploads\\\/2023\\\/06\\\/foto-2023-06-19-mandato-deputado-vander.jpg\",\"width\":1080,\"height\":1080,\"caption\":\"Deputado Federal Vander Loubet\"},\"image\":{\"@id\":\"https:\\\/\\\/vanderloubet.com.br\\\/deputado\\\/#\\\/schema\\\/logo\\\/image\\\/\"},\"sameAs\":[\"https:\\\/\\\/facebook.com\\\/deputadovander\",\"https:\\\/\\\/x.com\\\/vanderloubet\",\"https:\\\/\\\/instagram.com\\\/vanderloubet\",\"https:\\\/\\\/youtube.com\\\/vanderloubet\",\"https:\\\/\\\/tiktok.com\\\/@vanderloubetms\"]},{\"@type\":\"Person\",\"@id\":\"https:\\\/\\\/vanderloubet.com.br\\\/deputado\\\/#\\\/schema\\\/person\\\/15b51bd564532a8a68d9dec1b8eb890e\",\"name\":\"\u00c9der\",\"image\":{\"@type\":\"ImageObject\",\"inLanguage\":\"pt-BR\",\"@id\":\"https:\\\/\\\/vanderloubet.com.br\\\/deputado\\\/wp-content\\\/litespeed\\\/avatar\\\/88ca4090d9d5ab1c9495f6ca03b68efa.jpg?ver=1777058957\",\"url\":\"https:\\\/\\\/vanderloubet.com.br\\\/deputado\\\/wp-content\\\/litespeed\\\/avatar\\\/88ca4090d9d5ab1c9495f6ca03b68efa.jpg?ver=1777058957\",\"contentUrl\":\"https:\\\/\\\/vanderloubet.com.br\\\/deputado\\\/wp-content\\\/litespeed\\\/avatar\\\/88ca4090d9d5ab1c9495f6ca03b68efa.jpg?ver=1777058957\",\"caption\":\"\u00c9der\"}}]}<\/script>\n<!-- \/ Yoast SEO plugin. -->","yoast_head_json":{"title":"Em solenidade de 50 anos da UCDB, Vander Loubet \u00e9 homenageado","robots":{"index":"index","follow":"follow","max-snippet":"max-snippet:-1","max-image-preview":"max-image-preview:large","max-video-preview":"max-video-preview:-1"},"canonical":"https:\/\/vanderloubet.com.br\/deputado\/em-solenidade-de-50-anos-da-ucdb-vander-loubet-e-homenageado\/","og_locale":"pt_BR","og_type":"article","og_title":"Em solenidade de 50 anos da UCDB, Vander Loubet \u00e9 homenageado","og_description":"Egresso do curso de Direito, Vander foi uma das personalidades escolhidas para representar profissionais formados pela institui\u00e7\u00e3o.","og_url":"https:\/\/vanderloubet.com.br\/deputado\/em-solenidade-de-50-anos-da-ucdb-vander-loubet-e-homenageado\/","og_site_name":"Deputado Federal Vander Loubet","article_publisher":"https:\/\/facebook.com\/deputadovander","article_published_time":"2012-11-06T13:20:47+00:00","og_image":[{"url":"http:\/\/www.deputadovander.com.br\/website\/wp-content\/uploads\/2012\/11\/foto-2012-11-06-ucdb-50anos-vander-420x280.jpg","type":"","width":"","height":""}],"author":"\u00c9der","twitter_card":"summary_large_image","twitter_creator":"@vanderloubet","twitter_site":"@vanderloubet","schema":{"@context":"https:\/\/schema.org","@graph":[{"@type":"Article","@id":"https:\/\/vanderloubet.com.br\/deputado\/em-solenidade-de-50-anos-da-ucdb-vander-loubet-e-homenageado\/#article","isPartOf":{"@id":"https:\/\/vanderloubet.com.br\/deputado\/em-solenidade-de-50-anos-da-ucdb-vander-loubet-e-homenageado\/"},"author":{"name":"\u00c9der","@id":"https:\/\/vanderloubet.com.br\/deputado\/#\/schema\/person\/15b51bd564532a8a68d9dec1b8eb890e"},"headline":"Em solenidade de 50 anos da UCDB, Vander Loubet \u00e9 homenageado","datePublished":"2012-11-06T13:20:47+00:00","mainEntityOfPage":{"@id":"https:\/\/vanderloubet.com.br\/deputado\/em-solenidade-de-50-anos-da-ucdb-vander-loubet-e-homenageado\/"},"wordCount":251,"publisher":{"@id":"https:\/\/vanderloubet.com.br\/deputado\/#organization"},"image":{"@id":"https:\/\/vanderloubet.com.br\/deputado\/em-solenidade-de-50-anos-da-ucdb-vander-loubet-e-homenageado\/#primaryimage"},"thumbnailUrl":"http:\/\/www.deputadovander.com.br\/website\/wp-content\/uploads\/2012\/11\/foto-2012-11-06-ucdb-50anos-vander-420x280.jpg","keywords":["bosco","cat\u00f3lica","direito","dom","educa\u00e7\u00e3o","fucmt","homenagem","salesiana","ucdb","universidade"],"articleSection":["Not\u00edcias"],"inLanguage":"pt-BR"},{"@type":"WebPage","@id":"https:\/\/vanderloubet.com.br\/deputado\/em-solenidade-de-50-anos-da-ucdb-vander-loubet-e-homenageado\/","url":"https:\/\/vanderloubet.com.br\/deputado\/em-solenidade-de-50-anos-da-ucdb-vander-loubet-e-homenageado\/","name":"Em solenidade de 50 anos da UCDB, Vander Loubet \u00e9 homenageado","isPartOf":{"@id":"https:\/\/vanderloubet.com.br\/deputado\/#website"},"primaryImageOfPage":{"@id":"https:\/\/vanderloubet.com.br\/deputado\/em-solenidade-de-50-anos-da-ucdb-vander-loubet-e-homenageado\/#primaryimage"},"image":{"@id":"https:\/\/vanderloubet.com.br\/deputado\/em-solenidade-de-50-anos-da-ucdb-vander-loubet-e-homenageado\/#primaryimage"},"thumbnailUrl":"http:\/\/www.deputadovander.com.br\/website\/wp-content\/uploads\/2012\/11\/foto-2012-11-06-ucdb-50anos-vander-420x280.jpg","datePublished":"2012-11-06T13:20:47+00:00","breadcrumb":{"@id":"https:\/\/vanderloubet.com.br\/deputado\/em-solenidade-de-50-anos-da-ucdb-vander-loubet-e-homenageado\/#breadcrumb"},"inLanguage":"pt-BR","potentialAction":[{"@type":"ReadAction","target":["https:\/\/vanderloubet.com.br\/deputado\/em-solenidade-de-50-anos-da-ucdb-vander-loubet-e-homenageado\/"]}]},{"@type":"ImageObject","inLanguage":"pt-BR","@id":"https:\/\/vanderloubet.com.br\/deputado\/em-solenidade-de-50-anos-da-ucdb-vander-loubet-e-homenageado\/#primaryimage","url":"http:\/\/www.deputadovander.com.br\/website\/wp-content\/uploads\/2012\/11\/foto-2012-11-06-ucdb-50anos-vander-420x280.jpg","contentUrl":"http:\/\/www.deputadovander.com.br\/website\/wp-content\/uploads\/2012\/11\/foto-2012-11-06-ucdb-50anos-vander-420x280.jpg"},{"@type":"BreadcrumbList","@id":"https:\/\/vanderloubet.com.br\/deputado\/em-solenidade-de-50-anos-da-ucdb-vander-loubet-e-homenageado\/#breadcrumb","itemListElement":[{"@type":"ListItem","position":1,"name":"In\u00edcio","item":"https:\/\/vanderloubet.com.br\/deputado\/"},{"@type":"ListItem","position":2,"name":"Em solenidade de 50 anos da UCDB, Vander Loubet \u00e9 homenageado"}]},{"@type":"WebSite","@id":"https:\/\/vanderloubet.com.br\/deputado\/#website","url":"https:\/\/vanderloubet.com.br\/deputado\/","name":"Deputado Federal Vander Loubet","description":"O Federal de MS","publisher":{"@id":"https:\/\/vanderloubet.com.br\/deputado\/#organization"},"alternateName":"Deputado Vander","potentialAction":[{"@type":"SearchAction","target":{"@type":"EntryPoint","urlTemplate":"https:\/\/vanderloubet.com.br\/deputado\/?s={search_term_string}"},"query-input":{"@type":"PropertyValueSpecification","valueRequired":true,"valueName":"search_term_string"}}],"inLanguage":"pt-BR"},{"@type":"Organization","@id":"https:\/\/vanderloubet.com.br\/deputado\/#organization","name":"Deputado Federal Vander Loubet","alternateName":"Deputado Vander","url":"https:\/\/vanderloubet.com.br\/deputado\/","logo":{"@type":"ImageObject","inLanguage":"pt-BR","@id":"https:\/\/vanderloubet.com.br\/deputado\/#\/schema\/logo\/image\/","url":"https:\/\/vanderloubet.com.br\/deputado\/wp-content\/uploads\/2023\/06\/foto-2023-06-19-mandato-deputado-vander.jpg","contentUrl":"https:\/\/vanderloubet.com.br\/deputado\/wp-content\/uploads\/2023\/06\/foto-2023-06-19-mandato-deputado-vander.jpg","width":1080,"height":1080,"caption":"Deputado Federal Vander Loubet"},"image":{"@id":"https:\/\/vanderloubet.com.br\/deputado\/#\/schema\/logo\/image\/"},"sameAs":["https:\/\/facebook.com\/deputadovander","https:\/\/x.com\/vanderloubet","https:\/\/instagram.com\/vanderloubet","https:\/\/youtube.com\/vanderloubet","https:\/\/tiktok.com\/@vanderloubetms"]},{"@type":"Person","@id":"https:\/\/vanderloubet.com.br\/deputado\/#\/schema\/person\/15b51bd564532a8a68d9dec1b8eb890e","name":"\u00c9der","image":{"@type":"ImageObject","inLanguage":"pt-BR","@id":"https:\/\/vanderloubet.com.br\/deputado\/wp-content\/litespeed\/avatar\/88ca4090d9d5ab1c9495f6ca03b68efa.jpg?ver=1777058957","url":"https:\/\/vanderloubet.com.br\/deputado\/wp-content\/litespeed\/avatar\/88ca4090d9d5ab1c9495f6ca03b68efa.jpg?ver=1777058957","contentUrl":"https:\/\/vanderloubet.com.br\/deputado\/wp-content\/litespeed\/avatar\/88ca4090d9d5ab1c9495f6ca03b68efa.jpg?ver=1777058957","caption":"\u00c9der"}}]}},"jetpack_featured_media_url":"","jetpack_sharing_enabled":true,"_links":{"self":[{"href":"https:\/\/vanderloubet.com.br\/deputado\/wp-json\/wp\/v2\/posts\/5849","targetHints":{"allow":["GET"]}}],"collection":[{"href":"https:\/\/vanderloubet.com.br\/deputado\/wp-json\/wp\/v2\/posts"}],"about":[{"href":"https:\/\/vanderloubet.com.br\/deputado\/wp-json\/wp\/v2\/types\/post"}],"author":[{"embeddable":true,"href":"https:\/\/vanderloubet.com.br\/deputado\/wp-json\/wp\/v2\/users\/2"}],"replies":[{"embeddable":true,"href":"https:\/\/vanderloubet.com.br\/deputado\/wp-json\/wp\/v2\/comments?post=5849"}],"version-history":[{"count":0,"href":"https:\/\/vanderloubet.com.br\/deputado\/wp-json\/wp\/v2\/posts\/5849\/revisions"}],"wp:attachment":[{"href":"https:\/\/vanderloubet.com.br\/deputado\/wp-json\/wp\/v2\/media?parent=5849"}],"wp:term":[{"taxonomy":"category","embeddable":true,"href":"https:\/\/vanderloubet.com.br\/deputado\/wp-json\/wp\/v2\/categories?post=5849"},{"taxonomy":"post_tag","embeddable":true,"href":"https:\/\/vanderloubet.com.br\/deputado\/wp-json\/wp\/v2\/tags?post=5849"}],"curies":[{"name":"wp","href":"https:\/\/api.w.org\/{rel}","templated":true}]}}