{"id":5746,"date":"2012-10-17T10:57:19","date_gmt":"2012-10-17T14:57:19","guid":{"rendered":"http:\/\/www.deputadovander.com.br\/website\/?p=5746"},"modified":"2012-10-17T10:57:19","modified_gmt":"2012-10-17T14:57:19","slug":"asfalto-do-sol-nascente-em-navirai-sera-feito-por-empresa-da-cidade","status":"publish","type":"post","link":"https:\/\/vanderloubet.com.br\/deputado\/asfalto-do-sol-nascente-em-navirai-sera-feito-por-empresa-da-cidade\/","title":{"rendered":"Asfalto do Sol Nascente em Navira\u00ed ser\u00e1 feito por empresa da cidade"},"content":{"rendered":"<figure id=\"attachment_5747\" aria-describedby=\"caption-attachment-5747\" style=\"width: 420px\" class=\"wp-caption aligncenter\"><a href=\"http:\/\/www.deputadovander.com.br\/website\/wp-content\/uploads\/2012\/10\/foto-2012-10-17-vander-loubet-gallo-navirai.jpg\" target=\"_blank\"><img decoding=\"async\" class=\"size-medium wp-image-5747 \" title=\"foto-2012-10-17-vander-loubet-gallo-navirai\" src=\"http:\/\/www.deputadovander.com.br\/website\/wp-content\/uploads\/2012\/10\/foto-2012-10-17-vander-loubet-gallo-navirai-420x280.jpg\" alt=\"Deputado Vander e vereador Gallo em Navira\u00ed\" width=\"420\" height=\"280\" \/><\/a><figcaption id=\"caption-attachment-5747\" class=\"wp-caption-text\">Deputado Vander e vereador Gallo em Navira\u00ed<\/figcaption><\/figure>\n<p>A comunidade do Sol Nascente, em Navira\u00ed, j\u00e1 tem o nome da empresa que executar\u00e1 as obras de pavimenta\u00e7\u00e3o asf\u00e1ltica nas ruas do bairro. A empresa local Concrenavi venceu a licita\u00e7\u00e3o realizada no \u00faltimo dia 27 de setembro, e agora tem o prazo de 150 dias para execu\u00e7\u00e3o da obra.<\/p>\n<p>O gerente de obras da Prefeitura, Gesse da Silva Andrade, comemorou o feito. &#8220;Temos sido cobrados constantemente pelos moradores, pelo prefeito e pelo vereador [Jos\u00e9 Odair] Gallo, que viabilizou o recurso para a obra junto ao deputado federal Vander Loubet. Portanto, \u00e9 \u00f3timo ver a obra sendo encaminhada&#8221;.<\/p>\n<p>J\u00e1 o deputado Vander destacou a satisfa\u00e7\u00e3o em concluir mais uma tarefa em prol de Mato Grosso do Sul. &#8220;Atender aos moradores do Sol Nascente e \u00e0 popula\u00e7\u00e3o de Navira\u00ed \u00e9 motivo de muita alegria para mim como parlamentar e refor\u00e7a ainda mais o compromisso que tenho com nossos munic\u00edpios&#8221;, afirmou.<\/p>\n<p>O vice-prefeito Ronaldo Botelho, que tamb\u00e9m esteve em Bras\u00edlia com vereadores para intervir junto a Vander, afirmou que sempre confiou no deputado petista, que transmitiu seguran\u00e7a aos moradores ao cumprir o compromisso de destinar emenda parlamentar para pavimentar o bairro. Al\u00e9m disso, informou que Vander est\u00e1 trabalhando para viabilizar o restante da pavimenta\u00e7\u00e3o asf\u00e1ltica do Bairro Sol Nascente.<\/p>\n<p><span style=\"font-size: 11px;\">(Fonte: Portal T\u00e1NaM\u00eddia Navira\u00ed)<\/span><\/p>\n","protected":false},"excerpt":{"rendered":"<p>Obra ser\u00e1 executada a pedido do vereador Gallo com recurso viabilizado por emenda parlamentar do deputado Vander.<\/p>\n","protected":false},"author":2,"featured_media":0,"comment_status":"closed","ping_status":"open","sticky":false,"template":"","format":"standard","meta":{"jetpack_post_was_ever_published":false,"_jetpack_newsletter_access":"","_jetpack_dont_email_post_to_subs":false,"_jetpack_newsletter_tier_id":0,"_jetpack_memberships_contains_paywalled_content":false,"_jetpack_memberships_contains_paid_content":false,"footnotes":""},"categories":[10],"tags":[129,189,190,234,290,709,900,911,913,1358,1366,1409,1483,1507,1607,1752,1882,2047,2056],"class_list":{"0":"post-5746","1":"post","2":"type-post","3":"status-publish","4":"format-standard","6":"category-noticias","7":"tag-andrade","8":"tag-asfaltica","9":"tag-asfalto","10":"tag-bairro","11":"tag-botelho","12":"tag-emenda","13":"tag-gallo","14":"tag-gerente","15":"tag-gesse","16":"tag-nascente","17":"tag-navirai","18":"tag-obras","19":"tag-parlamentar","20":"tag-pavimentacao","21":"tag-prefeito","22":"tag-ronaldo","23":"tag-sol","24":"tag-vereador","25":"tag-vice"},"yoast_head":"<!-- This site is optimized with the Yoast SEO plugin v27.4 - https:\/\/yoast.com\/product\/yoast-seo-wordpress\/ -->\n<title>Asfalto do Sol Nascente em Navira\u00ed ser\u00e1 feito por empresa da cidade<\/title>\n<meta name=\"robots\" content=\"index, follow, max-snippet:-1, max-image-preview:large, max-video-preview:-1\" \/>\n<link rel=\"canonical\" href=\"https:\/\/vanderloubet.com.br\/deputado\/asfalto-do-sol-nascente-em-navirai-sera-feito-por-empresa-da-cidade\/\" \/>\n<meta property=\"og:locale\" content=\"pt_BR\" \/>\n<meta property=\"og:type\" content=\"article\" \/>\n<meta property=\"og:title\" content=\"Asfalto do Sol Nascente em Navira\u00ed ser\u00e1 feito por empresa da cidade\" \/>\n<meta property=\"og:description\" content=\"Obra ser\u00e1 executada a pedido do vereador Gallo com recurso viabilizado por emenda parlamentar do deputado Vander.\" \/>\n<meta property=\"og:url\" content=\"https:\/\/vanderloubet.com.br\/deputado\/asfalto-do-sol-nascente-em-navirai-sera-feito-por-empresa-da-cidade\/\" \/>\n<meta property=\"og:site_name\" content=\"Deputado Federal Vander Loubet\" \/>\n<meta property=\"article:publisher\" content=\"https:\/\/facebook.com\/deputadovander\" \/>\n<meta property=\"article:published_time\" content=\"2012-10-17T14:57:19+00:00\" \/>\n<meta property=\"og:image\" content=\"http:\/\/www.deputadovander.com.br\/website\/wp-content\/uploads\/2012\/10\/foto-2012-10-17-vander-loubet-gallo-navirai-420x280.jpg\" \/>\n<meta name=\"author\" content=\"\u00c9der\" \/>\n<meta name=\"twitter:card\" content=\"summary_large_image\" \/>\n<meta name=\"twitter:creator\" content=\"@vanderloubet\" \/>\n<meta name=\"twitter:site\" content=\"@vanderloubet\" \/>\n<script type=\"application\/ld+json\" class=\"yoast-schema-graph\">{\"@context\":\"https:\\\/\\\/schema.org\",\"@graph\":[{\"@type\":\"Article\",\"@id\":\"https:\\\/\\\/vanderloubet.com.br\\\/deputado\\\/asfalto-do-sol-nascente-em-navirai-sera-feito-por-empresa-da-cidade\\\/#article\",\"isPartOf\":{\"@id\":\"https:\\\/\\\/vanderloubet.com.br\\\/deputado\\\/asfalto-do-sol-nascente-em-navirai-sera-feito-por-empresa-da-cidade\\\/\"},\"author\":{\"name\":\"\u00c9der\",\"@id\":\"https:\\\/\\\/vanderloubet.com.br\\\/deputado\\\/#\\\/schema\\\/person\\\/15b51bd564532a8a68d9dec1b8eb890e\"},\"headline\":\"Asfalto do Sol Nascente em Navira\u00ed ser\u00e1 feito por empresa da cidade\",\"datePublished\":\"2012-10-17T14:57:19+00:00\",\"mainEntityOfPage\":{\"@id\":\"https:\\\/\\\/vanderloubet.com.br\\\/deputado\\\/asfalto-do-sol-nascente-em-navirai-sera-feito-por-empresa-da-cidade\\\/\"},\"wordCount\":249,\"publisher\":{\"@id\":\"https:\\\/\\\/vanderloubet.com.br\\\/deputado\\\/#organization\"},\"image\":{\"@id\":\"https:\\\/\\\/vanderloubet.com.br\\\/deputado\\\/asfalto-do-sol-nascente-em-navirai-sera-feito-por-empresa-da-cidade\\\/#primaryimage\"},\"thumbnailUrl\":\"http:\\\/\\\/www.deputadovander.com.br\\\/website\\\/wp-content\\\/uploads\\\/2012\\\/10\\\/foto-2012-10-17-vander-loubet-gallo-navirai-420x280.jpg\",\"keywords\":[\"andrade\",\"asf\u00e1ltica\",\"asfalto\",\"bairro\",\"botelho\",\"emenda\",\"gallo\",\"gerente\",\"gesse\",\"nascente\",\"navira\u00ed\",\"obras\",\"parlamentar\",\"pavimenta\u00e7\u00e3o\",\"prefeito\",\"ronaldo\",\"sol\",\"vereador\",\"vice\"],\"articleSection\":[\"Not\u00edcias\"],\"inLanguage\":\"pt-BR\"},{\"@type\":\"WebPage\",\"@id\":\"https:\\\/\\\/vanderloubet.com.br\\\/deputado\\\/asfalto-do-sol-nascente-em-navirai-sera-feito-por-empresa-da-cidade\\\/\",\"url\":\"https:\\\/\\\/vanderloubet.com.br\\\/deputado\\\/asfalto-do-sol-nascente-em-navirai-sera-feito-por-empresa-da-cidade\\\/\",\"name\":\"Asfalto do Sol Nascente em Navira\u00ed ser\u00e1 feito por empresa da cidade\",\"isPartOf\":{\"@id\":\"https:\\\/\\\/vanderloubet.com.br\\\/deputado\\\/#website\"},\"primaryImageOfPage\":{\"@id\":\"https:\\\/\\\/vanderloubet.com.br\\\/deputado\\\/asfalto-do-sol-nascente-em-navirai-sera-feito-por-empresa-da-cidade\\\/#primaryimage\"},\"image\":{\"@id\":\"https:\\\/\\\/vanderloubet.com.br\\\/deputado\\\/asfalto-do-sol-nascente-em-navirai-sera-feito-por-empresa-da-cidade\\\/#primaryimage\"},\"thumbnailUrl\":\"http:\\\/\\\/www.deputadovander.com.br\\\/website\\\/wp-content\\\/uploads\\\/2012\\\/10\\\/foto-2012-10-17-vander-loubet-gallo-navirai-420x280.jpg\",\"datePublished\":\"2012-10-17T14:57:19+00:00\",\"breadcrumb\":{\"@id\":\"https:\\\/\\\/vanderloubet.com.br\\\/deputado\\\/asfalto-do-sol-nascente-em-navirai-sera-feito-por-empresa-da-cidade\\\/#breadcrumb\"},\"inLanguage\":\"pt-BR\",\"potentialAction\":[{\"@type\":\"ReadAction\",\"target\":[\"https:\\\/\\\/vanderloubet.com.br\\\/deputado\\\/asfalto-do-sol-nascente-em-navirai-sera-feito-por-empresa-da-cidade\\\/\"]}]},{\"@type\":\"ImageObject\",\"inLanguage\":\"pt-BR\",\"@id\":\"https:\\\/\\\/vanderloubet.com.br\\\/deputado\\\/asfalto-do-sol-nascente-em-navirai-sera-feito-por-empresa-da-cidade\\\/#primaryimage\",\"url\":\"http:\\\/\\\/www.deputadovander.com.br\\\/website\\\/wp-content\\\/uploads\\\/2012\\\/10\\\/foto-2012-10-17-vander-loubet-gallo-navirai-420x280.jpg\",\"contentUrl\":\"http:\\\/\\\/www.deputadovander.com.br\\\/website\\\/wp-content\\\/uploads\\\/2012\\\/10\\\/foto-2012-10-17-vander-loubet-gallo-navirai-420x280.jpg\"},{\"@type\":\"BreadcrumbList\",\"@id\":\"https:\\\/\\\/vanderloubet.com.br\\\/deputado\\\/asfalto-do-sol-nascente-em-navirai-sera-feito-por-empresa-da-cidade\\\/#breadcrumb\",\"itemListElement\":[{\"@type\":\"ListItem\",\"position\":1,\"name\":\"In\u00edcio\",\"item\":\"https:\\\/\\\/vanderloubet.com.br\\\/deputado\\\/\"},{\"@type\":\"ListItem\",\"position\":2,\"name\":\"Asfalto do Sol Nascente em Navira\u00ed ser\u00e1 feito por empresa da cidade\"}]},{\"@type\":\"WebSite\",\"@id\":\"https:\\\/\\\/vanderloubet.com.br\\\/deputado\\\/#website\",\"url\":\"https:\\\/\\\/vanderloubet.com.br\\\/deputado\\\/\",\"name\":\"Deputado Federal Vander Loubet\",\"description\":\"O Federal de MS\",\"publisher\":{\"@id\":\"https:\\\/\\\/vanderloubet.com.br\\\/deputado\\\/#organization\"},\"alternateName\":\"Deputado Vander\",\"potentialAction\":[{\"@type\":\"SearchAction\",\"target\":{\"@type\":\"EntryPoint\",\"urlTemplate\":\"https:\\\/\\\/vanderloubet.com.br\\\/deputado\\\/?s={search_term_string}\"},\"query-input\":{\"@type\":\"PropertyValueSpecification\",\"valueRequired\":true,\"valueName\":\"search_term_string\"}}],\"inLanguage\":\"pt-BR\"},{\"@type\":\"Organization\",\"@id\":\"https:\\\/\\\/vanderloubet.com.br\\\/deputado\\\/#organization\",\"name\":\"Deputado Federal Vander Loubet\",\"alternateName\":\"Deputado Vander\",\"url\":\"https:\\\/\\\/vanderloubet.com.br\\\/deputado\\\/\",\"logo\":{\"@type\":\"ImageObject\",\"inLanguage\":\"pt-BR\",\"@id\":\"https:\\\/\\\/vanderloubet.com.br\\\/deputado\\\/#\\\/schema\\\/logo\\\/image\\\/\",\"url\":\"https:\\\/\\\/vanderloubet.com.br\\\/deputado\\\/wp-content\\\/uploads\\\/2023\\\/06\\\/foto-2023-06-19-mandato-deputado-vander.jpg\",\"contentUrl\":\"https:\\\/\\\/vanderloubet.com.br\\\/deputado\\\/wp-content\\\/uploads\\\/2023\\\/06\\\/foto-2023-06-19-mandato-deputado-vander.jpg\",\"width\":1080,\"height\":1080,\"caption\":\"Deputado Federal Vander Loubet\"},\"image\":{\"@id\":\"https:\\\/\\\/vanderloubet.com.br\\\/deputado\\\/#\\\/schema\\\/logo\\\/image\\\/\"},\"sameAs\":[\"https:\\\/\\\/facebook.com\\\/deputadovander\",\"https:\\\/\\\/x.com\\\/vanderloubet\",\"https:\\\/\\\/instagram.com\\\/vanderloubet\",\"https:\\\/\\\/youtube.com\\\/vanderloubet\",\"https:\\\/\\\/tiktok.com\\\/@vanderloubetms\"]},{\"@type\":\"Person\",\"@id\":\"https:\\\/\\\/vanderloubet.com.br\\\/deputado\\\/#\\\/schema\\\/person\\\/15b51bd564532a8a68d9dec1b8eb890e\",\"name\":\"\u00c9der\",\"image\":{\"@type\":\"ImageObject\",\"inLanguage\":\"pt-BR\",\"@id\":\"https:\\\/\\\/vanderloubet.com.br\\\/deputado\\\/wp-content\\\/litespeed\\\/avatar\\\/88ca4090d9d5ab1c9495f6ca03b68efa.jpg?ver=1777058957\",\"url\":\"https:\\\/\\\/vanderloubet.com.br\\\/deputado\\\/wp-content\\\/litespeed\\\/avatar\\\/88ca4090d9d5ab1c9495f6ca03b68efa.jpg?ver=1777058957\",\"contentUrl\":\"https:\\\/\\\/vanderloubet.com.br\\\/deputado\\\/wp-content\\\/litespeed\\\/avatar\\\/88ca4090d9d5ab1c9495f6ca03b68efa.jpg?ver=1777058957\",\"caption\":\"\u00c9der\"}}]}<\/script>\n<!-- \/ Yoast SEO plugin. -->","yoast_head_json":{"title":"Asfalto do Sol Nascente em Navira\u00ed ser\u00e1 feito por empresa da cidade","robots":{"index":"index","follow":"follow","max-snippet":"max-snippet:-1","max-image-preview":"max-image-preview:large","max-video-preview":"max-video-preview:-1"},"canonical":"https:\/\/vanderloubet.com.br\/deputado\/asfalto-do-sol-nascente-em-navirai-sera-feito-por-empresa-da-cidade\/","og_locale":"pt_BR","og_type":"article","og_title":"Asfalto do Sol Nascente em Navira\u00ed ser\u00e1 feito por empresa da cidade","og_description":"Obra ser\u00e1 executada a pedido do vereador Gallo com recurso viabilizado por emenda parlamentar do deputado Vander.","og_url":"https:\/\/vanderloubet.com.br\/deputado\/asfalto-do-sol-nascente-em-navirai-sera-feito-por-empresa-da-cidade\/","og_site_name":"Deputado Federal Vander Loubet","article_publisher":"https:\/\/facebook.com\/deputadovander","article_published_time":"2012-10-17T14:57:19+00:00","og_image":[{"url":"http:\/\/www.deputadovander.com.br\/website\/wp-content\/uploads\/2012\/10\/foto-2012-10-17-vander-loubet-gallo-navirai-420x280.jpg","type":"","width":"","height":""}],"author":"\u00c9der","twitter_card":"summary_large_image","twitter_creator":"@vanderloubet","twitter_site":"@vanderloubet","schema":{"@context":"https:\/\/schema.org","@graph":[{"@type":"Article","@id":"https:\/\/vanderloubet.com.br\/deputado\/asfalto-do-sol-nascente-em-navirai-sera-feito-por-empresa-da-cidade\/#article","isPartOf":{"@id":"https:\/\/vanderloubet.com.br\/deputado\/asfalto-do-sol-nascente-em-navirai-sera-feito-por-empresa-da-cidade\/"},"author":{"name":"\u00c9der","@id":"https:\/\/vanderloubet.com.br\/deputado\/#\/schema\/person\/15b51bd564532a8a68d9dec1b8eb890e"},"headline":"Asfalto do Sol Nascente em Navira\u00ed ser\u00e1 feito por empresa da cidade","datePublished":"2012-10-17T14:57:19+00:00","mainEntityOfPage":{"@id":"https:\/\/vanderloubet.com.br\/deputado\/asfalto-do-sol-nascente-em-navirai-sera-feito-por-empresa-da-cidade\/"},"wordCount":249,"publisher":{"@id":"https:\/\/vanderloubet.com.br\/deputado\/#organization"},"image":{"@id":"https:\/\/vanderloubet.com.br\/deputado\/asfalto-do-sol-nascente-em-navirai-sera-feito-por-empresa-da-cidade\/#primaryimage"},"thumbnailUrl":"http:\/\/www.deputadovander.com.br\/website\/wp-content\/uploads\/2012\/10\/foto-2012-10-17-vander-loubet-gallo-navirai-420x280.jpg","keywords":["andrade","asf\u00e1ltica","asfalto","bairro","botelho","emenda","gallo","gerente","gesse","nascente","navira\u00ed","obras","parlamentar","pavimenta\u00e7\u00e3o","prefeito","ronaldo","sol","vereador","vice"],"articleSection":["Not\u00edcias"],"inLanguage":"pt-BR"},{"@type":"WebPage","@id":"https:\/\/vanderloubet.com.br\/deputado\/asfalto-do-sol-nascente-em-navirai-sera-feito-por-empresa-da-cidade\/","url":"https:\/\/vanderloubet.com.br\/deputado\/asfalto-do-sol-nascente-em-navirai-sera-feito-por-empresa-da-cidade\/","name":"Asfalto do Sol Nascente em Navira\u00ed ser\u00e1 feito por empresa da cidade","isPartOf":{"@id":"https:\/\/vanderloubet.com.br\/deputado\/#website"},"primaryImageOfPage":{"@id":"https:\/\/vanderloubet.com.br\/deputado\/asfalto-do-sol-nascente-em-navirai-sera-feito-por-empresa-da-cidade\/#primaryimage"},"image":{"@id":"https:\/\/vanderloubet.com.br\/deputado\/asfalto-do-sol-nascente-em-navirai-sera-feito-por-empresa-da-cidade\/#primaryimage"},"thumbnailUrl":"http:\/\/www.deputadovander.com.br\/website\/wp-content\/uploads\/2012\/10\/foto-2012-10-17-vander-loubet-gallo-navirai-420x280.jpg","datePublished":"2012-10-17T14:57:19+00:00","breadcrumb":{"@id":"https:\/\/vanderloubet.com.br\/deputado\/asfalto-do-sol-nascente-em-navirai-sera-feito-por-empresa-da-cidade\/#breadcrumb"},"inLanguage":"pt-BR","potentialAction":[{"@type":"ReadAction","target":["https:\/\/vanderloubet.com.br\/deputado\/asfalto-do-sol-nascente-em-navirai-sera-feito-por-empresa-da-cidade\/"]}]},{"@type":"ImageObject","inLanguage":"pt-BR","@id":"https:\/\/vanderloubet.com.br\/deputado\/asfalto-do-sol-nascente-em-navirai-sera-feito-por-empresa-da-cidade\/#primaryimage","url":"http:\/\/www.deputadovander.com.br\/website\/wp-content\/uploads\/2012\/10\/foto-2012-10-17-vander-loubet-gallo-navirai-420x280.jpg","contentUrl":"http:\/\/www.deputadovander.com.br\/website\/wp-content\/uploads\/2012\/10\/foto-2012-10-17-vander-loubet-gallo-navirai-420x280.jpg"},{"@type":"BreadcrumbList","@id":"https:\/\/vanderloubet.com.br\/deputado\/asfalto-do-sol-nascente-em-navirai-sera-feito-por-empresa-da-cidade\/#breadcrumb","itemListElement":[{"@type":"ListItem","position":1,"name":"In\u00edcio","item":"https:\/\/vanderloubet.com.br\/deputado\/"},{"@type":"ListItem","position":2,"name":"Asfalto do Sol Nascente em Navira\u00ed ser\u00e1 feito por empresa da cidade"}]},{"@type":"WebSite","@id":"https:\/\/vanderloubet.com.br\/deputado\/#website","url":"https:\/\/vanderloubet.com.br\/deputado\/","name":"Deputado Federal Vander Loubet","description":"O Federal de MS","publisher":{"@id":"https:\/\/vanderloubet.com.br\/deputado\/#organization"},"alternateName":"Deputado Vander","potentialAction":[{"@type":"SearchAction","target":{"@type":"EntryPoint","urlTemplate":"https:\/\/vanderloubet.com.br\/deputado\/?s={search_term_string}"},"query-input":{"@type":"PropertyValueSpecification","valueRequired":true,"valueName":"search_term_string"}}],"inLanguage":"pt-BR"},{"@type":"Organization","@id":"https:\/\/vanderloubet.com.br\/deputado\/#organization","name":"Deputado Federal Vander Loubet","alternateName":"Deputado Vander","url":"https:\/\/vanderloubet.com.br\/deputado\/","logo":{"@type":"ImageObject","inLanguage":"pt-BR","@id":"https:\/\/vanderloubet.com.br\/deputado\/#\/schema\/logo\/image\/","url":"https:\/\/vanderloubet.com.br\/deputado\/wp-content\/uploads\/2023\/06\/foto-2023-06-19-mandato-deputado-vander.jpg","contentUrl":"https:\/\/vanderloubet.com.br\/deputado\/wp-content\/uploads\/2023\/06\/foto-2023-06-19-mandato-deputado-vander.jpg","width":1080,"height":1080,"caption":"Deputado Federal Vander Loubet"},"image":{"@id":"https:\/\/vanderloubet.com.br\/deputado\/#\/schema\/logo\/image\/"},"sameAs":["https:\/\/facebook.com\/deputadovander","https:\/\/x.com\/vanderloubet","https:\/\/instagram.com\/vanderloubet","https:\/\/youtube.com\/vanderloubet","https:\/\/tiktok.com\/@vanderloubetms"]},{"@type":"Person","@id":"https:\/\/vanderloubet.com.br\/deputado\/#\/schema\/person\/15b51bd564532a8a68d9dec1b8eb890e","name":"\u00c9der","image":{"@type":"ImageObject","inLanguage":"pt-BR","@id":"https:\/\/vanderloubet.com.br\/deputado\/wp-content\/litespeed\/avatar\/88ca4090d9d5ab1c9495f6ca03b68efa.jpg?ver=1777058957","url":"https:\/\/vanderloubet.com.br\/deputado\/wp-content\/litespeed\/avatar\/88ca4090d9d5ab1c9495f6ca03b68efa.jpg?ver=1777058957","contentUrl":"https:\/\/vanderloubet.com.br\/deputado\/wp-content\/litespeed\/avatar\/88ca4090d9d5ab1c9495f6ca03b68efa.jpg?ver=1777058957","caption":"\u00c9der"}}]}},"jetpack_featured_media_url":"","jetpack_sharing_enabled":true,"_links":{"self":[{"href":"https:\/\/vanderloubet.com.br\/deputado\/wp-json\/wp\/v2\/posts\/5746","targetHints":{"allow":["GET"]}}],"collection":[{"href":"https:\/\/vanderloubet.com.br\/deputado\/wp-json\/wp\/v2\/posts"}],"about":[{"href":"https:\/\/vanderloubet.com.br\/deputado\/wp-json\/wp\/v2\/types\/post"}],"author":[{"embeddable":true,"href":"https:\/\/vanderloubet.com.br\/deputado\/wp-json\/wp\/v2\/users\/2"}],"replies":[{"embeddable":true,"href":"https:\/\/vanderloubet.com.br\/deputado\/wp-json\/wp\/v2\/comments?post=5746"}],"version-history":[{"count":0,"href":"https:\/\/vanderloubet.com.br\/deputado\/wp-json\/wp\/v2\/posts\/5746\/revisions"}],"wp:attachment":[{"href":"https:\/\/vanderloubet.com.br\/deputado\/wp-json\/wp\/v2\/media?parent=5746"}],"wp:term":[{"taxonomy":"category","embeddable":true,"href":"https:\/\/vanderloubet.com.br\/deputado\/wp-json\/wp\/v2\/categories?post=5746"},{"taxonomy":"post_tag","embeddable":true,"href":"https:\/\/vanderloubet.com.br\/deputado\/wp-json\/wp\/v2\/tags?post=5746"}],"curies":[{"name":"wp","href":"https:\/\/api.w.org\/{rel}","templated":true}]}}