{"id":5722,"date":"2012-09-05T10:20:09","date_gmt":"2012-09-05T14:20:09","guid":{"rendered":"http:\/\/www.deputadovander.com.br\/website\/?p=5722"},"modified":"2012-09-05T10:20:09","modified_gmt":"2012-09-05T14:20:09","slug":"com-apoio-de-deputados-federais-de-ms-policia-federal-espera-reabrir-negociacao","status":"publish","type":"post","link":"https:\/\/vanderloubet.com.br\/deputado\/com-apoio-de-deputados-federais-de-ms-policia-federal-espera-reabrir-negociacao\/","title":{"rendered":"Com apoio de deputados federais de MS, Pol\u00edcia Federal espera reabrir negocia\u00e7\u00e3o"},"content":{"rendered":"<figure id=\"attachment_5723\" aria-describedby=\"caption-attachment-5723\" style=\"width: 420px\" class=\"wp-caption aligncenter\"><a href=\"http:\/\/www.deputadovander.com.br\/website\/wp-content\/uploads\/2012\/09\/foto-2012-09-05-vander-sinpefms.jpg\" target=\"_blank\"><img decoding=\"async\" class=\"size-medium wp-image-5723 \" title=\"foto-2012-09-05-vander-sinpefms\" src=\"http:\/\/www.deputadovander.com.br\/website\/wp-content\/uploads\/2012\/09\/foto-2012-09-05-vander-sinpefms-420x242.jpg\" alt=\"Vander destacou apoio aos policiais federais durante reuni\u00e3o\" width=\"420\" height=\"242\" \/><\/a><figcaption id=\"caption-attachment-5723\" class=\"wp-caption-text\">Vander destacou apoio aos policiais federais durante reuni\u00e3o<\/figcaption><\/figure>\n<p>Policiais federais de Mato Grosso do Sul se reuniram na manh\u00e3 da \u00faltima segunda-feira (3), na sede do sindicato da categoria (Sinpef-MS), para negociar sobre a continua\u00e7\u00e3o do movimento grevista. A assembleia ocorreu simultaneamente em todo o Pa\u00eds, sendo que aqui no estado contou com a participa\u00e7\u00e3o dos deputados federais Vander Loubet (PT) e F\u00e1bio Trad (PMDB).<\/p>\n<p>De acordo com a categoria, a partir de agora, a greve entra numa nova fase de negocia\u00e7\u00f5es. A proposta \u00e9 que deputados e senadores se envolvam na abertura das negocia\u00e7\u00f5es e que a greve se encaminhe para o encerramento nesta semana da p\u00e1tria.<\/p>\n<p>Os deputados se reunir\u00e3o em Bras\u00edlia para tentar abrir as negocia\u00e7\u00f5es da classe junto ao governo. Conforme Vander Loubet, a posi\u00e7\u00e3o da bancada federal vai contra o que est\u00e1 defendo a Presid\u00eancia da Rep\u00fablica. &#8220;Os deputados, inclusive do PT, t\u00eam for\u00e7ado a abertura das discuss\u00f5es e um esfor\u00e7o concentrado est\u00e1 programado para ser realizado em Bras\u00edlia com o objetivo de envolver os demais partidos&#8221;, explicou Vander. &#8220;A sa\u00edda agora \u00e9 via Congresso, for\u00e7ando uma negocia\u00e7\u00e3o com a Presid\u00eancia, com o apoio da base governista&#8221;, refor\u00e7a.<\/p>\n<p>O presidente do Sinpef-MS, Jorge Luiz Caldas, diz que \u00e9 poss\u00edvel o encerramento da greve ainda esta semana. &#8220;Concordamos que o governo nos apresente uma proposta, mesmo que seja para o pr\u00f3ximo ano e 2014. O que n\u00e3o \u00e9 poss\u00edvel \u00e9 que sequer seja apresentada uma proposta de reestrutura\u00e7\u00e3o da carreira&#8221;.<\/p>\n<p><span style=\"font-size: 11px;\">(fonte: Sinpef-MS)<\/span><\/p>\n","protected":false},"excerpt":{"rendered":"<p>De acordo com Vander, posi\u00e7\u00e3o da Bancada do PT na C\u00e2mara \u00e9 de buscar apoio de partidos para abrir negocia\u00e7\u00f5es com governo.<\/p>\n","protected":false},"author":2,"featured_media":0,"comment_status":"closed","ping_status":"open","sticky":false,"template":"","format":"standard","meta":{"jetpack_post_was_ever_published":false,"_jetpack_newsletter_access":"","_jetpack_dont_email_post_to_subs":false,"_jetpack_newsletter_tier_id":0,"_jetpack_memberships_contains_paywalled_content":false,"_jetpack_memberships_contains_paid_content":false,"footnotes":""},"categories":[10],"tags":[806,807,941,1370,1474,1570,1573,1854,1862],"class_list":{"0":"post-5722","1":"post","2":"type-post","3":"status-publish","4":"format-standard","6":"category-noticias","7":"tag-federais","8":"tag-federal","9":"tag-greve","10":"tag-negociacao","11":"tag-paralisacao","12":"tag-policia","13":"tag-policiais","14":"tag-sindicato","15":"tag-sinpef"},"yoast_head":"<!-- This site is optimized with the Yoast SEO plugin v27.4 - https:\/\/yoast.com\/product\/yoast-seo-wordpress\/ -->\n<title>Com apoio de deputados federais de MS, Pol\u00edcia Federal espera reabrir negocia\u00e7\u00e3o<\/title>\n<meta name=\"robots\" content=\"index, follow, max-snippet:-1, max-image-preview:large, max-video-preview:-1\" \/>\n<link rel=\"canonical\" href=\"https:\/\/vanderloubet.com.br\/deputado\/com-apoio-de-deputados-federais-de-ms-policia-federal-espera-reabrir-negociacao\/\" \/>\n<meta property=\"og:locale\" content=\"pt_BR\" \/>\n<meta property=\"og:type\" content=\"article\" \/>\n<meta property=\"og:title\" content=\"Com apoio de deputados federais de MS, Pol\u00edcia Federal espera reabrir negocia\u00e7\u00e3o\" \/>\n<meta property=\"og:description\" content=\"De acordo com Vander, posi\u00e7\u00e3o da Bancada do PT na C\u00e2mara \u00e9 de buscar apoio de partidos para abrir negocia\u00e7\u00f5es com governo.\" \/>\n<meta property=\"og:url\" content=\"https:\/\/vanderloubet.com.br\/deputado\/com-apoio-de-deputados-federais-de-ms-policia-federal-espera-reabrir-negociacao\/\" \/>\n<meta property=\"og:site_name\" content=\"Deputado Federal Vander Loubet\" \/>\n<meta property=\"article:publisher\" content=\"https:\/\/facebook.com\/deputadovander\" \/>\n<meta property=\"article:published_time\" content=\"2012-09-05T14:20:09+00:00\" \/>\n<meta property=\"og:image\" content=\"http:\/\/www.deputadovander.com.br\/website\/wp-content\/uploads\/2012\/09\/foto-2012-09-05-vander-sinpefms-420x242.jpg\" \/>\n<meta name=\"author\" content=\"\u00c9der\" \/>\n<meta name=\"twitter:card\" content=\"summary_large_image\" \/>\n<meta name=\"twitter:creator\" content=\"@vanderloubet\" \/>\n<meta name=\"twitter:site\" content=\"@vanderloubet\" \/>\n<script type=\"application\/ld+json\" class=\"yoast-schema-graph\">{\"@context\":\"https:\\\/\\\/schema.org\",\"@graph\":[{\"@type\":\"Article\",\"@id\":\"https:\\\/\\\/vanderloubet.com.br\\\/deputado\\\/com-apoio-de-deputados-federais-de-ms-policia-federal-espera-reabrir-negociacao\\\/#article\",\"isPartOf\":{\"@id\":\"https:\\\/\\\/vanderloubet.com.br\\\/deputado\\\/com-apoio-de-deputados-federais-de-ms-policia-federal-espera-reabrir-negociacao\\\/\"},\"author\":{\"name\":\"\u00c9der\",\"@id\":\"https:\\\/\\\/vanderloubet.com.br\\\/deputado\\\/#\\\/schema\\\/person\\\/15b51bd564532a8a68d9dec1b8eb890e\"},\"headline\":\"Com apoio de deputados federais de MS, Pol\u00edcia Federal espera reabrir negocia\u00e7\u00e3o\",\"datePublished\":\"2012-09-05T14:20:09+00:00\",\"mainEntityOfPage\":{\"@id\":\"https:\\\/\\\/vanderloubet.com.br\\\/deputado\\\/com-apoio-de-deputados-federais-de-ms-policia-federal-espera-reabrir-negociacao\\\/\"},\"wordCount\":290,\"publisher\":{\"@id\":\"https:\\\/\\\/vanderloubet.com.br\\\/deputado\\\/#organization\"},\"image\":{\"@id\":\"https:\\\/\\\/vanderloubet.com.br\\\/deputado\\\/com-apoio-de-deputados-federais-de-ms-policia-federal-espera-reabrir-negociacao\\\/#primaryimage\"},\"thumbnailUrl\":\"http:\\\/\\\/www.deputadovander.com.br\\\/website\\\/wp-content\\\/uploads\\\/2012\\\/09\\\/foto-2012-09-05-vander-sinpefms-420x242.jpg\",\"keywords\":[\"federais\",\"federal\",\"greve\",\"negocia\u00e7\u00e3o\",\"paralisa\u00e7\u00e3o\",\"pol\u00edcia\",\"policiais\",\"sindicato\",\"sinpef\"],\"articleSection\":[\"Not\u00edcias\"],\"inLanguage\":\"pt-BR\"},{\"@type\":\"WebPage\",\"@id\":\"https:\\\/\\\/vanderloubet.com.br\\\/deputado\\\/com-apoio-de-deputados-federais-de-ms-policia-federal-espera-reabrir-negociacao\\\/\",\"url\":\"https:\\\/\\\/vanderloubet.com.br\\\/deputado\\\/com-apoio-de-deputados-federais-de-ms-policia-federal-espera-reabrir-negociacao\\\/\",\"name\":\"Com apoio de deputados federais de MS, Pol\u00edcia Federal espera reabrir negocia\u00e7\u00e3o\",\"isPartOf\":{\"@id\":\"https:\\\/\\\/vanderloubet.com.br\\\/deputado\\\/#website\"},\"primaryImageOfPage\":{\"@id\":\"https:\\\/\\\/vanderloubet.com.br\\\/deputado\\\/com-apoio-de-deputados-federais-de-ms-policia-federal-espera-reabrir-negociacao\\\/#primaryimage\"},\"image\":{\"@id\":\"https:\\\/\\\/vanderloubet.com.br\\\/deputado\\\/com-apoio-de-deputados-federais-de-ms-policia-federal-espera-reabrir-negociacao\\\/#primaryimage\"},\"thumbnailUrl\":\"http:\\\/\\\/www.deputadovander.com.br\\\/website\\\/wp-content\\\/uploads\\\/2012\\\/09\\\/foto-2012-09-05-vander-sinpefms-420x242.jpg\",\"datePublished\":\"2012-09-05T14:20:09+00:00\",\"breadcrumb\":{\"@id\":\"https:\\\/\\\/vanderloubet.com.br\\\/deputado\\\/com-apoio-de-deputados-federais-de-ms-policia-federal-espera-reabrir-negociacao\\\/#breadcrumb\"},\"inLanguage\":\"pt-BR\",\"potentialAction\":[{\"@type\":\"ReadAction\",\"target\":[\"https:\\\/\\\/vanderloubet.com.br\\\/deputado\\\/com-apoio-de-deputados-federais-de-ms-policia-federal-espera-reabrir-negociacao\\\/\"]}]},{\"@type\":\"ImageObject\",\"inLanguage\":\"pt-BR\",\"@id\":\"https:\\\/\\\/vanderloubet.com.br\\\/deputado\\\/com-apoio-de-deputados-federais-de-ms-policia-federal-espera-reabrir-negociacao\\\/#primaryimage\",\"url\":\"http:\\\/\\\/www.deputadovander.com.br\\\/website\\\/wp-content\\\/uploads\\\/2012\\\/09\\\/foto-2012-09-05-vander-sinpefms-420x242.jpg\",\"contentUrl\":\"http:\\\/\\\/www.deputadovander.com.br\\\/website\\\/wp-content\\\/uploads\\\/2012\\\/09\\\/foto-2012-09-05-vander-sinpefms-420x242.jpg\"},{\"@type\":\"BreadcrumbList\",\"@id\":\"https:\\\/\\\/vanderloubet.com.br\\\/deputado\\\/com-apoio-de-deputados-federais-de-ms-policia-federal-espera-reabrir-negociacao\\\/#breadcrumb\",\"itemListElement\":[{\"@type\":\"ListItem\",\"position\":1,\"name\":\"In\u00edcio\",\"item\":\"https:\\\/\\\/vanderloubet.com.br\\\/deputado\\\/\"},{\"@type\":\"ListItem\",\"position\":2,\"name\":\"Com apoio de deputados federais de MS, Pol\u00edcia Federal espera reabrir negocia\u00e7\u00e3o\"}]},{\"@type\":\"WebSite\",\"@id\":\"https:\\\/\\\/vanderloubet.com.br\\\/deputado\\\/#website\",\"url\":\"https:\\\/\\\/vanderloubet.com.br\\\/deputado\\\/\",\"name\":\"Deputado Federal Vander Loubet\",\"description\":\"O Federal de MS\",\"publisher\":{\"@id\":\"https:\\\/\\\/vanderloubet.com.br\\\/deputado\\\/#organization\"},\"alternateName\":\"Deputado Vander\",\"potentialAction\":[{\"@type\":\"SearchAction\",\"target\":{\"@type\":\"EntryPoint\",\"urlTemplate\":\"https:\\\/\\\/vanderloubet.com.br\\\/deputado\\\/?s={search_term_string}\"},\"query-input\":{\"@type\":\"PropertyValueSpecification\",\"valueRequired\":true,\"valueName\":\"search_term_string\"}}],\"inLanguage\":\"pt-BR\"},{\"@type\":\"Organization\",\"@id\":\"https:\\\/\\\/vanderloubet.com.br\\\/deputado\\\/#organization\",\"name\":\"Deputado Federal Vander Loubet\",\"alternateName\":\"Deputado Vander\",\"url\":\"https:\\\/\\\/vanderloubet.com.br\\\/deputado\\\/\",\"logo\":{\"@type\":\"ImageObject\",\"inLanguage\":\"pt-BR\",\"@id\":\"https:\\\/\\\/vanderloubet.com.br\\\/deputado\\\/#\\\/schema\\\/logo\\\/image\\\/\",\"url\":\"https:\\\/\\\/vanderloubet.com.br\\\/deputado\\\/wp-content\\\/uploads\\\/2023\\\/06\\\/foto-2023-06-19-mandato-deputado-vander.jpg\",\"contentUrl\":\"https:\\\/\\\/vanderloubet.com.br\\\/deputado\\\/wp-content\\\/uploads\\\/2023\\\/06\\\/foto-2023-06-19-mandato-deputado-vander.jpg\",\"width\":1080,\"height\":1080,\"caption\":\"Deputado Federal Vander Loubet\"},\"image\":{\"@id\":\"https:\\\/\\\/vanderloubet.com.br\\\/deputado\\\/#\\\/schema\\\/logo\\\/image\\\/\"},\"sameAs\":[\"https:\\\/\\\/facebook.com\\\/deputadovander\",\"https:\\\/\\\/x.com\\\/vanderloubet\",\"https:\\\/\\\/instagram.com\\\/vanderloubet\",\"https:\\\/\\\/youtube.com\\\/vanderloubet\",\"https:\\\/\\\/tiktok.com\\\/@vanderloubetms\"]},{\"@type\":\"Person\",\"@id\":\"https:\\\/\\\/vanderloubet.com.br\\\/deputado\\\/#\\\/schema\\\/person\\\/15b51bd564532a8a68d9dec1b8eb890e\",\"name\":\"\u00c9der\",\"image\":{\"@type\":\"ImageObject\",\"inLanguage\":\"pt-BR\",\"@id\":\"https:\\\/\\\/vanderloubet.com.br\\\/deputado\\\/wp-content\\\/litespeed\\\/avatar\\\/88ca4090d9d5ab1c9495f6ca03b68efa.jpg?ver=1777058957\",\"url\":\"https:\\\/\\\/vanderloubet.com.br\\\/deputado\\\/wp-content\\\/litespeed\\\/avatar\\\/88ca4090d9d5ab1c9495f6ca03b68efa.jpg?ver=1777058957\",\"contentUrl\":\"https:\\\/\\\/vanderloubet.com.br\\\/deputado\\\/wp-content\\\/litespeed\\\/avatar\\\/88ca4090d9d5ab1c9495f6ca03b68efa.jpg?ver=1777058957\",\"caption\":\"\u00c9der\"}}]}<\/script>\n<!-- \/ Yoast SEO plugin. -->","yoast_head_json":{"title":"Com apoio de deputados federais de MS, Pol\u00edcia Federal espera reabrir negocia\u00e7\u00e3o","robots":{"index":"index","follow":"follow","max-snippet":"max-snippet:-1","max-image-preview":"max-image-preview:large","max-video-preview":"max-video-preview:-1"},"canonical":"https:\/\/vanderloubet.com.br\/deputado\/com-apoio-de-deputados-federais-de-ms-policia-federal-espera-reabrir-negociacao\/","og_locale":"pt_BR","og_type":"article","og_title":"Com apoio de deputados federais de MS, Pol\u00edcia Federal espera reabrir negocia\u00e7\u00e3o","og_description":"De acordo com Vander, posi\u00e7\u00e3o da Bancada do PT na C\u00e2mara \u00e9 de buscar apoio de partidos para abrir negocia\u00e7\u00f5es com governo.","og_url":"https:\/\/vanderloubet.com.br\/deputado\/com-apoio-de-deputados-federais-de-ms-policia-federal-espera-reabrir-negociacao\/","og_site_name":"Deputado Federal Vander Loubet","article_publisher":"https:\/\/facebook.com\/deputadovander","article_published_time":"2012-09-05T14:20:09+00:00","og_image":[{"url":"http:\/\/www.deputadovander.com.br\/website\/wp-content\/uploads\/2012\/09\/foto-2012-09-05-vander-sinpefms-420x242.jpg","type":"","width":"","height":""}],"author":"\u00c9der","twitter_card":"summary_large_image","twitter_creator":"@vanderloubet","twitter_site":"@vanderloubet","schema":{"@context":"https:\/\/schema.org","@graph":[{"@type":"Article","@id":"https:\/\/vanderloubet.com.br\/deputado\/com-apoio-de-deputados-federais-de-ms-policia-federal-espera-reabrir-negociacao\/#article","isPartOf":{"@id":"https:\/\/vanderloubet.com.br\/deputado\/com-apoio-de-deputados-federais-de-ms-policia-federal-espera-reabrir-negociacao\/"},"author":{"name":"\u00c9der","@id":"https:\/\/vanderloubet.com.br\/deputado\/#\/schema\/person\/15b51bd564532a8a68d9dec1b8eb890e"},"headline":"Com apoio de deputados federais de MS, Pol\u00edcia Federal espera reabrir negocia\u00e7\u00e3o","datePublished":"2012-09-05T14:20:09+00:00","mainEntityOfPage":{"@id":"https:\/\/vanderloubet.com.br\/deputado\/com-apoio-de-deputados-federais-de-ms-policia-federal-espera-reabrir-negociacao\/"},"wordCount":290,"publisher":{"@id":"https:\/\/vanderloubet.com.br\/deputado\/#organization"},"image":{"@id":"https:\/\/vanderloubet.com.br\/deputado\/com-apoio-de-deputados-federais-de-ms-policia-federal-espera-reabrir-negociacao\/#primaryimage"},"thumbnailUrl":"http:\/\/www.deputadovander.com.br\/website\/wp-content\/uploads\/2012\/09\/foto-2012-09-05-vander-sinpefms-420x242.jpg","keywords":["federais","federal","greve","negocia\u00e7\u00e3o","paralisa\u00e7\u00e3o","pol\u00edcia","policiais","sindicato","sinpef"],"articleSection":["Not\u00edcias"],"inLanguage":"pt-BR"},{"@type":"WebPage","@id":"https:\/\/vanderloubet.com.br\/deputado\/com-apoio-de-deputados-federais-de-ms-policia-federal-espera-reabrir-negociacao\/","url":"https:\/\/vanderloubet.com.br\/deputado\/com-apoio-de-deputados-federais-de-ms-policia-federal-espera-reabrir-negociacao\/","name":"Com apoio de deputados federais de MS, Pol\u00edcia Federal espera reabrir negocia\u00e7\u00e3o","isPartOf":{"@id":"https:\/\/vanderloubet.com.br\/deputado\/#website"},"primaryImageOfPage":{"@id":"https:\/\/vanderloubet.com.br\/deputado\/com-apoio-de-deputados-federais-de-ms-policia-federal-espera-reabrir-negociacao\/#primaryimage"},"image":{"@id":"https:\/\/vanderloubet.com.br\/deputado\/com-apoio-de-deputados-federais-de-ms-policia-federal-espera-reabrir-negociacao\/#primaryimage"},"thumbnailUrl":"http:\/\/www.deputadovander.com.br\/website\/wp-content\/uploads\/2012\/09\/foto-2012-09-05-vander-sinpefms-420x242.jpg","datePublished":"2012-09-05T14:20:09+00:00","breadcrumb":{"@id":"https:\/\/vanderloubet.com.br\/deputado\/com-apoio-de-deputados-federais-de-ms-policia-federal-espera-reabrir-negociacao\/#breadcrumb"},"inLanguage":"pt-BR","potentialAction":[{"@type":"ReadAction","target":["https:\/\/vanderloubet.com.br\/deputado\/com-apoio-de-deputados-federais-de-ms-policia-federal-espera-reabrir-negociacao\/"]}]},{"@type":"ImageObject","inLanguage":"pt-BR","@id":"https:\/\/vanderloubet.com.br\/deputado\/com-apoio-de-deputados-federais-de-ms-policia-federal-espera-reabrir-negociacao\/#primaryimage","url":"http:\/\/www.deputadovander.com.br\/website\/wp-content\/uploads\/2012\/09\/foto-2012-09-05-vander-sinpefms-420x242.jpg","contentUrl":"http:\/\/www.deputadovander.com.br\/website\/wp-content\/uploads\/2012\/09\/foto-2012-09-05-vander-sinpefms-420x242.jpg"},{"@type":"BreadcrumbList","@id":"https:\/\/vanderloubet.com.br\/deputado\/com-apoio-de-deputados-federais-de-ms-policia-federal-espera-reabrir-negociacao\/#breadcrumb","itemListElement":[{"@type":"ListItem","position":1,"name":"In\u00edcio","item":"https:\/\/vanderloubet.com.br\/deputado\/"},{"@type":"ListItem","position":2,"name":"Com apoio de deputados federais de MS, Pol\u00edcia Federal espera reabrir negocia\u00e7\u00e3o"}]},{"@type":"WebSite","@id":"https:\/\/vanderloubet.com.br\/deputado\/#website","url":"https:\/\/vanderloubet.com.br\/deputado\/","name":"Deputado Federal Vander Loubet","description":"O Federal de MS","publisher":{"@id":"https:\/\/vanderloubet.com.br\/deputado\/#organization"},"alternateName":"Deputado Vander","potentialAction":[{"@type":"SearchAction","target":{"@type":"EntryPoint","urlTemplate":"https:\/\/vanderloubet.com.br\/deputado\/?s={search_term_string}"},"query-input":{"@type":"PropertyValueSpecification","valueRequired":true,"valueName":"search_term_string"}}],"inLanguage":"pt-BR"},{"@type":"Organization","@id":"https:\/\/vanderloubet.com.br\/deputado\/#organization","name":"Deputado Federal Vander Loubet","alternateName":"Deputado Vander","url":"https:\/\/vanderloubet.com.br\/deputado\/","logo":{"@type":"ImageObject","inLanguage":"pt-BR","@id":"https:\/\/vanderloubet.com.br\/deputado\/#\/schema\/logo\/image\/","url":"https:\/\/vanderloubet.com.br\/deputado\/wp-content\/uploads\/2023\/06\/foto-2023-06-19-mandato-deputado-vander.jpg","contentUrl":"https:\/\/vanderloubet.com.br\/deputado\/wp-content\/uploads\/2023\/06\/foto-2023-06-19-mandato-deputado-vander.jpg","width":1080,"height":1080,"caption":"Deputado Federal Vander Loubet"},"image":{"@id":"https:\/\/vanderloubet.com.br\/deputado\/#\/schema\/logo\/image\/"},"sameAs":["https:\/\/facebook.com\/deputadovander","https:\/\/x.com\/vanderloubet","https:\/\/instagram.com\/vanderloubet","https:\/\/youtube.com\/vanderloubet","https:\/\/tiktok.com\/@vanderloubetms"]},{"@type":"Person","@id":"https:\/\/vanderloubet.com.br\/deputado\/#\/schema\/person\/15b51bd564532a8a68d9dec1b8eb890e","name":"\u00c9der","image":{"@type":"ImageObject","inLanguage":"pt-BR","@id":"https:\/\/vanderloubet.com.br\/deputado\/wp-content\/litespeed\/avatar\/88ca4090d9d5ab1c9495f6ca03b68efa.jpg?ver=1777058957","url":"https:\/\/vanderloubet.com.br\/deputado\/wp-content\/litespeed\/avatar\/88ca4090d9d5ab1c9495f6ca03b68efa.jpg?ver=1777058957","contentUrl":"https:\/\/vanderloubet.com.br\/deputado\/wp-content\/litespeed\/avatar\/88ca4090d9d5ab1c9495f6ca03b68efa.jpg?ver=1777058957","caption":"\u00c9der"}}]}},"jetpack_featured_media_url":"","jetpack_sharing_enabled":true,"_links":{"self":[{"href":"https:\/\/vanderloubet.com.br\/deputado\/wp-json\/wp\/v2\/posts\/5722","targetHints":{"allow":["GET"]}}],"collection":[{"href":"https:\/\/vanderloubet.com.br\/deputado\/wp-json\/wp\/v2\/posts"}],"about":[{"href":"https:\/\/vanderloubet.com.br\/deputado\/wp-json\/wp\/v2\/types\/post"}],"author":[{"embeddable":true,"href":"https:\/\/vanderloubet.com.br\/deputado\/wp-json\/wp\/v2\/users\/2"}],"replies":[{"embeddable":true,"href":"https:\/\/vanderloubet.com.br\/deputado\/wp-json\/wp\/v2\/comments?post=5722"}],"version-history":[{"count":0,"href":"https:\/\/vanderloubet.com.br\/deputado\/wp-json\/wp\/v2\/posts\/5722\/revisions"}],"wp:attachment":[{"href":"https:\/\/vanderloubet.com.br\/deputado\/wp-json\/wp\/v2\/media?parent=5722"}],"wp:term":[{"taxonomy":"category","embeddable":true,"href":"https:\/\/vanderloubet.com.br\/deputado\/wp-json\/wp\/v2\/categories?post=5722"},{"taxonomy":"post_tag","embeddable":true,"href":"https:\/\/vanderloubet.com.br\/deputado\/wp-json\/wp\/v2\/tags?post=5722"}],"curies":[{"name":"wp","href":"https:\/\/api.w.org\/{rel}","templated":true}]}}