{"id":5626,"date":"2012-07-04T15:06:58","date_gmt":"2012-07-04T19:06:58","guid":{"rendered":"http:\/\/www.deputadovander.com.br\/website\/?p=5626"},"modified":"2012-07-04T15:06:58","modified_gmt":"2012-07-04T19:06:58","slug":"a-luz-de-antonio-seguira-clareando-o-caminho-afirma-vander","status":"publish","type":"post","link":"https:\/\/vanderloubet.com.br\/deputado\/a-luz-de-antonio-seguira-clareando-o-caminho-afirma-vander\/","title":{"rendered":"&#8220;A luz de Ant\u00f4nio seguir\u00e1 clareando o caminho&#8221;, afirma Vander"},"content":{"rendered":"<figure id=\"attachment_5627\" aria-describedby=\"caption-attachment-5627\" style=\"width: 420px\" class=\"wp-caption aligncenter\"><a href=\"http:\/\/www.deputadovander.com.br\/website\/wp-content\/uploads\/2012\/07\/foto-2012-07-05-antonio-brand.jpg\" target=\"_blank\"><img decoding=\"async\" class=\"size-medium wp-image-5627 \" title=\"foto-2012-07-05-antonio-brand\" src=\"http:\/\/www.deputadovander.com.br\/website\/wp-content\/uploads\/2012\/07\/foto-2012-07-05-antonio-brand-420x278.jpg\" alt=\"Ant\u00f4nio Brand\" width=\"420\" height=\"278\" \/><\/a><figcaption id=\"caption-attachment-5627\" class=\"wp-caption-text\">Ant\u00f4nio Brand<\/figcaption><\/figure>\n<p>O deputado federal Vander Loubet (PT-MS), entristecido com a morte do professor, historiador e pesquisador Ant\u00f4nio Jac\u00f3 Brand, considera que todo o cen\u00e1rio nacional e mundial dos direitos humanos perdeu um de seus mais combativos e respeitados ativistas. &#8220;O professor Ant\u00f4nio \u00e9 agora esta luz, forte e perene, que fica para seguir iluminando o caminho por onde continuar\u00e3o aqueles que, com seu exemplo, acreditem que lutando \u00e9 poss\u00edvel construir um mundo melhor, justo e humano para todas as pessoas&#8221;, enfatizou Vander.<\/p>\n<p>Para o deputado e candidato do PT \u00e0 Prefeitura de Campo Grande, os adjetivos n\u00e3o s\u00e3o capazes de dimensionar com precis\u00e3o o tamanho de Ant\u00f4nio Brand. &#8220;Era um homem bom, humanista, inteligente e extremamente centrado no que fazia. Era um homem simples, mas n\u00e3o era um simples combatente, era um extraordin\u00e1rio combatente, algu\u00e9m que com sua privilegiada vis\u00e3o universalista trouxe informa\u00e7\u00e3o, discernimento e um olhar mais profundo da sociedade sobre suas contradi\u00e7\u00f5es e suas possibilidades&#8221;, assinalou.<\/p>\n<p><strong>Convic\u00e7\u00e3o<\/strong><\/p>\n<p>Vander acentuou que Brand se imp\u00f4s com respeito, naturalidade, conhecimento de causa e convic\u00e7\u00e3o na defesa da causa ind\u00edgena. &#8220;Sua coragem n\u00e3o era irrespons\u00e1vel, embora tenha sido, algumas vezes, temer\u00e1ria. Mas era a coragem necess\u00e1ria n\u00e3o s\u00f3 para defender o povo da terra e o meio ambiente, mas ao mesmo tempo para conscientizar e despertar a sociedade para a cont\u00ednua e recorrente conjuntura de exclus\u00e3o e opress\u00e3o em que vivem os \u00edndios&#8221;, acrescentou Vander.<\/p>\n<p>V\u00edtima de problemas card\u00edacos, o ga\u00facho Brand morreu na ter\u00e7a-feira (3), aos 62 anos, em Porto Alegre. Deixou vi\u00fava e uma filha. Seus restos morais foram sepultados na cidade onde nasceu, Montenegro. Nos anos 70 e 80, sua atua\u00e7\u00e3o em defesa dos direitos humanos e da causa ind\u00edgena come\u00e7aram a se destacar em Mato Grosso do Sul por meio de projetos, a\u00e7\u00f5es volunt\u00e1rias, pesquisas acad\u00eamicas e contatos com as lideran\u00e7as de na\u00e7\u00f5es como a dos Guarany, Kayu\u00e1 e Kadiw\u00e9u. Entre seus grandes amigos e companheiros de luta estavam os l\u00edderes do povo Guarany Mar\u00e7al de Souza (o Tup\u00e3-Y) e a sobrinha Marta Vito.<\/p>\n<p>O trabalho de Brand tamb\u00e9m come\u00e7ou a ganhar repercuss\u00e3o em Mato Grosso do Sul e no Brasil na segunda metade dos anos 1970, com as constantes mat\u00e9rias e reportagens na imprensa, sobretudo no seman\u00e1rio &#8220;Jornal da Cidade&#8221;. Sob a dire\u00e7\u00e3o de J. Pinheiro Tolentino, o jornal reunia profissionais engajados nas lutas democr\u00e1ticas e populares, como os jornalistas Edson Moraes, Margarida Galeano, Maria Helena Brancher, Margarida Marques, Ivan Pacca, Joel Pizzinni e Roberto Chamorro. Todos lamentaram a morte de Antonio Brand e o consideram um dos maiores vultos nacionais na defesa de direitos e de justi\u00e7a.<\/p>\n<p><span style=\"font-size: 11px;\">(Edson Moraes &#8211; Assessoria\/Deputado Vander)<\/span><\/p>\n","protected":false},"excerpt":{"rendered":"<p>Nos anos 70 e 80, a atua\u00e7\u00e3o de Brand em defesa dos direitos humanos e da causa ind\u00edgena come\u00e7ou a se destacar em MS.<\/p>\n","protected":false},"author":2,"featured_media":0,"comment_status":"closed","ping_status":"open","sticky":false,"template":"","format":"standard","meta":{"jetpack_post_was_ever_published":false,"_jetpack_newsletter_access":"","_jetpack_dont_email_post_to_subs":false,"_jetpack_newsletter_tier_id":0,"_jetpack_memberships_contains_paywalled_content":false,"_jetpack_memberships_contains_paid_content":false,"footnotes":""},"categories":[10],"tags":[145,298,608,642,791,807,975,1017,1055,1178,1322,1336,1655,2033],"class_list":{"0":"post-5626","1":"post","2":"type-post","3":"status-publish","4":"format-standard","6":"category-noticias","7":"tag-antonio","8":"tag-brand","9":"tag-deputado","10":"tag-direitos","11":"tag-falecimento","12":"tag-federal","13":"tag-humanos","14":"tag-indigenas","15":"tag-jaco","16":"tag-loubet","17":"tag-morte","18":"tag-ms","19":"tag-pt","20":"tag-vander"},"yoast_head":"<!-- This site is optimized with the Yoast SEO plugin v27.4 - https:\/\/yoast.com\/product\/yoast-seo-wordpress\/ -->\n<title>&quot;A luz de Ant\u00f4nio seguir\u00e1 clareando o caminho&quot;, afirma Vander<\/title>\n<meta name=\"robots\" content=\"index, follow, max-snippet:-1, max-image-preview:large, max-video-preview:-1\" \/>\n<link rel=\"canonical\" href=\"https:\/\/vanderloubet.com.br\/deputado\/a-luz-de-antonio-seguira-clareando-o-caminho-afirma-vander\/\" \/>\n<meta property=\"og:locale\" content=\"pt_BR\" \/>\n<meta property=\"og:type\" content=\"article\" \/>\n<meta property=\"og:title\" content=\"&quot;A luz de Ant\u00f4nio seguir\u00e1 clareando o caminho&quot;, afirma Vander\" \/>\n<meta property=\"og:description\" content=\"Nos anos 70 e 80, a atua\u00e7\u00e3o de Brand em defesa dos direitos humanos e da causa ind\u00edgena come\u00e7ou a se destacar em MS.\" \/>\n<meta property=\"og:url\" content=\"https:\/\/vanderloubet.com.br\/deputado\/a-luz-de-antonio-seguira-clareando-o-caminho-afirma-vander\/\" \/>\n<meta property=\"og:site_name\" content=\"Deputado Federal Vander Loubet\" \/>\n<meta property=\"article:publisher\" content=\"https:\/\/facebook.com\/deputadovander\" \/>\n<meta property=\"article:published_time\" content=\"2012-07-04T19:06:58+00:00\" \/>\n<meta property=\"og:image\" content=\"http:\/\/www.deputadovander.com.br\/website\/wp-content\/uploads\/2012\/07\/foto-2012-07-05-antonio-brand-420x278.jpg\" \/>\n<meta name=\"author\" content=\"\u00c9der\" \/>\n<meta name=\"twitter:card\" content=\"summary_large_image\" \/>\n<meta name=\"twitter:creator\" content=\"@vanderloubet\" \/>\n<meta name=\"twitter:site\" content=\"@vanderloubet\" \/>\n<script type=\"application\/ld+json\" class=\"yoast-schema-graph\">{\"@context\":\"https:\\\/\\\/schema.org\",\"@graph\":[{\"@type\":\"Article\",\"@id\":\"https:\\\/\\\/vanderloubet.com.br\\\/deputado\\\/a-luz-de-antonio-seguira-clareando-o-caminho-afirma-vander\\\/#article\",\"isPartOf\":{\"@id\":\"https:\\\/\\\/vanderloubet.com.br\\\/deputado\\\/a-luz-de-antonio-seguira-clareando-o-caminho-afirma-vander\\\/\"},\"author\":{\"name\":\"\u00c9der\",\"@id\":\"https:\\\/\\\/vanderloubet.com.br\\\/deputado\\\/#\\\/schema\\\/person\\\/15b51bd564532a8a68d9dec1b8eb890e\"},\"headline\":\"&#8220;A luz de Ant\u00f4nio seguir\u00e1 clareando o caminho&#8221;, afirma Vander\",\"datePublished\":\"2012-07-04T19:06:58+00:00\",\"mainEntityOfPage\":{\"@id\":\"https:\\\/\\\/vanderloubet.com.br\\\/deputado\\\/a-luz-de-antonio-seguira-clareando-o-caminho-afirma-vander\\\/\"},\"wordCount\":502,\"publisher\":{\"@id\":\"https:\\\/\\\/vanderloubet.com.br\\\/deputado\\\/#organization\"},\"image\":{\"@id\":\"https:\\\/\\\/vanderloubet.com.br\\\/deputado\\\/a-luz-de-antonio-seguira-clareando-o-caminho-afirma-vander\\\/#primaryimage\"},\"thumbnailUrl\":\"http:\\\/\\\/www.deputadovander.com.br\\\/website\\\/wp-content\\\/uploads\\\/2012\\\/07\\\/foto-2012-07-05-antonio-brand-420x278.jpg\",\"keywords\":[\"antonio\",\"brand\",\"deputado\",\"direitos\",\"falecimento\",\"federal\",\"humanos\",\"ind\u00edgenas\",\"jac\u00f3\",\"loubet\",\"morte\",\"MS\",\"PT\",\"vander\"],\"articleSection\":[\"Not\u00edcias\"],\"inLanguage\":\"pt-BR\"},{\"@type\":\"WebPage\",\"@id\":\"https:\\\/\\\/vanderloubet.com.br\\\/deputado\\\/a-luz-de-antonio-seguira-clareando-o-caminho-afirma-vander\\\/\",\"url\":\"https:\\\/\\\/vanderloubet.com.br\\\/deputado\\\/a-luz-de-antonio-seguira-clareando-o-caminho-afirma-vander\\\/\",\"name\":\"\\\"A luz de Ant\u00f4nio seguir\u00e1 clareando o caminho\\\", afirma Vander\",\"isPartOf\":{\"@id\":\"https:\\\/\\\/vanderloubet.com.br\\\/deputado\\\/#website\"},\"primaryImageOfPage\":{\"@id\":\"https:\\\/\\\/vanderloubet.com.br\\\/deputado\\\/a-luz-de-antonio-seguira-clareando-o-caminho-afirma-vander\\\/#primaryimage\"},\"image\":{\"@id\":\"https:\\\/\\\/vanderloubet.com.br\\\/deputado\\\/a-luz-de-antonio-seguira-clareando-o-caminho-afirma-vander\\\/#primaryimage\"},\"thumbnailUrl\":\"http:\\\/\\\/www.deputadovander.com.br\\\/website\\\/wp-content\\\/uploads\\\/2012\\\/07\\\/foto-2012-07-05-antonio-brand-420x278.jpg\",\"datePublished\":\"2012-07-04T19:06:58+00:00\",\"breadcrumb\":{\"@id\":\"https:\\\/\\\/vanderloubet.com.br\\\/deputado\\\/a-luz-de-antonio-seguira-clareando-o-caminho-afirma-vander\\\/#breadcrumb\"},\"inLanguage\":\"pt-BR\",\"potentialAction\":[{\"@type\":\"ReadAction\",\"target\":[\"https:\\\/\\\/vanderloubet.com.br\\\/deputado\\\/a-luz-de-antonio-seguira-clareando-o-caminho-afirma-vander\\\/\"]}]},{\"@type\":\"ImageObject\",\"inLanguage\":\"pt-BR\",\"@id\":\"https:\\\/\\\/vanderloubet.com.br\\\/deputado\\\/a-luz-de-antonio-seguira-clareando-o-caminho-afirma-vander\\\/#primaryimage\",\"url\":\"http:\\\/\\\/www.deputadovander.com.br\\\/website\\\/wp-content\\\/uploads\\\/2012\\\/07\\\/foto-2012-07-05-antonio-brand-420x278.jpg\",\"contentUrl\":\"http:\\\/\\\/www.deputadovander.com.br\\\/website\\\/wp-content\\\/uploads\\\/2012\\\/07\\\/foto-2012-07-05-antonio-brand-420x278.jpg\"},{\"@type\":\"BreadcrumbList\",\"@id\":\"https:\\\/\\\/vanderloubet.com.br\\\/deputado\\\/a-luz-de-antonio-seguira-clareando-o-caminho-afirma-vander\\\/#breadcrumb\",\"itemListElement\":[{\"@type\":\"ListItem\",\"position\":1,\"name\":\"In\u00edcio\",\"item\":\"https:\\\/\\\/vanderloubet.com.br\\\/deputado\\\/\"},{\"@type\":\"ListItem\",\"position\":2,\"name\":\"&#8220;A luz de Ant\u00f4nio seguir\u00e1 clareando o caminho&#8221;, afirma Vander\"}]},{\"@type\":\"WebSite\",\"@id\":\"https:\\\/\\\/vanderloubet.com.br\\\/deputado\\\/#website\",\"url\":\"https:\\\/\\\/vanderloubet.com.br\\\/deputado\\\/\",\"name\":\"Deputado Federal Vander Loubet\",\"description\":\"O Federal de MS\",\"publisher\":{\"@id\":\"https:\\\/\\\/vanderloubet.com.br\\\/deputado\\\/#organization\"},\"alternateName\":\"Deputado Vander\",\"potentialAction\":[{\"@type\":\"SearchAction\",\"target\":{\"@type\":\"EntryPoint\",\"urlTemplate\":\"https:\\\/\\\/vanderloubet.com.br\\\/deputado\\\/?s={search_term_string}\"},\"query-input\":{\"@type\":\"PropertyValueSpecification\",\"valueRequired\":true,\"valueName\":\"search_term_string\"}}],\"inLanguage\":\"pt-BR\"},{\"@type\":\"Organization\",\"@id\":\"https:\\\/\\\/vanderloubet.com.br\\\/deputado\\\/#organization\",\"name\":\"Deputado Federal Vander Loubet\",\"alternateName\":\"Deputado Vander\",\"url\":\"https:\\\/\\\/vanderloubet.com.br\\\/deputado\\\/\",\"logo\":{\"@type\":\"ImageObject\",\"inLanguage\":\"pt-BR\",\"@id\":\"https:\\\/\\\/vanderloubet.com.br\\\/deputado\\\/#\\\/schema\\\/logo\\\/image\\\/\",\"url\":\"https:\\\/\\\/vanderloubet.com.br\\\/deputado\\\/wp-content\\\/uploads\\\/2023\\\/06\\\/foto-2023-06-19-mandato-deputado-vander.jpg\",\"contentUrl\":\"https:\\\/\\\/vanderloubet.com.br\\\/deputado\\\/wp-content\\\/uploads\\\/2023\\\/06\\\/foto-2023-06-19-mandato-deputado-vander.jpg\",\"width\":1080,\"height\":1080,\"caption\":\"Deputado Federal Vander Loubet\"},\"image\":{\"@id\":\"https:\\\/\\\/vanderloubet.com.br\\\/deputado\\\/#\\\/schema\\\/logo\\\/image\\\/\"},\"sameAs\":[\"https:\\\/\\\/facebook.com\\\/deputadovander\",\"https:\\\/\\\/x.com\\\/vanderloubet\",\"https:\\\/\\\/instagram.com\\\/vanderloubet\",\"https:\\\/\\\/youtube.com\\\/vanderloubet\",\"https:\\\/\\\/tiktok.com\\\/@vanderloubetms\"]},{\"@type\":\"Person\",\"@id\":\"https:\\\/\\\/vanderloubet.com.br\\\/deputado\\\/#\\\/schema\\\/person\\\/15b51bd564532a8a68d9dec1b8eb890e\",\"name\":\"\u00c9der\",\"image\":{\"@type\":\"ImageObject\",\"inLanguage\":\"pt-BR\",\"@id\":\"https:\\\/\\\/vanderloubet.com.br\\\/deputado\\\/wp-content\\\/litespeed\\\/avatar\\\/88ca4090d9d5ab1c9495f6ca03b68efa.jpg?ver=1777058957\",\"url\":\"https:\\\/\\\/vanderloubet.com.br\\\/deputado\\\/wp-content\\\/litespeed\\\/avatar\\\/88ca4090d9d5ab1c9495f6ca03b68efa.jpg?ver=1777058957\",\"contentUrl\":\"https:\\\/\\\/vanderloubet.com.br\\\/deputado\\\/wp-content\\\/litespeed\\\/avatar\\\/88ca4090d9d5ab1c9495f6ca03b68efa.jpg?ver=1777058957\",\"caption\":\"\u00c9der\"}}]}<\/script>\n<!-- \/ Yoast SEO plugin. -->","yoast_head_json":{"title":"\"A luz de Ant\u00f4nio seguir\u00e1 clareando o caminho\", afirma Vander","robots":{"index":"index","follow":"follow","max-snippet":"max-snippet:-1","max-image-preview":"max-image-preview:large","max-video-preview":"max-video-preview:-1"},"canonical":"https:\/\/vanderloubet.com.br\/deputado\/a-luz-de-antonio-seguira-clareando-o-caminho-afirma-vander\/","og_locale":"pt_BR","og_type":"article","og_title":"\"A luz de Ant\u00f4nio seguir\u00e1 clareando o caminho\", afirma Vander","og_description":"Nos anos 70 e 80, a atua\u00e7\u00e3o de Brand em defesa dos direitos humanos e da causa ind\u00edgena come\u00e7ou a se destacar em MS.","og_url":"https:\/\/vanderloubet.com.br\/deputado\/a-luz-de-antonio-seguira-clareando-o-caminho-afirma-vander\/","og_site_name":"Deputado Federal Vander Loubet","article_publisher":"https:\/\/facebook.com\/deputadovander","article_published_time":"2012-07-04T19:06:58+00:00","og_image":[{"url":"http:\/\/www.deputadovander.com.br\/website\/wp-content\/uploads\/2012\/07\/foto-2012-07-05-antonio-brand-420x278.jpg","type":"","width":"","height":""}],"author":"\u00c9der","twitter_card":"summary_large_image","twitter_creator":"@vanderloubet","twitter_site":"@vanderloubet","schema":{"@context":"https:\/\/schema.org","@graph":[{"@type":"Article","@id":"https:\/\/vanderloubet.com.br\/deputado\/a-luz-de-antonio-seguira-clareando-o-caminho-afirma-vander\/#article","isPartOf":{"@id":"https:\/\/vanderloubet.com.br\/deputado\/a-luz-de-antonio-seguira-clareando-o-caminho-afirma-vander\/"},"author":{"name":"\u00c9der","@id":"https:\/\/vanderloubet.com.br\/deputado\/#\/schema\/person\/15b51bd564532a8a68d9dec1b8eb890e"},"headline":"&#8220;A luz de Ant\u00f4nio seguir\u00e1 clareando o caminho&#8221;, afirma Vander","datePublished":"2012-07-04T19:06:58+00:00","mainEntityOfPage":{"@id":"https:\/\/vanderloubet.com.br\/deputado\/a-luz-de-antonio-seguira-clareando-o-caminho-afirma-vander\/"},"wordCount":502,"publisher":{"@id":"https:\/\/vanderloubet.com.br\/deputado\/#organization"},"image":{"@id":"https:\/\/vanderloubet.com.br\/deputado\/a-luz-de-antonio-seguira-clareando-o-caminho-afirma-vander\/#primaryimage"},"thumbnailUrl":"http:\/\/www.deputadovander.com.br\/website\/wp-content\/uploads\/2012\/07\/foto-2012-07-05-antonio-brand-420x278.jpg","keywords":["antonio","brand","deputado","direitos","falecimento","federal","humanos","ind\u00edgenas","jac\u00f3","loubet","morte","MS","PT","vander"],"articleSection":["Not\u00edcias"],"inLanguage":"pt-BR"},{"@type":"WebPage","@id":"https:\/\/vanderloubet.com.br\/deputado\/a-luz-de-antonio-seguira-clareando-o-caminho-afirma-vander\/","url":"https:\/\/vanderloubet.com.br\/deputado\/a-luz-de-antonio-seguira-clareando-o-caminho-afirma-vander\/","name":"\"A luz de Ant\u00f4nio seguir\u00e1 clareando o caminho\", afirma Vander","isPartOf":{"@id":"https:\/\/vanderloubet.com.br\/deputado\/#website"},"primaryImageOfPage":{"@id":"https:\/\/vanderloubet.com.br\/deputado\/a-luz-de-antonio-seguira-clareando-o-caminho-afirma-vander\/#primaryimage"},"image":{"@id":"https:\/\/vanderloubet.com.br\/deputado\/a-luz-de-antonio-seguira-clareando-o-caminho-afirma-vander\/#primaryimage"},"thumbnailUrl":"http:\/\/www.deputadovander.com.br\/website\/wp-content\/uploads\/2012\/07\/foto-2012-07-05-antonio-brand-420x278.jpg","datePublished":"2012-07-04T19:06:58+00:00","breadcrumb":{"@id":"https:\/\/vanderloubet.com.br\/deputado\/a-luz-de-antonio-seguira-clareando-o-caminho-afirma-vander\/#breadcrumb"},"inLanguage":"pt-BR","potentialAction":[{"@type":"ReadAction","target":["https:\/\/vanderloubet.com.br\/deputado\/a-luz-de-antonio-seguira-clareando-o-caminho-afirma-vander\/"]}]},{"@type":"ImageObject","inLanguage":"pt-BR","@id":"https:\/\/vanderloubet.com.br\/deputado\/a-luz-de-antonio-seguira-clareando-o-caminho-afirma-vander\/#primaryimage","url":"http:\/\/www.deputadovander.com.br\/website\/wp-content\/uploads\/2012\/07\/foto-2012-07-05-antonio-brand-420x278.jpg","contentUrl":"http:\/\/www.deputadovander.com.br\/website\/wp-content\/uploads\/2012\/07\/foto-2012-07-05-antonio-brand-420x278.jpg"},{"@type":"BreadcrumbList","@id":"https:\/\/vanderloubet.com.br\/deputado\/a-luz-de-antonio-seguira-clareando-o-caminho-afirma-vander\/#breadcrumb","itemListElement":[{"@type":"ListItem","position":1,"name":"In\u00edcio","item":"https:\/\/vanderloubet.com.br\/deputado\/"},{"@type":"ListItem","position":2,"name":"&#8220;A luz de Ant\u00f4nio seguir\u00e1 clareando o caminho&#8221;, afirma Vander"}]},{"@type":"WebSite","@id":"https:\/\/vanderloubet.com.br\/deputado\/#website","url":"https:\/\/vanderloubet.com.br\/deputado\/","name":"Deputado Federal Vander Loubet","description":"O Federal de MS","publisher":{"@id":"https:\/\/vanderloubet.com.br\/deputado\/#organization"},"alternateName":"Deputado Vander","potentialAction":[{"@type":"SearchAction","target":{"@type":"EntryPoint","urlTemplate":"https:\/\/vanderloubet.com.br\/deputado\/?s={search_term_string}"},"query-input":{"@type":"PropertyValueSpecification","valueRequired":true,"valueName":"search_term_string"}}],"inLanguage":"pt-BR"},{"@type":"Organization","@id":"https:\/\/vanderloubet.com.br\/deputado\/#organization","name":"Deputado Federal Vander Loubet","alternateName":"Deputado Vander","url":"https:\/\/vanderloubet.com.br\/deputado\/","logo":{"@type":"ImageObject","inLanguage":"pt-BR","@id":"https:\/\/vanderloubet.com.br\/deputado\/#\/schema\/logo\/image\/","url":"https:\/\/vanderloubet.com.br\/deputado\/wp-content\/uploads\/2023\/06\/foto-2023-06-19-mandato-deputado-vander.jpg","contentUrl":"https:\/\/vanderloubet.com.br\/deputado\/wp-content\/uploads\/2023\/06\/foto-2023-06-19-mandato-deputado-vander.jpg","width":1080,"height":1080,"caption":"Deputado Federal Vander Loubet"},"image":{"@id":"https:\/\/vanderloubet.com.br\/deputado\/#\/schema\/logo\/image\/"},"sameAs":["https:\/\/facebook.com\/deputadovander","https:\/\/x.com\/vanderloubet","https:\/\/instagram.com\/vanderloubet","https:\/\/youtube.com\/vanderloubet","https:\/\/tiktok.com\/@vanderloubetms"]},{"@type":"Person","@id":"https:\/\/vanderloubet.com.br\/deputado\/#\/schema\/person\/15b51bd564532a8a68d9dec1b8eb890e","name":"\u00c9der","image":{"@type":"ImageObject","inLanguage":"pt-BR","@id":"https:\/\/vanderloubet.com.br\/deputado\/wp-content\/litespeed\/avatar\/88ca4090d9d5ab1c9495f6ca03b68efa.jpg?ver=1777058957","url":"https:\/\/vanderloubet.com.br\/deputado\/wp-content\/litespeed\/avatar\/88ca4090d9d5ab1c9495f6ca03b68efa.jpg?ver=1777058957","contentUrl":"https:\/\/vanderloubet.com.br\/deputado\/wp-content\/litespeed\/avatar\/88ca4090d9d5ab1c9495f6ca03b68efa.jpg?ver=1777058957","caption":"\u00c9der"}}]}},"jetpack_featured_media_url":"","jetpack_sharing_enabled":true,"_links":{"self":[{"href":"https:\/\/vanderloubet.com.br\/deputado\/wp-json\/wp\/v2\/posts\/5626","targetHints":{"allow":["GET"]}}],"collection":[{"href":"https:\/\/vanderloubet.com.br\/deputado\/wp-json\/wp\/v2\/posts"}],"about":[{"href":"https:\/\/vanderloubet.com.br\/deputado\/wp-json\/wp\/v2\/types\/post"}],"author":[{"embeddable":true,"href":"https:\/\/vanderloubet.com.br\/deputado\/wp-json\/wp\/v2\/users\/2"}],"replies":[{"embeddable":true,"href":"https:\/\/vanderloubet.com.br\/deputado\/wp-json\/wp\/v2\/comments?post=5626"}],"version-history":[{"count":0,"href":"https:\/\/vanderloubet.com.br\/deputado\/wp-json\/wp\/v2\/posts\/5626\/revisions"}],"wp:attachment":[{"href":"https:\/\/vanderloubet.com.br\/deputado\/wp-json\/wp\/v2\/media?parent=5626"}],"wp:term":[{"taxonomy":"category","embeddable":true,"href":"https:\/\/vanderloubet.com.br\/deputado\/wp-json\/wp\/v2\/categories?post=5626"},{"taxonomy":"post_tag","embeddable":true,"href":"https:\/\/vanderloubet.com.br\/deputado\/wp-json\/wp\/v2\/tags?post=5626"}],"curies":[{"name":"wp","href":"https:\/\/api.w.org\/{rel}","templated":true}]}}