{"id":5609,"date":"2012-07-04T09:48:22","date_gmt":"2012-07-04T13:48:22","guid":{"rendered":"http:\/\/www.deputadovander.com.br\/website\/?p=5609"},"modified":"2012-07-04T09:48:22","modified_gmt":"2012-07-04T13:48:22","slug":"com-apoio-de-vander-prefeitura-de-iguatemi-entrega-novo-creas","status":"publish","type":"post","link":"https:\/\/vanderloubet.com.br\/deputado\/com-apoio-de-vander-prefeitura-de-iguatemi-entrega-novo-creas\/","title":{"rendered":"Com apoio de Vander, Prefeitura de Iguatemi entrega novo Creas"},"content":{"rendered":"<figure id=\"attachment_5750\" aria-describedby=\"caption-attachment-5750\" style=\"width: 420px\" class=\"wp-caption aligncenter\"><a href=\"http:\/\/www.deputadovander.com.br\/website\/wp-content\/uploads\/2012\/07\/foto-2012-07-04-novo-creas-iguatemi.jpg\" target=\"_blank\"><img decoding=\"async\" class=\"size-medium wp-image-5750 \" title=\"foto-2012-07-04-novo-creas-iguatemi\" src=\"http:\/\/www.deputadovander.com.br\/website\/wp-content\/uploads\/2012\/07\/foto-2012-07-04-novo-creas-iguatemi-420x280.jpg\" alt=\"Novo pr\u00e9dio pr\u00f3prio do Creas em Iguatemi\" width=\"420\" height=\"280\" \/><\/a><figcaption id=\"caption-attachment-5750\" class=\"wp-caption-text\">Novo pr\u00e9dio pr\u00f3prio do Creas em Iguatemi<\/figcaption><\/figure>\n<p>A Prefeitura de Iguatemi entregou na semana passada uma importante obra para a popula\u00e7\u00e3o: trata-se do pr\u00e9dio pr\u00f3prio do Centro de Refer\u00eancia Especializado da Assist\u00eancia Social (Creas), constru\u00eddo com recursos viabilizados por emenda parlamentar do deputado federal Vander Loubet (PT-MS) no valor de R$ 97,5 mil e contrapartida do Munic\u00edpio, totalizando investimento de quase R$ 122 mil. Antes da obra, o trabalho desse setor funcionava em uma sala da Secretaria Municipal de Assist\u00eancia Social.<\/p>\n<p>O Creas exerce um importante papel de inclus\u00e3o e prote\u00e7\u00e3o social a indiv\u00edduos ou fam\u00edlias que se encontram em situa\u00e7\u00f5es de viola\u00e7\u00e3o de direitos ou de viol\u00eancia expressos em maus tratos, neglig\u00eancia, abandono, discrimina\u00e7\u00f5es, dentre outros, resgatando v\u00ednculos familiares e sociais rompidos, apoiando a constru\u00e7\u00e3o ou reconstru\u00e7\u00e3o de projetos pessoais e sociais.<\/p>\n<p>&#8220;Quero, em nome de toda a popula\u00e7\u00e3o de Iguatemi, agradecer ao deputado Vander Loubet, que nos presenteou com mais esta emenda parlamentar. Com certeza a nossa cidade tem muito a ganhar com a sede pr\u00f3pria do Creas&#8221;, destacou o prefeito Jos\u00e9 Roberto Felippe Arcoverde (PSDB).<\/p>\n<p><span style=\"font-size: 11px;\">(\u00c9der Yanaguita &#8211; Assessoria\/Deputado Vander, com informa\u00e7\u00f5es de Anailton Batista\/Assecom\/PMI)<\/span><\/p>\n","protected":false},"excerpt":{"rendered":"<p>Obra do pr\u00e9dio do Creas foi viabilizada com emenda de Vander no valor de R$ 97,5 mil e contrapartida do Munic\u00edpio.<\/p>\n","protected":false},"author":2,"featured_media":0,"comment_status":"closed","ping_status":"open","sticky":false,"template":"","format":"standard","meta":{"jetpack_post_was_ever_published":false,"_jetpack_newsletter_access":"","_jetpack_dont_email_post_to_subs":false,"_jetpack_newsletter_tier_id":0,"_jetpack_memberships_contains_paywalled_content":false,"_jetpack_memberships_contains_paid_content":false,"footnotes":""},"categories":[10],"tags":[170,198,414,548,608,709,807,993,1089,1178,1336,1408,1609,1651,1655,1695,1738,1879,2033],"class_list":{"0":"post-5609","1":"post","2":"type-post","3":"status-publish","4":"format-standard","6":"category-noticias","7":"tag-arcoverde","8":"tag-assistencia","9":"tag-centro","10":"tag-creas","11":"tag-deputado","12":"tag-emenda","13":"tag-federal","14":"tag-iguatemi","15":"tag-jose","16":"tag-loubet","17":"tag-ms","18":"tag-obra","19":"tag-prefeitura","20":"tag-psdb","21":"tag-pt","22":"tag-referencia","23":"tag-roberto","24":"tag-social","25":"tag-vander"},"yoast_head":"<!-- This site is optimized with the Yoast SEO plugin v27.4 - https:\/\/yoast.com\/product\/yoast-seo-wordpress\/ -->\n<title>Com apoio de Vander, Prefeitura de Iguatemi entrega novo Creas<\/title>\n<meta name=\"robots\" content=\"index, follow, max-snippet:-1, max-image-preview:large, max-video-preview:-1\" \/>\n<link rel=\"canonical\" href=\"https:\/\/vanderloubet.com.br\/deputado\/com-apoio-de-vander-prefeitura-de-iguatemi-entrega-novo-creas\/\" \/>\n<meta property=\"og:locale\" content=\"pt_BR\" \/>\n<meta property=\"og:type\" content=\"article\" \/>\n<meta property=\"og:title\" content=\"Com apoio de Vander, Prefeitura de Iguatemi entrega novo Creas\" \/>\n<meta property=\"og:description\" content=\"Obra do pr\u00e9dio do Creas foi viabilizada com emenda de Vander no valor de R$ 97,5 mil e contrapartida do Munic\u00edpio.\" \/>\n<meta property=\"og:url\" content=\"https:\/\/vanderloubet.com.br\/deputado\/com-apoio-de-vander-prefeitura-de-iguatemi-entrega-novo-creas\/\" \/>\n<meta property=\"og:site_name\" content=\"Deputado Federal Vander Loubet\" \/>\n<meta property=\"article:publisher\" content=\"https:\/\/facebook.com\/deputadovander\" \/>\n<meta property=\"article:published_time\" content=\"2012-07-04T13:48:22+00:00\" \/>\n<meta property=\"og:image\" content=\"http:\/\/www.deputadovander.com.br\/website\/wp-content\/uploads\/2012\/07\/foto-2012-07-04-novo-creas-iguatemi-420x280.jpg\" \/>\n<meta name=\"author\" content=\"\u00c9der\" \/>\n<meta name=\"twitter:card\" content=\"summary_large_image\" \/>\n<meta name=\"twitter:creator\" content=\"@vanderloubet\" \/>\n<meta name=\"twitter:site\" content=\"@vanderloubet\" \/>\n<script type=\"application\/ld+json\" class=\"yoast-schema-graph\">{\"@context\":\"https:\\\/\\\/schema.org\",\"@graph\":[{\"@type\":\"Article\",\"@id\":\"https:\\\/\\\/vanderloubet.com.br\\\/deputado\\\/com-apoio-de-vander-prefeitura-de-iguatemi-entrega-novo-creas\\\/#article\",\"isPartOf\":{\"@id\":\"https:\\\/\\\/vanderloubet.com.br\\\/deputado\\\/com-apoio-de-vander-prefeitura-de-iguatemi-entrega-novo-creas\\\/\"},\"author\":{\"name\":\"\u00c9der\",\"@id\":\"https:\\\/\\\/vanderloubet.com.br\\\/deputado\\\/#\\\/schema\\\/person\\\/15b51bd564532a8a68d9dec1b8eb890e\"},\"headline\":\"Com apoio de Vander, Prefeitura de Iguatemi entrega novo Creas\",\"datePublished\":\"2012-07-04T13:48:22+00:00\",\"mainEntityOfPage\":{\"@id\":\"https:\\\/\\\/vanderloubet.com.br\\\/deputado\\\/com-apoio-de-vander-prefeitura-de-iguatemi-entrega-novo-creas\\\/\"},\"wordCount\":232,\"publisher\":{\"@id\":\"https:\\\/\\\/vanderloubet.com.br\\\/deputado\\\/#organization\"},\"image\":{\"@id\":\"https:\\\/\\\/vanderloubet.com.br\\\/deputado\\\/com-apoio-de-vander-prefeitura-de-iguatemi-entrega-novo-creas\\\/#primaryimage\"},\"thumbnailUrl\":\"http:\\\/\\\/www.deputadovander.com.br\\\/website\\\/wp-content\\\/uploads\\\/2012\\\/07\\\/foto-2012-07-04-novo-creas-iguatemi-420x280.jpg\",\"keywords\":[\"arcoverde\",\"assist\u00eancia\",\"centro\",\"creas\",\"deputado\",\"emenda\",\"federal\",\"iguatemi\",\"jos\u00e9\",\"loubet\",\"MS\",\"obra\",\"prefeitura\",\"psdb\",\"PT\",\"refer\u00eancia\",\"roberto\",\"social\",\"vander\"],\"articleSection\":[\"Not\u00edcias\"],\"inLanguage\":\"pt-BR\"},{\"@type\":\"WebPage\",\"@id\":\"https:\\\/\\\/vanderloubet.com.br\\\/deputado\\\/com-apoio-de-vander-prefeitura-de-iguatemi-entrega-novo-creas\\\/\",\"url\":\"https:\\\/\\\/vanderloubet.com.br\\\/deputado\\\/com-apoio-de-vander-prefeitura-de-iguatemi-entrega-novo-creas\\\/\",\"name\":\"Com apoio de Vander, Prefeitura de Iguatemi entrega novo Creas\",\"isPartOf\":{\"@id\":\"https:\\\/\\\/vanderloubet.com.br\\\/deputado\\\/#website\"},\"primaryImageOfPage\":{\"@id\":\"https:\\\/\\\/vanderloubet.com.br\\\/deputado\\\/com-apoio-de-vander-prefeitura-de-iguatemi-entrega-novo-creas\\\/#primaryimage\"},\"image\":{\"@id\":\"https:\\\/\\\/vanderloubet.com.br\\\/deputado\\\/com-apoio-de-vander-prefeitura-de-iguatemi-entrega-novo-creas\\\/#primaryimage\"},\"thumbnailUrl\":\"http:\\\/\\\/www.deputadovander.com.br\\\/website\\\/wp-content\\\/uploads\\\/2012\\\/07\\\/foto-2012-07-04-novo-creas-iguatemi-420x280.jpg\",\"datePublished\":\"2012-07-04T13:48:22+00:00\",\"breadcrumb\":{\"@id\":\"https:\\\/\\\/vanderloubet.com.br\\\/deputado\\\/com-apoio-de-vander-prefeitura-de-iguatemi-entrega-novo-creas\\\/#breadcrumb\"},\"inLanguage\":\"pt-BR\",\"potentialAction\":[{\"@type\":\"ReadAction\",\"target\":[\"https:\\\/\\\/vanderloubet.com.br\\\/deputado\\\/com-apoio-de-vander-prefeitura-de-iguatemi-entrega-novo-creas\\\/\"]}]},{\"@type\":\"ImageObject\",\"inLanguage\":\"pt-BR\",\"@id\":\"https:\\\/\\\/vanderloubet.com.br\\\/deputado\\\/com-apoio-de-vander-prefeitura-de-iguatemi-entrega-novo-creas\\\/#primaryimage\",\"url\":\"http:\\\/\\\/www.deputadovander.com.br\\\/website\\\/wp-content\\\/uploads\\\/2012\\\/07\\\/foto-2012-07-04-novo-creas-iguatemi-420x280.jpg\",\"contentUrl\":\"http:\\\/\\\/www.deputadovander.com.br\\\/website\\\/wp-content\\\/uploads\\\/2012\\\/07\\\/foto-2012-07-04-novo-creas-iguatemi-420x280.jpg\"},{\"@type\":\"BreadcrumbList\",\"@id\":\"https:\\\/\\\/vanderloubet.com.br\\\/deputado\\\/com-apoio-de-vander-prefeitura-de-iguatemi-entrega-novo-creas\\\/#breadcrumb\",\"itemListElement\":[{\"@type\":\"ListItem\",\"position\":1,\"name\":\"In\u00edcio\",\"item\":\"https:\\\/\\\/vanderloubet.com.br\\\/deputado\\\/\"},{\"@type\":\"ListItem\",\"position\":2,\"name\":\"Com apoio de Vander, Prefeitura de Iguatemi entrega novo Creas\"}]},{\"@type\":\"WebSite\",\"@id\":\"https:\\\/\\\/vanderloubet.com.br\\\/deputado\\\/#website\",\"url\":\"https:\\\/\\\/vanderloubet.com.br\\\/deputado\\\/\",\"name\":\"Deputado Federal Vander Loubet\",\"description\":\"O Federal de MS\",\"publisher\":{\"@id\":\"https:\\\/\\\/vanderloubet.com.br\\\/deputado\\\/#organization\"},\"alternateName\":\"Deputado Vander\",\"potentialAction\":[{\"@type\":\"SearchAction\",\"target\":{\"@type\":\"EntryPoint\",\"urlTemplate\":\"https:\\\/\\\/vanderloubet.com.br\\\/deputado\\\/?s={search_term_string}\"},\"query-input\":{\"@type\":\"PropertyValueSpecification\",\"valueRequired\":true,\"valueName\":\"search_term_string\"}}],\"inLanguage\":\"pt-BR\"},{\"@type\":\"Organization\",\"@id\":\"https:\\\/\\\/vanderloubet.com.br\\\/deputado\\\/#organization\",\"name\":\"Deputado Federal Vander Loubet\",\"alternateName\":\"Deputado Vander\",\"url\":\"https:\\\/\\\/vanderloubet.com.br\\\/deputado\\\/\",\"logo\":{\"@type\":\"ImageObject\",\"inLanguage\":\"pt-BR\",\"@id\":\"https:\\\/\\\/vanderloubet.com.br\\\/deputado\\\/#\\\/schema\\\/logo\\\/image\\\/\",\"url\":\"https:\\\/\\\/vanderloubet.com.br\\\/deputado\\\/wp-content\\\/uploads\\\/2023\\\/06\\\/foto-2023-06-19-mandato-deputado-vander.jpg\",\"contentUrl\":\"https:\\\/\\\/vanderloubet.com.br\\\/deputado\\\/wp-content\\\/uploads\\\/2023\\\/06\\\/foto-2023-06-19-mandato-deputado-vander.jpg\",\"width\":1080,\"height\":1080,\"caption\":\"Deputado Federal Vander Loubet\"},\"image\":{\"@id\":\"https:\\\/\\\/vanderloubet.com.br\\\/deputado\\\/#\\\/schema\\\/logo\\\/image\\\/\"},\"sameAs\":[\"https:\\\/\\\/facebook.com\\\/deputadovander\",\"https:\\\/\\\/x.com\\\/vanderloubet\",\"https:\\\/\\\/instagram.com\\\/vanderloubet\",\"https:\\\/\\\/youtube.com\\\/vanderloubet\",\"https:\\\/\\\/tiktok.com\\\/@vanderloubetms\"]},{\"@type\":\"Person\",\"@id\":\"https:\\\/\\\/vanderloubet.com.br\\\/deputado\\\/#\\\/schema\\\/person\\\/15b51bd564532a8a68d9dec1b8eb890e\",\"name\":\"\u00c9der\",\"image\":{\"@type\":\"ImageObject\",\"inLanguage\":\"pt-BR\",\"@id\":\"https:\\\/\\\/vanderloubet.com.br\\\/deputado\\\/wp-content\\\/litespeed\\\/avatar\\\/88ca4090d9d5ab1c9495f6ca03b68efa.jpg?ver=1777058957\",\"url\":\"https:\\\/\\\/vanderloubet.com.br\\\/deputado\\\/wp-content\\\/litespeed\\\/avatar\\\/88ca4090d9d5ab1c9495f6ca03b68efa.jpg?ver=1777058957\",\"contentUrl\":\"https:\\\/\\\/vanderloubet.com.br\\\/deputado\\\/wp-content\\\/litespeed\\\/avatar\\\/88ca4090d9d5ab1c9495f6ca03b68efa.jpg?ver=1777058957\",\"caption\":\"\u00c9der\"}}]}<\/script>\n<!-- \/ Yoast SEO plugin. -->","yoast_head_json":{"title":"Com apoio de Vander, Prefeitura de Iguatemi entrega novo Creas","robots":{"index":"index","follow":"follow","max-snippet":"max-snippet:-1","max-image-preview":"max-image-preview:large","max-video-preview":"max-video-preview:-1"},"canonical":"https:\/\/vanderloubet.com.br\/deputado\/com-apoio-de-vander-prefeitura-de-iguatemi-entrega-novo-creas\/","og_locale":"pt_BR","og_type":"article","og_title":"Com apoio de Vander, Prefeitura de Iguatemi entrega novo Creas","og_description":"Obra do pr\u00e9dio do Creas foi viabilizada com emenda de Vander no valor de R$ 97,5 mil e contrapartida do Munic\u00edpio.","og_url":"https:\/\/vanderloubet.com.br\/deputado\/com-apoio-de-vander-prefeitura-de-iguatemi-entrega-novo-creas\/","og_site_name":"Deputado Federal Vander Loubet","article_publisher":"https:\/\/facebook.com\/deputadovander","article_published_time":"2012-07-04T13:48:22+00:00","og_image":[{"url":"http:\/\/www.deputadovander.com.br\/website\/wp-content\/uploads\/2012\/07\/foto-2012-07-04-novo-creas-iguatemi-420x280.jpg","type":"","width":"","height":""}],"author":"\u00c9der","twitter_card":"summary_large_image","twitter_creator":"@vanderloubet","twitter_site":"@vanderloubet","schema":{"@context":"https:\/\/schema.org","@graph":[{"@type":"Article","@id":"https:\/\/vanderloubet.com.br\/deputado\/com-apoio-de-vander-prefeitura-de-iguatemi-entrega-novo-creas\/#article","isPartOf":{"@id":"https:\/\/vanderloubet.com.br\/deputado\/com-apoio-de-vander-prefeitura-de-iguatemi-entrega-novo-creas\/"},"author":{"name":"\u00c9der","@id":"https:\/\/vanderloubet.com.br\/deputado\/#\/schema\/person\/15b51bd564532a8a68d9dec1b8eb890e"},"headline":"Com apoio de Vander, Prefeitura de Iguatemi entrega novo Creas","datePublished":"2012-07-04T13:48:22+00:00","mainEntityOfPage":{"@id":"https:\/\/vanderloubet.com.br\/deputado\/com-apoio-de-vander-prefeitura-de-iguatemi-entrega-novo-creas\/"},"wordCount":232,"publisher":{"@id":"https:\/\/vanderloubet.com.br\/deputado\/#organization"},"image":{"@id":"https:\/\/vanderloubet.com.br\/deputado\/com-apoio-de-vander-prefeitura-de-iguatemi-entrega-novo-creas\/#primaryimage"},"thumbnailUrl":"http:\/\/www.deputadovander.com.br\/website\/wp-content\/uploads\/2012\/07\/foto-2012-07-04-novo-creas-iguatemi-420x280.jpg","keywords":["arcoverde","assist\u00eancia","centro","creas","deputado","emenda","federal","iguatemi","jos\u00e9","loubet","MS","obra","prefeitura","psdb","PT","refer\u00eancia","roberto","social","vander"],"articleSection":["Not\u00edcias"],"inLanguage":"pt-BR"},{"@type":"WebPage","@id":"https:\/\/vanderloubet.com.br\/deputado\/com-apoio-de-vander-prefeitura-de-iguatemi-entrega-novo-creas\/","url":"https:\/\/vanderloubet.com.br\/deputado\/com-apoio-de-vander-prefeitura-de-iguatemi-entrega-novo-creas\/","name":"Com apoio de Vander, Prefeitura de Iguatemi entrega novo Creas","isPartOf":{"@id":"https:\/\/vanderloubet.com.br\/deputado\/#website"},"primaryImageOfPage":{"@id":"https:\/\/vanderloubet.com.br\/deputado\/com-apoio-de-vander-prefeitura-de-iguatemi-entrega-novo-creas\/#primaryimage"},"image":{"@id":"https:\/\/vanderloubet.com.br\/deputado\/com-apoio-de-vander-prefeitura-de-iguatemi-entrega-novo-creas\/#primaryimage"},"thumbnailUrl":"http:\/\/www.deputadovander.com.br\/website\/wp-content\/uploads\/2012\/07\/foto-2012-07-04-novo-creas-iguatemi-420x280.jpg","datePublished":"2012-07-04T13:48:22+00:00","breadcrumb":{"@id":"https:\/\/vanderloubet.com.br\/deputado\/com-apoio-de-vander-prefeitura-de-iguatemi-entrega-novo-creas\/#breadcrumb"},"inLanguage":"pt-BR","potentialAction":[{"@type":"ReadAction","target":["https:\/\/vanderloubet.com.br\/deputado\/com-apoio-de-vander-prefeitura-de-iguatemi-entrega-novo-creas\/"]}]},{"@type":"ImageObject","inLanguage":"pt-BR","@id":"https:\/\/vanderloubet.com.br\/deputado\/com-apoio-de-vander-prefeitura-de-iguatemi-entrega-novo-creas\/#primaryimage","url":"http:\/\/www.deputadovander.com.br\/website\/wp-content\/uploads\/2012\/07\/foto-2012-07-04-novo-creas-iguatemi-420x280.jpg","contentUrl":"http:\/\/www.deputadovander.com.br\/website\/wp-content\/uploads\/2012\/07\/foto-2012-07-04-novo-creas-iguatemi-420x280.jpg"},{"@type":"BreadcrumbList","@id":"https:\/\/vanderloubet.com.br\/deputado\/com-apoio-de-vander-prefeitura-de-iguatemi-entrega-novo-creas\/#breadcrumb","itemListElement":[{"@type":"ListItem","position":1,"name":"In\u00edcio","item":"https:\/\/vanderloubet.com.br\/deputado\/"},{"@type":"ListItem","position":2,"name":"Com apoio de Vander, Prefeitura de Iguatemi entrega novo Creas"}]},{"@type":"WebSite","@id":"https:\/\/vanderloubet.com.br\/deputado\/#website","url":"https:\/\/vanderloubet.com.br\/deputado\/","name":"Deputado Federal Vander Loubet","description":"O Federal de MS","publisher":{"@id":"https:\/\/vanderloubet.com.br\/deputado\/#organization"},"alternateName":"Deputado Vander","potentialAction":[{"@type":"SearchAction","target":{"@type":"EntryPoint","urlTemplate":"https:\/\/vanderloubet.com.br\/deputado\/?s={search_term_string}"},"query-input":{"@type":"PropertyValueSpecification","valueRequired":true,"valueName":"search_term_string"}}],"inLanguage":"pt-BR"},{"@type":"Organization","@id":"https:\/\/vanderloubet.com.br\/deputado\/#organization","name":"Deputado Federal Vander Loubet","alternateName":"Deputado Vander","url":"https:\/\/vanderloubet.com.br\/deputado\/","logo":{"@type":"ImageObject","inLanguage":"pt-BR","@id":"https:\/\/vanderloubet.com.br\/deputado\/#\/schema\/logo\/image\/","url":"https:\/\/vanderloubet.com.br\/deputado\/wp-content\/uploads\/2023\/06\/foto-2023-06-19-mandato-deputado-vander.jpg","contentUrl":"https:\/\/vanderloubet.com.br\/deputado\/wp-content\/uploads\/2023\/06\/foto-2023-06-19-mandato-deputado-vander.jpg","width":1080,"height":1080,"caption":"Deputado Federal Vander Loubet"},"image":{"@id":"https:\/\/vanderloubet.com.br\/deputado\/#\/schema\/logo\/image\/"},"sameAs":["https:\/\/facebook.com\/deputadovander","https:\/\/x.com\/vanderloubet","https:\/\/instagram.com\/vanderloubet","https:\/\/youtube.com\/vanderloubet","https:\/\/tiktok.com\/@vanderloubetms"]},{"@type":"Person","@id":"https:\/\/vanderloubet.com.br\/deputado\/#\/schema\/person\/15b51bd564532a8a68d9dec1b8eb890e","name":"\u00c9der","image":{"@type":"ImageObject","inLanguage":"pt-BR","@id":"https:\/\/vanderloubet.com.br\/deputado\/wp-content\/litespeed\/avatar\/88ca4090d9d5ab1c9495f6ca03b68efa.jpg?ver=1777058957","url":"https:\/\/vanderloubet.com.br\/deputado\/wp-content\/litespeed\/avatar\/88ca4090d9d5ab1c9495f6ca03b68efa.jpg?ver=1777058957","contentUrl":"https:\/\/vanderloubet.com.br\/deputado\/wp-content\/litespeed\/avatar\/88ca4090d9d5ab1c9495f6ca03b68efa.jpg?ver=1777058957","caption":"\u00c9der"}}]}},"jetpack_featured_media_url":"","jetpack_sharing_enabled":true,"_links":{"self":[{"href":"https:\/\/vanderloubet.com.br\/deputado\/wp-json\/wp\/v2\/posts\/5609","targetHints":{"allow":["GET"]}}],"collection":[{"href":"https:\/\/vanderloubet.com.br\/deputado\/wp-json\/wp\/v2\/posts"}],"about":[{"href":"https:\/\/vanderloubet.com.br\/deputado\/wp-json\/wp\/v2\/types\/post"}],"author":[{"embeddable":true,"href":"https:\/\/vanderloubet.com.br\/deputado\/wp-json\/wp\/v2\/users\/2"}],"replies":[{"embeddable":true,"href":"https:\/\/vanderloubet.com.br\/deputado\/wp-json\/wp\/v2\/comments?post=5609"}],"version-history":[{"count":0,"href":"https:\/\/vanderloubet.com.br\/deputado\/wp-json\/wp\/v2\/posts\/5609\/revisions"}],"wp:attachment":[{"href":"https:\/\/vanderloubet.com.br\/deputado\/wp-json\/wp\/v2\/media?parent=5609"}],"wp:term":[{"taxonomy":"category","embeddable":true,"href":"https:\/\/vanderloubet.com.br\/deputado\/wp-json\/wp\/v2\/categories?post=5609"},{"taxonomy":"post_tag","embeddable":true,"href":"https:\/\/vanderloubet.com.br\/deputado\/wp-json\/wp\/v2\/tags?post=5609"}],"curies":[{"name":"wp","href":"https:\/\/api.w.org\/{rel}","templated":true}]}}