{"id":560,"date":"2010-04-07T14:24:54","date_gmt":"2010-04-07T18:24:54","guid":{"rendered":"http:\/\/www.deputadovander.com.br\/website\/?p=560"},"modified":"2010-04-07T14:24:54","modified_gmt":"2010-04-07T18:24:54","slug":"vander-e-homenageado-por-feirantes-de-campo-grande","status":"publish","type":"post","link":"https:\/\/vanderloubet.com.br\/deputado\/vander-e-homenageado-por-feirantes-de-campo-grande\/","title":{"rendered":"Vander \u00e9 homenageado por feirantes de Campo Grande"},"content":{"rendered":"<p style=\"text-align: center;\">\n<figure id=\"attachment_561\" aria-describedby=\"caption-attachment-561\" style=\"width: 300px\" class=\"wp-caption aligncenter\"><a href=\"http:\/\/deputadovander.com.br\/website\/wp-content\/uploads\/2010\/04\/foto-2010-04-07-alvira-vander1.jpg\" target=\"_blank\"><img fetchpriority=\"high\" decoding=\"async\" class=\"size-medium wp-image-561 \" title=\"foto-2010-04-07-alvira-vander\" src=\"http:\/\/www.deputadovander.com.br\/website\/wp-content\/uploads\/2010\/04\/foto-2010-04-07-alvira-vander-300x225.jpg\" alt=\"Alvira e Vander na Feira Central\" width=\"300\" height=\"225\" \/><\/a><figcaption id=\"caption-attachment-561\" class=\"wp-caption-text\">Alvira e Vander na Feira Central<\/figcaption><\/figure>\n<p>A Associa\u00e7\u00e3o dos Comerciantes da Feira Central de Campo Grande (Afecetur), em reconhecimento ao apoio que vem recebendo no fortalecimento e na qualifica\u00e7\u00e3o das suas atividades, prestou no domingo passado (4) homenagens a lideran\u00e7as pol\u00edticas e dirigentes, entre os quais o deputado federal Vander Loubet (PT-MS).<\/p>\n<p>A presidenta da Afecetur, Alvira Appel Soares de Melo, disse que Vander merece a homenagem por ter-se mostrado sempre atencioso e solid\u00e1rio \u00e0s necessidades do progresso campograndense e, no caso da Feira Central, foi autor de uma emenda de quase R$ 1 milh\u00e3o, quantia que tornou vi\u00e1vel o projeto de reestrutura\u00e7\u00e3o geral deste que \u00e9 um dos principais endere\u00e7os tur\u00edsticos da cidade.<\/p>\n<p>&#8220;Temos no deputado Vander um parceiro de todas as horas. Ele nos atendeu com essa emenda que vai dar maior conforto aos comerciantes e aos visitantes e tamb\u00e9m uma fisionomia ainda mais bonita e moderna para a feira&#8221;, salientou Alvira.<\/p>\n<p>Com os recursos do Minist\u00e9rio do Turismo, a Prefeitura de Campo Grande entrou com sua contrapartida e o projeto de reestrutura\u00e7\u00e3o da Feira, or\u00e7ado em R$ 2,4 milh\u00f5es, come\u00e7a a ser executado ainda este ano. Al\u00e9m da cobertura met\u00e1lica e de uma esta\u00e7\u00e3o de tratamento de lixo, o projeto prev\u00ea a constru\u00e7\u00e3o de guarita, muro para o estacionamento, revis\u00e3o das redes el\u00e9trica e hidr\u00e1ulica e troca do piso das lojas.<\/p>\n<p>Segundo a Prefeitura, na nova cobertura ser\u00e3o instalados brises (um modelo de quebra-sol instalado para impedir a a\u00e7\u00e3o do sol sem perder a ventila\u00e7\u00e3o) e e venezianas met\u00e1licas. Elvira Appel informa que a Feira Central conta hoje com 350 alvar\u00e1s de lojas e responde por 1.800 vagas diretas de trabalho.<\/p>\n<p>Tamb\u00e9m foram homenageados pela Afecetur o prefeito Nelson Trad Filho (representado pelo secret\u00e1rio de Finan\u00e7as, Paulo Nahas), o governador Andr\u00e9 Puccinelli (representado pelo presidente da Funda\u00e7\u00e3o Estadual de Cultura, Am\u00e9rico Calheiros), o deputado estadual Marquinhos Trad (PMDB) e o presidente da Funda\u00e7\u00e3o Municipal de Cultura, Athayde Nery Junior.<\/p>\n<p><small>(Edson Moraes &#8211; Assessoria de Imprensa; foto: Carlos Eduardo Goulart)<\/small><\/p>\n","protected":false},"excerpt":{"rendered":"<p>Para a presidenta da Afecetur, Alvira Appel, Vander merece a homenagem por sempre ser atencioso e solid\u00e1rio \u00e0 Feira Central.<\/p>\n","protected":false},"author":2,"featured_media":0,"comment_status":"closed","ping_status":"open","sticky":false,"template":"","format":"standard","meta":{"_jetpack_newsletter_access":"","_jetpack_dont_email_post_to_subs":false,"_jetpack_newsletter_tier_id":0,"_jetpack_memberships_contains_paywalled_content":false,"_jetpack_feature_clip_id":0,"_jetpack_memberships_contains_paid_content":false,"footnotes":"","jetpack_post_was_ever_published":false},"categories":[10],"tags":[57,111,342,809,2035],"class_list":["post-560","post","type-post","status-publish","format-standard","hentry","category-noticias","tag-afecetur","tag-alvira-appel","tag-campo-grande","tag-feira-central","tag-vander-loubet"],"yoast_head":"<!-- This site is optimized with the Yoast SEO plugin v28.0 - https:\/\/yoast.com\/product\/yoast-seo-wordpress\/ -->\n<title>Vander \u00e9 homenageado por feirantes de Campo Grande<\/title>\n<meta name=\"robots\" content=\"index, follow, max-snippet:-1, max-image-preview:large, max-video-preview:-1\" \/>\n<link rel=\"canonical\" href=\"https:\/\/vanderloubet.com.br\/deputado\/vander-e-homenageado-por-feirantes-de-campo-grande\/\" \/>\n<meta property=\"og:locale\" content=\"pt_BR\" \/>\n<meta property=\"og:type\" content=\"article\" \/>\n<meta property=\"og:title\" content=\"Vander \u00e9 homenageado por feirantes de Campo Grande\" \/>\n<meta property=\"og:description\" content=\"Para a presidenta da Afecetur, Alvira Appel, Vander merece a homenagem por sempre ser atencioso e solid\u00e1rio \u00e0 Feira Central.\" \/>\n<meta property=\"og:url\" content=\"https:\/\/vanderloubet.com.br\/deputado\/vander-e-homenageado-por-feirantes-de-campo-grande\/\" \/>\n<meta property=\"og:site_name\" content=\"Vander 133\" \/>\n<meta property=\"article:publisher\" content=\"https:\/\/facebook.com\/deputadovander\" \/>\n<meta property=\"article:published_time\" content=\"2010-04-07T18:24:54+00:00\" \/>\n<meta property=\"og:image\" content=\"http:\/\/www.deputadovander.com.br\/website\/wp-content\/uploads\/2010\/04\/foto-2010-04-07-alvira-vander-300x225.jpg\" \/>\n<meta name=\"author\" content=\"\u00c9der\" \/>\n<meta name=\"twitter:card\" content=\"summary_large_image\" \/>\n<meta name=\"twitter:creator\" content=\"@vanderloubet\" \/>\n<meta name=\"twitter:site\" content=\"@vanderloubet\" \/>\n<script type=\"application\/ld+json\" class=\"yoast-schema-graph\">{\"@context\":\"https:\\\/\\\/schema.org\",\"@graph\":[{\"@type\":\"Article\",\"@id\":\"https:\\\/\\\/vanderloubet.com.br\\\/deputado\\\/vander-e-homenageado-por-feirantes-de-campo-grande\\\/#article\",\"isPartOf\":{\"@id\":\"https:\\\/\\\/vanderloubet.com.br\\\/deputado\\\/vander-e-homenageado-por-feirantes-de-campo-grande\\\/\"},\"author\":{\"name\":\"\u00c9der\",\"@id\":\"https:\\\/\\\/vanderloubet.com.br\\\/deputado\\\/#\\\/schema\\\/person\\\/15b51bd564532a8a68d9dec1b8eb890e\"},\"headline\":\"Vander \u00e9 homenageado por feirantes de Campo Grande\",\"datePublished\":\"2010-04-07T18:24:54+00:00\",\"mainEntityOfPage\":{\"@id\":\"https:\\\/\\\/vanderloubet.com.br\\\/deputado\\\/vander-e-homenageado-por-feirantes-de-campo-grande\\\/\"},\"wordCount\":375,\"publisher\":{\"@id\":\"https:\\\/\\\/vanderloubet.com.br\\\/deputado\\\/#organization\"},\"image\":{\"@id\":\"https:\\\/\\\/vanderloubet.com.br\\\/deputado\\\/vander-e-homenageado-por-feirantes-de-campo-grande\\\/#primaryimage\"},\"thumbnailUrl\":\"http:\\\/\\\/www.deputadovander.com.br\\\/website\\\/wp-content\\\/uploads\\\/2010\\\/04\\\/foto-2010-04-07-alvira-vander-300x225.jpg\",\"keywords\":[\"afecetur\",\"alvira appel\",\"campo grande\",\"feira central\",\"vander loubet\"],\"articleSection\":[\"Not\u00edcias\"],\"inLanguage\":\"pt-BR\"},{\"@type\":\"WebPage\",\"@id\":\"https:\\\/\\\/vanderloubet.com.br\\\/deputado\\\/vander-e-homenageado-por-feirantes-de-campo-grande\\\/\",\"url\":\"https:\\\/\\\/vanderloubet.com.br\\\/deputado\\\/vander-e-homenageado-por-feirantes-de-campo-grande\\\/\",\"name\":\"Vander \u00e9 homenageado por feirantes de Campo Grande\",\"isPartOf\":{\"@id\":\"https:\\\/\\\/vanderloubet.com.br\\\/deputado\\\/#website\"},\"primaryImageOfPage\":{\"@id\":\"https:\\\/\\\/vanderloubet.com.br\\\/deputado\\\/vander-e-homenageado-por-feirantes-de-campo-grande\\\/#primaryimage\"},\"image\":{\"@id\":\"https:\\\/\\\/vanderloubet.com.br\\\/deputado\\\/vander-e-homenageado-por-feirantes-de-campo-grande\\\/#primaryimage\"},\"thumbnailUrl\":\"http:\\\/\\\/www.deputadovander.com.br\\\/website\\\/wp-content\\\/uploads\\\/2010\\\/04\\\/foto-2010-04-07-alvira-vander-300x225.jpg\",\"datePublished\":\"2010-04-07T18:24:54+00:00\",\"breadcrumb\":{\"@id\":\"https:\\\/\\\/vanderloubet.com.br\\\/deputado\\\/vander-e-homenageado-por-feirantes-de-campo-grande\\\/#breadcrumb\"},\"inLanguage\":\"pt-BR\",\"potentialAction\":[{\"@type\":\"ReadAction\",\"target\":[\"https:\\\/\\\/vanderloubet.com.br\\\/deputado\\\/vander-e-homenageado-por-feirantes-de-campo-grande\\\/\"]}]},{\"@type\":\"ImageObject\",\"inLanguage\":\"pt-BR\",\"@id\":\"https:\\\/\\\/vanderloubet.com.br\\\/deputado\\\/vander-e-homenageado-por-feirantes-de-campo-grande\\\/#primaryimage\",\"url\":\"http:\\\/\\\/www.deputadovander.com.br\\\/website\\\/wp-content\\\/uploads\\\/2010\\\/04\\\/foto-2010-04-07-alvira-vander-300x225.jpg\",\"contentUrl\":\"http:\\\/\\\/www.deputadovander.com.br\\\/website\\\/wp-content\\\/uploads\\\/2010\\\/04\\\/foto-2010-04-07-alvira-vander-300x225.jpg\"},{\"@type\":\"BreadcrumbList\",\"@id\":\"https:\\\/\\\/vanderloubet.com.br\\\/deputado\\\/vander-e-homenageado-por-feirantes-de-campo-grande\\\/#breadcrumb\",\"itemListElement\":[{\"@type\":\"ListItem\",\"position\":1,\"name\":\"In\u00edcio\",\"item\":\"https:\\\/\\\/vanderloubet.com.br\\\/deputado\\\/\"},{\"@type\":\"ListItem\",\"position\":2,\"name\":\"Vander \u00e9 homenageado por feirantes de Campo Grande\"}]},{\"@type\":\"WebSite\",\"@id\":\"https:\\\/\\\/vanderloubet.com.br\\\/deputado\\\/#website\",\"url\":\"https:\\\/\\\/vanderloubet.com.br\\\/deputado\\\/\",\"name\":\"Vander 133\",\"description\":\"O Senador da gente\",\"publisher\":{\"@id\":\"https:\\\/\\\/vanderloubet.com.br\\\/deputado\\\/#organization\"},\"alternateName\":\"Deputado Vander\",\"potentialAction\":[{\"@type\":\"SearchAction\",\"target\":{\"@type\":\"EntryPoint\",\"urlTemplate\":\"https:\\\/\\\/vanderloubet.com.br\\\/deputado\\\/?s={search_term_string}\"},\"query-input\":{\"@type\":\"PropertyValueSpecification\",\"valueRequired\":true,\"valueName\":\"search_term_string\"}}],\"inLanguage\":\"pt-BR\"},{\"@type\":\"Organization\",\"@id\":\"https:\\\/\\\/vanderloubet.com.br\\\/deputado\\\/#organization\",\"name\":\"Deputado Federal Vander Loubet\",\"alternateName\":\"Deputado Vander\",\"url\":\"https:\\\/\\\/vanderloubet.com.br\\\/deputado\\\/\",\"logo\":{\"@type\":\"ImageObject\",\"inLanguage\":\"pt-BR\",\"@id\":\"https:\\\/\\\/vanderloubet.com.br\\\/deputado\\\/#\\\/schema\\\/logo\\\/image\\\/\",\"url\":\"https:\\\/\\\/vanderloubet.com.br\\\/deputado\\\/wp-content\\\/uploads\\\/2023\\\/06\\\/foto-2023-06-19-mandato-deputado-vander.jpg\",\"contentUrl\":\"https:\\\/\\\/vanderloubet.com.br\\\/deputado\\\/wp-content\\\/uploads\\\/2023\\\/06\\\/foto-2023-06-19-mandato-deputado-vander.jpg\",\"width\":1080,\"height\":1080,\"caption\":\"Deputado Federal Vander Loubet\"},\"image\":{\"@id\":\"https:\\\/\\\/vanderloubet.com.br\\\/deputado\\\/#\\\/schema\\\/logo\\\/image\\\/\"},\"sameAs\":[\"https:\\\/\\\/facebook.com\\\/deputadovander\",\"https:\\\/\\\/x.com\\\/vanderloubet\",\"https:\\\/\\\/instagram.com\\\/vanderloubet\",\"https:\\\/\\\/youtube.com\\\/vanderloubet\",\"https:\\\/\\\/tiktok.com\\\/@vanderloubetms\"]},{\"@type\":\"Person\",\"@id\":\"https:\\\/\\\/vanderloubet.com.br\\\/deputado\\\/#\\\/schema\\\/person\\\/15b51bd564532a8a68d9dec1b8eb890e\",\"name\":\"\u00c9der\",\"image\":{\"@type\":\"ImageObject\",\"inLanguage\":\"pt-BR\",\"@id\":\"https:\\\/\\\/secure.gravatar.com\\\/avatar\\\/f87e644facd4d2ef1044b556ced7905f2bfec824839a005707719af7787fea61?s=96&d=mm&r=g\",\"url\":\"https:\\\/\\\/secure.gravatar.com\\\/avatar\\\/f87e644facd4d2ef1044b556ced7905f2bfec824839a005707719af7787fea61?s=96&d=mm&r=g\",\"contentUrl\":\"https:\\\/\\\/secure.gravatar.com\\\/avatar\\\/f87e644facd4d2ef1044b556ced7905f2bfec824839a005707719af7787fea61?s=96&d=mm&r=g\",\"caption\":\"\u00c9der\"}}]}<\/script>\n<!-- \/ Yoast SEO plugin. -->","yoast_head_json":{"title":"Vander \u00e9 homenageado por feirantes de Campo Grande","robots":{"index":"index","follow":"follow","max-snippet":"max-snippet:-1","max-image-preview":"max-image-preview:large","max-video-preview":"max-video-preview:-1"},"canonical":"https:\/\/vanderloubet.com.br\/deputado\/vander-e-homenageado-por-feirantes-de-campo-grande\/","og_locale":"pt_BR","og_type":"article","og_title":"Vander \u00e9 homenageado por feirantes de Campo Grande","og_description":"Para a presidenta da Afecetur, Alvira Appel, Vander merece a homenagem por sempre ser atencioso e solid\u00e1rio \u00e0 Feira Central.","og_url":"https:\/\/vanderloubet.com.br\/deputado\/vander-e-homenageado-por-feirantes-de-campo-grande\/","og_site_name":"Vander 133","article_publisher":"https:\/\/facebook.com\/deputadovander","article_published_time":"2010-04-07T18:24:54+00:00","og_image":[{"url":"http:\/\/www.deputadovander.com.br\/website\/wp-content\/uploads\/2010\/04\/foto-2010-04-07-alvira-vander-300x225.jpg","type":"","width":"","height":""}],"author":"\u00c9der","twitter_card":"summary_large_image","twitter_creator":"@vanderloubet","twitter_site":"@vanderloubet","schema":{"@context":"https:\/\/schema.org","@graph":[{"@type":"Article","@id":"https:\/\/vanderloubet.com.br\/deputado\/vander-e-homenageado-por-feirantes-de-campo-grande\/#article","isPartOf":{"@id":"https:\/\/vanderloubet.com.br\/deputado\/vander-e-homenageado-por-feirantes-de-campo-grande\/"},"author":{"name":"\u00c9der","@id":"https:\/\/vanderloubet.com.br\/deputado\/#\/schema\/person\/15b51bd564532a8a68d9dec1b8eb890e"},"headline":"Vander \u00e9 homenageado por feirantes de Campo Grande","datePublished":"2010-04-07T18:24:54+00:00","mainEntityOfPage":{"@id":"https:\/\/vanderloubet.com.br\/deputado\/vander-e-homenageado-por-feirantes-de-campo-grande\/"},"wordCount":375,"publisher":{"@id":"https:\/\/vanderloubet.com.br\/deputado\/#organization"},"image":{"@id":"https:\/\/vanderloubet.com.br\/deputado\/vander-e-homenageado-por-feirantes-de-campo-grande\/#primaryimage"},"thumbnailUrl":"http:\/\/www.deputadovander.com.br\/website\/wp-content\/uploads\/2010\/04\/foto-2010-04-07-alvira-vander-300x225.jpg","keywords":["afecetur","alvira appel","campo grande","feira central","vander loubet"],"articleSection":["Not\u00edcias"],"inLanguage":"pt-BR"},{"@type":"WebPage","@id":"https:\/\/vanderloubet.com.br\/deputado\/vander-e-homenageado-por-feirantes-de-campo-grande\/","url":"https:\/\/vanderloubet.com.br\/deputado\/vander-e-homenageado-por-feirantes-de-campo-grande\/","name":"Vander \u00e9 homenageado por feirantes de Campo Grande","isPartOf":{"@id":"https:\/\/vanderloubet.com.br\/deputado\/#website"},"primaryImageOfPage":{"@id":"https:\/\/vanderloubet.com.br\/deputado\/vander-e-homenageado-por-feirantes-de-campo-grande\/#primaryimage"},"image":{"@id":"https:\/\/vanderloubet.com.br\/deputado\/vander-e-homenageado-por-feirantes-de-campo-grande\/#primaryimage"},"thumbnailUrl":"http:\/\/www.deputadovander.com.br\/website\/wp-content\/uploads\/2010\/04\/foto-2010-04-07-alvira-vander-300x225.jpg","datePublished":"2010-04-07T18:24:54+00:00","breadcrumb":{"@id":"https:\/\/vanderloubet.com.br\/deputado\/vander-e-homenageado-por-feirantes-de-campo-grande\/#breadcrumb"},"inLanguage":"pt-BR","potentialAction":[{"@type":"ReadAction","target":["https:\/\/vanderloubet.com.br\/deputado\/vander-e-homenageado-por-feirantes-de-campo-grande\/"]}]},{"@type":"ImageObject","inLanguage":"pt-BR","@id":"https:\/\/vanderloubet.com.br\/deputado\/vander-e-homenageado-por-feirantes-de-campo-grande\/#primaryimage","url":"http:\/\/www.deputadovander.com.br\/website\/wp-content\/uploads\/2010\/04\/foto-2010-04-07-alvira-vander-300x225.jpg","contentUrl":"http:\/\/www.deputadovander.com.br\/website\/wp-content\/uploads\/2010\/04\/foto-2010-04-07-alvira-vander-300x225.jpg"},{"@type":"BreadcrumbList","@id":"https:\/\/vanderloubet.com.br\/deputado\/vander-e-homenageado-por-feirantes-de-campo-grande\/#breadcrumb","itemListElement":[{"@type":"ListItem","position":1,"name":"In\u00edcio","item":"https:\/\/vanderloubet.com.br\/deputado\/"},{"@type":"ListItem","position":2,"name":"Vander \u00e9 homenageado por feirantes de Campo Grande"}]},{"@type":"WebSite","@id":"https:\/\/vanderloubet.com.br\/deputado\/#website","url":"https:\/\/vanderloubet.com.br\/deputado\/","name":"Vander 133","description":"O Senador da gente","publisher":{"@id":"https:\/\/vanderloubet.com.br\/deputado\/#organization"},"alternateName":"Deputado Vander","potentialAction":[{"@type":"SearchAction","target":{"@type":"EntryPoint","urlTemplate":"https:\/\/vanderloubet.com.br\/deputado\/?s={search_term_string}"},"query-input":{"@type":"PropertyValueSpecification","valueRequired":true,"valueName":"search_term_string"}}],"inLanguage":"pt-BR"},{"@type":"Organization","@id":"https:\/\/vanderloubet.com.br\/deputado\/#organization","name":"Deputado Federal Vander Loubet","alternateName":"Deputado Vander","url":"https:\/\/vanderloubet.com.br\/deputado\/","logo":{"@type":"ImageObject","inLanguage":"pt-BR","@id":"https:\/\/vanderloubet.com.br\/deputado\/#\/schema\/logo\/image\/","url":"https:\/\/vanderloubet.com.br\/deputado\/wp-content\/uploads\/2023\/06\/foto-2023-06-19-mandato-deputado-vander.jpg","contentUrl":"https:\/\/vanderloubet.com.br\/deputado\/wp-content\/uploads\/2023\/06\/foto-2023-06-19-mandato-deputado-vander.jpg","width":1080,"height":1080,"caption":"Deputado Federal Vander Loubet"},"image":{"@id":"https:\/\/vanderloubet.com.br\/deputado\/#\/schema\/logo\/image\/"},"sameAs":["https:\/\/facebook.com\/deputadovander","https:\/\/x.com\/vanderloubet","https:\/\/instagram.com\/vanderloubet","https:\/\/youtube.com\/vanderloubet","https:\/\/tiktok.com\/@vanderloubetms"]},{"@type":"Person","@id":"https:\/\/vanderloubet.com.br\/deputado\/#\/schema\/person\/15b51bd564532a8a68d9dec1b8eb890e","name":"\u00c9der","image":{"@type":"ImageObject","inLanguage":"pt-BR","@id":"https:\/\/secure.gravatar.com\/avatar\/f87e644facd4d2ef1044b556ced7905f2bfec824839a005707719af7787fea61?s=96&d=mm&r=g","url":"https:\/\/secure.gravatar.com\/avatar\/f87e644facd4d2ef1044b556ced7905f2bfec824839a005707719af7787fea61?s=96&d=mm&r=g","contentUrl":"https:\/\/secure.gravatar.com\/avatar\/f87e644facd4d2ef1044b556ced7905f2bfec824839a005707719af7787fea61?s=96&d=mm&r=g","caption":"\u00c9der"}}]}},"jetpack_featured_media_url":"","jetpack_sharing_enabled":true,"_links":{"self":[{"href":"https:\/\/vanderloubet.com.br\/deputado\/wp-json\/wp\/v2\/posts\/560","targetHints":{"allow":["GET"]}}],"collection":[{"href":"https:\/\/vanderloubet.com.br\/deputado\/wp-json\/wp\/v2\/posts"}],"about":[{"href":"https:\/\/vanderloubet.com.br\/deputado\/wp-json\/wp\/v2\/types\/post"}],"author":[{"embeddable":true,"href":"https:\/\/vanderloubet.com.br\/deputado\/wp-json\/wp\/v2\/users\/2"}],"replies":[{"embeddable":true,"href":"https:\/\/vanderloubet.com.br\/deputado\/wp-json\/wp\/v2\/comments?post=560"}],"version-history":[{"count":0,"href":"https:\/\/vanderloubet.com.br\/deputado\/wp-json\/wp\/v2\/posts\/560\/revisions"}],"wp:attachment":[{"href":"https:\/\/vanderloubet.com.br\/deputado\/wp-json\/wp\/v2\/media?parent=560"}],"wp:term":[{"taxonomy":"category","embeddable":true,"href":"https:\/\/vanderloubet.com.br\/deputado\/wp-json\/wp\/v2\/categories?post=560"},{"taxonomy":"post_tag","embeddable":true,"href":"https:\/\/vanderloubet.com.br\/deputado\/wp-json\/wp\/v2\/tags?post=560"}],"curies":[{"name":"wp","href":"https:\/\/api.w.org\/{rel}","templated":true}]}}