{"id":5512,"date":"2012-06-12T10:52:22","date_gmt":"2012-06-12T14:52:22","guid":{"rendered":"http:\/\/www.deputadovander.com.br\/website\/?p=5512"},"modified":"2012-06-12T10:52:22","modified_gmt":"2012-06-12T14:52:22","slug":"mda-entrega-maquinas-viabilizadas-pela-bancada-do-pt-a-19-municipios","status":"publish","type":"post","link":"https:\/\/vanderloubet.com.br\/deputado\/mda-entrega-maquinas-viabilizadas-pela-bancada-do-pt-a-19-municipios\/","title":{"rendered":"MDA entrega m\u00e1quinas viabilizadas pela Bancada do PT a 19 munic\u00edpios"},"content":{"rendered":"<figure id=\"attachment_5513\" aria-describedby=\"caption-attachment-5513\" style=\"width: 420px\" class=\"wp-caption aligncenter\"><a href=\"http:\/\/www.deputadovander.com.br\/website\/wp-content\/uploads\/2012\/06\/foto-2012-06-12-restroescavadeira-pac2-mda.jpg\" target=\"_blank\"><img decoding=\"async\" class=\"size-medium wp-image-5513 \" title=\"foto-2012-06-12-restroescavadeira-pac2-mda\" src=\"http:\/\/www.deputadovander.com.br\/website\/wp-content\/uploads\/2012\/06\/foto-2012-06-12-restroescavadeira-pac2-mda-420x197.jpg\" alt=\"Cada restroescabadeira entregue custou cerca de R$ 163 mil\" width=\"420\" height=\"197\" \/><\/a><figcaption id=\"caption-attachment-5513\" class=\"wp-caption-text\">Cada restroescabadeira entregue custou cerca de R$ 163 mil<\/figcaption><\/figure>\n<p>O munic\u00edpio de Nova Alvorada Sul, a 120 km de Campo Grande, foi palco ontem (11) da solenidade de entrega de 19 retroescavadeiras a munic\u00edpios contemplados na segunda fase do Programa de Acelera\u00e7\u00e3o do Crescimento (PAC 2) da Reforma Agr\u00e1ria. O evento, realizado no p\u00e1tio da Prefeitura, contou com a presen\u00e7a do ministro do Desenvolvimento Agr\u00e1rio, Pepe Vargas.<\/p>\n<p>Os deputados federais Vander Loubet e Antonio Carlos Biffi e o senador Delc\u00eddio do Amaral, que formam a bancada do PT-MS no Congresso Nacional, foram os respons\u00e1veis por viabilizar os recursos junto ao governo federal para adquirir os equipamentos. As retroescavadeiras ser\u00e3o utilizadas pelos munic\u00edpios na execu\u00e7\u00e3o de servi\u00e7os de apoio a agricultura familiar, em especial nos assentamentos, onde vivem milhares de pequenos agricultores.<\/p>\n<p>Foram contempladas na solenidade de segunda-feira as prefeituras de Anast\u00e1cio, Bataguassu, Bela Vista, Bodoquena, Bonito, Brasil\u00e2ndia, Caarap\u00f3, Dois Irm\u00e3os do Buriti, Douradina, Guia Lopes da Laguna, Itapor\u00e3, Jardim, Maracaju, Nioaque, Nova Alvorada do Sul, Rio Brilhante, Sidrol\u00e2ndia, Taquarussu e Terenos.<\/p>\n<p>Na sexta-feira (16), ser\u00e3o entregues as m\u00e1quinas para mais 21 prefeituras: Sete Quedas, Santa Rita do Pardo, Tacuru, Japor\u00e3, Iguatemi, Mundo Novo, Eldorado, Itaquira\u00ed, Anauril\u00e2ndia, Juti, Navira\u00ed, F\u00e1tima do Sul, Vicentina, Jate\u00ed, Bataypor\u00e3, Nova Andradina, Gl\u00f3ria de Dourados, Novo Horizonte do Sul, Deod\u00e1polis, Ang\u00e9lica e Ivinhema, totalizando 4o munic\u00edpios beneficiados e um investimento de cerca de R$ 6,5 milh\u00f5es.<\/p>\n<p><span style=\"font-size: 11px;\">(\u00c9der Yanaguita &#8211; Assessoria\/Deputado Vander)<\/span><\/p>\n","protected":false},"excerpt":{"rendered":"<p>Outros 21 munic\u00edpios tamb\u00e9m devem receber retroescavadeiras, totalizando 40 prefeituras beneficiadas.<\/p>\n","protected":false},"author":2,"featured_media":0,"comment_status":"closed","ping_status":"open","sticky":false,"template":"","format":"standard","meta":{"jetpack_post_was_ever_published":false,"_jetpack_newsletter_access":"","_jetpack_dont_email_post_to_subs":false,"_jetpack_newsletter_tier_id":0,"_jetpack_memberships_contains_paywalled_content":false,"_jetpack_memberships_contains_paid_content":false,"footnotes":""},"categories":[10],"tags":[70,262,590,608,793,807,1178,1251,1305,1336,1530,1655,1725,1823,2033,2038],"class_list":{"0":"post-5512","1":"post","2":"type-post","3":"status-publish","4":"format-standard","6":"category-noticias","7":"tag-agricultura","8":"tag-biffi","9":"tag-delcidio","10":"tag-deputado","11":"tag-familiar","12":"tag-federal","13":"tag-loubet","14":"tag-mda","15":"tag-ministro","16":"tag-ms","17":"tag-pepe","18":"tag-pt","19":"tag-retroescavadeira","20":"tag-senador","21":"tag-vander","22":"tag-vargas"},"yoast_head":"<!-- This site is optimized with the Yoast SEO plugin v27.4 - https:\/\/yoast.com\/product\/yoast-seo-wordpress\/ -->\n<title>MDA entrega m\u00e1quinas viabilizadas pela Bancada do PT a 19 munic\u00edpios<\/title>\n<meta name=\"robots\" content=\"index, follow, max-snippet:-1, max-image-preview:large, max-video-preview:-1\" \/>\n<link rel=\"canonical\" href=\"https:\/\/vanderloubet.com.br\/deputado\/mda-entrega-maquinas-viabilizadas-pela-bancada-do-pt-a-19-municipios\/\" \/>\n<meta property=\"og:locale\" content=\"pt_BR\" \/>\n<meta property=\"og:type\" content=\"article\" \/>\n<meta property=\"og:title\" content=\"MDA entrega m\u00e1quinas viabilizadas pela Bancada do PT a 19 munic\u00edpios\" \/>\n<meta property=\"og:description\" content=\"Outros 21 munic\u00edpios tamb\u00e9m devem receber retroescavadeiras, totalizando 40 prefeituras beneficiadas.\" \/>\n<meta property=\"og:url\" content=\"https:\/\/vanderloubet.com.br\/deputado\/mda-entrega-maquinas-viabilizadas-pela-bancada-do-pt-a-19-municipios\/\" \/>\n<meta property=\"og:site_name\" content=\"Deputado Federal Vander Loubet\" \/>\n<meta property=\"article:publisher\" content=\"https:\/\/facebook.com\/deputadovander\" \/>\n<meta property=\"article:published_time\" content=\"2012-06-12T14:52:22+00:00\" \/>\n<meta property=\"og:image\" content=\"http:\/\/www.deputadovander.com.br\/website\/wp-content\/uploads\/2012\/06\/foto-2012-06-12-restroescavadeira-pac2-mda-420x197.jpg\" \/>\n<meta name=\"author\" content=\"\u00c9der\" \/>\n<meta name=\"twitter:card\" content=\"summary_large_image\" \/>\n<meta name=\"twitter:creator\" content=\"@vanderloubet\" \/>\n<meta name=\"twitter:site\" content=\"@vanderloubet\" \/>\n<script type=\"application\/ld+json\" class=\"yoast-schema-graph\">{\"@context\":\"https:\\\/\\\/schema.org\",\"@graph\":[{\"@type\":\"Article\",\"@id\":\"https:\\\/\\\/vanderloubet.com.br\\\/deputado\\\/mda-entrega-maquinas-viabilizadas-pela-bancada-do-pt-a-19-municipios\\\/#article\",\"isPartOf\":{\"@id\":\"https:\\\/\\\/vanderloubet.com.br\\\/deputado\\\/mda-entrega-maquinas-viabilizadas-pela-bancada-do-pt-a-19-municipios\\\/\"},\"author\":{\"name\":\"\u00c9der\",\"@id\":\"https:\\\/\\\/vanderloubet.com.br\\\/deputado\\\/#\\\/schema\\\/person\\\/15b51bd564532a8a68d9dec1b8eb890e\"},\"headline\":\"MDA entrega m\u00e1quinas viabilizadas pela Bancada do PT a 19 munic\u00edpios\",\"datePublished\":\"2012-06-12T14:52:22+00:00\",\"mainEntityOfPage\":{\"@id\":\"https:\\\/\\\/vanderloubet.com.br\\\/deputado\\\/mda-entrega-maquinas-viabilizadas-pela-bancada-do-pt-a-19-municipios\\\/\"},\"wordCount\":274,\"publisher\":{\"@id\":\"https:\\\/\\\/vanderloubet.com.br\\\/deputado\\\/#organization\"},\"image\":{\"@id\":\"https:\\\/\\\/vanderloubet.com.br\\\/deputado\\\/mda-entrega-maquinas-viabilizadas-pela-bancada-do-pt-a-19-municipios\\\/#primaryimage\"},\"thumbnailUrl\":\"http:\\\/\\\/www.deputadovander.com.br\\\/website\\\/wp-content\\\/uploads\\\/2012\\\/06\\\/foto-2012-06-12-restroescavadeira-pac2-mda-420x197.jpg\",\"keywords\":[\"agricultura\",\"biffi\",\"delc\u00eddio\",\"deputado\",\"familiar\",\"federal\",\"loubet\",\"mda\",\"ministro\",\"MS\",\"pepe\",\"PT\",\"retroescavadeira\",\"senador\",\"vander\",\"vargas\"],\"articleSection\":[\"Not\u00edcias\"],\"inLanguage\":\"pt-BR\"},{\"@type\":\"WebPage\",\"@id\":\"https:\\\/\\\/vanderloubet.com.br\\\/deputado\\\/mda-entrega-maquinas-viabilizadas-pela-bancada-do-pt-a-19-municipios\\\/\",\"url\":\"https:\\\/\\\/vanderloubet.com.br\\\/deputado\\\/mda-entrega-maquinas-viabilizadas-pela-bancada-do-pt-a-19-municipios\\\/\",\"name\":\"MDA entrega m\u00e1quinas viabilizadas pela Bancada do PT a 19 munic\u00edpios\",\"isPartOf\":{\"@id\":\"https:\\\/\\\/vanderloubet.com.br\\\/deputado\\\/#website\"},\"primaryImageOfPage\":{\"@id\":\"https:\\\/\\\/vanderloubet.com.br\\\/deputado\\\/mda-entrega-maquinas-viabilizadas-pela-bancada-do-pt-a-19-municipios\\\/#primaryimage\"},\"image\":{\"@id\":\"https:\\\/\\\/vanderloubet.com.br\\\/deputado\\\/mda-entrega-maquinas-viabilizadas-pela-bancada-do-pt-a-19-municipios\\\/#primaryimage\"},\"thumbnailUrl\":\"http:\\\/\\\/www.deputadovander.com.br\\\/website\\\/wp-content\\\/uploads\\\/2012\\\/06\\\/foto-2012-06-12-restroescavadeira-pac2-mda-420x197.jpg\",\"datePublished\":\"2012-06-12T14:52:22+00:00\",\"breadcrumb\":{\"@id\":\"https:\\\/\\\/vanderloubet.com.br\\\/deputado\\\/mda-entrega-maquinas-viabilizadas-pela-bancada-do-pt-a-19-municipios\\\/#breadcrumb\"},\"inLanguage\":\"pt-BR\",\"potentialAction\":[{\"@type\":\"ReadAction\",\"target\":[\"https:\\\/\\\/vanderloubet.com.br\\\/deputado\\\/mda-entrega-maquinas-viabilizadas-pela-bancada-do-pt-a-19-municipios\\\/\"]}]},{\"@type\":\"ImageObject\",\"inLanguage\":\"pt-BR\",\"@id\":\"https:\\\/\\\/vanderloubet.com.br\\\/deputado\\\/mda-entrega-maquinas-viabilizadas-pela-bancada-do-pt-a-19-municipios\\\/#primaryimage\",\"url\":\"http:\\\/\\\/www.deputadovander.com.br\\\/website\\\/wp-content\\\/uploads\\\/2012\\\/06\\\/foto-2012-06-12-restroescavadeira-pac2-mda-420x197.jpg\",\"contentUrl\":\"http:\\\/\\\/www.deputadovander.com.br\\\/website\\\/wp-content\\\/uploads\\\/2012\\\/06\\\/foto-2012-06-12-restroescavadeira-pac2-mda-420x197.jpg\"},{\"@type\":\"BreadcrumbList\",\"@id\":\"https:\\\/\\\/vanderloubet.com.br\\\/deputado\\\/mda-entrega-maquinas-viabilizadas-pela-bancada-do-pt-a-19-municipios\\\/#breadcrumb\",\"itemListElement\":[{\"@type\":\"ListItem\",\"position\":1,\"name\":\"In\u00edcio\",\"item\":\"https:\\\/\\\/vanderloubet.com.br\\\/deputado\\\/\"},{\"@type\":\"ListItem\",\"position\":2,\"name\":\"MDA entrega m\u00e1quinas viabilizadas pela Bancada do PT a 19 munic\u00edpios\"}]},{\"@type\":\"WebSite\",\"@id\":\"https:\\\/\\\/vanderloubet.com.br\\\/deputado\\\/#website\",\"url\":\"https:\\\/\\\/vanderloubet.com.br\\\/deputado\\\/\",\"name\":\"Deputado Federal Vander Loubet\",\"description\":\"O Federal de MS\",\"publisher\":{\"@id\":\"https:\\\/\\\/vanderloubet.com.br\\\/deputado\\\/#organization\"},\"alternateName\":\"Deputado Vander\",\"potentialAction\":[{\"@type\":\"SearchAction\",\"target\":{\"@type\":\"EntryPoint\",\"urlTemplate\":\"https:\\\/\\\/vanderloubet.com.br\\\/deputado\\\/?s={search_term_string}\"},\"query-input\":{\"@type\":\"PropertyValueSpecification\",\"valueRequired\":true,\"valueName\":\"search_term_string\"}}],\"inLanguage\":\"pt-BR\"},{\"@type\":\"Organization\",\"@id\":\"https:\\\/\\\/vanderloubet.com.br\\\/deputado\\\/#organization\",\"name\":\"Deputado Federal Vander Loubet\",\"alternateName\":\"Deputado Vander\",\"url\":\"https:\\\/\\\/vanderloubet.com.br\\\/deputado\\\/\",\"logo\":{\"@type\":\"ImageObject\",\"inLanguage\":\"pt-BR\",\"@id\":\"https:\\\/\\\/vanderloubet.com.br\\\/deputado\\\/#\\\/schema\\\/logo\\\/image\\\/\",\"url\":\"https:\\\/\\\/vanderloubet.com.br\\\/deputado\\\/wp-content\\\/uploads\\\/2023\\\/06\\\/foto-2023-06-19-mandato-deputado-vander.jpg\",\"contentUrl\":\"https:\\\/\\\/vanderloubet.com.br\\\/deputado\\\/wp-content\\\/uploads\\\/2023\\\/06\\\/foto-2023-06-19-mandato-deputado-vander.jpg\",\"width\":1080,\"height\":1080,\"caption\":\"Deputado Federal Vander Loubet\"},\"image\":{\"@id\":\"https:\\\/\\\/vanderloubet.com.br\\\/deputado\\\/#\\\/schema\\\/logo\\\/image\\\/\"},\"sameAs\":[\"https:\\\/\\\/facebook.com\\\/deputadovander\",\"https:\\\/\\\/x.com\\\/vanderloubet\",\"https:\\\/\\\/instagram.com\\\/vanderloubet\",\"https:\\\/\\\/youtube.com\\\/vanderloubet\",\"https:\\\/\\\/tiktok.com\\\/@vanderloubetms\"]},{\"@type\":\"Person\",\"@id\":\"https:\\\/\\\/vanderloubet.com.br\\\/deputado\\\/#\\\/schema\\\/person\\\/15b51bd564532a8a68d9dec1b8eb890e\",\"name\":\"\u00c9der\",\"image\":{\"@type\":\"ImageObject\",\"inLanguage\":\"pt-BR\",\"@id\":\"https:\\\/\\\/vanderloubet.com.br\\\/deputado\\\/wp-content\\\/litespeed\\\/avatar\\\/88ca4090d9d5ab1c9495f6ca03b68efa.jpg?ver=1777058957\",\"url\":\"https:\\\/\\\/vanderloubet.com.br\\\/deputado\\\/wp-content\\\/litespeed\\\/avatar\\\/88ca4090d9d5ab1c9495f6ca03b68efa.jpg?ver=1777058957\",\"contentUrl\":\"https:\\\/\\\/vanderloubet.com.br\\\/deputado\\\/wp-content\\\/litespeed\\\/avatar\\\/88ca4090d9d5ab1c9495f6ca03b68efa.jpg?ver=1777058957\",\"caption\":\"\u00c9der\"}}]}<\/script>\n<!-- \/ Yoast SEO plugin. -->","yoast_head_json":{"title":"MDA entrega m\u00e1quinas viabilizadas pela Bancada do PT a 19 munic\u00edpios","robots":{"index":"index","follow":"follow","max-snippet":"max-snippet:-1","max-image-preview":"max-image-preview:large","max-video-preview":"max-video-preview:-1"},"canonical":"https:\/\/vanderloubet.com.br\/deputado\/mda-entrega-maquinas-viabilizadas-pela-bancada-do-pt-a-19-municipios\/","og_locale":"pt_BR","og_type":"article","og_title":"MDA entrega m\u00e1quinas viabilizadas pela Bancada do PT a 19 munic\u00edpios","og_description":"Outros 21 munic\u00edpios tamb\u00e9m devem receber retroescavadeiras, totalizando 40 prefeituras beneficiadas.","og_url":"https:\/\/vanderloubet.com.br\/deputado\/mda-entrega-maquinas-viabilizadas-pela-bancada-do-pt-a-19-municipios\/","og_site_name":"Deputado Federal Vander Loubet","article_publisher":"https:\/\/facebook.com\/deputadovander","article_published_time":"2012-06-12T14:52:22+00:00","og_image":[{"url":"http:\/\/www.deputadovander.com.br\/website\/wp-content\/uploads\/2012\/06\/foto-2012-06-12-restroescavadeira-pac2-mda-420x197.jpg","type":"","width":"","height":""}],"author":"\u00c9der","twitter_card":"summary_large_image","twitter_creator":"@vanderloubet","twitter_site":"@vanderloubet","schema":{"@context":"https:\/\/schema.org","@graph":[{"@type":"Article","@id":"https:\/\/vanderloubet.com.br\/deputado\/mda-entrega-maquinas-viabilizadas-pela-bancada-do-pt-a-19-municipios\/#article","isPartOf":{"@id":"https:\/\/vanderloubet.com.br\/deputado\/mda-entrega-maquinas-viabilizadas-pela-bancada-do-pt-a-19-municipios\/"},"author":{"name":"\u00c9der","@id":"https:\/\/vanderloubet.com.br\/deputado\/#\/schema\/person\/15b51bd564532a8a68d9dec1b8eb890e"},"headline":"MDA entrega m\u00e1quinas viabilizadas pela Bancada do PT a 19 munic\u00edpios","datePublished":"2012-06-12T14:52:22+00:00","mainEntityOfPage":{"@id":"https:\/\/vanderloubet.com.br\/deputado\/mda-entrega-maquinas-viabilizadas-pela-bancada-do-pt-a-19-municipios\/"},"wordCount":274,"publisher":{"@id":"https:\/\/vanderloubet.com.br\/deputado\/#organization"},"image":{"@id":"https:\/\/vanderloubet.com.br\/deputado\/mda-entrega-maquinas-viabilizadas-pela-bancada-do-pt-a-19-municipios\/#primaryimage"},"thumbnailUrl":"http:\/\/www.deputadovander.com.br\/website\/wp-content\/uploads\/2012\/06\/foto-2012-06-12-restroescavadeira-pac2-mda-420x197.jpg","keywords":["agricultura","biffi","delc\u00eddio","deputado","familiar","federal","loubet","mda","ministro","MS","pepe","PT","retroescavadeira","senador","vander","vargas"],"articleSection":["Not\u00edcias"],"inLanguage":"pt-BR"},{"@type":"WebPage","@id":"https:\/\/vanderloubet.com.br\/deputado\/mda-entrega-maquinas-viabilizadas-pela-bancada-do-pt-a-19-municipios\/","url":"https:\/\/vanderloubet.com.br\/deputado\/mda-entrega-maquinas-viabilizadas-pela-bancada-do-pt-a-19-municipios\/","name":"MDA entrega m\u00e1quinas viabilizadas pela Bancada do PT a 19 munic\u00edpios","isPartOf":{"@id":"https:\/\/vanderloubet.com.br\/deputado\/#website"},"primaryImageOfPage":{"@id":"https:\/\/vanderloubet.com.br\/deputado\/mda-entrega-maquinas-viabilizadas-pela-bancada-do-pt-a-19-municipios\/#primaryimage"},"image":{"@id":"https:\/\/vanderloubet.com.br\/deputado\/mda-entrega-maquinas-viabilizadas-pela-bancada-do-pt-a-19-municipios\/#primaryimage"},"thumbnailUrl":"http:\/\/www.deputadovander.com.br\/website\/wp-content\/uploads\/2012\/06\/foto-2012-06-12-restroescavadeira-pac2-mda-420x197.jpg","datePublished":"2012-06-12T14:52:22+00:00","breadcrumb":{"@id":"https:\/\/vanderloubet.com.br\/deputado\/mda-entrega-maquinas-viabilizadas-pela-bancada-do-pt-a-19-municipios\/#breadcrumb"},"inLanguage":"pt-BR","potentialAction":[{"@type":"ReadAction","target":["https:\/\/vanderloubet.com.br\/deputado\/mda-entrega-maquinas-viabilizadas-pela-bancada-do-pt-a-19-municipios\/"]}]},{"@type":"ImageObject","inLanguage":"pt-BR","@id":"https:\/\/vanderloubet.com.br\/deputado\/mda-entrega-maquinas-viabilizadas-pela-bancada-do-pt-a-19-municipios\/#primaryimage","url":"http:\/\/www.deputadovander.com.br\/website\/wp-content\/uploads\/2012\/06\/foto-2012-06-12-restroescavadeira-pac2-mda-420x197.jpg","contentUrl":"http:\/\/www.deputadovander.com.br\/website\/wp-content\/uploads\/2012\/06\/foto-2012-06-12-restroescavadeira-pac2-mda-420x197.jpg"},{"@type":"BreadcrumbList","@id":"https:\/\/vanderloubet.com.br\/deputado\/mda-entrega-maquinas-viabilizadas-pela-bancada-do-pt-a-19-municipios\/#breadcrumb","itemListElement":[{"@type":"ListItem","position":1,"name":"In\u00edcio","item":"https:\/\/vanderloubet.com.br\/deputado\/"},{"@type":"ListItem","position":2,"name":"MDA entrega m\u00e1quinas viabilizadas pela Bancada do PT a 19 munic\u00edpios"}]},{"@type":"WebSite","@id":"https:\/\/vanderloubet.com.br\/deputado\/#website","url":"https:\/\/vanderloubet.com.br\/deputado\/","name":"Deputado Federal Vander Loubet","description":"O Federal de MS","publisher":{"@id":"https:\/\/vanderloubet.com.br\/deputado\/#organization"},"alternateName":"Deputado Vander","potentialAction":[{"@type":"SearchAction","target":{"@type":"EntryPoint","urlTemplate":"https:\/\/vanderloubet.com.br\/deputado\/?s={search_term_string}"},"query-input":{"@type":"PropertyValueSpecification","valueRequired":true,"valueName":"search_term_string"}}],"inLanguage":"pt-BR"},{"@type":"Organization","@id":"https:\/\/vanderloubet.com.br\/deputado\/#organization","name":"Deputado Federal Vander Loubet","alternateName":"Deputado Vander","url":"https:\/\/vanderloubet.com.br\/deputado\/","logo":{"@type":"ImageObject","inLanguage":"pt-BR","@id":"https:\/\/vanderloubet.com.br\/deputado\/#\/schema\/logo\/image\/","url":"https:\/\/vanderloubet.com.br\/deputado\/wp-content\/uploads\/2023\/06\/foto-2023-06-19-mandato-deputado-vander.jpg","contentUrl":"https:\/\/vanderloubet.com.br\/deputado\/wp-content\/uploads\/2023\/06\/foto-2023-06-19-mandato-deputado-vander.jpg","width":1080,"height":1080,"caption":"Deputado Federal Vander Loubet"},"image":{"@id":"https:\/\/vanderloubet.com.br\/deputado\/#\/schema\/logo\/image\/"},"sameAs":["https:\/\/facebook.com\/deputadovander","https:\/\/x.com\/vanderloubet","https:\/\/instagram.com\/vanderloubet","https:\/\/youtube.com\/vanderloubet","https:\/\/tiktok.com\/@vanderloubetms"]},{"@type":"Person","@id":"https:\/\/vanderloubet.com.br\/deputado\/#\/schema\/person\/15b51bd564532a8a68d9dec1b8eb890e","name":"\u00c9der","image":{"@type":"ImageObject","inLanguage":"pt-BR","@id":"https:\/\/vanderloubet.com.br\/deputado\/wp-content\/litespeed\/avatar\/88ca4090d9d5ab1c9495f6ca03b68efa.jpg?ver=1777058957","url":"https:\/\/vanderloubet.com.br\/deputado\/wp-content\/litespeed\/avatar\/88ca4090d9d5ab1c9495f6ca03b68efa.jpg?ver=1777058957","contentUrl":"https:\/\/vanderloubet.com.br\/deputado\/wp-content\/litespeed\/avatar\/88ca4090d9d5ab1c9495f6ca03b68efa.jpg?ver=1777058957","caption":"\u00c9der"}}]}},"jetpack_featured_media_url":"","jetpack_sharing_enabled":true,"_links":{"self":[{"href":"https:\/\/vanderloubet.com.br\/deputado\/wp-json\/wp\/v2\/posts\/5512","targetHints":{"allow":["GET"]}}],"collection":[{"href":"https:\/\/vanderloubet.com.br\/deputado\/wp-json\/wp\/v2\/posts"}],"about":[{"href":"https:\/\/vanderloubet.com.br\/deputado\/wp-json\/wp\/v2\/types\/post"}],"author":[{"embeddable":true,"href":"https:\/\/vanderloubet.com.br\/deputado\/wp-json\/wp\/v2\/users\/2"}],"replies":[{"embeddable":true,"href":"https:\/\/vanderloubet.com.br\/deputado\/wp-json\/wp\/v2\/comments?post=5512"}],"version-history":[{"count":0,"href":"https:\/\/vanderloubet.com.br\/deputado\/wp-json\/wp\/v2\/posts\/5512\/revisions"}],"wp:attachment":[{"href":"https:\/\/vanderloubet.com.br\/deputado\/wp-json\/wp\/v2\/media?parent=5512"}],"wp:term":[{"taxonomy":"category","embeddable":true,"href":"https:\/\/vanderloubet.com.br\/deputado\/wp-json\/wp\/v2\/categories?post=5512"},{"taxonomy":"post_tag","embeddable":true,"href":"https:\/\/vanderloubet.com.br\/deputado\/wp-json\/wp\/v2\/tags?post=5512"}],"curies":[{"name":"wp","href":"https:\/\/api.w.org\/{rel}","templated":true}]}}