{"id":5366,"date":"2012-05-14T11:42:02","date_gmt":"2012-05-14T15:42:02","guid":{"rendered":"http:\/\/www.deputadovander.com.br\/website\/?p=5366"},"modified":"2015-06-02T17:46:31","modified_gmt":"2015-06-02T20:46:31","slug":"o-oligopsonio-da-industria-frigorifica-brasileira","status":"publish","type":"post","link":"https:\/\/vanderloubet.com.br\/deputado\/o-oligopsonio-da-industria-frigorifica-brasileira\/","title":{"rendered":"O oligops\u00f4nio da ind\u00fastria frigor\u00edfica brasileira"},"content":{"rendered":"<figure id=\"attachment_9800\" aria-describedby=\"caption-attachment-9800\" style=\"width: 700px\" class=\"wp-caption alignnone\"><img decoding=\"async\" class=\"wp-image-9800 size-large\" title=\"Brasil responde por 20% da carne consumida no mundo\" src=\"http:\/\/vanderloubet.com.br\/deputado\/wp-content\/uploads\/2012\/05\/foto-2012-05-14-bovinocultura-corte-700x467.jpg\" alt=\"Brasil responde por 20% da carne consumida no mundo\" width=\"700\" height=\"467\" srcset=\"https:\/\/vanderloubet.com.br\/deputado\/wp-content\/uploads\/2012\/05\/foto-2012-05-14-bovinocultura-corte-700x467.jpg 700w, https:\/\/vanderloubet.com.br\/deputado\/wp-content\/uploads\/2012\/05\/foto-2012-05-14-bovinocultura-corte-350x233.jpg 350w, https:\/\/vanderloubet.com.br\/deputado\/wp-content\/uploads\/2012\/05\/foto-2012-05-14-bovinocultura-corte-768x512.jpg 768w, https:\/\/vanderloubet.com.br\/deputado\/wp-content\/uploads\/2012\/05\/foto-2012-05-14-bovinocultura-corte-630x420.jpg 630w, https:\/\/vanderloubet.com.br\/deputado\/wp-content\/uploads\/2012\/05\/foto-2012-05-14-bovinocultura-corte-696x464.jpg 696w, https:\/\/vanderloubet.com.br\/deputado\/wp-content\/uploads\/2012\/05\/foto-2012-05-14-bovinocultura-corte.jpg 900w\" sizes=\"(max-width: 700px) 100vw, 700px\" \/><figcaption id=\"caption-attachment-9800\" class=\"wp-caption-text\">Brasil responde por 20% da carne consumida no mundo<\/figcaption><\/figure>\n<p><em>Vander Loubet*<\/em><\/p>\n<p>No &#8220;econom\u00eas&#8221;, oligops\u00f4nio \u00e9 uma situa\u00e7\u00e3o de mercado onde h\u00e1 poucos compradores e muitos vendedores. \u00c9 um tipo de competi\u00e7\u00e3o imperfeita, assim como o oligop\u00f3lio, que \u00e9 o oposto do primeiro: poucos vendedores e muitos compradores. Os oligopsonistas tem poder de mercado e influenciam os pre\u00e7os de um determinado bem, variando apenas a quantidade comprada.<\/p>\n<p>Na \u00faltima d\u00e9cada, a bovinocultura de corte do Brasil passou por grandes transforma\u00e7\u00f5es que nos colocaram como o maior produtor mundial de carnes, respons\u00e1vel por 20% da carne consumida. Entre 2001 e 2010, nossas exporta\u00e7\u00f5es aumentaram 130%. E estimativas do Minist\u00e9rio da Agricultura apontam que, em 2020, a produ\u00e7\u00e3o brasileira de carnes suprir\u00e1 cerca de 44% do mercado mundial.<\/p>\n<p>Essa verdadeira &#8220;revolu\u00e7\u00e3o&#8221; da cadeia da carne ocorreu inicialmente a partir da intensa moderniza\u00e7\u00e3o tecnol\u00f3gica e da melhoria sanit\u00e1ria, o que permitiu que o Brasil se tornasse o principal ofertador de carne do mundo, carne de qualidade e competitiva. E essa transforma\u00e7\u00e3o ocorreu gra\u00e7as ao trabalho de todos os elos dessa cadeia, sobretudo produtores, frigor\u00edficos e governo.<\/p>\n<p>Em 1999, na condi\u00e7\u00e3o de secret\u00e1rio-chefe da Casa Civil de Mato Grosso do Sul, uma das a\u00e7\u00f5es mais importantes do governo de Zeca do PT foi solicitar junto \u00e0 UFMS a mais ampla an\u00e1lise da cadeia produtiva da carne bovina o estado, estudo que muito nos auxiliou nas tomadas de decis\u00f5es governamentais. Nesse per\u00edodo, tamb\u00e9m foram criadas as C\u00e2maras Setoriais, com o objetivo de mediar e regular a rela\u00e7\u00e3o entre os diversos elos das cadeias produtivas do estado. Durante bastante tempo, essas C\u00e2maras cumpriram papel fundamental na busca pelo equil\u00edbrio dos ganhos nos mais variados setores produtivos de Mato Grosso do Sul. Infelizmente, hoje, cumprem apenas um papel figurativo.<\/p>\n<p>Na \u00e9poca do estudo, o ator mais forte, em termos de apropria\u00e7\u00e3o das rendas da cadeia, eram as grandes redes de supermercados varejistas. Contudo, ao longo dos \u00faltimos anos, a ind\u00fastria frigor\u00edfica nacional se consolidou, ocupou os mercados mundiais e transformou-se em empresas globais com grande competitividade. E a concentra\u00e7\u00e3o empresarial dos frigor\u00edficos colocou os produtores de bovinos numa fragilidade de mercado ineg\u00e1vel, fragilidade n\u00e3o pela desimport\u00e2ncia produtiva, mas por existirem muitos ofertantes e poucos compradores. Por\u00e9m, apontar os frigor\u00edficos como vil\u00f5es desse processo n\u00e3o me parece o mais acertado, j\u00e1 que o fen\u00f4meno vai al\u00e9m da vontade dos mesmos e se apresenta como uma tend\u00eancia da economia global.<\/p>\n<p>Todavia, o movimento dos produtores e da Acrissul \u00e9 absolutamente necess\u00e1rio, pois coloca em debate a quest\u00e3o central da apropria\u00e7\u00e3o das rendas da cadeia de forma justa e igualit\u00e1ria como um objetivo a ser alcan\u00e7ado. E para isso, proponho que as entidades envolvidas nesse debate busquem viabilizar um estudo aprofundado das rela\u00e7\u00f5es entre os elos da cadeia produtiva da carne &#8211; assim como fizemos em 1999 &#8211; visando solu\u00e7\u00f5es definitivas para essa quest\u00e3o, embasadas e sustentadas nas atuais tend\u00eancias do mercado global, competitivo e desafiador.<\/p>\n<p><em>*Deputado Federal (PT-MS)<\/em><\/p>\n","protected":false},"excerpt":{"rendered":"<p>Artigo do deputado Vander sobre a rela\u00e7\u00e3o entre produtores rurais e frigor\u00edficos, foco de debates no setor produtivo estadual e nacional.<\/p>\n","protected":false},"author":2,"featured_media":9800,"comment_status":"closed","ping_status":"open","sticky":false,"template":"","format":"standard","meta":{"jetpack_post_was_ever_published":false,"_jetpack_newsletter_access":"","_jetpack_dont_email_post_to_subs":false,"_jetpack_newsletter_tier_id":0,"_jetpack_memberships_contains_paywalled_content":false,"_jetpack_memberships_contains_paid_content":false,"footnotes":""},"categories":[11],"tags":[75,2338,1419],"class_list":{"0":"post-5366","1":"post","2":"type-post","3":"status-publish","4":"format-standard","5":"has-post-thumbnail","7":"category-opinioes","8":"tag-agropecuaria","9":"tag-carne-bovina","10":"tag-oligopsonio"},"yoast_head":"<!-- This site is optimized with the Yoast SEO plugin v27.4 - https:\/\/yoast.com\/product\/yoast-seo-wordpress\/ -->\n<title>O oligops\u00f4nio da ind\u00fastria frigor\u00edfica brasileira<\/title>\n<meta name=\"robots\" content=\"index, follow, max-snippet:-1, max-image-preview:large, max-video-preview:-1\" \/>\n<link rel=\"canonical\" href=\"https:\/\/vanderloubet.com.br\/deputado\/o-oligopsonio-da-industria-frigorifica-brasileira\/\" \/>\n<meta property=\"og:locale\" content=\"pt_BR\" \/>\n<meta property=\"og:type\" content=\"article\" \/>\n<meta property=\"og:title\" content=\"O oligops\u00f4nio da ind\u00fastria frigor\u00edfica brasileira\" \/>\n<meta property=\"og:description\" content=\"Artigo do deputado Vander sobre a rela\u00e7\u00e3o entre produtores rurais e frigor\u00edficos, foco de debates no setor produtivo estadual e nacional.\" \/>\n<meta property=\"og:url\" content=\"https:\/\/vanderloubet.com.br\/deputado\/o-oligopsonio-da-industria-frigorifica-brasileira\/\" \/>\n<meta property=\"og:site_name\" content=\"Deputado Federal Vander Loubet\" \/>\n<meta property=\"article:publisher\" content=\"https:\/\/facebook.com\/deputadovander\" \/>\n<meta property=\"article:published_time\" content=\"2012-05-14T15:42:02+00:00\" \/>\n<meta property=\"article:modified_time\" content=\"2015-06-02T20:46:31+00:00\" \/>\n<meta property=\"og:image\" content=\"https:\/\/vanderloubet.com.br\/deputado\/wp-content\/uploads\/2012\/05\/foto-2012-05-14-bovinocultura-corte.jpg\" \/>\n\t<meta property=\"og:image:width\" content=\"900\" \/>\n\t<meta property=\"og:image:height\" content=\"600\" \/>\n\t<meta property=\"og:image:type\" content=\"image\/jpeg\" \/>\n<meta name=\"author\" content=\"\u00c9der\" \/>\n<meta name=\"twitter:card\" content=\"summary_large_image\" \/>\n<meta name=\"twitter:creator\" content=\"@vanderloubet\" \/>\n<meta name=\"twitter:site\" content=\"@vanderloubet\" \/>\n<script type=\"application\/ld+json\" class=\"yoast-schema-graph\">{\"@context\":\"https:\\\/\\\/schema.org\",\"@graph\":[{\"@type\":\"Article\",\"@id\":\"https:\\\/\\\/vanderloubet.com.br\\\/deputado\\\/o-oligopsonio-da-industria-frigorifica-brasileira\\\/#article\",\"isPartOf\":{\"@id\":\"https:\\\/\\\/vanderloubet.com.br\\\/deputado\\\/o-oligopsonio-da-industria-frigorifica-brasileira\\\/\"},\"author\":{\"name\":\"\u00c9der\",\"@id\":\"https:\\\/\\\/vanderloubet.com.br\\\/deputado\\\/#\\\/schema\\\/person\\\/15b51bd564532a8a68d9dec1b8eb890e\"},\"headline\":\"O oligops\u00f4nio da ind\u00fastria frigor\u00edfica brasileira\",\"datePublished\":\"2012-05-14T15:42:02+00:00\",\"dateModified\":\"2015-06-02T20:46:31+00:00\",\"mainEntityOfPage\":{\"@id\":\"https:\\\/\\\/vanderloubet.com.br\\\/deputado\\\/o-oligopsonio-da-industria-frigorifica-brasileira\\\/\"},\"wordCount\":544,\"publisher\":{\"@id\":\"https:\\\/\\\/vanderloubet.com.br\\\/deputado\\\/#organization\"},\"image\":{\"@id\":\"https:\\\/\\\/vanderloubet.com.br\\\/deputado\\\/o-oligopsonio-da-industria-frigorifica-brasileira\\\/#primaryimage\"},\"thumbnailUrl\":\"https:\\\/\\\/vanderloubet.com.br\\\/deputado\\\/wp-content\\\/uploads\\\/2012\\\/05\\\/foto-2012-05-14-bovinocultura-corte.jpg\",\"keywords\":[\"agropecu\u00e1ria\",\"carne bovina\",\"oligops\u00f4nio\"],\"articleSection\":[\"Opini\u00e3o\"],\"inLanguage\":\"pt-BR\"},{\"@type\":\"WebPage\",\"@id\":\"https:\\\/\\\/vanderloubet.com.br\\\/deputado\\\/o-oligopsonio-da-industria-frigorifica-brasileira\\\/\",\"url\":\"https:\\\/\\\/vanderloubet.com.br\\\/deputado\\\/o-oligopsonio-da-industria-frigorifica-brasileira\\\/\",\"name\":\"O oligops\u00f4nio da ind\u00fastria frigor\u00edfica brasileira\",\"isPartOf\":{\"@id\":\"https:\\\/\\\/vanderloubet.com.br\\\/deputado\\\/#website\"},\"primaryImageOfPage\":{\"@id\":\"https:\\\/\\\/vanderloubet.com.br\\\/deputado\\\/o-oligopsonio-da-industria-frigorifica-brasileira\\\/#primaryimage\"},\"image\":{\"@id\":\"https:\\\/\\\/vanderloubet.com.br\\\/deputado\\\/o-oligopsonio-da-industria-frigorifica-brasileira\\\/#primaryimage\"},\"thumbnailUrl\":\"https:\\\/\\\/vanderloubet.com.br\\\/deputado\\\/wp-content\\\/uploads\\\/2012\\\/05\\\/foto-2012-05-14-bovinocultura-corte.jpg\",\"datePublished\":\"2012-05-14T15:42:02+00:00\",\"dateModified\":\"2015-06-02T20:46:31+00:00\",\"breadcrumb\":{\"@id\":\"https:\\\/\\\/vanderloubet.com.br\\\/deputado\\\/o-oligopsonio-da-industria-frigorifica-brasileira\\\/#breadcrumb\"},\"inLanguage\":\"pt-BR\",\"potentialAction\":[{\"@type\":\"ReadAction\",\"target\":[\"https:\\\/\\\/vanderloubet.com.br\\\/deputado\\\/o-oligopsonio-da-industria-frigorifica-brasileira\\\/\"]}]},{\"@type\":\"ImageObject\",\"inLanguage\":\"pt-BR\",\"@id\":\"https:\\\/\\\/vanderloubet.com.br\\\/deputado\\\/o-oligopsonio-da-industria-frigorifica-brasileira\\\/#primaryimage\",\"url\":\"https:\\\/\\\/vanderloubet.com.br\\\/deputado\\\/wp-content\\\/uploads\\\/2012\\\/05\\\/foto-2012-05-14-bovinocultura-corte.jpg\",\"contentUrl\":\"https:\\\/\\\/vanderloubet.com.br\\\/deputado\\\/wp-content\\\/uploads\\\/2012\\\/05\\\/foto-2012-05-14-bovinocultura-corte.jpg\",\"width\":900,\"height\":600,\"caption\":\"Brasil responde por 20% da carne consumida no mundo\"},{\"@type\":\"BreadcrumbList\",\"@id\":\"https:\\\/\\\/vanderloubet.com.br\\\/deputado\\\/o-oligopsonio-da-industria-frigorifica-brasileira\\\/#breadcrumb\",\"itemListElement\":[{\"@type\":\"ListItem\",\"position\":1,\"name\":\"In\u00edcio\",\"item\":\"https:\\\/\\\/vanderloubet.com.br\\\/deputado\\\/\"},{\"@type\":\"ListItem\",\"position\":2,\"name\":\"O oligops\u00f4nio da ind\u00fastria frigor\u00edfica brasileira\"}]},{\"@type\":\"WebSite\",\"@id\":\"https:\\\/\\\/vanderloubet.com.br\\\/deputado\\\/#website\",\"url\":\"https:\\\/\\\/vanderloubet.com.br\\\/deputado\\\/\",\"name\":\"Deputado Federal Vander Loubet\",\"description\":\"O Federal de MS\",\"publisher\":{\"@id\":\"https:\\\/\\\/vanderloubet.com.br\\\/deputado\\\/#organization\"},\"alternateName\":\"Deputado Vander\",\"potentialAction\":[{\"@type\":\"SearchAction\",\"target\":{\"@type\":\"EntryPoint\",\"urlTemplate\":\"https:\\\/\\\/vanderloubet.com.br\\\/deputado\\\/?s={search_term_string}\"},\"query-input\":{\"@type\":\"PropertyValueSpecification\",\"valueRequired\":true,\"valueName\":\"search_term_string\"}}],\"inLanguage\":\"pt-BR\"},{\"@type\":\"Organization\",\"@id\":\"https:\\\/\\\/vanderloubet.com.br\\\/deputado\\\/#organization\",\"name\":\"Deputado Federal Vander Loubet\",\"alternateName\":\"Deputado Vander\",\"url\":\"https:\\\/\\\/vanderloubet.com.br\\\/deputado\\\/\",\"logo\":{\"@type\":\"ImageObject\",\"inLanguage\":\"pt-BR\",\"@id\":\"https:\\\/\\\/vanderloubet.com.br\\\/deputado\\\/#\\\/schema\\\/logo\\\/image\\\/\",\"url\":\"https:\\\/\\\/vanderloubet.com.br\\\/deputado\\\/wp-content\\\/uploads\\\/2023\\\/06\\\/foto-2023-06-19-mandato-deputado-vander.jpg\",\"contentUrl\":\"https:\\\/\\\/vanderloubet.com.br\\\/deputado\\\/wp-content\\\/uploads\\\/2023\\\/06\\\/foto-2023-06-19-mandato-deputado-vander.jpg\",\"width\":1080,\"height\":1080,\"caption\":\"Deputado Federal Vander Loubet\"},\"image\":{\"@id\":\"https:\\\/\\\/vanderloubet.com.br\\\/deputado\\\/#\\\/schema\\\/logo\\\/image\\\/\"},\"sameAs\":[\"https:\\\/\\\/facebook.com\\\/deputadovander\",\"https:\\\/\\\/x.com\\\/vanderloubet\",\"https:\\\/\\\/instagram.com\\\/vanderloubet\",\"https:\\\/\\\/youtube.com\\\/vanderloubet\",\"https:\\\/\\\/tiktok.com\\\/@vanderloubetms\"]},{\"@type\":\"Person\",\"@id\":\"https:\\\/\\\/vanderloubet.com.br\\\/deputado\\\/#\\\/schema\\\/person\\\/15b51bd564532a8a68d9dec1b8eb890e\",\"name\":\"\u00c9der\",\"image\":{\"@type\":\"ImageObject\",\"inLanguage\":\"pt-BR\",\"@id\":\"https:\\\/\\\/vanderloubet.com.br\\\/deputado\\\/wp-content\\\/litespeed\\\/avatar\\\/88ca4090d9d5ab1c9495f6ca03b68efa.jpg?ver=1777058957\",\"url\":\"https:\\\/\\\/vanderloubet.com.br\\\/deputado\\\/wp-content\\\/litespeed\\\/avatar\\\/88ca4090d9d5ab1c9495f6ca03b68efa.jpg?ver=1777058957\",\"contentUrl\":\"https:\\\/\\\/vanderloubet.com.br\\\/deputado\\\/wp-content\\\/litespeed\\\/avatar\\\/88ca4090d9d5ab1c9495f6ca03b68efa.jpg?ver=1777058957\",\"caption\":\"\u00c9der\"}}]}<\/script>\n<!-- \/ Yoast SEO plugin. -->","yoast_head_json":{"title":"O oligops\u00f4nio da ind\u00fastria frigor\u00edfica brasileira","robots":{"index":"index","follow":"follow","max-snippet":"max-snippet:-1","max-image-preview":"max-image-preview:large","max-video-preview":"max-video-preview:-1"},"canonical":"https:\/\/vanderloubet.com.br\/deputado\/o-oligopsonio-da-industria-frigorifica-brasileira\/","og_locale":"pt_BR","og_type":"article","og_title":"O oligops\u00f4nio da ind\u00fastria frigor\u00edfica brasileira","og_description":"Artigo do deputado Vander sobre a rela\u00e7\u00e3o entre produtores rurais e frigor\u00edficos, foco de debates no setor produtivo estadual e nacional.","og_url":"https:\/\/vanderloubet.com.br\/deputado\/o-oligopsonio-da-industria-frigorifica-brasileira\/","og_site_name":"Deputado Federal Vander Loubet","article_publisher":"https:\/\/facebook.com\/deputadovander","article_published_time":"2012-05-14T15:42:02+00:00","article_modified_time":"2015-06-02T20:46:31+00:00","og_image":[{"width":900,"height":600,"url":"https:\/\/vanderloubet.com.br\/deputado\/wp-content\/uploads\/2012\/05\/foto-2012-05-14-bovinocultura-corte.jpg","type":"image\/jpeg"}],"author":"\u00c9der","twitter_card":"summary_large_image","twitter_creator":"@vanderloubet","twitter_site":"@vanderloubet","schema":{"@context":"https:\/\/schema.org","@graph":[{"@type":"Article","@id":"https:\/\/vanderloubet.com.br\/deputado\/o-oligopsonio-da-industria-frigorifica-brasileira\/#article","isPartOf":{"@id":"https:\/\/vanderloubet.com.br\/deputado\/o-oligopsonio-da-industria-frigorifica-brasileira\/"},"author":{"name":"\u00c9der","@id":"https:\/\/vanderloubet.com.br\/deputado\/#\/schema\/person\/15b51bd564532a8a68d9dec1b8eb890e"},"headline":"O oligops\u00f4nio da ind\u00fastria frigor\u00edfica brasileira","datePublished":"2012-05-14T15:42:02+00:00","dateModified":"2015-06-02T20:46:31+00:00","mainEntityOfPage":{"@id":"https:\/\/vanderloubet.com.br\/deputado\/o-oligopsonio-da-industria-frigorifica-brasileira\/"},"wordCount":544,"publisher":{"@id":"https:\/\/vanderloubet.com.br\/deputado\/#organization"},"image":{"@id":"https:\/\/vanderloubet.com.br\/deputado\/o-oligopsonio-da-industria-frigorifica-brasileira\/#primaryimage"},"thumbnailUrl":"https:\/\/vanderloubet.com.br\/deputado\/wp-content\/uploads\/2012\/05\/foto-2012-05-14-bovinocultura-corte.jpg","keywords":["agropecu\u00e1ria","carne bovina","oligops\u00f4nio"],"articleSection":["Opini\u00e3o"],"inLanguage":"pt-BR"},{"@type":"WebPage","@id":"https:\/\/vanderloubet.com.br\/deputado\/o-oligopsonio-da-industria-frigorifica-brasileira\/","url":"https:\/\/vanderloubet.com.br\/deputado\/o-oligopsonio-da-industria-frigorifica-brasileira\/","name":"O oligops\u00f4nio da ind\u00fastria frigor\u00edfica brasileira","isPartOf":{"@id":"https:\/\/vanderloubet.com.br\/deputado\/#website"},"primaryImageOfPage":{"@id":"https:\/\/vanderloubet.com.br\/deputado\/o-oligopsonio-da-industria-frigorifica-brasileira\/#primaryimage"},"image":{"@id":"https:\/\/vanderloubet.com.br\/deputado\/o-oligopsonio-da-industria-frigorifica-brasileira\/#primaryimage"},"thumbnailUrl":"https:\/\/vanderloubet.com.br\/deputado\/wp-content\/uploads\/2012\/05\/foto-2012-05-14-bovinocultura-corte.jpg","datePublished":"2012-05-14T15:42:02+00:00","dateModified":"2015-06-02T20:46:31+00:00","breadcrumb":{"@id":"https:\/\/vanderloubet.com.br\/deputado\/o-oligopsonio-da-industria-frigorifica-brasileira\/#breadcrumb"},"inLanguage":"pt-BR","potentialAction":[{"@type":"ReadAction","target":["https:\/\/vanderloubet.com.br\/deputado\/o-oligopsonio-da-industria-frigorifica-brasileira\/"]}]},{"@type":"ImageObject","inLanguage":"pt-BR","@id":"https:\/\/vanderloubet.com.br\/deputado\/o-oligopsonio-da-industria-frigorifica-brasileira\/#primaryimage","url":"https:\/\/vanderloubet.com.br\/deputado\/wp-content\/uploads\/2012\/05\/foto-2012-05-14-bovinocultura-corte.jpg","contentUrl":"https:\/\/vanderloubet.com.br\/deputado\/wp-content\/uploads\/2012\/05\/foto-2012-05-14-bovinocultura-corte.jpg","width":900,"height":600,"caption":"Brasil responde por 20% da carne consumida no mundo"},{"@type":"BreadcrumbList","@id":"https:\/\/vanderloubet.com.br\/deputado\/o-oligopsonio-da-industria-frigorifica-brasileira\/#breadcrumb","itemListElement":[{"@type":"ListItem","position":1,"name":"In\u00edcio","item":"https:\/\/vanderloubet.com.br\/deputado\/"},{"@type":"ListItem","position":2,"name":"O oligops\u00f4nio da ind\u00fastria frigor\u00edfica brasileira"}]},{"@type":"WebSite","@id":"https:\/\/vanderloubet.com.br\/deputado\/#website","url":"https:\/\/vanderloubet.com.br\/deputado\/","name":"Deputado Federal Vander Loubet","description":"O Federal de MS","publisher":{"@id":"https:\/\/vanderloubet.com.br\/deputado\/#organization"},"alternateName":"Deputado Vander","potentialAction":[{"@type":"SearchAction","target":{"@type":"EntryPoint","urlTemplate":"https:\/\/vanderloubet.com.br\/deputado\/?s={search_term_string}"},"query-input":{"@type":"PropertyValueSpecification","valueRequired":true,"valueName":"search_term_string"}}],"inLanguage":"pt-BR"},{"@type":"Organization","@id":"https:\/\/vanderloubet.com.br\/deputado\/#organization","name":"Deputado Federal Vander Loubet","alternateName":"Deputado Vander","url":"https:\/\/vanderloubet.com.br\/deputado\/","logo":{"@type":"ImageObject","inLanguage":"pt-BR","@id":"https:\/\/vanderloubet.com.br\/deputado\/#\/schema\/logo\/image\/","url":"https:\/\/vanderloubet.com.br\/deputado\/wp-content\/uploads\/2023\/06\/foto-2023-06-19-mandato-deputado-vander.jpg","contentUrl":"https:\/\/vanderloubet.com.br\/deputado\/wp-content\/uploads\/2023\/06\/foto-2023-06-19-mandato-deputado-vander.jpg","width":1080,"height":1080,"caption":"Deputado Federal Vander Loubet"},"image":{"@id":"https:\/\/vanderloubet.com.br\/deputado\/#\/schema\/logo\/image\/"},"sameAs":["https:\/\/facebook.com\/deputadovander","https:\/\/x.com\/vanderloubet","https:\/\/instagram.com\/vanderloubet","https:\/\/youtube.com\/vanderloubet","https:\/\/tiktok.com\/@vanderloubetms"]},{"@type":"Person","@id":"https:\/\/vanderloubet.com.br\/deputado\/#\/schema\/person\/15b51bd564532a8a68d9dec1b8eb890e","name":"\u00c9der","image":{"@type":"ImageObject","inLanguage":"pt-BR","@id":"https:\/\/vanderloubet.com.br\/deputado\/wp-content\/litespeed\/avatar\/88ca4090d9d5ab1c9495f6ca03b68efa.jpg?ver=1777058957","url":"https:\/\/vanderloubet.com.br\/deputado\/wp-content\/litespeed\/avatar\/88ca4090d9d5ab1c9495f6ca03b68efa.jpg?ver=1777058957","contentUrl":"https:\/\/vanderloubet.com.br\/deputado\/wp-content\/litespeed\/avatar\/88ca4090d9d5ab1c9495f6ca03b68efa.jpg?ver=1777058957","caption":"\u00c9der"}}]}},"jetpack_featured_media_url":"https:\/\/vanderloubet.com.br\/deputado\/wp-content\/uploads\/2012\/05\/foto-2012-05-14-bovinocultura-corte.jpg","jetpack_sharing_enabled":true,"_links":{"self":[{"href":"https:\/\/vanderloubet.com.br\/deputado\/wp-json\/wp\/v2\/posts\/5366","targetHints":{"allow":["GET"]}}],"collection":[{"href":"https:\/\/vanderloubet.com.br\/deputado\/wp-json\/wp\/v2\/posts"}],"about":[{"href":"https:\/\/vanderloubet.com.br\/deputado\/wp-json\/wp\/v2\/types\/post"}],"author":[{"embeddable":true,"href":"https:\/\/vanderloubet.com.br\/deputado\/wp-json\/wp\/v2\/users\/2"}],"replies":[{"embeddable":true,"href":"https:\/\/vanderloubet.com.br\/deputado\/wp-json\/wp\/v2\/comments?post=5366"}],"version-history":[{"count":0,"href":"https:\/\/vanderloubet.com.br\/deputado\/wp-json\/wp\/v2\/posts\/5366\/revisions"}],"wp:featuredmedia":[{"embeddable":true,"href":"https:\/\/vanderloubet.com.br\/deputado\/wp-json\/wp\/v2\/media\/9800"}],"wp:attachment":[{"href":"https:\/\/vanderloubet.com.br\/deputado\/wp-json\/wp\/v2\/media?parent=5366"}],"wp:term":[{"taxonomy":"category","embeddable":true,"href":"https:\/\/vanderloubet.com.br\/deputado\/wp-json\/wp\/v2\/categories?post=5366"},{"taxonomy":"post_tag","embeddable":true,"href":"https:\/\/vanderloubet.com.br\/deputado\/wp-json\/wp\/v2\/tags?post=5366"}],"curies":[{"name":"wp","href":"https:\/\/api.w.org\/{rel}","templated":true}]}}